{"id":1376,"date":"2023-08-04T16:44:51","date_gmt":"2023-08-04T14:44:51","guid":{"rendered":"https:\/\/regbu.com\/?p=1376"},"modified":"2025-09-05T07:40:19","modified_gmt":"2025-09-05T05:40:19","slug":"vybaveni-na-plaz-od-a-az-do-z","status":"publish","type":"post","link":"https:\/\/regbu.com\/pt\/equipamento-para-o-rastejamento-de-az-para-a-z\/","title":{"rendered":"Equipamento de praia de A a Z"},"content":{"rendered":"<p>O equipamento de praia \u00e9 importante, quer v\u00e1 para a praia com amigos ou esteja \u00e0 espera de <strong><a href=\"https:\/\/regbu.com\/pt\/viajar-com-criancas-requer-preparacao\/\">viajar com uma crian\u00e7a<\/a><\/strong>. Umas f\u00e9rias junto ao mar cristalino \u00e9 um sonho para muitos de v\u00f3s, por isso n\u00e3o devem subestimar a prepara\u00e7\u00e3o precisa em nenhuma circunst\u00e2ncia. Algumas pessoas dizem: \"Trago o fato de banho e a toalha e j\u00e1 est\u00e1. Mas n\u00e3o \u00e9 bem assim.<\/p>\n\n\n\n<ul class=\"wp-block-list\">\n<li>Saco de praia<\/li>\n\n\n\n<li>Equipamento de bronzeamento<\/li>\n\n\n\n<li>Entretenimento<\/li>\n<\/ul>\n\n\n\n<p>Sim, o trampolim imagin\u00e1rio para si tornar-se-\u00e1 <strong>saco de praia<\/strong>onde pode guardar tudo o que precisa. Idealmente, escolha um saco que possa voltar a ser fechado e, mais importante, que seja lav\u00e1vel. Afinal de contas, vai ser muito manuseado na praia.<\/p>\n\n\n\n<h2 class=\"wp-block-heading\">A roupa de banho n\u00e3o \u00e9 o \u00fanico tipo de vestu\u00e1rio<\/h2>\n\n\n\n<p>O fato de banho \u00e9 um elemento obrigat\u00f3rio da roupa de praia, sem d\u00favida. Mas, para al\u00e9m dos fatos de banho, prepare outro tipo de vestu\u00e1rio de ver\u00e3o. Os cavalheiros v\u00e3o certamente escolher <em>camisa e cal\u00e7\u00f5es<\/em>. As mulheres podem usar vestidos de ver\u00e3o. Um cachecol, um toucado, uma t\u00fanica e, sem d\u00favida, roupa interior seca de reserva ser\u00e3o \u00fateis. N\u00e3o se esque\u00e7a de ir para a praia de chinelos ou de chinelos de dedo. \u00c9 mais pr\u00e1tico.<\/p>\n\n\n\n<h3 class=\"wp-block-heading\">Que equipamento devo levar para a praia?<\/h3>\n\n\n\n<p>Do vestu\u00e1rio para outros t\u00eaxteis \u00e9 apenas um pequeno passo. Temos em mente <strong>toalha e toalha de banho<\/strong>. Se n\u00e3o tiver uma espregui\u00e7adeira, n\u00e3o se esque\u00e7a de um cobertor. Oferecer-lhe-\u00e1 muito mais conforto quando estiver deitado na areia do que uma toalha maior. Pode tamb\u00e9m utilizar uma pr\u00e1tica esteira de praia para maior conforto. Dar-lhe-emos outras dicas nas perguntas e respostas seguintes.<\/p>\n\n\n\n<div class=\"schema-faq wp-block-yoast-faq-block\"><div class=\"schema-faq-section\" id=\"faq-question-1691419327222\"><strong class=\"schema-faq-question\">O que utilizar como prote\u00e7\u00e3o solar?<\/strong> <p class=\"schema-faq-answer\">Est\u00e3o dispon\u00edveis pequenas tendas de praia. Em alternativa, utilize um guarda-sol.<\/p> <\/div> <div class=\"schema-faq-section\" id=\"faq-question-1691419333926\"><strong class=\"schema-faq-question\">Que protetor solar devo escolher?<\/strong> <p class=\"schema-faq-answer\">A base de tudo \u00e9 o protetor solar e o \u00f3leo. Pense tamb\u00e9m na prote\u00e7\u00e3o dos l\u00e1bios sob a forma de b\u00e1lsamo labial. As mulheres tamb\u00e9m podem apostar na prote\u00e7\u00e3o cosm\u00e9tica do cabelo.<\/p> <\/div> <div class=\"schema-faq-section\" id=\"faq-question-1691419341752\"><strong class=\"schema-faq-question\">Existe algum cosm\u00e9tico p\u00f3s-solar?<\/strong> <p class=\"schema-faq-answer\">Sim, um creme p\u00f3s-solar com um efeito refrescante e protetor ser\u00e1 \u00fatil.<\/p> <\/div> <div class=\"schema-faq-section\" id=\"faq-question-1691419350589\"><strong class=\"schema-faq-question\">E quanto a beber na praia?<\/strong> <p class=\"schema-faq-answer\">Pense em estar ao sol durante muito tempo. Beber \u00e9 uma necessidade absoluta. Tenha sempre consigo muitos l\u00edquidos.<\/p> <\/div> <div class=\"schema-faq-section\" id=\"faq-question-1691419360567\"><strong class=\"schema-faq-question\">Que divers\u00e3o se pode ter na praia?<\/strong> <p class=\"schema-faq-answer\">Para al\u00e9m dos desportos aqu\u00e1ticos, existem op\u00e7\u00f5es mais calmas sob a forma de palavras cruzadas, jogos de cartas, leitura, audi\u00e7\u00e3o de m\u00fasica e muito mais.<\/p> <\/div> <\/div>","protected":false},"excerpt":{"rendered":"<p>O equipamento de praia \u00e9 importante quer v\u00e1 para a praia com amigos ou viaje com uma crian\u00e7a. Umas f\u00e9rias junto ao mar cristalino \u00e9 um sonho para muitos de v\u00f3s, por isso n\u00e3o devem subestimar a precis\u00e3o da vossa prepara\u00e7\u00e3o em nenhuma circunst\u00e2ncia. Algumas pessoas dizem: \"Trago o fato de banho e a toalha e j\u00e1 est\u00e1. Mas n\u00e3o \u00e9 bem assim. ... <\/p>","protected":false},"author":2,"featured_media":1377,"comment_status":"closed","ping_status":"closed","sticky":false,"template":"","format":"standard","meta":{"footnotes":""},"categories":[8],"tags":[1440,1661,1660,879,1662,1664,1418,1576,770,1659,251],"class_list":["post-1376","post","type-post","status-publish","format-standard","has-post-thumbnail","hentry","category-cestovani","tag-kratasy","tag-opalovaci-krem","tag-osuska","tag-plaz","tag-plazova-taska","tag-potreby","tag-satek","tag-triko","tag-vybaveni","tag-vybaveni-na-plaz","tag-zabava"],"yoast_head":"<!-- This site is optimized with the Yoast SEO plugin v27.5 - https:\/\/yoast.com\/product\/yoast-seo-wordpress\/ -->\n<title>Vybaven\u00ed na pl\u00e1\u017e od A a\u017e do Z - REGBU.COM<\/title>\n<meta name=\"description\" content=\"Vybaven\u00ed na pl\u00e1\u017e je z\u00e1kladem p\u0159\u00edjemn\u011b str\u00e1ven\u00e9ho dne u mo\u0159e. Nachystejte si k pr\u016fzra\u010dn\u00e9 vod\u011b v\u0161echno pot\u0159ebn\u00e9.\" \/>\n<meta name=\"robots\" content=\"index, follow, max-snippet:-1, max-image-preview:large, max-video-preview:-1\" \/>\n<link rel=\"canonical\" href=\"https:\/\/regbu.com\/pt\/equipamento-para-o-rastejamento-de-az-para-a-z\/\" \/>\n<meta property=\"og:locale\" content=\"pt_PT\" \/>\n<meta property=\"og:type\" content=\"article\" \/>\n<meta property=\"og:title\" content=\"Vybaven\u00ed na pl\u00e1\u017e od A a\u017e do Z - REGBU.COM\" \/>\n<meta property=\"og:description\" content=\"Vybaven\u00ed na pl\u00e1\u017e je z\u00e1kladem p\u0159\u00edjemn\u011b str\u00e1ven\u00e9ho dne u mo\u0159e. Nachystejte si k pr\u016fzra\u010dn\u00e9 vod\u011b v\u0161echno pot\u0159ebn\u00e9.\" \/>\n<meta property=\"og:url\" content=\"https:\/\/regbu.com\/pt\/equipamento-para-o-rastejamento-de-az-para-a-z\/\" \/>\n<meta property=\"og:site_name\" content=\"REGBU.COM\" \/>\n<meta property=\"article:published_time\" content=\"2023-08-04T14:44:51+00:00\" \/>\n<meta property=\"article:modified_time\" content=\"2025-09-05T05:40:19+00:00\" \/>\n<meta property=\"og:image\" content=\"https:\/\/regbu.com\/wp-content\/uploads\/2023\/08\/vybaveni-na-plaz-od-a-az-do-z.jpg\" \/>\n\t<meta property=\"og:image:width\" content=\"1200\" \/>\n\t<meta property=\"og:image:height\" content=\"679\" \/>\n\t<meta property=\"og:image:type\" content=\"image\/jpeg\" \/>\n<meta name=\"author\" content=\"George Martin\" \/>\n<meta name=\"twitter:card\" content=\"summary_large_image\" \/>\n<meta name=\"twitter:label1\" content=\"Escrito por\" \/>\n\t<meta name=\"twitter:data1\" content=\"George Martin\" \/>\n\t<meta name=\"twitter:label2\" content=\"Tempo estimado de leitura\" \/>\n\t<meta name=\"twitter:data2\" content=\"2 minutos\" \/>\n<script type=\"application\/ld+json\" class=\"yoast-schema-graph\">{\"@context\":\"https:\\\/\\\/schema.org\",\"@graph\":[{\"@type\":\"Article\",\"@id\":\"https:\\\/\\\/regbu.com\\\/pt\\\/equipamento-para-o-rastejamento-de-az-para-a-z\\\/#article\",\"isPartOf\":{\"@id\":\"https:\\\/\\\/regbu.com\\\/pt\\\/equipamento-para-o-rastejamento-de-az-para-a-z\\\/\"},\"author\":{\"name\":\"George Martin\",\"@id\":\"https:\\\/\\\/regbu.com\\\/en\\\/#\\\/schema\\\/person\\\/94ea9deda2629771b8a9ced002f6784e\"},\"headline\":\"Vybaven\u00ed na pl\u00e1\u017e od A a\u017e do Z\",\"datePublished\":\"2023-08-04T14:44:51+00:00\",\"dateModified\":\"2025-09-05T05:40:19+00:00\",\"mainEntityOfPage\":{\"@id\":\"https:\\\/\\\/regbu.com\\\/pt\\\/equipamento-para-o-rastejamento-de-az-para-a-z\\\/\"},\"wordCount\":477,\"image\":{\"@id\":\"https:\\\/\\\/regbu.com\\\/pt\\\/equipamento-para-o-rastejamento-de-az-para-a-z\\\/#primaryimage\"},\"thumbnailUrl\":\"https:\\\/\\\/regbu.com\\\/wp-content\\\/uploads\\\/2023\\\/08\\\/vybaveni-na-plaz-od-a-az-do-z.jpg\",\"keywords\":[\"kra\u0165asy\",\"opalovac\u00ed kr\u00e9m\",\"osu\u0161ka\",\"pl\u00e1\u017e\",\"pl\u00e1\u017eov\u00e1 ta\u0161ka\",\"pot\u0159eby\",\"\u0161\u00e1tek\",\"triko\",\"vybaven\u00ed\",\"vybaven\u00ed na pl\u00e1\u017e\",\"z\u00e1bava\"],\"articleSection\":[\"Cestov\u00e1n\u00ed\"],\"inLanguage\":\"pt-PT\"},{\"@type\":[\"WebPage\",\"FAQPage\"],\"@id\":\"https:\\\/\\\/regbu.com\\\/pt\\\/equipamento-para-o-rastejamento-de-az-para-a-z\\\/\",\"url\":\"https:\\\/\\\/regbu.com\\\/pt\\\/equipamento-para-o-rastejamento-de-az-para-a-z\\\/\",\"name\":\"Vybaven\u00ed na pl\u00e1\u017e od A a\u017e do Z - REGBU.COM\",\"isPartOf\":{\"@id\":\"https:\\\/\\\/regbu.com\\\/en\\\/#website\"},\"primaryImageOfPage\":{\"@id\":\"https:\\\/\\\/regbu.com\\\/pt\\\/equipamento-para-o-rastejamento-de-az-para-a-z\\\/#primaryimage\"},\"image\":{\"@id\":\"https:\\\/\\\/regbu.com\\\/pt\\\/equipamento-para-o-rastejamento-de-az-para-a-z\\\/#primaryimage\"},\"thumbnailUrl\":\"https:\\\/\\\/regbu.com\\\/wp-content\\\/uploads\\\/2023\\\/08\\\/vybaveni-na-plaz-od-a-az-do-z.jpg\",\"datePublished\":\"2023-08-04T14:44:51+00:00\",\"dateModified\":\"2025-09-05T05:40:19+00:00\",\"author\":{\"@id\":\"https:\\\/\\\/regbu.com\\\/en\\\/#\\\/schema\\\/person\\\/94ea9deda2629771b8a9ced002f6784e\"},\"description\":\"Vybaven\u00ed na pl\u00e1\u017e je z\u00e1kladem p\u0159\u00edjemn\u011b str\u00e1ven\u00e9ho dne u mo\u0159e. Nachystejte si k pr\u016fzra\u010dn\u00e9 vod\u011b v\u0161echno pot\u0159ebn\u00e9.\",\"breadcrumb\":{\"@id\":\"https:\\\/\\\/regbu.com\\\/pt\\\/equipamento-para-o-rastejamento-de-az-para-a-z\\\/#breadcrumb\"},\"mainEntity\":[{\"@id\":\"https:\\\/\\\/regbu.com\\\/pt\\\/equipamento-para-o-rastejamento-de-az-para-a-z\\\/#faq-question-1691419327222\"},{\"@id\":\"https:\\\/\\\/regbu.com\\\/pt\\\/equipamento-para-o-rastejamento-de-az-para-a-z\\\/#faq-question-1691419333926\"},{\"@id\":\"https:\\\/\\\/regbu.com\\\/pt\\\/equipamento-para-o-rastejamento-de-az-para-a-z\\\/#faq-question-1691419341752\"},{\"@id\":\"https:\\\/\\\/regbu.com\\\/pt\\\/equipamento-para-o-rastejamento-de-az-para-a-z\\\/#faq-question-1691419350589\"},{\"@id\":\"https:\\\/\\\/regbu.com\\\/pt\\\/equipamento-para-o-rastejamento-de-az-para-a-z\\\/#faq-question-1691419360567\"}],\"inLanguage\":\"pt-PT\",\"potentialAction\":[{\"@type\":\"ReadAction\",\"target\":[\"https:\\\/\\\/regbu.com\\\/pt\\\/equipamento-para-o-rastejamento-de-az-para-a-z\\\/\"]}]},{\"@type\":\"ImageObject\",\"inLanguage\":\"pt-PT\",\"@id\":\"https:\\\/\\\/regbu.com\\\/pt\\\/equipamento-para-o-rastejamento-de-az-para-a-z\\\/#primaryimage\",\"url\":\"https:\\\/\\\/regbu.com\\\/wp-content\\\/uploads\\\/2023\\\/08\\\/vybaveni-na-plaz-od-a-az-do-z.jpg\",\"contentUrl\":\"https:\\\/\\\/regbu.com\\\/wp-content\\\/uploads\\\/2023\\\/08\\\/vybaveni-na-plaz-od-a-az-do-z.jpg\",\"width\":1200,\"height\":679,\"caption\":\"Vybaven\u00ed na pl\u00e1\u017e od A a\u017e do Z\"},{\"@type\":\"BreadcrumbList\",\"@id\":\"https:\\\/\\\/regbu.com\\\/pt\\\/equipamento-para-o-rastejamento-de-az-para-a-z\\\/#breadcrumb\",\"itemListElement\":[{\"@type\":\"ListItem\",\"position\":1,\"name\":\"Home\",\"item\":\"https:\\\/\\\/regbu.com\\\/en\\\/\"},{\"@type\":\"ListItem\",\"position\":2,\"name\":\"Vybaven\u00ed na pl\u00e1\u017e od A a\u017e do Z\"}]},{\"@type\":\"WebSite\",\"@id\":\"https:\\\/\\\/regbu.com\\\/en\\\/#website\",\"url\":\"https:\\\/\\\/regbu.com\\\/en\\\/\",\"name\":\"REGBU.COM\",\"description\":\"\",\"potentialAction\":[{\"@type\":\"SearchAction\",\"target\":{\"@type\":\"EntryPoint\",\"urlTemplate\":\"https:\\\/\\\/regbu.com\\\/en\\\/?s={search_term_string}\"},\"query-input\":{\"@type\":\"PropertyValueSpecification\",\"valueRequired\":true,\"valueName\":\"search_term_string\"}}],\"inLanguage\":\"pt-PT\"},{\"@type\":\"Person\",\"@id\":\"https:\\\/\\\/regbu.com\\\/en\\\/#\\\/schema\\\/person\\\/94ea9deda2629771b8a9ced002f6784e\",\"name\":\"George Martin\",\"url\":\"https:\\\/\\\/regbu.com\\\/pt\\\/author\\\/george-martin\\\/\"},{\"@type\":\"Question\",\"@id\":\"https:\\\/\\\/regbu.com\\\/pt\\\/equipamento-para-o-rastejamento-de-az-para-a-z\\\/#faq-question-1691419327222\",\"position\":1,\"url\":\"https:\\\/\\\/regbu.com\\\/pt\\\/equipamento-para-o-rastejamento-de-az-para-a-z\\\/#faq-question-1691419327222\",\"name\":\"Co pou\u017e\u00edt jako ochranu p\u0159ed sluncem?\",\"answerCount\":1,\"acceptedAnswer\":{\"@type\":\"Answer\",\"text\":\"Dostupn\u00e9 jsou mal\u00e9 pl\u00e1\u017eov\u00e9 stany. Pop\u0159\u00edpad\u011b vyu\u017eijte pl\u00e1\u017eov\u00fd slune\u010dn\u00edk.\",\"inLanguage\":\"pt-PT\"},\"inLanguage\":\"pt-PT\"},{\"@type\":\"Question\",\"@id\":\"https:\\\/\\\/regbu.com\\\/pt\\\/equipamento-para-o-rastejamento-de-az-para-a-z\\\/#faq-question-1691419333926\",\"position\":2,\"url\":\"https:\\\/\\\/regbu.com\\\/pt\\\/equipamento-para-o-rastejamento-de-az-para-a-z\\\/#faq-question-1691419333926\",\"name\":\"Jakou zvolit opalovac\u00ed kosmetiku?\",\"answerCount\":1,\"acceptedAnswer\":{\"@type\":\"Answer\",\"text\":\"Z\u00e1kladem v\u0161eho je opalovac\u00ed kr\u00e9m a olej. Myslete tak\u00e9 na ochranu rt\u016f v podob\u011b balz\u00e1mu. \u017deny mohou vsadit i na kosmetickou ochranu vlas\u016f.\",\"inLanguage\":\"pt-PT\"},\"inLanguage\":\"pt-PT\"},{\"@type\":\"Question\",\"@id\":\"https:\\\/\\\/regbu.com\\\/pt\\\/equipamento-para-o-rastejamento-de-az-para-a-z\\\/#faq-question-1691419341752\",\"position\":3,\"url\":\"https:\\\/\\\/regbu.com\\\/pt\\\/equipamento-para-o-rastejamento-de-az-para-a-z\\\/#faq-question-1691419341752\",\"name\":\"Existuje n\u011bjak\u00e1 kosmetika po opalov\u00e1n\u00ed?\",\"answerCount\":1,\"acceptedAnswer\":{\"@type\":\"Answer\",\"text\":\"Ano, vhod V\u00e1m p\u0159ijde kr\u00e9m po opalov\u00e1n\u00ed s chladiv\u00fdm a ochrann\u00fdm \u00fa\u010dinkem.\",\"inLanguage\":\"pt-PT\"},\"inLanguage\":\"pt-PT\"},{\"@type\":\"Question\",\"@id\":\"https:\\\/\\\/regbu.com\\\/pt\\\/equipamento-para-o-rastejamento-de-az-para-a-z\\\/#faq-question-1691419350589\",\"position\":4,\"url\":\"https:\\\/\\\/regbu.com\\\/pt\\\/equipamento-para-o-rastejamento-de-az-para-a-z\\\/#faq-question-1691419350589\",\"name\":\"Jak je to s pitn\u00fdm re\u017eimem na pl\u00e1\u017ei?\",\"answerCount\":1,\"acceptedAnswer\":{\"@type\":\"Answer\",\"text\":\"Myslete na to, \u017ee budete dlouhou dobu na slun\u00ed\u010dku. Pitn\u00fd re\u017eim je naprostou samoz\u0159ejmost\u00ed. M\u011bjte s sebou dostatek tekutin.\",\"inLanguage\":\"pt-PT\"},\"inLanguage\":\"pt-PT\"},{\"@type\":\"Question\",\"@id\":\"https:\\\/\\\/regbu.com\\\/pt\\\/equipamento-para-o-rastejamento-de-az-para-a-z\\\/#faq-question-1691419360567\",\"position\":5,\"url\":\"https:\\\/\\\/regbu.com\\\/pt\\\/equipamento-para-o-rastejamento-de-az-para-a-z\\\/#faq-question-1691419360567\",\"name\":\"Jak\u00e9 z\u00e1bav\u011b se lze v\u011bnovat na pl\u00e1\u017ei?\",\"answerCount\":1,\"acceptedAnswer\":{\"@type\":\"Answer\",\"text\":\"Krom\u011b vodn\u00edch sport\u016f se nab\u00edz\u00ed poklidn\u011bj\u0161\u00ed varianty ve form\u011b k\u0159\u00ed\u017eovek, karetn\u00edch her, \u010detby, poslouch\u00e1n\u00ed hudby a dal\u0161\u00edch.\",\"inLanguage\":\"pt-PT\"},\"inLanguage\":\"pt-PT\"}]}<\/script>\n<!-- \/ Yoast SEO plugin. -->","yoast_head_json":{"title":"Equipamento de praia de A a Z - REGBU.COM","description":"O equipamento de praia \u00e9 a base para um dia agrad\u00e1vel \u00e0 beira-mar. Certifique-se de que tem tudo o que precisa para as \u00e1guas l\u00edmpidas.","robots":{"index":"index","follow":"follow","max-snippet":"max-snippet:-1","max-image-preview":"max-image-preview:large","max-video-preview":"max-video-preview:-1"},"canonical":"https:\/\/regbu.com\/pt\/equipamento-para-o-rastejamento-de-az-para-a-z\/","og_locale":"pt_PT","og_type":"article","og_title":"Vybaven\u00ed na pl\u00e1\u017e od A a\u017e do Z - REGBU.COM","og_description":"Vybaven\u00ed na pl\u00e1\u017e je z\u00e1kladem p\u0159\u00edjemn\u011b str\u00e1ven\u00e9ho dne u mo\u0159e. Nachystejte si k pr\u016fzra\u010dn\u00e9 vod\u011b v\u0161echno pot\u0159ebn\u00e9.","og_url":"https:\/\/regbu.com\/pt\/equipamento-para-o-rastejamento-de-az-para-a-z\/","og_site_name":"REGBU.COM","article_published_time":"2023-08-04T14:44:51+00:00","article_modified_time":"2025-09-05T05:40:19+00:00","og_image":[{"width":1200,"height":679,"url":"https:\/\/regbu.com\/wp-content\/uploads\/2023\/08\/vybaveni-na-plaz-od-a-az-do-z.jpg","type":"image\/jpeg"}],"author":"George Martin","twitter_card":"summary_large_image","twitter_misc":{"Escrito por":"George Martin","Tempo estimado de leitura":"2 minutos"},"schema":{"@context":"https:\/\/schema.org","@graph":[{"@type":"Article","@id":"https:\/\/regbu.com\/pt\/equipamento-para-o-rastejamento-de-az-para-a-z\/#article","isPartOf":{"@id":"https:\/\/regbu.com\/pt\/equipamento-para-o-rastejamento-de-az-para-a-z\/"},"author":{"name":"George Martin","@id":"https:\/\/regbu.com\/en\/#\/schema\/person\/94ea9deda2629771b8a9ced002f6784e"},"headline":"Vybaven\u00ed na pl\u00e1\u017e od A a\u017e do Z","datePublished":"2023-08-04T14:44:51+00:00","dateModified":"2025-09-05T05:40:19+00:00","mainEntityOfPage":{"@id":"https:\/\/regbu.com\/pt\/equipamento-para-o-rastejamento-de-az-para-a-z\/"},"wordCount":477,"image":{"@id":"https:\/\/regbu.com\/pt\/equipamento-para-o-rastejamento-de-az-para-a-z\/#primaryimage"},"thumbnailUrl":"https:\/\/regbu.com\/wp-content\/uploads\/2023\/08\/vybaveni-na-plaz-od-a-az-do-z.jpg","keywords":["kra\u0165asy","opalovac\u00ed kr\u00e9m","osu\u0161ka","pl\u00e1\u017e","pl\u00e1\u017eov\u00e1 ta\u0161ka","pot\u0159eby","\u0161\u00e1tek","triko","vybaven\u00ed","vybaven\u00ed na pl\u00e1\u017e","z\u00e1bava"],"articleSection":["Cestov\u00e1n\u00ed"],"inLanguage":"pt-PT"},{"@type":["WebPage","FAQPage"],"@id":"https:\/\/regbu.com\/pt\/equipamento-para-o-rastejamento-de-az-para-a-z\/","url":"https:\/\/regbu.com\/pt\/equipamento-para-o-rastejamento-de-az-para-a-z\/","name":"Equipamento de praia de A a Z - REGBU.COM","isPartOf":{"@id":"https:\/\/regbu.com\/en\/#website"},"primaryImageOfPage":{"@id":"https:\/\/regbu.com\/pt\/equipamento-para-o-rastejamento-de-az-para-a-z\/#primaryimage"},"image":{"@id":"https:\/\/regbu.com\/pt\/equipamento-para-o-rastejamento-de-az-para-a-z\/#primaryimage"},"thumbnailUrl":"https:\/\/regbu.com\/wp-content\/uploads\/2023\/08\/vybaveni-na-plaz-od-a-az-do-z.jpg","datePublished":"2023-08-04T14:44:51+00:00","dateModified":"2025-09-05T05:40:19+00:00","author":{"@id":"https:\/\/regbu.com\/en\/#\/schema\/person\/94ea9deda2629771b8a9ced002f6784e"},"description":"O equipamento de praia \u00e9 a base para um dia agrad\u00e1vel \u00e0 beira-mar. Certifique-se de que tem tudo o que precisa para as \u00e1guas l\u00edmpidas.","breadcrumb":{"@id":"https:\/\/regbu.com\/pt\/equipamento-para-o-rastejamento-de-az-para-a-z\/#breadcrumb"},"mainEntity":[{"@id":"https:\/\/regbu.com\/pt\/equipamento-para-o-rastejamento-de-az-para-a-z\/#faq-question-1691419327222"},{"@id":"https:\/\/regbu.com\/pt\/equipamento-para-o-rastejamento-de-az-para-a-z\/#faq-question-1691419333926"},{"@id":"https:\/\/regbu.com\/pt\/equipamento-para-o-rastejamento-de-az-para-a-z\/#faq-question-1691419341752"},{"@id":"https:\/\/regbu.com\/pt\/equipamento-para-o-rastejamento-de-az-para-a-z\/#faq-question-1691419350589"},{"@id":"https:\/\/regbu.com\/pt\/equipamento-para-o-rastejamento-de-az-para-a-z\/#faq-question-1691419360567"}],"inLanguage":"pt-PT","potentialAction":[{"@type":"ReadAction","target":["https:\/\/regbu.com\/pt\/equipamento-para-o-rastejamento-de-az-para-a-z\/"]}]},{"@type":"ImageObject","inLanguage":"pt-PT","@id":"https:\/\/regbu.com\/pt\/equipamento-para-o-rastejamento-de-az-para-a-z\/#primaryimage","url":"https:\/\/regbu.com\/wp-content\/uploads\/2023\/08\/vybaveni-na-plaz-od-a-az-do-z.jpg","contentUrl":"https:\/\/regbu.com\/wp-content\/uploads\/2023\/08\/vybaveni-na-plaz-od-a-az-do-z.jpg","width":1200,"height":679,"caption":"Vybaven\u00ed na pl\u00e1\u017e od A a\u017e do Z"},{"@type":"BreadcrumbList","@id":"https:\/\/regbu.com\/pt\/equipamento-para-o-rastejamento-de-az-para-a-z\/#breadcrumb","itemListElement":[{"@type":"ListItem","position":1,"name":"Home","item":"https:\/\/regbu.com\/en\/"},{"@type":"ListItem","position":2,"name":"Vybaven\u00ed na pl\u00e1\u017e od A a\u017e do Z"}]},{"@type":"WebSite","@id":"https:\/\/regbu.com\/en\/#website","url":"https:\/\/regbu.com\/en\/","name":"REGBU.COM","description":"","potentialAction":[{"@type":"SearchAction","target":{"@type":"EntryPoint","urlTemplate":"https:\/\/regbu.com\/en\/?s={search_term_string}"},"query-input":{"@type":"PropertyValueSpecification","valueRequired":true,"valueName":"search_term_string"}}],"inLanguage":"pt-PT"},{"@type":"Person","@id":"https:\/\/regbu.com\/en\/#\/schema\/person\/94ea9deda2629771b8a9ced002f6784e","name":"George Martin","url":"https:\/\/regbu.com\/pt\/author\/george-martin\/"},{"@type":"Question","@id":"https:\/\/regbu.com\/pt\/equipamento-para-o-rastejamento-de-az-para-a-z\/#faq-question-1691419327222","position":1,"url":"https:\/\/regbu.com\/pt\/equipamento-para-o-rastejamento-de-az-para-a-z\/#faq-question-1691419327222","name":"O que utilizar como prote\u00e7\u00e3o solar?","answerCount":1,"acceptedAnswer":{"@type":"Answer","text":"Dostupn\u00e9 jsou mal\u00e9 pl\u00e1\u017eov\u00e9 stany. Pop\u0159\u00edpad\u011b vyu\u017eijte pl\u00e1\u017eov\u00fd slune\u010dn\u00edk.","inLanguage":"pt-PT"},"inLanguage":"pt-PT"},{"@type":"Question","@id":"https:\/\/regbu.com\/pt\/equipamento-para-o-rastejamento-de-az-para-a-z\/#faq-question-1691419333926","position":2,"url":"https:\/\/regbu.com\/pt\/equipamento-para-o-rastejamento-de-az-para-a-z\/#faq-question-1691419333926","name":"Que protetor solar devo escolher?","answerCount":1,"acceptedAnswer":{"@type":"Answer","text":"Z\u00e1kladem v\u0161eho je opalovac\u00ed kr\u00e9m a olej. Myslete tak\u00e9 na ochranu rt\u016f v podob\u011b balz\u00e1mu. \u017deny mohou vsadit i na kosmetickou ochranu vlas\u016f.","inLanguage":"pt-PT"},"inLanguage":"pt-PT"},{"@type":"Question","@id":"https:\/\/regbu.com\/pt\/equipamento-para-o-rastejamento-de-az-para-a-z\/#faq-question-1691419341752","position":3,"url":"https:\/\/regbu.com\/pt\/equipamento-para-o-rastejamento-de-az-para-a-z\/#faq-question-1691419341752","name":"Existe algum cosm\u00e9tico p\u00f3s-solar?","answerCount":1,"acceptedAnswer":{"@type":"Answer","text":"Ano, vhod V\u00e1m p\u0159ijde kr\u00e9m po opalov\u00e1n\u00ed s chladiv\u00fdm a ochrann\u00fdm \u00fa\u010dinkem.","inLanguage":"pt-PT"},"inLanguage":"pt-PT"},{"@type":"Question","@id":"https:\/\/regbu.com\/pt\/equipamento-para-o-rastejamento-de-az-para-a-z\/#faq-question-1691419350589","position":4,"url":"https:\/\/regbu.com\/pt\/equipamento-para-o-rastejamento-de-az-para-a-z\/#faq-question-1691419350589","name":"E quanto a beber na praia?","answerCount":1,"acceptedAnswer":{"@type":"Answer","text":"Myslete na to, \u017ee budete dlouhou dobu na slun\u00ed\u010dku. Pitn\u00fd re\u017eim je naprostou samoz\u0159ejmost\u00ed. M\u011bjte s sebou dostatek tekutin.","inLanguage":"pt-PT"},"inLanguage":"pt-PT"},{"@type":"Question","@id":"https:\/\/regbu.com\/pt\/equipamento-para-o-rastejamento-de-az-para-a-z\/#faq-question-1691419360567","position":5,"url":"https:\/\/regbu.com\/pt\/equipamento-para-o-rastejamento-de-az-para-a-z\/#faq-question-1691419360567","name":"Que divers\u00e3o se pode ter na praia?","answerCount":1,"acceptedAnswer":{"@type":"Answer","text":"Krom\u011b vodn\u00edch sport\u016f se nab\u00edz\u00ed poklidn\u011bj\u0161\u00ed varianty ve form\u011b k\u0159\u00ed\u017eovek, karetn\u00edch her, \u010detby, poslouch\u00e1n\u00ed hudby a dal\u0161\u00edch.","inLanguage":"pt-PT"},"inLanguage":"pt-PT"}]}},"_links":{"self":[{"href":"https:\/\/regbu.com\/pt\/wp-json\/wp\/v2\/posts\/1376","targetHints":{"allow":["GET"]}}],"collection":[{"href":"https:\/\/regbu.com\/pt\/wp-json\/wp\/v2\/posts"}],"about":[{"href":"https:\/\/regbu.com\/pt\/wp-json\/wp\/v2\/types\/post"}],"author":[{"embeddable":true,"href":"https:\/\/regbu.com\/pt\/wp-json\/wp\/v2\/users\/2"}],"replies":[{"embeddable":true,"href":"https:\/\/regbu.com\/pt\/wp-json\/wp\/v2\/comments?post=1376"}],"version-history":[{"count":2,"href":"https:\/\/regbu.com\/pt\/wp-json\/wp\/v2\/posts\/1376\/revisions"}],"predecessor-version":[{"id":1400,"href":"https:\/\/regbu.com\/pt\/wp-json\/wp\/v2\/posts\/1376\/revisions\/1400"}],"wp:featuredmedia":[{"embeddable":true,"href":"https:\/\/regbu.com\/pt\/wp-json\/wp\/v2\/media\/1377"}],"wp:attachment":[{"href":"https:\/\/regbu.com\/pt\/wp-json\/wp\/v2\/media?parent=1376"}],"wp:term":[{"taxonomy":"category","embeddable":true,"href":"https:\/\/regbu.com\/pt\/wp-json\/wp\/v2\/categories?post=1376"},{"taxonomy":"post_tag","embeddable":true,"href":"https:\/\/regbu.com\/pt\/wp-json\/wp\/v2\/tags?post=1376"}],"curies":[{"name":"wp","href":"https:\/\/api.w.org\/{rel}","templated":true}]}}