{"id":1349,"date":"2023-07-31T14:48:14","date_gmt":"2023-07-31T12:48:14","guid":{"rendered":"https:\/\/regbu.com\/?p=1349"},"modified":"2025-09-05T07:40:26","modified_gmt":"2025-09-05T05:40:26","slug":"zimni-bunda-na-hory-musi-zahrat","status":"publish","type":"post","link":"https:\/\/regbu.com\/pt\/casaco-de-inverno-para-montanha-que-deve-voltar\/","title":{"rendered":"O casaco de inverno para a montanha deve manter-se quente"},"content":{"rendered":"<p>O casaco de inverno \u00e9 escolhido de forma um pouco diferente da <strong><a href=\"https:\/\/regbu.com\/pt\/jaqueta-de-caminhada-muse-mit-rune-likes\/\">casaco de caminhada<\/a><\/strong>. Este tipo de vestu\u00e1rio \u00e9 adequado para a \u00e9poca de inverno, pelo que deve ser essencialmente quente. O design do casaco corresponde, ent\u00e3o, \u00e0s actividades que se pretende realizar.<\/p>\n\n\n\n<ul class=\"wp-block-list\">\n<li>Turismo<\/li>\n\n\n\n<li>Esquiar<\/li>\n\n\n\n<li>Uso di\u00e1rio<\/li>\n<\/ul>\n\n\n\n<p>Se n\u00e3o conhece as op\u00e7\u00f5es dispon\u00edveis para escolher um novo casaco de inverno, deixe-nos inform\u00e1-lo. Com as informa\u00e7\u00f5es que se seguem, deixar\u00e1 de ficar confuso quando entrar numa loja com dezenas de modelos de casacos de inverno.<\/p>\n\n\n\n<h2 class=\"wp-block-heading\">\u00c9 melhor a pena ou o sint\u00e9tico?<\/h2>\n\n\n\n<p>Em primeiro lugar, vejamos a composi\u00e7\u00e3o. Um casaco de inverno pode ter <strong>enchimento diferente<\/strong>que, naturalmente, tamb\u00e9m est\u00e1 associada a caracter\u00edsticas diferentes. Um exemplo t\u00edpico s\u00e3o as penas e os materiais sint\u00e9ticos. Um material que tem muitos defensores. Se n\u00e3o est\u00e1 familiarizado com este assunto e n\u00e3o sabe qual o caminho a seguir, aqui fica uma compara\u00e7\u00e3o. A tabela revela os pr\u00f3s e os contras de ambos os materiais.<\/p>\n\n\n\n<figure class=\"wp-block-table\"><table><tbody><tr><td><strong>Penas<\/strong><\/td><td><strong>Sint\u00e9ticos<\/strong><\/td><\/tr><tr><td>Vida \u00fatil mais longa<\/td><td>F\u00e1cil de manter<\/td><\/tr><tr><td>Menor peso<\/td><td>Custa menos dinheiro<\/td><\/tr><tr><td>F\u00e1cil de embalar<\/td><td>Para condi\u00e7\u00f5es mais h\u00famidas<\/td><\/tr><tr><td>Mais suscet\u00edvel \u00e0 humidade<\/td><td>Perde o seu calor<\/td><\/tr><\/tbody><\/table><figcaption class=\"wp-element-caption\">Compara\u00e7\u00e3o dos dois materiais mais utilizados nos casacos de inverno.<\/figcaption><\/figure>\n\n\n\n<p>Se o seu objetivo \u00e9 ter um casaco f\u00e1cil de embalar e que o mantenha quente, opte pelas penas. Se pretende ficar molhado e h\u00famido durante muito tempo, opte pelos sint\u00e9ticos.<\/p>\n\n\n\n<h3 class=\"wp-block-heading\">Casaco de inverno de diferentes formas<\/h3>\n\n\n\n<p>Atualmente, existem muitos outros materiais para al\u00e9m do&nbsp;<strong>penas e sint\u00e9ticos<\/strong>. Isto \u00e9 comprovado pelo velo, que n\u00e3o \u00e9 t\u00e3o quente, mas, por outro lado, \u00e9 f\u00e1cil de embalar e mais barato. Um material \u00fanico \u00e9, por exemplo, o merinoloft, com o qual \u00e9 poss\u00edvel obter isolamento mesmo em condi\u00e7\u00f5es de humidade. No entanto, \u00e9 preciso esperar algum tempo at\u00e9 que o material seque. Um casaco de inverno que combine diferentes materiais n\u00e3o \u00e9 exce\u00e7\u00e3o, pelo que pode obter algo de todos.<\/p>\n\n\n\n<p>O material de produ\u00e7\u00e3o, ou enchimento, n\u00e3o \u00e9 o \u00fanico par\u00e2metro importante na escolha de um casaco de inverno. Tamb\u00e9m se deve pensar na utiliza\u00e7\u00e3o deste vestu\u00e1rio. Para um casaco de uso quotidiano, \u00e9 prov\u00e1vel que necessite de caracter\u00edsticas ligeiramente diferentes das de um casaco para <em>casacos de desporto<\/em>. Para uma utiliza\u00e7\u00e3o normal, pode escolher um material mais robusto, mas para um casaco de esqui preferir\u00e1 a durabilidade da superf\u00edcie. Para as caminhadas de inverno mais exigentes, a leveza e o calor s\u00e3o os factores mais importantes.<\/p>","protected":false},"excerpt":{"rendered":"<p>A escolha de um casaco de inverno \u00e9 um pouco diferente da de um casaco de caminhada. Este tipo de vestu\u00e1rio \u00e9 adequado para a \u00e9poca de inverno, pelo que deve, antes de mais, mant\u00ea-lo quente. O design do casaco corresponde ent\u00e3o \u00e0s actividades que pretende realizar. Se n\u00e3o conhece as op\u00e7\u00f5es dispon\u00edveis para escolher um novo casaco de inverno, n\u00f3s dizemos-lhe. ... <\/p>","protected":false},"author":2,"featured_media":1350,"comment_status":"closed","ping_status":"closed","sticky":false,"template":"","format":"standard","meta":{"footnotes":""},"categories":[671],"tags":[1610,1611,1630,1626,1629,1627,1628,821,1624,1625],"class_list":["post-1349","post","type-post","status-publish","format-standard","has-post-thumbnail","hentry","category-moda","tag-bunda","tag-bundy","tag-fleece","tag-lyzovani","tag-napln","tag-peri","tag-syntetika","tag-turistika","tag-zimni-bunda","tag-zimni-bundy"],"yoast_head":"<!-- This site is optimized with the Yoast SEO plugin v27.5 - https:\/\/yoast.com\/product\/yoast-seo-wordpress\/ -->\n<title>Zimn\u00ed bunda na hory mus\u00ed zah\u0159\u00e1t - REGBU.COM<\/title>\n<meta name=\"description\" content=\"Chyst\u00e1te se ven v zimn\u00edm obdob\u00ed? Pak by ve Va\u0161em \u0161atn\u00edku za \u017e\u00e1dn\u00fdch okolnost\u00ed nem\u011bla chyb\u011bt zimn\u00ed bunda. Mo\u017enosti v\u00fdb\u011bru jsou bohat\u00e9.\" \/>\n<meta name=\"robots\" content=\"index, follow, max-snippet:-1, max-image-preview:large, max-video-preview:-1\" \/>\n<link rel=\"canonical\" href=\"https:\/\/regbu.com\/pt\/casaco-de-inverno-para-montanha-que-deve-voltar\/\" \/>\n<meta property=\"og:locale\" content=\"pt_PT\" \/>\n<meta property=\"og:type\" content=\"article\" \/>\n<meta property=\"og:title\" content=\"Zimn\u00ed bunda na hory mus\u00ed zah\u0159\u00e1t - REGBU.COM\" \/>\n<meta property=\"og:description\" content=\"Chyst\u00e1te se ven v zimn\u00edm obdob\u00ed? Pak by ve Va\u0161em \u0161atn\u00edku za \u017e\u00e1dn\u00fdch okolnost\u00ed nem\u011bla chyb\u011bt zimn\u00ed bunda. Mo\u017enosti v\u00fdb\u011bru jsou bohat\u00e9.\" \/>\n<meta property=\"og:url\" content=\"https:\/\/regbu.com\/pt\/casaco-de-inverno-para-montanha-que-deve-voltar\/\" \/>\n<meta property=\"og:site_name\" content=\"REGBU.COM\" \/>\n<meta property=\"article:published_time\" content=\"2023-07-31T12:48:14+00:00\" \/>\n<meta property=\"article:modified_time\" content=\"2025-09-05T05:40:26+00:00\" \/>\n<meta property=\"og:image\" content=\"https:\/\/regbu.com\/wp-content\/uploads\/2023\/07\/zimni-bunda-na-hory-musi-zahrat.jpg\" \/>\n\t<meta property=\"og:image:width\" content=\"1200\" \/>\n\t<meta property=\"og:image:height\" content=\"677\" \/>\n\t<meta property=\"og:image:type\" content=\"image\/jpeg\" \/>\n<meta name=\"author\" content=\"George Martin\" \/>\n<meta name=\"twitter:card\" content=\"summary_large_image\" \/>\n<meta name=\"twitter:label1\" content=\"Escrito por\" \/>\n\t<meta name=\"twitter:data1\" content=\"George Martin\" \/>\n\t<meta name=\"twitter:label2\" content=\"Tempo estimado de leitura\" \/>\n\t<meta name=\"twitter:data2\" content=\"2 minutos\" \/>\n<script type=\"application\/ld+json\" class=\"yoast-schema-graph\">{\"@context\":\"https:\\\/\\\/schema.org\",\"@graph\":[{\"@type\":\"Article\",\"@id\":\"https:\\\/\\\/regbu.com\\\/pt\\\/casaco-de-inverno-para-montanha-que-deve-voltar\\\/#article\",\"isPartOf\":{\"@id\":\"https:\\\/\\\/regbu.com\\\/pt\\\/casaco-de-inverno-para-montanha-que-deve-voltar\\\/\"},\"author\":{\"name\":\"George Martin\",\"@id\":\"https:\\\/\\\/regbu.com\\\/en\\\/#\\\/schema\\\/person\\\/94ea9deda2629771b8a9ced002f6784e\"},\"headline\":\"Zimn\u00ed bunda na hory mus\u00ed zah\u0159\u00e1t\",\"datePublished\":\"2023-07-31T12:48:14+00:00\",\"dateModified\":\"2025-09-05T05:40:26+00:00\",\"mainEntityOfPage\":{\"@id\":\"https:\\\/\\\/regbu.com\\\/pt\\\/casaco-de-inverno-para-montanha-que-deve-voltar\\\/\"},\"wordCount\":473,\"image\":{\"@id\":\"https:\\\/\\\/regbu.com\\\/pt\\\/casaco-de-inverno-para-montanha-que-deve-voltar\\\/#primaryimage\"},\"thumbnailUrl\":\"https:\\\/\\\/regbu.com\\\/wp-content\\\/uploads\\\/2023\\\/07\\\/zimni-bunda-na-hory-musi-zahrat.jpg\",\"keywords\":[\"bunda\",\"bundy\",\"fleece\",\"ly\u017eov\u00e1n\u00ed\",\"n\u00e1pl\u0148\",\"pe\u0159\u00ed\",\"syntetika\",\"turistika\",\"zimn\u00ed bunda\",\"zimn\u00ed bundy\"],\"articleSection\":[\"M\u00f3da\"],\"inLanguage\":\"pt-PT\"},{\"@type\":\"WebPage\",\"@id\":\"https:\\\/\\\/regbu.com\\\/pt\\\/casaco-de-inverno-para-montanha-que-deve-voltar\\\/\",\"url\":\"https:\\\/\\\/regbu.com\\\/pt\\\/casaco-de-inverno-para-montanha-que-deve-voltar\\\/\",\"name\":\"Zimn\u00ed bunda na hory mus\u00ed zah\u0159\u00e1t - REGBU.COM\",\"isPartOf\":{\"@id\":\"https:\\\/\\\/regbu.com\\\/en\\\/#website\"},\"primaryImageOfPage\":{\"@id\":\"https:\\\/\\\/regbu.com\\\/pt\\\/casaco-de-inverno-para-montanha-que-deve-voltar\\\/#primaryimage\"},\"image\":{\"@id\":\"https:\\\/\\\/regbu.com\\\/pt\\\/casaco-de-inverno-para-montanha-que-deve-voltar\\\/#primaryimage\"},\"thumbnailUrl\":\"https:\\\/\\\/regbu.com\\\/wp-content\\\/uploads\\\/2023\\\/07\\\/zimni-bunda-na-hory-musi-zahrat.jpg\",\"datePublished\":\"2023-07-31T12:48:14+00:00\",\"dateModified\":\"2025-09-05T05:40:26+00:00\",\"author\":{\"@id\":\"https:\\\/\\\/regbu.com\\\/en\\\/#\\\/schema\\\/person\\\/94ea9deda2629771b8a9ced002f6784e\"},\"description\":\"Chyst\u00e1te se ven v zimn\u00edm obdob\u00ed? Pak by ve Va\u0161em \u0161atn\u00edku za \u017e\u00e1dn\u00fdch okolnost\u00ed nem\u011bla chyb\u011bt zimn\u00ed bunda. Mo\u017enosti v\u00fdb\u011bru jsou bohat\u00e9.\",\"breadcrumb\":{\"@id\":\"https:\\\/\\\/regbu.com\\\/pt\\\/casaco-de-inverno-para-montanha-que-deve-voltar\\\/#breadcrumb\"},\"inLanguage\":\"pt-PT\",\"potentialAction\":[{\"@type\":\"ReadAction\",\"target\":[\"https:\\\/\\\/regbu.com\\\/pt\\\/casaco-de-inverno-para-montanha-que-deve-voltar\\\/\"]}]},{\"@type\":\"ImageObject\",\"inLanguage\":\"pt-PT\",\"@id\":\"https:\\\/\\\/regbu.com\\\/pt\\\/casaco-de-inverno-para-montanha-que-deve-voltar\\\/#primaryimage\",\"url\":\"https:\\\/\\\/regbu.com\\\/wp-content\\\/uploads\\\/2023\\\/07\\\/zimni-bunda-na-hory-musi-zahrat.jpg\",\"contentUrl\":\"https:\\\/\\\/regbu.com\\\/wp-content\\\/uploads\\\/2023\\\/07\\\/zimni-bunda-na-hory-musi-zahrat.jpg\",\"width\":1200,\"height\":677,\"caption\":\"Zimn\u00ed bunda na hory mus\u00ed zah\u0159\u00e1t\"},{\"@type\":\"BreadcrumbList\",\"@id\":\"https:\\\/\\\/regbu.com\\\/pt\\\/casaco-de-inverno-para-montanha-que-deve-voltar\\\/#breadcrumb\",\"itemListElement\":[{\"@type\":\"ListItem\",\"position\":1,\"name\":\"Home\",\"item\":\"https:\\\/\\\/regbu.com\\\/en\\\/\"},{\"@type\":\"ListItem\",\"position\":2,\"name\":\"Zimn\u00ed bunda na hory mus\u00ed zah\u0159\u00e1t\"}]},{\"@type\":\"WebSite\",\"@id\":\"https:\\\/\\\/regbu.com\\\/en\\\/#website\",\"url\":\"https:\\\/\\\/regbu.com\\\/en\\\/\",\"name\":\"REGBU.COM\",\"description\":\"\",\"potentialAction\":[{\"@type\":\"SearchAction\",\"target\":{\"@type\":\"EntryPoint\",\"urlTemplate\":\"https:\\\/\\\/regbu.com\\\/en\\\/?s={search_term_string}\"},\"query-input\":{\"@type\":\"PropertyValueSpecification\",\"valueRequired\":true,\"valueName\":\"search_term_string\"}}],\"inLanguage\":\"pt-PT\"},{\"@type\":\"Person\",\"@id\":\"https:\\\/\\\/regbu.com\\\/en\\\/#\\\/schema\\\/person\\\/94ea9deda2629771b8a9ced002f6784e\",\"name\":\"George Martin\",\"url\":\"https:\\\/\\\/regbu.com\\\/pt\\\/author\\\/george-martin\\\/\"}]}<\/script>\n<!-- \/ Yoast SEO plugin. -->","yoast_head_json":{"title":"O casaco de inverno para as montanhas deve mant\u00ea-lo quente - REGBU.COM","description":"Vai sair no inverno? Ent\u00e3o, no seu guarda-roupa n\u00e3o pode faltar um casaco de inverno em nenhuma circunst\u00e2ncia. As escolhas s\u00e3o muitas.","robots":{"index":"index","follow":"follow","max-snippet":"max-snippet:-1","max-image-preview":"max-image-preview:large","max-video-preview":"max-video-preview:-1"},"canonical":"https:\/\/regbu.com\/pt\/casaco-de-inverno-para-montanha-que-deve-voltar\/","og_locale":"pt_PT","og_type":"article","og_title":"Zimn\u00ed bunda na hory mus\u00ed zah\u0159\u00e1t - REGBU.COM","og_description":"Chyst\u00e1te se ven v zimn\u00edm obdob\u00ed? Pak by ve Va\u0161em \u0161atn\u00edku za \u017e\u00e1dn\u00fdch okolnost\u00ed nem\u011bla chyb\u011bt zimn\u00ed bunda. Mo\u017enosti v\u00fdb\u011bru jsou bohat\u00e9.","og_url":"https:\/\/regbu.com\/pt\/casaco-de-inverno-para-montanha-que-deve-voltar\/","og_site_name":"REGBU.COM","article_published_time":"2023-07-31T12:48:14+00:00","article_modified_time":"2025-09-05T05:40:26+00:00","og_image":[{"width":1200,"height":677,"url":"https:\/\/regbu.com\/wp-content\/uploads\/2023\/07\/zimni-bunda-na-hory-musi-zahrat.jpg","type":"image\/jpeg"}],"author":"George Martin","twitter_card":"summary_large_image","twitter_misc":{"Escrito por":"George Martin","Tempo estimado de leitura":"2 minutos"},"schema":{"@context":"https:\/\/schema.org","@graph":[{"@type":"Article","@id":"https:\/\/regbu.com\/pt\/casaco-de-inverno-para-montanha-que-deve-voltar\/#article","isPartOf":{"@id":"https:\/\/regbu.com\/pt\/casaco-de-inverno-para-montanha-que-deve-voltar\/"},"author":{"name":"George Martin","@id":"https:\/\/regbu.com\/en\/#\/schema\/person\/94ea9deda2629771b8a9ced002f6784e"},"headline":"Zimn\u00ed bunda na hory mus\u00ed zah\u0159\u00e1t","datePublished":"2023-07-31T12:48:14+00:00","dateModified":"2025-09-05T05:40:26+00:00","mainEntityOfPage":{"@id":"https:\/\/regbu.com\/pt\/casaco-de-inverno-para-montanha-que-deve-voltar\/"},"wordCount":473,"image":{"@id":"https:\/\/regbu.com\/pt\/casaco-de-inverno-para-montanha-que-deve-voltar\/#primaryimage"},"thumbnailUrl":"https:\/\/regbu.com\/wp-content\/uploads\/2023\/07\/zimni-bunda-na-hory-musi-zahrat.jpg","keywords":["bunda","bundy","fleece","ly\u017eov\u00e1n\u00ed","n\u00e1pl\u0148","pe\u0159\u00ed","syntetika","turistika","zimn\u00ed bunda","zimn\u00ed bundy"],"articleSection":["M\u00f3da"],"inLanguage":"pt-PT"},{"@type":"WebPage","@id":"https:\/\/regbu.com\/pt\/casaco-de-inverno-para-montanha-que-deve-voltar\/","url":"https:\/\/regbu.com\/pt\/casaco-de-inverno-para-montanha-que-deve-voltar\/","name":"O casaco de inverno para as montanhas deve mant\u00ea-lo quente - REGBU.COM","isPartOf":{"@id":"https:\/\/regbu.com\/en\/#website"},"primaryImageOfPage":{"@id":"https:\/\/regbu.com\/pt\/casaco-de-inverno-para-montanha-que-deve-voltar\/#primaryimage"},"image":{"@id":"https:\/\/regbu.com\/pt\/casaco-de-inverno-para-montanha-que-deve-voltar\/#primaryimage"},"thumbnailUrl":"https:\/\/regbu.com\/wp-content\/uploads\/2023\/07\/zimni-bunda-na-hory-musi-zahrat.jpg","datePublished":"2023-07-31T12:48:14+00:00","dateModified":"2025-09-05T05:40:26+00:00","author":{"@id":"https:\/\/regbu.com\/en\/#\/schema\/person\/94ea9deda2629771b8a9ced002f6784e"},"description":"Vai sair no inverno? Ent\u00e3o, no seu guarda-roupa n\u00e3o pode faltar um casaco de inverno em nenhuma circunst\u00e2ncia. As escolhas s\u00e3o muitas.","breadcrumb":{"@id":"https:\/\/regbu.com\/pt\/casaco-de-inverno-para-montanha-que-deve-voltar\/#breadcrumb"},"inLanguage":"pt-PT","potentialAction":[{"@type":"ReadAction","target":["https:\/\/regbu.com\/pt\/casaco-de-inverno-para-montanha-que-deve-voltar\/"]}]},{"@type":"ImageObject","inLanguage":"pt-PT","@id":"https:\/\/regbu.com\/pt\/casaco-de-inverno-para-montanha-que-deve-voltar\/#primaryimage","url":"https:\/\/regbu.com\/wp-content\/uploads\/2023\/07\/zimni-bunda-na-hory-musi-zahrat.jpg","contentUrl":"https:\/\/regbu.com\/wp-content\/uploads\/2023\/07\/zimni-bunda-na-hory-musi-zahrat.jpg","width":1200,"height":677,"caption":"Zimn\u00ed bunda na hory mus\u00ed zah\u0159\u00e1t"},{"@type":"BreadcrumbList","@id":"https:\/\/regbu.com\/pt\/casaco-de-inverno-para-montanha-que-deve-voltar\/#breadcrumb","itemListElement":[{"@type":"ListItem","position":1,"name":"Home","item":"https:\/\/regbu.com\/en\/"},{"@type":"ListItem","position":2,"name":"Zimn\u00ed bunda na hory mus\u00ed zah\u0159\u00e1t"}]},{"@type":"WebSite","@id":"https:\/\/regbu.com\/en\/#website","url":"https:\/\/regbu.com\/en\/","name":"REGBU.COM","description":"","potentialAction":[{"@type":"SearchAction","target":{"@type":"EntryPoint","urlTemplate":"https:\/\/regbu.com\/en\/?s={search_term_string}"},"query-input":{"@type":"PropertyValueSpecification","valueRequired":true,"valueName":"search_term_string"}}],"inLanguage":"pt-PT"},{"@type":"Person","@id":"https:\/\/regbu.com\/en\/#\/schema\/person\/94ea9deda2629771b8a9ced002f6784e","name":"George Martin","url":"https:\/\/regbu.com\/pt\/author\/george-martin\/"}]}},"_links":{"self":[{"href":"https:\/\/regbu.com\/pt\/wp-json\/wp\/v2\/posts\/1349","targetHints":{"allow":["GET"]}}],"collection":[{"href":"https:\/\/regbu.com\/pt\/wp-json\/wp\/v2\/posts"}],"about":[{"href":"https:\/\/regbu.com\/pt\/wp-json\/wp\/v2\/types\/post"}],"author":[{"embeddable":true,"href":"https:\/\/regbu.com\/pt\/wp-json\/wp\/v2\/users\/2"}],"replies":[{"embeddable":true,"href":"https:\/\/regbu.com\/pt\/wp-json\/wp\/v2\/comments?post=1349"}],"version-history":[{"count":2,"href":"https:\/\/regbu.com\/pt\/wp-json\/wp\/v2\/posts\/1349\/revisions"}],"predecessor-version":[{"id":1362,"href":"https:\/\/regbu.com\/pt\/wp-json\/wp\/v2\/posts\/1349\/revisions\/1362"}],"wp:featuredmedia":[{"embeddable":true,"href":"https:\/\/regbu.com\/pt\/wp-json\/wp\/v2\/media\/1350"}],"wp:attachment":[{"href":"https:\/\/regbu.com\/pt\/wp-json\/wp\/v2\/media?parent=1349"}],"wp:term":[{"taxonomy":"category","embeddable":true,"href":"https:\/\/regbu.com\/pt\/wp-json\/wp\/v2\/categories?post=1349"},{"taxonomy":"post_tag","embeddable":true,"href":"https:\/\/regbu.com\/pt\/wp-json\/wp\/v2\/tags?post=1349"}],"curies":[{"name":"wp","href":"https:\/\/api.w.org\/{rel}","templated":true}]}}