{"id":1330,"date":"2023-07-31T14:29:04","date_gmt":"2023-07-31T12:29:04","guid":{"rendered":"https:\/\/regbu.com\/?p=1330"},"modified":"2025-09-05T07:40:38","modified_gmt":"2025-09-05T05:40:38","slug":"bezecka-vesta-musi-odpovidat-vasim-potrebam","status":"publish","type":"post","link":"https:\/\/regbu.com\/pt\/a-corrente-coisa-que-deve-combinar-com-as-suas-necessidades\/","title":{"rendered":"O colete de corrida deve corresponder \u00e0s suas necessidades"},"content":{"rendered":"<p>O colete de corrida tornou-se parte integrante de muitos desportistas nos \u00faltimos anos. \u00c9 uma pe\u00e7a de equipamento importante para um corredor, tal como, por exemplo <strong><a href=\"https:\/\/regbu.com\/pt\/botas-de-corrida-adaptadas-ao-estilo-de-corrida-a-mao\/\">t\u00e9nis de corrida<\/a><\/strong>. Este acess\u00f3rio n\u00e3o tem nada a ver com moda ou com aquecimento. N\u00e3o precisa de nada disso quando est\u00e1 a correr. O colete tem uma fun\u00e7\u00e3o completamente diferente.<\/p>\n\n\n\n<ul class=\"wp-block-list\">\n<li>Torna-se um reservat\u00f3rio de \u00e1gua<\/li>\n\n\n\n<li>Fornece espa\u00e7o de armazenamento<\/li>\n\n\n\n<li>Desempenha um papel pr\u00e1tico<\/li>\n<\/ul>\n\n\n\n<p>Gra\u00e7as ao colete de corrida, n\u00e3o tem de segurar nada na m\u00e3o enquanto corre. Mesmo que n\u00e3o precise de tanto durante a corrida, pode guardar nele todos os elementos essenciais, especialmente em termos de fornecimento suficiente de fluidos.<\/p>\n\n\n\n<h2 class=\"wp-block-heading\">Colete de corrida e sua capacidade<\/h2>\n\n\n\n<p>Sim, ao escolher qualquer pe\u00e7a de vestu\u00e1rio desportivo, certifique-se de que escolhe o tamanho certo. No entanto, um colete de corrida requer uma abordagem ligeiramente diferente. Concentre-se no tamanho do colete <strong>capacidade de \u00e1gua<\/strong>. Este par\u00e2metro depende do comprimento do percurso regular.<\/p>\n\n\n\n<figure class=\"wp-block-table\"><table><tbody><tr><td><strong>Capacidade do colete<\/strong><\/td><td><strong>Dura\u00e7\u00e3o do percurso<\/strong><\/td><\/tr><tr><td>2 l<\/td><td>1 a 2 horas<\/td><\/tr><tr><td>2 a 5 l<\/td><td>3 a 4 horas<\/td><\/tr><tr><td>4 a 11 l<\/td><td>4 a 6 horas<\/td><\/tr><tr><td>6 a 15 l<\/td><td>Mais de 6 horas<\/td><\/tr><\/tbody><\/table><figcaption class=\"wp-element-caption\">Qual a capacidade do colete necess\u00e1ria em fun\u00e7\u00e3o do comprimento do percurso?<\/figcaption><\/figure>\n\n\n\n<p>O colete de hidrata\u00e7\u00e3o para corrida cont\u00e9m um saco especial situado nas costas. Uma mangueira com um bocal passa por ela at\u00e9 \u00e0 frente. Durante a corrida, pode beber r\u00e1pida e facilmente sem parar.<\/p>\n\n\n\n<h3 class=\"wp-block-heading\">Outros par\u00e2metros do colete de corrida<\/h3>\n\n\n\n<p>O hidrov\u00e1cuo n\u00e3o \u00e9 a \u00fanica forma de transportar \u00e1gua atrav\u00e9s do colete. Existem modelos de coletes concebidos para garrafas de \u00e1gua situadas na parte da frente. A escolha espec\u00edfica cabe-lhe a si, tendo tamb\u00e9m em conta o tipo de corrida. No entanto, a verdade \u00e9 que o <strong>hidrovacs especiais na parte de tr\u00e1s<\/strong> pode conter mais \u00e1gua.<\/p>\n\n\n\n<p>Todos os corredores exigem o m\u00e1ximo de conforto durante a corrida, o que tamb\u00e9m \u00e9 verdade no caso de um colete de corrida. Escolha um modelo que n\u00e3o o sobrecarregue, quer se trate do tamanho do colete, da largura das al\u00e7as, dos fechos de pl\u00e1stico, etc. O colete deve ter o tamanho certo para que n\u00e3o o restrinja de forma alguma e lhe sirva perfeitamente quando corre. \u00c9 indesej\u00e1vel que o colete fique a abanar ou a saltar. <em>O ideal \u00e9 um corte diretamente no corpo<\/em>.<\/p>","protected":false},"excerpt":{"rendered":"<p>O colete de corrida tornou-se parte integrante de muitos desportistas nos \u00faltimos anos. \u00c9 uma pe\u00e7a de equipamento importante para um corredor, tal como os t\u00e9nis de corrida. Este acess\u00f3rio n\u00e3o tem nada a ver com moda ou com aquecimento. De facto, n\u00e3o \u00e9 disso que precisamos quando corremos. O colete desempenha um papel completamente diferente. Com um colete de corrida, n\u00e3o precisa de levar nada na m\u00e3o enquanto corre. I ... <\/p>","protected":false},"author":2,"featured_media":1331,"comment_status":"closed","ping_status":"closed","sticky":false,"template":"","format":"standard","meta":{"footnotes":""},"categories":[9],"tags":[847,846,1580,1583,1581,1582,911,1584,1018,812],"class_list":["post-1330","post","type-post","status-publish","format-standard","has-post-thumbnail","hentry","category-sport","tag-beh","tag-behani","tag-bezecka-vesta","tag-hydrovak","tag-kapacita","tag-kapacita-vesty","tag-lahev","tag-tekutina","tag-vesta","tag-voda"],"yoast_head":"<!-- This site is optimized with the Yoast SEO plugin v27.5 - https:\/\/yoast.com\/product\/yoast-seo-wordpress\/ -->\n<title>B\u011b\u017eeck\u00e1 vesta mus\u00ed odpov\u00eddat Va\u0161im pot\u0159eb\u00e1m - REGBU.COM<\/title>\n<meta name=\"description\" content=\"B\u011b\u017eeck\u00e1 vesta se stane praktick\u00fdm dopl\u0148kem pro V\u00e1\u0161 ka\u017edodenn\u00ed b\u011bh. Zjist\u011bte, jak\u00e9 m\u00e1te mo\u017enosti p\u0159i jej\u00edm v\u00fdb\u011bru.\" \/>\n<meta name=\"robots\" content=\"index, follow, max-snippet:-1, max-image-preview:large, max-video-preview:-1\" \/>\n<link rel=\"canonical\" href=\"https:\/\/regbu.com\/pt\/a-corrente-coisa-que-deve-combinar-com-as-suas-necessidades\/\" \/>\n<meta property=\"og:locale\" content=\"pt_PT\" \/>\n<meta property=\"og:type\" content=\"article\" \/>\n<meta property=\"og:title\" content=\"B\u011b\u017eeck\u00e1 vesta mus\u00ed odpov\u00eddat Va\u0161im pot\u0159eb\u00e1m - REGBU.COM\" \/>\n<meta property=\"og:description\" content=\"B\u011b\u017eeck\u00e1 vesta se stane praktick\u00fdm dopl\u0148kem pro V\u00e1\u0161 ka\u017edodenn\u00ed b\u011bh. Zjist\u011bte, jak\u00e9 m\u00e1te mo\u017enosti p\u0159i jej\u00edm v\u00fdb\u011bru.\" \/>\n<meta property=\"og:url\" content=\"https:\/\/regbu.com\/pt\/a-corrente-coisa-que-deve-combinar-com-as-suas-necessidades\/\" \/>\n<meta property=\"og:site_name\" content=\"REGBU.COM\" \/>\n<meta property=\"article:published_time\" content=\"2023-07-31T12:29:04+00:00\" \/>\n<meta property=\"article:modified_time\" content=\"2025-09-05T05:40:38+00:00\" \/>\n<meta property=\"og:image\" content=\"https:\/\/regbu.com\/wp-content\/uploads\/2023\/07\/bezecka-vesta-musi-odpovidat-vasim-potrebam.jpg\" \/>\n\t<meta property=\"og:image:width\" content=\"1200\" \/>\n\t<meta property=\"og:image:height\" content=\"675\" \/>\n\t<meta property=\"og:image:type\" content=\"image\/jpeg\" \/>\n<meta name=\"author\" content=\"George Martin\" \/>\n<meta name=\"twitter:card\" content=\"summary_large_image\" \/>\n<meta name=\"twitter:label1\" content=\"Escrito por\" \/>\n\t<meta name=\"twitter:data1\" content=\"George Martin\" \/>\n\t<meta name=\"twitter:label2\" content=\"Tempo estimado de leitura\" \/>\n\t<meta name=\"twitter:data2\" content=\"2 minutos\" \/>\n<script type=\"application\/ld+json\" class=\"yoast-schema-graph\">{\"@context\":\"https:\\\/\\\/schema.org\",\"@graph\":[{\"@type\":\"Article\",\"@id\":\"https:\\\/\\\/regbu.com\\\/pt\\\/a-corrente-coisa-que-deve-combinar-com-as-suas-necessidades\\\/#article\",\"isPartOf\":{\"@id\":\"https:\\\/\\\/regbu.com\\\/pt\\\/a-corrente-coisa-que-deve-combinar-com-as-suas-necessidades\\\/\"},\"author\":{\"name\":\"George Martin\",\"@id\":\"https:\\\/\\\/regbu.com\\\/en\\\/#\\\/schema\\\/person\\\/94ea9deda2629771b8a9ced002f6784e\"},\"headline\":\"B\u011b\u017eeck\u00e1 vesta mus\u00ed odpov\u00eddat Va\u0161im pot\u0159eb\u00e1m\",\"datePublished\":\"2023-07-31T12:29:04+00:00\",\"dateModified\":\"2025-09-05T05:40:38+00:00\",\"mainEntityOfPage\":{\"@id\":\"https:\\\/\\\/regbu.com\\\/pt\\\/a-corrente-coisa-que-deve-combinar-com-as-suas-necessidades\\\/\"},\"wordCount\":461,\"image\":{\"@id\":\"https:\\\/\\\/regbu.com\\\/pt\\\/a-corrente-coisa-que-deve-combinar-com-as-suas-necessidades\\\/#primaryimage\"},\"thumbnailUrl\":\"https:\\\/\\\/regbu.com\\\/wp-content\\\/uploads\\\/2023\\\/07\\\/bezecka-vesta-musi-odpovidat-vasim-potrebam.jpg\",\"keywords\":[\"b\u011bh\",\"b\u011bh\u00e1n\u00ed\",\"b\u011b\u017eeck\u00e1 vesta\",\"hydrovak\",\"kapacita\",\"kapacita vesty\",\"l\u00e1hev\",\"tekutina\",\"vesta\",\"voda\"],\"articleSection\":[\"Sport\"],\"inLanguage\":\"pt-PT\"},{\"@type\":\"WebPage\",\"@id\":\"https:\\\/\\\/regbu.com\\\/pt\\\/a-corrente-coisa-que-deve-combinar-com-as-suas-necessidades\\\/\",\"url\":\"https:\\\/\\\/regbu.com\\\/pt\\\/a-corrente-coisa-que-deve-combinar-com-as-suas-necessidades\\\/\",\"name\":\"B\u011b\u017eeck\u00e1 vesta mus\u00ed odpov\u00eddat Va\u0161im pot\u0159eb\u00e1m - REGBU.COM\",\"isPartOf\":{\"@id\":\"https:\\\/\\\/regbu.com\\\/en\\\/#website\"},\"primaryImageOfPage\":{\"@id\":\"https:\\\/\\\/regbu.com\\\/pt\\\/a-corrente-coisa-que-deve-combinar-com-as-suas-necessidades\\\/#primaryimage\"},\"image\":{\"@id\":\"https:\\\/\\\/regbu.com\\\/pt\\\/a-corrente-coisa-que-deve-combinar-com-as-suas-necessidades\\\/#primaryimage\"},\"thumbnailUrl\":\"https:\\\/\\\/regbu.com\\\/wp-content\\\/uploads\\\/2023\\\/07\\\/bezecka-vesta-musi-odpovidat-vasim-potrebam.jpg\",\"datePublished\":\"2023-07-31T12:29:04+00:00\",\"dateModified\":\"2025-09-05T05:40:38+00:00\",\"author\":{\"@id\":\"https:\\\/\\\/regbu.com\\\/en\\\/#\\\/schema\\\/person\\\/94ea9deda2629771b8a9ced002f6784e\"},\"description\":\"B\u011b\u017eeck\u00e1 vesta se stane praktick\u00fdm dopl\u0148kem pro V\u00e1\u0161 ka\u017edodenn\u00ed b\u011bh. Zjist\u011bte, jak\u00e9 m\u00e1te mo\u017enosti p\u0159i jej\u00edm v\u00fdb\u011bru.\",\"breadcrumb\":{\"@id\":\"https:\\\/\\\/regbu.com\\\/pt\\\/a-corrente-coisa-que-deve-combinar-com-as-suas-necessidades\\\/#breadcrumb\"},\"inLanguage\":\"pt-PT\",\"potentialAction\":[{\"@type\":\"ReadAction\",\"target\":[\"https:\\\/\\\/regbu.com\\\/pt\\\/a-corrente-coisa-que-deve-combinar-com-as-suas-necessidades\\\/\"]}]},{\"@type\":\"ImageObject\",\"inLanguage\":\"pt-PT\",\"@id\":\"https:\\\/\\\/regbu.com\\\/pt\\\/a-corrente-coisa-que-deve-combinar-com-as-suas-necessidades\\\/#primaryimage\",\"url\":\"https:\\\/\\\/regbu.com\\\/wp-content\\\/uploads\\\/2023\\\/07\\\/bezecka-vesta-musi-odpovidat-vasim-potrebam.jpg\",\"contentUrl\":\"https:\\\/\\\/regbu.com\\\/wp-content\\\/uploads\\\/2023\\\/07\\\/bezecka-vesta-musi-odpovidat-vasim-potrebam.jpg\",\"width\":1200,\"height\":675,\"caption\":\"B\u011b\u017eeck\u00e1 vesta mus\u00ed odpov\u00eddat Va\u0161im pot\u0159eb\u00e1m\"},{\"@type\":\"BreadcrumbList\",\"@id\":\"https:\\\/\\\/regbu.com\\\/pt\\\/a-corrente-coisa-que-deve-combinar-com-as-suas-necessidades\\\/#breadcrumb\",\"itemListElement\":[{\"@type\":\"ListItem\",\"position\":1,\"name\":\"Home\",\"item\":\"https:\\\/\\\/regbu.com\\\/en\\\/\"},{\"@type\":\"ListItem\",\"position\":2,\"name\":\"B\u011b\u017eeck\u00e1 vesta mus\u00ed odpov\u00eddat Va\u0161im pot\u0159eb\u00e1m\"}]},{\"@type\":\"WebSite\",\"@id\":\"https:\\\/\\\/regbu.com\\\/en\\\/#website\",\"url\":\"https:\\\/\\\/regbu.com\\\/en\\\/\",\"name\":\"REGBU.COM\",\"description\":\"\",\"potentialAction\":[{\"@type\":\"SearchAction\",\"target\":{\"@type\":\"EntryPoint\",\"urlTemplate\":\"https:\\\/\\\/regbu.com\\\/en\\\/?s={search_term_string}\"},\"query-input\":{\"@type\":\"PropertyValueSpecification\",\"valueRequired\":true,\"valueName\":\"search_term_string\"}}],\"inLanguage\":\"pt-PT\"},{\"@type\":\"Person\",\"@id\":\"https:\\\/\\\/regbu.com\\\/en\\\/#\\\/schema\\\/person\\\/94ea9deda2629771b8a9ced002f6784e\",\"name\":\"George Martin\",\"url\":\"https:\\\/\\\/regbu.com\\\/pt\\\/author\\\/george-martin\\\/\"}]}<\/script>\n<!-- \/ Yoast SEO plugin. -->","yoast_head_json":{"title":"O colete de corrida deve adaptar-se \u00e0s suas necessidades - REGBU.COM","description":"O colete de corrida tornar-se-\u00e1 um acess\u00f3rio pr\u00e1tico para a sua corrida di\u00e1ria. Descubra as op\u00e7\u00f5es que tem ao escolher um.","robots":{"index":"index","follow":"follow","max-snippet":"max-snippet:-1","max-image-preview":"max-image-preview:large","max-video-preview":"max-video-preview:-1"},"canonical":"https:\/\/regbu.com\/pt\/a-corrente-coisa-que-deve-combinar-com-as-suas-necessidades\/","og_locale":"pt_PT","og_type":"article","og_title":"B\u011b\u017eeck\u00e1 vesta mus\u00ed odpov\u00eddat Va\u0161im pot\u0159eb\u00e1m - REGBU.COM","og_description":"B\u011b\u017eeck\u00e1 vesta se stane praktick\u00fdm dopl\u0148kem pro V\u00e1\u0161 ka\u017edodenn\u00ed b\u011bh. Zjist\u011bte, jak\u00e9 m\u00e1te mo\u017enosti p\u0159i jej\u00edm v\u00fdb\u011bru.","og_url":"https:\/\/regbu.com\/pt\/a-corrente-coisa-que-deve-combinar-com-as-suas-necessidades\/","og_site_name":"REGBU.COM","article_published_time":"2023-07-31T12:29:04+00:00","article_modified_time":"2025-09-05T05:40:38+00:00","og_image":[{"width":1200,"height":675,"url":"https:\/\/regbu.com\/wp-content\/uploads\/2023\/07\/bezecka-vesta-musi-odpovidat-vasim-potrebam.jpg","type":"image\/jpeg"}],"author":"George Martin","twitter_card":"summary_large_image","twitter_misc":{"Escrito por":"George Martin","Tempo estimado de leitura":"2 minutos"},"schema":{"@context":"https:\/\/schema.org","@graph":[{"@type":"Article","@id":"https:\/\/regbu.com\/pt\/a-corrente-coisa-que-deve-combinar-com-as-suas-necessidades\/#article","isPartOf":{"@id":"https:\/\/regbu.com\/pt\/a-corrente-coisa-que-deve-combinar-com-as-suas-necessidades\/"},"author":{"name":"George Martin","@id":"https:\/\/regbu.com\/en\/#\/schema\/person\/94ea9deda2629771b8a9ced002f6784e"},"headline":"B\u011b\u017eeck\u00e1 vesta mus\u00ed odpov\u00eddat Va\u0161im pot\u0159eb\u00e1m","datePublished":"2023-07-31T12:29:04+00:00","dateModified":"2025-09-05T05:40:38+00:00","mainEntityOfPage":{"@id":"https:\/\/regbu.com\/pt\/a-corrente-coisa-que-deve-combinar-com-as-suas-necessidades\/"},"wordCount":461,"image":{"@id":"https:\/\/regbu.com\/pt\/a-corrente-coisa-que-deve-combinar-com-as-suas-necessidades\/#primaryimage"},"thumbnailUrl":"https:\/\/regbu.com\/wp-content\/uploads\/2023\/07\/bezecka-vesta-musi-odpovidat-vasim-potrebam.jpg","keywords":["b\u011bh","b\u011bh\u00e1n\u00ed","b\u011b\u017eeck\u00e1 vesta","hydrovak","kapacita","kapacita vesty","l\u00e1hev","tekutina","vesta","voda"],"articleSection":["Sport"],"inLanguage":"pt-PT"},{"@type":"WebPage","@id":"https:\/\/regbu.com\/pt\/a-corrente-coisa-que-deve-combinar-com-as-suas-necessidades\/","url":"https:\/\/regbu.com\/pt\/a-corrente-coisa-que-deve-combinar-com-as-suas-necessidades\/","name":"O colete de corrida deve adaptar-se \u00e0s suas necessidades - REGBU.COM","isPartOf":{"@id":"https:\/\/regbu.com\/en\/#website"},"primaryImageOfPage":{"@id":"https:\/\/regbu.com\/pt\/a-corrente-coisa-que-deve-combinar-com-as-suas-necessidades\/#primaryimage"},"image":{"@id":"https:\/\/regbu.com\/pt\/a-corrente-coisa-que-deve-combinar-com-as-suas-necessidades\/#primaryimage"},"thumbnailUrl":"https:\/\/regbu.com\/wp-content\/uploads\/2023\/07\/bezecka-vesta-musi-odpovidat-vasim-potrebam.jpg","datePublished":"2023-07-31T12:29:04+00:00","dateModified":"2025-09-05T05:40:38+00:00","author":{"@id":"https:\/\/regbu.com\/en\/#\/schema\/person\/94ea9deda2629771b8a9ced002f6784e"},"description":"O colete de corrida tornar-se-\u00e1 um acess\u00f3rio pr\u00e1tico para a sua corrida di\u00e1ria. Descubra as op\u00e7\u00f5es que tem ao escolher um.","breadcrumb":{"@id":"https:\/\/regbu.com\/pt\/a-corrente-coisa-que-deve-combinar-com-as-suas-necessidades\/#breadcrumb"},"inLanguage":"pt-PT","potentialAction":[{"@type":"ReadAction","target":["https:\/\/regbu.com\/pt\/a-corrente-coisa-que-deve-combinar-com-as-suas-necessidades\/"]}]},{"@type":"ImageObject","inLanguage":"pt-PT","@id":"https:\/\/regbu.com\/pt\/a-corrente-coisa-que-deve-combinar-com-as-suas-necessidades\/#primaryimage","url":"https:\/\/regbu.com\/wp-content\/uploads\/2023\/07\/bezecka-vesta-musi-odpovidat-vasim-potrebam.jpg","contentUrl":"https:\/\/regbu.com\/wp-content\/uploads\/2023\/07\/bezecka-vesta-musi-odpovidat-vasim-potrebam.jpg","width":1200,"height":675,"caption":"B\u011b\u017eeck\u00e1 vesta mus\u00ed odpov\u00eddat Va\u0161im pot\u0159eb\u00e1m"},{"@type":"BreadcrumbList","@id":"https:\/\/regbu.com\/pt\/a-corrente-coisa-que-deve-combinar-com-as-suas-necessidades\/#breadcrumb","itemListElement":[{"@type":"ListItem","position":1,"name":"Home","item":"https:\/\/regbu.com\/en\/"},{"@type":"ListItem","position":2,"name":"B\u011b\u017eeck\u00e1 vesta mus\u00ed odpov\u00eddat Va\u0161im pot\u0159eb\u00e1m"}]},{"@type":"WebSite","@id":"https:\/\/regbu.com\/en\/#website","url":"https:\/\/regbu.com\/en\/","name":"REGBU.COM","description":"","potentialAction":[{"@type":"SearchAction","target":{"@type":"EntryPoint","urlTemplate":"https:\/\/regbu.com\/en\/?s={search_term_string}"},"query-input":{"@type":"PropertyValueSpecification","valueRequired":true,"valueName":"search_term_string"}}],"inLanguage":"pt-PT"},{"@type":"Person","@id":"https:\/\/regbu.com\/en\/#\/schema\/person\/94ea9deda2629771b8a9ced002f6784e","name":"George Martin","url":"https:\/\/regbu.com\/pt\/author\/george-martin\/"}]}},"_links":{"self":[{"href":"https:\/\/regbu.com\/pt\/wp-json\/wp\/v2\/posts\/1330","targetHints":{"allow":["GET"]}}],"collection":[{"href":"https:\/\/regbu.com\/pt\/wp-json\/wp\/v2\/posts"}],"about":[{"href":"https:\/\/regbu.com\/pt\/wp-json\/wp\/v2\/types\/post"}],"author":[{"embeddable":true,"href":"https:\/\/regbu.com\/pt\/wp-json\/wp\/v2\/users\/2"}],"replies":[{"embeddable":true,"href":"https:\/\/regbu.com\/pt\/wp-json\/wp\/v2\/comments?post=1330"}],"version-history":[{"count":3,"href":"https:\/\/regbu.com\/pt\/wp-json\/wp\/v2\/posts\/1330\/revisions"}],"predecessor-version":[{"id":1355,"href":"https:\/\/regbu.com\/pt\/wp-json\/wp\/v2\/posts\/1330\/revisions\/1355"}],"wp:featuredmedia":[{"embeddable":true,"href":"https:\/\/regbu.com\/pt\/wp-json\/wp\/v2\/media\/1331"}],"wp:attachment":[{"href":"https:\/\/regbu.com\/pt\/wp-json\/wp\/v2\/media?parent=1330"}],"wp:term":[{"taxonomy":"category","embeddable":true,"href":"https:\/\/regbu.com\/pt\/wp-json\/wp\/v2\/categories?post=1330"},{"taxonomy":"post_tag","embeddable":true,"href":"https:\/\/regbu.com\/pt\/wp-json\/wp\/v2\/tags?post=1330"}],"curies":[{"name":"wp","href":"https:\/\/api.w.org\/{rel}","templated":true}]}}