{"id":1280,"date":"2023-07-26T07:59:19","date_gmt":"2023-07-26T05:59:19","guid":{"rendered":"https:\/\/regbu.com\/?p=1280"},"modified":"2025-09-05T07:40:23","modified_gmt":"2025-09-05T05:40:23","slug":"chudokrevnost-a-jeji-priznaky","status":"publish","type":"post","link":"https:\/\/regbu.com\/pt\/anemia-e-seus-sintomas\/","title":{"rendered":"Anemia e seus sintomas"},"content":{"rendered":"<p>A anemia \u00e9 designada por anemia. Aten\u00e7\u00e3o, n\u00e3o \u00e9 a mesma coisa que <strong><a href=\"https:\/\/regbu.com\/pt\/atopia-e-tudo-o-que-deve-saber\/\">atopia<\/a><\/strong>mesmo que comece com a mesma letra. Neste caso, estamos a falar de falta de sangue, ou seja, uma pequena quantidade de gl\u00f3bulos vermelhos no corpo. E, como se pode adivinhar, s\u00e3o muito importantes para um corpo saud\u00e1vel.<\/p>\n\n\n\n<ul class=\"wp-block-list\">\n<li>Termo latino anemia<\/li>\n\n\n\n<li>Derivado do grego anami\u00e1<\/li>\n\n\n\n<li>Anemia checa<\/li>\n<\/ul>\n\n\n\n<p>Uma vez que os gl\u00f3bulos vermelhos <strong>utilizado para transportar oxig\u00e9nio<\/strong>todos ficar\u00e3o com uma ideia da sua import\u00e2ncia. Se n\u00e3o sabe como se manifesta uma doen\u00e7a dos gl\u00f3bulos vermelhos, n\u00f3s dizemos-lhe.<\/p>\n\n\n\n<h2 class=\"wp-block-heading\">Sintomas de anemia<\/h2>\n\n\n\n<p>Todos os leitores deste artigo ter\u00e3o interesse em saber como \u00e9 que a anemia se manifesta de facto. Do ponto de vista da apar\u00eancia, pode acontecer que a pessoa tenha, afinal, um mercado <em>corpo mais branco como se n\u00e3o tivesse sangue<\/em>. Com o tempo, pode ocorrer a queda das unhas e do cabelo. Esta situa\u00e7\u00e3o \u00e9 naturalmente agravada por problemas de sa\u00fade.<\/p>\n\n\n\n<figure class=\"wp-block-table\"><table><tbody><tr><td><strong>Assunto<\/strong><\/td><td><strong>Informa\u00e7\u00f5es<\/strong><\/td><\/tr><tr><td>Estado de deteriora\u00e7\u00e3o<\/td><td>Pouca resist\u00eancia<\/td><\/tr><tr><td>Fraqueza<\/td><td>Sentir-se cansado<\/td><\/tr><tr><td>Falta de ar<\/td><td>Mesmo com menos esfor\u00e7o<\/td><\/tr><tr><td>Corpo frio<\/td><td>M\u00e3os e p\u00e9s frios<\/td><\/tr><\/tbody><\/table><figcaption class=\"wp-element-caption\">O que \u00e9 que pode causar anemia?<\/figcaption><\/figure>\n\n\n\n<p>Com a anemia desenvolvida, pode sentir um zumbido desagrad\u00e1vel. Torna-se cada vez mais dif\u00edcil concentrar-se, e uma diminui\u00e7\u00e3o da press\u00e3o n\u00e3o \u00e9 exce\u00e7\u00e3o. O batimento card\u00edaco irregular contribui para isso at\u00e9 certo ponto.<\/p>\n\n\n\n<h3 class=\"wp-block-heading\">Anemia em pormenor<\/h3>\n\n\n\n<p>Agora j\u00e1 conhece os sintomas da doen\u00e7a dos gl\u00f3bulos vermelhos. Mas \u00e9 importante mencionar como ocorre. A doen\u00e7a ocorre principalmente <strong>devido \u00e0 produ\u00e7\u00e3o limitada de ferro<\/strong>. Tudo pode tamb\u00e9m ser causado por uma quantidade insuficiente de \u00e1cido f\u00f3lico no corpo humano. A anemia \u00e9 muito frequente ap\u00f3s uma cirurgia a um tumor, leucemia e outros tipos de doen\u00e7as semelhantes.<\/p>\n\n\n\n<p>Assim, a anemia propriamente dita pode ser causada por defici\u00eancia de ferro e de vitamina B12. Outra ramifica\u00e7\u00e3o \u00e9 a anemia apl\u00e1stica e a anemia falciforme. Uma delas resulta da remo\u00e7\u00e3o da medula \u00f3ssea e a outra \u00e9 uma doen\u00e7a heredit\u00e1ria. A limita\u00e7\u00e3o dos gl\u00f3bulos vermelhos \u00e9, sem d\u00favida, um fator de perigo para os idosos, as mulheres com menstrua\u00e7\u00e3o abundante e as gr\u00e1vidas. Se notar estes sintomas em si, \u00e9 melhor consultar um m\u00e9dico o mais rapidamente poss\u00edvel.<\/p>","protected":false},"excerpt":{"rendered":"<p>A anemia \u00e9 designada por anemia. Aten\u00e7\u00e3o, n\u00e3o \u00e9 a mesma coisa que atopia, apesar de come\u00e7ar com a mesma letra. Neste caso, estamos a falar de falta de sangue, ou de uma pequena quantidade de gl\u00f3bulos vermelhos no corpo. E, como pode adivinhar, s\u00e3o muito importantes para um corpo saud\u00e1vel. Uma vez que os gl\u00f3bulos vermelhos... <\/p>","protected":false},"author":2,"featured_media":1281,"comment_status":"closed","ping_status":"closed","sticky":false,"template":"","format":"standard","meta":{"footnotes":""},"categories":[197],"tags":[1545,1544,1543,1542,1547,780,1546,1548,1549,185],"class_list":["post-1280","post","type-post","status-publish","format-standard","has-post-thumbnail","hentry","category-lidske-zdravi","tag-anaemia","tag-anemie","tag-cervene-krvinky","tag-chudokrevnost","tag-dychavicnost","tag-kondice","tag-slabost","tag-studene-telo","tag-tvorba-zeleza","tag-zelezo"],"yoast_head":"<!-- This site is optimized with the Yoast SEO plugin v27.4 - https:\/\/yoast.com\/product\/yoast-seo-wordpress\/ -->\n<title>Chudokrevnost a jej\u00ed p\u0159\u00edznaky - REGBU.COM<\/title>\n<meta name=\"description\" content=\"Tr\u00e1p\u00ed V\u00e1s chudokrevnost? Pak m\u00e1te s nejv\u011bt\u0161\u00ed pravd\u011bpodobnost\u00ed probl\u00e9my s tvorbou \u010derven\u00fdch krvinek. Prozrad\u00edme V\u00e1m, jak na to.\" \/>\n<meta name=\"robots\" content=\"index, follow, max-snippet:-1, max-image-preview:large, max-video-preview:-1\" \/>\n<link rel=\"canonical\" href=\"https:\/\/regbu.com\/pt\/anemia-e-seus-sintomas\/\" \/>\n<meta property=\"og:locale\" content=\"pt_PT\" \/>\n<meta property=\"og:type\" content=\"article\" \/>\n<meta property=\"og:title\" content=\"Chudokrevnost a jej\u00ed p\u0159\u00edznaky - REGBU.COM\" \/>\n<meta property=\"og:description\" content=\"Tr\u00e1p\u00ed V\u00e1s chudokrevnost? Pak m\u00e1te s nejv\u011bt\u0161\u00ed pravd\u011bpodobnost\u00ed probl\u00e9my s tvorbou \u010derven\u00fdch krvinek. Prozrad\u00edme V\u00e1m, jak na to.\" \/>\n<meta property=\"og:url\" content=\"https:\/\/regbu.com\/pt\/anemia-e-seus-sintomas\/\" \/>\n<meta property=\"og:site_name\" content=\"REGBU.COM\" \/>\n<meta property=\"article:published_time\" content=\"2023-07-26T05:59:19+00:00\" \/>\n<meta property=\"article:modified_time\" content=\"2025-09-05T05:40:23+00:00\" \/>\n<meta property=\"og:image\" content=\"https:\/\/regbu.com\/wp-content\/uploads\/2023\/07\/chudokrevnost-a-jeji-priznaky.jpg\" \/>\n\t<meta property=\"og:image:width\" content=\"1200\" \/>\n\t<meta property=\"og:image:height\" content=\"675\" \/>\n\t<meta property=\"og:image:type\" content=\"image\/jpeg\" \/>\n<meta name=\"author\" content=\"George Martin\" \/>\n<meta name=\"twitter:card\" content=\"summary_large_image\" \/>\n<meta name=\"twitter:label1\" content=\"Escrito por\" \/>\n\t<meta name=\"twitter:data1\" content=\"George Martin\" \/>\n\t<meta name=\"twitter:label2\" content=\"Tempo estimado de leitura\" \/>\n\t<meta name=\"twitter:data2\" content=\"2 minutos\" \/>\n<script type=\"application\/ld+json\" class=\"yoast-schema-graph\">{\"@context\":\"https:\\\/\\\/schema.org\",\"@graph\":[{\"@type\":\"Article\",\"@id\":\"https:\\\/\\\/regbu.com\\\/pt\\\/anemia-e-seus-sintomas\\\/#article\",\"isPartOf\":{\"@id\":\"https:\\\/\\\/regbu.com\\\/pt\\\/anemia-e-seus-sintomas\\\/\"},\"author\":{\"name\":\"George Martin\",\"@id\":\"https:\\\/\\\/regbu.com\\\/en\\\/#\\\/schema\\\/person\\\/94ea9deda2629771b8a9ced002f6784e\"},\"headline\":\"Chudokrevnost a jej\u00ed p\u0159\u00edznaky\",\"datePublished\":\"2023-07-26T05:59:19+00:00\",\"dateModified\":\"2025-09-05T05:40:23+00:00\",\"mainEntityOfPage\":{\"@id\":\"https:\\\/\\\/regbu.com\\\/pt\\\/anemia-e-seus-sintomas\\\/\"},\"wordCount\":459,\"image\":{\"@id\":\"https:\\\/\\\/regbu.com\\\/pt\\\/anemia-e-seus-sintomas\\\/#primaryimage\"},\"thumbnailUrl\":\"https:\\\/\\\/regbu.com\\\/wp-content\\\/uploads\\\/2023\\\/07\\\/chudokrevnost-a-jeji-priznaky.jpg\",\"keywords\":[\"anaemia\",\"an\u00e9mie\",\"\u010derven\u00e9 krvinky\",\"chudokrevnost\",\"d\u00fdchavi\u010dnost\",\"kondice\",\"slabost\",\"studen\u00e9 t\u011blo\",\"tvorba \u017eeleza\",\"\u017eelezo\"],\"articleSection\":[\"Lidsk\u00e9 Zdrav\u00ed\"],\"inLanguage\":\"pt-PT\"},{\"@type\":\"WebPage\",\"@id\":\"https:\\\/\\\/regbu.com\\\/pt\\\/anemia-e-seus-sintomas\\\/\",\"url\":\"https:\\\/\\\/regbu.com\\\/pt\\\/anemia-e-seus-sintomas\\\/\",\"name\":\"Chudokrevnost a jej\u00ed p\u0159\u00edznaky - REGBU.COM\",\"isPartOf\":{\"@id\":\"https:\\\/\\\/regbu.com\\\/en\\\/#website\"},\"primaryImageOfPage\":{\"@id\":\"https:\\\/\\\/regbu.com\\\/pt\\\/anemia-e-seus-sintomas\\\/#primaryimage\"},\"image\":{\"@id\":\"https:\\\/\\\/regbu.com\\\/pt\\\/anemia-e-seus-sintomas\\\/#primaryimage\"},\"thumbnailUrl\":\"https:\\\/\\\/regbu.com\\\/wp-content\\\/uploads\\\/2023\\\/07\\\/chudokrevnost-a-jeji-priznaky.jpg\",\"datePublished\":\"2023-07-26T05:59:19+00:00\",\"dateModified\":\"2025-09-05T05:40:23+00:00\",\"author\":{\"@id\":\"https:\\\/\\\/regbu.com\\\/en\\\/#\\\/schema\\\/person\\\/94ea9deda2629771b8a9ced002f6784e\"},\"description\":\"Tr\u00e1p\u00ed V\u00e1s chudokrevnost? Pak m\u00e1te s nejv\u011bt\u0161\u00ed pravd\u011bpodobnost\u00ed probl\u00e9my s tvorbou \u010derven\u00fdch krvinek. Prozrad\u00edme V\u00e1m, jak na to.\",\"breadcrumb\":{\"@id\":\"https:\\\/\\\/regbu.com\\\/pt\\\/anemia-e-seus-sintomas\\\/#breadcrumb\"},\"inLanguage\":\"pt-PT\",\"potentialAction\":[{\"@type\":\"ReadAction\",\"target\":[\"https:\\\/\\\/regbu.com\\\/pt\\\/anemia-e-seus-sintomas\\\/\"]}]},{\"@type\":\"ImageObject\",\"inLanguage\":\"pt-PT\",\"@id\":\"https:\\\/\\\/regbu.com\\\/pt\\\/anemia-e-seus-sintomas\\\/#primaryimage\",\"url\":\"https:\\\/\\\/regbu.com\\\/wp-content\\\/uploads\\\/2023\\\/07\\\/chudokrevnost-a-jeji-priznaky.jpg\",\"contentUrl\":\"https:\\\/\\\/regbu.com\\\/wp-content\\\/uploads\\\/2023\\\/07\\\/chudokrevnost-a-jeji-priznaky.jpg\",\"width\":1200,\"height\":675,\"caption\":\"Chudokrevnost a jej\u00ed p\u0159\u00edznaky\"},{\"@type\":\"BreadcrumbList\",\"@id\":\"https:\\\/\\\/regbu.com\\\/pt\\\/anemia-e-seus-sintomas\\\/#breadcrumb\",\"itemListElement\":[{\"@type\":\"ListItem\",\"position\":1,\"name\":\"Home\",\"item\":\"https:\\\/\\\/regbu.com\\\/en\\\/\"},{\"@type\":\"ListItem\",\"position\":2,\"name\":\"Chudokrevnost a jej\u00ed p\u0159\u00edznaky\"}]},{\"@type\":\"WebSite\",\"@id\":\"https:\\\/\\\/regbu.com\\\/en\\\/#website\",\"url\":\"https:\\\/\\\/regbu.com\\\/en\\\/\",\"name\":\"REGBU.COM\",\"description\":\"\",\"potentialAction\":[{\"@type\":\"SearchAction\",\"target\":{\"@type\":\"EntryPoint\",\"urlTemplate\":\"https:\\\/\\\/regbu.com\\\/en\\\/?s={search_term_string}\"},\"query-input\":{\"@type\":\"PropertyValueSpecification\",\"valueRequired\":true,\"valueName\":\"search_term_string\"}}],\"inLanguage\":\"pt-PT\"},{\"@type\":\"Person\",\"@id\":\"https:\\\/\\\/regbu.com\\\/en\\\/#\\\/schema\\\/person\\\/94ea9deda2629771b8a9ced002f6784e\",\"name\":\"George Martin\",\"url\":\"https:\\\/\\\/regbu.com\\\/pt\\\/author\\\/george-martin\\\/\"}]}<\/script>\n<!-- \/ Yoast SEO plugin. -->","yoast_head_json":{"title":"Anemia e seus sintomas - REGBU.COM","description":"Sofre de anemia? Ent\u00e3o, o mais prov\u00e1vel \u00e9 que tenha problemas com a produ\u00e7\u00e3o de gl\u00f3bulos vermelhos. Vamos dizer-lhe como o fazer.","robots":{"index":"index","follow":"follow","max-snippet":"max-snippet:-1","max-image-preview":"max-image-preview:large","max-video-preview":"max-video-preview:-1"},"canonical":"https:\/\/regbu.com\/pt\/anemia-e-seus-sintomas\/","og_locale":"pt_PT","og_type":"article","og_title":"Chudokrevnost a jej\u00ed p\u0159\u00edznaky - REGBU.COM","og_description":"Tr\u00e1p\u00ed V\u00e1s chudokrevnost? Pak m\u00e1te s nejv\u011bt\u0161\u00ed pravd\u011bpodobnost\u00ed probl\u00e9my s tvorbou \u010derven\u00fdch krvinek. Prozrad\u00edme V\u00e1m, jak na to.","og_url":"https:\/\/regbu.com\/pt\/anemia-e-seus-sintomas\/","og_site_name":"REGBU.COM","article_published_time":"2023-07-26T05:59:19+00:00","article_modified_time":"2025-09-05T05:40:23+00:00","og_image":[{"width":1200,"height":675,"url":"https:\/\/regbu.com\/wp-content\/uploads\/2023\/07\/chudokrevnost-a-jeji-priznaky.jpg","type":"image\/jpeg"}],"author":"George Martin","twitter_card":"summary_large_image","twitter_misc":{"Escrito por":"George Martin","Tempo estimado de leitura":"2 minutos"},"schema":{"@context":"https:\/\/schema.org","@graph":[{"@type":"Article","@id":"https:\/\/regbu.com\/pt\/anemia-e-seus-sintomas\/#article","isPartOf":{"@id":"https:\/\/regbu.com\/pt\/anemia-e-seus-sintomas\/"},"author":{"name":"George Martin","@id":"https:\/\/regbu.com\/en\/#\/schema\/person\/94ea9deda2629771b8a9ced002f6784e"},"headline":"Chudokrevnost a jej\u00ed p\u0159\u00edznaky","datePublished":"2023-07-26T05:59:19+00:00","dateModified":"2025-09-05T05:40:23+00:00","mainEntityOfPage":{"@id":"https:\/\/regbu.com\/pt\/anemia-e-seus-sintomas\/"},"wordCount":459,"image":{"@id":"https:\/\/regbu.com\/pt\/anemia-e-seus-sintomas\/#primaryimage"},"thumbnailUrl":"https:\/\/regbu.com\/wp-content\/uploads\/2023\/07\/chudokrevnost-a-jeji-priznaky.jpg","keywords":["anaemia","an\u00e9mie","\u010derven\u00e9 krvinky","chudokrevnost","d\u00fdchavi\u010dnost","kondice","slabost","studen\u00e9 t\u011blo","tvorba \u017eeleza","\u017eelezo"],"articleSection":["Lidsk\u00e9 Zdrav\u00ed"],"inLanguage":"pt-PT"},{"@type":"WebPage","@id":"https:\/\/regbu.com\/pt\/anemia-e-seus-sintomas\/","url":"https:\/\/regbu.com\/pt\/anemia-e-seus-sintomas\/","name":"Anemia e seus sintomas - REGBU.COM","isPartOf":{"@id":"https:\/\/regbu.com\/en\/#website"},"primaryImageOfPage":{"@id":"https:\/\/regbu.com\/pt\/anemia-e-seus-sintomas\/#primaryimage"},"image":{"@id":"https:\/\/regbu.com\/pt\/anemia-e-seus-sintomas\/#primaryimage"},"thumbnailUrl":"https:\/\/regbu.com\/wp-content\/uploads\/2023\/07\/chudokrevnost-a-jeji-priznaky.jpg","datePublished":"2023-07-26T05:59:19+00:00","dateModified":"2025-09-05T05:40:23+00:00","author":{"@id":"https:\/\/regbu.com\/en\/#\/schema\/person\/94ea9deda2629771b8a9ced002f6784e"},"description":"Sofre de anemia? Ent\u00e3o, o mais prov\u00e1vel \u00e9 que tenha problemas com a produ\u00e7\u00e3o de gl\u00f3bulos vermelhos. Vamos dizer-lhe como o fazer.","breadcrumb":{"@id":"https:\/\/regbu.com\/pt\/anemia-e-seus-sintomas\/#breadcrumb"},"inLanguage":"pt-PT","potentialAction":[{"@type":"ReadAction","target":["https:\/\/regbu.com\/pt\/anemia-e-seus-sintomas\/"]}]},{"@type":"ImageObject","inLanguage":"pt-PT","@id":"https:\/\/regbu.com\/pt\/anemia-e-seus-sintomas\/#primaryimage","url":"https:\/\/regbu.com\/wp-content\/uploads\/2023\/07\/chudokrevnost-a-jeji-priznaky.jpg","contentUrl":"https:\/\/regbu.com\/wp-content\/uploads\/2023\/07\/chudokrevnost-a-jeji-priznaky.jpg","width":1200,"height":675,"caption":"Chudokrevnost a jej\u00ed p\u0159\u00edznaky"},{"@type":"BreadcrumbList","@id":"https:\/\/regbu.com\/pt\/anemia-e-seus-sintomas\/#breadcrumb","itemListElement":[{"@type":"ListItem","position":1,"name":"Home","item":"https:\/\/regbu.com\/en\/"},{"@type":"ListItem","position":2,"name":"Chudokrevnost a jej\u00ed p\u0159\u00edznaky"}]},{"@type":"WebSite","@id":"https:\/\/regbu.com\/en\/#website","url":"https:\/\/regbu.com\/en\/","name":"REGBU.COM","description":"","potentialAction":[{"@type":"SearchAction","target":{"@type":"EntryPoint","urlTemplate":"https:\/\/regbu.com\/en\/?s={search_term_string}"},"query-input":{"@type":"PropertyValueSpecification","valueRequired":true,"valueName":"search_term_string"}}],"inLanguage":"pt-PT"},{"@type":"Person","@id":"https:\/\/regbu.com\/en\/#\/schema\/person\/94ea9deda2629771b8a9ced002f6784e","name":"George Martin","url":"https:\/\/regbu.com\/pt\/author\/george-martin\/"}]}},"_links":{"self":[{"href":"https:\/\/regbu.com\/pt\/wp-json\/wp\/v2\/posts\/1280","targetHints":{"allow":["GET"]}}],"collection":[{"href":"https:\/\/regbu.com\/pt\/wp-json\/wp\/v2\/posts"}],"about":[{"href":"https:\/\/regbu.com\/pt\/wp-json\/wp\/v2\/types\/post"}],"author":[{"embeddable":true,"href":"https:\/\/regbu.com\/pt\/wp-json\/wp\/v2\/users\/2"}],"replies":[{"embeddable":true,"href":"https:\/\/regbu.com\/pt\/wp-json\/wp\/v2\/comments?post=1280"}],"version-history":[{"count":2,"href":"https:\/\/regbu.com\/pt\/wp-json\/wp\/v2\/posts\/1280\/revisions"}],"predecessor-version":[{"id":1296,"href":"https:\/\/regbu.com\/pt\/wp-json\/wp\/v2\/posts\/1280\/revisions\/1296"}],"wp:featuredmedia":[{"embeddable":true,"href":"https:\/\/regbu.com\/pt\/wp-json\/wp\/v2\/media\/1281"}],"wp:attachment":[{"href":"https:\/\/regbu.com\/pt\/wp-json\/wp\/v2\/media?parent=1280"}],"wp:term":[{"taxonomy":"category","embeddable":true,"href":"https:\/\/regbu.com\/pt\/wp-json\/wp\/v2\/categories?post=1280"},{"taxonomy":"post_tag","embeddable":true,"href":"https:\/\/regbu.com\/pt\/wp-json\/wp\/v2\/tags?post=1280"}],"curies":[{"name":"wp","href":"https:\/\/api.w.org\/{rel}","templated":true}]}}