{"id":1221,"date":"2023-07-23T15:59:52","date_gmt":"2023-07-23T13:59:52","guid":{"rendered":"https:\/\/regbu.com\/?p=1221"},"modified":"2025-09-05T07:40:49","modified_gmt":"2025-09-05T05:40:49","slug":"pansky-opasek-musi-byt-spravne-dlouhy","status":"publish","type":"post","link":"https:\/\/regbu.com\/pt\/o-cinto-de-seguranca-para-homem-deve-ter-o-comprimento-adequado\/","title":{"rendered":"O cinto de homem deve ter o comprimento correto"},"content":{"rendered":"<p>Um cinto de homem \u00e9 uma pe\u00e7a popular das cal\u00e7as de homem, bem como, por exemplo <strong><a href=\"https:\/\/regbu.com\/pt\/camisolas-de-senhora-que-podem-ser-usadas-de-muitas-formas\/\">len\u00e7os de senhora<\/a><\/strong> para os vestidos de ver\u00e3o. Algumas pessoas podem pensar que a escolha do cinto n\u00e3o \u00e9 muito importante, mas o oposto \u00e9 verdadeiro. Isto \u00e9 duplamente verdade no caso de vestu\u00e1rio formal, em que se reconhece visivelmente este elemento.<\/p>\n\n\n\n<ul class=\"wp-block-list\">\n<li>Utiliza\u00e7\u00e3o pr\u00e1tica<\/li>\n\n\n\n<li>Utiliza\u00e7\u00e3o est\u00e9tica<\/li>\n<\/ul>\n\n\n\n<p>Ao escolher um cinto de homem, deve ter em conta v\u00e1rios par\u00e2metros importantes. Ser\u00e1 certamente a escolha do material de fabrico do cinto. A outra parte essencial \u00e9 <strong>fivela<\/strong>. Por \u00faltimo, n\u00e3o se esque\u00e7a do comprimento correto.<\/p>\n\n\n\n<h2 class=\"wp-block-heading\">Processamento de materiais de acordo com a ocasi\u00e3o<\/h2>\n\n\n\n<p>Provavelmente n\u00e3o precisamos de explicar uma coisa crucial a nenhum dos nossos leitores. Quanto mais formal for o evento social, mais formal ser\u00e1 a escolha do cinto. E, por conseguinte, o material utilizado. O cinto de um cavalheiro para uma sociedade mais glamorosa deve ser <strong>em pele sint\u00e9tica<\/strong>. \u00c9 uma aposta segura. O oposto disto s\u00e3o as reuni\u00f5es menos formais, onde se pode apostar numa roupa casual. \u00c9 nessa altura que os cintos de camur\u00e7a ou mesmo de tecido ganham for\u00e7a.<\/p>\n\n\n\n<h3 class=\"wp-block-heading\">Cinto de seguran\u00e7a para homem - Perguntas e respostas<\/h3>\n\n\n\n<p>No entanto, a sele\u00e7\u00e3o de um novo cinto de homem n\u00e3o termina com as informa\u00e7\u00f5es acima, mas come\u00e7a. N\u00e3o se esque\u00e7a de obter <em>v\u00e1rias personagens diferentes<\/em> <em>cintos<\/em> dependendo dos c\u00edrculos sociais que frequenta. As linhas que se seguem podem ajud\u00e1-lo nesse sentido.<\/p>\n\n\n\n<div class=\"schema-faq wp-block-yoast-faq-block\"><div class=\"schema-faq-section\" id=\"faq-question-1690207207819\"><strong class=\"schema-faq-question\">Que cor de cinto devo escolher?<\/strong> <p class=\"schema-faq-answer\">A cor do cinto para homem deve combinar com os outros acess\u00f3rios de couro do seu vestu\u00e1rio. Um exemplo t\u00edpico \u00e9 uma cor semelhante para os sapatos sociais.<\/p> <\/div> <div class=\"schema-faq-section\" id=\"faq-question-1690207213888\"><strong class=\"schema-faq-question\">E a cor da fivela do cinto?<\/strong> <p class=\"schema-faq-answer\">Aten\u00e7\u00e3o \u00e0 fivela. A sua cor deve ser id\u00eantica \u00e0 dos outros acess\u00f3rios sob a forma de braceletes met\u00e1licas para rel\u00f3gios, correntes e pulseiras.<\/p> <\/div> <div class=\"schema-faq-section\" id=\"faq-question-1690207221535\"><strong class=\"schema-faq-question\">Como perfurar o cinto original?<\/strong> <p class=\"schema-faq-answer\">Combine a sua cor invulgar com uma camisa monocrom\u00e1tica e cal\u00e7as lisas.<\/p> <\/div> <div class=\"schema-faq-section\" id=\"faq-question-1690207229724\"><strong class=\"schema-faq-question\">Qual deve ser o comprimento do cinto?<\/strong> <p class=\"schema-faq-answer\">O correto. Pode chegar aos valores correctos medindo a circunfer\u00eancia da cintura. O cinto \u00e9 normalmente um pouco mais comprido do que a circunfer\u00eancia, para que o possa inserir no buraco das cal\u00e7as. Cuidado com um cinto demasiado comprido, que pode cair.<\/p> <\/div> <div class=\"schema-faq-section\" id=\"faq-question-1690207236250\"><strong class=\"schema-faq-question\">Quais s\u00e3o os cuidados a ter quando se usa um cinto?<\/strong> <p class=\"schema-faq-answer\">N\u00e3o subestimar o seu aperto. Um aperto demasiado forte acentua uma barriga maior.<\/p> <\/div> <\/div>","protected":false},"excerpt":{"rendered":"<p>O cinto de homem \u00e9 uma pe\u00e7a muito procurada nas cal\u00e7as de homem, tal como os len\u00e7os de senhora nos vestidos de ver\u00e3o. Alguns poder\u00e3o pensar que a escolha do cinto n\u00e3o \u00e9 muito importante, mas o contr\u00e1rio \u00e9 que \u00e9 verdade. Isto \u00e9 duplamente verdade no caso de vestu\u00e1rio formal, em que se reconhece visivelmente este elemento. Ao escolher um cinto de homem, deve ter em conta v\u00e1rios factores importantes ... <\/p>","protected":false},"author":2,"featured_media":1222,"comment_status":"closed","ping_status":"closed","sticky":false,"template":"","format":"standard","meta":{"footnotes":""},"categories":[671],"tags":[740,1428,697,1430,1429,1411,1426,1425,1409,1427],"class_list":["post-1221","post","type-post","status-publish","format-standard","has-post-thumbnail","hentry","category-moda","tag-barva","tag-barva-opasku","tag-casual","tag-delka","tag-delka-opasku","tag-kuze","tag-opasek","tag-pansky-opasek","tag-pasek","tag-spona"],"yoast_head":"<!-- This site is optimized with the Yoast SEO plugin v27.5 - https:\/\/yoast.com\/product\/yoast-seo-wordpress\/ -->\n<title>P\u00e1nsk\u00fd opasek mus\u00ed b\u00fdt spr\u00e1vn\u011b dlouh\u00fd - REGBU.COM<\/title>\n<meta name=\"description\" content=\"Vsa\u010fte na ten spr\u00e1vn\u00fd p\u00e1nsk\u00fd opasek vhodn\u00fd pro konkr\u00e9tn\u00ed spole\u010denskou ud\u00e1lost. Prozrad\u00edme V\u00e1m, jak ho vybrat.\" \/>\n<meta name=\"robots\" content=\"index, follow, max-snippet:-1, max-image-preview:large, max-video-preview:-1\" \/>\n<link rel=\"canonical\" href=\"https:\/\/regbu.com\/pt\/o-cinto-de-seguranca-para-homem-deve-ter-o-comprimento-adequado\/\" \/>\n<meta property=\"og:locale\" content=\"pt_PT\" \/>\n<meta property=\"og:type\" content=\"article\" \/>\n<meta property=\"og:title\" content=\"P\u00e1nsk\u00fd opasek mus\u00ed b\u00fdt spr\u00e1vn\u011b dlouh\u00fd - REGBU.COM\" \/>\n<meta property=\"og:description\" content=\"Vsa\u010fte na ten spr\u00e1vn\u00fd p\u00e1nsk\u00fd opasek vhodn\u00fd pro konkr\u00e9tn\u00ed spole\u010denskou ud\u00e1lost. Prozrad\u00edme V\u00e1m, jak ho vybrat.\" \/>\n<meta property=\"og:url\" content=\"https:\/\/regbu.com\/pt\/o-cinto-de-seguranca-para-homem-deve-ter-o-comprimento-adequado\/\" \/>\n<meta property=\"og:site_name\" content=\"REGBU.COM\" \/>\n<meta property=\"article:published_time\" content=\"2023-07-23T13:59:52+00:00\" \/>\n<meta property=\"article:modified_time\" content=\"2025-09-05T05:40:49+00:00\" \/>\n<meta property=\"og:image\" content=\"https:\/\/regbu.com\/wp-content\/uploads\/2023\/07\/pansky-opasek-musi-byt-spravne-dlouhy.jpg\" \/>\n\t<meta property=\"og:image:width\" content=\"1200\" \/>\n\t<meta property=\"og:image:height\" content=\"676\" \/>\n\t<meta property=\"og:image:type\" content=\"image\/jpeg\" \/>\n<meta name=\"author\" content=\"George Martin\" \/>\n<meta name=\"twitter:card\" content=\"summary_large_image\" \/>\n<meta name=\"twitter:label1\" content=\"Escrito por\" \/>\n\t<meta name=\"twitter:data1\" content=\"George Martin\" \/>\n\t<meta name=\"twitter:label2\" content=\"Tempo estimado de leitura\" \/>\n\t<meta name=\"twitter:data2\" content=\"2 minutos\" \/>\n<script type=\"application\/ld+json\" class=\"yoast-schema-graph\">{\"@context\":\"https:\\\/\\\/schema.org\",\"@graph\":[{\"@type\":\"Article\",\"@id\":\"https:\\\/\\\/regbu.com\\\/pt\\\/o-cinto-de-seguranca-para-homem-deve-ter-o-comprimento-adequado\\\/#article\",\"isPartOf\":{\"@id\":\"https:\\\/\\\/regbu.com\\\/pt\\\/o-cinto-de-seguranca-para-homem-deve-ter-o-comprimento-adequado\\\/\"},\"author\":{\"name\":\"George Martin\",\"@id\":\"https:\\\/\\\/regbu.com\\\/en\\\/#\\\/schema\\\/person\\\/94ea9deda2629771b8a9ced002f6784e\"},\"headline\":\"P\u00e1nsk\u00fd opasek mus\u00ed b\u00fdt spr\u00e1vn\u011b dlouh\u00fd\",\"datePublished\":\"2023-07-23T13:59:52+00:00\",\"dateModified\":\"2025-09-05T05:40:49+00:00\",\"mainEntityOfPage\":{\"@id\":\"https:\\\/\\\/regbu.com\\\/pt\\\/o-cinto-de-seguranca-para-homem-deve-ter-o-comprimento-adequado\\\/\"},\"wordCount\":477,\"image\":{\"@id\":\"https:\\\/\\\/regbu.com\\\/pt\\\/o-cinto-de-seguranca-para-homem-deve-ter-o-comprimento-adequado\\\/#primaryimage\"},\"thumbnailUrl\":\"https:\\\/\\\/regbu.com\\\/wp-content\\\/uploads\\\/2023\\\/07\\\/pansky-opasek-musi-byt-spravne-dlouhy.jpg\",\"keywords\":[\"barva\",\"barva opasku\",\"Casual\",\"d\u00e9lka\",\"d\u00e9lka opasku\",\"k\u016f\u017ee\",\"opasek\",\"p\u00e1nsk\u00fd opasek\",\"p\u00e1sek\",\"spona\"],\"articleSection\":[\"M\u00f3da\"],\"inLanguage\":\"pt-PT\"},{\"@type\":[\"WebPage\",\"FAQPage\"],\"@id\":\"https:\\\/\\\/regbu.com\\\/pt\\\/o-cinto-de-seguranca-para-homem-deve-ter-o-comprimento-adequado\\\/\",\"url\":\"https:\\\/\\\/regbu.com\\\/pt\\\/o-cinto-de-seguranca-para-homem-deve-ter-o-comprimento-adequado\\\/\",\"name\":\"P\u00e1nsk\u00fd opasek mus\u00ed b\u00fdt spr\u00e1vn\u011b dlouh\u00fd - REGBU.COM\",\"isPartOf\":{\"@id\":\"https:\\\/\\\/regbu.com\\\/en\\\/#website\"},\"primaryImageOfPage\":{\"@id\":\"https:\\\/\\\/regbu.com\\\/pt\\\/o-cinto-de-seguranca-para-homem-deve-ter-o-comprimento-adequado\\\/#primaryimage\"},\"image\":{\"@id\":\"https:\\\/\\\/regbu.com\\\/pt\\\/o-cinto-de-seguranca-para-homem-deve-ter-o-comprimento-adequado\\\/#primaryimage\"},\"thumbnailUrl\":\"https:\\\/\\\/regbu.com\\\/wp-content\\\/uploads\\\/2023\\\/07\\\/pansky-opasek-musi-byt-spravne-dlouhy.jpg\",\"datePublished\":\"2023-07-23T13:59:52+00:00\",\"dateModified\":\"2025-09-05T05:40:49+00:00\",\"author\":{\"@id\":\"https:\\\/\\\/regbu.com\\\/en\\\/#\\\/schema\\\/person\\\/94ea9deda2629771b8a9ced002f6784e\"},\"description\":\"Vsa\u010fte na ten spr\u00e1vn\u00fd p\u00e1nsk\u00fd opasek vhodn\u00fd pro konkr\u00e9tn\u00ed spole\u010denskou ud\u00e1lost. Prozrad\u00edme V\u00e1m, jak ho vybrat.\",\"breadcrumb\":{\"@id\":\"https:\\\/\\\/regbu.com\\\/pt\\\/o-cinto-de-seguranca-para-homem-deve-ter-o-comprimento-adequado\\\/#breadcrumb\"},\"mainEntity\":[{\"@id\":\"https:\\\/\\\/regbu.com\\\/pt\\\/o-cinto-de-seguranca-para-homem-deve-ter-o-comprimento-adequado\\\/#faq-question-1690207207819\"},{\"@id\":\"https:\\\/\\\/regbu.com\\\/pt\\\/o-cinto-de-seguranca-para-homem-deve-ter-o-comprimento-adequado\\\/#faq-question-1690207213888\"},{\"@id\":\"https:\\\/\\\/regbu.com\\\/pt\\\/o-cinto-de-seguranca-para-homem-deve-ter-o-comprimento-adequado\\\/#faq-question-1690207221535\"},{\"@id\":\"https:\\\/\\\/regbu.com\\\/pt\\\/o-cinto-de-seguranca-para-homem-deve-ter-o-comprimento-adequado\\\/#faq-question-1690207229724\"},{\"@id\":\"https:\\\/\\\/regbu.com\\\/pt\\\/o-cinto-de-seguranca-para-homem-deve-ter-o-comprimento-adequado\\\/#faq-question-1690207236250\"}],\"inLanguage\":\"pt-PT\",\"potentialAction\":[{\"@type\":\"ReadAction\",\"target\":[\"https:\\\/\\\/regbu.com\\\/pt\\\/o-cinto-de-seguranca-para-homem-deve-ter-o-comprimento-adequado\\\/\"]}]},{\"@type\":\"ImageObject\",\"inLanguage\":\"pt-PT\",\"@id\":\"https:\\\/\\\/regbu.com\\\/pt\\\/o-cinto-de-seguranca-para-homem-deve-ter-o-comprimento-adequado\\\/#primaryimage\",\"url\":\"https:\\\/\\\/regbu.com\\\/wp-content\\\/uploads\\\/2023\\\/07\\\/pansky-opasek-musi-byt-spravne-dlouhy.jpg\",\"contentUrl\":\"https:\\\/\\\/regbu.com\\\/wp-content\\\/uploads\\\/2023\\\/07\\\/pansky-opasek-musi-byt-spravne-dlouhy.jpg\",\"width\":1200,\"height\":676,\"caption\":\"P\u00e1nsk\u00fd opasek mus\u00ed b\u00fdt spr\u00e1vn\u011b dlouh\u00fd\"},{\"@type\":\"BreadcrumbList\",\"@id\":\"https:\\\/\\\/regbu.com\\\/pt\\\/o-cinto-de-seguranca-para-homem-deve-ter-o-comprimento-adequado\\\/#breadcrumb\",\"itemListElement\":[{\"@type\":\"ListItem\",\"position\":1,\"name\":\"Home\",\"item\":\"https:\\\/\\\/regbu.com\\\/en\\\/\"},{\"@type\":\"ListItem\",\"position\":2,\"name\":\"P\u00e1nsk\u00fd opasek mus\u00ed b\u00fdt spr\u00e1vn\u011b dlouh\u00fd\"}]},{\"@type\":\"WebSite\",\"@id\":\"https:\\\/\\\/regbu.com\\\/en\\\/#website\",\"url\":\"https:\\\/\\\/regbu.com\\\/en\\\/\",\"name\":\"REGBU.COM\",\"description\":\"\",\"potentialAction\":[{\"@type\":\"SearchAction\",\"target\":{\"@type\":\"EntryPoint\",\"urlTemplate\":\"https:\\\/\\\/regbu.com\\\/en\\\/?s={search_term_string}\"},\"query-input\":{\"@type\":\"PropertyValueSpecification\",\"valueRequired\":true,\"valueName\":\"search_term_string\"}}],\"inLanguage\":\"pt-PT\"},{\"@type\":\"Person\",\"@id\":\"https:\\\/\\\/regbu.com\\\/en\\\/#\\\/schema\\\/person\\\/94ea9deda2629771b8a9ced002f6784e\",\"name\":\"George Martin\",\"url\":\"https:\\\/\\\/regbu.com\\\/pt\\\/author\\\/george-martin\\\/\"},{\"@type\":\"Question\",\"@id\":\"https:\\\/\\\/regbu.com\\\/pt\\\/o-cinto-de-seguranca-para-homem-deve-ter-o-comprimento-adequado\\\/#faq-question-1690207207819\",\"position\":1,\"url\":\"https:\\\/\\\/regbu.com\\\/pt\\\/o-cinto-de-seguranca-para-homem-deve-ter-o-comprimento-adequado\\\/#faq-question-1690207207819\",\"name\":\"Jakou zvolit barvu opasku?\",\"answerCount\":1,\"acceptedAnswer\":{\"@type\":\"Answer\",\"text\":\"Barevn\u00e9 proveden\u00ed p\u00e1nsk\u00e9ho opasku by m\u011blo korespondovat s ostatn\u00edmi ko\u017een\u00fdmi dopl\u0148ky Va\u0161eho o\u0161acen\u00ed. Typick\u00fdm p\u0159\u00edkladem je podobn\u00e1 barva spole\u010densk\u00fdch bot.\",\"inLanguage\":\"pt-PT\"},\"inLanguage\":\"pt-PT\"},{\"@type\":\"Question\",\"@id\":\"https:\\\/\\\/regbu.com\\\/pt\\\/o-cinto-de-seguranca-para-homem-deve-ter-o-comprimento-adequado\\\/#faq-question-1690207213888\",\"position\":2,\"url\":\"https:\\\/\\\/regbu.com\\\/pt\\\/o-cinto-de-seguranca-para-homem-deve-ter-o-comprimento-adequado\\\/#faq-question-1690207213888\",\"name\":\"Jak je to s barvou spony na opasku?\",\"answerCount\":1,\"acceptedAnswer\":{\"@type\":\"Answer\",\"text\":\"U spony si pohl\u00eddejte jedin\u00e9. Jej\u00ed barva byla b\u00fdt toto\u017en\u00e1 s ostatn\u00edmi dopl\u0148ky v podob\u011b kovov\u00e9ho \u0159em\u00ednku od hodinek, \u0159et\u00edzk\u016f a n\u00e1ramk\u016f na ruce.\",\"inLanguage\":\"pt-PT\"},\"inLanguage\":\"pt-PT\"},{\"@type\":\"Question\",\"@id\":\"https:\\\/\\\/regbu.com\\\/pt\\\/o-cinto-de-seguranca-para-homem-deve-ter-o-comprimento-adequado\\\/#faq-question-1690207221535\",\"position\":3,\"url\":\"https:\\\/\\\/regbu.com\\\/pt\\\/o-cinto-de-seguranca-para-homem-deve-ter-o-comprimento-adequado\\\/#faq-question-1690207221535\",\"name\":\"Jak vyp\u00edchnout origin\u00e1ln\u00ed p\u00e1sek?\",\"answerCount\":1,\"acceptedAnswer\":{\"@type\":\"Answer\",\"text\":\"Jeho nev\u0161edn\u00ed barvu zkombinujte s jednobarevnou ko\u0161il\u00ed a hladk\u00fdmi kalhotami.\",\"inLanguage\":\"pt-PT\"},\"inLanguage\":\"pt-PT\"},{\"@type\":\"Question\",\"@id\":\"https:\\\/\\\/regbu.com\\\/pt\\\/o-cinto-de-seguranca-para-homem-deve-ter-o-comprimento-adequado\\\/#faq-question-1690207229724\",\"position\":4,\"url\":\"https:\\\/\\\/regbu.com\\\/pt\\\/o-cinto-de-seguranca-para-homem-deve-ter-o-comprimento-adequado\\\/#faq-question-1690207229724\",\"name\":\"Jak\u00e1 m\u00e1 b\u00fdt d\u00e9lka opasku?\",\"answerCount\":1,\"acceptedAnswer\":{\"@type\":\"Answer\",\"text\":\"Tak akor\u00e1t. Ke spr\u00e1vn\u00fdm hodnot\u00e1m se dopracujete, kdy\u017e si zm\u011b\u0159\u00edte obvod pasu. Opasek b\u00fdv\u00e1 o n\u011bco del\u0161\u00ed, ne\u017e je obvod, abyste ho zasunuli do oka u kalhot. Pozor na p\u0159\u00edli\u0161 dlouh\u00fd opasek, kter\u00fd by mohl plandat.\",\"inLanguage\":\"pt-PT\"},\"inLanguage\":\"pt-PT\"},{\"@type\":\"Question\",\"@id\":\"https:\\\/\\\/regbu.com\\\/pt\\\/o-cinto-de-seguranca-para-homem-deve-ter-o-comprimento-adequado\\\/#faq-question-1690207236250\",\"position\":5,\"url\":\"https:\\\/\\\/regbu.com\\\/pt\\\/o-cinto-de-seguranca-para-homem-deve-ter-o-comprimento-adequado\\\/#faq-question-1690207236250\",\"name\":\"Co si pohl\u00eddat p\u0159i no\u0161en\u00ed opasku?\",\"answerCount\":1,\"acceptedAnswer\":{\"@type\":\"Answer\",\"text\":\"Nepodce\u0148ujte jeho uta\u017een\u00ed. P\u0159\u00edli\u0161n\u00e9 uta\u017een\u00ed toti\u017e zv\u00fdraz\u0148uje v\u011bt\u0161\u00ed b\u0159icho.\",\"inLanguage\":\"pt-PT\"},\"inLanguage\":\"pt-PT\"}]}<\/script>\n<!-- \/ Yoast SEO plugin. -->","yoast_head_json":{"title":"O cinto de homem deve ter o comprimento certo - REGBU.COM","description":"Aposte no cinto de homem adequado para um determinado evento social. N\u00f3s dizemos-lhe como escolher um.","robots":{"index":"index","follow":"follow","max-snippet":"max-snippet:-1","max-image-preview":"max-image-preview:large","max-video-preview":"max-video-preview:-1"},"canonical":"https:\/\/regbu.com\/pt\/o-cinto-de-seguranca-para-homem-deve-ter-o-comprimento-adequado\/","og_locale":"pt_PT","og_type":"article","og_title":"P\u00e1nsk\u00fd opasek mus\u00ed b\u00fdt spr\u00e1vn\u011b dlouh\u00fd - REGBU.COM","og_description":"Vsa\u010fte na ten spr\u00e1vn\u00fd p\u00e1nsk\u00fd opasek vhodn\u00fd pro konkr\u00e9tn\u00ed spole\u010denskou ud\u00e1lost. Prozrad\u00edme V\u00e1m, jak ho vybrat.","og_url":"https:\/\/regbu.com\/pt\/o-cinto-de-seguranca-para-homem-deve-ter-o-comprimento-adequado\/","og_site_name":"REGBU.COM","article_published_time":"2023-07-23T13:59:52+00:00","article_modified_time":"2025-09-05T05:40:49+00:00","og_image":[{"width":1200,"height":676,"url":"https:\/\/regbu.com\/wp-content\/uploads\/2023\/07\/pansky-opasek-musi-byt-spravne-dlouhy.jpg","type":"image\/jpeg"}],"author":"George Martin","twitter_card":"summary_large_image","twitter_misc":{"Escrito por":"George Martin","Tempo estimado de leitura":"2 minutos"},"schema":{"@context":"https:\/\/schema.org","@graph":[{"@type":"Article","@id":"https:\/\/regbu.com\/pt\/o-cinto-de-seguranca-para-homem-deve-ter-o-comprimento-adequado\/#article","isPartOf":{"@id":"https:\/\/regbu.com\/pt\/o-cinto-de-seguranca-para-homem-deve-ter-o-comprimento-adequado\/"},"author":{"name":"George Martin","@id":"https:\/\/regbu.com\/en\/#\/schema\/person\/94ea9deda2629771b8a9ced002f6784e"},"headline":"P\u00e1nsk\u00fd opasek mus\u00ed b\u00fdt spr\u00e1vn\u011b dlouh\u00fd","datePublished":"2023-07-23T13:59:52+00:00","dateModified":"2025-09-05T05:40:49+00:00","mainEntityOfPage":{"@id":"https:\/\/regbu.com\/pt\/o-cinto-de-seguranca-para-homem-deve-ter-o-comprimento-adequado\/"},"wordCount":477,"image":{"@id":"https:\/\/regbu.com\/pt\/o-cinto-de-seguranca-para-homem-deve-ter-o-comprimento-adequado\/#primaryimage"},"thumbnailUrl":"https:\/\/regbu.com\/wp-content\/uploads\/2023\/07\/pansky-opasek-musi-byt-spravne-dlouhy.jpg","keywords":["barva","barva opasku","Casual","d\u00e9lka","d\u00e9lka opasku","k\u016f\u017ee","opasek","p\u00e1nsk\u00fd opasek","p\u00e1sek","spona"],"articleSection":["M\u00f3da"],"inLanguage":"pt-PT"},{"@type":["WebPage","FAQPage"],"@id":"https:\/\/regbu.com\/pt\/o-cinto-de-seguranca-para-homem-deve-ter-o-comprimento-adequado\/","url":"https:\/\/regbu.com\/pt\/o-cinto-de-seguranca-para-homem-deve-ter-o-comprimento-adequado\/","name":"O cinto de homem deve ter o comprimento certo - REGBU.COM","isPartOf":{"@id":"https:\/\/regbu.com\/en\/#website"},"primaryImageOfPage":{"@id":"https:\/\/regbu.com\/pt\/o-cinto-de-seguranca-para-homem-deve-ter-o-comprimento-adequado\/#primaryimage"},"image":{"@id":"https:\/\/regbu.com\/pt\/o-cinto-de-seguranca-para-homem-deve-ter-o-comprimento-adequado\/#primaryimage"},"thumbnailUrl":"https:\/\/regbu.com\/wp-content\/uploads\/2023\/07\/pansky-opasek-musi-byt-spravne-dlouhy.jpg","datePublished":"2023-07-23T13:59:52+00:00","dateModified":"2025-09-05T05:40:49+00:00","author":{"@id":"https:\/\/regbu.com\/en\/#\/schema\/person\/94ea9deda2629771b8a9ced002f6784e"},"description":"Aposte no cinto de homem adequado para um determinado evento social. N\u00f3s dizemos-lhe como escolher um.","breadcrumb":{"@id":"https:\/\/regbu.com\/pt\/o-cinto-de-seguranca-para-homem-deve-ter-o-comprimento-adequado\/#breadcrumb"},"mainEntity":[{"@id":"https:\/\/regbu.com\/pt\/o-cinto-de-seguranca-para-homem-deve-ter-o-comprimento-adequado\/#faq-question-1690207207819"},{"@id":"https:\/\/regbu.com\/pt\/o-cinto-de-seguranca-para-homem-deve-ter-o-comprimento-adequado\/#faq-question-1690207213888"},{"@id":"https:\/\/regbu.com\/pt\/o-cinto-de-seguranca-para-homem-deve-ter-o-comprimento-adequado\/#faq-question-1690207221535"},{"@id":"https:\/\/regbu.com\/pt\/o-cinto-de-seguranca-para-homem-deve-ter-o-comprimento-adequado\/#faq-question-1690207229724"},{"@id":"https:\/\/regbu.com\/pt\/o-cinto-de-seguranca-para-homem-deve-ter-o-comprimento-adequado\/#faq-question-1690207236250"}],"inLanguage":"pt-PT","potentialAction":[{"@type":"ReadAction","target":["https:\/\/regbu.com\/pt\/o-cinto-de-seguranca-para-homem-deve-ter-o-comprimento-adequado\/"]}]},{"@type":"ImageObject","inLanguage":"pt-PT","@id":"https:\/\/regbu.com\/pt\/o-cinto-de-seguranca-para-homem-deve-ter-o-comprimento-adequado\/#primaryimage","url":"https:\/\/regbu.com\/wp-content\/uploads\/2023\/07\/pansky-opasek-musi-byt-spravne-dlouhy.jpg","contentUrl":"https:\/\/regbu.com\/wp-content\/uploads\/2023\/07\/pansky-opasek-musi-byt-spravne-dlouhy.jpg","width":1200,"height":676,"caption":"P\u00e1nsk\u00fd opasek mus\u00ed b\u00fdt spr\u00e1vn\u011b dlouh\u00fd"},{"@type":"BreadcrumbList","@id":"https:\/\/regbu.com\/pt\/o-cinto-de-seguranca-para-homem-deve-ter-o-comprimento-adequado\/#breadcrumb","itemListElement":[{"@type":"ListItem","position":1,"name":"Home","item":"https:\/\/regbu.com\/en\/"},{"@type":"ListItem","position":2,"name":"P\u00e1nsk\u00fd opasek mus\u00ed b\u00fdt spr\u00e1vn\u011b dlouh\u00fd"}]},{"@type":"WebSite","@id":"https:\/\/regbu.com\/en\/#website","url":"https:\/\/regbu.com\/en\/","name":"REGBU.COM","description":"","potentialAction":[{"@type":"SearchAction","target":{"@type":"EntryPoint","urlTemplate":"https:\/\/regbu.com\/en\/?s={search_term_string}"},"query-input":{"@type":"PropertyValueSpecification","valueRequired":true,"valueName":"search_term_string"}}],"inLanguage":"pt-PT"},{"@type":"Person","@id":"https:\/\/regbu.com\/en\/#\/schema\/person\/94ea9deda2629771b8a9ced002f6784e","name":"George Martin","url":"https:\/\/regbu.com\/pt\/author\/george-martin\/"},{"@type":"Question","@id":"https:\/\/regbu.com\/pt\/o-cinto-de-seguranca-para-homem-deve-ter-o-comprimento-adequado\/#faq-question-1690207207819","position":1,"url":"https:\/\/regbu.com\/pt\/o-cinto-de-seguranca-para-homem-deve-ter-o-comprimento-adequado\/#faq-question-1690207207819","name":"Que cor de cinto devo escolher?","answerCount":1,"acceptedAnswer":{"@type":"Answer","text":"Barevn\u00e9 proveden\u00ed p\u00e1nsk\u00e9ho opasku by m\u011blo korespondovat s ostatn\u00edmi ko\u017een\u00fdmi dopl\u0148ky Va\u0161eho o\u0161acen\u00ed. Typick\u00fdm p\u0159\u00edkladem je podobn\u00e1 barva spole\u010densk\u00fdch bot.","inLanguage":"pt-PT"},"inLanguage":"pt-PT"},{"@type":"Question","@id":"https:\/\/regbu.com\/pt\/o-cinto-de-seguranca-para-homem-deve-ter-o-comprimento-adequado\/#faq-question-1690207213888","position":2,"url":"https:\/\/regbu.com\/pt\/o-cinto-de-seguranca-para-homem-deve-ter-o-comprimento-adequado\/#faq-question-1690207213888","name":"E a cor da fivela do cinto?","answerCount":1,"acceptedAnswer":{"@type":"Answer","text":"U spony si pohl\u00eddejte jedin\u00e9. Jej\u00ed barva byla b\u00fdt toto\u017en\u00e1 s ostatn\u00edmi dopl\u0148ky v podob\u011b kovov\u00e9ho \u0159em\u00ednku od hodinek, \u0159et\u00edzk\u016f a n\u00e1ramk\u016f na ruce.","inLanguage":"pt-PT"},"inLanguage":"pt-PT"},{"@type":"Question","@id":"https:\/\/regbu.com\/pt\/o-cinto-de-seguranca-para-homem-deve-ter-o-comprimento-adequado\/#faq-question-1690207221535","position":3,"url":"https:\/\/regbu.com\/pt\/o-cinto-de-seguranca-para-homem-deve-ter-o-comprimento-adequado\/#faq-question-1690207221535","name":"Como perfurar o cinto original?","answerCount":1,"acceptedAnswer":{"@type":"Answer","text":"Jeho nev\u0161edn\u00ed barvu zkombinujte s jednobarevnou ko\u0161il\u00ed a hladk\u00fdmi kalhotami.","inLanguage":"pt-PT"},"inLanguage":"pt-PT"},{"@type":"Question","@id":"https:\/\/regbu.com\/pt\/o-cinto-de-seguranca-para-homem-deve-ter-o-comprimento-adequado\/#faq-question-1690207229724","position":4,"url":"https:\/\/regbu.com\/pt\/o-cinto-de-seguranca-para-homem-deve-ter-o-comprimento-adequado\/#faq-question-1690207229724","name":"Qual deve ser o comprimento do cinto?","answerCount":1,"acceptedAnswer":{"@type":"Answer","text":"Tak akor\u00e1t. Ke spr\u00e1vn\u00fdm hodnot\u00e1m se dopracujete, kdy\u017e si zm\u011b\u0159\u00edte obvod pasu. Opasek b\u00fdv\u00e1 o n\u011bco del\u0161\u00ed, ne\u017e je obvod, abyste ho zasunuli do oka u kalhot. Pozor na p\u0159\u00edli\u0161 dlouh\u00fd opasek, kter\u00fd by mohl plandat.","inLanguage":"pt-PT"},"inLanguage":"pt-PT"},{"@type":"Question","@id":"https:\/\/regbu.com\/pt\/o-cinto-de-seguranca-para-homem-deve-ter-o-comprimento-adequado\/#faq-question-1690207236250","position":5,"url":"https:\/\/regbu.com\/pt\/o-cinto-de-seguranca-para-homem-deve-ter-o-comprimento-adequado\/#faq-question-1690207236250","name":"Quais s\u00e3o os cuidados a ter quando se usa um cinto?","answerCount":1,"acceptedAnswer":{"@type":"Answer","text":"Nepodce\u0148ujte jeho uta\u017een\u00ed. P\u0159\u00edli\u0161n\u00e9 uta\u017een\u00ed toti\u017e zv\u00fdraz\u0148uje v\u011bt\u0161\u00ed b\u0159icho.","inLanguage":"pt-PT"},"inLanguage":"pt-PT"}]}},"_links":{"self":[{"href":"https:\/\/regbu.com\/pt\/wp-json\/wp\/v2\/posts\/1221","targetHints":{"allow":["GET"]}}],"collection":[{"href":"https:\/\/regbu.com\/pt\/wp-json\/wp\/v2\/posts"}],"about":[{"href":"https:\/\/regbu.com\/pt\/wp-json\/wp\/v2\/types\/post"}],"author":[{"embeddable":true,"href":"https:\/\/regbu.com\/pt\/wp-json\/wp\/v2\/users\/2"}],"replies":[{"embeddable":true,"href":"https:\/\/regbu.com\/pt\/wp-json\/wp\/v2\/comments?post=1221"}],"version-history":[{"count":2,"href":"https:\/\/regbu.com\/pt\/wp-json\/wp\/v2\/posts\/1221\/revisions"}],"predecessor-version":[{"id":1232,"href":"https:\/\/regbu.com\/pt\/wp-json\/wp\/v2\/posts\/1221\/revisions\/1232"}],"wp:featuredmedia":[{"embeddable":true,"href":"https:\/\/regbu.com\/pt\/wp-json\/wp\/v2\/media\/1222"}],"wp:attachment":[{"href":"https:\/\/regbu.com\/pt\/wp-json\/wp\/v2\/media?parent=1221"}],"wp:term":[{"taxonomy":"category","embeddable":true,"href":"https:\/\/regbu.com\/pt\/wp-json\/wp\/v2\/categories?post=1221"},{"taxonomy":"post_tag","embeddable":true,"href":"https:\/\/regbu.com\/pt\/wp-json\/wp\/v2\/tags?post=1221"}],"curies":[{"name":"wp","href":"https:\/\/api.w.org\/{rel}","templated":true}]}}