{"id":1010,"date":"2023-07-12T16:23:21","date_gmt":"2023-07-12T14:23:21","guid":{"rendered":"https:\/\/regbu.com\/?p=1010"},"modified":"2025-09-05T07:41:18","modified_gmt":"2025-09-05T05:41:18","slug":"klistova-encefalitida-je-zakernou-nemoci","status":"publish","type":"post","link":"https:\/\/regbu.com\/pt\/a-enema-encefalite-e-uma-doenca-de-fundo\/","title":{"rendered":"A encefalite transmitida por carra\u00e7as \u00e9 uma doen\u00e7a insidiosa"},"content":{"rendered":"<p>A encefalite transmitida por carra\u00e7as n\u00e3o \u00e9 a mesma coisa que <strong><a href=\"https:\/\/regbu.com\/pt\/obesidade-e-um-adulto-e-obesidade-das-criancas\/\">Obesidade<\/a><\/strong>que muitas pessoas provocaram a si pr\u00f3prias. Como o nome da doen\u00e7a revela, a fonte \u00e9 uma carra\u00e7a infetada que representa um risco significativo para a sa\u00fade humana. Para al\u00e9m da encefalite transmitida por carra\u00e7as, as carra\u00e7as s\u00e3o capazes de transmitir outras doen\u00e7as.<\/p>\n\n\n\n<ul class=\"wp-block-list\">\n<li>Doen\u00e7a de Lyme<\/li>\n\n\n\n<li>Anaplasmose<\/li>\n\n\n\n<li>Tularemia<\/li>\n<\/ul>\n\n\n\n<p>\u00c9 de notar que uma carra\u00e7a aderente pode n\u00e3o ser o germe da doen\u00e7a. A infecciosidade das carra\u00e7as \u00e9 de cerca de tr\u00eas a cinco por cento, dependendo do destino espec\u00edfico.<\/p>\n\n\n\n<h2 class=\"wp-block-heading\">Encefalite transmitida por carra\u00e7as e suas fases<\/h2>\n\n\n\n<p>A encefalite tem essencialmente duas fases. A primeira \u00e9 acompanhada de n\u00e1useas, dores musculares, articulares e de cabe\u00e7a. Estes sintomas s\u00e3o progressivamente <strong>adicionar febres<\/strong>. O pior \u00e9 que, com a encefalite, n\u00e3o se encontra a proverbial mancha na pele, como acontece com a doen\u00e7a de Lyme. E o que dizer da propaga\u00e7\u00e3o desta doen\u00e7a na Rep\u00fablica Checa?<\/p>\n\n\n\n<figure class=\"wp-block-table\"><table><tbody><tr><td><strong>Ano<\/strong><\/td><td><strong>N\u00famero de pacientes<\/strong><\/td><\/tr><tr><td>2008<\/td><td>631<\/td><\/tr><tr><td>2011<\/td><td>861<\/td><\/tr><tr><td>2018<\/td><td>715<\/td><\/tr><tr><td>2022<\/td><td>697<\/td><\/tr><\/tbody><\/table><figcaption class=\"wp-element-caption\">Evolu\u00e7\u00e3o da encefalite transmitida por carra\u00e7as com base em dados hist\u00f3ricos na Rep\u00fablica Checa.<\/figcaption><\/figure>\n\n\n\n<p>Depois da primeira fase, naturalmente, vem a segunda, que \u00e9 muito pior. A pessoa infetada come\u00e7a a sentir sonol\u00eancia, hipersensibilidade \u00e0 luz e dores de cabe\u00e7a insuport\u00e1veis. Esta situa\u00e7\u00e3o \u00e9 frequentemente acompanhada de v\u00f3mitos, paralisia dos membros inferiores e superiores ou endurecimento total do pesco\u00e7o.<\/p>\n\n\n\n<h3 class=\"wp-block-heading\">Tratamento limitado e efeitos duradouros<\/h3>\n\n\n\n<p>A encefalite transmitida por carra\u00e7as est\u00e1 associada a&nbsp;<em>op\u00e7\u00f5es de tratamento limitadas<\/em>. Um bom sistema imunit\u00e1rio da pessoa infetada desempenha um papel crucial em todo o processo de tratamento. A vacina\u00e7\u00e3o \u00e9 um cap\u00edtulo em si, que n\u00e3o deve ser subestimado. A doen\u00e7a \u00e9 ent\u00e3o um longo caminho.<\/p>\n\n\n\n<p>Mesmo que a encefalite transmitida por carra\u00e7as seja curada, alguns indiv\u00edduos podem ainda sentir efeitos permanentes que tornam a vida quotidiana desconfort\u00e1vel. As dores de cabe\u00e7a recorrentes s\u00e3o um exemplo t\u00edpico. Estas podem ocorrer <strong>problemas de audi\u00e7\u00e3o e de mem\u00f3ria<\/strong>. Pode dificultar a concentra\u00e7\u00e3o e a pr\u00f3pria doen\u00e7a pode perturbar o sono. Nos casos mais graves, pode ocorrer paralisia dos membros e stress desagrad\u00e1vel.<\/p>\n\n\n\n<p>Se decidir tomar a vacina contra a encefalite transmitida por carra\u00e7as, espere pelo menos tr\u00eas doses. Cada dose de refor\u00e7o adicional \u00e9 administrada com um intervalo de aproximadamente uma vez a cada cinco anos.<\/p>","protected":false},"excerpt":{"rendered":"<p>A encefalite transmitida por carra\u00e7as n\u00e3o \u00e9 o mesmo que a obesidade, que muitas pessoas culpam a si pr\u00f3prias. Como o nome da doen\u00e7a revela, a fonte \u00e9 uma carra\u00e7a infetada que representa um risco significativo para a sa\u00fade humana. Para al\u00e9m da encefalite transmitida por carra\u00e7as, as carra\u00e7as s\u00e3o capazes de transmitir outras doen\u00e7as. \u00c9 de notar que uma carra\u00e7a pode n\u00e3o ser imediatamente o germe desta ... <\/p>","protected":false},"author":2,"featured_media":1011,"comment_status":"closed","ping_status":"closed","sticky":false,"template":"","format":"standard","meta":{"footnotes":""},"categories":[197],"tags":[1032,1029,1024,1025,1023,1028,1030,1026,1027,1031],"class_list":["post-1010","post","type-post","status-publish","format-standard","has-post-thumbnail","hentry","category-lidske-zdravi","tag-bolest","tag-borelioza","tag-encefalitida","tag-kliste","tag-klistova-encefalitida","tag-lecba","tag-naslecky","tag-nemoc","tag-onemocneni","tag-zvraceni"],"yoast_head":"<!-- This site is optimized with the Yoast SEO plugin v27.5 - https:\/\/yoast.com\/product\/yoast-seo-wordpress\/ -->\n<title>Kl\u00ed\u0161\u0165ov\u00e1 encefalitida je z\u00e1ke\u0159nou nemoc\u00ed - REGBU.COM<\/title>\n<meta name=\"description\" content=\"V\u00edte, co si p\u0159edstavit pod pojmem kl\u00ed\u0161\u0165ov\u00e1 encefalitida? Jde o pom\u011brn\u011b z\u00e1va\u017en\u00e9 onemocn\u011bn\u00ed, kter\u00e9 V\u00e1m podrovn\u011bji p\u0159ibl\u00ed\u017e\u00edme.\" \/>\n<meta name=\"robots\" content=\"index, follow, max-snippet:-1, max-image-preview:large, max-video-preview:-1\" \/>\n<link rel=\"canonical\" href=\"https:\/\/regbu.com\/pt\/a-enema-encefalite-e-uma-doenca-de-fundo\/\" \/>\n<meta property=\"og:locale\" content=\"pt_PT\" \/>\n<meta property=\"og:type\" content=\"article\" \/>\n<meta property=\"og:title\" content=\"Kl\u00ed\u0161\u0165ov\u00e1 encefalitida je z\u00e1ke\u0159nou nemoc\u00ed - REGBU.COM\" \/>\n<meta property=\"og:description\" content=\"V\u00edte, co si p\u0159edstavit pod pojmem kl\u00ed\u0161\u0165ov\u00e1 encefalitida? Jde o pom\u011brn\u011b z\u00e1va\u017en\u00e9 onemocn\u011bn\u00ed, kter\u00e9 V\u00e1m podrovn\u011bji p\u0159ibl\u00ed\u017e\u00edme.\" \/>\n<meta property=\"og:url\" content=\"https:\/\/regbu.com\/pt\/a-enema-encefalite-e-uma-doenca-de-fundo\/\" \/>\n<meta property=\"og:site_name\" content=\"REGBU.COM\" \/>\n<meta property=\"article:published_time\" content=\"2023-07-12T14:23:21+00:00\" \/>\n<meta property=\"article:modified_time\" content=\"2025-09-05T05:41:18+00:00\" \/>\n<meta property=\"og:image\" content=\"https:\/\/regbu.com\/wp-content\/uploads\/2023\/07\/klistova-encefalitida-je-zakernou-nemoci.jpg\" \/>\n\t<meta property=\"og:image:width\" content=\"1200\" \/>\n\t<meta property=\"og:image:height\" content=\"679\" \/>\n\t<meta property=\"og:image:type\" content=\"image\/jpeg\" \/>\n<meta name=\"author\" content=\"George Martin\" \/>\n<meta name=\"twitter:card\" content=\"summary_large_image\" \/>\n<meta name=\"twitter:label1\" content=\"Escrito por\" \/>\n\t<meta name=\"twitter:data1\" content=\"George Martin\" \/>\n\t<meta name=\"twitter:label2\" content=\"Tempo estimado de leitura\" \/>\n\t<meta name=\"twitter:data2\" content=\"2 minutos\" \/>\n<script type=\"application\/ld+json\" class=\"yoast-schema-graph\">{\"@context\":\"https:\\\/\\\/schema.org\",\"@graph\":[{\"@type\":\"Article\",\"@id\":\"https:\\\/\\\/regbu.com\\\/pt\\\/a-enema-encefalite-e-uma-doenca-de-fundo\\\/#article\",\"isPartOf\":{\"@id\":\"https:\\\/\\\/regbu.com\\\/pt\\\/a-enema-encefalite-e-uma-doenca-de-fundo\\\/\"},\"author\":{\"name\":\"George Martin\",\"@id\":\"https:\\\/\\\/regbu.com\\\/en\\\/#\\\/schema\\\/person\\\/94ea9deda2629771b8a9ced002f6784e\"},\"headline\":\"Kl\u00ed\u0161\u0165ov\u00e1 encefalitida je z\u00e1ke\u0159nou nemoc\u00ed\",\"datePublished\":\"2023-07-12T14:23:21+00:00\",\"dateModified\":\"2025-09-05T05:41:18+00:00\",\"mainEntityOfPage\":{\"@id\":\"https:\\\/\\\/regbu.com\\\/pt\\\/a-enema-encefalite-e-uma-doenca-de-fundo\\\/\"},\"wordCount\":443,\"image\":{\"@id\":\"https:\\\/\\\/regbu.com\\\/pt\\\/a-enema-encefalite-e-uma-doenca-de-fundo\\\/#primaryimage\"},\"thumbnailUrl\":\"https:\\\/\\\/regbu.com\\\/wp-content\\\/uploads\\\/2023\\\/07\\\/klistova-encefalitida-je-zakernou-nemoci.jpg\",\"keywords\":[\"bolest\",\"boreli\u00f3za\",\"encefalitida\",\"kl\u00ed\u0161t\u011b\",\"kl\u00ed\u0161\u0165ov\u00e1 encefalitida\",\"l\u00e9\u010dba\",\"n\u00e1sle\u010dky\",\"nemoc\",\"onemocn\u011bn\u00ed\",\"zvracen\u00ed\"],\"articleSection\":[\"Lidsk\u00e9 Zdrav\u00ed\"],\"inLanguage\":\"pt-PT\"},{\"@type\":\"WebPage\",\"@id\":\"https:\\\/\\\/regbu.com\\\/pt\\\/a-enema-encefalite-e-uma-doenca-de-fundo\\\/\",\"url\":\"https:\\\/\\\/regbu.com\\\/pt\\\/a-enema-encefalite-e-uma-doenca-de-fundo\\\/\",\"name\":\"Kl\u00ed\u0161\u0165ov\u00e1 encefalitida je z\u00e1ke\u0159nou nemoc\u00ed - REGBU.COM\",\"isPartOf\":{\"@id\":\"https:\\\/\\\/regbu.com\\\/en\\\/#website\"},\"primaryImageOfPage\":{\"@id\":\"https:\\\/\\\/regbu.com\\\/pt\\\/a-enema-encefalite-e-uma-doenca-de-fundo\\\/#primaryimage\"},\"image\":{\"@id\":\"https:\\\/\\\/regbu.com\\\/pt\\\/a-enema-encefalite-e-uma-doenca-de-fundo\\\/#primaryimage\"},\"thumbnailUrl\":\"https:\\\/\\\/regbu.com\\\/wp-content\\\/uploads\\\/2023\\\/07\\\/klistova-encefalitida-je-zakernou-nemoci.jpg\",\"datePublished\":\"2023-07-12T14:23:21+00:00\",\"dateModified\":\"2025-09-05T05:41:18+00:00\",\"author\":{\"@id\":\"https:\\\/\\\/regbu.com\\\/en\\\/#\\\/schema\\\/person\\\/94ea9deda2629771b8a9ced002f6784e\"},\"description\":\"V\u00edte, co si p\u0159edstavit pod pojmem kl\u00ed\u0161\u0165ov\u00e1 encefalitida? Jde o pom\u011brn\u011b z\u00e1va\u017en\u00e9 onemocn\u011bn\u00ed, kter\u00e9 V\u00e1m podrovn\u011bji p\u0159ibl\u00ed\u017e\u00edme.\",\"breadcrumb\":{\"@id\":\"https:\\\/\\\/regbu.com\\\/pt\\\/a-enema-encefalite-e-uma-doenca-de-fundo\\\/#breadcrumb\"},\"inLanguage\":\"pt-PT\",\"potentialAction\":[{\"@type\":\"ReadAction\",\"target\":[\"https:\\\/\\\/regbu.com\\\/pt\\\/a-enema-encefalite-e-uma-doenca-de-fundo\\\/\"]}]},{\"@type\":\"ImageObject\",\"inLanguage\":\"pt-PT\",\"@id\":\"https:\\\/\\\/regbu.com\\\/pt\\\/a-enema-encefalite-e-uma-doenca-de-fundo\\\/#primaryimage\",\"url\":\"https:\\\/\\\/regbu.com\\\/wp-content\\\/uploads\\\/2023\\\/07\\\/klistova-encefalitida-je-zakernou-nemoci.jpg\",\"contentUrl\":\"https:\\\/\\\/regbu.com\\\/wp-content\\\/uploads\\\/2023\\\/07\\\/klistova-encefalitida-je-zakernou-nemoci.jpg\",\"width\":1200,\"height\":679,\"caption\":\"Kl\u00ed\u0161\u0165ov\u00e1 encefalitida je z\u00e1ke\u0159nou nemoc\u00ed\"},{\"@type\":\"BreadcrumbList\",\"@id\":\"https:\\\/\\\/regbu.com\\\/pt\\\/a-enema-encefalite-e-uma-doenca-de-fundo\\\/#breadcrumb\",\"itemListElement\":[{\"@type\":\"ListItem\",\"position\":1,\"name\":\"Home\",\"item\":\"https:\\\/\\\/regbu.com\\\/en\\\/\"},{\"@type\":\"ListItem\",\"position\":2,\"name\":\"Kl\u00ed\u0161\u0165ov\u00e1 encefalitida je z\u00e1ke\u0159nou nemoc\u00ed\"}]},{\"@type\":\"WebSite\",\"@id\":\"https:\\\/\\\/regbu.com\\\/en\\\/#website\",\"url\":\"https:\\\/\\\/regbu.com\\\/en\\\/\",\"name\":\"REGBU.COM\",\"description\":\"\",\"potentialAction\":[{\"@type\":\"SearchAction\",\"target\":{\"@type\":\"EntryPoint\",\"urlTemplate\":\"https:\\\/\\\/regbu.com\\\/en\\\/?s={search_term_string}\"},\"query-input\":{\"@type\":\"PropertyValueSpecification\",\"valueRequired\":true,\"valueName\":\"search_term_string\"}}],\"inLanguage\":\"pt-PT\"},{\"@type\":\"Person\",\"@id\":\"https:\\\/\\\/regbu.com\\\/en\\\/#\\\/schema\\\/person\\\/94ea9deda2629771b8a9ced002f6784e\",\"name\":\"George Martin\",\"url\":\"https:\\\/\\\/regbu.com\\\/pt\\\/author\\\/george-martin\\\/\"}]}<\/script>\n<!-- \/ Yoast SEO plugin. -->","yoast_head_json":{"title":"A encefalite transmitida por carra\u00e7as \u00e9 uma doen\u00e7a insidiosa - REGBU.COM","description":"Sabe o que se entende por encefalite transmitida por carra\u00e7as? Trata-se de uma doen\u00e7a bastante grave, que explicaremos mais pormenorizadamente.","robots":{"index":"index","follow":"follow","max-snippet":"max-snippet:-1","max-image-preview":"max-image-preview:large","max-video-preview":"max-video-preview:-1"},"canonical":"https:\/\/regbu.com\/pt\/a-enema-encefalite-e-uma-doenca-de-fundo\/","og_locale":"pt_PT","og_type":"article","og_title":"Kl\u00ed\u0161\u0165ov\u00e1 encefalitida je z\u00e1ke\u0159nou nemoc\u00ed - REGBU.COM","og_description":"V\u00edte, co si p\u0159edstavit pod pojmem kl\u00ed\u0161\u0165ov\u00e1 encefalitida? Jde o pom\u011brn\u011b z\u00e1va\u017en\u00e9 onemocn\u011bn\u00ed, kter\u00e9 V\u00e1m podrovn\u011bji p\u0159ibl\u00ed\u017e\u00edme.","og_url":"https:\/\/regbu.com\/pt\/a-enema-encefalite-e-uma-doenca-de-fundo\/","og_site_name":"REGBU.COM","article_published_time":"2023-07-12T14:23:21+00:00","article_modified_time":"2025-09-05T05:41:18+00:00","og_image":[{"width":1200,"height":679,"url":"https:\/\/regbu.com\/wp-content\/uploads\/2023\/07\/klistova-encefalitida-je-zakernou-nemoci.jpg","type":"image\/jpeg"}],"author":"George Martin","twitter_card":"summary_large_image","twitter_misc":{"Escrito por":"George Martin","Tempo estimado de leitura":"2 minutos"},"schema":{"@context":"https:\/\/schema.org","@graph":[{"@type":"Article","@id":"https:\/\/regbu.com\/pt\/a-enema-encefalite-e-uma-doenca-de-fundo\/#article","isPartOf":{"@id":"https:\/\/regbu.com\/pt\/a-enema-encefalite-e-uma-doenca-de-fundo\/"},"author":{"name":"George Martin","@id":"https:\/\/regbu.com\/en\/#\/schema\/person\/94ea9deda2629771b8a9ced002f6784e"},"headline":"Kl\u00ed\u0161\u0165ov\u00e1 encefalitida je z\u00e1ke\u0159nou nemoc\u00ed","datePublished":"2023-07-12T14:23:21+00:00","dateModified":"2025-09-05T05:41:18+00:00","mainEntityOfPage":{"@id":"https:\/\/regbu.com\/pt\/a-enema-encefalite-e-uma-doenca-de-fundo\/"},"wordCount":443,"image":{"@id":"https:\/\/regbu.com\/pt\/a-enema-encefalite-e-uma-doenca-de-fundo\/#primaryimage"},"thumbnailUrl":"https:\/\/regbu.com\/wp-content\/uploads\/2023\/07\/klistova-encefalitida-je-zakernou-nemoci.jpg","keywords":["bolest","boreli\u00f3za","encefalitida","kl\u00ed\u0161t\u011b","kl\u00ed\u0161\u0165ov\u00e1 encefalitida","l\u00e9\u010dba","n\u00e1sle\u010dky","nemoc","onemocn\u011bn\u00ed","zvracen\u00ed"],"articleSection":["Lidsk\u00e9 Zdrav\u00ed"],"inLanguage":"pt-PT"},{"@type":"WebPage","@id":"https:\/\/regbu.com\/pt\/a-enema-encefalite-e-uma-doenca-de-fundo\/","url":"https:\/\/regbu.com\/pt\/a-enema-encefalite-e-uma-doenca-de-fundo\/","name":"A encefalite transmitida por carra\u00e7as \u00e9 uma doen\u00e7a insidiosa - REGBU.COM","isPartOf":{"@id":"https:\/\/regbu.com\/en\/#website"},"primaryImageOfPage":{"@id":"https:\/\/regbu.com\/pt\/a-enema-encefalite-e-uma-doenca-de-fundo\/#primaryimage"},"image":{"@id":"https:\/\/regbu.com\/pt\/a-enema-encefalite-e-uma-doenca-de-fundo\/#primaryimage"},"thumbnailUrl":"https:\/\/regbu.com\/wp-content\/uploads\/2023\/07\/klistova-encefalitida-je-zakernou-nemoci.jpg","datePublished":"2023-07-12T14:23:21+00:00","dateModified":"2025-09-05T05:41:18+00:00","author":{"@id":"https:\/\/regbu.com\/en\/#\/schema\/person\/94ea9deda2629771b8a9ced002f6784e"},"description":"Sabe o que se entende por encefalite transmitida por carra\u00e7as? Trata-se de uma doen\u00e7a bastante grave, que explicaremos mais pormenorizadamente.","breadcrumb":{"@id":"https:\/\/regbu.com\/pt\/a-enema-encefalite-e-uma-doenca-de-fundo\/#breadcrumb"},"inLanguage":"pt-PT","potentialAction":[{"@type":"ReadAction","target":["https:\/\/regbu.com\/pt\/a-enema-encefalite-e-uma-doenca-de-fundo\/"]}]},{"@type":"ImageObject","inLanguage":"pt-PT","@id":"https:\/\/regbu.com\/pt\/a-enema-encefalite-e-uma-doenca-de-fundo\/#primaryimage","url":"https:\/\/regbu.com\/wp-content\/uploads\/2023\/07\/klistova-encefalitida-je-zakernou-nemoci.jpg","contentUrl":"https:\/\/regbu.com\/wp-content\/uploads\/2023\/07\/klistova-encefalitida-je-zakernou-nemoci.jpg","width":1200,"height":679,"caption":"Kl\u00ed\u0161\u0165ov\u00e1 encefalitida je z\u00e1ke\u0159nou nemoc\u00ed"},{"@type":"BreadcrumbList","@id":"https:\/\/regbu.com\/pt\/a-enema-encefalite-e-uma-doenca-de-fundo\/#breadcrumb","itemListElement":[{"@type":"ListItem","position":1,"name":"Home","item":"https:\/\/regbu.com\/en\/"},{"@type":"ListItem","position":2,"name":"Kl\u00ed\u0161\u0165ov\u00e1 encefalitida je z\u00e1ke\u0159nou nemoc\u00ed"}]},{"@type":"WebSite","@id":"https:\/\/regbu.com\/en\/#website","url":"https:\/\/regbu.com\/en\/","name":"REGBU.COM","description":"","potentialAction":[{"@type":"SearchAction","target":{"@type":"EntryPoint","urlTemplate":"https:\/\/regbu.com\/en\/?s={search_term_string}"},"query-input":{"@type":"PropertyValueSpecification","valueRequired":true,"valueName":"search_term_string"}}],"inLanguage":"pt-PT"},{"@type":"Person","@id":"https:\/\/regbu.com\/en\/#\/schema\/person\/94ea9deda2629771b8a9ced002f6784e","name":"George Martin","url":"https:\/\/regbu.com\/pt\/author\/george-martin\/"}]}},"_links":{"self":[{"href":"https:\/\/regbu.com\/pt\/wp-json\/wp\/v2\/posts\/1010","targetHints":{"allow":["GET"]}}],"collection":[{"href":"https:\/\/regbu.com\/pt\/wp-json\/wp\/v2\/posts"}],"about":[{"href":"https:\/\/regbu.com\/pt\/wp-json\/wp\/v2\/types\/post"}],"author":[{"embeddable":true,"href":"https:\/\/regbu.com\/pt\/wp-json\/wp\/v2\/users\/2"}],"replies":[{"embeddable":true,"href":"https:\/\/regbu.com\/pt\/wp-json\/wp\/v2\/comments?post=1010"}],"version-history":[{"count":2,"href":"https:\/\/regbu.com\/pt\/wp-json\/wp\/v2\/posts\/1010\/revisions"}],"predecessor-version":[{"id":1025,"href":"https:\/\/regbu.com\/pt\/wp-json\/wp\/v2\/posts\/1010\/revisions\/1025"}],"wp:featuredmedia":[{"embeddable":true,"href":"https:\/\/regbu.com\/pt\/wp-json\/wp\/v2\/media\/1011"}],"wp:attachment":[{"href":"https:\/\/regbu.com\/pt\/wp-json\/wp\/v2\/media?parent=1010"}],"wp:term":[{"taxonomy":"category","embeddable":true,"href":"https:\/\/regbu.com\/pt\/wp-json\/wp\/v2\/categories?post=1010"},{"taxonomy":"post_tag","embeddable":true,"href":"https:\/\/regbu.com\/pt\/wp-json\/wp\/v2\/tags?post=1010"}],"curies":[{"name":"wp","href":"https:\/\/api.w.org\/{rel}","templated":true}]}}