{"id":996,"date":"2023-07-10T16:38:57","date_gmt":"2023-07-10T14:38:57","guid":{"rendered":"https:\/\/regbu.com\/?p=996"},"modified":"2025-09-05T07:41:23","modified_gmt":"2025-09-05T05:41:23","slug":"motylek-jako-ikona-spolecenskeho-odevu","status":"publish","type":"post","link":"https:\/\/regbu.com\/pl\/motyka-jako-ikona-odziezy-slonecznej\/","title":{"rendered":"Muszka jako ikona formalnego stroju"},"content":{"rendered":"<p>Muszka jest integraln\u0105 cz\u0119\u015bci\u0105 <strong><a href=\"https:\/\/regbu.com\/pl\/social-suit-select-now\/\">formalny garnitur<\/a><\/strong>Nie s\u0105dz\u0119, \u017ce warto o tym dyskutowa\u0107. Wiele os\u00f3b nosi j\u0105 nawet do bardziej formalnych ubra\u0144. Najcz\u0119\u015bciej jest to element m\u0119skiej garderoby, cho\u0107 z pewno\u015bci\u0105 nie ma granic ekstrawagancji i kreatywno\u015bci.<\/p>\n\n\n\n<ul class=\"wp-block-list\">\n<li>Wi\u0105zanie wok\u00f3\u0142 ko\u0142nierza<\/li>\n\n\n\n<li>Jest on u\u017cywany od ponad czterech wiek\u00f3w<\/li>\n\n\n\n<li>Wyj\u0105tkiem nie s\u0105 muszki dla dzieci<\/li>\n<\/ul>\n\n\n\n<p>Niewiele os\u00f3b wie r\u00f3wnie\u017c, \u017ce z muszk\u0105 jako tak\u0105 zwi\u0105zany jest jeden gad\u017cet, dotycz\u0105cy jej d\u0142ugo\u015bci. Powinna ona w du\u017cej mierze odpowiada\u0107 odleg\u0142o\u015bci mi\u0119dzy brwiami.<\/p>\n\n\n\n<h2 class=\"wp-block-heading\">Motyl i jego materia\u0142y produkcyjne<\/h2>\n\n\n\n<p>Je\u015bli spojrzysz na muszk\u0119 po raz pierwszy, najprawdopodobniej zaczniesz si\u0119 zastanawia\u0107, z czego jest wykonana. Prawdopodobnie ka\u017cdy zgadnie, \u017ce <em>najpopularniejszym materia\u0142em jest tkanina<\/em>...a nast\u0119pnie substancj\u0119. Opr\u00f3cz klasycznej bawe\u0142ny mo\u017cna r\u00f3wnie\u017c znale\u017a\u0107 wiele innych tkanin.<\/p>\n\n\n\n<figure class=\"wp-block-table\"><table><tbody><tr><td><strong>Substancja<\/strong><\/td><td><strong>Informacje<\/strong><\/td><\/tr><tr><td>Poliester<\/td><td>Ta\u0144sza opcja<\/td><\/tr><tr><td>Satyna<\/td><td>Doskona\u0142e rozwi\u0105zania<\/td><\/tr><tr><td>Jedwab<\/td><td>Bardziej \u015bwi\u0105teczna wersja<\/td><\/tr><tr><td>We\u0142na<\/td><td>Mniej popularny materia\u0142<\/td><\/tr><\/tbody><\/table><figcaption class=\"wp-element-caption\">Najpopularniejszy materia\u0142 do produkcji muszek.<\/figcaption><\/figure>\n\n\n\n<p>Oczywi\u015bcie mo\u017cna te\u017c natkn\u0105\u0107 si\u0119 na mniej tradycyjne materia\u0142y produkcyjne. Przyk\u0142adem mog\u0105 by\u0107 bardzo popularne ostatnio drewniane muszki. Papier, szk\u0142o i metal nie s\u0105 tutaj wyj\u0105tkiem. We wszystkich z nich g\u0142\u00f3wny nacisk k\u0142adziony jest na oryginalno\u015b\u0107 i ekstrawagancj\u0119.<\/p>\n\n\n\n<h3 class=\"wp-block-heading\">R\u00f3\u017cne sposoby wi\u0105zania muszki<\/h3>\n\n\n\n<p>Muszka podzielona jest u podstaw ze wzgl\u0119du na spos\u00f3b wi\u0105zania. Jednym z wariant\u00f3w jest <strong>wst\u0119pnie zawi\u0105zana muszka<\/strong>. Znacznie starsz\u0105 wersj\u0105 jest muszka wi\u0105zana. Jej szeroko\u015b\u0107 wynosi oko\u0142o siedmiu centymetr\u00f3w, wysoko\u015b\u0107 oko\u0142o trzech centymetr\u00f3w i jest wykonana z jednego kawa\u0142ka materia\u0142u. Do jej zawi\u0105zania potrzebne s\u0105 pewne umiej\u0119tno\u015bci, w por\u00f3wnaniu do wersji wi\u0105zanej. T\u0119 wystarczy zapi\u0105\u0107 wok\u00f3\u0142 szyi. Klasyczna muszka mo\u017ce by\u0107 wi\u0105zana na kilka r\u00f3\u017cnych sposob\u00f3w.<\/p>\n\n\n\n<p>Opr\u00f3cz klasycznych muszek znanych jako bow-tie, istniej\u0105 r\u00f3wnie\u017c wysokie wersje znane jako <strong>motyl<\/strong>. Robi\u0105 one dos\u0142ownie niezatarte wra\u017cenie na szyi m\u0119\u017cczyzny. Ich przeciwie\u0144stwem s\u0105 niskie muszki zwane bat-wing. Zw\u0142aszcza w Stanach Zjednoczonych i Meksyku mo\u017cna znale\u017a\u0107 muszki, kt\u00f3re maj\u0105 r\u00f3wnie\u017c przed\u0142u\u017cony koniec. S\u0105 to tzw. muszki sznurkowe. Niezale\u017cnie od tego, kt\u00f3r\u0105 muszk\u0119 wybierzesz, zawsze b\u0119dziesz wygl\u0105da\u0107 elegancko.<\/p>","protected":false},"excerpt":{"rendered":"<p>Muszka jest integraln\u0105 cz\u0119\u015bci\u0105 formalnego garnituru, nie ma chyba sensu o tym dyskutowa\u0107. Wiele os\u00f3b nosi j\u0105 nawet do bardziej formalnych stroj\u00f3w. Najcz\u0119\u015bciej jest to element m\u0119skiej garderoby, cho\u0107 z pewno\u015bci\u0105 nie ma granic ekstrawagancji i kreatywno\u015bci. Ma\u0142o kto te\u017c wie, \u017ce muszka jako taka wi\u0105\u017ce si\u0119 z jednym gad\u017cetem zwi\u0105zanym z jej d\u0142ugo\u015bci\u0105. ... <\/p>","protected":false},"author":2,"featured_media":997,"comment_status":"closed","ping_status":"closed","sticky":false,"template":"","format":"standard","meta":{"footnotes":""},"categories":[671],"tags":[998,685,995,996,1000,1001,997,1002,1003,999],"class_list":["post-996","post","type-post","status-publish","format-standard","has-post-thumbnail","hentry","category-moda","tag-hedvabi","tag-limecek","tag-motylek","tag-polyester","tag-predvazany","tag-predvazany-motylek","tag-saten","tag-vazany","tag-vazany-motylek","tag-vlna"],"yoast_head":"<!-- This site is optimized with the Yoast SEO plugin v27.4 - https:\/\/yoast.com\/product\/yoast-seo-wordpress\/ -->\n<title>Mot\u00fdlek jako ikona spole\u010densk\u00e9ho od\u011bvu - REGBU.COM<\/title>\n<meta name=\"description\" content=\"Mot\u00fdlek je d\u016fle\u017eitou sou\u010d\u00e1st\u00ed spole\u010densk\u00e9ho od\u011bvu. Zjist\u011bte o tomto elegantn\u00edm dopl\u0148ku v\u00edce praktick\u00fdch informac\u00ed.\" \/>\n<meta name=\"robots\" content=\"index, follow, max-snippet:-1, max-image-preview:large, max-video-preview:-1\" \/>\n<link rel=\"canonical\" href=\"https:\/\/regbu.com\/pl\/motyka-jako-ikona-odziezy-slonecznej\/\" \/>\n<meta property=\"og:locale\" content=\"pl_PL\" \/>\n<meta property=\"og:type\" content=\"article\" \/>\n<meta property=\"og:title\" content=\"Mot\u00fdlek jako ikona spole\u010densk\u00e9ho od\u011bvu - REGBU.COM\" \/>\n<meta property=\"og:description\" content=\"Mot\u00fdlek je d\u016fle\u017eitou sou\u010d\u00e1st\u00ed spole\u010densk\u00e9ho od\u011bvu. Zjist\u011bte o tomto elegantn\u00edm dopl\u0148ku v\u00edce praktick\u00fdch informac\u00ed.\" \/>\n<meta property=\"og:url\" content=\"https:\/\/regbu.com\/pl\/motyka-jako-ikona-odziezy-slonecznej\/\" \/>\n<meta property=\"og:site_name\" content=\"REGBU.COM\" \/>\n<meta property=\"article:published_time\" content=\"2023-07-10T14:38:57+00:00\" \/>\n<meta property=\"article:modified_time\" content=\"2025-09-05T05:41:23+00:00\" \/>\n<meta property=\"og:image\" content=\"https:\/\/regbu.com\/wp-content\/uploads\/2023\/07\/motylek-jako-ikona-spolecenskeho-odevu.jpg\" \/>\n\t<meta property=\"og:image:width\" content=\"1200\" \/>\n\t<meta property=\"og:image:height\" content=\"676\" \/>\n\t<meta property=\"og:image:type\" content=\"image\/jpeg\" \/>\n<meta name=\"author\" content=\"George Martin\" \/>\n<meta name=\"twitter:card\" content=\"summary_large_image\" \/>\n<meta name=\"twitter:label1\" content=\"Napisane przez\" \/>\n\t<meta name=\"twitter:data1\" content=\"George Martin\" \/>\n\t<meta name=\"twitter:label2\" content=\"Szacowany czas czytania\" \/>\n\t<meta name=\"twitter:data2\" content=\"2 minuty\" \/>\n<script type=\"application\/ld+json\" class=\"yoast-schema-graph\">{\"@context\":\"https:\\\/\\\/schema.org\",\"@graph\":[{\"@type\":\"Article\",\"@id\":\"https:\\\/\\\/regbu.com\\\/pl\\\/motyka-jako-ikona-odziezy-slonecznej\\\/#article\",\"isPartOf\":{\"@id\":\"https:\\\/\\\/regbu.com\\\/pl\\\/motyka-jako-ikona-odziezy-slonecznej\\\/\"},\"author\":{\"name\":\"George Martin\",\"@id\":\"https:\\\/\\\/regbu.com\\\/en\\\/#\\\/schema\\\/person\\\/94ea9deda2629771b8a9ced002f6784e\"},\"headline\":\"Mot\u00fdlek jako ikona spole\u010densk\u00e9ho od\u011bvu\",\"datePublished\":\"2023-07-10T14:38:57+00:00\",\"dateModified\":\"2025-09-05T05:41:23+00:00\",\"mainEntityOfPage\":{\"@id\":\"https:\\\/\\\/regbu.com\\\/pl\\\/motyka-jako-ikona-odziezy-slonecznej\\\/\"},\"wordCount\":482,\"image\":{\"@id\":\"https:\\\/\\\/regbu.com\\\/pl\\\/motyka-jako-ikona-odziezy-slonecznej\\\/#primaryimage\"},\"thumbnailUrl\":\"https:\\\/\\\/regbu.com\\\/wp-content\\\/uploads\\\/2023\\\/07\\\/motylek-jako-ikona-spolecenskeho-odevu.jpg\",\"keywords\":[\"hedv\u00e1b\u00ed\",\"l\u00edme\u010dek\",\"mot\u00fdlek\",\"polyester\",\"p\u0159edv\u00e1zan\u00fd\",\"p\u0159edv\u00e1zan\u00fd mot\u00fdlek\",\"sat\u00e9n\",\"v\u00e1zan\u00fd\",\"v\u00e1zan\u00fd mot\u00fdlek\",\"vlna\"],\"articleSection\":[\"M\u00f3da\"],\"inLanguage\":\"pl-PL\"},{\"@type\":\"WebPage\",\"@id\":\"https:\\\/\\\/regbu.com\\\/pl\\\/motyka-jako-ikona-odziezy-slonecznej\\\/\",\"url\":\"https:\\\/\\\/regbu.com\\\/pl\\\/motyka-jako-ikona-odziezy-slonecznej\\\/\",\"name\":\"Mot\u00fdlek jako ikona spole\u010densk\u00e9ho od\u011bvu - REGBU.COM\",\"isPartOf\":{\"@id\":\"https:\\\/\\\/regbu.com\\\/en\\\/#website\"},\"primaryImageOfPage\":{\"@id\":\"https:\\\/\\\/regbu.com\\\/pl\\\/motyka-jako-ikona-odziezy-slonecznej\\\/#primaryimage\"},\"image\":{\"@id\":\"https:\\\/\\\/regbu.com\\\/pl\\\/motyka-jako-ikona-odziezy-slonecznej\\\/#primaryimage\"},\"thumbnailUrl\":\"https:\\\/\\\/regbu.com\\\/wp-content\\\/uploads\\\/2023\\\/07\\\/motylek-jako-ikona-spolecenskeho-odevu.jpg\",\"datePublished\":\"2023-07-10T14:38:57+00:00\",\"dateModified\":\"2025-09-05T05:41:23+00:00\",\"author\":{\"@id\":\"https:\\\/\\\/regbu.com\\\/en\\\/#\\\/schema\\\/person\\\/94ea9deda2629771b8a9ced002f6784e\"},\"description\":\"Mot\u00fdlek je d\u016fle\u017eitou sou\u010d\u00e1st\u00ed spole\u010densk\u00e9ho od\u011bvu. Zjist\u011bte o tomto elegantn\u00edm dopl\u0148ku v\u00edce praktick\u00fdch informac\u00ed.\",\"breadcrumb\":{\"@id\":\"https:\\\/\\\/regbu.com\\\/pl\\\/motyka-jako-ikona-odziezy-slonecznej\\\/#breadcrumb\"},\"inLanguage\":\"pl-PL\",\"potentialAction\":[{\"@type\":\"ReadAction\",\"target\":[\"https:\\\/\\\/regbu.com\\\/pl\\\/motyka-jako-ikona-odziezy-slonecznej\\\/\"]}]},{\"@type\":\"ImageObject\",\"inLanguage\":\"pl-PL\",\"@id\":\"https:\\\/\\\/regbu.com\\\/pl\\\/motyka-jako-ikona-odziezy-slonecznej\\\/#primaryimage\",\"url\":\"https:\\\/\\\/regbu.com\\\/wp-content\\\/uploads\\\/2023\\\/07\\\/motylek-jako-ikona-spolecenskeho-odevu.jpg\",\"contentUrl\":\"https:\\\/\\\/regbu.com\\\/wp-content\\\/uploads\\\/2023\\\/07\\\/motylek-jako-ikona-spolecenskeho-odevu.jpg\",\"width\":1200,\"height\":676,\"caption\":\"Mot\u00fdlek jako ikona spole\u010densk\u00e9ho od\u011bvu\"},{\"@type\":\"BreadcrumbList\",\"@id\":\"https:\\\/\\\/regbu.com\\\/pl\\\/motyka-jako-ikona-odziezy-slonecznej\\\/#breadcrumb\",\"itemListElement\":[{\"@type\":\"ListItem\",\"position\":1,\"name\":\"Home\",\"item\":\"https:\\\/\\\/regbu.com\\\/en\\\/\"},{\"@type\":\"ListItem\",\"position\":2,\"name\":\"Mot\u00fdlek jako ikona spole\u010densk\u00e9ho od\u011bvu\"}]},{\"@type\":\"WebSite\",\"@id\":\"https:\\\/\\\/regbu.com\\\/en\\\/#website\",\"url\":\"https:\\\/\\\/regbu.com\\\/en\\\/\",\"name\":\"REGBU.COM\",\"description\":\"\",\"potentialAction\":[{\"@type\":\"SearchAction\",\"target\":{\"@type\":\"EntryPoint\",\"urlTemplate\":\"https:\\\/\\\/regbu.com\\\/en\\\/?s={search_term_string}\"},\"query-input\":{\"@type\":\"PropertyValueSpecification\",\"valueRequired\":true,\"valueName\":\"search_term_string\"}}],\"inLanguage\":\"pl-PL\"},{\"@type\":\"Person\",\"@id\":\"https:\\\/\\\/regbu.com\\\/en\\\/#\\\/schema\\\/person\\\/94ea9deda2629771b8a9ced002f6784e\",\"name\":\"George Martin\",\"url\":\"https:\\\/\\\/regbu.com\\\/pl\\\/author\\\/george-martin\\\/\"}]}<\/script>\n<!-- \/ Yoast SEO plugin. -->","yoast_head_json":{"title":"Muszka jako ikona stroju formalnego - REGBU.COM","description":"Muszka to wa\u017cny element stroju formalnego. Dowiedz si\u0119 wi\u0119cej praktycznych informacji na temat tego eleganckiego dodatku.","robots":{"index":"index","follow":"follow","max-snippet":"max-snippet:-1","max-image-preview":"max-image-preview:large","max-video-preview":"max-video-preview:-1"},"canonical":"https:\/\/regbu.com\/pl\/motyka-jako-ikona-odziezy-slonecznej\/","og_locale":"pl_PL","og_type":"article","og_title":"Mot\u00fdlek jako ikona spole\u010densk\u00e9ho od\u011bvu - REGBU.COM","og_description":"Mot\u00fdlek je d\u016fle\u017eitou sou\u010d\u00e1st\u00ed spole\u010densk\u00e9ho od\u011bvu. Zjist\u011bte o tomto elegantn\u00edm dopl\u0148ku v\u00edce praktick\u00fdch informac\u00ed.","og_url":"https:\/\/regbu.com\/pl\/motyka-jako-ikona-odziezy-slonecznej\/","og_site_name":"REGBU.COM","article_published_time":"2023-07-10T14:38:57+00:00","article_modified_time":"2025-09-05T05:41:23+00:00","og_image":[{"width":1200,"height":676,"url":"https:\/\/regbu.com\/wp-content\/uploads\/2023\/07\/motylek-jako-ikona-spolecenskeho-odevu.jpg","type":"image\/jpeg"}],"author":"George Martin","twitter_card":"summary_large_image","twitter_misc":{"Napisane przez":"George Martin","Szacowany czas czytania":"2 minuty"},"schema":{"@context":"https:\/\/schema.org","@graph":[{"@type":"Article","@id":"https:\/\/regbu.com\/pl\/motyka-jako-ikona-odziezy-slonecznej\/#article","isPartOf":{"@id":"https:\/\/regbu.com\/pl\/motyka-jako-ikona-odziezy-slonecznej\/"},"author":{"name":"George Martin","@id":"https:\/\/regbu.com\/en\/#\/schema\/person\/94ea9deda2629771b8a9ced002f6784e"},"headline":"Mot\u00fdlek jako ikona spole\u010densk\u00e9ho od\u011bvu","datePublished":"2023-07-10T14:38:57+00:00","dateModified":"2025-09-05T05:41:23+00:00","mainEntityOfPage":{"@id":"https:\/\/regbu.com\/pl\/motyka-jako-ikona-odziezy-slonecznej\/"},"wordCount":482,"image":{"@id":"https:\/\/regbu.com\/pl\/motyka-jako-ikona-odziezy-slonecznej\/#primaryimage"},"thumbnailUrl":"https:\/\/regbu.com\/wp-content\/uploads\/2023\/07\/motylek-jako-ikona-spolecenskeho-odevu.jpg","keywords":["hedv\u00e1b\u00ed","l\u00edme\u010dek","mot\u00fdlek","polyester","p\u0159edv\u00e1zan\u00fd","p\u0159edv\u00e1zan\u00fd mot\u00fdlek","sat\u00e9n","v\u00e1zan\u00fd","v\u00e1zan\u00fd mot\u00fdlek","vlna"],"articleSection":["M\u00f3da"],"inLanguage":"pl-PL"},{"@type":"WebPage","@id":"https:\/\/regbu.com\/pl\/motyka-jako-ikona-odziezy-slonecznej\/","url":"https:\/\/regbu.com\/pl\/motyka-jako-ikona-odziezy-slonecznej\/","name":"Muszka jako ikona stroju formalnego - REGBU.COM","isPartOf":{"@id":"https:\/\/regbu.com\/en\/#website"},"primaryImageOfPage":{"@id":"https:\/\/regbu.com\/pl\/motyka-jako-ikona-odziezy-slonecznej\/#primaryimage"},"image":{"@id":"https:\/\/regbu.com\/pl\/motyka-jako-ikona-odziezy-slonecznej\/#primaryimage"},"thumbnailUrl":"https:\/\/regbu.com\/wp-content\/uploads\/2023\/07\/motylek-jako-ikona-spolecenskeho-odevu.jpg","datePublished":"2023-07-10T14:38:57+00:00","dateModified":"2025-09-05T05:41:23+00:00","author":{"@id":"https:\/\/regbu.com\/en\/#\/schema\/person\/94ea9deda2629771b8a9ced002f6784e"},"description":"Muszka to wa\u017cny element stroju formalnego. Dowiedz si\u0119 wi\u0119cej praktycznych informacji na temat tego eleganckiego dodatku.","breadcrumb":{"@id":"https:\/\/regbu.com\/pl\/motyka-jako-ikona-odziezy-slonecznej\/#breadcrumb"},"inLanguage":"pl-PL","potentialAction":[{"@type":"ReadAction","target":["https:\/\/regbu.com\/pl\/motyka-jako-ikona-odziezy-slonecznej\/"]}]},{"@type":"ImageObject","inLanguage":"pl-PL","@id":"https:\/\/regbu.com\/pl\/motyka-jako-ikona-odziezy-slonecznej\/#primaryimage","url":"https:\/\/regbu.com\/wp-content\/uploads\/2023\/07\/motylek-jako-ikona-spolecenskeho-odevu.jpg","contentUrl":"https:\/\/regbu.com\/wp-content\/uploads\/2023\/07\/motylek-jako-ikona-spolecenskeho-odevu.jpg","width":1200,"height":676,"caption":"Mot\u00fdlek jako ikona spole\u010densk\u00e9ho od\u011bvu"},{"@type":"BreadcrumbList","@id":"https:\/\/regbu.com\/pl\/motyka-jako-ikona-odziezy-slonecznej\/#breadcrumb","itemListElement":[{"@type":"ListItem","position":1,"name":"Home","item":"https:\/\/regbu.com\/en\/"},{"@type":"ListItem","position":2,"name":"Mot\u00fdlek jako ikona spole\u010densk\u00e9ho od\u011bvu"}]},{"@type":"WebSite","@id":"https:\/\/regbu.com\/en\/#website","url":"https:\/\/regbu.com\/en\/","name":"REGBU.COM","description":"","potentialAction":[{"@type":"SearchAction","target":{"@type":"EntryPoint","urlTemplate":"https:\/\/regbu.com\/en\/?s={search_term_string}"},"query-input":{"@type":"PropertyValueSpecification","valueRequired":true,"valueName":"search_term_string"}}],"inLanguage":"pl-PL"},{"@type":"Person","@id":"https:\/\/regbu.com\/en\/#\/schema\/person\/94ea9deda2629771b8a9ced002f6784e","name":"George Martin","url":"https:\/\/regbu.com\/pl\/author\/george-martin\/"}]}},"_links":{"self":[{"href":"https:\/\/regbu.com\/pl\/wp-json\/wp\/v2\/posts\/996","targetHints":{"allow":["GET"]}}],"collection":[{"href":"https:\/\/regbu.com\/pl\/wp-json\/wp\/v2\/posts"}],"about":[{"href":"https:\/\/regbu.com\/pl\/wp-json\/wp\/v2\/types\/post"}],"author":[{"embeddable":true,"href":"https:\/\/regbu.com\/pl\/wp-json\/wp\/v2\/users\/2"}],"replies":[{"embeddable":true,"href":"https:\/\/regbu.com\/pl\/wp-json\/wp\/v2\/comments?post=996"}],"version-history":[{"count":2,"href":"https:\/\/regbu.com\/pl\/wp-json\/wp\/v2\/posts\/996\/revisions"}],"predecessor-version":[{"id":1007,"href":"https:\/\/regbu.com\/pl\/wp-json\/wp\/v2\/posts\/996\/revisions\/1007"}],"wp:featuredmedia":[{"embeddable":true,"href":"https:\/\/regbu.com\/pl\/wp-json\/wp\/v2\/media\/997"}],"wp:attachment":[{"href":"https:\/\/regbu.com\/pl\/wp-json\/wp\/v2\/media?parent=996"}],"wp:term":[{"taxonomy":"category","embeddable":true,"href":"https:\/\/regbu.com\/pl\/wp-json\/wp\/v2\/categories?post=996"},{"taxonomy":"post_tag","embeddable":true,"href":"https:\/\/regbu.com\/pl\/wp-json\/wp\/v2\/tags?post=996"}],"curies":[{"name":"wp","href":"https:\/\/api.w.org\/{rel}","templated":true}]}}