{"id":941,"date":"2023-06-21T16:06:16","date_gmt":"2023-06-21T14:06:16","guid":{"rendered":"https:\/\/regbu.com\/?p=941"},"modified":"2025-09-05T07:42:09","modified_gmt":"2025-09-05T05:42:09","slug":"dovolena-na-kole-na-co-nezapomenout","status":"publish","type":"post","link":"https:\/\/regbu.com\/pl\/wakacje-w-szkole-co-nie-zapomniec\/","title":{"rendered":"Wakacje na rowerze - o czym pami\u0119ta\u0107?"},"content":{"rendered":"<p>Wakacje na rowerze s\u0105 tak samo pe\u0142ne przyg\u00f3d i zabawy, jak wakacje na \u0142odzi. Jedyna r\u00f3\u017cnica polega na tym, \u017ce w tym przypadku nie b\u0119dziesz zainteresowany <strong><a href=\"https:\/\/regbu.com\/pl\/prowadzenie-wyposazenia-od-do\/\">sprz\u0119t \u017ceglarski<\/a><\/strong>ale b\u0119dziesz szuka\u0142 sprz\u0119tu odpowiedniego dla roweru. To oczywi\u015bcie zale\u017cy od wielu r\u00f3\u017cnych czynnik\u00f3w.<\/p>\n\n\n\n<ul class=\"wp-block-list\">\n<li>Na jakim rowerze b\u0119dziesz je\u017adzi\u0107?<\/li>\n\n\n\n<li>W jakich miejscach \u0142owisz ryby?<\/li>\n\n\n\n<li>Na jak d\u0142ugo si\u0119 wybierasz?<\/li>\n<\/ul>\n\n\n\n<p>Opieraj\u0105c si\u0119 na tych trzech odpowiedziach, mo\u017cesz zacz\u0105\u0107 tworzy\u0107 list\u0119 niezb\u0119dnych rzeczy. Wakacje na rowerze mog\u0105 by\u0107 dos\u0142ownie niezapomniane dzi\u0119ki odpowiedniemu i kompletnemu wyposa\u017ceniu.<\/p>\n\n\n\n<h2 class=\"wp-block-heading\">Zacznij od podstaw<\/h2>\n\n\n\n<p>Podczas podr\u00f3\u017cy rowerem potrzebne s\u0105 dwie grupy przedmiot\u00f3w. Pierwsza to wyposa\u017cenie zwi\u0105zane z samym rowerem. Druga to <strong>odzie\u017c i powi\u0105zane akcesoria<\/strong>. Zdecydowanie potrzebujesz kleju i zapasowych d\u0119tek do ko\u0142a. Zdecydowanie nie ruszaj si\u0119 nigdzie bez tych podstaw. Ale podobnych rzeczy jest wi\u0119cej ni\u017c wystarczaj\u0105co.<\/p>\n\n\n\n<figure class=\"wp-block-table\"><table><tbody><tr><td><strong>Przedmiot:<\/strong><\/td><td><strong>Informacje<\/strong><\/td><\/tr><tr><td>Pompa<\/td><td>Wersja podr\u00f3\u017cna<\/td><\/tr><tr><td>Smar<\/td><td>Podstawowy<\/td><\/tr><tr><td>Zamek<\/td><td>\u0141a\u0144cuch lub lina<\/td><\/tr><tr><td>O\u015bwietlenie<\/td><td>Do przodu i do ty\u0142u<\/td><\/tr><\/tbody><\/table><figcaption class=\"wp-element-caption\">Niezb\u0119dny sprz\u0119t, o kt\u00f3rym nale\u017cy pami\u0119ta\u0107 podczas jazdy na rowerze na wakacjach.<\/figcaption><\/figure>\n\n\n\n<p>Je\u015bli wybierasz si\u0119 na rowerowe wakacje, upewnij si\u0119, \u017ce nie zapomnia\u0142e\u015b narz\u0119dzi niezb\u0119dnych do ewentualnych napraw. Zazwyczaj wystarczy podstawowy zestaw, kt\u00f3ry mo\u017cna kupi\u0107 w ka\u017cdym sklepie rowerowym. Wreszcie, zalecany jest bidon.<\/p>\n\n\n\n<h3 class=\"wp-block-heading\">Wakacje na rowerze - co zabra\u0107?<\/h3>\n\n\n\n<p>Je\u015bli jedziesz na rowerze przez d\u0142ugi czas i masz do pokonania dziesi\u0105tki kilometr\u00f3w, musisz spakowa\u0107 wszystko, czego potrzebujesz. Aby to zrobi\u0107. <em>potrzebna b\u0119dzie wystarczaj\u0105co du\u017ca torba<\/em>. Mo\u017cna je montowa\u0107 nie tylko na tylnym baga\u017cniku, ale tak\u017ce na przednim. Wyj\u0105tkiem s\u0105 torby na ram\u0119 lub kierownic\u0119, w kt\u00f3rych mo\u017cna przechowywa\u0107 telefon kom\u00f3rkowy z nawigacj\u0105 lub papierow\u0105 map\u0119.<\/p>\n\n\n\n<p>D\u0142u\u017csze wakacje rowerowe wymagaj\u0105 oczywi\u015bcie pewnych rzeczy. Je\u015bli nie zamierzasz spa\u0107 w pensjonatach, spakuj ma\u0142y plecak rowerowy. <strong>namiot, \u015bpiw\u00f3r i materac<\/strong>. Funkcjonalna bielizna, w tym zapasowa, to kolejna konieczno\u015b\u0107. Nie zapomnij o p\u0142aszczu przeciwdeszczowym, podstawowych kosmetykach i \u017ar\u00f3d\u0142ach energii. By\u0107 mo\u017ce w postaci power banku. Przyda si\u0119 r\u00f3wnie\u017c krem przeciws\u0142oneczny lub krem na pieluszkowe zapalenie sk\u00f3ry i obola\u0142e stopy.<\/p>","protected":false},"excerpt":{"rendered":"<p>Wakacje na rowerze s\u0105 tak samo pe\u0142ne przyg\u00f3d i zabawy, jak wakacje na \u0142odzi. Jedyna r\u00f3\u017cnica polega na tym, \u017ce w tym przypadku nie b\u0119dziesz zainteresowany sprz\u0119tem do wios\u0142owania, ale znalezieniem odpowiedniego sprz\u0119tu do roweru. To oczywi\u015bcie zale\u017cy od wielu r\u00f3\u017cnych czynnik\u00f3w. Opieraj\u0105c si\u0119 na tych trzech odpowiedziach, mo\u017cesz zacz\u0105\u0107 tworzy\u0107 list\u0119 niezb\u0119dnych ... <\/p>","protected":false},"author":2,"featured_media":942,"comment_status":"closed","ping_status":"closed","sticky":false,"template":"","format":"standard","meta":{"footnotes":""},"categories":[8],"tags":[823,912,900,907,909,913,831,911,910,824,908,770],"class_list":["post-941","post","type-post","status-publish","format-standard","has-post-thumbnail","hentry","category-cestovani","tag-boty","tag-brasny","tag-dovolena","tag-dovolena-na-kole","tag-duse","tag-helma","tag-kolo","tag-lahev","tag-lepeni","tag-obleceni","tag-pumpicka","tag-vybaveni"],"yoast_head":"<!-- This site is optimized with the Yoast SEO plugin v27.4 - https:\/\/yoast.com\/product\/yoast-seo-wordpress\/ -->\n<title>Dovolen\u00e1 na kole \u2013 Na co nezapomenout? - REGBU.COM<\/title>\n<meta name=\"description\" content=\"V\u00edte, co v\u0161echno obn\u00e1\u0161\u00ed dovolen\u00e1 na kole z pohledu nezbytn\u00e9ho vybaven\u00ed? Prozrad\u00edme V\u00e1m, co si vz\u00edt s sebou.\" \/>\n<meta name=\"robots\" content=\"index, follow, max-snippet:-1, max-image-preview:large, max-video-preview:-1\" \/>\n<link rel=\"canonical\" href=\"https:\/\/regbu.com\/pl\/wakacje-w-szkole-co-nie-zapomniec\/\" \/>\n<meta property=\"og:locale\" content=\"pl_PL\" \/>\n<meta property=\"og:type\" content=\"article\" \/>\n<meta property=\"og:title\" content=\"Dovolen\u00e1 na kole \u2013 Na co nezapomenout? - REGBU.COM\" \/>\n<meta property=\"og:description\" content=\"V\u00edte, co v\u0161echno obn\u00e1\u0161\u00ed dovolen\u00e1 na kole z pohledu nezbytn\u00e9ho vybaven\u00ed? Prozrad\u00edme V\u00e1m, co si vz\u00edt s sebou.\" \/>\n<meta property=\"og:url\" content=\"https:\/\/regbu.com\/pl\/wakacje-w-szkole-co-nie-zapomniec\/\" \/>\n<meta property=\"og:site_name\" content=\"REGBU.COM\" \/>\n<meta property=\"article:published_time\" content=\"2023-06-21T14:06:16+00:00\" \/>\n<meta property=\"article:modified_time\" content=\"2025-09-05T05:42:09+00:00\" \/>\n<meta property=\"og:image\" content=\"https:\/\/regbu.com\/wp-content\/uploads\/2023\/06\/dovolena-na-kole-na-co-nezapomenout.jpg\" \/>\n\t<meta property=\"og:image:width\" content=\"1200\" \/>\n\t<meta property=\"og:image:height\" content=\"675\" \/>\n\t<meta property=\"og:image:type\" content=\"image\/jpeg\" \/>\n<meta name=\"author\" content=\"George Martin\" \/>\n<meta name=\"twitter:card\" content=\"summary_large_image\" \/>\n<meta name=\"twitter:label1\" content=\"Napisane przez\" \/>\n\t<meta name=\"twitter:data1\" content=\"George Martin\" \/>\n\t<meta name=\"twitter:label2\" content=\"Szacowany czas czytania\" \/>\n\t<meta name=\"twitter:data2\" content=\"2 minuty\" \/>\n<script type=\"application\/ld+json\" class=\"yoast-schema-graph\">{\"@context\":\"https:\\\/\\\/schema.org\",\"@graph\":[{\"@type\":\"Article\",\"@id\":\"https:\\\/\\\/regbu.com\\\/pl\\\/wakacje-w-szkole-co-nie-zapomniec\\\/#article\",\"isPartOf\":{\"@id\":\"https:\\\/\\\/regbu.com\\\/pl\\\/wakacje-w-szkole-co-nie-zapomniec\\\/\"},\"author\":{\"name\":\"George Martin\",\"@id\":\"https:\\\/\\\/regbu.com\\\/en\\\/#\\\/schema\\\/person\\\/94ea9deda2629771b8a9ced002f6784e\"},\"headline\":\"Dovolen\u00e1 na kole \u2013 Na co nezapomenout?\",\"datePublished\":\"2023-06-21T14:06:16+00:00\",\"dateModified\":\"2025-09-05T05:42:09+00:00\",\"mainEntityOfPage\":{\"@id\":\"https:\\\/\\\/regbu.com\\\/pl\\\/wakacje-w-szkole-co-nie-zapomniec\\\/\"},\"wordCount\":456,\"image\":{\"@id\":\"https:\\\/\\\/regbu.com\\\/pl\\\/wakacje-w-szkole-co-nie-zapomniec\\\/#primaryimage\"},\"thumbnailUrl\":\"https:\\\/\\\/regbu.com\\\/wp-content\\\/uploads\\\/2023\\\/06\\\/dovolena-na-kole-na-co-nezapomenout.jpg\",\"keywords\":[\"boty\",\"bra\u0161ny\",\"dovolen\u00e1\",\"dovolen\u00e1 na kole\",\"du\u0161e\",\"helma\",\"kolo\",\"l\u00e1hev\",\"lepen\u00ed\",\"oble\u010den\u00ed\",\"pumpi\u010dka\",\"vybaven\u00ed\"],\"articleSection\":[\"Cestov\u00e1n\u00ed\"],\"inLanguage\":\"pl-PL\"},{\"@type\":\"WebPage\",\"@id\":\"https:\\\/\\\/regbu.com\\\/pl\\\/wakacje-w-szkole-co-nie-zapomniec\\\/\",\"url\":\"https:\\\/\\\/regbu.com\\\/pl\\\/wakacje-w-szkole-co-nie-zapomniec\\\/\",\"name\":\"Dovolen\u00e1 na kole \u2013 Na co nezapomenout? - REGBU.COM\",\"isPartOf\":{\"@id\":\"https:\\\/\\\/regbu.com\\\/en\\\/#website\"},\"primaryImageOfPage\":{\"@id\":\"https:\\\/\\\/regbu.com\\\/pl\\\/wakacje-w-szkole-co-nie-zapomniec\\\/#primaryimage\"},\"image\":{\"@id\":\"https:\\\/\\\/regbu.com\\\/pl\\\/wakacje-w-szkole-co-nie-zapomniec\\\/#primaryimage\"},\"thumbnailUrl\":\"https:\\\/\\\/regbu.com\\\/wp-content\\\/uploads\\\/2023\\\/06\\\/dovolena-na-kole-na-co-nezapomenout.jpg\",\"datePublished\":\"2023-06-21T14:06:16+00:00\",\"dateModified\":\"2025-09-05T05:42:09+00:00\",\"author\":{\"@id\":\"https:\\\/\\\/regbu.com\\\/en\\\/#\\\/schema\\\/person\\\/94ea9deda2629771b8a9ced002f6784e\"},\"description\":\"V\u00edte, co v\u0161echno obn\u00e1\u0161\u00ed dovolen\u00e1 na kole z pohledu nezbytn\u00e9ho vybaven\u00ed? Prozrad\u00edme V\u00e1m, co si vz\u00edt s sebou.\",\"breadcrumb\":{\"@id\":\"https:\\\/\\\/regbu.com\\\/pl\\\/wakacje-w-szkole-co-nie-zapomniec\\\/#breadcrumb\"},\"inLanguage\":\"pl-PL\",\"potentialAction\":[{\"@type\":\"ReadAction\",\"target\":[\"https:\\\/\\\/regbu.com\\\/pl\\\/wakacje-w-szkole-co-nie-zapomniec\\\/\"]}]},{\"@type\":\"ImageObject\",\"inLanguage\":\"pl-PL\",\"@id\":\"https:\\\/\\\/regbu.com\\\/pl\\\/wakacje-w-szkole-co-nie-zapomniec\\\/#primaryimage\",\"url\":\"https:\\\/\\\/regbu.com\\\/wp-content\\\/uploads\\\/2023\\\/06\\\/dovolena-na-kole-na-co-nezapomenout.jpg\",\"contentUrl\":\"https:\\\/\\\/regbu.com\\\/wp-content\\\/uploads\\\/2023\\\/06\\\/dovolena-na-kole-na-co-nezapomenout.jpg\",\"width\":1200,\"height\":675,\"caption\":\"Dovolen\u00e1 na kole \u2013 Na co nezapomenout?\"},{\"@type\":\"BreadcrumbList\",\"@id\":\"https:\\\/\\\/regbu.com\\\/pl\\\/wakacje-w-szkole-co-nie-zapomniec\\\/#breadcrumb\",\"itemListElement\":[{\"@type\":\"ListItem\",\"position\":1,\"name\":\"Home\",\"item\":\"https:\\\/\\\/regbu.com\\\/en\\\/\"},{\"@type\":\"ListItem\",\"position\":2,\"name\":\"Dovolen\u00e1 na kole \u2013 Na co nezapomenout?\"}]},{\"@type\":\"WebSite\",\"@id\":\"https:\\\/\\\/regbu.com\\\/en\\\/#website\",\"url\":\"https:\\\/\\\/regbu.com\\\/en\\\/\",\"name\":\"REGBU.COM\",\"description\":\"\",\"potentialAction\":[{\"@type\":\"SearchAction\",\"target\":{\"@type\":\"EntryPoint\",\"urlTemplate\":\"https:\\\/\\\/regbu.com\\\/en\\\/?s={search_term_string}\"},\"query-input\":{\"@type\":\"PropertyValueSpecification\",\"valueRequired\":true,\"valueName\":\"search_term_string\"}}],\"inLanguage\":\"pl-PL\"},{\"@type\":\"Person\",\"@id\":\"https:\\\/\\\/regbu.com\\\/en\\\/#\\\/schema\\\/person\\\/94ea9deda2629771b8a9ced002f6784e\",\"name\":\"George Martin\",\"url\":\"https:\\\/\\\/regbu.com\\\/pl\\\/author\\\/george-martin\\\/\"}]}<\/script>\n<!-- \/ Yoast SEO plugin. -->","yoast_head_json":{"title":"Wakacje na rowerze - o czym nie zapomnie\u0107 - REGBU.COM","description":"Czy wiesz, co wi\u0105\u017ce si\u0119 z wakacjami na rowerze pod wzgl\u0119dem niezb\u0119dnego sprz\u0119tu? Podpowiemy Ci, co warto ze sob\u0105 zabra\u0107.","robots":{"index":"index","follow":"follow","max-snippet":"max-snippet:-1","max-image-preview":"max-image-preview:large","max-video-preview":"max-video-preview:-1"},"canonical":"https:\/\/regbu.com\/pl\/wakacje-w-szkole-co-nie-zapomniec\/","og_locale":"pl_PL","og_type":"article","og_title":"Dovolen\u00e1 na kole \u2013 Na co nezapomenout? - REGBU.COM","og_description":"V\u00edte, co v\u0161echno obn\u00e1\u0161\u00ed dovolen\u00e1 na kole z pohledu nezbytn\u00e9ho vybaven\u00ed? Prozrad\u00edme V\u00e1m, co si vz\u00edt s sebou.","og_url":"https:\/\/regbu.com\/pl\/wakacje-w-szkole-co-nie-zapomniec\/","og_site_name":"REGBU.COM","article_published_time":"2023-06-21T14:06:16+00:00","article_modified_time":"2025-09-05T05:42:09+00:00","og_image":[{"width":1200,"height":675,"url":"https:\/\/regbu.com\/wp-content\/uploads\/2023\/06\/dovolena-na-kole-na-co-nezapomenout.jpg","type":"image\/jpeg"}],"author":"George Martin","twitter_card":"summary_large_image","twitter_misc":{"Napisane przez":"George Martin","Szacowany czas czytania":"2 minuty"},"schema":{"@context":"https:\/\/schema.org","@graph":[{"@type":"Article","@id":"https:\/\/regbu.com\/pl\/wakacje-w-szkole-co-nie-zapomniec\/#article","isPartOf":{"@id":"https:\/\/regbu.com\/pl\/wakacje-w-szkole-co-nie-zapomniec\/"},"author":{"name":"George Martin","@id":"https:\/\/regbu.com\/en\/#\/schema\/person\/94ea9deda2629771b8a9ced002f6784e"},"headline":"Dovolen\u00e1 na kole \u2013 Na co nezapomenout?","datePublished":"2023-06-21T14:06:16+00:00","dateModified":"2025-09-05T05:42:09+00:00","mainEntityOfPage":{"@id":"https:\/\/regbu.com\/pl\/wakacje-w-szkole-co-nie-zapomniec\/"},"wordCount":456,"image":{"@id":"https:\/\/regbu.com\/pl\/wakacje-w-szkole-co-nie-zapomniec\/#primaryimage"},"thumbnailUrl":"https:\/\/regbu.com\/wp-content\/uploads\/2023\/06\/dovolena-na-kole-na-co-nezapomenout.jpg","keywords":["boty","bra\u0161ny","dovolen\u00e1","dovolen\u00e1 na kole","du\u0161e","helma","kolo","l\u00e1hev","lepen\u00ed","oble\u010den\u00ed","pumpi\u010dka","vybaven\u00ed"],"articleSection":["Cestov\u00e1n\u00ed"],"inLanguage":"pl-PL"},{"@type":"WebPage","@id":"https:\/\/regbu.com\/pl\/wakacje-w-szkole-co-nie-zapomniec\/","url":"https:\/\/regbu.com\/pl\/wakacje-w-szkole-co-nie-zapomniec\/","name":"Wakacje na rowerze - o czym nie zapomnie\u0107 - REGBU.COM","isPartOf":{"@id":"https:\/\/regbu.com\/en\/#website"},"primaryImageOfPage":{"@id":"https:\/\/regbu.com\/pl\/wakacje-w-szkole-co-nie-zapomniec\/#primaryimage"},"image":{"@id":"https:\/\/regbu.com\/pl\/wakacje-w-szkole-co-nie-zapomniec\/#primaryimage"},"thumbnailUrl":"https:\/\/regbu.com\/wp-content\/uploads\/2023\/06\/dovolena-na-kole-na-co-nezapomenout.jpg","datePublished":"2023-06-21T14:06:16+00:00","dateModified":"2025-09-05T05:42:09+00:00","author":{"@id":"https:\/\/regbu.com\/en\/#\/schema\/person\/94ea9deda2629771b8a9ced002f6784e"},"description":"Czy wiesz, co wi\u0105\u017ce si\u0119 z wakacjami na rowerze pod wzgl\u0119dem niezb\u0119dnego sprz\u0119tu? Podpowiemy Ci, co warto ze sob\u0105 zabra\u0107.","breadcrumb":{"@id":"https:\/\/regbu.com\/pl\/wakacje-w-szkole-co-nie-zapomniec\/#breadcrumb"},"inLanguage":"pl-PL","potentialAction":[{"@type":"ReadAction","target":["https:\/\/regbu.com\/pl\/wakacje-w-szkole-co-nie-zapomniec\/"]}]},{"@type":"ImageObject","inLanguage":"pl-PL","@id":"https:\/\/regbu.com\/pl\/wakacje-w-szkole-co-nie-zapomniec\/#primaryimage","url":"https:\/\/regbu.com\/wp-content\/uploads\/2023\/06\/dovolena-na-kole-na-co-nezapomenout.jpg","contentUrl":"https:\/\/regbu.com\/wp-content\/uploads\/2023\/06\/dovolena-na-kole-na-co-nezapomenout.jpg","width":1200,"height":675,"caption":"Dovolen\u00e1 na kole \u2013 Na co nezapomenout?"},{"@type":"BreadcrumbList","@id":"https:\/\/regbu.com\/pl\/wakacje-w-szkole-co-nie-zapomniec\/#breadcrumb","itemListElement":[{"@type":"ListItem","position":1,"name":"Home","item":"https:\/\/regbu.com\/en\/"},{"@type":"ListItem","position":2,"name":"Dovolen\u00e1 na kole \u2013 Na co nezapomenout?"}]},{"@type":"WebSite","@id":"https:\/\/regbu.com\/en\/#website","url":"https:\/\/regbu.com\/en\/","name":"REGBU.COM","description":"","potentialAction":[{"@type":"SearchAction","target":{"@type":"EntryPoint","urlTemplate":"https:\/\/regbu.com\/en\/?s={search_term_string}"},"query-input":{"@type":"PropertyValueSpecification","valueRequired":true,"valueName":"search_term_string"}}],"inLanguage":"pl-PL"},{"@type":"Person","@id":"https:\/\/regbu.com\/en\/#\/schema\/person\/94ea9deda2629771b8a9ced002f6784e","name":"George Martin","url":"https:\/\/regbu.com\/pl\/author\/george-martin\/"}]}},"_links":{"self":[{"href":"https:\/\/regbu.com\/pl\/wp-json\/wp\/v2\/posts\/941","targetHints":{"allow":["GET"]}}],"collection":[{"href":"https:\/\/regbu.com\/pl\/wp-json\/wp\/v2\/posts"}],"about":[{"href":"https:\/\/regbu.com\/pl\/wp-json\/wp\/v2\/types\/post"}],"author":[{"embeddable":true,"href":"https:\/\/regbu.com\/pl\/wp-json\/wp\/v2\/users\/2"}],"replies":[{"embeddable":true,"href":"https:\/\/regbu.com\/pl\/wp-json\/wp\/v2\/comments?post=941"}],"version-history":[{"count":2,"href":"https:\/\/regbu.com\/pl\/wp-json\/wp\/v2\/posts\/941\/revisions"}],"predecessor-version":[{"id":960,"href":"https:\/\/regbu.com\/pl\/wp-json\/wp\/v2\/posts\/941\/revisions\/960"}],"wp:featuredmedia":[{"embeddable":true,"href":"https:\/\/regbu.com\/pl\/wp-json\/wp\/v2\/media\/942"}],"wp:attachment":[{"href":"https:\/\/regbu.com\/pl\/wp-json\/wp\/v2\/media?parent=941"}],"wp:term":[{"taxonomy":"category","embeddable":true,"href":"https:\/\/regbu.com\/pl\/wp-json\/wp\/v2\/categories?post=941"},{"taxonomy":"post_tag","embeddable":true,"href":"https:\/\/regbu.com\/pl\/wp-json\/wp\/v2\/tags?post=941"}],"curies":[{"name":"wp","href":"https:\/\/api.w.org\/{rel}","templated":true}]}}