{"id":926,"date":"2023-06-21T15:50:06","date_gmt":"2023-06-21T13:50:06","guid":{"rendered":"https:\/\/regbu.com\/?p=926"},"modified":"2025-09-05T07:42:20","modified_gmt":"2025-09-05T05:42:20","slug":"cestovni-kufr-volte-podle-svych-potreb","status":"publish","type":"post","link":"https:\/\/regbu.com\/pl\/walizka-podrozna-wybierz-zgodnie-z-twoimi-potrzebami\/","title":{"rendered":"Wybierz walizk\u0119 zgodnie ze swoimi potrzebami"},"content":{"rendered":"<p>Walizka podr\u00f3\u017cna jest niezb\u0119dnym narz\u0119dziem podczas podr\u00f3\u017cy. Najprawdopodobniej zmie\u015bci si\u0119 w <strong><a href=\"https:\/\/regbu.com\/pl\/prowadzenie-wyposazenia-od-do\/\">sprz\u0119t \u017ceglarski<\/a><\/strong>. We wszystkich innych przypadkach b\u0119dzie on jednak pomocny. Jest to baga\u017c podr\u00f3\u017cny s\u0142u\u017c\u0105cy do transportu wybranych przedmiot\u00f3w. Przy jego wyborze i zakupie mo\u017cna kierowa\u0107 si\u0119 wieloma parametrami.<\/p>\n\n\n\n<ul class=\"wp-block-list\">\n<li>Rozmiar<\/li>\n\n\n\n<li>Materia\u0142 produkcyjny<\/li>\n\n\n\n<li>Akcesoria<\/li>\n<\/ul>\n\n\n\n<p>Dla wielu podr\u00f3\u017cnik\u00f3w ostateczny wygl\u0105d b\u0119dzie r\u00f3wnie\u017c g\u0142\u00f3wnym czynnikiem decyduj\u0105cym. Walizka mo\u017ce by\u0107 monochromatyczna, ale nie ma wyj\u0105tku <em>ekstrawagancki druk i wszelkiego rodzaju modyfikacje<\/em>. W tym kierunku nie ma \u017cadnych ogranicze\u0144.<\/p>\n\n\n\n<h2 class=\"wp-block-heading\">Walizka podr\u00f3\u017cna i jej rozmiar<\/h2>\n\n\n\n<p>Przede wszystkim musisz wiedzie\u0107, jak du\u017cej walizki potrzebujesz. Pomy\u015bl o transporcie lotniczym, czy b\u0119dzie to <strong>baga\u017c kabinowy lub rejestrowany<\/strong> i odpowiednio sprawdzi\u0107 wymiary. Walizki s\u0105 zwykle oznaczone literami wskazuj\u0105cymi rozmiar. Na przyk\u0142ad S oznacza ma\u0142\u0105, a L du\u017c\u0105. Rozmiar okre\u015bla nast\u0119pnie takie elementy, jak liczba k\u00f3\u0142ek i konstrukcja uchwytu.<\/p>\n\n\n\n<h3 class=\"wp-block-heading\">Najcz\u0119\u015bciej zadawane pytania i odpowiedzi<\/h3>\n\n\n\n<p>Skupmy si\u0119 jednak na innych szczeg\u00f3\u0142ach zwi\u0105zanych z wyborem tego urz\u0105dzenia podr\u00f3\u017cnego. Walizka podr\u00f3\u017cna jest zwykle wykonana z&nbsp;<strong>r\u00f3\u017cne materia\u0142y produkcyjne<\/strong>. Najcz\u0119\u015bciej jest to materia\u0142 tekstylny lub pow\u0142oka. Walizki hybrydowe i aluminiowe nie s\u0105 wyj\u0105tkiem.<\/p>\n\n\n\n<p><\/p>\n\n\n\n<div class=\"schema-faq wp-block-yoast-faq-block\"><div class=\"schema-faq-section\" id=\"faq-question-1687355069434\"><strong class=\"schema-faq-question\">Z jakiego materia\u0142u cz\u0119sto wykonane s\u0105 walizki tekstylne?<\/strong> <p class=\"schema-faq-answer\">Wsp\u00f3\u0142cze\u015bni producenci ch\u0119tnie si\u0119gaj\u0105 po nylon i poliester. Ten ostatni cz\u0119sto \u0142\u0105czony jest na przyk\u0142ad z plastikiem.<\/p> <\/div> <div class=\"schema-faq-section\" id=\"faq-question-1687355076258\"><strong class=\"schema-faq-question\">Jakie s\u0105 standardowe cechy walizki?<\/strong> <p class=\"schema-faq-answer\">Taki baga\u017c ma zwykle regulowany uchwyt, k\u00f3\u0142ka, wewn\u0119trzne kieszenie, uchwyt, wewn\u0119trzn\u0105 przegrod\u0119 z tkaniny i pasy bezpiecze\u0144stwa.<\/p> <\/div> <div class=\"schema-faq-section\" id=\"faq-question-1687355084871\"><strong class=\"schema-faq-question\">Jaka jest zaleta walizki z czterema k\u00f3\u0142kami?<\/strong> <p class=\"schema-faq-answer\">Walizka z k\u00f3\u0142kiem w ka\u017cdym rogu pozwala na transport bez konieczno\u015bci ci\u0105gni\u0119cia jej za sob\u0105. Przynosi to ulg\u0119 podczas przeprowadzki.<\/p> <\/div> <div class=\"schema-faq-section\" id=\"faq-question-1687355093414\"><strong class=\"schema-faq-question\">Jakie s\u0105 zwyczajowe limity baga\u017cu podr\u0119cznego przy wej\u015bciu na pok\u0142ad?<\/strong> <p class=\"schema-faq-answer\">W takim przypadku nale\u017cy wzi\u0105\u0107 pod uwag\u0119 wymiary graniczne 55 x 40 x 20 cm. Nale\u017cy wzi\u0105\u0107 to pod uwag\u0119 przy wyborze produktu.<\/p> <\/div> <div class=\"schema-faq-section\" id=\"faq-question-1687355101473\"><strong class=\"schema-faq-question\">Jak zabezpieczy\u0107 walizk\u0119?<\/strong> <p class=\"schema-faq-answer\">Nowoczesne walizki s\u0105 wyposa\u017cone w specjalne zamki szyfrowe TSA. Dla dodatkowego bezpiecze\u0144stwa mo\u017cna r\u00f3wnie\u017c u\u017cy\u0107 tradycyjnej k\u0142\u00f3dki, poniewa\u017c wi\u0119kszo\u015b\u0107 suwak\u00f3w na to pozwala.<\/p> <\/div> <\/div>","protected":false},"excerpt":{"rendered":"<p>Walizka podr\u00f3\u017cna jest niezb\u0119dnym narz\u0119dziem podczas podr\u00f3\u017cy. Najprawdopodobniej znajdzie si\u0119 w wyposa\u017ceniu \u017ceglarskim. Jednak w ka\u017cdym innym przypadku b\u0119dzie pomocna. Jest to baga\u017c podr\u00f3\u017cny s\u0142u\u017c\u0105cy do transportu wybranych przedmiot\u00f3w. Przy jego wyborze i zakupie mo\u017cna kierowa\u0107 si\u0119 wieloma parametrami. Dla wielu podr\u00f3\u017cnik\u00f3w istotnym elementem decyduj\u0105cym b\u0119dzie r\u00f3wnie\u017c ostateczny wygl\u0105d. ... <\/p>","protected":false},"author":2,"featured_media":927,"comment_status":"closed","ping_status":"closed","sticky":false,"template":"","format":"standard","meta":{"footnotes":""},"categories":[8],"tags":[637,861,863,867,862,864,869,868,865,866],"class_list":["post-926","post","type-post","status-publish","format-standard","has-post-thumbnail","hentry","category-cestovani","tag-cestovani","tag-cestovni-kufr","tag-cestovni-kufry","tag-kabinove-zavazadlo","tag-kufr","tag-kufry","tag-material","tag-odbavene-zavazadlo","tag-velikost","tag-zavazadlo"],"yoast_head":"<!-- This site is optimized with the Yoast SEO plugin v27.4 - https:\/\/yoast.com\/product\/yoast-seo-wordpress\/ -->\n<title>Cestovn\u00ed kufr volte podle sv\u00fdch pot\u0159eb - REGBU.COM<\/title>\n<meta name=\"description\" content=\"Cestovn\u00ed kufr pat\u0159\u00ed k nezbytn\u00e9 v\u00fdbav\u011b ka\u017ed\u00e9ho cestovatele. V\u00edte, podle \u010deho byste si m\u011bli vybrat ten spr\u00e1vn\u00fd?\" \/>\n<meta name=\"robots\" content=\"index, follow, max-snippet:-1, max-image-preview:large, max-video-preview:-1\" \/>\n<link rel=\"canonical\" href=\"https:\/\/regbu.com\/pl\/walizka-podrozna-wybierz-zgodnie-z-twoimi-potrzebami\/\" \/>\n<meta property=\"og:locale\" content=\"pl_PL\" \/>\n<meta property=\"og:type\" content=\"article\" \/>\n<meta property=\"og:title\" content=\"Cestovn\u00ed kufr volte podle sv\u00fdch pot\u0159eb - REGBU.COM\" \/>\n<meta property=\"og:description\" content=\"Cestovn\u00ed kufr pat\u0159\u00ed k nezbytn\u00e9 v\u00fdbav\u011b ka\u017ed\u00e9ho cestovatele. V\u00edte, podle \u010deho byste si m\u011bli vybrat ten spr\u00e1vn\u00fd?\" \/>\n<meta property=\"og:url\" content=\"https:\/\/regbu.com\/pl\/walizka-podrozna-wybierz-zgodnie-z-twoimi-potrzebami\/\" \/>\n<meta property=\"og:site_name\" content=\"REGBU.COM\" \/>\n<meta property=\"article:published_time\" content=\"2023-06-21T13:50:06+00:00\" \/>\n<meta property=\"article:modified_time\" content=\"2025-09-05T05:42:20+00:00\" \/>\n<meta property=\"og:image\" content=\"https:\/\/regbu.com\/wp-content\/uploads\/2023\/06\/cestovni-kufr-volte-podle-svych-potreb.jpg\" \/>\n\t<meta property=\"og:image:width\" content=\"1200\" \/>\n\t<meta property=\"og:image:height\" content=\"679\" \/>\n\t<meta property=\"og:image:type\" content=\"image\/jpeg\" \/>\n<meta name=\"author\" content=\"George Martin\" \/>\n<meta name=\"twitter:card\" content=\"summary_large_image\" \/>\n<meta name=\"twitter:label1\" content=\"Napisane przez\" \/>\n\t<meta name=\"twitter:data1\" content=\"George Martin\" \/>\n\t<meta name=\"twitter:label2\" content=\"Szacowany czas czytania\" \/>\n\t<meta name=\"twitter:data2\" content=\"2 minuty\" \/>\n<script type=\"application\/ld+json\" class=\"yoast-schema-graph\">{\"@context\":\"https:\\\/\\\/schema.org\",\"@graph\":[{\"@type\":\"Article\",\"@id\":\"https:\\\/\\\/regbu.com\\\/pl\\\/walizka-podrozna-wybierz-zgodnie-z-twoimi-potrzebami\\\/#article\",\"isPartOf\":{\"@id\":\"https:\\\/\\\/regbu.com\\\/pl\\\/walizka-podrozna-wybierz-zgodnie-z-twoimi-potrzebami\\\/\"},\"author\":{\"name\":\"George Martin\",\"@id\":\"https:\\\/\\\/regbu.com\\\/en\\\/#\\\/schema\\\/person\\\/94ea9deda2629771b8a9ced002f6784e\"},\"headline\":\"Cestovn\u00ed kufr volte podle sv\u00fdch pot\u0159eb\",\"datePublished\":\"2023-06-21T13:50:06+00:00\",\"dateModified\":\"2025-09-05T05:42:20+00:00\",\"mainEntityOfPage\":{\"@id\":\"https:\\\/\\\/regbu.com\\\/pl\\\/walizka-podrozna-wybierz-zgodnie-z-twoimi-potrzebami\\\/\"},\"wordCount\":451,\"image\":{\"@id\":\"https:\\\/\\\/regbu.com\\\/pl\\\/walizka-podrozna-wybierz-zgodnie-z-twoimi-potrzebami\\\/#primaryimage\"},\"thumbnailUrl\":\"https:\\\/\\\/regbu.com\\\/wp-content\\\/uploads\\\/2023\\\/06\\\/cestovni-kufr-volte-podle-svych-potreb.jpg\",\"keywords\":[\"cestov\u00e1n\u00ed\",\"cestovn\u00ed kufr\",\"cestovn\u00ed kufry\",\"kabinov\u00e9 zavazadlo\",\"kufr\",\"kufry\",\"materi\u00e1l\",\"odbaven\u00e9 zavazadlo\",\"velikost\",\"zavazadlo\"],\"articleSection\":[\"Cestov\u00e1n\u00ed\"],\"inLanguage\":\"pl-PL\"},{\"@type\":[\"WebPage\",\"FAQPage\"],\"@id\":\"https:\\\/\\\/regbu.com\\\/pl\\\/walizka-podrozna-wybierz-zgodnie-z-twoimi-potrzebami\\\/\",\"url\":\"https:\\\/\\\/regbu.com\\\/pl\\\/walizka-podrozna-wybierz-zgodnie-z-twoimi-potrzebami\\\/\",\"name\":\"Cestovn\u00ed kufr volte podle sv\u00fdch pot\u0159eb - REGBU.COM\",\"isPartOf\":{\"@id\":\"https:\\\/\\\/regbu.com\\\/en\\\/#website\"},\"primaryImageOfPage\":{\"@id\":\"https:\\\/\\\/regbu.com\\\/pl\\\/walizka-podrozna-wybierz-zgodnie-z-twoimi-potrzebami\\\/#primaryimage\"},\"image\":{\"@id\":\"https:\\\/\\\/regbu.com\\\/pl\\\/walizka-podrozna-wybierz-zgodnie-z-twoimi-potrzebami\\\/#primaryimage\"},\"thumbnailUrl\":\"https:\\\/\\\/regbu.com\\\/wp-content\\\/uploads\\\/2023\\\/06\\\/cestovni-kufr-volte-podle-svych-potreb.jpg\",\"datePublished\":\"2023-06-21T13:50:06+00:00\",\"dateModified\":\"2025-09-05T05:42:20+00:00\",\"author\":{\"@id\":\"https:\\\/\\\/regbu.com\\\/en\\\/#\\\/schema\\\/person\\\/94ea9deda2629771b8a9ced002f6784e\"},\"description\":\"Cestovn\u00ed kufr pat\u0159\u00ed k nezbytn\u00e9 v\u00fdbav\u011b ka\u017ed\u00e9ho cestovatele. V\u00edte, podle \u010deho byste si m\u011bli vybrat ten spr\u00e1vn\u00fd?\",\"breadcrumb\":{\"@id\":\"https:\\\/\\\/regbu.com\\\/pl\\\/walizka-podrozna-wybierz-zgodnie-z-twoimi-potrzebami\\\/#breadcrumb\"},\"mainEntity\":[{\"@id\":\"https:\\\/\\\/regbu.com\\\/pl\\\/walizka-podrozna-wybierz-zgodnie-z-twoimi-potrzebami\\\/#faq-question-1687355069434\"},{\"@id\":\"https:\\\/\\\/regbu.com\\\/pl\\\/walizka-podrozna-wybierz-zgodnie-z-twoimi-potrzebami\\\/#faq-question-1687355076258\"},{\"@id\":\"https:\\\/\\\/regbu.com\\\/pl\\\/walizka-podrozna-wybierz-zgodnie-z-twoimi-potrzebami\\\/#faq-question-1687355084871\"},{\"@id\":\"https:\\\/\\\/regbu.com\\\/pl\\\/walizka-podrozna-wybierz-zgodnie-z-twoimi-potrzebami\\\/#faq-question-1687355093414\"},{\"@id\":\"https:\\\/\\\/regbu.com\\\/pl\\\/walizka-podrozna-wybierz-zgodnie-z-twoimi-potrzebami\\\/#faq-question-1687355101473\"}],\"inLanguage\":\"pl-PL\",\"potentialAction\":[{\"@type\":\"ReadAction\",\"target\":[\"https:\\\/\\\/regbu.com\\\/pl\\\/walizka-podrozna-wybierz-zgodnie-z-twoimi-potrzebami\\\/\"]}]},{\"@type\":\"ImageObject\",\"inLanguage\":\"pl-PL\",\"@id\":\"https:\\\/\\\/regbu.com\\\/pl\\\/walizka-podrozna-wybierz-zgodnie-z-twoimi-potrzebami\\\/#primaryimage\",\"url\":\"https:\\\/\\\/regbu.com\\\/wp-content\\\/uploads\\\/2023\\\/06\\\/cestovni-kufr-volte-podle-svych-potreb.jpg\",\"contentUrl\":\"https:\\\/\\\/regbu.com\\\/wp-content\\\/uploads\\\/2023\\\/06\\\/cestovni-kufr-volte-podle-svych-potreb.jpg\",\"width\":1200,\"height\":679,\"caption\":\"Cestovn\u00ed kufr volte podle sv\u00fdch pot\u0159eb\"},{\"@type\":\"BreadcrumbList\",\"@id\":\"https:\\\/\\\/regbu.com\\\/pl\\\/walizka-podrozna-wybierz-zgodnie-z-twoimi-potrzebami\\\/#breadcrumb\",\"itemListElement\":[{\"@type\":\"ListItem\",\"position\":1,\"name\":\"Home\",\"item\":\"https:\\\/\\\/regbu.com\\\/en\\\/\"},{\"@type\":\"ListItem\",\"position\":2,\"name\":\"Cestovn\u00ed kufr volte podle sv\u00fdch pot\u0159eb\"}]},{\"@type\":\"WebSite\",\"@id\":\"https:\\\/\\\/regbu.com\\\/en\\\/#website\",\"url\":\"https:\\\/\\\/regbu.com\\\/en\\\/\",\"name\":\"REGBU.COM\",\"description\":\"\",\"potentialAction\":[{\"@type\":\"SearchAction\",\"target\":{\"@type\":\"EntryPoint\",\"urlTemplate\":\"https:\\\/\\\/regbu.com\\\/en\\\/?s={search_term_string}\"},\"query-input\":{\"@type\":\"PropertyValueSpecification\",\"valueRequired\":true,\"valueName\":\"search_term_string\"}}],\"inLanguage\":\"pl-PL\"},{\"@type\":\"Person\",\"@id\":\"https:\\\/\\\/regbu.com\\\/en\\\/#\\\/schema\\\/person\\\/94ea9deda2629771b8a9ced002f6784e\",\"name\":\"George Martin\",\"url\":\"https:\\\/\\\/regbu.com\\\/pl\\\/author\\\/george-martin\\\/\"},{\"@type\":\"Question\",\"@id\":\"https:\\\/\\\/regbu.com\\\/pl\\\/walizka-podrozna-wybierz-zgodnie-z-twoimi-potrzebami\\\/#faq-question-1687355069434\",\"position\":1,\"url\":\"https:\\\/\\\/regbu.com\\\/pl\\\/walizka-podrozna-wybierz-zgodnie-z-twoimi-potrzebami\\\/#faq-question-1687355069434\",\"name\":\"Z jak\u00e9ho v\u00fdrobn\u00edho materi\u00e1lu \u010dasto vznikaj\u00ed textiln\u00ed kufry?\",\"answerCount\":1,\"acceptedAnswer\":{\"@type\":\"Answer\",\"text\":\"Sou\u010dasn\u00ed v\u00fdrobci s oblibou pou\u017e\u00edvaj\u00ed nylon a polyester. Ten je mnohdy kombinov\u00e1n nap\u0159\u00edklad s plastem.\",\"inLanguage\":\"pl-PL\"},\"inLanguage\":\"pl-PL\"},{\"@type\":\"Question\",\"@id\":\"https:\\\/\\\/regbu.com\\\/pl\\\/walizka-podrozna-wybierz-zgodnie-z-twoimi-potrzebami\\\/#faq-question-1687355076258\",\"position\":2,\"url\":\"https:\\\/\\\/regbu.com\\\/pl\\\/walizka-podrozna-wybierz-zgodnie-z-twoimi-potrzebami\\\/#faq-question-1687355076258\",\"name\":\"Jak\u00e9 jsou standardn\u00ed prvky cestovn\u00edho kufru?\",\"answerCount\":1,\"acceptedAnswer\":{\"@type\":\"Answer\",\"text\":\"Takov\u00e9 zavazadlo m\u00e1 obvykle nastavitelnou rukoje\u0165, kole\u010dka, vnit\u0159n\u00ed kapsy, madlo, vnit\u0159n\u00ed p\u0159ep\u00e1\u017eku vyrobenou z l\u00e1tky a bezpe\u010dnostn\u00ed popruhy.\",\"inLanguage\":\"pl-PL\"},\"inLanguage\":\"pl-PL\"},{\"@type\":\"Question\",\"@id\":\"https:\\\/\\\/regbu.com\\\/pl\\\/walizka-podrozna-wybierz-zgodnie-z-twoimi-potrzebami\\\/#faq-question-1687355084871\",\"position\":3,\"url\":\"https:\\\/\\\/regbu.com\\\/pl\\\/walizka-podrozna-wybierz-zgodnie-z-twoimi-potrzebami\\\/#faq-question-1687355084871\",\"name\":\"Jak\u00e1 je v\u00fdhoda kufru se \u010dty\u0159mi kole\u010dky?\",\"answerCount\":1,\"acceptedAnswer\":{\"@type\":\"Answer\",\"text\":\"Kufr s kole\u010dkem v ka\u017ed\u00e9m rohu umo\u017e\u0148uje jeho p\u0159epravu bez nutnosti tahat ho za sebou. To p\u0159in\u00e1\u0161\u00ed \u00falevu p\u0159i p\u0159esunech.\",\"inLanguage\":\"pl-PL\"},\"inLanguage\":\"pl-PL\"},{\"@type\":\"Question\",\"@id\":\"https:\\\/\\\/regbu.com\\\/pl\\\/walizka-podrozna-wybierz-zgodnie-z-twoimi-potrzebami\\\/#faq-question-1687355093414\",\"position\":4,\"url\":\"https:\\\/\\\/regbu.com\\\/pl\\\/walizka-podrozna-wybierz-zgodnie-z-twoimi-potrzebami\\\/#faq-question-1687355093414\",\"name\":\"Jak\u00e9 se obvykle stanovuj\u00ed limity kabinov\u00e9ho zavazadla p\u0159i n\u00e1stupu do letadla?\",\"answerCount\":1,\"acceptedAnswer\":{\"@type\":\"Answer\",\"text\":\"V tomto p\u0159\u00edpad\u011b po\u010d\u00edtejte s limituj\u00edc\u00edmi rozm\u011bry 55 x 40 x 20 cm. P\u0159i jeho v\u00fdb\u011bru na to berte z\u0159etel.\",\"inLanguage\":\"pl-PL\"},\"inLanguage\":\"pl-PL\"},{\"@type\":\"Question\",\"@id\":\"https:\\\/\\\/regbu.com\\\/pl\\\/walizka-podrozna-wybierz-zgodnie-z-twoimi-potrzebami\\\/#faq-question-1687355101473\",\"position\":5,\"url\":\"https:\\\/\\\/regbu.com\\\/pl\\\/walizka-podrozna-wybierz-zgodnie-z-twoimi-potrzebami\\\/#faq-question-1687355101473\",\"name\":\"Jak\u00fdm zp\u016fsobem zabezpe\u010dit cestovn\u00ed kufr?\",\"answerCount\":1,\"acceptedAnswer\":{\"@type\":\"Answer\",\"text\":\"Modern\u00ed kufry se vybavuj\u00ed speci\u00e1ln\u00edmi k\u00f3dov\u00fdmi TSA z\u00e1mky. Pro vy\u0161\u0161\u00ed bezpe\u010dnost lze pou\u017e\u00edt i klasick\u00fd visac\u00ed z\u00e1mek, proto\u017ee v\u011bt\u0161ina jezdc\u016f zip\u016f to umo\u017e\u0148uje.\",\"inLanguage\":\"pl-PL\"},\"inLanguage\":\"pl-PL\"}]}<\/script>\n<!-- \/ Yoast SEO plugin. -->","yoast_head_json":{"title":"Wybierz walizk\u0119 zgodnie ze swoimi potrzebami - REGBU.COM","description":"Walizka to niezb\u0119dny element wyposa\u017cenia ka\u017cdego podr\u00f3\u017cnika. Czy wiesz, jak wybra\u0107 t\u0119 w\u0142a\u015bciw\u0105?","robots":{"index":"index","follow":"follow","max-snippet":"max-snippet:-1","max-image-preview":"max-image-preview:large","max-video-preview":"max-video-preview:-1"},"canonical":"https:\/\/regbu.com\/pl\/walizka-podrozna-wybierz-zgodnie-z-twoimi-potrzebami\/","og_locale":"pl_PL","og_type":"article","og_title":"Cestovn\u00ed kufr volte podle sv\u00fdch pot\u0159eb - REGBU.COM","og_description":"Cestovn\u00ed kufr pat\u0159\u00ed k nezbytn\u00e9 v\u00fdbav\u011b ka\u017ed\u00e9ho cestovatele. V\u00edte, podle \u010deho byste si m\u011bli vybrat ten spr\u00e1vn\u00fd?","og_url":"https:\/\/regbu.com\/pl\/walizka-podrozna-wybierz-zgodnie-z-twoimi-potrzebami\/","og_site_name":"REGBU.COM","article_published_time":"2023-06-21T13:50:06+00:00","article_modified_time":"2025-09-05T05:42:20+00:00","og_image":[{"width":1200,"height":679,"url":"https:\/\/regbu.com\/wp-content\/uploads\/2023\/06\/cestovni-kufr-volte-podle-svych-potreb.jpg","type":"image\/jpeg"}],"author":"George Martin","twitter_card":"summary_large_image","twitter_misc":{"Napisane przez":"George Martin","Szacowany czas czytania":"2 minuty"},"schema":{"@context":"https:\/\/schema.org","@graph":[{"@type":"Article","@id":"https:\/\/regbu.com\/pl\/walizka-podrozna-wybierz-zgodnie-z-twoimi-potrzebami\/#article","isPartOf":{"@id":"https:\/\/regbu.com\/pl\/walizka-podrozna-wybierz-zgodnie-z-twoimi-potrzebami\/"},"author":{"name":"George Martin","@id":"https:\/\/regbu.com\/en\/#\/schema\/person\/94ea9deda2629771b8a9ced002f6784e"},"headline":"Cestovn\u00ed kufr volte podle sv\u00fdch pot\u0159eb","datePublished":"2023-06-21T13:50:06+00:00","dateModified":"2025-09-05T05:42:20+00:00","mainEntityOfPage":{"@id":"https:\/\/regbu.com\/pl\/walizka-podrozna-wybierz-zgodnie-z-twoimi-potrzebami\/"},"wordCount":451,"image":{"@id":"https:\/\/regbu.com\/pl\/walizka-podrozna-wybierz-zgodnie-z-twoimi-potrzebami\/#primaryimage"},"thumbnailUrl":"https:\/\/regbu.com\/wp-content\/uploads\/2023\/06\/cestovni-kufr-volte-podle-svych-potreb.jpg","keywords":["cestov\u00e1n\u00ed","cestovn\u00ed kufr","cestovn\u00ed kufry","kabinov\u00e9 zavazadlo","kufr","kufry","materi\u00e1l","odbaven\u00e9 zavazadlo","velikost","zavazadlo"],"articleSection":["Cestov\u00e1n\u00ed"],"inLanguage":"pl-PL"},{"@type":["WebPage","FAQPage"],"@id":"https:\/\/regbu.com\/pl\/walizka-podrozna-wybierz-zgodnie-z-twoimi-potrzebami\/","url":"https:\/\/regbu.com\/pl\/walizka-podrozna-wybierz-zgodnie-z-twoimi-potrzebami\/","name":"Wybierz walizk\u0119 zgodnie ze swoimi potrzebami - REGBU.COM","isPartOf":{"@id":"https:\/\/regbu.com\/en\/#website"},"primaryImageOfPage":{"@id":"https:\/\/regbu.com\/pl\/walizka-podrozna-wybierz-zgodnie-z-twoimi-potrzebami\/#primaryimage"},"image":{"@id":"https:\/\/regbu.com\/pl\/walizka-podrozna-wybierz-zgodnie-z-twoimi-potrzebami\/#primaryimage"},"thumbnailUrl":"https:\/\/regbu.com\/wp-content\/uploads\/2023\/06\/cestovni-kufr-volte-podle-svych-potreb.jpg","datePublished":"2023-06-21T13:50:06+00:00","dateModified":"2025-09-05T05:42:20+00:00","author":{"@id":"https:\/\/regbu.com\/en\/#\/schema\/person\/94ea9deda2629771b8a9ced002f6784e"},"description":"Walizka to niezb\u0119dny element wyposa\u017cenia ka\u017cdego podr\u00f3\u017cnika. Czy wiesz, jak wybra\u0107 t\u0119 w\u0142a\u015bciw\u0105?","breadcrumb":{"@id":"https:\/\/regbu.com\/pl\/walizka-podrozna-wybierz-zgodnie-z-twoimi-potrzebami\/#breadcrumb"},"mainEntity":[{"@id":"https:\/\/regbu.com\/pl\/walizka-podrozna-wybierz-zgodnie-z-twoimi-potrzebami\/#faq-question-1687355069434"},{"@id":"https:\/\/regbu.com\/pl\/walizka-podrozna-wybierz-zgodnie-z-twoimi-potrzebami\/#faq-question-1687355076258"},{"@id":"https:\/\/regbu.com\/pl\/walizka-podrozna-wybierz-zgodnie-z-twoimi-potrzebami\/#faq-question-1687355084871"},{"@id":"https:\/\/regbu.com\/pl\/walizka-podrozna-wybierz-zgodnie-z-twoimi-potrzebami\/#faq-question-1687355093414"},{"@id":"https:\/\/regbu.com\/pl\/walizka-podrozna-wybierz-zgodnie-z-twoimi-potrzebami\/#faq-question-1687355101473"}],"inLanguage":"pl-PL","potentialAction":[{"@type":"ReadAction","target":["https:\/\/regbu.com\/pl\/walizka-podrozna-wybierz-zgodnie-z-twoimi-potrzebami\/"]}]},{"@type":"ImageObject","inLanguage":"pl-PL","@id":"https:\/\/regbu.com\/pl\/walizka-podrozna-wybierz-zgodnie-z-twoimi-potrzebami\/#primaryimage","url":"https:\/\/regbu.com\/wp-content\/uploads\/2023\/06\/cestovni-kufr-volte-podle-svych-potreb.jpg","contentUrl":"https:\/\/regbu.com\/wp-content\/uploads\/2023\/06\/cestovni-kufr-volte-podle-svych-potreb.jpg","width":1200,"height":679,"caption":"Cestovn\u00ed kufr volte podle sv\u00fdch pot\u0159eb"},{"@type":"BreadcrumbList","@id":"https:\/\/regbu.com\/pl\/walizka-podrozna-wybierz-zgodnie-z-twoimi-potrzebami\/#breadcrumb","itemListElement":[{"@type":"ListItem","position":1,"name":"Home","item":"https:\/\/regbu.com\/en\/"},{"@type":"ListItem","position":2,"name":"Cestovn\u00ed kufr volte podle sv\u00fdch pot\u0159eb"}]},{"@type":"WebSite","@id":"https:\/\/regbu.com\/en\/#website","url":"https:\/\/regbu.com\/en\/","name":"REGBU.COM","description":"","potentialAction":[{"@type":"SearchAction","target":{"@type":"EntryPoint","urlTemplate":"https:\/\/regbu.com\/en\/?s={search_term_string}"},"query-input":{"@type":"PropertyValueSpecification","valueRequired":true,"valueName":"search_term_string"}}],"inLanguage":"pl-PL"},{"@type":"Person","@id":"https:\/\/regbu.com\/en\/#\/schema\/person\/94ea9deda2629771b8a9ced002f6784e","name":"George Martin","url":"https:\/\/regbu.com\/pl\/author\/george-martin\/"},{"@type":"Question","@id":"https:\/\/regbu.com\/pl\/walizka-podrozna-wybierz-zgodnie-z-twoimi-potrzebami\/#faq-question-1687355069434","position":1,"url":"https:\/\/regbu.com\/pl\/walizka-podrozna-wybierz-zgodnie-z-twoimi-potrzebami\/#faq-question-1687355069434","name":"Z jakiego materia\u0142u cz\u0119sto wykonane s\u0105 walizki tekstylne?","answerCount":1,"acceptedAnswer":{"@type":"Answer","text":"Sou\u010dasn\u00ed v\u00fdrobci s oblibou pou\u017e\u00edvaj\u00ed nylon a polyester. Ten je mnohdy kombinov\u00e1n nap\u0159\u00edklad s plastem.","inLanguage":"pl-PL"},"inLanguage":"pl-PL"},{"@type":"Question","@id":"https:\/\/regbu.com\/pl\/walizka-podrozna-wybierz-zgodnie-z-twoimi-potrzebami\/#faq-question-1687355076258","position":2,"url":"https:\/\/regbu.com\/pl\/walizka-podrozna-wybierz-zgodnie-z-twoimi-potrzebami\/#faq-question-1687355076258","name":"Jakie s\u0105 standardowe cechy walizki?","answerCount":1,"acceptedAnswer":{"@type":"Answer","text":"Takov\u00e9 zavazadlo m\u00e1 obvykle nastavitelnou rukoje\u0165, kole\u010dka, vnit\u0159n\u00ed kapsy, madlo, vnit\u0159n\u00ed p\u0159ep\u00e1\u017eku vyrobenou z l\u00e1tky a bezpe\u010dnostn\u00ed popruhy.","inLanguage":"pl-PL"},"inLanguage":"pl-PL"},{"@type":"Question","@id":"https:\/\/regbu.com\/pl\/walizka-podrozna-wybierz-zgodnie-z-twoimi-potrzebami\/#faq-question-1687355084871","position":3,"url":"https:\/\/regbu.com\/pl\/walizka-podrozna-wybierz-zgodnie-z-twoimi-potrzebami\/#faq-question-1687355084871","name":"Jaka jest zaleta walizki z czterema k\u00f3\u0142kami?","answerCount":1,"acceptedAnswer":{"@type":"Answer","text":"Kufr s kole\u010dkem v ka\u017ed\u00e9m rohu umo\u017e\u0148uje jeho p\u0159epravu bez nutnosti tahat ho za sebou. To p\u0159in\u00e1\u0161\u00ed \u00falevu p\u0159i p\u0159esunech.","inLanguage":"pl-PL"},"inLanguage":"pl-PL"},{"@type":"Question","@id":"https:\/\/regbu.com\/pl\/walizka-podrozna-wybierz-zgodnie-z-twoimi-potrzebami\/#faq-question-1687355093414","position":4,"url":"https:\/\/regbu.com\/pl\/walizka-podrozna-wybierz-zgodnie-z-twoimi-potrzebami\/#faq-question-1687355093414","name":"Jakie s\u0105 zwyczajowe limity baga\u017cu podr\u0119cznego przy wej\u015bciu na pok\u0142ad?","answerCount":1,"acceptedAnswer":{"@type":"Answer","text":"V tomto p\u0159\u00edpad\u011b po\u010d\u00edtejte s limituj\u00edc\u00edmi rozm\u011bry 55 x 40 x 20 cm. P\u0159i jeho v\u00fdb\u011bru na to berte z\u0159etel.","inLanguage":"pl-PL"},"inLanguage":"pl-PL"},{"@type":"Question","@id":"https:\/\/regbu.com\/pl\/walizka-podrozna-wybierz-zgodnie-z-twoimi-potrzebami\/#faq-question-1687355101473","position":5,"url":"https:\/\/regbu.com\/pl\/walizka-podrozna-wybierz-zgodnie-z-twoimi-potrzebami\/#faq-question-1687355101473","name":"Jak zabezpieczy\u0107 walizk\u0119?","answerCount":1,"acceptedAnswer":{"@type":"Answer","text":"Modern\u00ed kufry se vybavuj\u00ed speci\u00e1ln\u00edmi k\u00f3dov\u00fdmi TSA z\u00e1mky. Pro vy\u0161\u0161\u00ed bezpe\u010dnost lze pou\u017e\u00edt i klasick\u00fd visac\u00ed z\u00e1mek, proto\u017ee v\u011bt\u0161ina jezdc\u016f zip\u016f to umo\u017e\u0148uje.","inLanguage":"pl-PL"},"inLanguage":"pl-PL"}]}},"_links":{"self":[{"href":"https:\/\/regbu.com\/pl\/wp-json\/wp\/v2\/posts\/926","targetHints":{"allow":["GET"]}}],"collection":[{"href":"https:\/\/regbu.com\/pl\/wp-json\/wp\/v2\/posts"}],"about":[{"href":"https:\/\/regbu.com\/pl\/wp-json\/wp\/v2\/types\/post"}],"author":[{"embeddable":true,"href":"https:\/\/regbu.com\/pl\/wp-json\/wp\/v2\/users\/2"}],"replies":[{"embeddable":true,"href":"https:\/\/regbu.com\/pl\/wp-json\/wp\/v2\/comments?post=926"}],"version-history":[{"count":2,"href":"https:\/\/regbu.com\/pl\/wp-json\/wp\/v2\/posts\/926\/revisions"}],"predecessor-version":[{"id":955,"href":"https:\/\/regbu.com\/pl\/wp-json\/wp\/v2\/posts\/926\/revisions\/955"}],"wp:featuredmedia":[{"embeddable":true,"href":"https:\/\/regbu.com\/pl\/wp-json\/wp\/v2\/media\/927"}],"wp:attachment":[{"href":"https:\/\/regbu.com\/pl\/wp-json\/wp\/v2\/media?parent=926"}],"wp:term":[{"taxonomy":"category","embeddable":true,"href":"https:\/\/regbu.com\/pl\/wp-json\/wp\/v2\/categories?post=926"},{"taxonomy":"post_tag","embeddable":true,"href":"https:\/\/regbu.com\/pl\/wp-json\/wp\/v2\/tags?post=926"}],"curies":[{"name":"wp","href":"https:\/\/api.w.org\/{rel}","templated":true}]}}