{"id":906,"date":"2023-06-20T14:02:38","date_gmt":"2023-06-20T12:02:38","guid":{"rendered":"https:\/\/regbu.com\/?p=906"},"modified":"2025-09-05T07:42:28","modified_gmt":"2025-09-05T05:42:28","slug":"vysokohorska-turistika-si-zada-vhodne-vybaveni","status":"publish","type":"post","link":"https:\/\/regbu.com\/pl\/turystyka-alpejska-jestes-odpowiedzialny-za-odpowiedni-sprzet\/","title":{"rendered":"Wysokog\u00f3rskie w\u0119dr\u00f3wki wymagaj\u0105 odpowiedniego sprz\u0119tu"},"content":{"rendered":"<p>W\u0119dr\u00f3wki g\u00f3rskie to popularna aktywno\u015b\u0107 fizyczna. Jej popularno\u015b\u0107 stale ro\u015bnie, gdy\u017c coraz wi\u0119cej os\u00f3b wyrusza w g\u00f3ry w poszukiwaniu pi\u0119knych widok\u00f3w, dziewiczej przyrody i sporej dawki adrenaliny. W niekt\u00f3rych przypadkach aktywno\u015b\u0107 ta mo\u017ce by\u0107 klasyfikowana jako <strong><a href=\"https:\/\/regbu.com\/pl\/sporty-adrenalinowe-wciaz-na-fali-wznoszacej\/\">sporty adrenalinowe<\/a><\/strong>. Je\u015bli kusz\u0105 Ci\u0119 g\u00f3rskie szczyty, powiniene\u015b si\u0119 dobrze przygotowa\u0107.<\/p>\n\n\n\n<ul class=\"wp-block-list\">\n<li>Funkcjonalna odzie\u017c<\/li>\n\n\n\n<li>Buty wysokiej jako\u015bci<\/li>\n\n\n\n<li>Niezb\u0119dny sprz\u0119t<\/li>\n<\/ul>\n\n\n\n<p>Czy <strong>lekkie lub ci\u0119\u017ckie w\u0119dr\u00f3wki wysokog\u00f3rskie<\/strong>, wszystkie po\u017c\u0105dane odpowiednie akcesoria. Przyczyniaj\u0105 si\u0119 one nie tylko do og\u00f3lnego komfortu, ale tak\u017ce do bezpiecze\u0144stwa.<\/p>\n\n\n\n<h2 class=\"wp-block-heading\">Osiedli\u0107 si\u0119 w g\u00f3rach<\/h2>\n\n\n\n<p>Je\u015bli zdecydujesz si\u0119 spa\u0107 w g\u00f3rach, w\u0119dr\u00f3wki na du\u017cych wysoko\u015bciach wymagaj\u0105 wielu dodatkowych rzeczy. Typowe przyk\u0142ady to <em>\u015bpiwory i namioty<\/em>. Wybieraj\u0105c je, pami\u0119taj, \u017ce wybierasz si\u0119 w ekstremalne warunki. We\u017a pod uwag\u0119 por\u0119 roku. Kolejn\u0105 kwesti\u0105 jest odpowiedni plecak, kt\u00f3rego pojemno\u015b\u0107 powinna wynosi\u0107 oko\u0142o 30-50 litr\u00f3w.<\/p>\n\n\n\n<h3 class=\"wp-block-heading\">W\u0119dr\u00f3wki g\u00f3rskie w pytaniach i odpowiedziach<\/h3>\n\n\n\n<p>Oczywi\u015bcie odzie\u017c jest r\u00f3wnie\u017c niezb\u0119dna jako podstawa ka\u017cdej wyprawy. <strong>Wydajna i funkcjonalna odzie\u017c<\/strong> sk\u0142ada si\u0119 z kilku warstw, kt\u00f3re wyja\u015bnimy bardziej szczeg\u00f3\u0142owo w kolejnych wierszach. Na pocz\u0105tek powiemy, \u017ce potrzebne s\u0105 co najmniej cztery warstwy.<\/p>\n\n\n\n<div class=\"schema-faq wp-block-yoast-faq-block\"><div class=\"schema-faq-section\" id=\"faq-question-1687262122873\"><strong class=\"schema-faq-question\">Co sk\u0142ada si\u0119 na pierwsz\u0105 warstw\u0119?<\/strong> <p class=\"schema-faq-answer\">Podstaw\u0105 s\u0105 m\u0119skie i damskie koszule z d\u0142ugim r\u0119kawem, bielizna i tym podobne. Wszystko powinno by\u0107 dopasowane do cia\u0142a.<\/p> <\/div> <div class=\"schema-faq-section\" id=\"faq-question-1687262134025\"><strong class=\"schema-faq-question\">Jak nazywa si\u0119 druga warstwa?<\/strong> <p class=\"schema-faq-answer\">W\u0119dr\u00f3wki wysokog\u00f3rskie uwa\u017cane s\u0105 za lekk\u0105 izolacj\u0119. Elastyczne i cienkie bluzy z kapturem wytrzymuj\u0105 umiarkowane wiatry i s\u0105 tego wyra\u017anym dowodem.<\/p> <\/div> <div class=\"schema-faq-section\" id=\"faq-question-1687262144054\"><strong class=\"schema-faq-question\">Z czego sk\u0142ada si\u0119 trzecia warstwa?<\/strong> <p class=\"schema-faq-answer\">Najcz\u0119\u015bciej jest to uniwersalny softshell. Z jego pomoc\u0105 mo\u017cna ochroni\u0107 si\u0119 nawet przed l\u017cejszym deszczem.<\/p> <\/div> <div class=\"schema-faq-section\" id=\"faq-question-1687262153701\"><strong class=\"schema-faq-question\">Jak wygl\u0105da czwarta warstwa?<\/strong> <p class=\"schema-faq-answer\">Warstwa ta okre\u015blana jest jako hardshell. Ma ona posta\u0107 wysokiej jako\u015bci spodni i kurtki, kt\u00f3re wymagaj\u0105 odpowiedniej ochrony i zaawansowanej wentylacji.<\/p> <\/div> <div class=\"schema-faq-section\" id=\"faq-question-1687262161243\"><strong class=\"schema-faq-question\">Jakie buty wybra\u0107 na w\u0119dr\u00f3wk\u0119?<\/strong> <p class=\"schema-faq-answer\">Buty nale\u017cy dobiera\u0107 do konkretnego pod\u0142o\u017ca - \u015bniegu, \u017cwiru, ska\u0142 itp. Podstaw\u0105 musz\u0105 by\u0107 twarde i wytrzyma\u0142e podeszwy, kt\u00f3re zapewniaj\u0105 komfort na ska\u0142ach. Buty musz\u0105 mie\u0107 gumowy nosek i sznurowanie a\u017c do palc\u00f3w.<\/p> <\/div> <\/div>","protected":false},"excerpt":{"rendered":"<p>W\u0119dr\u00f3wki g\u00f3rskie to popularna aktywno\u015b\u0107 fizyczna. Jej popularno\u015b\u0107 stale ro\u015bnie, poniewa\u017c coraz wi\u0119cej os\u00f3b wybiera si\u0119 w g\u00f3ry w poszukiwaniu pi\u0119knych widok\u00f3w, nietkni\u0119tej przyrody i sporej dawki adrenaliny. W niekt\u00f3rych przypadkach aktywno\u015b\u0107 ta mo\u017ce by\u0107 klasyfikowana jako sport adrenalinowy. Je\u015bli kusz\u0105 Ci\u0119 g\u00f3rskie szczyty, powiniene\u015b dok\u0142adnie si\u0119 przygotowa\u0107. Niezale\u017cnie od tego, czy ... <\/p>","protected":false},"author":2,"featured_media":907,"comment_status":"closed","ping_status":"closed","sticky":false,"template":"","format":"standard","meta":{"footnotes":""},"categories":[9],"tags":[823,825,822,824,728,828,821,827,826,820],"class_list":["post-906","post","type-post","status-publish","format-standard","has-post-thumbnail","hentry","category-sport","tag-boty","tag-funkcni-obleceni","tag-hory","tag-obleceni","tag-odev","tag-softshell","tag-turistika","tag-vrstva","tag-vybava","tag-vysokohorska-turistika"],"yoast_head":"<!-- This site is optimized with the Yoast SEO plugin v27.5 - https:\/\/yoast.com\/product\/yoast-seo-wordpress\/ -->\n<title>Vysokohorsk\u00e1 turistika si \u017e\u00e1d\u00e1 vhodn\u00e9 vybaven\u00ed - REGBU.COM<\/title>\n<meta name=\"description\" content=\"L\u00e1k\u00e1 V\u00e1s vysokohorsk\u00e1 turistika? Pak byste se na takovou aktivitu m\u011bli \u0159\u00e1dn\u00fdm zp\u016fsobem p\u0159ipravit. A to hlavn\u011b z pohledu vybaven\u00ed.\" \/>\n<meta name=\"robots\" content=\"index, follow, max-snippet:-1, max-image-preview:large, max-video-preview:-1\" \/>\n<link rel=\"canonical\" href=\"https:\/\/regbu.com\/pl\/turystyka-alpejska-jestes-odpowiedzialny-za-odpowiedni-sprzet\/\" \/>\n<meta property=\"og:locale\" content=\"pl_PL\" \/>\n<meta property=\"og:type\" content=\"article\" \/>\n<meta property=\"og:title\" content=\"Vysokohorsk\u00e1 turistika si \u017e\u00e1d\u00e1 vhodn\u00e9 vybaven\u00ed - REGBU.COM\" \/>\n<meta property=\"og:description\" content=\"L\u00e1k\u00e1 V\u00e1s vysokohorsk\u00e1 turistika? Pak byste se na takovou aktivitu m\u011bli \u0159\u00e1dn\u00fdm zp\u016fsobem p\u0159ipravit. A to hlavn\u011b z pohledu vybaven\u00ed.\" \/>\n<meta property=\"og:url\" content=\"https:\/\/regbu.com\/pl\/turystyka-alpejska-jestes-odpowiedzialny-za-odpowiedni-sprzet\/\" \/>\n<meta property=\"og:site_name\" content=\"REGBU.COM\" \/>\n<meta property=\"article:published_time\" content=\"2023-06-20T12:02:38+00:00\" \/>\n<meta property=\"article:modified_time\" content=\"2025-09-05T05:42:28+00:00\" \/>\n<meta property=\"og:image\" content=\"https:\/\/regbu.com\/wp-content\/uploads\/2023\/06\/vysokohorska-turistika-si-zada-vhodne-vybaveni.jpg\" \/>\n\t<meta property=\"og:image:width\" content=\"1200\" \/>\n\t<meta property=\"og:image:height\" content=\"678\" \/>\n\t<meta property=\"og:image:type\" content=\"image\/jpeg\" \/>\n<meta name=\"author\" content=\"George Martin\" \/>\n<meta name=\"twitter:card\" content=\"summary_large_image\" \/>\n<meta name=\"twitter:label1\" content=\"Napisane przez\" \/>\n\t<meta name=\"twitter:data1\" content=\"George Martin\" \/>\n\t<meta name=\"twitter:label2\" content=\"Szacowany czas czytania\" \/>\n\t<meta name=\"twitter:data2\" content=\"2 minuty\" \/>\n<script type=\"application\/ld+json\" class=\"yoast-schema-graph\">{\"@context\":\"https:\\\/\\\/schema.org\",\"@graph\":[{\"@type\":\"Article\",\"@id\":\"https:\\\/\\\/regbu.com\\\/pl\\\/turystyka-alpejska-jestes-odpowiedzialny-za-odpowiedni-sprzet\\\/#article\",\"isPartOf\":{\"@id\":\"https:\\\/\\\/regbu.com\\\/pl\\\/turystyka-alpejska-jestes-odpowiedzialny-za-odpowiedni-sprzet\\\/\"},\"author\":{\"name\":\"George Martin\",\"@id\":\"https:\\\/\\\/regbu.com\\\/en\\\/#\\\/schema\\\/person\\\/94ea9deda2629771b8a9ced002f6784e\"},\"headline\":\"Vysokohorsk\u00e1 turistika si \u017e\u00e1d\u00e1 vhodn\u00e9 vybaven\u00ed\",\"datePublished\":\"2023-06-20T12:02:38+00:00\",\"dateModified\":\"2025-09-05T05:42:28+00:00\",\"mainEntityOfPage\":{\"@id\":\"https:\\\/\\\/regbu.com\\\/pl\\\/turystyka-alpejska-jestes-odpowiedzialny-za-odpowiedni-sprzet\\\/\"},\"wordCount\":459,\"image\":{\"@id\":\"https:\\\/\\\/regbu.com\\\/pl\\\/turystyka-alpejska-jestes-odpowiedzialny-za-odpowiedni-sprzet\\\/#primaryimage\"},\"thumbnailUrl\":\"https:\\\/\\\/regbu.com\\\/wp-content\\\/uploads\\\/2023\\\/06\\\/vysokohorska-turistika-si-zada-vhodne-vybaveni.jpg\",\"keywords\":[\"boty\",\"funk\u010dn\u00ed oble\u010den\u00ed\",\"hory\",\"oble\u010den\u00ed\",\"od\u011bv\",\"softshell\",\"turistika\",\"vrstva\",\"v\u00fdbava\",\"vysokohorsk\u00e1 turistika\"],\"articleSection\":[\"Sport\"],\"inLanguage\":\"pl-PL\"},{\"@type\":[\"WebPage\",\"FAQPage\"],\"@id\":\"https:\\\/\\\/regbu.com\\\/pl\\\/turystyka-alpejska-jestes-odpowiedzialny-za-odpowiedni-sprzet\\\/\",\"url\":\"https:\\\/\\\/regbu.com\\\/pl\\\/turystyka-alpejska-jestes-odpowiedzialny-za-odpowiedni-sprzet\\\/\",\"name\":\"Vysokohorsk\u00e1 turistika si \u017e\u00e1d\u00e1 vhodn\u00e9 vybaven\u00ed - REGBU.COM\",\"isPartOf\":{\"@id\":\"https:\\\/\\\/regbu.com\\\/en\\\/#website\"},\"primaryImageOfPage\":{\"@id\":\"https:\\\/\\\/regbu.com\\\/pl\\\/turystyka-alpejska-jestes-odpowiedzialny-za-odpowiedni-sprzet\\\/#primaryimage\"},\"image\":{\"@id\":\"https:\\\/\\\/regbu.com\\\/pl\\\/turystyka-alpejska-jestes-odpowiedzialny-za-odpowiedni-sprzet\\\/#primaryimage\"},\"thumbnailUrl\":\"https:\\\/\\\/regbu.com\\\/wp-content\\\/uploads\\\/2023\\\/06\\\/vysokohorska-turistika-si-zada-vhodne-vybaveni.jpg\",\"datePublished\":\"2023-06-20T12:02:38+00:00\",\"dateModified\":\"2025-09-05T05:42:28+00:00\",\"author\":{\"@id\":\"https:\\\/\\\/regbu.com\\\/en\\\/#\\\/schema\\\/person\\\/94ea9deda2629771b8a9ced002f6784e\"},\"description\":\"L\u00e1k\u00e1 V\u00e1s vysokohorsk\u00e1 turistika? Pak byste se na takovou aktivitu m\u011bli \u0159\u00e1dn\u00fdm zp\u016fsobem p\u0159ipravit. A to hlavn\u011b z pohledu vybaven\u00ed.\",\"breadcrumb\":{\"@id\":\"https:\\\/\\\/regbu.com\\\/pl\\\/turystyka-alpejska-jestes-odpowiedzialny-za-odpowiedni-sprzet\\\/#breadcrumb\"},\"mainEntity\":[{\"@id\":\"https:\\\/\\\/regbu.com\\\/pl\\\/turystyka-alpejska-jestes-odpowiedzialny-za-odpowiedni-sprzet\\\/#faq-question-1687262122873\"},{\"@id\":\"https:\\\/\\\/regbu.com\\\/pl\\\/turystyka-alpejska-jestes-odpowiedzialny-za-odpowiedni-sprzet\\\/#faq-question-1687262134025\"},{\"@id\":\"https:\\\/\\\/regbu.com\\\/pl\\\/turystyka-alpejska-jestes-odpowiedzialny-za-odpowiedni-sprzet\\\/#faq-question-1687262144054\"},{\"@id\":\"https:\\\/\\\/regbu.com\\\/pl\\\/turystyka-alpejska-jestes-odpowiedzialny-za-odpowiedni-sprzet\\\/#faq-question-1687262153701\"},{\"@id\":\"https:\\\/\\\/regbu.com\\\/pl\\\/turystyka-alpejska-jestes-odpowiedzialny-za-odpowiedni-sprzet\\\/#faq-question-1687262161243\"}],\"inLanguage\":\"pl-PL\",\"potentialAction\":[{\"@type\":\"ReadAction\",\"target\":[\"https:\\\/\\\/regbu.com\\\/pl\\\/turystyka-alpejska-jestes-odpowiedzialny-za-odpowiedni-sprzet\\\/\"]}]},{\"@type\":\"ImageObject\",\"inLanguage\":\"pl-PL\",\"@id\":\"https:\\\/\\\/regbu.com\\\/pl\\\/turystyka-alpejska-jestes-odpowiedzialny-za-odpowiedni-sprzet\\\/#primaryimage\",\"url\":\"https:\\\/\\\/regbu.com\\\/wp-content\\\/uploads\\\/2023\\\/06\\\/vysokohorska-turistika-si-zada-vhodne-vybaveni.jpg\",\"contentUrl\":\"https:\\\/\\\/regbu.com\\\/wp-content\\\/uploads\\\/2023\\\/06\\\/vysokohorska-turistika-si-zada-vhodne-vybaveni.jpg\",\"width\":1200,\"height\":678,\"caption\":\"Vysokohorsk\u00e1 turistika si \u017e\u00e1d\u00e1 vhodn\u00e9 vybaven\u00ed\"},{\"@type\":\"BreadcrumbList\",\"@id\":\"https:\\\/\\\/regbu.com\\\/pl\\\/turystyka-alpejska-jestes-odpowiedzialny-za-odpowiedni-sprzet\\\/#breadcrumb\",\"itemListElement\":[{\"@type\":\"ListItem\",\"position\":1,\"name\":\"Home\",\"item\":\"https:\\\/\\\/regbu.com\\\/en\\\/\"},{\"@type\":\"ListItem\",\"position\":2,\"name\":\"Vysokohorsk\u00e1 turistika si \u017e\u00e1d\u00e1 vhodn\u00e9 vybaven\u00ed\"}]},{\"@type\":\"WebSite\",\"@id\":\"https:\\\/\\\/regbu.com\\\/en\\\/#website\",\"url\":\"https:\\\/\\\/regbu.com\\\/en\\\/\",\"name\":\"REGBU.COM\",\"description\":\"\",\"potentialAction\":[{\"@type\":\"SearchAction\",\"target\":{\"@type\":\"EntryPoint\",\"urlTemplate\":\"https:\\\/\\\/regbu.com\\\/en\\\/?s={search_term_string}\"},\"query-input\":{\"@type\":\"PropertyValueSpecification\",\"valueRequired\":true,\"valueName\":\"search_term_string\"}}],\"inLanguage\":\"pl-PL\"},{\"@type\":\"Person\",\"@id\":\"https:\\\/\\\/regbu.com\\\/en\\\/#\\\/schema\\\/person\\\/94ea9deda2629771b8a9ced002f6784e\",\"name\":\"George Martin\",\"url\":\"https:\\\/\\\/regbu.com\\\/pl\\\/author\\\/george-martin\\\/\"},{\"@type\":\"Question\",\"@id\":\"https:\\\/\\\/regbu.com\\\/pl\\\/turystyka-alpejska-jestes-odpowiedzialny-za-odpowiedni-sprzet\\\/#faq-question-1687262122873\",\"position\":1,\"url\":\"https:\\\/\\\/regbu.com\\\/pl\\\/turystyka-alpejska-jestes-odpowiedzialny-za-odpowiedni-sprzet\\\/#faq-question-1687262122873\",\"name\":\"Co tvo\u0159\u00ed prvn\u00ed vrstvu?\",\"answerCount\":1,\"acceptedAnswer\":{\"@type\":\"Answer\",\"text\":\"Z\u00e1kladem jsou p\u00e1nsk\u00e1 a d\u00e1msk\u00e1 trika s dlouh\u00fdm ruk\u00e1vem, spodn\u00ed pr\u00e1dlo a podobn\u011b. V\u0161e by m\u011blo b\u00fdt p\u0159il\u00e9hav\u00e9 na t\u011blo.\",\"inLanguage\":\"pl-PL\"},\"inLanguage\":\"pl-PL\"},{\"@type\":\"Question\",\"@id\":\"https:\\\/\\\/regbu.com\\\/pl\\\/turystyka-alpejska-jestes-odpowiedzialny-za-odpowiedni-sprzet\\\/#faq-question-1687262134025\",\"position\":2,\"url\":\"https:\\\/\\\/regbu.com\\\/pl\\\/turystyka-alpejska-jestes-odpowiedzialny-za-odpowiedni-sprzet\\\/#faq-question-1687262134025\",\"name\":\"Jak je naz\u00fdv\u00e1na druh\u00e1 vrstva?\",\"answerCount\":1,\"acceptedAnswer\":{\"@type\":\"Answer\",\"text\":\"Vysokohorsk\u00e1 turistika ji pova\u017euje za lehkou izolaci. Pru\u017en\u00e9 a tenk\u00e9 mikiny s kapuc\u00ed odol\u00e1vaj\u00edc\u00ed m\u00edrn\u00e9mu v\u011btru jsou toho jasn\u00fdm d\u016fkazem.\",\"inLanguage\":\"pl-PL\"},\"inLanguage\":\"pl-PL\"},{\"@type\":\"Question\",\"@id\":\"https:\\\/\\\/regbu.com\\\/pl\\\/turystyka-alpejska-jestes-odpowiedzialny-za-odpowiedni-sprzet\\\/#faq-question-1687262144054\",\"position\":3,\"url\":\"https:\\\/\\\/regbu.com\\\/pl\\\/turystyka-alpejska-jestes-odpowiedzialny-za-odpowiedni-sprzet\\\/#faq-question-1687262144054\",\"name\":\"Z \u010deho se skl\u00e1d\u00e1 t\u0159et\u00ed vrstva?\",\"answerCount\":1,\"acceptedAnswer\":{\"@type\":\"Answer\",\"text\":\"Nej\u010dast\u011bji je to univerz\u00e1ln\u00ed softshell. S pomoc\u00ed n\u011bho se ochr\u00e1n\u00edte i p\u0159ed leh\u010d\u00edm de\u0161t\u011bm.\",\"inLanguage\":\"pl-PL\"},\"inLanguage\":\"pl-PL\"},{\"@type\":\"Question\",\"@id\":\"https:\\\/\\\/regbu.com\\\/pl\\\/turystyka-alpejska-jestes-odpowiedzialny-za-odpowiedni-sprzet\\\/#faq-question-1687262153701\",\"position\":4,\"url\":\"https:\\\/\\\/regbu.com\\\/pl\\\/turystyka-alpejska-jestes-odpowiedzialny-za-odpowiedni-sprzet\\\/#faq-question-1687262153701\",\"name\":\"Jak vypad\u00e1 \u010dtvrt\u00e1 vrstva?\",\"answerCount\":1,\"acceptedAnswer\":{\"@type\":\"Answer\",\"text\":\"Tato vrstva je ozna\u010dov\u00e1na, jako hardshell. M\u00e1 podobu kvalitn\u00edch kalhot a bundy, u n\u00ed\u017e je vy\u017eadov\u00e1na pat\u0159i\u010dn\u00e1 ochrana a d\u016fmysln\u00e9 v\u011btr\u00e1n\u00ed.\",\"inLanguage\":\"pl-PL\"},\"inLanguage\":\"pl-PL\"},{\"@type\":\"Question\",\"@id\":\"https:\\\/\\\/regbu.com\\\/pl\\\/turystyka-alpejska-jestes-odpowiedzialny-za-odpowiedni-sprzet\\\/#faq-question-1687262161243\",\"position\":5,\"url\":\"https:\\\/\\\/regbu.com\\\/pl\\\/turystyka-alpejska-jestes-odpowiedzialny-za-odpowiedni-sprzet\\\/#faq-question-1687262161243\",\"name\":\"Jak\u00e9 zvolit boty na vysokohorskou turistiku?\",\"answerCount\":1,\"acceptedAnswer\":{\"@type\":\"Answer\",\"text\":\"Boty vyb\u00edrejte podle konkr\u00e9tn\u00edho povrchu \u2013 sn\u00edh, \u0161otolina, skaliska apod. Z\u00e1kladem mus\u00ed b\u00fdt tvrd\u00e1 a odoln\u00e1 podr\u00e1\u017eka p\u0159in\u00e1\u0161ej\u00edc\u00ed pohodl\u00ed na kamenech. Chyb\u011bt nesm\u00ed gumov\u00e1 \u0161pi\u010dka a \u0161n\u011brov\u00e1n\u00ed a\u017e do \u0161pi\u010dky.\",\"inLanguage\":\"pl-PL\"},\"inLanguage\":\"pl-PL\"}]}<\/script>\n<!-- \/ Yoast SEO plugin. -->","yoast_head_json":{"title":"Wysokog\u00f3rskie w\u0119dr\u00f3wki wymagaj\u0105 odpowiedniego sprz\u0119tu - REGBU.COM","description":"Interesujesz si\u0119 wspinaczk\u0105 wysokog\u00f3rsk\u0105? W takim razie powiniene\u015b odpowiednio przygotowa\u0107 si\u0119 do takiej aktywno\u015bci. Zw\u0142aszcza pod wzgl\u0119dem sprz\u0119tu.","robots":{"index":"index","follow":"follow","max-snippet":"max-snippet:-1","max-image-preview":"max-image-preview:large","max-video-preview":"max-video-preview:-1"},"canonical":"https:\/\/regbu.com\/pl\/turystyka-alpejska-jestes-odpowiedzialny-za-odpowiedni-sprzet\/","og_locale":"pl_PL","og_type":"article","og_title":"Vysokohorsk\u00e1 turistika si \u017e\u00e1d\u00e1 vhodn\u00e9 vybaven\u00ed - REGBU.COM","og_description":"L\u00e1k\u00e1 V\u00e1s vysokohorsk\u00e1 turistika? Pak byste se na takovou aktivitu m\u011bli \u0159\u00e1dn\u00fdm zp\u016fsobem p\u0159ipravit. A to hlavn\u011b z pohledu vybaven\u00ed.","og_url":"https:\/\/regbu.com\/pl\/turystyka-alpejska-jestes-odpowiedzialny-za-odpowiedni-sprzet\/","og_site_name":"REGBU.COM","article_published_time":"2023-06-20T12:02:38+00:00","article_modified_time":"2025-09-05T05:42:28+00:00","og_image":[{"width":1200,"height":678,"url":"https:\/\/regbu.com\/wp-content\/uploads\/2023\/06\/vysokohorska-turistika-si-zada-vhodne-vybaveni.jpg","type":"image\/jpeg"}],"author":"George Martin","twitter_card":"summary_large_image","twitter_misc":{"Napisane przez":"George Martin","Szacowany czas czytania":"2 minuty"},"schema":{"@context":"https:\/\/schema.org","@graph":[{"@type":"Article","@id":"https:\/\/regbu.com\/pl\/turystyka-alpejska-jestes-odpowiedzialny-za-odpowiedni-sprzet\/#article","isPartOf":{"@id":"https:\/\/regbu.com\/pl\/turystyka-alpejska-jestes-odpowiedzialny-za-odpowiedni-sprzet\/"},"author":{"name":"George Martin","@id":"https:\/\/regbu.com\/en\/#\/schema\/person\/94ea9deda2629771b8a9ced002f6784e"},"headline":"Vysokohorsk\u00e1 turistika si \u017e\u00e1d\u00e1 vhodn\u00e9 vybaven\u00ed","datePublished":"2023-06-20T12:02:38+00:00","dateModified":"2025-09-05T05:42:28+00:00","mainEntityOfPage":{"@id":"https:\/\/regbu.com\/pl\/turystyka-alpejska-jestes-odpowiedzialny-za-odpowiedni-sprzet\/"},"wordCount":459,"image":{"@id":"https:\/\/regbu.com\/pl\/turystyka-alpejska-jestes-odpowiedzialny-za-odpowiedni-sprzet\/#primaryimage"},"thumbnailUrl":"https:\/\/regbu.com\/wp-content\/uploads\/2023\/06\/vysokohorska-turistika-si-zada-vhodne-vybaveni.jpg","keywords":["boty","funk\u010dn\u00ed oble\u010den\u00ed","hory","oble\u010den\u00ed","od\u011bv","softshell","turistika","vrstva","v\u00fdbava","vysokohorsk\u00e1 turistika"],"articleSection":["Sport"],"inLanguage":"pl-PL"},{"@type":["WebPage","FAQPage"],"@id":"https:\/\/regbu.com\/pl\/turystyka-alpejska-jestes-odpowiedzialny-za-odpowiedni-sprzet\/","url":"https:\/\/regbu.com\/pl\/turystyka-alpejska-jestes-odpowiedzialny-za-odpowiedni-sprzet\/","name":"Wysokog\u00f3rskie w\u0119dr\u00f3wki wymagaj\u0105 odpowiedniego sprz\u0119tu - REGBU.COM","isPartOf":{"@id":"https:\/\/regbu.com\/en\/#website"},"primaryImageOfPage":{"@id":"https:\/\/regbu.com\/pl\/turystyka-alpejska-jestes-odpowiedzialny-za-odpowiedni-sprzet\/#primaryimage"},"image":{"@id":"https:\/\/regbu.com\/pl\/turystyka-alpejska-jestes-odpowiedzialny-za-odpowiedni-sprzet\/#primaryimage"},"thumbnailUrl":"https:\/\/regbu.com\/wp-content\/uploads\/2023\/06\/vysokohorska-turistika-si-zada-vhodne-vybaveni.jpg","datePublished":"2023-06-20T12:02:38+00:00","dateModified":"2025-09-05T05:42:28+00:00","author":{"@id":"https:\/\/regbu.com\/en\/#\/schema\/person\/94ea9deda2629771b8a9ced002f6784e"},"description":"Interesujesz si\u0119 wspinaczk\u0105 wysokog\u00f3rsk\u0105? W takim razie powiniene\u015b odpowiednio przygotowa\u0107 si\u0119 do takiej aktywno\u015bci. Zw\u0142aszcza pod wzgl\u0119dem sprz\u0119tu.","breadcrumb":{"@id":"https:\/\/regbu.com\/pl\/turystyka-alpejska-jestes-odpowiedzialny-za-odpowiedni-sprzet\/#breadcrumb"},"mainEntity":[{"@id":"https:\/\/regbu.com\/pl\/turystyka-alpejska-jestes-odpowiedzialny-za-odpowiedni-sprzet\/#faq-question-1687262122873"},{"@id":"https:\/\/regbu.com\/pl\/turystyka-alpejska-jestes-odpowiedzialny-za-odpowiedni-sprzet\/#faq-question-1687262134025"},{"@id":"https:\/\/regbu.com\/pl\/turystyka-alpejska-jestes-odpowiedzialny-za-odpowiedni-sprzet\/#faq-question-1687262144054"},{"@id":"https:\/\/regbu.com\/pl\/turystyka-alpejska-jestes-odpowiedzialny-za-odpowiedni-sprzet\/#faq-question-1687262153701"},{"@id":"https:\/\/regbu.com\/pl\/turystyka-alpejska-jestes-odpowiedzialny-za-odpowiedni-sprzet\/#faq-question-1687262161243"}],"inLanguage":"pl-PL","potentialAction":[{"@type":"ReadAction","target":["https:\/\/regbu.com\/pl\/turystyka-alpejska-jestes-odpowiedzialny-za-odpowiedni-sprzet\/"]}]},{"@type":"ImageObject","inLanguage":"pl-PL","@id":"https:\/\/regbu.com\/pl\/turystyka-alpejska-jestes-odpowiedzialny-za-odpowiedni-sprzet\/#primaryimage","url":"https:\/\/regbu.com\/wp-content\/uploads\/2023\/06\/vysokohorska-turistika-si-zada-vhodne-vybaveni.jpg","contentUrl":"https:\/\/regbu.com\/wp-content\/uploads\/2023\/06\/vysokohorska-turistika-si-zada-vhodne-vybaveni.jpg","width":1200,"height":678,"caption":"Vysokohorsk\u00e1 turistika si \u017e\u00e1d\u00e1 vhodn\u00e9 vybaven\u00ed"},{"@type":"BreadcrumbList","@id":"https:\/\/regbu.com\/pl\/turystyka-alpejska-jestes-odpowiedzialny-za-odpowiedni-sprzet\/#breadcrumb","itemListElement":[{"@type":"ListItem","position":1,"name":"Home","item":"https:\/\/regbu.com\/en\/"},{"@type":"ListItem","position":2,"name":"Vysokohorsk\u00e1 turistika si \u017e\u00e1d\u00e1 vhodn\u00e9 vybaven\u00ed"}]},{"@type":"WebSite","@id":"https:\/\/regbu.com\/en\/#website","url":"https:\/\/regbu.com\/en\/","name":"REGBU.COM","description":"","potentialAction":[{"@type":"SearchAction","target":{"@type":"EntryPoint","urlTemplate":"https:\/\/regbu.com\/en\/?s={search_term_string}"},"query-input":{"@type":"PropertyValueSpecification","valueRequired":true,"valueName":"search_term_string"}}],"inLanguage":"pl-PL"},{"@type":"Person","@id":"https:\/\/regbu.com\/en\/#\/schema\/person\/94ea9deda2629771b8a9ced002f6784e","name":"George Martin","url":"https:\/\/regbu.com\/pl\/author\/george-martin\/"},{"@type":"Question","@id":"https:\/\/regbu.com\/pl\/turystyka-alpejska-jestes-odpowiedzialny-za-odpowiedni-sprzet\/#faq-question-1687262122873","position":1,"url":"https:\/\/regbu.com\/pl\/turystyka-alpejska-jestes-odpowiedzialny-za-odpowiedni-sprzet\/#faq-question-1687262122873","name":"Co sk\u0142ada si\u0119 na pierwsz\u0105 warstw\u0119?","answerCount":1,"acceptedAnswer":{"@type":"Answer","text":"Z\u00e1kladem jsou p\u00e1nsk\u00e1 a d\u00e1msk\u00e1 trika s dlouh\u00fdm ruk\u00e1vem, spodn\u00ed pr\u00e1dlo a podobn\u011b. V\u0161e by m\u011blo b\u00fdt p\u0159il\u00e9hav\u00e9 na t\u011blo.","inLanguage":"pl-PL"},"inLanguage":"pl-PL"},{"@type":"Question","@id":"https:\/\/regbu.com\/pl\/turystyka-alpejska-jestes-odpowiedzialny-za-odpowiedni-sprzet\/#faq-question-1687262134025","position":2,"url":"https:\/\/regbu.com\/pl\/turystyka-alpejska-jestes-odpowiedzialny-za-odpowiedni-sprzet\/#faq-question-1687262134025","name":"Jak nazywa si\u0119 druga warstwa?","answerCount":1,"acceptedAnswer":{"@type":"Answer","text":"Vysokohorsk\u00e1 turistika ji pova\u017euje za lehkou izolaci. Pru\u017en\u00e9 a tenk\u00e9 mikiny s kapuc\u00ed odol\u00e1vaj\u00edc\u00ed m\u00edrn\u00e9mu v\u011btru jsou toho jasn\u00fdm d\u016fkazem.","inLanguage":"pl-PL"},"inLanguage":"pl-PL"},{"@type":"Question","@id":"https:\/\/regbu.com\/pl\/turystyka-alpejska-jestes-odpowiedzialny-za-odpowiedni-sprzet\/#faq-question-1687262144054","position":3,"url":"https:\/\/regbu.com\/pl\/turystyka-alpejska-jestes-odpowiedzialny-za-odpowiedni-sprzet\/#faq-question-1687262144054","name":"Z czego sk\u0142ada si\u0119 trzecia warstwa?","answerCount":1,"acceptedAnswer":{"@type":"Answer","text":"Nej\u010dast\u011bji je to univerz\u00e1ln\u00ed softshell. S pomoc\u00ed n\u011bho se ochr\u00e1n\u00edte i p\u0159ed leh\u010d\u00edm de\u0161t\u011bm.","inLanguage":"pl-PL"},"inLanguage":"pl-PL"},{"@type":"Question","@id":"https:\/\/regbu.com\/pl\/turystyka-alpejska-jestes-odpowiedzialny-za-odpowiedni-sprzet\/#faq-question-1687262153701","position":4,"url":"https:\/\/regbu.com\/pl\/turystyka-alpejska-jestes-odpowiedzialny-za-odpowiedni-sprzet\/#faq-question-1687262153701","name":"Jak wygl\u0105da czwarta warstwa?","answerCount":1,"acceptedAnswer":{"@type":"Answer","text":"Tato vrstva je ozna\u010dov\u00e1na, jako hardshell. M\u00e1 podobu kvalitn\u00edch kalhot a bundy, u n\u00ed\u017e je vy\u017eadov\u00e1na pat\u0159i\u010dn\u00e1 ochrana a d\u016fmysln\u00e9 v\u011btr\u00e1n\u00ed.","inLanguage":"pl-PL"},"inLanguage":"pl-PL"},{"@type":"Question","@id":"https:\/\/regbu.com\/pl\/turystyka-alpejska-jestes-odpowiedzialny-za-odpowiedni-sprzet\/#faq-question-1687262161243","position":5,"url":"https:\/\/regbu.com\/pl\/turystyka-alpejska-jestes-odpowiedzialny-za-odpowiedni-sprzet\/#faq-question-1687262161243","name":"Jakie buty wybra\u0107 na w\u0119dr\u00f3wk\u0119?","answerCount":1,"acceptedAnswer":{"@type":"Answer","text":"Boty vyb\u00edrejte podle konkr\u00e9tn\u00edho povrchu \u2013 sn\u00edh, \u0161otolina, skaliska apod. Z\u00e1kladem mus\u00ed b\u00fdt tvrd\u00e1 a odoln\u00e1 podr\u00e1\u017eka p\u0159in\u00e1\u0161ej\u00edc\u00ed pohodl\u00ed na kamenech. Chyb\u011bt nesm\u00ed gumov\u00e1 \u0161pi\u010dka a \u0161n\u011brov\u00e1n\u00ed a\u017e do \u0161pi\u010dky.","inLanguage":"pl-PL"},"inLanguage":"pl-PL"}]}},"_links":{"self":[{"href":"https:\/\/regbu.com\/pl\/wp-json\/wp\/v2\/posts\/906","targetHints":{"allow":["GET"]}}],"collection":[{"href":"https:\/\/regbu.com\/pl\/wp-json\/wp\/v2\/posts"}],"about":[{"href":"https:\/\/regbu.com\/pl\/wp-json\/wp\/v2\/types\/post"}],"author":[{"embeddable":true,"href":"https:\/\/regbu.com\/pl\/wp-json\/wp\/v2\/users\/2"}],"replies":[{"embeddable":true,"href":"https:\/\/regbu.com\/pl\/wp-json\/wp\/v2\/comments?post=906"}],"version-history":[{"count":2,"href":"https:\/\/regbu.com\/pl\/wp-json\/wp\/v2\/posts\/906\/revisions"}],"predecessor-version":[{"id":920,"href":"https:\/\/regbu.com\/pl\/wp-json\/wp\/v2\/posts\/906\/revisions\/920"}],"wp:featuredmedia":[{"embeddable":true,"href":"https:\/\/regbu.com\/pl\/wp-json\/wp\/v2\/media\/907"}],"wp:attachment":[{"href":"https:\/\/regbu.com\/pl\/wp-json\/wp\/v2\/media?parent=906"}],"wp:term":[{"taxonomy":"category","embeddable":true,"href":"https:\/\/regbu.com\/pl\/wp-json\/wp\/v2\/categories?post=906"},{"taxonomy":"post_tag","embeddable":true,"href":"https:\/\/regbu.com\/pl\/wp-json\/wp\/v2\/tags?post=906"}],"curies":[{"name":"wp","href":"https:\/\/api.w.org\/{rel}","templated":true}]}}