{"id":1382,"date":"2023-08-05T16:52:36","date_gmt":"2023-08-05T14:52:36","guid":{"rendered":"https:\/\/regbu.com\/?p=1382"},"modified":"2025-09-05T07:40:15","modified_gmt":"2025-09-05T05:40:15","slug":"nejfotogenictejsi-mista-na-svete","status":"publish","type":"post","link":"https:\/\/regbu.com\/pl\/najbardziej-fotogeniczny-facet-na-swiecie\/","title":{"rendered":"Najbardziej fotogeniczne miejsca na \u015bwiecie"},"content":{"rendered":"<p>Najbardziej fotogeniczne miejsca s\u0105 wielk\u0105 atrakcj\u0105 zar\u00f3wno dla podr\u00f3\u017cnik\u00f3w, jak i zakochanych <strong><a href=\"https:\/\/regbu.com\/pl\/geocaching-popularna-i-zabawna-aktywnosc\/\">geocaching<\/a><\/strong>. Ka\u017cdy chcia\u0142by uda\u0107 si\u0119 do miejsca, w kt\u00f3rym mo\u017cna zrobi\u0107 zdj\u0119cie w najpi\u0119kniejszej scenerii. I nale\u017cy zauwa\u017cy\u0107, \u017ce takich miejsc na \u015bwiecie jest wi\u0119cej ni\u017c wystarczaj\u0105co.<\/p>\n\n\n\n<ul class=\"wp-block-list\">\n<li>Peru<\/li>\n\n\n\n<li>S\u0142owenia<\/li>\n\n\n\n<li>Polinezja<\/li>\n<\/ul>\n\n\n\n<p>Oczywi\u015bcie ka\u017cdy z nas ma nieco inne wymagania dotycz\u0105ce podr\u00f3\u017cowania. Niekt\u00f3rzy wol\u0105 o\u015bnie\u017cone g\u00f3ry, podczas gdy inni wol\u0105 wyspy otoczone czystym morzem i pi\u0119knymi pla\u017cami. Gdzie wi\u0119c znajduj\u0105 si\u0119 najbardziej fotogeniczne miejsca na \u015bwiecie?<\/p>\n\n\n\n<h2 class=\"wp-block-heading\">Peru jako punkt wyj\u015bcia<\/h2>\n\n\n\n<p>Zapieraj\u0105ce dech w piersiach krajobrazy czekaj\u0105 na Ciebie w Peru. Ka\u017cdy nieco do\u015bwiadczony podr\u00f3\u017cnik zapewne trafnie odgadnie, \u017ce nale\u017cy uda\u0107 si\u0119 w\u0142a\u015bnie tutaj, w peruwia\u0144skie Andy. To w\u0142a\u015bnie tutaj znajduje si\u0119 jeden z siedmiu cud\u00f3w \u015bwiata, czyli <strong>Macu Picchu<\/strong>. Pozosta\u0142o\u015bci miasta znajduj\u0105 si\u0119 na wysoko\u015bci 2 430 metr\u00f3w nad poziomem morza. A jakie inne cele podr\u00f3\u017cy przemawiaj\u0105 do Ciebie?<\/p>\n\n\n\n<figure class=\"wp-block-table\"><table><tbody><tr><td><strong>Kraj<\/strong><\/td><td><strong>Lokalizacja<\/strong><\/td><\/tr><tr><td>S\u0142owenia<\/td><td>Jezioro Bled<\/td><\/tr><tr><td>Egipt<\/td><td>Sahar el Beida<\/td><\/tr><tr><td>Polinezja<\/td><td>Bora Bora<\/td><\/tr><tr><td>Wyspa<\/td><td>Pla\u017ca Reynisfjara<\/td><\/tr><\/tbody><\/table><figcaption class=\"wp-element-caption\">Miejsca, kt\u00f3re pi\u0119knie wygl\u0105daj\u0105 na zdj\u0119ciach.<\/figcaption><\/figure>\n\n\n\n<p>Jezioro Bled jest wyj\u0105tkowe nie tylko ze wzgl\u0119du na powierzchni\u0119 wody. Jest to r\u00f3wnie\u017c jedno z najbardziej fotogenicznych miejsc na \u015bwiecie dzi\u0119ki ko\u015bcio\u0142owi Wniebowzi\u0119cia NMP po\u0142o\u017conemu na ma\u0142ej wyspie po\u015brodku.<\/p>\n\n\n\n<h3 class=\"wp-block-heading\">Poznaj najbardziej fotogeniczne miejsca<\/h3>\n\n\n\n<p>Je\u015bli jeste\u015b mi\u0142o\u015bnikiem Wietnamu, <em>odwiedzi\u0107 Zatok\u0119 Tonki\u0144sk\u0105<\/em>. Wielu podr\u00f3\u017cnik\u00f3w okre\u015bla go jako kolejny z cud\u00f3w \u015bwiata, kt\u00f3ry mo\u017cna zobaczy\u0107 na w\u0142asne oczy. W Azji nie nale\u017cy zapomina\u0107 o wspania\u0142ych Chinach. Jednym z najpi\u0119kniejszych miejsc jest bez w\u0105tpienia Park Geologiczny Zhangye. W tym miejscu natura naprawd\u0119 da\u0142a o sobie zna\u0107, a Ty mo\u017cesz cieszy\u0107 si\u0119 zapieraj\u0105cymi dech w piersiach zdj\u0119ciami z wakacji.<\/p>\n\n\n\n<p>Je\u015bli chodzi o Stany Zjednoczone Ameryki, koniecznie udaj si\u0119 do wa\u017cnego parku Na Pali Coast. Surowy teren i niezr\u00f3wnane widoki zachwyc\u0105 absolutnie ka\u017cdego. Z USA mo\u017cna nast\u0119pnie przeskoczy\u0107 do Kanady. Tutaj zwyci\u0119zca jest oczywisty <strong>Park Narodowy Banff<\/strong>. Zr\u00f3b zdj\u0119cie, kt\u00f3re chcesz nad jeziorem Louise. Swoj\u0105 podr\u00f3\u017c i przygod\u0119 z fotografi\u0105 na wspomnianej wyspie Bora Bora mo\u017cesz zako\u0144czy\u0107 zdj\u0119ciem niekt\u00f3rych z lokalnych pla\u017c.<\/p>","protected":false},"excerpt":{"rendered":"<p>Najbardziej fotogeniczne miejsca s\u0105 wielk\u0105 atrakcj\u0105 dla podr\u00f3\u017cnik\u00f3w i entuzjast\u00f3w geocachingu. Ka\u017cdy chcia\u0142by uda\u0107 si\u0119 do miejsca, w kt\u00f3rym mo\u017cna zrobi\u0107 zdj\u0119cie w najpi\u0119kniejszej scenerii. A nale\u017cy zauwa\u017cy\u0107, \u017ce takich miejsc na \u015bwiecie jest a\u017c nadto. Oczywi\u015bcie ka\u017cdy z nas ma nieco inne wymagania w zakresie podr\u00f3\u017cowania. Jedni wol\u0105 o\u015bnie\u017cone g\u00f3ry, inni ... <\/p>","protected":false},"author":2,"featured_media":1383,"comment_status":"closed","ping_status":"closed","sticky":false,"template":"","format":"standard","meta":{"footnotes":""},"categories":[8],"tags":[1679,1098,1675,372,1678,931,1674,1681,1677,1680,1076],"class_list":["post-1382","post","type-post","status-publish","format-standard","has-post-thumbnail","hentry","category-cestovani","tag-bled","tag-bora-bora","tag-egypt","tag-fotografie","tag-island","tag-jezero","tag-nejfotogenictejsi-mista","tag-plaz-reynisfjara","tag-polynesie","tag-sahar-el-beida","tag-slovinsko"],"yoast_head":"<!-- This site is optimized with the Yoast SEO plugin v27.4 - https:\/\/yoast.com\/product\/yoast-seo-wordpress\/ -->\n<title>Nejfotogeni\u010dt\u011bj\u0161\u00ed m\u00edsta na sv\u011bt\u011b - REGBU.COM<\/title>\n<meta name=\"description\" content=\"Poznejte nejfotogeni\u010dt\u011bj\u0161\u00ed m\u00edsta na sv\u011bt\u011b. Nav\u0161tivte nezapomenuteln\u00e9 lokace, kde V\u00e1m bude doslova p\u0159ech\u00e1zet zrak.\" \/>\n<meta name=\"robots\" content=\"index, follow, max-snippet:-1, max-image-preview:large, max-video-preview:-1\" \/>\n<link rel=\"canonical\" href=\"https:\/\/regbu.com\/pl\/najbardziej-fotogeniczny-facet-na-swiecie\/\" \/>\n<meta property=\"og:locale\" content=\"pl_PL\" \/>\n<meta property=\"og:type\" content=\"article\" \/>\n<meta property=\"og:title\" content=\"Nejfotogeni\u010dt\u011bj\u0161\u00ed m\u00edsta na sv\u011bt\u011b - REGBU.COM\" \/>\n<meta property=\"og:description\" content=\"Poznejte nejfotogeni\u010dt\u011bj\u0161\u00ed m\u00edsta na sv\u011bt\u011b. Nav\u0161tivte nezapomenuteln\u00e9 lokace, kde V\u00e1m bude doslova p\u0159ech\u00e1zet zrak.\" \/>\n<meta property=\"og:url\" content=\"https:\/\/regbu.com\/pl\/najbardziej-fotogeniczny-facet-na-swiecie\/\" \/>\n<meta property=\"og:site_name\" content=\"REGBU.COM\" \/>\n<meta property=\"article:published_time\" content=\"2023-08-05T14:52:36+00:00\" \/>\n<meta property=\"article:modified_time\" content=\"2025-09-05T05:40:15+00:00\" \/>\n<meta property=\"og:image\" content=\"https:\/\/regbu.com\/wp-content\/uploads\/2023\/08\/nejfotogenictejsi-mista-na-svete.jpg\" \/>\n\t<meta property=\"og:image:width\" content=\"1200\" \/>\n\t<meta property=\"og:image:height\" content=\"676\" \/>\n\t<meta property=\"og:image:type\" content=\"image\/jpeg\" \/>\n<meta name=\"author\" content=\"George Martin\" \/>\n<meta name=\"twitter:card\" content=\"summary_large_image\" \/>\n<meta name=\"twitter:label1\" content=\"Napisane przez\" \/>\n\t<meta name=\"twitter:data1\" content=\"George Martin\" \/>\n\t<meta name=\"twitter:label2\" content=\"Szacowany czas czytania\" \/>\n\t<meta name=\"twitter:data2\" content=\"2 minuty\" \/>\n<script type=\"application\/ld+json\" class=\"yoast-schema-graph\">{\"@context\":\"https:\\\/\\\/schema.org\",\"@graph\":[{\"@type\":\"Article\",\"@id\":\"https:\\\/\\\/regbu.com\\\/pl\\\/najbardziej-fotogeniczny-facet-na-swiecie\\\/#article\",\"isPartOf\":{\"@id\":\"https:\\\/\\\/regbu.com\\\/pl\\\/najbardziej-fotogeniczny-facet-na-swiecie\\\/\"},\"author\":{\"name\":\"George Martin\",\"@id\":\"https:\\\/\\\/regbu.com\\\/en\\\/#\\\/schema\\\/person\\\/94ea9deda2629771b8a9ced002f6784e\"},\"headline\":\"Nejfotogeni\u010dt\u011bj\u0161\u00ed m\u00edsta na sv\u011bt\u011b\",\"datePublished\":\"2023-08-05T14:52:36+00:00\",\"dateModified\":\"2025-09-05T05:40:15+00:00\",\"mainEntityOfPage\":{\"@id\":\"https:\\\/\\\/regbu.com\\\/pl\\\/najbardziej-fotogeniczny-facet-na-swiecie\\\/\"},\"wordCount\":472,\"image\":{\"@id\":\"https:\\\/\\\/regbu.com\\\/pl\\\/najbardziej-fotogeniczny-facet-na-swiecie\\\/#primaryimage\"},\"thumbnailUrl\":\"https:\\\/\\\/regbu.com\\\/wp-content\\\/uploads\\\/2023\\\/08\\\/nejfotogenictejsi-mista-na-svete.jpg\",\"keywords\":[\"bled\",\"bora bora\",\"egypt\",\"fotografie\",\"island\",\"jezero\",\"nejfotogeni\u010dt\u011bj\u0161\u00ed m\u00edsta\",\"Pl\u00e1\u017e Reynisfjara\",\"polyn\u00e9sie\",\"Sahar el Beida\",\"Slovinsko\"],\"articleSection\":[\"Cestov\u00e1n\u00ed\"],\"inLanguage\":\"pl-PL\"},{\"@type\":\"WebPage\",\"@id\":\"https:\\\/\\\/regbu.com\\\/pl\\\/najbardziej-fotogeniczny-facet-na-swiecie\\\/\",\"url\":\"https:\\\/\\\/regbu.com\\\/pl\\\/najbardziej-fotogeniczny-facet-na-swiecie\\\/\",\"name\":\"Nejfotogeni\u010dt\u011bj\u0161\u00ed m\u00edsta na sv\u011bt\u011b - REGBU.COM\",\"isPartOf\":{\"@id\":\"https:\\\/\\\/regbu.com\\\/en\\\/#website\"},\"primaryImageOfPage\":{\"@id\":\"https:\\\/\\\/regbu.com\\\/pl\\\/najbardziej-fotogeniczny-facet-na-swiecie\\\/#primaryimage\"},\"image\":{\"@id\":\"https:\\\/\\\/regbu.com\\\/pl\\\/najbardziej-fotogeniczny-facet-na-swiecie\\\/#primaryimage\"},\"thumbnailUrl\":\"https:\\\/\\\/regbu.com\\\/wp-content\\\/uploads\\\/2023\\\/08\\\/nejfotogenictejsi-mista-na-svete.jpg\",\"datePublished\":\"2023-08-05T14:52:36+00:00\",\"dateModified\":\"2025-09-05T05:40:15+00:00\",\"author\":{\"@id\":\"https:\\\/\\\/regbu.com\\\/en\\\/#\\\/schema\\\/person\\\/94ea9deda2629771b8a9ced002f6784e\"},\"description\":\"Poznejte nejfotogeni\u010dt\u011bj\u0161\u00ed m\u00edsta na sv\u011bt\u011b. Nav\u0161tivte nezapomenuteln\u00e9 lokace, kde V\u00e1m bude doslova p\u0159ech\u00e1zet zrak.\",\"breadcrumb\":{\"@id\":\"https:\\\/\\\/regbu.com\\\/pl\\\/najbardziej-fotogeniczny-facet-na-swiecie\\\/#breadcrumb\"},\"inLanguage\":\"pl-PL\",\"potentialAction\":[{\"@type\":\"ReadAction\",\"target\":[\"https:\\\/\\\/regbu.com\\\/pl\\\/najbardziej-fotogeniczny-facet-na-swiecie\\\/\"]}]},{\"@type\":\"ImageObject\",\"inLanguage\":\"pl-PL\",\"@id\":\"https:\\\/\\\/regbu.com\\\/pl\\\/najbardziej-fotogeniczny-facet-na-swiecie\\\/#primaryimage\",\"url\":\"https:\\\/\\\/regbu.com\\\/wp-content\\\/uploads\\\/2023\\\/08\\\/nejfotogenictejsi-mista-na-svete.jpg\",\"contentUrl\":\"https:\\\/\\\/regbu.com\\\/wp-content\\\/uploads\\\/2023\\\/08\\\/nejfotogenictejsi-mista-na-svete.jpg\",\"width\":1200,\"height\":676,\"caption\":\"Nejfotogeni\u010dt\u011bj\u0161\u00ed m\u00edsta na sv\u011bt\u011b\"},{\"@type\":\"BreadcrumbList\",\"@id\":\"https:\\\/\\\/regbu.com\\\/pl\\\/najbardziej-fotogeniczny-facet-na-swiecie\\\/#breadcrumb\",\"itemListElement\":[{\"@type\":\"ListItem\",\"position\":1,\"name\":\"Home\",\"item\":\"https:\\\/\\\/regbu.com\\\/en\\\/\"},{\"@type\":\"ListItem\",\"position\":2,\"name\":\"Nejfotogeni\u010dt\u011bj\u0161\u00ed m\u00edsta na sv\u011bt\u011b\"}]},{\"@type\":\"WebSite\",\"@id\":\"https:\\\/\\\/regbu.com\\\/en\\\/#website\",\"url\":\"https:\\\/\\\/regbu.com\\\/en\\\/\",\"name\":\"REGBU.COM\",\"description\":\"\",\"potentialAction\":[{\"@type\":\"SearchAction\",\"target\":{\"@type\":\"EntryPoint\",\"urlTemplate\":\"https:\\\/\\\/regbu.com\\\/en\\\/?s={search_term_string}\"},\"query-input\":{\"@type\":\"PropertyValueSpecification\",\"valueRequired\":true,\"valueName\":\"search_term_string\"}}],\"inLanguage\":\"pl-PL\"},{\"@type\":\"Person\",\"@id\":\"https:\\\/\\\/regbu.com\\\/en\\\/#\\\/schema\\\/person\\\/94ea9deda2629771b8a9ced002f6784e\",\"name\":\"George Martin\",\"url\":\"https:\\\/\\\/regbu.com\\\/pl\\\/author\\\/george-martin\\\/\"}]}<\/script>\n<!-- \/ Yoast SEO plugin. -->","yoast_head_json":{"title":"Najbardziej fotogeniczne miejsca na \u015bwiecie - REGBU.COM","description":"Odkryj najbardziej fotogeniczne miejsca na \u015bwiecie. Odwied\u017a niezapomniane lokalizacje, kt\u00f3re dos\u0142ownie sprawi\u0105, \u017ce twoje oczy si\u0119 zaszkl\u0105.","robots":{"index":"index","follow":"follow","max-snippet":"max-snippet:-1","max-image-preview":"max-image-preview:large","max-video-preview":"max-video-preview:-1"},"canonical":"https:\/\/regbu.com\/pl\/najbardziej-fotogeniczny-facet-na-swiecie\/","og_locale":"pl_PL","og_type":"article","og_title":"Nejfotogeni\u010dt\u011bj\u0161\u00ed m\u00edsta na sv\u011bt\u011b - REGBU.COM","og_description":"Poznejte nejfotogeni\u010dt\u011bj\u0161\u00ed m\u00edsta na sv\u011bt\u011b. Nav\u0161tivte nezapomenuteln\u00e9 lokace, kde V\u00e1m bude doslova p\u0159ech\u00e1zet zrak.","og_url":"https:\/\/regbu.com\/pl\/najbardziej-fotogeniczny-facet-na-swiecie\/","og_site_name":"REGBU.COM","article_published_time":"2023-08-05T14:52:36+00:00","article_modified_time":"2025-09-05T05:40:15+00:00","og_image":[{"width":1200,"height":676,"url":"https:\/\/regbu.com\/wp-content\/uploads\/2023\/08\/nejfotogenictejsi-mista-na-svete.jpg","type":"image\/jpeg"}],"author":"George Martin","twitter_card":"summary_large_image","twitter_misc":{"Napisane przez":"George Martin","Szacowany czas czytania":"2 minuty"},"schema":{"@context":"https:\/\/schema.org","@graph":[{"@type":"Article","@id":"https:\/\/regbu.com\/pl\/najbardziej-fotogeniczny-facet-na-swiecie\/#article","isPartOf":{"@id":"https:\/\/regbu.com\/pl\/najbardziej-fotogeniczny-facet-na-swiecie\/"},"author":{"name":"George Martin","@id":"https:\/\/regbu.com\/en\/#\/schema\/person\/94ea9deda2629771b8a9ced002f6784e"},"headline":"Nejfotogeni\u010dt\u011bj\u0161\u00ed m\u00edsta na sv\u011bt\u011b","datePublished":"2023-08-05T14:52:36+00:00","dateModified":"2025-09-05T05:40:15+00:00","mainEntityOfPage":{"@id":"https:\/\/regbu.com\/pl\/najbardziej-fotogeniczny-facet-na-swiecie\/"},"wordCount":472,"image":{"@id":"https:\/\/regbu.com\/pl\/najbardziej-fotogeniczny-facet-na-swiecie\/#primaryimage"},"thumbnailUrl":"https:\/\/regbu.com\/wp-content\/uploads\/2023\/08\/nejfotogenictejsi-mista-na-svete.jpg","keywords":["bled","bora bora","egypt","fotografie","island","jezero","nejfotogeni\u010dt\u011bj\u0161\u00ed m\u00edsta","Pl\u00e1\u017e Reynisfjara","polyn\u00e9sie","Sahar el Beida","Slovinsko"],"articleSection":["Cestov\u00e1n\u00ed"],"inLanguage":"pl-PL"},{"@type":"WebPage","@id":"https:\/\/regbu.com\/pl\/najbardziej-fotogeniczny-facet-na-swiecie\/","url":"https:\/\/regbu.com\/pl\/najbardziej-fotogeniczny-facet-na-swiecie\/","name":"Najbardziej fotogeniczne miejsca na \u015bwiecie - REGBU.COM","isPartOf":{"@id":"https:\/\/regbu.com\/en\/#website"},"primaryImageOfPage":{"@id":"https:\/\/regbu.com\/pl\/najbardziej-fotogeniczny-facet-na-swiecie\/#primaryimage"},"image":{"@id":"https:\/\/regbu.com\/pl\/najbardziej-fotogeniczny-facet-na-swiecie\/#primaryimage"},"thumbnailUrl":"https:\/\/regbu.com\/wp-content\/uploads\/2023\/08\/nejfotogenictejsi-mista-na-svete.jpg","datePublished":"2023-08-05T14:52:36+00:00","dateModified":"2025-09-05T05:40:15+00:00","author":{"@id":"https:\/\/regbu.com\/en\/#\/schema\/person\/94ea9deda2629771b8a9ced002f6784e"},"description":"Odkryj najbardziej fotogeniczne miejsca na \u015bwiecie. Odwied\u017a niezapomniane lokalizacje, kt\u00f3re dos\u0142ownie sprawi\u0105, \u017ce twoje oczy si\u0119 zaszkl\u0105.","breadcrumb":{"@id":"https:\/\/regbu.com\/pl\/najbardziej-fotogeniczny-facet-na-swiecie\/#breadcrumb"},"inLanguage":"pl-PL","potentialAction":[{"@type":"ReadAction","target":["https:\/\/regbu.com\/pl\/najbardziej-fotogeniczny-facet-na-swiecie\/"]}]},{"@type":"ImageObject","inLanguage":"pl-PL","@id":"https:\/\/regbu.com\/pl\/najbardziej-fotogeniczny-facet-na-swiecie\/#primaryimage","url":"https:\/\/regbu.com\/wp-content\/uploads\/2023\/08\/nejfotogenictejsi-mista-na-svete.jpg","contentUrl":"https:\/\/regbu.com\/wp-content\/uploads\/2023\/08\/nejfotogenictejsi-mista-na-svete.jpg","width":1200,"height":676,"caption":"Nejfotogeni\u010dt\u011bj\u0161\u00ed m\u00edsta na sv\u011bt\u011b"},{"@type":"BreadcrumbList","@id":"https:\/\/regbu.com\/pl\/najbardziej-fotogeniczny-facet-na-swiecie\/#breadcrumb","itemListElement":[{"@type":"ListItem","position":1,"name":"Home","item":"https:\/\/regbu.com\/en\/"},{"@type":"ListItem","position":2,"name":"Nejfotogeni\u010dt\u011bj\u0161\u00ed m\u00edsta na sv\u011bt\u011b"}]},{"@type":"WebSite","@id":"https:\/\/regbu.com\/en\/#website","url":"https:\/\/regbu.com\/en\/","name":"REGBU.COM","description":"","potentialAction":[{"@type":"SearchAction","target":{"@type":"EntryPoint","urlTemplate":"https:\/\/regbu.com\/en\/?s={search_term_string}"},"query-input":{"@type":"PropertyValueSpecification","valueRequired":true,"valueName":"search_term_string"}}],"inLanguage":"pl-PL"},{"@type":"Person","@id":"https:\/\/regbu.com\/en\/#\/schema\/person\/94ea9deda2629771b8a9ced002f6784e","name":"George Martin","url":"https:\/\/regbu.com\/pl\/author\/george-martin\/"}]}},"_links":{"self":[{"href":"https:\/\/regbu.com\/pl\/wp-json\/wp\/v2\/posts\/1382","targetHints":{"allow":["GET"]}}],"collection":[{"href":"https:\/\/regbu.com\/pl\/wp-json\/wp\/v2\/posts"}],"about":[{"href":"https:\/\/regbu.com\/pl\/wp-json\/wp\/v2\/types\/post"}],"author":[{"embeddable":true,"href":"https:\/\/regbu.com\/pl\/wp-json\/wp\/v2\/users\/2"}],"replies":[{"embeddable":true,"href":"https:\/\/regbu.com\/pl\/wp-json\/wp\/v2\/comments?post=1382"}],"version-history":[{"count":2,"href":"https:\/\/regbu.com\/pl\/wp-json\/wp\/v2\/posts\/1382\/revisions"}],"predecessor-version":[{"id":1402,"href":"https:\/\/regbu.com\/pl\/wp-json\/wp\/v2\/posts\/1382\/revisions\/1402"}],"wp:featuredmedia":[{"embeddable":true,"href":"https:\/\/regbu.com\/pl\/wp-json\/wp\/v2\/media\/1383"}],"wp:attachment":[{"href":"https:\/\/regbu.com\/pl\/wp-json\/wp\/v2\/media?parent=1382"}],"wp:term":[{"taxonomy":"category","embeddable":true,"href":"https:\/\/regbu.com\/pl\/wp-json\/wp\/v2\/categories?post=1382"},{"taxonomy":"post_tag","embeddable":true,"href":"https:\/\/regbu.com\/pl\/wp-json\/wp\/v2\/tags?post=1382"}],"curies":[{"name":"wp","href":"https:\/\/api.w.org\/{rel}","templated":true}]}}