{"id":1330,"date":"2023-07-31T14:29:04","date_gmt":"2023-07-31T12:29:04","guid":{"rendered":"https:\/\/regbu.com\/?p=1330"},"modified":"2025-09-05T07:40:38","modified_gmt":"2025-09-05T05:40:38","slug":"bezecka-vesta-musi-odpovidat-vasim-potrebam","status":"publish","type":"post","link":"https:\/\/regbu.com\/pl\/lancuch-musi-pasowac-do-twoich-potrzeb\/","title":{"rendered":"Kamizelka do biegania musi odpowiada\u0107 Twoim potrzebom"},"content":{"rendered":"<p>Kamizelka do biegania sta\u0142a si\u0119 w ostatnich latach integraln\u0105 cz\u0119\u015bci\u0105 wielu sportowc\u00f3w. Jest to wa\u017cny element wyposa\u017cenia biegacza, podobnie jak np. <strong><a href=\"https:\/\/regbu.com\/pl\/running-boots-suitable-for-hand-styles-running\/\">buty do biegania<\/a><\/strong>. W tym akcesorium nie chodzi o mod\u0119 czy zapewnienie ciep\u0142a. To naprawd\u0119 nie jest potrzebne podczas biegania. Kamizelka pe\u0142ni zupe\u0142nie inn\u0105 rol\u0119.<\/p>\n\n\n\n<ul class=\"wp-block-list\">\n<li>Staje si\u0119 zbiornikiem wodnym<\/li>\n\n\n\n<li>Zapewnia miejsce do przechowywania<\/li>\n\n\n\n<li>Odgrywa praktyczn\u0105 rol\u0119<\/li>\n<\/ul>\n\n\n\n<p>Dzi\u0119ki kamizelce do biegania nie musisz trzyma\u0107 niczego w d\u0142oni podczas biegu. Nawet je\u015bli nie potrzebujesz tak wiele podczas biegu, mo\u017cesz przechowywa\u0107 w niej wszystkie niezb\u0119dne rzeczy, zw\u0142aszcza je\u015bli chodzi o wystarczaj\u0105c\u0105 ilo\u015b\u0107 p\u0142yn\u00f3w.<\/p>\n\n\n\n<h2 class=\"wp-block-heading\">Kamizelka do biegania i jej pojemno\u015b\u0107<\/h2>\n\n\n\n<p>Tak, wybieraj\u0105c jak\u0105kolwiek odzie\u017c sportow\u0105, upewnij si\u0119, \u017ce wybierasz odpowiedni rozmiar. Kamizelka do biegania wymaga jednak nieco innego podej\u015bcia. Skup si\u0119 na tym, jak du\u017ca ona b\u0119dzie <strong>pojemno\u015b\u0107 dla wody<\/strong>. Ten parametr zale\u017cy od d\u0142ugo\u015bci regularnego przebiegu.<\/p>\n\n\n\n<figure class=\"wp-block-table\"><table><tbody><tr><td><strong>Pojemno\u015b\u0107 kamizelki<\/strong><\/td><td><strong>D\u0142ugo\u015b\u0107 przebiegu<\/strong><\/td><\/tr><tr><td>2 l<\/td><td>1 do 2 godzin<\/td><\/tr><tr><td>2 do 5 l<\/td><td>3 do 4 godzin<\/td><\/tr><tr><td>4 do 11 l<\/td><td>4 do 6 godzin<\/td><\/tr><tr><td>6 do 15 l<\/td><td>Ponad 6 godzin<\/td><\/tr><\/tbody><\/table><figcaption class=\"wp-element-caption\">Jakiej pojemno\u015bci kamizelki potrzebujesz w zale\u017cno\u015bci od d\u0142ugo\u015bci biegu?<\/figcaption><\/figure>\n\n\n\n<p>Kamizelka hydracyjna do biegania zawiera specjalny worek umieszczony na plecach. W\u0105\u017c z ustnikiem prowadzi od niego do przodu. Podczas biegu mo\u017cesz pi\u0107 szybko i \u0142atwo bez zatrzymywania si\u0119.<\/p>\n\n\n\n<h3 class=\"wp-block-heading\">Inne parametry kamizelki do biegania<\/h3>\n\n\n\n<p>Hydrovac nie jest jedynym sposobem przenoszenia wody przez kamizelk\u0119. Istniej\u0105 modele kamizelek przeznaczone do butelek z piciem umieszczonych z przodu. Konkretny wyb\u00f3r nale\u017cy zatem do Ciebie, bior\u0105c r\u00f3wnie\u017c pod uwag\u0119 rodzaj biegu. Prawda pozostaje jednak taka, \u017ce <strong>specjalne hydrofory z ty\u0142u<\/strong> mo\u017ce pomie\u015bci\u0107 wi\u0119cej wody.<\/p>\n\n\n\n<p>Ka\u017cdy biegacz wymaga maksymalnego komfortu podczas biegania i dotyczy to r\u00f3wnie\u017c kamizelki do biegania. Wybierz dopasowanie, kt\u00f3re nie b\u0119dzie Ci\u0119 obci\u0105\u017ca\u0107, niezale\u017cnie od tego, czy chodzi o rozmiar kamizelki, szeroko\u015b\u0107 pask\u00f3w, plastikowe zatrzaski itp. Kamizelka powinna mie\u0107 odpowiedni rozmiar, aby w \u017caden spos\u00f3b Ci\u0119 nie ogranicza\u0142a i idealnie pasowa\u0142a podczas biegu. Wszelkie podskakiwanie lub podskakiwanie jest niepo\u017c\u0105dane. <em>Idealnym rozwi\u0105zaniem jest ci\u0119cie bezpo\u015brednio na ciele<\/em>.<\/p>","protected":false},"excerpt":{"rendered":"<p>Kamizelka do biegania sta\u0142a si\u0119 w ostatnich latach integraln\u0105 cz\u0119\u015bci\u0105 wielu sportowc\u00f3w. Jest to wa\u017cny element wyposa\u017cenia biegacza, podobnie jak buty do biegania. W tym akcesorium nie chodzi o mod\u0119 czy zapewnienie ciep\u0142a. Naprawd\u0119 nie potrzebujesz tego podczas biegania. Kamizelka spe\u0142nia zupe\u0142nie inn\u0105 rol\u0119. Dzi\u0119ki kamizelce do biegania nie musisz nosi\u0107 niczego w r\u0119ku podczas biegu. I ... <\/p>","protected":false},"author":2,"featured_media":1331,"comment_status":"closed","ping_status":"closed","sticky":false,"template":"","format":"standard","meta":{"footnotes":""},"categories":[9],"tags":[847,846,1580,1583,1581,1582,911,1584,1018,812],"class_list":["post-1330","post","type-post","status-publish","format-standard","has-post-thumbnail","hentry","category-sport","tag-beh","tag-behani","tag-bezecka-vesta","tag-hydrovak","tag-kapacita","tag-kapacita-vesty","tag-lahev","tag-tekutina","tag-vesta","tag-voda"],"yoast_head":"<!-- This site is optimized with the Yoast SEO plugin v27.5 - https:\/\/yoast.com\/product\/yoast-seo-wordpress\/ -->\n<title>B\u011b\u017eeck\u00e1 vesta mus\u00ed odpov\u00eddat Va\u0161im pot\u0159eb\u00e1m - REGBU.COM<\/title>\n<meta name=\"description\" content=\"B\u011b\u017eeck\u00e1 vesta se stane praktick\u00fdm dopl\u0148kem pro V\u00e1\u0161 ka\u017edodenn\u00ed b\u011bh. Zjist\u011bte, jak\u00e9 m\u00e1te mo\u017enosti p\u0159i jej\u00edm v\u00fdb\u011bru.\" \/>\n<meta name=\"robots\" content=\"index, follow, max-snippet:-1, max-image-preview:large, max-video-preview:-1\" \/>\n<link rel=\"canonical\" href=\"https:\/\/regbu.com\/pl\/lancuch-musi-pasowac-do-twoich-potrzeb\/\" \/>\n<meta property=\"og:locale\" content=\"pl_PL\" \/>\n<meta property=\"og:type\" content=\"article\" \/>\n<meta property=\"og:title\" content=\"B\u011b\u017eeck\u00e1 vesta mus\u00ed odpov\u00eddat Va\u0161im pot\u0159eb\u00e1m - REGBU.COM\" \/>\n<meta property=\"og:description\" content=\"B\u011b\u017eeck\u00e1 vesta se stane praktick\u00fdm dopl\u0148kem pro V\u00e1\u0161 ka\u017edodenn\u00ed b\u011bh. Zjist\u011bte, jak\u00e9 m\u00e1te mo\u017enosti p\u0159i jej\u00edm v\u00fdb\u011bru.\" \/>\n<meta property=\"og:url\" content=\"https:\/\/regbu.com\/pl\/lancuch-musi-pasowac-do-twoich-potrzeb\/\" \/>\n<meta property=\"og:site_name\" content=\"REGBU.COM\" \/>\n<meta property=\"article:published_time\" content=\"2023-07-31T12:29:04+00:00\" \/>\n<meta property=\"article:modified_time\" content=\"2025-09-05T05:40:38+00:00\" \/>\n<meta property=\"og:image\" content=\"https:\/\/regbu.com\/wp-content\/uploads\/2023\/07\/bezecka-vesta-musi-odpovidat-vasim-potrebam.jpg\" \/>\n\t<meta property=\"og:image:width\" content=\"1200\" \/>\n\t<meta property=\"og:image:height\" content=\"675\" \/>\n\t<meta property=\"og:image:type\" content=\"image\/jpeg\" \/>\n<meta name=\"author\" content=\"George Martin\" \/>\n<meta name=\"twitter:card\" content=\"summary_large_image\" \/>\n<meta name=\"twitter:label1\" content=\"Napisane przez\" \/>\n\t<meta name=\"twitter:data1\" content=\"George Martin\" \/>\n\t<meta name=\"twitter:label2\" content=\"Szacowany czas czytania\" \/>\n\t<meta name=\"twitter:data2\" content=\"2 minuty\" \/>\n<script type=\"application\/ld+json\" class=\"yoast-schema-graph\">{\"@context\":\"https:\\\/\\\/schema.org\",\"@graph\":[{\"@type\":\"Article\",\"@id\":\"https:\\\/\\\/regbu.com\\\/pl\\\/lancuch-musi-pasowac-do-twoich-potrzeb\\\/#article\",\"isPartOf\":{\"@id\":\"https:\\\/\\\/regbu.com\\\/pl\\\/lancuch-musi-pasowac-do-twoich-potrzeb\\\/\"},\"author\":{\"name\":\"George Martin\",\"@id\":\"https:\\\/\\\/regbu.com\\\/en\\\/#\\\/schema\\\/person\\\/94ea9deda2629771b8a9ced002f6784e\"},\"headline\":\"B\u011b\u017eeck\u00e1 vesta mus\u00ed odpov\u00eddat Va\u0161im pot\u0159eb\u00e1m\",\"datePublished\":\"2023-07-31T12:29:04+00:00\",\"dateModified\":\"2025-09-05T05:40:38+00:00\",\"mainEntityOfPage\":{\"@id\":\"https:\\\/\\\/regbu.com\\\/pl\\\/lancuch-musi-pasowac-do-twoich-potrzeb\\\/\"},\"wordCount\":461,\"image\":{\"@id\":\"https:\\\/\\\/regbu.com\\\/pl\\\/lancuch-musi-pasowac-do-twoich-potrzeb\\\/#primaryimage\"},\"thumbnailUrl\":\"https:\\\/\\\/regbu.com\\\/wp-content\\\/uploads\\\/2023\\\/07\\\/bezecka-vesta-musi-odpovidat-vasim-potrebam.jpg\",\"keywords\":[\"b\u011bh\",\"b\u011bh\u00e1n\u00ed\",\"b\u011b\u017eeck\u00e1 vesta\",\"hydrovak\",\"kapacita\",\"kapacita vesty\",\"l\u00e1hev\",\"tekutina\",\"vesta\",\"voda\"],\"articleSection\":[\"Sport\"],\"inLanguage\":\"pl-PL\"},{\"@type\":\"WebPage\",\"@id\":\"https:\\\/\\\/regbu.com\\\/pl\\\/lancuch-musi-pasowac-do-twoich-potrzeb\\\/\",\"url\":\"https:\\\/\\\/regbu.com\\\/pl\\\/lancuch-musi-pasowac-do-twoich-potrzeb\\\/\",\"name\":\"B\u011b\u017eeck\u00e1 vesta mus\u00ed odpov\u00eddat Va\u0161im pot\u0159eb\u00e1m - REGBU.COM\",\"isPartOf\":{\"@id\":\"https:\\\/\\\/regbu.com\\\/en\\\/#website\"},\"primaryImageOfPage\":{\"@id\":\"https:\\\/\\\/regbu.com\\\/pl\\\/lancuch-musi-pasowac-do-twoich-potrzeb\\\/#primaryimage\"},\"image\":{\"@id\":\"https:\\\/\\\/regbu.com\\\/pl\\\/lancuch-musi-pasowac-do-twoich-potrzeb\\\/#primaryimage\"},\"thumbnailUrl\":\"https:\\\/\\\/regbu.com\\\/wp-content\\\/uploads\\\/2023\\\/07\\\/bezecka-vesta-musi-odpovidat-vasim-potrebam.jpg\",\"datePublished\":\"2023-07-31T12:29:04+00:00\",\"dateModified\":\"2025-09-05T05:40:38+00:00\",\"author\":{\"@id\":\"https:\\\/\\\/regbu.com\\\/en\\\/#\\\/schema\\\/person\\\/94ea9deda2629771b8a9ced002f6784e\"},\"description\":\"B\u011b\u017eeck\u00e1 vesta se stane praktick\u00fdm dopl\u0148kem pro V\u00e1\u0161 ka\u017edodenn\u00ed b\u011bh. Zjist\u011bte, jak\u00e9 m\u00e1te mo\u017enosti p\u0159i jej\u00edm v\u00fdb\u011bru.\",\"breadcrumb\":{\"@id\":\"https:\\\/\\\/regbu.com\\\/pl\\\/lancuch-musi-pasowac-do-twoich-potrzeb\\\/#breadcrumb\"},\"inLanguage\":\"pl-PL\",\"potentialAction\":[{\"@type\":\"ReadAction\",\"target\":[\"https:\\\/\\\/regbu.com\\\/pl\\\/lancuch-musi-pasowac-do-twoich-potrzeb\\\/\"]}]},{\"@type\":\"ImageObject\",\"inLanguage\":\"pl-PL\",\"@id\":\"https:\\\/\\\/regbu.com\\\/pl\\\/lancuch-musi-pasowac-do-twoich-potrzeb\\\/#primaryimage\",\"url\":\"https:\\\/\\\/regbu.com\\\/wp-content\\\/uploads\\\/2023\\\/07\\\/bezecka-vesta-musi-odpovidat-vasim-potrebam.jpg\",\"contentUrl\":\"https:\\\/\\\/regbu.com\\\/wp-content\\\/uploads\\\/2023\\\/07\\\/bezecka-vesta-musi-odpovidat-vasim-potrebam.jpg\",\"width\":1200,\"height\":675,\"caption\":\"B\u011b\u017eeck\u00e1 vesta mus\u00ed odpov\u00eddat Va\u0161im pot\u0159eb\u00e1m\"},{\"@type\":\"BreadcrumbList\",\"@id\":\"https:\\\/\\\/regbu.com\\\/pl\\\/lancuch-musi-pasowac-do-twoich-potrzeb\\\/#breadcrumb\",\"itemListElement\":[{\"@type\":\"ListItem\",\"position\":1,\"name\":\"Home\",\"item\":\"https:\\\/\\\/regbu.com\\\/en\\\/\"},{\"@type\":\"ListItem\",\"position\":2,\"name\":\"B\u011b\u017eeck\u00e1 vesta mus\u00ed odpov\u00eddat Va\u0161im pot\u0159eb\u00e1m\"}]},{\"@type\":\"WebSite\",\"@id\":\"https:\\\/\\\/regbu.com\\\/en\\\/#website\",\"url\":\"https:\\\/\\\/regbu.com\\\/en\\\/\",\"name\":\"REGBU.COM\",\"description\":\"\",\"potentialAction\":[{\"@type\":\"SearchAction\",\"target\":{\"@type\":\"EntryPoint\",\"urlTemplate\":\"https:\\\/\\\/regbu.com\\\/en\\\/?s={search_term_string}\"},\"query-input\":{\"@type\":\"PropertyValueSpecification\",\"valueRequired\":true,\"valueName\":\"search_term_string\"}}],\"inLanguage\":\"pl-PL\"},{\"@type\":\"Person\",\"@id\":\"https:\\\/\\\/regbu.com\\\/en\\\/#\\\/schema\\\/person\\\/94ea9deda2629771b8a9ced002f6784e\",\"name\":\"George Martin\",\"url\":\"https:\\\/\\\/regbu.com\\\/pl\\\/author\\\/george-martin\\\/\"}]}<\/script>\n<!-- \/ Yoast SEO plugin. -->","yoast_head_json":{"title":"Kamizelka do biegania musi by\u0107 dopasowana do Twoich potrzeb - REGBU.COM","description":"Kamizelka do biegania stanie si\u0119 praktycznym dodatkiem do codziennego biegania. Dowiedz si\u0119, jakie masz mo\u017cliwo\u015bci przy jej wyborze.","robots":{"index":"index","follow":"follow","max-snippet":"max-snippet:-1","max-image-preview":"max-image-preview:large","max-video-preview":"max-video-preview:-1"},"canonical":"https:\/\/regbu.com\/pl\/lancuch-musi-pasowac-do-twoich-potrzeb\/","og_locale":"pl_PL","og_type":"article","og_title":"B\u011b\u017eeck\u00e1 vesta mus\u00ed odpov\u00eddat Va\u0161im pot\u0159eb\u00e1m - REGBU.COM","og_description":"B\u011b\u017eeck\u00e1 vesta se stane praktick\u00fdm dopl\u0148kem pro V\u00e1\u0161 ka\u017edodenn\u00ed b\u011bh. Zjist\u011bte, jak\u00e9 m\u00e1te mo\u017enosti p\u0159i jej\u00edm v\u00fdb\u011bru.","og_url":"https:\/\/regbu.com\/pl\/lancuch-musi-pasowac-do-twoich-potrzeb\/","og_site_name":"REGBU.COM","article_published_time":"2023-07-31T12:29:04+00:00","article_modified_time":"2025-09-05T05:40:38+00:00","og_image":[{"width":1200,"height":675,"url":"https:\/\/regbu.com\/wp-content\/uploads\/2023\/07\/bezecka-vesta-musi-odpovidat-vasim-potrebam.jpg","type":"image\/jpeg"}],"author":"George Martin","twitter_card":"summary_large_image","twitter_misc":{"Napisane przez":"George Martin","Szacowany czas czytania":"2 minuty"},"schema":{"@context":"https:\/\/schema.org","@graph":[{"@type":"Article","@id":"https:\/\/regbu.com\/pl\/lancuch-musi-pasowac-do-twoich-potrzeb\/#article","isPartOf":{"@id":"https:\/\/regbu.com\/pl\/lancuch-musi-pasowac-do-twoich-potrzeb\/"},"author":{"name":"George Martin","@id":"https:\/\/regbu.com\/en\/#\/schema\/person\/94ea9deda2629771b8a9ced002f6784e"},"headline":"B\u011b\u017eeck\u00e1 vesta mus\u00ed odpov\u00eddat Va\u0161im pot\u0159eb\u00e1m","datePublished":"2023-07-31T12:29:04+00:00","dateModified":"2025-09-05T05:40:38+00:00","mainEntityOfPage":{"@id":"https:\/\/regbu.com\/pl\/lancuch-musi-pasowac-do-twoich-potrzeb\/"},"wordCount":461,"image":{"@id":"https:\/\/regbu.com\/pl\/lancuch-musi-pasowac-do-twoich-potrzeb\/#primaryimage"},"thumbnailUrl":"https:\/\/regbu.com\/wp-content\/uploads\/2023\/07\/bezecka-vesta-musi-odpovidat-vasim-potrebam.jpg","keywords":["b\u011bh","b\u011bh\u00e1n\u00ed","b\u011b\u017eeck\u00e1 vesta","hydrovak","kapacita","kapacita vesty","l\u00e1hev","tekutina","vesta","voda"],"articleSection":["Sport"],"inLanguage":"pl-PL"},{"@type":"WebPage","@id":"https:\/\/regbu.com\/pl\/lancuch-musi-pasowac-do-twoich-potrzeb\/","url":"https:\/\/regbu.com\/pl\/lancuch-musi-pasowac-do-twoich-potrzeb\/","name":"Kamizelka do biegania musi by\u0107 dopasowana do Twoich potrzeb - REGBU.COM","isPartOf":{"@id":"https:\/\/regbu.com\/en\/#website"},"primaryImageOfPage":{"@id":"https:\/\/regbu.com\/pl\/lancuch-musi-pasowac-do-twoich-potrzeb\/#primaryimage"},"image":{"@id":"https:\/\/regbu.com\/pl\/lancuch-musi-pasowac-do-twoich-potrzeb\/#primaryimage"},"thumbnailUrl":"https:\/\/regbu.com\/wp-content\/uploads\/2023\/07\/bezecka-vesta-musi-odpovidat-vasim-potrebam.jpg","datePublished":"2023-07-31T12:29:04+00:00","dateModified":"2025-09-05T05:40:38+00:00","author":{"@id":"https:\/\/regbu.com\/en\/#\/schema\/person\/94ea9deda2629771b8a9ced002f6784e"},"description":"Kamizelka do biegania stanie si\u0119 praktycznym dodatkiem do codziennego biegania. Dowiedz si\u0119, jakie masz mo\u017cliwo\u015bci przy jej wyborze.","breadcrumb":{"@id":"https:\/\/regbu.com\/pl\/lancuch-musi-pasowac-do-twoich-potrzeb\/#breadcrumb"},"inLanguage":"pl-PL","potentialAction":[{"@type":"ReadAction","target":["https:\/\/regbu.com\/pl\/lancuch-musi-pasowac-do-twoich-potrzeb\/"]}]},{"@type":"ImageObject","inLanguage":"pl-PL","@id":"https:\/\/regbu.com\/pl\/lancuch-musi-pasowac-do-twoich-potrzeb\/#primaryimage","url":"https:\/\/regbu.com\/wp-content\/uploads\/2023\/07\/bezecka-vesta-musi-odpovidat-vasim-potrebam.jpg","contentUrl":"https:\/\/regbu.com\/wp-content\/uploads\/2023\/07\/bezecka-vesta-musi-odpovidat-vasim-potrebam.jpg","width":1200,"height":675,"caption":"B\u011b\u017eeck\u00e1 vesta mus\u00ed odpov\u00eddat Va\u0161im pot\u0159eb\u00e1m"},{"@type":"BreadcrumbList","@id":"https:\/\/regbu.com\/pl\/lancuch-musi-pasowac-do-twoich-potrzeb\/#breadcrumb","itemListElement":[{"@type":"ListItem","position":1,"name":"Home","item":"https:\/\/regbu.com\/en\/"},{"@type":"ListItem","position":2,"name":"B\u011b\u017eeck\u00e1 vesta mus\u00ed odpov\u00eddat Va\u0161im pot\u0159eb\u00e1m"}]},{"@type":"WebSite","@id":"https:\/\/regbu.com\/en\/#website","url":"https:\/\/regbu.com\/en\/","name":"REGBU.COM","description":"","potentialAction":[{"@type":"SearchAction","target":{"@type":"EntryPoint","urlTemplate":"https:\/\/regbu.com\/en\/?s={search_term_string}"},"query-input":{"@type":"PropertyValueSpecification","valueRequired":true,"valueName":"search_term_string"}}],"inLanguage":"pl-PL"},{"@type":"Person","@id":"https:\/\/regbu.com\/en\/#\/schema\/person\/94ea9deda2629771b8a9ced002f6784e","name":"George Martin","url":"https:\/\/regbu.com\/pl\/author\/george-martin\/"}]}},"_links":{"self":[{"href":"https:\/\/regbu.com\/pl\/wp-json\/wp\/v2\/posts\/1330","targetHints":{"allow":["GET"]}}],"collection":[{"href":"https:\/\/regbu.com\/pl\/wp-json\/wp\/v2\/posts"}],"about":[{"href":"https:\/\/regbu.com\/pl\/wp-json\/wp\/v2\/types\/post"}],"author":[{"embeddable":true,"href":"https:\/\/regbu.com\/pl\/wp-json\/wp\/v2\/users\/2"}],"replies":[{"embeddable":true,"href":"https:\/\/regbu.com\/pl\/wp-json\/wp\/v2\/comments?post=1330"}],"version-history":[{"count":3,"href":"https:\/\/regbu.com\/pl\/wp-json\/wp\/v2\/posts\/1330\/revisions"}],"predecessor-version":[{"id":1355,"href":"https:\/\/regbu.com\/pl\/wp-json\/wp\/v2\/posts\/1330\/revisions\/1355"}],"wp:featuredmedia":[{"embeddable":true,"href":"https:\/\/regbu.com\/pl\/wp-json\/wp\/v2\/media\/1331"}],"wp:attachment":[{"href":"https:\/\/regbu.com\/pl\/wp-json\/wp\/v2\/media?parent=1330"}],"wp:term":[{"taxonomy":"category","embeddable":true,"href":"https:\/\/regbu.com\/pl\/wp-json\/wp\/v2\/categories?post=1330"},{"taxonomy":"post_tag","embeddable":true,"href":"https:\/\/regbu.com\/pl\/wp-json\/wp\/v2\/tags?post=1330"}],"curies":[{"name":"wp","href":"https:\/\/api.w.org\/{rel}","templated":true}]}}