{"id":1224,"date":"2023-07-23T16:02:57","date_gmt":"2023-07-23T14:02:57","guid":{"rendered":"https:\/\/regbu.com\/?p=1224"},"modified":"2025-09-05T07:40:47","modified_gmt":"2025-09-05T05:40:47","slug":"styl-bryli-musi-ladit-s-vasim-oblicejem","status":"publish","type":"post","link":"https:\/\/regbu.com\/pl\/styl-bryli-musi-pasowac-do-twojej-twarzy\/","title":{"rendered":"Styl okular\u00f3w musi pasowa\u0107 do twarzy"},"content":{"rendered":"<p>Styl okular\u00f3w mo\u017cna wybra\u0107 na podstawie r\u00f3\u017cnych czynnik\u00f3w. To troch\u0119 jak <strong><a href=\"https:\/\/regbu.com\/pl\/rodzaje-zegarkow-wedlug-stylu-ubioru\/\">rodzaje zegark\u00f3w<\/a><\/strong>kt\u00f3re mo\u017cna dobra\u0107 na przyk\u0142ad do wydarzenia towarzyskiego. W przypadku okular\u00f3w jest nieco inaczej, poniewa\u017c powinny one r\u00f3wnie\u017c pasowa\u0107 do twarzy. Ka\u017cdy ma nieco inny kszta\u0142t i r\u00f3\u017cne okulary b\u0119d\u0105 do niego pasowa\u0107. Dopiero potem mo\u017cna skupi\u0107 si\u0119 na innych rzeczach.<\/p>\n\n\n\n<ul class=\"wp-block-list\">\n<li>Obr\u00f3bka materia\u0142owa ram<\/li>\n\n\n\n<li>Przyciemnianie okular\u00f3w<\/li>\n\n\n\n<li>Wyb\u00f3r odpowiednich okular\u00f3w<\/li>\n<\/ul>\n\n\n\n<h2 class=\"wp-block-heading\">Jaki masz typ twarzy?<\/h2>\n\n\n\n<p>Je\u015bli chcesz odkry\u0107 styl okular\u00f3w idealny dla siebie, najpierw dowiedz si\u0119, <strong>jaki masz typ twarzy<\/strong>. Wystarczy do tego proste narz\u0119dzie. Sp\u00f3jrz w lustro lub zr\u00f3b sobie zdj\u0119cie i por\u00f3wnaj swoj\u0105 twarz z innymi wed\u0142ug jednego z obowi\u0105zkowych wzorc\u00f3w w Internecie. Nast\u0119pnie mo\u017cesz wybra\u0107 swoje okulary.<\/p>\n\n\n\n<figure class=\"wp-block-table\"><table><tbody><tr><td><strong>Kszta\u0142t twarzy<\/strong><\/td><td><strong>Styl okular\u00f3w<\/strong><\/td><\/tr><tr><td>Owal<\/td><td>Prawie wszystkie kszta\u0142ty<\/td><\/tr><tr><td>Serce<\/td><td>Kot i pe\u0142ne obr\u0119cze<\/td><\/tr><tr><td>Okr\u0105g\u0142y<\/td><td>Kwadratowe obr\u0119cze<\/td><\/tr><tr><td>Pod\u0142u\u017cny<\/td><td>Okulary owalne i okr\u0105g\u0142e<\/td><\/tr><\/tbody><\/table><figcaption class=\"wp-element-caption\">Wybierz okulary odpowiednie do kszta\u0142tu twarzy.<\/figcaption><\/figure>\n\n\n\n<p>Je\u015bli masz twarz w kszta\u0142cie tr\u00f3jk\u0105ta, powiniene\u015b u\u017cy\u0107 okular\u00f3w, aby podkre\u015bli\u0107 g\u00f3rn\u0105 cz\u0119\u015b\u0107 twarzy. Wypr\u00f3buj szersze oprawki. Alternatyw\u0105 s\u0105 gradienty kolor\u00f3w mi\u0119dzy g\u00f3rn\u0105 i doln\u0105 cz\u0119\u015bci\u0105 oprawek.<\/p>\n\n\n\n<h3 class=\"wp-block-heading\">Styl okular\u00f3w w zale\u017cno\u015bci od koloru sk\u00f3ry<\/h3>\n\n\n\n<p>Oczywi\u015bcie kolor sk\u00f3ry nie m\u00f3wi nic o kszta\u0142cie oprawek, kt\u00f3re powiniene\u015b wybra\u0107. W tym celu dobrze sprawdzi si\u0119 wspomniany wcze\u015bniej kszta\u0142t twarzy. <strong>Kolor sk\u00f3ry<\/strong> jest jednak przydatnym przewodnikiem przy wyborze idealnego koloru ramy. Je\u015bli jeste\u015b typem zimowym, postaw na czer\u0144, szaro\u015b\u0107, b\u0142\u0119kit lub biel. Je\u015bli Tw\u00f3j kolor nale\u017cy do grupy typ\u00f3w wiosennych, zdecydowanie wygraj\u0105 ja\u015bniejsze oprawki. Br\u0105z, br\u0105z i z\u0142oto s\u0105 tego wyra\u017anym dowodem.<\/p>\n\n\n\n<p>Nie nale\u017cy zapomina\u0107 o typach letnich, gdzie wygrywaj\u0105 odwa\u017cne kolory. Co by\u015b powiedzia\u0142a na fiolet, czerwie\u0144, srebrn\u0105 szaro\u015b\u0107 lub po\u0142\u0105czenie niebieskiego i szarego? A jaki styl okular\u00f3w powinny wybra\u0107 kobiety o bardziej jesiennych odcieniach sk\u00f3ry? Nie ma co tutaj d\u0142ugo dyskutowa\u0107. Warto obra\u0107 \u015bcie\u017ck\u0119 kolor\u00f3w ziemi. Nale\u017c\u0105 do nich m.in. <em>ciemno\u015b\u0107<\/em> <em>zielony, pomara\u0144czowy, br\u0105zowy, ale tak\u017ce g\u0142\u0119boka wanilia<\/em>. Je\u015bli zastosujesz si\u0119 do powy\u017cszych rad, mo\u017cesz znacznie wp\u0142yn\u0105\u0107 na sw\u00f3j str\u00f3j za pomoc\u0105 okular\u00f3w.<\/p>","protected":false},"excerpt":{"rendered":"<p>Styl okular\u00f3w mo\u017cna wybra\u0107 na podstawie r\u00f3\u017cnych czynnik\u00f3w. Jest to bardzo podobne do wyboru zegark\u00f3w na podstawie, powiedzmy, wydarzenia towarzyskiego. W przypadku okular\u00f3w jest nieco inaczej, poniewa\u017c powinny one r\u00f3wnie\u017c pasowa\u0107 do twarzy. Ka\u017cdy ma nieco inny kszta\u0142t i r\u00f3\u017cne okulary do niego pasuj\u0105. Tylko wtedy ... <\/p>","protected":false},"author":2,"featured_media":1225,"comment_status":"closed","ping_status":"closed","sticky":false,"template":"","format":"standard","meta":{"footnotes":""},"categories":[671],"tags":[740,1068,1437,979,1436,1433,981,1438,1431,1434,993,1435],"class_list":["post-1224","post","type-post","status-publish","format-standard","has-post-thumbnail","hentry","category-moda","tag-barva","tag-bryle","tag-kulaty","tag-oblicej","tag-obroucek","tag-obroucky","tag-ovalny","tag-srdce","tag-styl-bryli","tag-tvar","tag-tvar-obliceje","tag-zabarveni"],"yoast_head":"<!-- This site is optimized with the Yoast SEO plugin v27.4 - https:\/\/yoast.com\/product\/yoast-seo-wordpress\/ -->\n<title>Styl br\u00fdl\u00ed mus\u00ed ladit s Va\u0161\u00edm obli\u010dejem - REGBU.COM<\/title>\n<meta name=\"description\" content=\"Styl br\u00fdl\u00ed je nekone\u010dnou z\u00e1le\u017eitost\u00ed. Zjist\u011bte, jak\u00e9 obrou\u010dky V\u00e1m padnou jako ulit\u00e9 pr\u00e1v\u011b na z\u00e1klad\u011b tvaru obli\u010deje.\" \/>\n<meta name=\"robots\" content=\"index, follow, max-snippet:-1, max-image-preview:large, max-video-preview:-1\" \/>\n<link rel=\"canonical\" href=\"https:\/\/regbu.com\/pl\/styl-bryli-musi-pasowac-do-twojej-twarzy\/\" \/>\n<meta property=\"og:locale\" content=\"pl_PL\" \/>\n<meta property=\"og:type\" content=\"article\" \/>\n<meta property=\"og:title\" content=\"Styl br\u00fdl\u00ed mus\u00ed ladit s Va\u0161\u00edm obli\u010dejem - REGBU.COM\" \/>\n<meta property=\"og:description\" content=\"Styl br\u00fdl\u00ed je nekone\u010dnou z\u00e1le\u017eitost\u00ed. Zjist\u011bte, jak\u00e9 obrou\u010dky V\u00e1m padnou jako ulit\u00e9 pr\u00e1v\u011b na z\u00e1klad\u011b tvaru obli\u010deje.\" \/>\n<meta property=\"og:url\" content=\"https:\/\/regbu.com\/pl\/styl-bryli-musi-pasowac-do-twojej-twarzy\/\" \/>\n<meta property=\"og:site_name\" content=\"REGBU.COM\" \/>\n<meta property=\"article:published_time\" content=\"2023-07-23T14:02:57+00:00\" \/>\n<meta property=\"article:modified_time\" content=\"2025-09-05T05:40:47+00:00\" \/>\n<meta property=\"og:image\" content=\"https:\/\/regbu.com\/wp-content\/uploads\/2023\/07\/styl-bryly-musi-ladit-s-vasim-oblicejem.jpg\" \/>\n\t<meta property=\"og:image:width\" content=\"1200\" \/>\n\t<meta property=\"og:image:height\" content=\"679\" \/>\n\t<meta property=\"og:image:type\" content=\"image\/jpeg\" \/>\n<meta name=\"author\" content=\"George Martin\" \/>\n<meta name=\"twitter:card\" content=\"summary_large_image\" \/>\n<meta name=\"twitter:label1\" content=\"Napisane przez\" \/>\n\t<meta name=\"twitter:data1\" content=\"George Martin\" \/>\n\t<meta name=\"twitter:label2\" content=\"Szacowany czas czytania\" \/>\n\t<meta name=\"twitter:data2\" content=\"2 minuty\" \/>\n<script type=\"application\/ld+json\" class=\"yoast-schema-graph\">{\"@context\":\"https:\\\/\\\/schema.org\",\"@graph\":[{\"@type\":\"Article\",\"@id\":\"https:\\\/\\\/regbu.com\\\/pl\\\/styl-bryli-musi-pasowac-do-twojej-twarzy\\\/#article\",\"isPartOf\":{\"@id\":\"https:\\\/\\\/regbu.com\\\/pl\\\/styl-bryli-musi-pasowac-do-twojej-twarzy\\\/\"},\"author\":{\"name\":\"George Martin\",\"@id\":\"https:\\\/\\\/regbu.com\\\/en\\\/#\\\/schema\\\/person\\\/94ea9deda2629771b8a9ced002f6784e\"},\"headline\":\"Styl br\u00fdl\u00ed mus\u00ed ladit s Va\u0161\u00edm obli\u010dejem\",\"datePublished\":\"2023-07-23T14:02:57+00:00\",\"dateModified\":\"2025-09-05T05:40:47+00:00\",\"mainEntityOfPage\":{\"@id\":\"https:\\\/\\\/regbu.com\\\/pl\\\/styl-bryli-musi-pasowac-do-twojej-twarzy\\\/\"},\"wordCount\":455,\"image\":{\"@id\":\"https:\\\/\\\/regbu.com\\\/pl\\\/styl-bryli-musi-pasowac-do-twojej-twarzy\\\/#primaryimage\"},\"thumbnailUrl\":\"https:\\\/\\\/regbu.com\\\/wp-content\\\/uploads\\\/2023\\\/07\\\/styl-bryly-musi-ladit-s-vasim-oblicejem.jpg\",\"keywords\":[\"barva\",\"br\u00fdle\",\"kulat\u00fd\",\"obli\u010dej\",\"obrou\u010dek\",\"obrou\u010dky\",\"ov\u00e1ln\u00fd\",\"srdce\",\"styl br\u00fdl\u00ed\",\"tvar\",\"tvar obli\u010deje\",\"zabarven\u00ed\"],\"articleSection\":[\"M\u00f3da\"],\"inLanguage\":\"pl-PL\"},{\"@type\":\"WebPage\",\"@id\":\"https:\\\/\\\/regbu.com\\\/pl\\\/styl-bryli-musi-pasowac-do-twojej-twarzy\\\/\",\"url\":\"https:\\\/\\\/regbu.com\\\/pl\\\/styl-bryli-musi-pasowac-do-twojej-twarzy\\\/\",\"name\":\"Styl br\u00fdl\u00ed mus\u00ed ladit s Va\u0161\u00edm obli\u010dejem - REGBU.COM\",\"isPartOf\":{\"@id\":\"https:\\\/\\\/regbu.com\\\/en\\\/#website\"},\"primaryImageOfPage\":{\"@id\":\"https:\\\/\\\/regbu.com\\\/pl\\\/styl-bryli-musi-pasowac-do-twojej-twarzy\\\/#primaryimage\"},\"image\":{\"@id\":\"https:\\\/\\\/regbu.com\\\/pl\\\/styl-bryli-musi-pasowac-do-twojej-twarzy\\\/#primaryimage\"},\"thumbnailUrl\":\"https:\\\/\\\/regbu.com\\\/wp-content\\\/uploads\\\/2023\\\/07\\\/styl-bryly-musi-ladit-s-vasim-oblicejem.jpg\",\"datePublished\":\"2023-07-23T14:02:57+00:00\",\"dateModified\":\"2025-09-05T05:40:47+00:00\",\"author\":{\"@id\":\"https:\\\/\\\/regbu.com\\\/en\\\/#\\\/schema\\\/person\\\/94ea9deda2629771b8a9ced002f6784e\"},\"description\":\"Styl br\u00fdl\u00ed je nekone\u010dnou z\u00e1le\u017eitost\u00ed. Zjist\u011bte, jak\u00e9 obrou\u010dky V\u00e1m padnou jako ulit\u00e9 pr\u00e1v\u011b na z\u00e1klad\u011b tvaru obli\u010deje.\",\"breadcrumb\":{\"@id\":\"https:\\\/\\\/regbu.com\\\/pl\\\/styl-bryli-musi-pasowac-do-twojej-twarzy\\\/#breadcrumb\"},\"inLanguage\":\"pl-PL\",\"potentialAction\":[{\"@type\":\"ReadAction\",\"target\":[\"https:\\\/\\\/regbu.com\\\/pl\\\/styl-bryli-musi-pasowac-do-twojej-twarzy\\\/\"]}]},{\"@type\":\"ImageObject\",\"inLanguage\":\"pl-PL\",\"@id\":\"https:\\\/\\\/regbu.com\\\/pl\\\/styl-bryli-musi-pasowac-do-twojej-twarzy\\\/#primaryimage\",\"url\":\"https:\\\/\\\/regbu.com\\\/wp-content\\\/uploads\\\/2023\\\/07\\\/styl-bryly-musi-ladit-s-vasim-oblicejem.jpg\",\"contentUrl\":\"https:\\\/\\\/regbu.com\\\/wp-content\\\/uploads\\\/2023\\\/07\\\/styl-bryly-musi-ladit-s-vasim-oblicejem.jpg\",\"width\":1200,\"height\":679,\"caption\":\"Styl br\u00fdl\u00ed mus\u00ed ladit s Va\u0161\u00edm obli\u010dejem\"},{\"@type\":\"BreadcrumbList\",\"@id\":\"https:\\\/\\\/regbu.com\\\/pl\\\/styl-bryli-musi-pasowac-do-twojej-twarzy\\\/#breadcrumb\",\"itemListElement\":[{\"@type\":\"ListItem\",\"position\":1,\"name\":\"Home\",\"item\":\"https:\\\/\\\/regbu.com\\\/en\\\/\"},{\"@type\":\"ListItem\",\"position\":2,\"name\":\"Styl br\u00fdl\u00ed mus\u00ed ladit s Va\u0161\u00edm obli\u010dejem\"}]},{\"@type\":\"WebSite\",\"@id\":\"https:\\\/\\\/regbu.com\\\/en\\\/#website\",\"url\":\"https:\\\/\\\/regbu.com\\\/en\\\/\",\"name\":\"REGBU.COM\",\"description\":\"\",\"potentialAction\":[{\"@type\":\"SearchAction\",\"target\":{\"@type\":\"EntryPoint\",\"urlTemplate\":\"https:\\\/\\\/regbu.com\\\/en\\\/?s={search_term_string}\"},\"query-input\":{\"@type\":\"PropertyValueSpecification\",\"valueRequired\":true,\"valueName\":\"search_term_string\"}}],\"inLanguage\":\"pl-PL\"},{\"@type\":\"Person\",\"@id\":\"https:\\\/\\\/regbu.com\\\/en\\\/#\\\/schema\\\/person\\\/94ea9deda2629771b8a9ced002f6784e\",\"name\":\"George Martin\",\"url\":\"https:\\\/\\\/regbu.com\\\/pl\\\/author\\\/george-martin\\\/\"}]}<\/script>\n<!-- \/ Yoast SEO plugin. -->","yoast_head_json":{"title":"Styl okular\u00f3w musi pasowa\u0107 do twarzy - REGBU.COM","description":"Styl okular\u00f3w to nieko\u0144cz\u0105ca si\u0119 kwestia. Dowiedz si\u0119, kt\u00f3re oprawki pasuj\u0105 do Ciebie jak ula\u0142 na podstawie kszta\u0142tu Twojej twarzy.","robots":{"index":"index","follow":"follow","max-snippet":"max-snippet:-1","max-image-preview":"max-image-preview:large","max-video-preview":"max-video-preview:-1"},"canonical":"https:\/\/regbu.com\/pl\/styl-bryli-musi-pasowac-do-twojej-twarzy\/","og_locale":"pl_PL","og_type":"article","og_title":"Styl br\u00fdl\u00ed mus\u00ed ladit s Va\u0161\u00edm obli\u010dejem - REGBU.COM","og_description":"Styl br\u00fdl\u00ed je nekone\u010dnou z\u00e1le\u017eitost\u00ed. Zjist\u011bte, jak\u00e9 obrou\u010dky V\u00e1m padnou jako ulit\u00e9 pr\u00e1v\u011b na z\u00e1klad\u011b tvaru obli\u010deje.","og_url":"https:\/\/regbu.com\/pl\/styl-bryli-musi-pasowac-do-twojej-twarzy\/","og_site_name":"REGBU.COM","article_published_time":"2023-07-23T14:02:57+00:00","article_modified_time":"2025-09-05T05:40:47+00:00","og_image":[{"width":1200,"height":679,"url":"https:\/\/regbu.com\/wp-content\/uploads\/2023\/07\/styl-bryly-musi-ladit-s-vasim-oblicejem.jpg","type":"image\/jpeg"}],"author":"George Martin","twitter_card":"summary_large_image","twitter_misc":{"Napisane przez":"George Martin","Szacowany czas czytania":"2 minuty"},"schema":{"@context":"https:\/\/schema.org","@graph":[{"@type":"Article","@id":"https:\/\/regbu.com\/pl\/styl-bryli-musi-pasowac-do-twojej-twarzy\/#article","isPartOf":{"@id":"https:\/\/regbu.com\/pl\/styl-bryli-musi-pasowac-do-twojej-twarzy\/"},"author":{"name":"George Martin","@id":"https:\/\/regbu.com\/en\/#\/schema\/person\/94ea9deda2629771b8a9ced002f6784e"},"headline":"Styl br\u00fdl\u00ed mus\u00ed ladit s Va\u0161\u00edm obli\u010dejem","datePublished":"2023-07-23T14:02:57+00:00","dateModified":"2025-09-05T05:40:47+00:00","mainEntityOfPage":{"@id":"https:\/\/regbu.com\/pl\/styl-bryli-musi-pasowac-do-twojej-twarzy\/"},"wordCount":455,"image":{"@id":"https:\/\/regbu.com\/pl\/styl-bryli-musi-pasowac-do-twojej-twarzy\/#primaryimage"},"thumbnailUrl":"https:\/\/regbu.com\/wp-content\/uploads\/2023\/07\/styl-bryly-musi-ladit-s-vasim-oblicejem.jpg","keywords":["barva","br\u00fdle","kulat\u00fd","obli\u010dej","obrou\u010dek","obrou\u010dky","ov\u00e1ln\u00fd","srdce","styl br\u00fdl\u00ed","tvar","tvar obli\u010deje","zabarven\u00ed"],"articleSection":["M\u00f3da"],"inLanguage":"pl-PL"},{"@type":"WebPage","@id":"https:\/\/regbu.com\/pl\/styl-bryli-musi-pasowac-do-twojej-twarzy\/","url":"https:\/\/regbu.com\/pl\/styl-bryli-musi-pasowac-do-twojej-twarzy\/","name":"Styl okular\u00f3w musi pasowa\u0107 do twarzy - REGBU.COM","isPartOf":{"@id":"https:\/\/regbu.com\/en\/#website"},"primaryImageOfPage":{"@id":"https:\/\/regbu.com\/pl\/styl-bryli-musi-pasowac-do-twojej-twarzy\/#primaryimage"},"image":{"@id":"https:\/\/regbu.com\/pl\/styl-bryli-musi-pasowac-do-twojej-twarzy\/#primaryimage"},"thumbnailUrl":"https:\/\/regbu.com\/wp-content\/uploads\/2023\/07\/styl-bryly-musi-ladit-s-vasim-oblicejem.jpg","datePublished":"2023-07-23T14:02:57+00:00","dateModified":"2025-09-05T05:40:47+00:00","author":{"@id":"https:\/\/regbu.com\/en\/#\/schema\/person\/94ea9deda2629771b8a9ced002f6784e"},"description":"Styl okular\u00f3w to nieko\u0144cz\u0105ca si\u0119 kwestia. Dowiedz si\u0119, kt\u00f3re oprawki pasuj\u0105 do Ciebie jak ula\u0142 na podstawie kszta\u0142tu Twojej twarzy.","breadcrumb":{"@id":"https:\/\/regbu.com\/pl\/styl-bryli-musi-pasowac-do-twojej-twarzy\/#breadcrumb"},"inLanguage":"pl-PL","potentialAction":[{"@type":"ReadAction","target":["https:\/\/regbu.com\/pl\/styl-bryli-musi-pasowac-do-twojej-twarzy\/"]}]},{"@type":"ImageObject","inLanguage":"pl-PL","@id":"https:\/\/regbu.com\/pl\/styl-bryli-musi-pasowac-do-twojej-twarzy\/#primaryimage","url":"https:\/\/regbu.com\/wp-content\/uploads\/2023\/07\/styl-bryly-musi-ladit-s-vasim-oblicejem.jpg","contentUrl":"https:\/\/regbu.com\/wp-content\/uploads\/2023\/07\/styl-bryly-musi-ladit-s-vasim-oblicejem.jpg","width":1200,"height":679,"caption":"Styl br\u00fdl\u00ed mus\u00ed ladit s Va\u0161\u00edm obli\u010dejem"},{"@type":"BreadcrumbList","@id":"https:\/\/regbu.com\/pl\/styl-bryli-musi-pasowac-do-twojej-twarzy\/#breadcrumb","itemListElement":[{"@type":"ListItem","position":1,"name":"Home","item":"https:\/\/regbu.com\/en\/"},{"@type":"ListItem","position":2,"name":"Styl br\u00fdl\u00ed mus\u00ed ladit s Va\u0161\u00edm obli\u010dejem"}]},{"@type":"WebSite","@id":"https:\/\/regbu.com\/en\/#website","url":"https:\/\/regbu.com\/en\/","name":"REGBU.COM","description":"","potentialAction":[{"@type":"SearchAction","target":{"@type":"EntryPoint","urlTemplate":"https:\/\/regbu.com\/en\/?s={search_term_string}"},"query-input":{"@type":"PropertyValueSpecification","valueRequired":true,"valueName":"search_term_string"}}],"inLanguage":"pl-PL"},{"@type":"Person","@id":"https:\/\/regbu.com\/en\/#\/schema\/person\/94ea9deda2629771b8a9ced002f6784e","name":"George Martin","url":"https:\/\/regbu.com\/pl\/author\/george-martin\/"}]}},"_links":{"self":[{"href":"https:\/\/regbu.com\/pl\/wp-json\/wp\/v2\/posts\/1224","targetHints":{"allow":["GET"]}}],"collection":[{"href":"https:\/\/regbu.com\/pl\/wp-json\/wp\/v2\/posts"}],"about":[{"href":"https:\/\/regbu.com\/pl\/wp-json\/wp\/v2\/types\/post"}],"author":[{"embeddable":true,"href":"https:\/\/regbu.com\/pl\/wp-json\/wp\/v2\/users\/2"}],"replies":[{"embeddable":true,"href":"https:\/\/regbu.com\/pl\/wp-json\/wp\/v2\/comments?post=1224"}],"version-history":[{"count":2,"href":"https:\/\/regbu.com\/pl\/wp-json\/wp\/v2\/posts\/1224\/revisions"}],"predecessor-version":[{"id":1233,"href":"https:\/\/regbu.com\/pl\/wp-json\/wp\/v2\/posts\/1224\/revisions\/1233"}],"wp:featuredmedia":[{"embeddable":true,"href":"https:\/\/regbu.com\/pl\/wp-json\/wp\/v2\/media\/1225"}],"wp:attachment":[{"href":"https:\/\/regbu.com\/pl\/wp-json\/wp\/v2\/media?parent=1224"}],"wp:term":[{"taxonomy":"category","embeddable":true,"href":"https:\/\/regbu.com\/pl\/wp-json\/wp\/v2\/categories?post=1224"},{"taxonomy":"post_tag","embeddable":true,"href":"https:\/\/regbu.com\/pl\/wp-json\/wp\/v2\/tags?post=1224"}],"curies":[{"name":"wp","href":"https:\/\/api.w.org\/{rel}","templated":true}]}}