{"id":1221,"date":"2023-07-23T15:59:52","date_gmt":"2023-07-23T13:59:52","guid":{"rendered":"https:\/\/regbu.com\/?p=1221"},"modified":"2025-09-05T07:40:49","modified_gmt":"2025-09-05T05:40:49","slug":"pansky-opasek-musi-byt-spravne-dlouhy","status":"publish","type":"post","link":"https:\/\/regbu.com\/pl\/meski-pas-musi-byc-odpowiedniej-dlugosci\/","title":{"rendered":"Pasek m\u0119ski musi mie\u0107 odpowiedni\u0105 d\u0142ugo\u015b\u0107"},"content":{"rendered":"<p>Pasek m\u0119ski to popularny element m\u0119skich spodni, a tak\u017ce np. <strong><a href=\"https:\/\/regbu.com\/pl\/bluzy-damskie-ktore-mozna-nosic-na-wiele-sposobow\/\">szaliki damskie<\/a><\/strong> do letnich sukienek. Niekt\u00f3rym mo\u017ce si\u0119 wydawa\u0107, \u017ce wyb\u00f3r paska nie jest zbyt istotny, ale jest wr\u0119cz przeciwnie. Jest to podw\u00f3jnie prawdziwe w przypadku stroj\u00f3w formalnych, w kt\u00f3rych ten element jest wyra\u017anie widoczny.<\/p>\n\n\n\n<ul class=\"wp-block-list\">\n<li>Praktyczne zastosowanie<\/li>\n\n\n\n<li>Zastosowanie estetyczne<\/li>\n<\/ul>\n\n\n\n<p>Wybieraj\u0105c pasek m\u0119ski nale\u017cy wzi\u0105\u0107 pod uwag\u0119 kilka istotnych parametr\u00f3w. Z pewno\u015bci\u0105 b\u0119dzie to wyb\u00f3r materia\u0142u wykonania paska. Jego kolejnym istotnym elementem jest <strong>klamra<\/strong>. Wreszcie, nie zapomnij o odpowiedniej d\u0142ugo\u015bci.<\/p>\n\n\n\n<h2 class=\"wp-block-heading\">Przetwarzanie materia\u0142\u00f3w w zale\u017cno\u015bci od okazji<\/h2>\n\n\n\n<p>Prawdopodobnie \u017cadnemu z naszych czytelnik\u00f3w nie musimy t\u0142umaczy\u0107 jednej kluczowej rzeczy. Im bardziej formalne wydarzenie, tym bardziej formalny wyb\u00f3r paska. A co za tym idzie, zastosowany materia\u0142. Pasek d\u017centelmena na bardziej formalne spotkanie powinien by\u0107 <strong>wykonany ze sztucznej sk\u00f3ry<\/strong>. To bezpieczny wyb\u00f3r. Przeciwie\u0144stwem tego s\u0105 mniej formalne spotkania, gdzie mo\u017cna postawi\u0107 na swobodny str\u00f3j. Wtedy w\u0142a\u015bnie sprawdzaj\u0105 si\u0119 paski zamszowe, a nawet materia\u0142owe.<\/p>\n\n\n\n<h3 class=\"wp-block-heading\">Pas m\u0119ski - pytania i odpowiedzi<\/h3>\n\n\n\n<p>Jednak wyb\u00f3r nowego paska m\u0119skiego nie ko\u0144czy si\u0119 na powy\u017cszych informacjach, ale zaczyna. Nale\u017cy zaopatrzy\u0107 si\u0119 w <em>kilka r\u00f3\u017cnych postaci<\/em> <em>pasy<\/em> w zale\u017cno\u015bci od tego, w jakich kr\u0119gach spo\u0142ecznych si\u0119 obracasz. Poni\u017csze linie mog\u0105 ci w tym pom\u00f3c.<\/p>\n\n\n\n<div class=\"schema-faq wp-block-yoast-faq-block\"><div class=\"schema-faq-section\" id=\"faq-question-1690207207819\"><strong class=\"schema-faq-question\">Jaki kolor paska powinienem wybra\u0107?<\/strong> <p class=\"schema-faq-answer\">Kolor paska m\u0119skiego powinien pasowa\u0107 do innych sk\u00f3rzanych akcesori\u00f3w w stroju. Typowym przyk\u0142adem jest podobny kolor but\u00f3w wizytowych.<\/p> <\/div> <div class=\"schema-faq-section\" id=\"faq-question-1690207213888\"><strong class=\"schema-faq-question\">A co z kolorem klamry paska?<\/strong> <p class=\"schema-faq-answer\">Zwr\u00f3\u0107 uwag\u0119 na jedn\u0105 rzecz w przypadku klamry. Jej kolor powinien by\u0107 identyczny z innymi akcesoriami w postaci metalowych pask\u00f3w do zegark\u00f3w, \u0142a\u0144cuszk\u00f3w i opasek.<\/p> <\/div> <div class=\"schema-faq-section\" id=\"faq-question-1690207221535\"><strong class=\"schema-faq-question\">Jak wybi\u0107 oryginalny pasek?<\/strong> <p class=\"schema-faq-answer\">Po\u0142\u0105cz jej niezwyk\u0142y kolor z monochromatyczn\u0105 koszul\u0105 i prostymi spodniami.<\/p> <\/div> <div class=\"schema-faq-section\" id=\"faq-question-1690207229724\"><strong class=\"schema-faq-question\">Jaka powinna by\u0107 d\u0142ugo\u015b\u0107 paska?<\/strong> <p class=\"schema-faq-answer\">W sam raz. W\u0142a\u015bciwe warto\u015bci mo\u017cna uzyska\u0107, mierz\u0105c obw\u00f3d talii. Pasek jest zwykle nieco d\u0142u\u017cszy ni\u017c obw\u00f3d, aby mo\u017cna go by\u0142o wsun\u0105\u0107 w ucho spodni. Uwa\u017caj na zbyt d\u0142ugi pasek, kt\u00f3ry mo\u017ce spada\u0107.<\/p> <\/div> <div class=\"schema-faq-section\" id=\"faq-question-1690207236250\"><strong class=\"schema-faq-question\">Na co uwa\u017ca\u0107 podczas noszenia paska?<\/strong> <p class=\"schema-faq-answer\">Nie nale\u017cy lekcewa\u017cy\u0107 jego napinania. Zbyt mocne napinanie podkre\u015bla wi\u0119kszy brzuch.<\/p> <\/div> <\/div>","protected":false},"excerpt":{"rendered":"<p>Pasek m\u0119ski to po\u017c\u0105dany element m\u0119skich spodni, podobnie jak damskie apaszki do letnich sukienek. Niekt\u00f3rym mo\u017ce si\u0119 wydawa\u0107, \u017ce wyb\u00f3r paska nie jest zbyt istotny, ale jest wr\u0119cz przeciwnie. Jest to podw\u00f3jnie prawdziwe w przypadku stroju formalnego, w kt\u00f3rym ten element jest wyra\u017anie widoczny. Wybieraj\u0105c pasek m\u0119ski, nale\u017cy wzi\u0105\u0107 pod uwag\u0119 kilka wa\u017cnych ... <\/p>","protected":false},"author":2,"featured_media":1222,"comment_status":"closed","ping_status":"closed","sticky":false,"template":"","format":"standard","meta":{"footnotes":""},"categories":[671],"tags":[740,1428,697,1430,1429,1411,1426,1425,1409,1427],"class_list":["post-1221","post","type-post","status-publish","format-standard","has-post-thumbnail","hentry","category-moda","tag-barva","tag-barva-opasku","tag-casual","tag-delka","tag-delka-opasku","tag-kuze","tag-opasek","tag-pansky-opasek","tag-pasek","tag-spona"],"yoast_head":"<!-- This site is optimized with the Yoast SEO plugin v27.4 - https:\/\/yoast.com\/product\/yoast-seo-wordpress\/ -->\n<title>P\u00e1nsk\u00fd opasek mus\u00ed b\u00fdt spr\u00e1vn\u011b dlouh\u00fd - REGBU.COM<\/title>\n<meta name=\"description\" content=\"Vsa\u010fte na ten spr\u00e1vn\u00fd p\u00e1nsk\u00fd opasek vhodn\u00fd pro konkr\u00e9tn\u00ed spole\u010denskou ud\u00e1lost. Prozrad\u00edme V\u00e1m, jak ho vybrat.\" \/>\n<meta name=\"robots\" content=\"index, follow, max-snippet:-1, max-image-preview:large, max-video-preview:-1\" \/>\n<link rel=\"canonical\" href=\"https:\/\/regbu.com\/pl\/meski-pas-musi-byc-odpowiedniej-dlugosci\/\" \/>\n<meta property=\"og:locale\" content=\"pl_PL\" \/>\n<meta property=\"og:type\" content=\"article\" \/>\n<meta property=\"og:title\" content=\"P\u00e1nsk\u00fd opasek mus\u00ed b\u00fdt spr\u00e1vn\u011b dlouh\u00fd - REGBU.COM\" \/>\n<meta property=\"og:description\" content=\"Vsa\u010fte na ten spr\u00e1vn\u00fd p\u00e1nsk\u00fd opasek vhodn\u00fd pro konkr\u00e9tn\u00ed spole\u010denskou ud\u00e1lost. Prozrad\u00edme V\u00e1m, jak ho vybrat.\" \/>\n<meta property=\"og:url\" content=\"https:\/\/regbu.com\/pl\/meski-pas-musi-byc-odpowiedniej-dlugosci\/\" \/>\n<meta property=\"og:site_name\" content=\"REGBU.COM\" \/>\n<meta property=\"article:published_time\" content=\"2023-07-23T13:59:52+00:00\" \/>\n<meta property=\"article:modified_time\" content=\"2025-09-05T05:40:49+00:00\" \/>\n<meta property=\"og:image\" content=\"https:\/\/regbu.com\/wp-content\/uploads\/2023\/07\/pansky-opasek-musi-byt-spravne-dlouhy.jpg\" \/>\n\t<meta property=\"og:image:width\" content=\"1200\" \/>\n\t<meta property=\"og:image:height\" content=\"676\" \/>\n\t<meta property=\"og:image:type\" content=\"image\/jpeg\" \/>\n<meta name=\"author\" content=\"George Martin\" \/>\n<meta name=\"twitter:card\" content=\"summary_large_image\" \/>\n<meta name=\"twitter:label1\" content=\"Napisane przez\" \/>\n\t<meta name=\"twitter:data1\" content=\"George Martin\" \/>\n\t<meta name=\"twitter:label2\" content=\"Szacowany czas czytania\" \/>\n\t<meta name=\"twitter:data2\" content=\"2 minuty\" \/>\n<script type=\"application\/ld+json\" class=\"yoast-schema-graph\">{\"@context\":\"https:\\\/\\\/schema.org\",\"@graph\":[{\"@type\":\"Article\",\"@id\":\"https:\\\/\\\/regbu.com\\\/pl\\\/meski-pas-musi-byc-odpowiedniej-dlugosci\\\/#article\",\"isPartOf\":{\"@id\":\"https:\\\/\\\/regbu.com\\\/pl\\\/meski-pas-musi-byc-odpowiedniej-dlugosci\\\/\"},\"author\":{\"name\":\"George Martin\",\"@id\":\"https:\\\/\\\/regbu.com\\\/en\\\/#\\\/schema\\\/person\\\/94ea9deda2629771b8a9ced002f6784e\"},\"headline\":\"P\u00e1nsk\u00fd opasek mus\u00ed b\u00fdt spr\u00e1vn\u011b dlouh\u00fd\",\"datePublished\":\"2023-07-23T13:59:52+00:00\",\"dateModified\":\"2025-09-05T05:40:49+00:00\",\"mainEntityOfPage\":{\"@id\":\"https:\\\/\\\/regbu.com\\\/pl\\\/meski-pas-musi-byc-odpowiedniej-dlugosci\\\/\"},\"wordCount\":477,\"image\":{\"@id\":\"https:\\\/\\\/regbu.com\\\/pl\\\/meski-pas-musi-byc-odpowiedniej-dlugosci\\\/#primaryimage\"},\"thumbnailUrl\":\"https:\\\/\\\/regbu.com\\\/wp-content\\\/uploads\\\/2023\\\/07\\\/pansky-opasek-musi-byt-spravne-dlouhy.jpg\",\"keywords\":[\"barva\",\"barva opasku\",\"Casual\",\"d\u00e9lka\",\"d\u00e9lka opasku\",\"k\u016f\u017ee\",\"opasek\",\"p\u00e1nsk\u00fd opasek\",\"p\u00e1sek\",\"spona\"],\"articleSection\":[\"M\u00f3da\"],\"inLanguage\":\"pl-PL\"},{\"@type\":[\"WebPage\",\"FAQPage\"],\"@id\":\"https:\\\/\\\/regbu.com\\\/pl\\\/meski-pas-musi-byc-odpowiedniej-dlugosci\\\/\",\"url\":\"https:\\\/\\\/regbu.com\\\/pl\\\/meski-pas-musi-byc-odpowiedniej-dlugosci\\\/\",\"name\":\"P\u00e1nsk\u00fd opasek mus\u00ed b\u00fdt spr\u00e1vn\u011b dlouh\u00fd - REGBU.COM\",\"isPartOf\":{\"@id\":\"https:\\\/\\\/regbu.com\\\/en\\\/#website\"},\"primaryImageOfPage\":{\"@id\":\"https:\\\/\\\/regbu.com\\\/pl\\\/meski-pas-musi-byc-odpowiedniej-dlugosci\\\/#primaryimage\"},\"image\":{\"@id\":\"https:\\\/\\\/regbu.com\\\/pl\\\/meski-pas-musi-byc-odpowiedniej-dlugosci\\\/#primaryimage\"},\"thumbnailUrl\":\"https:\\\/\\\/regbu.com\\\/wp-content\\\/uploads\\\/2023\\\/07\\\/pansky-opasek-musi-byt-spravne-dlouhy.jpg\",\"datePublished\":\"2023-07-23T13:59:52+00:00\",\"dateModified\":\"2025-09-05T05:40:49+00:00\",\"author\":{\"@id\":\"https:\\\/\\\/regbu.com\\\/en\\\/#\\\/schema\\\/person\\\/94ea9deda2629771b8a9ced002f6784e\"},\"description\":\"Vsa\u010fte na ten spr\u00e1vn\u00fd p\u00e1nsk\u00fd opasek vhodn\u00fd pro konkr\u00e9tn\u00ed spole\u010denskou ud\u00e1lost. Prozrad\u00edme V\u00e1m, jak ho vybrat.\",\"breadcrumb\":{\"@id\":\"https:\\\/\\\/regbu.com\\\/pl\\\/meski-pas-musi-byc-odpowiedniej-dlugosci\\\/#breadcrumb\"},\"mainEntity\":[{\"@id\":\"https:\\\/\\\/regbu.com\\\/pl\\\/meski-pas-musi-byc-odpowiedniej-dlugosci\\\/#faq-question-1690207207819\"},{\"@id\":\"https:\\\/\\\/regbu.com\\\/pl\\\/meski-pas-musi-byc-odpowiedniej-dlugosci\\\/#faq-question-1690207213888\"},{\"@id\":\"https:\\\/\\\/regbu.com\\\/pl\\\/meski-pas-musi-byc-odpowiedniej-dlugosci\\\/#faq-question-1690207221535\"},{\"@id\":\"https:\\\/\\\/regbu.com\\\/pl\\\/meski-pas-musi-byc-odpowiedniej-dlugosci\\\/#faq-question-1690207229724\"},{\"@id\":\"https:\\\/\\\/regbu.com\\\/pl\\\/meski-pas-musi-byc-odpowiedniej-dlugosci\\\/#faq-question-1690207236250\"}],\"inLanguage\":\"pl-PL\",\"potentialAction\":[{\"@type\":\"ReadAction\",\"target\":[\"https:\\\/\\\/regbu.com\\\/pl\\\/meski-pas-musi-byc-odpowiedniej-dlugosci\\\/\"]}]},{\"@type\":\"ImageObject\",\"inLanguage\":\"pl-PL\",\"@id\":\"https:\\\/\\\/regbu.com\\\/pl\\\/meski-pas-musi-byc-odpowiedniej-dlugosci\\\/#primaryimage\",\"url\":\"https:\\\/\\\/regbu.com\\\/wp-content\\\/uploads\\\/2023\\\/07\\\/pansky-opasek-musi-byt-spravne-dlouhy.jpg\",\"contentUrl\":\"https:\\\/\\\/regbu.com\\\/wp-content\\\/uploads\\\/2023\\\/07\\\/pansky-opasek-musi-byt-spravne-dlouhy.jpg\",\"width\":1200,\"height\":676,\"caption\":\"P\u00e1nsk\u00fd opasek mus\u00ed b\u00fdt spr\u00e1vn\u011b dlouh\u00fd\"},{\"@type\":\"BreadcrumbList\",\"@id\":\"https:\\\/\\\/regbu.com\\\/pl\\\/meski-pas-musi-byc-odpowiedniej-dlugosci\\\/#breadcrumb\",\"itemListElement\":[{\"@type\":\"ListItem\",\"position\":1,\"name\":\"Home\",\"item\":\"https:\\\/\\\/regbu.com\\\/en\\\/\"},{\"@type\":\"ListItem\",\"position\":2,\"name\":\"P\u00e1nsk\u00fd opasek mus\u00ed b\u00fdt spr\u00e1vn\u011b dlouh\u00fd\"}]},{\"@type\":\"WebSite\",\"@id\":\"https:\\\/\\\/regbu.com\\\/en\\\/#website\",\"url\":\"https:\\\/\\\/regbu.com\\\/en\\\/\",\"name\":\"REGBU.COM\",\"description\":\"\",\"potentialAction\":[{\"@type\":\"SearchAction\",\"target\":{\"@type\":\"EntryPoint\",\"urlTemplate\":\"https:\\\/\\\/regbu.com\\\/en\\\/?s={search_term_string}\"},\"query-input\":{\"@type\":\"PropertyValueSpecification\",\"valueRequired\":true,\"valueName\":\"search_term_string\"}}],\"inLanguage\":\"pl-PL\"},{\"@type\":\"Person\",\"@id\":\"https:\\\/\\\/regbu.com\\\/en\\\/#\\\/schema\\\/person\\\/94ea9deda2629771b8a9ced002f6784e\",\"name\":\"George Martin\",\"url\":\"https:\\\/\\\/regbu.com\\\/pl\\\/author\\\/george-martin\\\/\"},{\"@type\":\"Question\",\"@id\":\"https:\\\/\\\/regbu.com\\\/pl\\\/meski-pas-musi-byc-odpowiedniej-dlugosci\\\/#faq-question-1690207207819\",\"position\":1,\"url\":\"https:\\\/\\\/regbu.com\\\/pl\\\/meski-pas-musi-byc-odpowiedniej-dlugosci\\\/#faq-question-1690207207819\",\"name\":\"Jakou zvolit barvu opasku?\",\"answerCount\":1,\"acceptedAnswer\":{\"@type\":\"Answer\",\"text\":\"Barevn\u00e9 proveden\u00ed p\u00e1nsk\u00e9ho opasku by m\u011blo korespondovat s ostatn\u00edmi ko\u017een\u00fdmi dopl\u0148ky Va\u0161eho o\u0161acen\u00ed. Typick\u00fdm p\u0159\u00edkladem je podobn\u00e1 barva spole\u010densk\u00fdch bot.\",\"inLanguage\":\"pl-PL\"},\"inLanguage\":\"pl-PL\"},{\"@type\":\"Question\",\"@id\":\"https:\\\/\\\/regbu.com\\\/pl\\\/meski-pas-musi-byc-odpowiedniej-dlugosci\\\/#faq-question-1690207213888\",\"position\":2,\"url\":\"https:\\\/\\\/regbu.com\\\/pl\\\/meski-pas-musi-byc-odpowiedniej-dlugosci\\\/#faq-question-1690207213888\",\"name\":\"Jak je to s barvou spony na opasku?\",\"answerCount\":1,\"acceptedAnswer\":{\"@type\":\"Answer\",\"text\":\"U spony si pohl\u00eddejte jedin\u00e9. Jej\u00ed barva byla b\u00fdt toto\u017en\u00e1 s ostatn\u00edmi dopl\u0148ky v podob\u011b kovov\u00e9ho \u0159em\u00ednku od hodinek, \u0159et\u00edzk\u016f a n\u00e1ramk\u016f na ruce.\",\"inLanguage\":\"pl-PL\"},\"inLanguage\":\"pl-PL\"},{\"@type\":\"Question\",\"@id\":\"https:\\\/\\\/regbu.com\\\/pl\\\/meski-pas-musi-byc-odpowiedniej-dlugosci\\\/#faq-question-1690207221535\",\"position\":3,\"url\":\"https:\\\/\\\/regbu.com\\\/pl\\\/meski-pas-musi-byc-odpowiedniej-dlugosci\\\/#faq-question-1690207221535\",\"name\":\"Jak vyp\u00edchnout origin\u00e1ln\u00ed p\u00e1sek?\",\"answerCount\":1,\"acceptedAnswer\":{\"@type\":\"Answer\",\"text\":\"Jeho nev\u0161edn\u00ed barvu zkombinujte s jednobarevnou ko\u0161il\u00ed a hladk\u00fdmi kalhotami.\",\"inLanguage\":\"pl-PL\"},\"inLanguage\":\"pl-PL\"},{\"@type\":\"Question\",\"@id\":\"https:\\\/\\\/regbu.com\\\/pl\\\/meski-pas-musi-byc-odpowiedniej-dlugosci\\\/#faq-question-1690207229724\",\"position\":4,\"url\":\"https:\\\/\\\/regbu.com\\\/pl\\\/meski-pas-musi-byc-odpowiedniej-dlugosci\\\/#faq-question-1690207229724\",\"name\":\"Jak\u00e1 m\u00e1 b\u00fdt d\u00e9lka opasku?\",\"answerCount\":1,\"acceptedAnswer\":{\"@type\":\"Answer\",\"text\":\"Tak akor\u00e1t. Ke spr\u00e1vn\u00fdm hodnot\u00e1m se dopracujete, kdy\u017e si zm\u011b\u0159\u00edte obvod pasu. Opasek b\u00fdv\u00e1 o n\u011bco del\u0161\u00ed, ne\u017e je obvod, abyste ho zasunuli do oka u kalhot. Pozor na p\u0159\u00edli\u0161 dlouh\u00fd opasek, kter\u00fd by mohl plandat.\",\"inLanguage\":\"pl-PL\"},\"inLanguage\":\"pl-PL\"},{\"@type\":\"Question\",\"@id\":\"https:\\\/\\\/regbu.com\\\/pl\\\/meski-pas-musi-byc-odpowiedniej-dlugosci\\\/#faq-question-1690207236250\",\"position\":5,\"url\":\"https:\\\/\\\/regbu.com\\\/pl\\\/meski-pas-musi-byc-odpowiedniej-dlugosci\\\/#faq-question-1690207236250\",\"name\":\"Co si pohl\u00eddat p\u0159i no\u0161en\u00ed opasku?\",\"answerCount\":1,\"acceptedAnswer\":{\"@type\":\"Answer\",\"text\":\"Nepodce\u0148ujte jeho uta\u017een\u00ed. P\u0159\u00edli\u0161n\u00e9 uta\u017een\u00ed toti\u017e zv\u00fdraz\u0148uje v\u011bt\u0161\u00ed b\u0159icho.\",\"inLanguage\":\"pl-PL\"},\"inLanguage\":\"pl-PL\"}]}<\/script>\n<!-- \/ Yoast SEO plugin. -->","yoast_head_json":{"title":"Pasek m\u0119ski musi mie\u0107 odpowiedni\u0105 d\u0142ugo\u015b\u0107 - REGBU.COM","description":"Postaw na odpowiedni pasek m\u0119ski pasuj\u0105cy do konkretnego wydarzenia towarzyskiego. Podpowiadamy, jak go wybra\u0107.","robots":{"index":"index","follow":"follow","max-snippet":"max-snippet:-1","max-image-preview":"max-image-preview:large","max-video-preview":"max-video-preview:-1"},"canonical":"https:\/\/regbu.com\/pl\/meski-pas-musi-byc-odpowiedniej-dlugosci\/","og_locale":"pl_PL","og_type":"article","og_title":"P\u00e1nsk\u00fd opasek mus\u00ed b\u00fdt spr\u00e1vn\u011b dlouh\u00fd - REGBU.COM","og_description":"Vsa\u010fte na ten spr\u00e1vn\u00fd p\u00e1nsk\u00fd opasek vhodn\u00fd pro konkr\u00e9tn\u00ed spole\u010denskou ud\u00e1lost. Prozrad\u00edme V\u00e1m, jak ho vybrat.","og_url":"https:\/\/regbu.com\/pl\/meski-pas-musi-byc-odpowiedniej-dlugosci\/","og_site_name":"REGBU.COM","article_published_time":"2023-07-23T13:59:52+00:00","article_modified_time":"2025-09-05T05:40:49+00:00","og_image":[{"width":1200,"height":676,"url":"https:\/\/regbu.com\/wp-content\/uploads\/2023\/07\/pansky-opasek-musi-byt-spravne-dlouhy.jpg","type":"image\/jpeg"}],"author":"George Martin","twitter_card":"summary_large_image","twitter_misc":{"Napisane przez":"George Martin","Szacowany czas czytania":"2 minuty"},"schema":{"@context":"https:\/\/schema.org","@graph":[{"@type":"Article","@id":"https:\/\/regbu.com\/pl\/meski-pas-musi-byc-odpowiedniej-dlugosci\/#article","isPartOf":{"@id":"https:\/\/regbu.com\/pl\/meski-pas-musi-byc-odpowiedniej-dlugosci\/"},"author":{"name":"George Martin","@id":"https:\/\/regbu.com\/en\/#\/schema\/person\/94ea9deda2629771b8a9ced002f6784e"},"headline":"P\u00e1nsk\u00fd opasek mus\u00ed b\u00fdt spr\u00e1vn\u011b dlouh\u00fd","datePublished":"2023-07-23T13:59:52+00:00","dateModified":"2025-09-05T05:40:49+00:00","mainEntityOfPage":{"@id":"https:\/\/regbu.com\/pl\/meski-pas-musi-byc-odpowiedniej-dlugosci\/"},"wordCount":477,"image":{"@id":"https:\/\/regbu.com\/pl\/meski-pas-musi-byc-odpowiedniej-dlugosci\/#primaryimage"},"thumbnailUrl":"https:\/\/regbu.com\/wp-content\/uploads\/2023\/07\/pansky-opasek-musi-byt-spravne-dlouhy.jpg","keywords":["barva","barva opasku","Casual","d\u00e9lka","d\u00e9lka opasku","k\u016f\u017ee","opasek","p\u00e1nsk\u00fd opasek","p\u00e1sek","spona"],"articleSection":["M\u00f3da"],"inLanguage":"pl-PL"},{"@type":["WebPage","FAQPage"],"@id":"https:\/\/regbu.com\/pl\/meski-pas-musi-byc-odpowiedniej-dlugosci\/","url":"https:\/\/regbu.com\/pl\/meski-pas-musi-byc-odpowiedniej-dlugosci\/","name":"Pasek m\u0119ski musi mie\u0107 odpowiedni\u0105 d\u0142ugo\u015b\u0107 - REGBU.COM","isPartOf":{"@id":"https:\/\/regbu.com\/en\/#website"},"primaryImageOfPage":{"@id":"https:\/\/regbu.com\/pl\/meski-pas-musi-byc-odpowiedniej-dlugosci\/#primaryimage"},"image":{"@id":"https:\/\/regbu.com\/pl\/meski-pas-musi-byc-odpowiedniej-dlugosci\/#primaryimage"},"thumbnailUrl":"https:\/\/regbu.com\/wp-content\/uploads\/2023\/07\/pansky-opasek-musi-byt-spravne-dlouhy.jpg","datePublished":"2023-07-23T13:59:52+00:00","dateModified":"2025-09-05T05:40:49+00:00","author":{"@id":"https:\/\/regbu.com\/en\/#\/schema\/person\/94ea9deda2629771b8a9ced002f6784e"},"description":"Postaw na odpowiedni pasek m\u0119ski pasuj\u0105cy do konkretnego wydarzenia towarzyskiego. Podpowiadamy, jak go wybra\u0107.","breadcrumb":{"@id":"https:\/\/regbu.com\/pl\/meski-pas-musi-byc-odpowiedniej-dlugosci\/#breadcrumb"},"mainEntity":[{"@id":"https:\/\/regbu.com\/pl\/meski-pas-musi-byc-odpowiedniej-dlugosci\/#faq-question-1690207207819"},{"@id":"https:\/\/regbu.com\/pl\/meski-pas-musi-byc-odpowiedniej-dlugosci\/#faq-question-1690207213888"},{"@id":"https:\/\/regbu.com\/pl\/meski-pas-musi-byc-odpowiedniej-dlugosci\/#faq-question-1690207221535"},{"@id":"https:\/\/regbu.com\/pl\/meski-pas-musi-byc-odpowiedniej-dlugosci\/#faq-question-1690207229724"},{"@id":"https:\/\/regbu.com\/pl\/meski-pas-musi-byc-odpowiedniej-dlugosci\/#faq-question-1690207236250"}],"inLanguage":"pl-PL","potentialAction":[{"@type":"ReadAction","target":["https:\/\/regbu.com\/pl\/meski-pas-musi-byc-odpowiedniej-dlugosci\/"]}]},{"@type":"ImageObject","inLanguage":"pl-PL","@id":"https:\/\/regbu.com\/pl\/meski-pas-musi-byc-odpowiedniej-dlugosci\/#primaryimage","url":"https:\/\/regbu.com\/wp-content\/uploads\/2023\/07\/pansky-opasek-musi-byt-spravne-dlouhy.jpg","contentUrl":"https:\/\/regbu.com\/wp-content\/uploads\/2023\/07\/pansky-opasek-musi-byt-spravne-dlouhy.jpg","width":1200,"height":676,"caption":"P\u00e1nsk\u00fd opasek mus\u00ed b\u00fdt spr\u00e1vn\u011b dlouh\u00fd"},{"@type":"BreadcrumbList","@id":"https:\/\/regbu.com\/pl\/meski-pas-musi-byc-odpowiedniej-dlugosci\/#breadcrumb","itemListElement":[{"@type":"ListItem","position":1,"name":"Home","item":"https:\/\/regbu.com\/en\/"},{"@type":"ListItem","position":2,"name":"P\u00e1nsk\u00fd opasek mus\u00ed b\u00fdt spr\u00e1vn\u011b dlouh\u00fd"}]},{"@type":"WebSite","@id":"https:\/\/regbu.com\/en\/#website","url":"https:\/\/regbu.com\/en\/","name":"REGBU.COM","description":"","potentialAction":[{"@type":"SearchAction","target":{"@type":"EntryPoint","urlTemplate":"https:\/\/regbu.com\/en\/?s={search_term_string}"},"query-input":{"@type":"PropertyValueSpecification","valueRequired":true,"valueName":"search_term_string"}}],"inLanguage":"pl-PL"},{"@type":"Person","@id":"https:\/\/regbu.com\/en\/#\/schema\/person\/94ea9deda2629771b8a9ced002f6784e","name":"George Martin","url":"https:\/\/regbu.com\/pl\/author\/george-martin\/"},{"@type":"Question","@id":"https:\/\/regbu.com\/pl\/meski-pas-musi-byc-odpowiedniej-dlugosci\/#faq-question-1690207207819","position":1,"url":"https:\/\/regbu.com\/pl\/meski-pas-musi-byc-odpowiedniej-dlugosci\/#faq-question-1690207207819","name":"Jaki kolor paska powinienem wybra\u0107?","answerCount":1,"acceptedAnswer":{"@type":"Answer","text":"Barevn\u00e9 proveden\u00ed p\u00e1nsk\u00e9ho opasku by m\u011blo korespondovat s ostatn\u00edmi ko\u017een\u00fdmi dopl\u0148ky Va\u0161eho o\u0161acen\u00ed. Typick\u00fdm p\u0159\u00edkladem je podobn\u00e1 barva spole\u010densk\u00fdch bot.","inLanguage":"pl-PL"},"inLanguage":"pl-PL"},{"@type":"Question","@id":"https:\/\/regbu.com\/pl\/meski-pas-musi-byc-odpowiedniej-dlugosci\/#faq-question-1690207213888","position":2,"url":"https:\/\/regbu.com\/pl\/meski-pas-musi-byc-odpowiedniej-dlugosci\/#faq-question-1690207213888","name":"A co z kolorem klamry paska?","answerCount":1,"acceptedAnswer":{"@type":"Answer","text":"U spony si pohl\u00eddejte jedin\u00e9. Jej\u00ed barva byla b\u00fdt toto\u017en\u00e1 s ostatn\u00edmi dopl\u0148ky v podob\u011b kovov\u00e9ho \u0159em\u00ednku od hodinek, \u0159et\u00edzk\u016f a n\u00e1ramk\u016f na ruce.","inLanguage":"pl-PL"},"inLanguage":"pl-PL"},{"@type":"Question","@id":"https:\/\/regbu.com\/pl\/meski-pas-musi-byc-odpowiedniej-dlugosci\/#faq-question-1690207221535","position":3,"url":"https:\/\/regbu.com\/pl\/meski-pas-musi-byc-odpowiedniej-dlugosci\/#faq-question-1690207221535","name":"Jak wybi\u0107 oryginalny pasek?","answerCount":1,"acceptedAnswer":{"@type":"Answer","text":"Jeho nev\u0161edn\u00ed barvu zkombinujte s jednobarevnou ko\u0161il\u00ed a hladk\u00fdmi kalhotami.","inLanguage":"pl-PL"},"inLanguage":"pl-PL"},{"@type":"Question","@id":"https:\/\/regbu.com\/pl\/meski-pas-musi-byc-odpowiedniej-dlugosci\/#faq-question-1690207229724","position":4,"url":"https:\/\/regbu.com\/pl\/meski-pas-musi-byc-odpowiedniej-dlugosci\/#faq-question-1690207229724","name":"Jaka powinna by\u0107 d\u0142ugo\u015b\u0107 paska?","answerCount":1,"acceptedAnswer":{"@type":"Answer","text":"Tak akor\u00e1t. Ke spr\u00e1vn\u00fdm hodnot\u00e1m se dopracujete, kdy\u017e si zm\u011b\u0159\u00edte obvod pasu. Opasek b\u00fdv\u00e1 o n\u011bco del\u0161\u00ed, ne\u017e je obvod, abyste ho zasunuli do oka u kalhot. Pozor na p\u0159\u00edli\u0161 dlouh\u00fd opasek, kter\u00fd by mohl plandat.","inLanguage":"pl-PL"},"inLanguage":"pl-PL"},{"@type":"Question","@id":"https:\/\/regbu.com\/pl\/meski-pas-musi-byc-odpowiedniej-dlugosci\/#faq-question-1690207236250","position":5,"url":"https:\/\/regbu.com\/pl\/meski-pas-musi-byc-odpowiedniej-dlugosci\/#faq-question-1690207236250","name":"Na co uwa\u017ca\u0107 podczas noszenia paska?","answerCount":1,"acceptedAnswer":{"@type":"Answer","text":"Nepodce\u0148ujte jeho uta\u017een\u00ed. P\u0159\u00edli\u0161n\u00e9 uta\u017een\u00ed toti\u017e zv\u00fdraz\u0148uje v\u011bt\u0161\u00ed b\u0159icho.","inLanguage":"pl-PL"},"inLanguage":"pl-PL"}]}},"_links":{"self":[{"href":"https:\/\/regbu.com\/pl\/wp-json\/wp\/v2\/posts\/1221","targetHints":{"allow":["GET"]}}],"collection":[{"href":"https:\/\/regbu.com\/pl\/wp-json\/wp\/v2\/posts"}],"about":[{"href":"https:\/\/regbu.com\/pl\/wp-json\/wp\/v2\/types\/post"}],"author":[{"embeddable":true,"href":"https:\/\/regbu.com\/pl\/wp-json\/wp\/v2\/users\/2"}],"replies":[{"embeddable":true,"href":"https:\/\/regbu.com\/pl\/wp-json\/wp\/v2\/comments?post=1221"}],"version-history":[{"count":2,"href":"https:\/\/regbu.com\/pl\/wp-json\/wp\/v2\/posts\/1221\/revisions"}],"predecessor-version":[{"id":1232,"href":"https:\/\/regbu.com\/pl\/wp-json\/wp\/v2\/posts\/1221\/revisions\/1232"}],"wp:featuredmedia":[{"embeddable":true,"href":"https:\/\/regbu.com\/pl\/wp-json\/wp\/v2\/media\/1222"}],"wp:attachment":[{"href":"https:\/\/regbu.com\/pl\/wp-json\/wp\/v2\/media?parent=1221"}],"wp:term":[{"taxonomy":"category","embeddable":true,"href":"https:\/\/regbu.com\/pl\/wp-json\/wp\/v2\/categories?post=1221"},{"taxonomy":"post_tag","embeddable":true,"href":"https:\/\/regbu.com\/pl\/wp-json\/wp\/v2\/tags?post=1221"}],"curies":[{"name":"wp","href":"https:\/\/api.w.org\/{rel}","templated":true}]}}