{"id":1144,"date":"2023-07-18T11:53:59","date_gmt":"2023-07-18T09:53:59","guid":{"rendered":"https:\/\/regbu.com\/?p=1144"},"modified":"2025-09-05T07:41:02","modified_gmt":"2025-09-05T05:41:02","slug":"vidensky-rizek-jako-symbol-rakouska","status":"publish","type":"post","link":"https:\/\/regbu.com\/pl\/vidensky-rizek-jako-symbol-austrii\/","title":{"rendered":"Sznycel wiede\u0144ski jako symbol Austrii"},"content":{"rendered":"<p>Sznycla wiede\u0144skiego prawdopodobnie nie trzeba d\u0142ugo przedstawia\u0107. Jest on bardzo dobrze znany w Austrii, jak np. <strong><a href=\"https:\/\/regbu.com\/pl\/koprova-omacka-how-do-you-not-know\/\">sos koperkowy<\/a> <\/strong>w Czechach. Jednak niewiele os\u00f3b wie, jak przygotowa\u0107 taki przysmak wed\u0142ug tradycyjnej, szczeg\u00f3\u0142owo opisanej receptury. A ten artyku\u0142 w\u0142a\u015bnie temu s\u0142u\u017cy.<\/p>\n\n\n\n<ul class=\"wp-block-list\">\n<li>Dowiesz si\u0119, z jakiego mi\u0119sa sk\u0142ada si\u0119 sznycel<\/li>\n\n\n\n<li>Znajdziesz tu niezb\u0119dne sk\u0142adniki<\/li>\n\n\n\n<li>Poinformujemy Ci\u0119 o procedurze przygotowania<\/li>\n<\/ul>\n\n\n\n<p>Ten rodzaj sznycla to czysto wiede\u0144ska sprawa. Koncepcja <em>Sznycel<\/em> jest ca\u0142kowicie jego w\u0142asna. Na pierwszy rzut oka proste danie, kt\u00f3re mo\u017ce nabra\u0107 niepowtarzalnego smaku i przydaje si\u0119 za ka\u017cdym razem, gdy chcesz rozkoszowa\u0107 si\u0119 kawa\u0142kiem panierowanego mi\u0119sa.<\/p>\n\n\n\n<h2 class=\"wp-block-heading\">Udziec ciel\u0119cy jako podstawa dania<\/h2>\n\n\n\n<p>Kiedy m\u00f3wisz Wiener Schnitzel, na pewno nie my\u015blisz o kurczaku. Absolutnie nie. To danie jest zdominowane przez udziec ciel\u0119cy. Co <strong>mi\u0119so lepszej jako\u015bci<\/strong> Im wi\u0119cej mi\u0119sa, tym lepsza jako\u015b\u0107 przygotowywanych potraw. Opr\u00f3cz samego mi\u0119sa nale\u017cy oczywi\u015bcie przygotowa\u0107 inne sk\u0142adniki.<\/p>\n\n\n\n<figure class=\"wp-block-table\"><table><tbody><tr><td><strong>Surowiec<\/strong><\/td><td><strong>Ilo\u015b\u0107<\/strong><\/td><\/tr><tr><td>Udziec ciel\u0119cy<\/td><td>1 kg<\/td><\/tr><tr><td>Jaja<\/td><td>3 szt.<\/td><\/tr><tr><td>M\u0105ka<\/td><td>Do pakowania<\/td><\/tr><tr><td>Strouhanka<\/td><td>Do pakowania<\/td><\/tr><tr><td>Mas\u0142o<\/td><td>Reposted from<\/td><\/tr><tr><td>Citron<\/td><td>1 szt.<\/td><\/tr><\/tbody><\/table><figcaption class=\"wp-element-caption\">Co jest potrzebne do przygotowania tego dania?<\/figcaption><\/figure>\n\n\n\n<p>Oczywi\u015bcie podczas przygotowywania sznycla wiede\u0144skiego nie powinno zabrakn\u0105\u0107 przyprawy w postaci soli. Je\u015bli zdecydujesz si\u0119 zje\u015b\u0107 sznycel z dodatkiem, przygotuj na przyk\u0142ad ziemniaki z pietruszk\u0105.<\/p>\n\n\n\n<h3 class=\"wp-block-heading\">Sznycel wiede\u0144ski - procedura przygotowania<\/h3>\n\n\n\n<p>Najpierw zacznij przygotowywa\u0107 mi\u0119so. Pokr\u00f3j je na centymetrowe plastry. Je\u015bli przetniesz je na p\u00f3\u0142, uzyskasz kszta\u0142t przys\u0142owiowego motyla, kt\u00f3ry po zawini\u0119ciu b\u0119dzie wyr\u00f3\u017cnia\u0142 si\u0119 na talerzu. Najwa\u017cniejsze jest to, aby mi\u0119so <strong>posiekane na grubo\u015b\u0107 pi\u0119ciu milimetr\u00f3w i posolone<\/strong>. Nast\u0119pnie zawijamy klasycznie, jak zwykle. Ostatnia warstwa bu\u0142ki tartej w mi\u0119sie nie zacina si\u0119 zbyt mocno. Ekspert powiedzia\u0142by, \u017ce nawet panierowane mi\u0119so musi oddycha\u0107.<\/p>\n\n\n\n<p>Nast\u0119pnie rozpocznij sma\u017cenie. Ko\u0144cowy etap poznasz po z\u0142otym kolorze bu\u0142ki tartej. Sma\u017cy\u0107 mi\u0119so na ma\u0142ym ogniu, aby by\u0142o jednocze\u015bnie ugotowane i soczyste. Na talerzu skrop sznycel wiede\u0144ski kilkoma kroplami cytryny. Mo\u017cna podawa\u0107 ze wspomnianymi ziemniakami i natk\u0105 pietruszki. Smacznego.<\/p>","protected":false},"excerpt":{"rendered":"<p>Sznycla wiede\u0144skiego prawdopodobnie nie trzeba d\u0142ugo przedstawia\u0107. Jest bardzo dobrze znany w Austrii, podobnie jak sos koperkowy w Czechach. Jednak niewiele os\u00f3b wie, jak przygotowa\u0107 ten przysmak wed\u0142ug tradycyjnej, szczeg\u00f3\u0142owo opisanej receptury. I w\u0142a\u015bnie tym celom s\u0142u\u017cy niniejszy artyku\u0142. Ten rodzaj sznycla to czysto wiede\u0144ska sprawa. Termin sznycel pochodzi z ... <\/p>","protected":false},"author":2,"featured_media":1145,"comment_status":"closed","ping_status":"closed","sticky":false,"template":"","format":"standard","meta":{"footnotes":""},"categories":[12],"tags":[39,1290,25,1287,1291,50,52,1288,1289,1275,1286],"class_list":["post-1144","post","type-post","status-publish","format-standard","has-post-thumbnail","hentry","category-vareni","tag-brambory","tag-kyta","tag-maso","tag-mouka","tag-petrzel","tag-rizek","tag-strouhanka","tag-teleci","tag-teleci-kyta","tag-vejce","tag-vidensky-rizek"],"yoast_head":"<!-- This site is optimized with the Yoast SEO plugin v27.5 - https:\/\/yoast.com\/product\/yoast-seo-wordpress\/ -->\n<title>V\u00edde\u0148sk\u00fd \u0159\u00edzek jako symbol Rakouska - REGBU.COM<\/title>\n<meta name=\"description\" content=\"Nen\u00ed nic snaz\u0161\u00edho, ne\u017e si p\u0159ipravit lahodn\u00fd v\u00edde\u0148sk\u00fd \u0159\u00edzek. Prozrad\u00edme V\u00e1m, jak takov\u00fd porkm snadno a rychle vytvo\u0159it.\" \/>\n<meta name=\"robots\" content=\"index, follow, max-snippet:-1, max-image-preview:large, max-video-preview:-1\" \/>\n<link rel=\"canonical\" href=\"https:\/\/regbu.com\/pl\/vidensky-rizek-jako-symbol-austrii\/\" \/>\n<meta property=\"og:locale\" content=\"pl_PL\" \/>\n<meta property=\"og:type\" content=\"article\" \/>\n<meta property=\"og:title\" content=\"V\u00edde\u0148sk\u00fd \u0159\u00edzek jako symbol Rakouska - REGBU.COM\" \/>\n<meta property=\"og:description\" content=\"Nen\u00ed nic snaz\u0161\u00edho, ne\u017e si p\u0159ipravit lahodn\u00fd v\u00edde\u0148sk\u00fd \u0159\u00edzek. Prozrad\u00edme V\u00e1m, jak takov\u00fd porkm snadno a rychle vytvo\u0159it.\" \/>\n<meta property=\"og:url\" content=\"https:\/\/regbu.com\/pl\/vidensky-rizek-jako-symbol-austrii\/\" \/>\n<meta property=\"og:site_name\" content=\"REGBU.COM\" \/>\n<meta property=\"article:published_time\" content=\"2023-07-18T09:53:59+00:00\" \/>\n<meta property=\"article:modified_time\" content=\"2025-09-05T05:41:02+00:00\" \/>\n<meta property=\"og:image\" content=\"https:\/\/regbu.com\/wp-content\/uploads\/2023\/07\/vidensky-rizek-jako-symbol-rakouska.jpg\" \/>\n\t<meta property=\"og:image:width\" content=\"1200\" \/>\n\t<meta property=\"og:image:height\" content=\"676\" \/>\n\t<meta property=\"og:image:type\" content=\"image\/jpeg\" \/>\n<meta name=\"author\" content=\"George Martin\" \/>\n<meta name=\"twitter:card\" content=\"summary_large_image\" \/>\n<meta name=\"twitter:label1\" content=\"Napisane przez\" \/>\n\t<meta name=\"twitter:data1\" content=\"George Martin\" \/>\n\t<meta name=\"twitter:label2\" content=\"Szacowany czas czytania\" \/>\n\t<meta name=\"twitter:data2\" content=\"2 minuty\" \/>\n<script type=\"application\/ld+json\" class=\"yoast-schema-graph\">{\"@context\":\"https:\\\/\\\/schema.org\",\"@graph\":[{\"@type\":\"Article\",\"@id\":\"https:\\\/\\\/regbu.com\\\/pl\\\/vidensky-rizek-jako-symbol-austrii\\\/#article\",\"isPartOf\":{\"@id\":\"https:\\\/\\\/regbu.com\\\/pl\\\/vidensky-rizek-jako-symbol-austrii\\\/\"},\"author\":{\"name\":\"George Martin\",\"@id\":\"https:\\\/\\\/regbu.com\\\/en\\\/#\\\/schema\\\/person\\\/94ea9deda2629771b8a9ced002f6784e\"},\"headline\":\"V\u00edde\u0148sk\u00fd \u0159\u00edzek jako symbol Rakouska\",\"datePublished\":\"2023-07-18T09:53:59+00:00\",\"dateModified\":\"2025-09-05T05:41:02+00:00\",\"mainEntityOfPage\":{\"@id\":\"https:\\\/\\\/regbu.com\\\/pl\\\/vidensky-rizek-jako-symbol-austrii\\\/\"},\"wordCount\":450,\"image\":{\"@id\":\"https:\\\/\\\/regbu.com\\\/pl\\\/vidensky-rizek-jako-symbol-austrii\\\/#primaryimage\"},\"thumbnailUrl\":\"https:\\\/\\\/regbu.com\\\/wp-content\\\/uploads\\\/2023\\\/07\\\/vidensky-rizek-jako-symbol-rakouska.jpg\",\"keywords\":[\"brambory\",\"k\u00fdta\",\"maso\",\"mouka\",\"petr\u017eel\",\"\u0159\u00edzek\",\"strouhanka\",\"telec\u00ed\",\"telec\u00ed k\u00fdta\",\"vejce\",\"v\u00edde\u0148sk\u00fd \u0159\u00edzek\"],\"articleSection\":[\"Va\u0159en\u00ed\"],\"inLanguage\":\"pl-PL\"},{\"@type\":\"WebPage\",\"@id\":\"https:\\\/\\\/regbu.com\\\/pl\\\/vidensky-rizek-jako-symbol-austrii\\\/\",\"url\":\"https:\\\/\\\/regbu.com\\\/pl\\\/vidensky-rizek-jako-symbol-austrii\\\/\",\"name\":\"V\u00edde\u0148sk\u00fd \u0159\u00edzek jako symbol Rakouska - REGBU.COM\",\"isPartOf\":{\"@id\":\"https:\\\/\\\/regbu.com\\\/en\\\/#website\"},\"primaryImageOfPage\":{\"@id\":\"https:\\\/\\\/regbu.com\\\/pl\\\/vidensky-rizek-jako-symbol-austrii\\\/#primaryimage\"},\"image\":{\"@id\":\"https:\\\/\\\/regbu.com\\\/pl\\\/vidensky-rizek-jako-symbol-austrii\\\/#primaryimage\"},\"thumbnailUrl\":\"https:\\\/\\\/regbu.com\\\/wp-content\\\/uploads\\\/2023\\\/07\\\/vidensky-rizek-jako-symbol-rakouska.jpg\",\"datePublished\":\"2023-07-18T09:53:59+00:00\",\"dateModified\":\"2025-09-05T05:41:02+00:00\",\"author\":{\"@id\":\"https:\\\/\\\/regbu.com\\\/en\\\/#\\\/schema\\\/person\\\/94ea9deda2629771b8a9ced002f6784e\"},\"description\":\"Nen\u00ed nic snaz\u0161\u00edho, ne\u017e si p\u0159ipravit lahodn\u00fd v\u00edde\u0148sk\u00fd \u0159\u00edzek. Prozrad\u00edme V\u00e1m, jak takov\u00fd porkm snadno a rychle vytvo\u0159it.\",\"breadcrumb\":{\"@id\":\"https:\\\/\\\/regbu.com\\\/pl\\\/vidensky-rizek-jako-symbol-austrii\\\/#breadcrumb\"},\"inLanguage\":\"pl-PL\",\"potentialAction\":[{\"@type\":\"ReadAction\",\"target\":[\"https:\\\/\\\/regbu.com\\\/pl\\\/vidensky-rizek-jako-symbol-austrii\\\/\"]}]},{\"@type\":\"ImageObject\",\"inLanguage\":\"pl-PL\",\"@id\":\"https:\\\/\\\/regbu.com\\\/pl\\\/vidensky-rizek-jako-symbol-austrii\\\/#primaryimage\",\"url\":\"https:\\\/\\\/regbu.com\\\/wp-content\\\/uploads\\\/2023\\\/07\\\/vidensky-rizek-jako-symbol-rakouska.jpg\",\"contentUrl\":\"https:\\\/\\\/regbu.com\\\/wp-content\\\/uploads\\\/2023\\\/07\\\/vidensky-rizek-jako-symbol-rakouska.jpg\",\"width\":1200,\"height\":676,\"caption\":\"V\u00edde\u0148sk\u00fd \u0159\u00edzek jako symbol Rakouska\"},{\"@type\":\"BreadcrumbList\",\"@id\":\"https:\\\/\\\/regbu.com\\\/pl\\\/vidensky-rizek-jako-symbol-austrii\\\/#breadcrumb\",\"itemListElement\":[{\"@type\":\"ListItem\",\"position\":1,\"name\":\"Home\",\"item\":\"https:\\\/\\\/regbu.com\\\/en\\\/\"},{\"@type\":\"ListItem\",\"position\":2,\"name\":\"V\u00edde\u0148sk\u00fd \u0159\u00edzek jako symbol Rakouska\"}]},{\"@type\":\"WebSite\",\"@id\":\"https:\\\/\\\/regbu.com\\\/en\\\/#website\",\"url\":\"https:\\\/\\\/regbu.com\\\/en\\\/\",\"name\":\"REGBU.COM\",\"description\":\"\",\"potentialAction\":[{\"@type\":\"SearchAction\",\"target\":{\"@type\":\"EntryPoint\",\"urlTemplate\":\"https:\\\/\\\/regbu.com\\\/en\\\/?s={search_term_string}\"},\"query-input\":{\"@type\":\"PropertyValueSpecification\",\"valueRequired\":true,\"valueName\":\"search_term_string\"}}],\"inLanguage\":\"pl-PL\"},{\"@type\":\"Person\",\"@id\":\"https:\\\/\\\/regbu.com\\\/en\\\/#\\\/schema\\\/person\\\/94ea9deda2629771b8a9ced002f6784e\",\"name\":\"George Martin\",\"url\":\"https:\\\/\\\/regbu.com\\\/pl\\\/author\\\/george-martin\\\/\"}]}<\/script>\n<!-- \/ Yoast SEO plugin. -->","yoast_head_json":{"title":"Sznycel wiede\u0144ski jako symbol Austrii - REGBU.COM","description":"Nie ma nic prostszego ni\u017c przygotowanie pysznego Wiener Schnitzel. Poka\u017cemy Ci, jak szybko i \u0142atwo przygotowa\u0107 taki schabowy.","robots":{"index":"index","follow":"follow","max-snippet":"max-snippet:-1","max-image-preview":"max-image-preview:large","max-video-preview":"max-video-preview:-1"},"canonical":"https:\/\/regbu.com\/pl\/vidensky-rizek-jako-symbol-austrii\/","og_locale":"pl_PL","og_type":"article","og_title":"V\u00edde\u0148sk\u00fd \u0159\u00edzek jako symbol Rakouska - REGBU.COM","og_description":"Nen\u00ed nic snaz\u0161\u00edho, ne\u017e si p\u0159ipravit lahodn\u00fd v\u00edde\u0148sk\u00fd \u0159\u00edzek. Prozrad\u00edme V\u00e1m, jak takov\u00fd porkm snadno a rychle vytvo\u0159it.","og_url":"https:\/\/regbu.com\/pl\/vidensky-rizek-jako-symbol-austrii\/","og_site_name":"REGBU.COM","article_published_time":"2023-07-18T09:53:59+00:00","article_modified_time":"2025-09-05T05:41:02+00:00","og_image":[{"width":1200,"height":676,"url":"https:\/\/regbu.com\/wp-content\/uploads\/2023\/07\/vidensky-rizek-jako-symbol-rakouska.jpg","type":"image\/jpeg"}],"author":"George Martin","twitter_card":"summary_large_image","twitter_misc":{"Napisane przez":"George Martin","Szacowany czas czytania":"2 minuty"},"schema":{"@context":"https:\/\/schema.org","@graph":[{"@type":"Article","@id":"https:\/\/regbu.com\/pl\/vidensky-rizek-jako-symbol-austrii\/#article","isPartOf":{"@id":"https:\/\/regbu.com\/pl\/vidensky-rizek-jako-symbol-austrii\/"},"author":{"name":"George Martin","@id":"https:\/\/regbu.com\/en\/#\/schema\/person\/94ea9deda2629771b8a9ced002f6784e"},"headline":"V\u00edde\u0148sk\u00fd \u0159\u00edzek jako symbol Rakouska","datePublished":"2023-07-18T09:53:59+00:00","dateModified":"2025-09-05T05:41:02+00:00","mainEntityOfPage":{"@id":"https:\/\/regbu.com\/pl\/vidensky-rizek-jako-symbol-austrii\/"},"wordCount":450,"image":{"@id":"https:\/\/regbu.com\/pl\/vidensky-rizek-jako-symbol-austrii\/#primaryimage"},"thumbnailUrl":"https:\/\/regbu.com\/wp-content\/uploads\/2023\/07\/vidensky-rizek-jako-symbol-rakouska.jpg","keywords":["brambory","k\u00fdta","maso","mouka","petr\u017eel","\u0159\u00edzek","strouhanka","telec\u00ed","telec\u00ed k\u00fdta","vejce","v\u00edde\u0148sk\u00fd \u0159\u00edzek"],"articleSection":["Va\u0159en\u00ed"],"inLanguage":"pl-PL"},{"@type":"WebPage","@id":"https:\/\/regbu.com\/pl\/vidensky-rizek-jako-symbol-austrii\/","url":"https:\/\/regbu.com\/pl\/vidensky-rizek-jako-symbol-austrii\/","name":"Sznycel wiede\u0144ski jako symbol Austrii - REGBU.COM","isPartOf":{"@id":"https:\/\/regbu.com\/en\/#website"},"primaryImageOfPage":{"@id":"https:\/\/regbu.com\/pl\/vidensky-rizek-jako-symbol-austrii\/#primaryimage"},"image":{"@id":"https:\/\/regbu.com\/pl\/vidensky-rizek-jako-symbol-austrii\/#primaryimage"},"thumbnailUrl":"https:\/\/regbu.com\/wp-content\/uploads\/2023\/07\/vidensky-rizek-jako-symbol-rakouska.jpg","datePublished":"2023-07-18T09:53:59+00:00","dateModified":"2025-09-05T05:41:02+00:00","author":{"@id":"https:\/\/regbu.com\/en\/#\/schema\/person\/94ea9deda2629771b8a9ced002f6784e"},"description":"Nie ma nic prostszego ni\u017c przygotowanie pysznego Wiener Schnitzel. Poka\u017cemy Ci, jak szybko i \u0142atwo przygotowa\u0107 taki schabowy.","breadcrumb":{"@id":"https:\/\/regbu.com\/pl\/vidensky-rizek-jako-symbol-austrii\/#breadcrumb"},"inLanguage":"pl-PL","potentialAction":[{"@type":"ReadAction","target":["https:\/\/regbu.com\/pl\/vidensky-rizek-jako-symbol-austrii\/"]}]},{"@type":"ImageObject","inLanguage":"pl-PL","@id":"https:\/\/regbu.com\/pl\/vidensky-rizek-jako-symbol-austrii\/#primaryimage","url":"https:\/\/regbu.com\/wp-content\/uploads\/2023\/07\/vidensky-rizek-jako-symbol-rakouska.jpg","contentUrl":"https:\/\/regbu.com\/wp-content\/uploads\/2023\/07\/vidensky-rizek-jako-symbol-rakouska.jpg","width":1200,"height":676,"caption":"V\u00edde\u0148sk\u00fd \u0159\u00edzek jako symbol Rakouska"},{"@type":"BreadcrumbList","@id":"https:\/\/regbu.com\/pl\/vidensky-rizek-jako-symbol-austrii\/#breadcrumb","itemListElement":[{"@type":"ListItem","position":1,"name":"Home","item":"https:\/\/regbu.com\/en\/"},{"@type":"ListItem","position":2,"name":"V\u00edde\u0148sk\u00fd \u0159\u00edzek jako symbol Rakouska"}]},{"@type":"WebSite","@id":"https:\/\/regbu.com\/en\/#website","url":"https:\/\/regbu.com\/en\/","name":"REGBU.COM","description":"","potentialAction":[{"@type":"SearchAction","target":{"@type":"EntryPoint","urlTemplate":"https:\/\/regbu.com\/en\/?s={search_term_string}"},"query-input":{"@type":"PropertyValueSpecification","valueRequired":true,"valueName":"search_term_string"}}],"inLanguage":"pl-PL"},{"@type":"Person","@id":"https:\/\/regbu.com\/en\/#\/schema\/person\/94ea9deda2629771b8a9ced002f6784e","name":"George Martin","url":"https:\/\/regbu.com\/pl\/author\/george-martin\/"}]}},"_links":{"self":[{"href":"https:\/\/regbu.com\/pl\/wp-json\/wp\/v2\/posts\/1144","targetHints":{"allow":["GET"]}}],"collection":[{"href":"https:\/\/regbu.com\/pl\/wp-json\/wp\/v2\/posts"}],"about":[{"href":"https:\/\/regbu.com\/pl\/wp-json\/wp\/v2\/types\/post"}],"author":[{"embeddable":true,"href":"https:\/\/regbu.com\/pl\/wp-json\/wp\/v2\/users\/2"}],"replies":[{"embeddable":true,"href":"https:\/\/regbu.com\/pl\/wp-json\/wp\/v2\/comments?post=1144"}],"version-history":[{"count":2,"href":"https:\/\/regbu.com\/pl\/wp-json\/wp\/v2\/posts\/1144\/revisions"}],"predecessor-version":[{"id":1151,"href":"https:\/\/regbu.com\/pl\/wp-json\/wp\/v2\/posts\/1144\/revisions\/1151"}],"wp:featuredmedia":[{"embeddable":true,"href":"https:\/\/regbu.com\/pl\/wp-json\/wp\/v2\/media\/1145"}],"wp:attachment":[{"href":"https:\/\/regbu.com\/pl\/wp-json\/wp\/v2\/media?parent=1144"}],"wp:term":[{"taxonomy":"category","embeddable":true,"href":"https:\/\/regbu.com\/pl\/wp-json\/wp\/v2\/categories?post=1144"},{"taxonomy":"post_tag","embeddable":true,"href":"https:\/\/regbu.com\/pl\/wp-json\/wp\/v2\/tags?post=1144"}],"curies":[{"name":"wp","href":"https:\/\/api.w.org\/{rel}","templated":true}]}}