{"id":1013,"date":"2023-07-12T16:25:47","date_gmt":"2023-07-12T14:25:47","guid":{"rendered":"https:\/\/regbu.com\/?p=1013"},"modified":"2025-09-05T07:41:16","modified_gmt":"2025-09-05T05:41:16","slug":"zanet-slepeho-streva-pozor-na-nej","status":"publish","type":"post","link":"https:\/\/regbu.com\/pl\/porazenie-slepych-drzew-uwaga-na-to\/","title":{"rendered":"Zapalenie wyrostka robaczkowego - uwa\u017caj na nie"},"content":{"rendered":"<p>Zapalenie wyrostka robaczkowego jest niew\u0105tpliwie chorob\u0105 nie do pozazdroszczenia. Jak r\u00f3wnie\u017c <strong><a href=\"https:\/\/regbu.com\/pl\/enema-encephalitis-is-a-background-disease\/\">kleszczowe zapalenie m\u00f3zgu<\/a><\/strong>. W tym przypadku jednak winowajc\u0105 nie jest kleszcz, ale sama osoba. W rzeczywisto\u015bci istnieje kilka przyczyn pojawienia si\u0119 tej choroby. Niekt\u00f3re z nich s\u0105 nasz\u0105 w\u0142asn\u0105 win\u0105, inne nie.<\/p>\n\n\n\n<ul class=\"wp-block-list\">\n<li>Z\u0142e nawyki \u017cywieniowe<\/li>\n\n\n\n<li>Paso\u017cyty w postaci glisty ludzkiej<\/li>\n\n\n\n<li>Cia\u0142o obce w organizmie<\/li>\n<\/ul>\n\n\n\n<p>Zapalenie tego typu jest bolesne, a nieleczone mo\u017ce nawet zagra\u017ca\u0107 \u017cyciu. Dlatego warto wiedzie\u0107, jakie s\u0105 objawy choroby, jak mo\u017cna j\u0105 leczy\u0107 itp.<\/p>\n\n\n\n<h2 class=\"wp-block-heading\">Wa\u017cne informacje na temat zapalenia wyrostka robaczkowego<\/h2>\n\n\n\n<p>Zapalenie wyrostka robaczkowego jest cz\u0119sto okre\u015blane jako <strong>zapalenie wyrostka robaczkowego<\/strong>. Ten termin techniczny przedstawia b\u00f3l w okolicy p\u0119pka, kt\u00f3ry stopniowo przesuwa si\u0119 do dolnej cz\u0119\u015bci brzucha. Z punktu widzenia stanu zapalnego mo\u017cna napotka\u0107 dwa warianty. Jest to ostry stan zapalny i przewlek\u0142y stan zapalny. Szczeg\u00f3\u0142owe informacje mo\u017cna znale\u017a\u0107 w tabeli.<\/p>\n\n\n\n<figure class=\"wp-block-table\"><table><tbody><tr><td><strong>Przedmiot:<\/strong><\/td><td><strong>Informacje<\/strong><\/td><\/tr><tr><td>Ostry stan zapalny<\/td><td>Szybki pocz\u0105tek<\/td><\/tr><tr><td>Przewlek\u0142y stan zapalny<\/td><td>D\u0142ugotrwa\u0142y b\u00f3l<\/td><\/tr><tr><td>Tam, gdzie nie ma choroby<\/td><td>Afryka i Azja<\/td><\/tr><tr><td>Inna przyczyna<\/td><td>Zatkanie kawa\u0142kiem stolca<\/td><\/tr><\/tbody><\/table><figcaption class=\"wp-element-caption\">Dodatkowe informacje dotycz\u0105ce zapalenia wyrostka robaczkowego<\/figcaption><\/figure>\n\n\n\n<p>Je\u015bli uwa\u017casz, \u017ce cierpisz na t\u0119 chorob\u0119, zaleca si\u0119 jak najszybsz\u0105 wizyt\u0119 u lekarza. Jednym z objaw\u00f3w b\u0119dzie mi\u0119dzy innymi wra\u017cliwy na dotyk brzuch w okolicy podbrzusza po prawej stronie.<\/p>\n\n\n\n<h3 class=\"wp-block-heading\">Zapalenie wyrostka robaczkowego i inne objawy<\/h3>\n\n\n\n<p>Oczywi\u015bcie objaw\u00f3w tej choroby jest wi\u0119cej ni\u017c wystarczaj\u0105co. Do wspomnianego b\u00f3lu brzucha najcz\u0119\u015bciej dochodz\u0105 wymioty i biegunka. Ponadto jest to <em>zaparcia, brak apetytu, ale tak\u017ce bardzo szybki puls<\/em>. W rezultacie mo\u017ce pojawi\u0107 si\u0119 z\u0142e samopoczucie. W takim stanie nale\u017cy bardzo szybko zachowa\u0107 czujno\u015b\u0107 i uda\u0107 si\u0119 do plac\u00f3wki medycznej.<\/p>\n\n\n\n<p>Samo zapalenie wyrostka robaczkowego leczy si\u0119 w zale\u017cno\u015bci od stopnia zaawansowania choroby. W niekt\u00f3rych sytuacjach pomo\u017ce klasyczne oblodzenie. Je\u015bli jest to bardziej rozleg\u0142a choroba, w wi\u0119kszo\u015bci przypadk\u00f3w ko\u0144czy si\u0119 operacj\u0105, odpowiednio usuni\u0119ciem wyrostka robaczkowego. Je\u015bli choroba jest bagatelizowana <strong>mo\u017ce powodowa\u0107 niepo\u017c\u0105dane stany zapalne<\/strong>kt\u00f3ry zagra\u017ca otrzewnej.<\/p>\n\n\n\n<p>Po usuni\u0119ciu wyrostka robaczkowego mo\u017cesz liczy\u0107 na prowadzenie pe\u0142nego \u017cycia bez \u017cadnych ogranicze\u0144. Je\u015bli chcesz zapobiec ewentualnym chorobom, w\u0142\u0105cz wi\u0119cej b\u0142onnika do swojej regularnej diety.<\/p>","protected":false},"excerpt":{"rendered":"<p>Zapalenie wyrostka robaczkowego jest niew\u0105tpliwie chorob\u0105 nie do pozazdroszczenia. Podobnie jak kleszczowe zapalenie m\u00f3zgu. W tym przypadku jednak winowajc\u0105 nie jest kleszcz, ale sam cz\u0142owiek. Istnieje kilka przyczyn tej choroby. Niekt\u00f3re z nich s\u0105 nasz\u0105 w\u0142asn\u0105 win\u0105, inne nie. Zapalenie tego typu jest bolesne, a nieleczone mo\u017ce nawet zagra\u017ca\u0107 \u017cyciu cz\u0142owieka. Jest to ... <\/p>","protected":false},"author":2,"featured_media":1014,"comment_status":"closed","ping_status":"closed","sticky":false,"template":"","format":"standard","meta":{"footnotes":""},"categories":[197],"tags":[1039,1037,1026,1027,1034,1038,168,1035,1033,1036],"class_list":["post-1013","post","type-post","status-publish","format-standard","has-post-thumbnail","hentry","category-lidske-zdravi","tag-apendicita","tag-apendix","tag-nemoc","tag-onemocneni","tag-slepe-strevo","tag-stolice","tag-stravovani","tag-strevo","tag-zanet","tag-zanet-slepeho-streva"],"yoast_head":"<!-- This site is optimized with the Yoast SEO plugin v27.4 - https:\/\/yoast.com\/product\/yoast-seo-wordpress\/ -->\n<title>Z\u00e1n\u011bt slep\u00e9ho st\u0159eva \u2013 Pozor na n\u011bj - REGBU.COM<\/title>\n<meta name=\"description\" content=\"Z\u00e1n\u011bt slep\u00e9ho st\u0159eva nen\u00ed radno za \u017e\u00e1dn\u00fdch okolnost\u00ed podce\u0148ovat. Zn\u00e1te p\u0159\u00ed\u010diny a z\u00e1rove\u0148 l\u00e9\u010dbu tohoto onemocn\u011bn\u00ed?\" \/>\n<meta name=\"robots\" content=\"index, follow, max-snippet:-1, max-image-preview:large, max-video-preview:-1\" \/>\n<link rel=\"canonical\" href=\"https:\/\/regbu.com\/pl\/porazenie-slepych-drzew-uwaga-na-to\/\" \/>\n<meta property=\"og:locale\" content=\"pl_PL\" \/>\n<meta property=\"og:type\" content=\"article\" \/>\n<meta property=\"og:title\" content=\"Z\u00e1n\u011bt slep\u00e9ho st\u0159eva \u2013 Pozor na n\u011bj - REGBU.COM\" \/>\n<meta property=\"og:description\" content=\"Z\u00e1n\u011bt slep\u00e9ho st\u0159eva nen\u00ed radno za \u017e\u00e1dn\u00fdch okolnost\u00ed podce\u0148ovat. Zn\u00e1te p\u0159\u00ed\u010diny a z\u00e1rove\u0148 l\u00e9\u010dbu tohoto onemocn\u011bn\u00ed?\" \/>\n<meta property=\"og:url\" content=\"https:\/\/regbu.com\/pl\/porazenie-slepych-drzew-uwaga-na-to\/\" \/>\n<meta property=\"og:site_name\" content=\"REGBU.COM\" \/>\n<meta property=\"article:published_time\" content=\"2023-07-12T14:25:47+00:00\" \/>\n<meta property=\"article:modified_time\" content=\"2025-09-05T05:41:16+00:00\" \/>\n<meta property=\"og:image\" content=\"https:\/\/regbu.com\/wp-content\/uploads\/2023\/07\/zanet-slepeho-streva-pozor-na-nej.jpg\" \/>\n\t<meta property=\"og:image:width\" content=\"1200\" \/>\n\t<meta property=\"og:image:height\" content=\"679\" \/>\n\t<meta property=\"og:image:type\" content=\"image\/jpeg\" \/>\n<meta name=\"author\" content=\"George Martin\" \/>\n<meta name=\"twitter:card\" content=\"summary_large_image\" \/>\n<meta name=\"twitter:label1\" content=\"Napisane przez\" \/>\n\t<meta name=\"twitter:data1\" content=\"George Martin\" \/>\n\t<meta name=\"twitter:label2\" content=\"Szacowany czas czytania\" \/>\n\t<meta name=\"twitter:data2\" content=\"2 minuty\" \/>\n<script type=\"application\/ld+json\" class=\"yoast-schema-graph\">{\"@context\":\"https:\\\/\\\/schema.org\",\"@graph\":[{\"@type\":\"Article\",\"@id\":\"https:\\\/\\\/regbu.com\\\/pl\\\/porazenie-slepych-drzew-uwaga-na-to\\\/#article\",\"isPartOf\":{\"@id\":\"https:\\\/\\\/regbu.com\\\/pl\\\/porazenie-slepych-drzew-uwaga-na-to\\\/\"},\"author\":{\"name\":\"George Martin\",\"@id\":\"https:\\\/\\\/regbu.com\\\/en\\\/#\\\/schema\\\/person\\\/94ea9deda2629771b8a9ced002f6784e\"},\"headline\":\"Z\u00e1n\u011bt slep\u00e9ho st\u0159eva \u2013 Pozor na n\u011bj\",\"datePublished\":\"2023-07-12T14:25:47+00:00\",\"dateModified\":\"2025-09-05T05:41:16+00:00\",\"mainEntityOfPage\":{\"@id\":\"https:\\\/\\\/regbu.com\\\/pl\\\/porazenie-slepych-drzew-uwaga-na-to\\\/\"},\"wordCount\":493,\"image\":{\"@id\":\"https:\\\/\\\/regbu.com\\\/pl\\\/porazenie-slepych-drzew-uwaga-na-to\\\/#primaryimage\"},\"thumbnailUrl\":\"https:\\\/\\\/regbu.com\\\/wp-content\\\/uploads\\\/2023\\\/07\\\/zanet-slepeho-streva-pozor-na-nej.jpg\",\"keywords\":[\"apendicita\",\"apendix\",\"nemoc\",\"onemocn\u011bn\u00ed\",\"slep\u00e9 st\u0159evo\",\"stolice\",\"stravov\u00e1n\u00ed\",\"st\u0159evo\",\"z\u00e1n\u011bt\",\"z\u00e1n\u011bt slep\u00e9ho st\u0159eva\"],\"articleSection\":[\"Lidsk\u00e9 Zdrav\u00ed\"],\"inLanguage\":\"pl-PL\"},{\"@type\":\"WebPage\",\"@id\":\"https:\\\/\\\/regbu.com\\\/pl\\\/porazenie-slepych-drzew-uwaga-na-to\\\/\",\"url\":\"https:\\\/\\\/regbu.com\\\/pl\\\/porazenie-slepych-drzew-uwaga-na-to\\\/\",\"name\":\"Z\u00e1n\u011bt slep\u00e9ho st\u0159eva \u2013 Pozor na n\u011bj - REGBU.COM\",\"isPartOf\":{\"@id\":\"https:\\\/\\\/regbu.com\\\/en\\\/#website\"},\"primaryImageOfPage\":{\"@id\":\"https:\\\/\\\/regbu.com\\\/pl\\\/porazenie-slepych-drzew-uwaga-na-to\\\/#primaryimage\"},\"image\":{\"@id\":\"https:\\\/\\\/regbu.com\\\/pl\\\/porazenie-slepych-drzew-uwaga-na-to\\\/#primaryimage\"},\"thumbnailUrl\":\"https:\\\/\\\/regbu.com\\\/wp-content\\\/uploads\\\/2023\\\/07\\\/zanet-slepeho-streva-pozor-na-nej.jpg\",\"datePublished\":\"2023-07-12T14:25:47+00:00\",\"dateModified\":\"2025-09-05T05:41:16+00:00\",\"author\":{\"@id\":\"https:\\\/\\\/regbu.com\\\/en\\\/#\\\/schema\\\/person\\\/94ea9deda2629771b8a9ced002f6784e\"},\"description\":\"Z\u00e1n\u011bt slep\u00e9ho st\u0159eva nen\u00ed radno za \u017e\u00e1dn\u00fdch okolnost\u00ed podce\u0148ovat. Zn\u00e1te p\u0159\u00ed\u010diny a z\u00e1rove\u0148 l\u00e9\u010dbu tohoto onemocn\u011bn\u00ed?\",\"breadcrumb\":{\"@id\":\"https:\\\/\\\/regbu.com\\\/pl\\\/porazenie-slepych-drzew-uwaga-na-to\\\/#breadcrumb\"},\"inLanguage\":\"pl-PL\",\"potentialAction\":[{\"@type\":\"ReadAction\",\"target\":[\"https:\\\/\\\/regbu.com\\\/pl\\\/porazenie-slepych-drzew-uwaga-na-to\\\/\"]}]},{\"@type\":\"ImageObject\",\"inLanguage\":\"pl-PL\",\"@id\":\"https:\\\/\\\/regbu.com\\\/pl\\\/porazenie-slepych-drzew-uwaga-na-to\\\/#primaryimage\",\"url\":\"https:\\\/\\\/regbu.com\\\/wp-content\\\/uploads\\\/2023\\\/07\\\/zanet-slepeho-streva-pozor-na-nej.jpg\",\"contentUrl\":\"https:\\\/\\\/regbu.com\\\/wp-content\\\/uploads\\\/2023\\\/07\\\/zanet-slepeho-streva-pozor-na-nej.jpg\",\"width\":1200,\"height\":679,\"caption\":\"Z\u00e1n\u011bt slep\u00e9ho st\u0159eva \u2013 Pozor na n\u011bj\"},{\"@type\":\"BreadcrumbList\",\"@id\":\"https:\\\/\\\/regbu.com\\\/pl\\\/porazenie-slepych-drzew-uwaga-na-to\\\/#breadcrumb\",\"itemListElement\":[{\"@type\":\"ListItem\",\"position\":1,\"name\":\"Home\",\"item\":\"https:\\\/\\\/regbu.com\\\/en\\\/\"},{\"@type\":\"ListItem\",\"position\":2,\"name\":\"Z\u00e1n\u011bt slep\u00e9ho st\u0159eva \u2013 Pozor na n\u011bj\"}]},{\"@type\":\"WebSite\",\"@id\":\"https:\\\/\\\/regbu.com\\\/en\\\/#website\",\"url\":\"https:\\\/\\\/regbu.com\\\/en\\\/\",\"name\":\"REGBU.COM\",\"description\":\"\",\"potentialAction\":[{\"@type\":\"SearchAction\",\"target\":{\"@type\":\"EntryPoint\",\"urlTemplate\":\"https:\\\/\\\/regbu.com\\\/en\\\/?s={search_term_string}\"},\"query-input\":{\"@type\":\"PropertyValueSpecification\",\"valueRequired\":true,\"valueName\":\"search_term_string\"}}],\"inLanguage\":\"pl-PL\"},{\"@type\":\"Person\",\"@id\":\"https:\\\/\\\/regbu.com\\\/en\\\/#\\\/schema\\\/person\\\/94ea9deda2629771b8a9ced002f6784e\",\"name\":\"George Martin\",\"url\":\"https:\\\/\\\/regbu.com\\\/pl\\\/author\\\/george-martin\\\/\"}]}<\/script>\n<!-- \/ Yoast SEO plugin. -->","yoast_head_json":{"title":"Zapalenie wyrostka robaczkowego - uwa\u017caj na nie - REGBU.COM","description":"Zapalenie wyrostka robaczkowego w \u017cadnym wypadku nie powinno by\u0107 bagatelizowane. Czy znasz przyczyny i leczenie tej choroby?","robots":{"index":"index","follow":"follow","max-snippet":"max-snippet:-1","max-image-preview":"max-image-preview:large","max-video-preview":"max-video-preview:-1"},"canonical":"https:\/\/regbu.com\/pl\/porazenie-slepych-drzew-uwaga-na-to\/","og_locale":"pl_PL","og_type":"article","og_title":"Z\u00e1n\u011bt slep\u00e9ho st\u0159eva \u2013 Pozor na n\u011bj - REGBU.COM","og_description":"Z\u00e1n\u011bt slep\u00e9ho st\u0159eva nen\u00ed radno za \u017e\u00e1dn\u00fdch okolnost\u00ed podce\u0148ovat. Zn\u00e1te p\u0159\u00ed\u010diny a z\u00e1rove\u0148 l\u00e9\u010dbu tohoto onemocn\u011bn\u00ed?","og_url":"https:\/\/regbu.com\/pl\/porazenie-slepych-drzew-uwaga-na-to\/","og_site_name":"REGBU.COM","article_published_time":"2023-07-12T14:25:47+00:00","article_modified_time":"2025-09-05T05:41:16+00:00","og_image":[{"width":1200,"height":679,"url":"https:\/\/regbu.com\/wp-content\/uploads\/2023\/07\/zanet-slepeho-streva-pozor-na-nej.jpg","type":"image\/jpeg"}],"author":"George Martin","twitter_card":"summary_large_image","twitter_misc":{"Napisane przez":"George Martin","Szacowany czas czytania":"2 minuty"},"schema":{"@context":"https:\/\/schema.org","@graph":[{"@type":"Article","@id":"https:\/\/regbu.com\/pl\/porazenie-slepych-drzew-uwaga-na-to\/#article","isPartOf":{"@id":"https:\/\/regbu.com\/pl\/porazenie-slepych-drzew-uwaga-na-to\/"},"author":{"name":"George Martin","@id":"https:\/\/regbu.com\/en\/#\/schema\/person\/94ea9deda2629771b8a9ced002f6784e"},"headline":"Z\u00e1n\u011bt slep\u00e9ho st\u0159eva \u2013 Pozor na n\u011bj","datePublished":"2023-07-12T14:25:47+00:00","dateModified":"2025-09-05T05:41:16+00:00","mainEntityOfPage":{"@id":"https:\/\/regbu.com\/pl\/porazenie-slepych-drzew-uwaga-na-to\/"},"wordCount":493,"image":{"@id":"https:\/\/regbu.com\/pl\/porazenie-slepych-drzew-uwaga-na-to\/#primaryimage"},"thumbnailUrl":"https:\/\/regbu.com\/wp-content\/uploads\/2023\/07\/zanet-slepeho-streva-pozor-na-nej.jpg","keywords":["apendicita","apendix","nemoc","onemocn\u011bn\u00ed","slep\u00e9 st\u0159evo","stolice","stravov\u00e1n\u00ed","st\u0159evo","z\u00e1n\u011bt","z\u00e1n\u011bt slep\u00e9ho st\u0159eva"],"articleSection":["Lidsk\u00e9 Zdrav\u00ed"],"inLanguage":"pl-PL"},{"@type":"WebPage","@id":"https:\/\/regbu.com\/pl\/porazenie-slepych-drzew-uwaga-na-to\/","url":"https:\/\/regbu.com\/pl\/porazenie-slepych-drzew-uwaga-na-to\/","name":"Zapalenie wyrostka robaczkowego - uwa\u017caj na nie - REGBU.COM","isPartOf":{"@id":"https:\/\/regbu.com\/en\/#website"},"primaryImageOfPage":{"@id":"https:\/\/regbu.com\/pl\/porazenie-slepych-drzew-uwaga-na-to\/#primaryimage"},"image":{"@id":"https:\/\/regbu.com\/pl\/porazenie-slepych-drzew-uwaga-na-to\/#primaryimage"},"thumbnailUrl":"https:\/\/regbu.com\/wp-content\/uploads\/2023\/07\/zanet-slepeho-streva-pozor-na-nej.jpg","datePublished":"2023-07-12T14:25:47+00:00","dateModified":"2025-09-05T05:41:16+00:00","author":{"@id":"https:\/\/regbu.com\/en\/#\/schema\/person\/94ea9deda2629771b8a9ced002f6784e"},"description":"Zapalenie wyrostka robaczkowego w \u017cadnym wypadku nie powinno by\u0107 bagatelizowane. Czy znasz przyczyny i leczenie tej choroby?","breadcrumb":{"@id":"https:\/\/regbu.com\/pl\/porazenie-slepych-drzew-uwaga-na-to\/#breadcrumb"},"inLanguage":"pl-PL","potentialAction":[{"@type":"ReadAction","target":["https:\/\/regbu.com\/pl\/porazenie-slepych-drzew-uwaga-na-to\/"]}]},{"@type":"ImageObject","inLanguage":"pl-PL","@id":"https:\/\/regbu.com\/pl\/porazenie-slepych-drzew-uwaga-na-to\/#primaryimage","url":"https:\/\/regbu.com\/wp-content\/uploads\/2023\/07\/zanet-slepeho-streva-pozor-na-nej.jpg","contentUrl":"https:\/\/regbu.com\/wp-content\/uploads\/2023\/07\/zanet-slepeho-streva-pozor-na-nej.jpg","width":1200,"height":679,"caption":"Z\u00e1n\u011bt slep\u00e9ho st\u0159eva \u2013 Pozor na n\u011bj"},{"@type":"BreadcrumbList","@id":"https:\/\/regbu.com\/pl\/porazenie-slepych-drzew-uwaga-na-to\/#breadcrumb","itemListElement":[{"@type":"ListItem","position":1,"name":"Home","item":"https:\/\/regbu.com\/en\/"},{"@type":"ListItem","position":2,"name":"Z\u00e1n\u011bt slep\u00e9ho st\u0159eva \u2013 Pozor na n\u011bj"}]},{"@type":"WebSite","@id":"https:\/\/regbu.com\/en\/#website","url":"https:\/\/regbu.com\/en\/","name":"REGBU.COM","description":"","potentialAction":[{"@type":"SearchAction","target":{"@type":"EntryPoint","urlTemplate":"https:\/\/regbu.com\/en\/?s={search_term_string}"},"query-input":{"@type":"PropertyValueSpecification","valueRequired":true,"valueName":"search_term_string"}}],"inLanguage":"pl-PL"},{"@type":"Person","@id":"https:\/\/regbu.com\/en\/#\/schema\/person\/94ea9deda2629771b8a9ced002f6784e","name":"George Martin","url":"https:\/\/regbu.com\/pl\/author\/george-martin\/"}]}},"_links":{"self":[{"href":"https:\/\/regbu.com\/pl\/wp-json\/wp\/v2\/posts\/1013","targetHints":{"allow":["GET"]}}],"collection":[{"href":"https:\/\/regbu.com\/pl\/wp-json\/wp\/v2\/posts"}],"about":[{"href":"https:\/\/regbu.com\/pl\/wp-json\/wp\/v2\/types\/post"}],"author":[{"embeddable":true,"href":"https:\/\/regbu.com\/pl\/wp-json\/wp\/v2\/users\/2"}],"replies":[{"embeddable":true,"href":"https:\/\/regbu.com\/pl\/wp-json\/wp\/v2\/comments?post=1013"}],"version-history":[{"count":2,"href":"https:\/\/regbu.com\/pl\/wp-json\/wp\/v2\/posts\/1013\/revisions"}],"predecessor-version":[{"id":1026,"href":"https:\/\/regbu.com\/pl\/wp-json\/wp\/v2\/posts\/1013\/revisions\/1026"}],"wp:featuredmedia":[{"embeddable":true,"href":"https:\/\/regbu.com\/pl\/wp-json\/wp\/v2\/media\/1014"}],"wp:attachment":[{"href":"https:\/\/regbu.com\/pl\/wp-json\/wp\/v2\/media?parent=1013"}],"wp:term":[{"taxonomy":"category","embeddable":true,"href":"https:\/\/regbu.com\/pl\/wp-json\/wp\/v2\/categories?post=1013"},{"taxonomy":"post_tag","embeddable":true,"href":"https:\/\/regbu.com\/pl\/wp-json\/wp\/v2\/tags?post=1013"}],"curies":[{"name":"wp","href":"https:\/\/api.w.org\/{rel}","templated":true}]}}