{"id":1010,"date":"2023-07-12T16:23:21","date_gmt":"2023-07-12T14:23:21","guid":{"rendered":"https:\/\/regbu.com\/?p=1010"},"modified":"2025-09-05T07:41:18","modified_gmt":"2025-09-05T05:41:18","slug":"klistova-encefalitida-je-zakernou-nemoci","status":"publish","type":"post","link":"https:\/\/regbu.com\/pl\/enema-encephalitis-is-a-background-disease\/","title":{"rendered":"Kleszczowe zapalenie m\u00f3zgu to podst\u0119pna choroba"},"content":{"rendered":"<p>Kleszczowe zapalenie m\u00f3zgu to nie to samo co <strong><a href=\"https:\/\/regbu.com\/pl\/otylosc-doroslych-i-dzieci\/\">Oty\u0142o\u015b\u0107<\/a><\/strong>kt\u00f3r\u0105 wiele os\u00f3b sprowadzi\u0142o na siebie. Jak wskazuje nazwa choroby, jej \u017ar\u00f3d\u0142em jest zaka\u017cony kleszcz, kt\u00f3ry stanowi powa\u017cne zagro\u017cenie dla zdrowia ludzi. Opr\u00f3cz kleszczowego zapalenia m\u00f3zgu, kleszcze mog\u0105 przenosi\u0107 inne choroby.<\/p>\n\n\n\n<ul class=\"wp-block-list\">\n<li>Borelioza<\/li>\n\n\n\n<li>Anaplazmoza<\/li>\n\n\n\n<li>Tularemia<\/li>\n<\/ul>\n\n\n\n<p>Nale\u017cy zauwa\u017cy\u0107, \u017ce przyczepiony kleszcz mo\u017ce nie by\u0107 zarazkiem choroby. Zaka\u017ano\u015b\u0107 kleszczy wynosi oko\u0142o trzech do pi\u0119ciu procent, w zale\u017cno\u015bci od konkretnego miejsca docelowego.<\/p>\n\n\n\n<h2 class=\"wp-block-heading\">Kleszczowe zapalenie m\u00f3zgu i jego etapy<\/h2>\n\n\n\n<p>Zapalenie m\u00f3zgu ma zasadniczo dwie fazy. Pierwszej z nich towarzysz\u0105 nudno\u015bci, b\u00f3le mi\u0119\u015bni, staw\u00f3w i g\u0142owy. Objawy te s\u0105 stopniowo <strong>doda\u0107 gor\u0105czk\u0119<\/strong>. Najgorsze jest to, \u017ce w przypadku zapalenia m\u00f3zgu nie znajdziemy przys\u0142owiowej plamki na sk\u00f3rze, jak ma to miejsce w przypadku boreliozy. A co z rozprzestrzenianiem si\u0119 tej choroby w Czechach?<\/p>\n\n\n\n<figure class=\"wp-block-table\"><table><tbody><tr><td><strong>Rok<\/strong><\/td><td><strong>Liczba pacjent\u00f3w<\/strong><\/td><\/tr><tr><td>2008<\/td><td>631<\/td><\/tr><tr><td>2011<\/td><td>861<\/td><\/tr><tr><td>2018<\/td><td>715<\/td><\/tr><tr><td>2022<\/td><td>697<\/td><\/tr><\/tbody><\/table><figcaption class=\"wp-element-caption\">Ewolucja kleszczowego zapalenia m\u00f3zgu na podstawie danych historycznych w Republice Czeskiej.<\/figcaption><\/figure>\n\n\n\n<p>Po pierwszej fazie przychodzi oczywi\u015bcie druga, kt\u00f3ra jest znacznie gorsza. Zara\u017cona osoba zaczyna odczuwa\u0107 senno\u015b\u0107, nadwra\u017cliwo\u015b\u0107 na \u015bwiat\u0142o i niezno\u015bne b\u00f3le g\u0142owy. Cz\u0119sto towarzysz\u0105 temu wymioty, parali\u017c ko\u0144czyn dolnych i g\u00f3rnych lub ca\u0142kowite usztywnienie szyi.<\/p>\n\n\n\n<h3 class=\"wp-block-heading\">Ograniczone leczenie i trwa\u0142e konsekwencje<\/h3>\n\n\n\n<p>Kleszczowe zapalenie m\u00f3zgu jest zwi\u0105zane z&nbsp;<em>ograniczone mo\u017cliwo\u015bci leczenia<\/em>. Dobry uk\u0142ad odporno\u015bciowy osoby zaka\u017conej odgrywa kluczow\u0105 rol\u0119 w ca\u0142ym przebiegu leczenia. Szczepienie to rozdzia\u0142 sam w sobie, kt\u00f3rego nie nale\u017cy lekcewa\u017cy\u0107. Choroba jest wtedy d\u0142ugotrwa\u0142a.<\/p>\n\n\n\n<p>Nawet je\u015bli kleszczowe zapalenie m\u00f3zgu zostanie wyleczone, niekt\u00f3re osoby mog\u0105 nadal do\u015bwiadcza\u0107 trwa\u0142ych skutk\u00f3w, kt\u00f3re sprawiaj\u0105, \u017ce codzienne \u017cycie jest niewygodne. Typowym przyk\u0142adem s\u0105 nawracaj\u0105ce b\u00f3le g\u0142owy. Mog\u0105 one wyst\u0119powa\u0107 <strong>problemy ze s\u0142uchem i pami\u0119ci\u0105<\/strong>. Mo\u017ce utrudnia\u0107 koncentracj\u0119, a sama choroba mo\u017ce zak\u0142\u00f3ca\u0107 sen. W gorszych przypadkach dochodzi do parali\u017cu ko\u0144czyn i nieprzyjemnego stresu.<\/p>\n\n\n\n<p>Je\u015bli zdecydujesz si\u0119 na szczepionk\u0119 przeciwko kleszczowemu zapaleniu m\u00f3zgu, spodziewaj si\u0119 co najmniej trzech dawek. Ka\u017cda dodatkowa dawka przypominaj\u0105ca jest podawana w odst\u0119pie mniej wi\u0119cej raz na pi\u0119\u0107 lat.<\/p>","protected":false},"excerpt":{"rendered":"<p>Kleszczowe zapalenie m\u00f3zgu to nie to samo, co oty\u0142o\u015b\u0107, za kt\u00f3r\u0105 wiele os\u00f3b obwinia samych siebie. Jak wskazuje nazwa choroby, jej \u017ar\u00f3d\u0142em jest zaka\u017cony kleszcz, kt\u00f3ry stanowi powa\u017cne zagro\u017cenie dla zdrowia ludzi. Opr\u00f3cz kleszczowego zapalenia m\u00f3zgu, kleszcze mog\u0105 przenosi\u0107 inne choroby. Nale\u017cy zauwa\u017cy\u0107, \u017ce kleszcz nie musi by\u0107 od razu zarazkiem tej choroby. <\/p>","protected":false},"author":2,"featured_media":1011,"comment_status":"closed","ping_status":"closed","sticky":false,"template":"","format":"standard","meta":{"footnotes":""},"categories":[197],"tags":[1032,1029,1024,1025,1023,1028,1030,1026,1027,1031],"class_list":["post-1010","post","type-post","status-publish","format-standard","has-post-thumbnail","hentry","category-lidske-zdravi","tag-bolest","tag-borelioza","tag-encefalitida","tag-kliste","tag-klistova-encefalitida","tag-lecba","tag-naslecky","tag-nemoc","tag-onemocneni","tag-zvraceni"],"yoast_head":"<!-- This site is optimized with the Yoast SEO plugin v27.4 - https:\/\/yoast.com\/product\/yoast-seo-wordpress\/ -->\n<title>Kl\u00ed\u0161\u0165ov\u00e1 encefalitida je z\u00e1ke\u0159nou nemoc\u00ed - REGBU.COM<\/title>\n<meta name=\"description\" content=\"V\u00edte, co si p\u0159edstavit pod pojmem kl\u00ed\u0161\u0165ov\u00e1 encefalitida? Jde o pom\u011brn\u011b z\u00e1va\u017en\u00e9 onemocn\u011bn\u00ed, kter\u00e9 V\u00e1m podrovn\u011bji p\u0159ibl\u00ed\u017e\u00edme.\" \/>\n<meta name=\"robots\" content=\"index, follow, max-snippet:-1, max-image-preview:large, max-video-preview:-1\" \/>\n<link rel=\"canonical\" href=\"https:\/\/regbu.com\/pl\/enema-encephalitis-is-a-background-disease\/\" \/>\n<meta property=\"og:locale\" content=\"pl_PL\" \/>\n<meta property=\"og:type\" content=\"article\" \/>\n<meta property=\"og:title\" content=\"Kl\u00ed\u0161\u0165ov\u00e1 encefalitida je z\u00e1ke\u0159nou nemoc\u00ed - REGBU.COM\" \/>\n<meta property=\"og:description\" content=\"V\u00edte, co si p\u0159edstavit pod pojmem kl\u00ed\u0161\u0165ov\u00e1 encefalitida? Jde o pom\u011brn\u011b z\u00e1va\u017en\u00e9 onemocn\u011bn\u00ed, kter\u00e9 V\u00e1m podrovn\u011bji p\u0159ibl\u00ed\u017e\u00edme.\" \/>\n<meta property=\"og:url\" content=\"https:\/\/regbu.com\/pl\/enema-encephalitis-is-a-background-disease\/\" \/>\n<meta property=\"og:site_name\" content=\"REGBU.COM\" \/>\n<meta property=\"article:published_time\" content=\"2023-07-12T14:23:21+00:00\" \/>\n<meta property=\"article:modified_time\" content=\"2025-09-05T05:41:18+00:00\" \/>\n<meta property=\"og:image\" content=\"https:\/\/regbu.com\/wp-content\/uploads\/2023\/07\/klistova-encefalitida-je-zakernou-nemoci.jpg\" \/>\n\t<meta property=\"og:image:width\" content=\"1200\" \/>\n\t<meta property=\"og:image:height\" content=\"679\" \/>\n\t<meta property=\"og:image:type\" content=\"image\/jpeg\" \/>\n<meta name=\"author\" content=\"George Martin\" \/>\n<meta name=\"twitter:card\" content=\"summary_large_image\" \/>\n<meta name=\"twitter:label1\" content=\"Napisane przez\" \/>\n\t<meta name=\"twitter:data1\" content=\"George Martin\" \/>\n\t<meta name=\"twitter:label2\" content=\"Szacowany czas czytania\" \/>\n\t<meta name=\"twitter:data2\" content=\"2 minuty\" \/>\n<script type=\"application\/ld+json\" class=\"yoast-schema-graph\">{\"@context\":\"https:\\\/\\\/schema.org\",\"@graph\":[{\"@type\":\"Article\",\"@id\":\"https:\\\/\\\/regbu.com\\\/pl\\\/enema-encephalitis-is-a-background-disease\\\/#article\",\"isPartOf\":{\"@id\":\"https:\\\/\\\/regbu.com\\\/pl\\\/enema-encephalitis-is-a-background-disease\\\/\"},\"author\":{\"name\":\"George Martin\",\"@id\":\"https:\\\/\\\/regbu.com\\\/en\\\/#\\\/schema\\\/person\\\/94ea9deda2629771b8a9ced002f6784e\"},\"headline\":\"Kl\u00ed\u0161\u0165ov\u00e1 encefalitida je z\u00e1ke\u0159nou nemoc\u00ed\",\"datePublished\":\"2023-07-12T14:23:21+00:00\",\"dateModified\":\"2025-09-05T05:41:18+00:00\",\"mainEntityOfPage\":{\"@id\":\"https:\\\/\\\/regbu.com\\\/pl\\\/enema-encephalitis-is-a-background-disease\\\/\"},\"wordCount\":443,\"image\":{\"@id\":\"https:\\\/\\\/regbu.com\\\/pl\\\/enema-encephalitis-is-a-background-disease\\\/#primaryimage\"},\"thumbnailUrl\":\"https:\\\/\\\/regbu.com\\\/wp-content\\\/uploads\\\/2023\\\/07\\\/klistova-encefalitida-je-zakernou-nemoci.jpg\",\"keywords\":[\"bolest\",\"boreli\u00f3za\",\"encefalitida\",\"kl\u00ed\u0161t\u011b\",\"kl\u00ed\u0161\u0165ov\u00e1 encefalitida\",\"l\u00e9\u010dba\",\"n\u00e1sle\u010dky\",\"nemoc\",\"onemocn\u011bn\u00ed\",\"zvracen\u00ed\"],\"articleSection\":[\"Lidsk\u00e9 Zdrav\u00ed\"],\"inLanguage\":\"pl-PL\"},{\"@type\":\"WebPage\",\"@id\":\"https:\\\/\\\/regbu.com\\\/pl\\\/enema-encephalitis-is-a-background-disease\\\/\",\"url\":\"https:\\\/\\\/regbu.com\\\/pl\\\/enema-encephalitis-is-a-background-disease\\\/\",\"name\":\"Kl\u00ed\u0161\u0165ov\u00e1 encefalitida je z\u00e1ke\u0159nou nemoc\u00ed - REGBU.COM\",\"isPartOf\":{\"@id\":\"https:\\\/\\\/regbu.com\\\/en\\\/#website\"},\"primaryImageOfPage\":{\"@id\":\"https:\\\/\\\/regbu.com\\\/pl\\\/enema-encephalitis-is-a-background-disease\\\/#primaryimage\"},\"image\":{\"@id\":\"https:\\\/\\\/regbu.com\\\/pl\\\/enema-encephalitis-is-a-background-disease\\\/#primaryimage\"},\"thumbnailUrl\":\"https:\\\/\\\/regbu.com\\\/wp-content\\\/uploads\\\/2023\\\/07\\\/klistova-encefalitida-je-zakernou-nemoci.jpg\",\"datePublished\":\"2023-07-12T14:23:21+00:00\",\"dateModified\":\"2025-09-05T05:41:18+00:00\",\"author\":{\"@id\":\"https:\\\/\\\/regbu.com\\\/en\\\/#\\\/schema\\\/person\\\/94ea9deda2629771b8a9ced002f6784e\"},\"description\":\"V\u00edte, co si p\u0159edstavit pod pojmem kl\u00ed\u0161\u0165ov\u00e1 encefalitida? Jde o pom\u011brn\u011b z\u00e1va\u017en\u00e9 onemocn\u011bn\u00ed, kter\u00e9 V\u00e1m podrovn\u011bji p\u0159ibl\u00ed\u017e\u00edme.\",\"breadcrumb\":{\"@id\":\"https:\\\/\\\/regbu.com\\\/pl\\\/enema-encephalitis-is-a-background-disease\\\/#breadcrumb\"},\"inLanguage\":\"pl-PL\",\"potentialAction\":[{\"@type\":\"ReadAction\",\"target\":[\"https:\\\/\\\/regbu.com\\\/pl\\\/enema-encephalitis-is-a-background-disease\\\/\"]}]},{\"@type\":\"ImageObject\",\"inLanguage\":\"pl-PL\",\"@id\":\"https:\\\/\\\/regbu.com\\\/pl\\\/enema-encephalitis-is-a-background-disease\\\/#primaryimage\",\"url\":\"https:\\\/\\\/regbu.com\\\/wp-content\\\/uploads\\\/2023\\\/07\\\/klistova-encefalitida-je-zakernou-nemoci.jpg\",\"contentUrl\":\"https:\\\/\\\/regbu.com\\\/wp-content\\\/uploads\\\/2023\\\/07\\\/klistova-encefalitida-je-zakernou-nemoci.jpg\",\"width\":1200,\"height\":679,\"caption\":\"Kl\u00ed\u0161\u0165ov\u00e1 encefalitida je z\u00e1ke\u0159nou nemoc\u00ed\"},{\"@type\":\"BreadcrumbList\",\"@id\":\"https:\\\/\\\/regbu.com\\\/pl\\\/enema-encephalitis-is-a-background-disease\\\/#breadcrumb\",\"itemListElement\":[{\"@type\":\"ListItem\",\"position\":1,\"name\":\"Home\",\"item\":\"https:\\\/\\\/regbu.com\\\/en\\\/\"},{\"@type\":\"ListItem\",\"position\":2,\"name\":\"Kl\u00ed\u0161\u0165ov\u00e1 encefalitida je z\u00e1ke\u0159nou nemoc\u00ed\"}]},{\"@type\":\"WebSite\",\"@id\":\"https:\\\/\\\/regbu.com\\\/en\\\/#website\",\"url\":\"https:\\\/\\\/regbu.com\\\/en\\\/\",\"name\":\"REGBU.COM\",\"description\":\"\",\"potentialAction\":[{\"@type\":\"SearchAction\",\"target\":{\"@type\":\"EntryPoint\",\"urlTemplate\":\"https:\\\/\\\/regbu.com\\\/en\\\/?s={search_term_string}\"},\"query-input\":{\"@type\":\"PropertyValueSpecification\",\"valueRequired\":true,\"valueName\":\"search_term_string\"}}],\"inLanguage\":\"pl-PL\"},{\"@type\":\"Person\",\"@id\":\"https:\\\/\\\/regbu.com\\\/en\\\/#\\\/schema\\\/person\\\/94ea9deda2629771b8a9ced002f6784e\",\"name\":\"George Martin\",\"url\":\"https:\\\/\\\/regbu.com\\\/pl\\\/author\\\/george-martin\\\/\"}]}<\/script>\n<!-- \/ Yoast SEO plugin. -->","yoast_head_json":{"title":"Kleszczowe zapalenie m\u00f3zgu to podst\u0119pna choroba - REGBU.COM","description":"Czy wiesz, co oznacza kleszczowe zapalenie m\u00f3zgu? Jest to do\u015b\u0107 powa\u017cna choroba, kt\u00f3r\u0105 wyja\u015bnimy bardziej szczeg\u00f3\u0142owo.","robots":{"index":"index","follow":"follow","max-snippet":"max-snippet:-1","max-image-preview":"max-image-preview:large","max-video-preview":"max-video-preview:-1"},"canonical":"https:\/\/regbu.com\/pl\/enema-encephalitis-is-a-background-disease\/","og_locale":"pl_PL","og_type":"article","og_title":"Kl\u00ed\u0161\u0165ov\u00e1 encefalitida je z\u00e1ke\u0159nou nemoc\u00ed - REGBU.COM","og_description":"V\u00edte, co si p\u0159edstavit pod pojmem kl\u00ed\u0161\u0165ov\u00e1 encefalitida? Jde o pom\u011brn\u011b z\u00e1va\u017en\u00e9 onemocn\u011bn\u00ed, kter\u00e9 V\u00e1m podrovn\u011bji p\u0159ibl\u00ed\u017e\u00edme.","og_url":"https:\/\/regbu.com\/pl\/enema-encephalitis-is-a-background-disease\/","og_site_name":"REGBU.COM","article_published_time":"2023-07-12T14:23:21+00:00","article_modified_time":"2025-09-05T05:41:18+00:00","og_image":[{"width":1200,"height":679,"url":"https:\/\/regbu.com\/wp-content\/uploads\/2023\/07\/klistova-encefalitida-je-zakernou-nemoci.jpg","type":"image\/jpeg"}],"author":"George Martin","twitter_card":"summary_large_image","twitter_misc":{"Napisane przez":"George Martin","Szacowany czas czytania":"2 minuty"},"schema":{"@context":"https:\/\/schema.org","@graph":[{"@type":"Article","@id":"https:\/\/regbu.com\/pl\/enema-encephalitis-is-a-background-disease\/#article","isPartOf":{"@id":"https:\/\/regbu.com\/pl\/enema-encephalitis-is-a-background-disease\/"},"author":{"name":"George Martin","@id":"https:\/\/regbu.com\/en\/#\/schema\/person\/94ea9deda2629771b8a9ced002f6784e"},"headline":"Kl\u00ed\u0161\u0165ov\u00e1 encefalitida je z\u00e1ke\u0159nou nemoc\u00ed","datePublished":"2023-07-12T14:23:21+00:00","dateModified":"2025-09-05T05:41:18+00:00","mainEntityOfPage":{"@id":"https:\/\/regbu.com\/pl\/enema-encephalitis-is-a-background-disease\/"},"wordCount":443,"image":{"@id":"https:\/\/regbu.com\/pl\/enema-encephalitis-is-a-background-disease\/#primaryimage"},"thumbnailUrl":"https:\/\/regbu.com\/wp-content\/uploads\/2023\/07\/klistova-encefalitida-je-zakernou-nemoci.jpg","keywords":["bolest","boreli\u00f3za","encefalitida","kl\u00ed\u0161t\u011b","kl\u00ed\u0161\u0165ov\u00e1 encefalitida","l\u00e9\u010dba","n\u00e1sle\u010dky","nemoc","onemocn\u011bn\u00ed","zvracen\u00ed"],"articleSection":["Lidsk\u00e9 Zdrav\u00ed"],"inLanguage":"pl-PL"},{"@type":"WebPage","@id":"https:\/\/regbu.com\/pl\/enema-encephalitis-is-a-background-disease\/","url":"https:\/\/regbu.com\/pl\/enema-encephalitis-is-a-background-disease\/","name":"Kleszczowe zapalenie m\u00f3zgu to podst\u0119pna choroba - REGBU.COM","isPartOf":{"@id":"https:\/\/regbu.com\/en\/#website"},"primaryImageOfPage":{"@id":"https:\/\/regbu.com\/pl\/enema-encephalitis-is-a-background-disease\/#primaryimage"},"image":{"@id":"https:\/\/regbu.com\/pl\/enema-encephalitis-is-a-background-disease\/#primaryimage"},"thumbnailUrl":"https:\/\/regbu.com\/wp-content\/uploads\/2023\/07\/klistova-encefalitida-je-zakernou-nemoci.jpg","datePublished":"2023-07-12T14:23:21+00:00","dateModified":"2025-09-05T05:41:18+00:00","author":{"@id":"https:\/\/regbu.com\/en\/#\/schema\/person\/94ea9deda2629771b8a9ced002f6784e"},"description":"Czy wiesz, co oznacza kleszczowe zapalenie m\u00f3zgu? Jest to do\u015b\u0107 powa\u017cna choroba, kt\u00f3r\u0105 wyja\u015bnimy bardziej szczeg\u00f3\u0142owo.","breadcrumb":{"@id":"https:\/\/regbu.com\/pl\/enema-encephalitis-is-a-background-disease\/#breadcrumb"},"inLanguage":"pl-PL","potentialAction":[{"@type":"ReadAction","target":["https:\/\/regbu.com\/pl\/enema-encephalitis-is-a-background-disease\/"]}]},{"@type":"ImageObject","inLanguage":"pl-PL","@id":"https:\/\/regbu.com\/pl\/enema-encephalitis-is-a-background-disease\/#primaryimage","url":"https:\/\/regbu.com\/wp-content\/uploads\/2023\/07\/klistova-encefalitida-je-zakernou-nemoci.jpg","contentUrl":"https:\/\/regbu.com\/wp-content\/uploads\/2023\/07\/klistova-encefalitida-je-zakernou-nemoci.jpg","width":1200,"height":679,"caption":"Kl\u00ed\u0161\u0165ov\u00e1 encefalitida je z\u00e1ke\u0159nou nemoc\u00ed"},{"@type":"BreadcrumbList","@id":"https:\/\/regbu.com\/pl\/enema-encephalitis-is-a-background-disease\/#breadcrumb","itemListElement":[{"@type":"ListItem","position":1,"name":"Home","item":"https:\/\/regbu.com\/en\/"},{"@type":"ListItem","position":2,"name":"Kl\u00ed\u0161\u0165ov\u00e1 encefalitida je z\u00e1ke\u0159nou nemoc\u00ed"}]},{"@type":"WebSite","@id":"https:\/\/regbu.com\/en\/#website","url":"https:\/\/regbu.com\/en\/","name":"REGBU.COM","description":"","potentialAction":[{"@type":"SearchAction","target":{"@type":"EntryPoint","urlTemplate":"https:\/\/regbu.com\/en\/?s={search_term_string}"},"query-input":{"@type":"PropertyValueSpecification","valueRequired":true,"valueName":"search_term_string"}}],"inLanguage":"pl-PL"},{"@type":"Person","@id":"https:\/\/regbu.com\/en\/#\/schema\/person\/94ea9deda2629771b8a9ced002f6784e","name":"George Martin","url":"https:\/\/regbu.com\/pl\/author\/george-martin\/"}]}},"_links":{"self":[{"href":"https:\/\/regbu.com\/pl\/wp-json\/wp\/v2\/posts\/1010","targetHints":{"allow":["GET"]}}],"collection":[{"href":"https:\/\/regbu.com\/pl\/wp-json\/wp\/v2\/posts"}],"about":[{"href":"https:\/\/regbu.com\/pl\/wp-json\/wp\/v2\/types\/post"}],"author":[{"embeddable":true,"href":"https:\/\/regbu.com\/pl\/wp-json\/wp\/v2\/users\/2"}],"replies":[{"embeddable":true,"href":"https:\/\/regbu.com\/pl\/wp-json\/wp\/v2\/comments?post=1010"}],"version-history":[{"count":2,"href":"https:\/\/regbu.com\/pl\/wp-json\/wp\/v2\/posts\/1010\/revisions"}],"predecessor-version":[{"id":1025,"href":"https:\/\/regbu.com\/pl\/wp-json\/wp\/v2\/posts\/1010\/revisions\/1025"}],"wp:featuredmedia":[{"embeddable":true,"href":"https:\/\/regbu.com\/pl\/wp-json\/wp\/v2\/media\/1011"}],"wp:attachment":[{"href":"https:\/\/regbu.com\/pl\/wp-json\/wp\/v2\/media?parent=1010"}],"wp:term":[{"taxonomy":"category","embeddable":true,"href":"https:\/\/regbu.com\/pl\/wp-json\/wp\/v2\/categories?post=1010"},{"taxonomy":"post_tag","embeddable":true,"href":"https:\/\/regbu.com\/pl\/wp-json\/wp\/v2\/tags?post=1010"}],"curies":[{"name":"wp","href":"https:\/\/api.w.org\/{rel}","templated":true}]}}