{"id":993,"date":"2023-07-10T16:36:29","date_gmt":"2023-07-10T14:36:29","guid":{"rendered":"https:\/\/regbu.com\/?p=993"},"modified":"2025-09-05T07:41:25","modified_gmt":"2025-09-05T05:41:25","slug":"cepice-jako-skvely-modni-doplnek","status":"publish","type":"post","link":"https:\/\/regbu.com\/nl\/hoeden-als-schelpen-fashion-accessoire\/","title":{"rendered":"Petten als modeaccessoire"},"content":{"rendered":"<p>De pet is een integraal onderdeel van de outfit. Hij past zeker niet bij <strong><a href=\"https:\/\/regbu.com\/nl\/sociaal-pak-selecteer-nu\/\">naar een formeel pak<\/a><\/strong>Maar je kunt het in veel andere situaties gebruiken. Net als andere kleding heeft deze top verschillende variaties. We laten je er een paar in detail zien. We vertellen je ook welke pet je moet kiezen op basis van je gezichtsvorm.<\/p>\n\n\n\n<ul class=\"wp-block-list\">\n<li>Baret<\/li>\n\n\n\n<li>Cap<\/li>\n\n\n\n<li>Kulich<\/li>\n<\/ul>\n\n\n\n<p>Naast deze basistypen doppen kun je ook atypische doppen tegenkomen. Bijvoorbeeld <strong>chaka, solideo, biretta, papacha en slaapmutsje<\/strong>. Bij dit segment hoort ook een badmuts, maar die draag je niet in gezelschap.<\/p>\n\n\n\n<h2 class=\"wp-block-heading\">Ken de petten van A tot Z<\/h2>\n\n\n\n<p>Er zijn zeker geen grenzen wat betreft het uiteindelijke ontwerp van de doppen. Hun gevarieerde ontwerp draagt bij aan de basisverdeling. Typisch zijn bijvoorbeeld <strong>gevallen doppen<\/strong>die niet zo hoog op de loop zitten en meer naar achteren zijn verplaatst. Dan zijn er de petten met de onmiskenbare pompon, maar ook de lage. Je kunt ook klemmende petten, baretten of wintervarianten met een vizier vinden. De gebouwde en geperste modellen zijn een hoofdstuk op zich.<\/p>\n\n\n\n<h3 class=\"wp-block-heading\">Selectie op gezichtsvorm<\/h3>\n\n\n\n<p>Als je wilt dat je nieuwe petmodel zo goed mogelijk bij je past, <em>kies op basis van de vorm van je eigen gezicht<\/em>. Elk van hen is geschikt voor een andere versie van dit bovendeel. Ontdek meer met de vragen en antwoorden hieronder.<\/p>\n\n\n\n<div class=\"schema-faq wp-block-yoast-faq-block\"><div class=\"schema-faq-section\" id=\"faq-question-1688999629972\"><strong class=\"schema-faq-question\">Welke hoed kies je voor een ovaal gezicht?<\/strong> <p class=\"schema-faq-answer\">Dit type gezicht kan worden omschreven als universeel en in principe het beste. Je kunt elke kap gebruiken zonder beperkingen. Kortom, wat jij het prettigst vindt.<\/p> <\/div> <div class=\"schema-faq-section\" id=\"faq-question-1688999638865\"><strong class=\"schema-faq-question\">Wat is de ideale kap voor een vierkant gezicht?<\/strong> <p class=\"schema-faq-answer\">In dit geval moet je vrij hoge modellen kiezen. Je kunt de hoogte compenseren met de originele pompon.<\/p> <\/div> <div class=\"schema-faq-section\" id=\"faq-question-1688999645906\"><strong class=\"schema-faq-question\">Wat op een rond gezicht?<\/strong> <p class=\"schema-faq-answer\">Geef een rond gezicht een lossere stijl. Richt je op asymmetrische modellen die je schoonheid nog vergroten.<\/p> <\/div> <div class=\"schema-faq-section\" id=\"faq-question-1688999653863\"><strong class=\"schema-faq-question\">Wat dacht je van een driehoekig gezicht?<\/strong> <p class=\"schema-faq-answer\">Met dit gezicht kun je vertrouwen op klassieke petten, of kiezen voor de gevallen exemplaren.<\/p> <\/div> <div class=\"schema-faq-section\" id=\"faq-question-1688999663780\"><strong class=\"schema-faq-question\">Wat te dragen bij een hartvormig gezicht?<\/strong> <p class=\"schema-faq-answer\">Hier geldt min of meer hetzelfde als bij het driehoekige gezicht. Je hoeft niet eens de spreekwoordelijke oorwarmers te vermijden.<\/p> <\/div> <\/div>","protected":false},"excerpt":{"rendered":"<p>De pet is een integraal onderdeel van de outfit. Hij past zeker niet bij een formeel pak, maar je kunt hem in veel andere situaties gebruiken. Net als andere kleding heeft ook deze top verschillende variaties. We laten je er een paar in detail zien. We vertellen je ook welke pet je moet kiezen op basis van je gezichtsvorm. Naast deze basistypen petten kun je ... <\/p>","protected":false},"author":2,"featured_media":994,"comment_status":"closed","ping_status":"closed","sticky":false,"template":"","format":"standard","meta":{"footnotes":""},"categories":[671],"tags":[988,992,994,987,989,991,979,990,993,980],"class_list":["post-993","post","type-post","status-publish","format-standard","has-post-thumbnail","hentry","category-moda","tag-baret","tag-bekovka","tag-biret","tag-cepice","tag-ksiltovka","tag-kulich","tag-oblicej","tag-spadle-cepice","tag-tvar-obliceje","tag-typ-obliceje"],"yoast_head":"<!-- This site is optimized with the Yoast SEO plugin v27.4 - https:\/\/yoast.com\/product\/yoast-seo-wordpress\/ -->\n<title>\u010cepice jako skv\u011bl\u00fd m\u00f3dn\u00ed dopln\u011bk - REGBU.COM<\/title>\n<meta name=\"description\" content=\"Nev\u00edte, jak\u00e9 zvolit \u010depice na hlavu? Pak vych\u00e1zejte z tvaru sv\u00e9ho obli\u010deje. Ten V\u00e1m v tomto sm\u011bru hodn\u011b napov\u00ed.\" \/>\n<meta name=\"robots\" content=\"index, follow, max-snippet:-1, max-image-preview:large, max-video-preview:-1\" \/>\n<link rel=\"canonical\" href=\"https:\/\/regbu.com\/nl\/hoeden-als-schelpen-fashion-accessoire\/\" \/>\n<meta property=\"og:locale\" content=\"nl_NL\" \/>\n<meta property=\"og:type\" content=\"article\" \/>\n<meta property=\"og:title\" content=\"\u010cepice jako skv\u011bl\u00fd m\u00f3dn\u00ed dopln\u011bk - REGBU.COM\" \/>\n<meta property=\"og:description\" content=\"Nev\u00edte, jak\u00e9 zvolit \u010depice na hlavu? Pak vych\u00e1zejte z tvaru sv\u00e9ho obli\u010deje. Ten V\u00e1m v tomto sm\u011bru hodn\u011b napov\u00ed.\" \/>\n<meta property=\"og:url\" content=\"https:\/\/regbu.com\/nl\/hoeden-als-schelpen-fashion-accessoire\/\" \/>\n<meta property=\"og:site_name\" content=\"REGBU.COM\" \/>\n<meta property=\"article:published_time\" content=\"2023-07-10T14:36:29+00:00\" \/>\n<meta property=\"article:modified_time\" content=\"2025-09-05T05:41:25+00:00\" \/>\n<meta property=\"og:image\" content=\"https:\/\/regbu.com\/wp-content\/uploads\/2023\/07\/cepice-jako-skvely-modni-doplnek.jpg\" \/>\n\t<meta property=\"og:image:width\" content=\"1200\" \/>\n\t<meta property=\"og:image:height\" content=\"678\" \/>\n\t<meta property=\"og:image:type\" content=\"image\/jpeg\" \/>\n<meta name=\"author\" content=\"George Martin\" \/>\n<meta name=\"twitter:card\" content=\"summary_large_image\" \/>\n<meta name=\"twitter:label1\" content=\"Geschreven door\" \/>\n\t<meta name=\"twitter:data1\" content=\"George Martin\" \/>\n\t<meta name=\"twitter:label2\" content=\"Geschatte leestijd\" \/>\n\t<meta name=\"twitter:data2\" content=\"2 minuten\" \/>\n<script type=\"application\/ld+json\" class=\"yoast-schema-graph\">{\"@context\":\"https:\\\/\\\/schema.org\",\"@graph\":[{\"@type\":\"Article\",\"@id\":\"https:\\\/\\\/regbu.com\\\/nl\\\/hoeden-als-schelpen-fashion-accessoire\\\/#article\",\"isPartOf\":{\"@id\":\"https:\\\/\\\/regbu.com\\\/nl\\\/hoeden-als-schelpen-fashion-accessoire\\\/\"},\"author\":{\"name\":\"George Martin\",\"@id\":\"https:\\\/\\\/regbu.com\\\/en\\\/#\\\/schema\\\/person\\\/94ea9deda2629771b8a9ced002f6784e\"},\"headline\":\"\u010cepice jako skv\u011bl\u00fd m\u00f3dn\u00ed dopln\u011bk\",\"datePublished\":\"2023-07-10T14:36:29+00:00\",\"dateModified\":\"2025-09-05T05:41:25+00:00\",\"mainEntityOfPage\":{\"@id\":\"https:\\\/\\\/regbu.com\\\/nl\\\/hoeden-als-schelpen-fashion-accessoire\\\/\"},\"wordCount\":451,\"image\":{\"@id\":\"https:\\\/\\\/regbu.com\\\/nl\\\/hoeden-als-schelpen-fashion-accessoire\\\/#primaryimage\"},\"thumbnailUrl\":\"https:\\\/\\\/regbu.com\\\/wp-content\\\/uploads\\\/2023\\\/07\\\/cepice-jako-skvely-modni-doplnek.jpg\",\"keywords\":[\"baret\",\"bekovka\",\"biret\",\"\u010depice\",\"k\u0161iltovka\",\"kulich\",\"obli\u010dej\",\"spadl\u00e9 \u010depice\",\"tvar obli\u010deje\",\"typ obli\u010deje\"],\"articleSection\":[\"M\u00f3da\"],\"inLanguage\":\"nl-NL\"},{\"@type\":[\"WebPage\",\"FAQPage\"],\"@id\":\"https:\\\/\\\/regbu.com\\\/nl\\\/hoeden-als-schelpen-fashion-accessoire\\\/\",\"url\":\"https:\\\/\\\/regbu.com\\\/nl\\\/hoeden-als-schelpen-fashion-accessoire\\\/\",\"name\":\"\u010cepice jako skv\u011bl\u00fd m\u00f3dn\u00ed dopln\u011bk - REGBU.COM\",\"isPartOf\":{\"@id\":\"https:\\\/\\\/regbu.com\\\/en\\\/#website\"},\"primaryImageOfPage\":{\"@id\":\"https:\\\/\\\/regbu.com\\\/nl\\\/hoeden-als-schelpen-fashion-accessoire\\\/#primaryimage\"},\"image\":{\"@id\":\"https:\\\/\\\/regbu.com\\\/nl\\\/hoeden-als-schelpen-fashion-accessoire\\\/#primaryimage\"},\"thumbnailUrl\":\"https:\\\/\\\/regbu.com\\\/wp-content\\\/uploads\\\/2023\\\/07\\\/cepice-jako-skvely-modni-doplnek.jpg\",\"datePublished\":\"2023-07-10T14:36:29+00:00\",\"dateModified\":\"2025-09-05T05:41:25+00:00\",\"author\":{\"@id\":\"https:\\\/\\\/regbu.com\\\/en\\\/#\\\/schema\\\/person\\\/94ea9deda2629771b8a9ced002f6784e\"},\"description\":\"Nev\u00edte, jak\u00e9 zvolit \u010depice na hlavu? Pak vych\u00e1zejte z tvaru sv\u00e9ho obli\u010deje. Ten V\u00e1m v tomto sm\u011bru hodn\u011b napov\u00ed.\",\"breadcrumb\":{\"@id\":\"https:\\\/\\\/regbu.com\\\/nl\\\/hoeden-als-schelpen-fashion-accessoire\\\/#breadcrumb\"},\"mainEntity\":[{\"@id\":\"https:\\\/\\\/regbu.com\\\/nl\\\/hoeden-als-schelpen-fashion-accessoire\\\/#faq-question-1688999629972\"},{\"@id\":\"https:\\\/\\\/regbu.com\\\/nl\\\/hoeden-als-schelpen-fashion-accessoire\\\/#faq-question-1688999638865\"},{\"@id\":\"https:\\\/\\\/regbu.com\\\/nl\\\/hoeden-als-schelpen-fashion-accessoire\\\/#faq-question-1688999645906\"},{\"@id\":\"https:\\\/\\\/regbu.com\\\/nl\\\/hoeden-als-schelpen-fashion-accessoire\\\/#faq-question-1688999653863\"},{\"@id\":\"https:\\\/\\\/regbu.com\\\/nl\\\/hoeden-als-schelpen-fashion-accessoire\\\/#faq-question-1688999663780\"}],\"inLanguage\":\"nl-NL\",\"potentialAction\":[{\"@type\":\"ReadAction\",\"target\":[\"https:\\\/\\\/regbu.com\\\/nl\\\/hoeden-als-schelpen-fashion-accessoire\\\/\"]}]},{\"@type\":\"ImageObject\",\"inLanguage\":\"nl-NL\",\"@id\":\"https:\\\/\\\/regbu.com\\\/nl\\\/hoeden-als-schelpen-fashion-accessoire\\\/#primaryimage\",\"url\":\"https:\\\/\\\/regbu.com\\\/wp-content\\\/uploads\\\/2023\\\/07\\\/cepice-jako-skvely-modni-doplnek.jpg\",\"contentUrl\":\"https:\\\/\\\/regbu.com\\\/wp-content\\\/uploads\\\/2023\\\/07\\\/cepice-jako-skvely-modni-doplnek.jpg\",\"width\":1200,\"height\":678,\"caption\":\"\u010cepice jako skv\u011bl\u00fd m\u00f3dn\u00ed dopln\u011bk\"},{\"@type\":\"BreadcrumbList\",\"@id\":\"https:\\\/\\\/regbu.com\\\/nl\\\/hoeden-als-schelpen-fashion-accessoire\\\/#breadcrumb\",\"itemListElement\":[{\"@type\":\"ListItem\",\"position\":1,\"name\":\"Home\",\"item\":\"https:\\\/\\\/regbu.com\\\/en\\\/\"},{\"@type\":\"ListItem\",\"position\":2,\"name\":\"\u010cepice jako skv\u011bl\u00fd m\u00f3dn\u00ed dopln\u011bk\"}]},{\"@type\":\"WebSite\",\"@id\":\"https:\\\/\\\/regbu.com\\\/en\\\/#website\",\"url\":\"https:\\\/\\\/regbu.com\\\/en\\\/\",\"name\":\"REGBU.COM\",\"description\":\"\",\"potentialAction\":[{\"@type\":\"SearchAction\",\"target\":{\"@type\":\"EntryPoint\",\"urlTemplate\":\"https:\\\/\\\/regbu.com\\\/en\\\/?s={search_term_string}\"},\"query-input\":{\"@type\":\"PropertyValueSpecification\",\"valueRequired\":true,\"valueName\":\"search_term_string\"}}],\"inLanguage\":\"nl-NL\"},{\"@type\":\"Person\",\"@id\":\"https:\\\/\\\/regbu.com\\\/en\\\/#\\\/schema\\\/person\\\/94ea9deda2629771b8a9ced002f6784e\",\"name\":\"George Martin\",\"url\":\"https:\\\/\\\/regbu.com\\\/nl\\\/author\\\/george-martin\\\/\"},{\"@type\":\"Question\",\"@id\":\"https:\\\/\\\/regbu.com\\\/nl\\\/hoeden-als-schelpen-fashion-accessoire\\\/#faq-question-1688999629972\",\"position\":1,\"url\":\"https:\\\/\\\/regbu.com\\\/nl\\\/hoeden-als-schelpen-fashion-accessoire\\\/#faq-question-1688999629972\",\"name\":\"Jakou zvolit \u010depici pro ov\u00e1ln\u00fd obli\u010dej?\",\"answerCount\":1,\"acceptedAnswer\":{\"@type\":\"Answer\",\"text\":\"Tento typ obli\u010deje lze ozna\u010dit za univerz\u00e1ln\u00ed a v podstat\u011b nejlep\u0161\u00ed. Pou\u017e\u00edt m\u016f\u017eete libovolnou \u010depku bez jak\u00e9hokoliv omezov\u00e1n\u00ed. Zkr\u00e1tka, co se V\u00e1m l\u00edb\u00ed nejv\u00edce.\",\"inLanguage\":\"nl-NL\"},\"inLanguage\":\"nl-NL\"},{\"@type\":\"Question\",\"@id\":\"https:\\\/\\\/regbu.com\\\/nl\\\/hoeden-als-schelpen-fashion-accessoire\\\/#faq-question-1688999638865\",\"position\":2,\"url\":\"https:\\\/\\\/regbu.com\\\/nl\\\/hoeden-als-schelpen-fashion-accessoire\\\/#faq-question-1688999638865\",\"name\":\"Jak\u00e1 je ide\u00e1ln\u00ed \u010depka pro hranat\u00fd obli\u010dej?\",\"answerCount\":1,\"acceptedAnswer\":{\"@type\":\"Answer\",\"text\":\"V tomto p\u0159\u00edpad\u011b byste m\u011bli zvolit sp\u00ed\u0161e vysok\u00e9 modely. V\u00fd\u0161ku m\u016f\u017eete dohnat origin\u00e1ln\u00ed bambul\u00ed.\",\"inLanguage\":\"nl-NL\"},\"inLanguage\":\"nl-NL\"},{\"@type\":\"Question\",\"@id\":\"https:\\\/\\\/regbu.com\\\/nl\\\/hoeden-als-schelpen-fashion-accessoire\\\/#faq-question-1688999645906\",\"position\":3,\"url\":\"https:\\\/\\\/regbu.com\\\/nl\\\/hoeden-als-schelpen-fashion-accessoire\\\/#faq-question-1688999645906\",\"name\":\"Co si nasadit na kulat\u00fd obli\u010dej?\",\"answerCount\":1,\"acceptedAnswer\":{\"@type\":\"Answer\",\"text\":\"Kulat\u00e9mu obli\u010deji dop\u0159ejte voln\u011bj\u0161\u00ed styl. Zam\u011b\u0159te se na asymetrick\u00e9 modely, kter\u00e9 V\u00e1m dodaj\u00ed na kr\u00e1se.\",\"inLanguage\":\"nl-NL\"},\"inLanguage\":\"nl-NL\"},{\"@type\":\"Question\",\"@id\":\"https:\\\/\\\/regbu.com\\\/nl\\\/hoeden-als-schelpen-fashion-accessoire\\\/#faq-question-1688999653863\",\"position\":4,\"url\":\"https:\\\/\\\/regbu.com\\\/nl\\\/hoeden-als-schelpen-fashion-accessoire\\\/#faq-question-1688999653863\",\"name\":\"Jak je to u troj\u00faheln\u00edkov\u00e9ho obli\u010deje?\",\"answerCount\":1,\"acceptedAnswer\":{\"@type\":\"Answer\",\"text\":\"S t\u00edmto obli\u010dejem se m\u016f\u017eete spolehnout na klasick\u00e9 \u010depice, pop\u0159\u00edpad\u011b zvol\u00edte ty spadl\u00e9.\",\"inLanguage\":\"nl-NL\"},\"inLanguage\":\"nl-NL\"},{\"@type\":\"Question\",\"@id\":\"https:\\\/\\\/regbu.com\\\/nl\\\/hoeden-als-schelpen-fashion-accessoire\\\/#faq-question-1688999663780\",\"position\":5,\"url\":\"https:\\\/\\\/regbu.com\\\/nl\\\/hoeden-als-schelpen-fashion-accessoire\\\/#faq-question-1688999663780\",\"name\":\"Co nosit s obli\u010dejem ve tvaru srdce?\",\"answerCount\":1,\"acceptedAnswer\":{\"@type\":\"Answer\",\"text\":\"Zde plat\u00ed v\u00edcem\u00e9n\u011b to sam\u00e9, jako u troj\u00faheln\u00edkov\u00e9ho obli\u010deje. Vyh\u00fdbat se nemus\u00edte ani pov\u011bstn\u00fdm klapk\u00e1m na u\u0161i.\",\"inLanguage\":\"nl-NL\"},\"inLanguage\":\"nl-NL\"}]}<\/script>\n<!-- \/ Yoast SEO plugin. -->","yoast_head_json":{"title":"Petten als modeaccessoire - REGBU.COM","description":"Weet je niet wat je moet kiezen voor een pet voor je hoofd? Baseer je dan op de vorm van je gezicht. Dat zal je veel vertellen.","robots":{"index":"index","follow":"follow","max-snippet":"max-snippet:-1","max-image-preview":"max-image-preview:large","max-video-preview":"max-video-preview:-1"},"canonical":"https:\/\/regbu.com\/nl\/hoeden-als-schelpen-fashion-accessoire\/","og_locale":"nl_NL","og_type":"article","og_title":"\u010cepice jako skv\u011bl\u00fd m\u00f3dn\u00ed dopln\u011bk - REGBU.COM","og_description":"Nev\u00edte, jak\u00e9 zvolit \u010depice na hlavu? Pak vych\u00e1zejte z tvaru sv\u00e9ho obli\u010deje. Ten V\u00e1m v tomto sm\u011bru hodn\u011b napov\u00ed.","og_url":"https:\/\/regbu.com\/nl\/hoeden-als-schelpen-fashion-accessoire\/","og_site_name":"REGBU.COM","article_published_time":"2023-07-10T14:36:29+00:00","article_modified_time":"2025-09-05T05:41:25+00:00","og_image":[{"width":1200,"height":678,"url":"https:\/\/regbu.com\/wp-content\/uploads\/2023\/07\/cepice-jako-skvely-modni-doplnek.jpg","type":"image\/jpeg"}],"author":"George Martin","twitter_card":"summary_large_image","twitter_misc":{"Geschreven door":"George Martin","Geschatte leestijd":"2 minuten"},"schema":{"@context":"https:\/\/schema.org","@graph":[{"@type":"Article","@id":"https:\/\/regbu.com\/nl\/hoeden-als-schelpen-fashion-accessoire\/#article","isPartOf":{"@id":"https:\/\/regbu.com\/nl\/hoeden-als-schelpen-fashion-accessoire\/"},"author":{"name":"George Martin","@id":"https:\/\/regbu.com\/en\/#\/schema\/person\/94ea9deda2629771b8a9ced002f6784e"},"headline":"\u010cepice jako skv\u011bl\u00fd m\u00f3dn\u00ed dopln\u011bk","datePublished":"2023-07-10T14:36:29+00:00","dateModified":"2025-09-05T05:41:25+00:00","mainEntityOfPage":{"@id":"https:\/\/regbu.com\/nl\/hoeden-als-schelpen-fashion-accessoire\/"},"wordCount":451,"image":{"@id":"https:\/\/regbu.com\/nl\/hoeden-als-schelpen-fashion-accessoire\/#primaryimage"},"thumbnailUrl":"https:\/\/regbu.com\/wp-content\/uploads\/2023\/07\/cepice-jako-skvely-modni-doplnek.jpg","keywords":["baret","bekovka","biret","\u010depice","k\u0161iltovka","kulich","obli\u010dej","spadl\u00e9 \u010depice","tvar obli\u010deje","typ obli\u010deje"],"articleSection":["M\u00f3da"],"inLanguage":"nl-NL"},{"@type":["WebPage","FAQPage"],"@id":"https:\/\/regbu.com\/nl\/hoeden-als-schelpen-fashion-accessoire\/","url":"https:\/\/regbu.com\/nl\/hoeden-als-schelpen-fashion-accessoire\/","name":"Petten als modeaccessoire - REGBU.COM","isPartOf":{"@id":"https:\/\/regbu.com\/en\/#website"},"primaryImageOfPage":{"@id":"https:\/\/regbu.com\/nl\/hoeden-als-schelpen-fashion-accessoire\/#primaryimage"},"image":{"@id":"https:\/\/regbu.com\/nl\/hoeden-als-schelpen-fashion-accessoire\/#primaryimage"},"thumbnailUrl":"https:\/\/regbu.com\/wp-content\/uploads\/2023\/07\/cepice-jako-skvely-modni-doplnek.jpg","datePublished":"2023-07-10T14:36:29+00:00","dateModified":"2025-09-05T05:41:25+00:00","author":{"@id":"https:\/\/regbu.com\/en\/#\/schema\/person\/94ea9deda2629771b8a9ced002f6784e"},"description":"Weet je niet wat je moet kiezen voor een pet voor je hoofd? Baseer je dan op de vorm van je gezicht. Dat zal je veel vertellen.","breadcrumb":{"@id":"https:\/\/regbu.com\/nl\/hoeden-als-schelpen-fashion-accessoire\/#breadcrumb"},"mainEntity":[{"@id":"https:\/\/regbu.com\/nl\/hoeden-als-schelpen-fashion-accessoire\/#faq-question-1688999629972"},{"@id":"https:\/\/regbu.com\/nl\/hoeden-als-schelpen-fashion-accessoire\/#faq-question-1688999638865"},{"@id":"https:\/\/regbu.com\/nl\/hoeden-als-schelpen-fashion-accessoire\/#faq-question-1688999645906"},{"@id":"https:\/\/regbu.com\/nl\/hoeden-als-schelpen-fashion-accessoire\/#faq-question-1688999653863"},{"@id":"https:\/\/regbu.com\/nl\/hoeden-als-schelpen-fashion-accessoire\/#faq-question-1688999663780"}],"inLanguage":"nl-NL","potentialAction":[{"@type":"ReadAction","target":["https:\/\/regbu.com\/nl\/hoeden-als-schelpen-fashion-accessoire\/"]}]},{"@type":"ImageObject","inLanguage":"nl-NL","@id":"https:\/\/regbu.com\/nl\/hoeden-als-schelpen-fashion-accessoire\/#primaryimage","url":"https:\/\/regbu.com\/wp-content\/uploads\/2023\/07\/cepice-jako-skvely-modni-doplnek.jpg","contentUrl":"https:\/\/regbu.com\/wp-content\/uploads\/2023\/07\/cepice-jako-skvely-modni-doplnek.jpg","width":1200,"height":678,"caption":"\u010cepice jako skv\u011bl\u00fd m\u00f3dn\u00ed dopln\u011bk"},{"@type":"BreadcrumbList","@id":"https:\/\/regbu.com\/nl\/hoeden-als-schelpen-fashion-accessoire\/#breadcrumb","itemListElement":[{"@type":"ListItem","position":1,"name":"Home","item":"https:\/\/regbu.com\/en\/"},{"@type":"ListItem","position":2,"name":"\u010cepice jako skv\u011bl\u00fd m\u00f3dn\u00ed dopln\u011bk"}]},{"@type":"WebSite","@id":"https:\/\/regbu.com\/en\/#website","url":"https:\/\/regbu.com\/en\/","name":"REGBU.COM","description":"","potentialAction":[{"@type":"SearchAction","target":{"@type":"EntryPoint","urlTemplate":"https:\/\/regbu.com\/en\/?s={search_term_string}"},"query-input":{"@type":"PropertyValueSpecification","valueRequired":true,"valueName":"search_term_string"}}],"inLanguage":"nl-NL"},{"@type":"Person","@id":"https:\/\/regbu.com\/en\/#\/schema\/person\/94ea9deda2629771b8a9ced002f6784e","name":"George Martin","url":"https:\/\/regbu.com\/nl\/author\/george-martin\/"},{"@type":"Question","@id":"https:\/\/regbu.com\/nl\/hoeden-als-schelpen-fashion-accessoire\/#faq-question-1688999629972","position":1,"url":"https:\/\/regbu.com\/nl\/hoeden-als-schelpen-fashion-accessoire\/#faq-question-1688999629972","name":"Welke hoed kies je voor een ovaal gezicht?","answerCount":1,"acceptedAnswer":{"@type":"Answer","text":"Tento typ obli\u010deje lze ozna\u010dit za univerz\u00e1ln\u00ed a v podstat\u011b nejlep\u0161\u00ed. Pou\u017e\u00edt m\u016f\u017eete libovolnou \u010depku bez jak\u00e9hokoliv omezov\u00e1n\u00ed. Zkr\u00e1tka, co se V\u00e1m l\u00edb\u00ed nejv\u00edce.","inLanguage":"nl-NL"},"inLanguage":"nl-NL"},{"@type":"Question","@id":"https:\/\/regbu.com\/nl\/hoeden-als-schelpen-fashion-accessoire\/#faq-question-1688999638865","position":2,"url":"https:\/\/regbu.com\/nl\/hoeden-als-schelpen-fashion-accessoire\/#faq-question-1688999638865","name":"Wat is de ideale kap voor een vierkant gezicht?","answerCount":1,"acceptedAnswer":{"@type":"Answer","text":"V tomto p\u0159\u00edpad\u011b byste m\u011bli zvolit sp\u00ed\u0161e vysok\u00e9 modely. V\u00fd\u0161ku m\u016f\u017eete dohnat origin\u00e1ln\u00ed bambul\u00ed.","inLanguage":"nl-NL"},"inLanguage":"nl-NL"},{"@type":"Question","@id":"https:\/\/regbu.com\/nl\/hoeden-als-schelpen-fashion-accessoire\/#faq-question-1688999645906","position":3,"url":"https:\/\/regbu.com\/nl\/hoeden-als-schelpen-fashion-accessoire\/#faq-question-1688999645906","name":"Wat op een rond gezicht?","answerCount":1,"acceptedAnswer":{"@type":"Answer","text":"Kulat\u00e9mu obli\u010deji dop\u0159ejte voln\u011bj\u0161\u00ed styl. Zam\u011b\u0159te se na asymetrick\u00e9 modely, kter\u00e9 V\u00e1m dodaj\u00ed na kr\u00e1se.","inLanguage":"nl-NL"},"inLanguage":"nl-NL"},{"@type":"Question","@id":"https:\/\/regbu.com\/nl\/hoeden-als-schelpen-fashion-accessoire\/#faq-question-1688999653863","position":4,"url":"https:\/\/regbu.com\/nl\/hoeden-als-schelpen-fashion-accessoire\/#faq-question-1688999653863","name":"Wat dacht je van een driehoekig gezicht?","answerCount":1,"acceptedAnswer":{"@type":"Answer","text":"S t\u00edmto obli\u010dejem se m\u016f\u017eete spolehnout na klasick\u00e9 \u010depice, pop\u0159\u00edpad\u011b zvol\u00edte ty spadl\u00e9.","inLanguage":"nl-NL"},"inLanguage":"nl-NL"},{"@type":"Question","@id":"https:\/\/regbu.com\/nl\/hoeden-als-schelpen-fashion-accessoire\/#faq-question-1688999663780","position":5,"url":"https:\/\/regbu.com\/nl\/hoeden-als-schelpen-fashion-accessoire\/#faq-question-1688999663780","name":"Wat te dragen bij een hartvormig gezicht?","answerCount":1,"acceptedAnswer":{"@type":"Answer","text":"Zde plat\u00ed v\u00edcem\u00e9n\u011b to sam\u00e9, jako u troj\u00faheln\u00edkov\u00e9ho obli\u010deje. Vyh\u00fdbat se nemus\u00edte ani pov\u011bstn\u00fdm klapk\u00e1m na u\u0161i.","inLanguage":"nl-NL"},"inLanguage":"nl-NL"}]}},"_links":{"self":[{"href":"https:\/\/regbu.com\/nl\/wp-json\/wp\/v2\/posts\/993","targetHints":{"allow":["GET"]}}],"collection":[{"href":"https:\/\/regbu.com\/nl\/wp-json\/wp\/v2\/posts"}],"about":[{"href":"https:\/\/regbu.com\/nl\/wp-json\/wp\/v2\/types\/post"}],"author":[{"embeddable":true,"href":"https:\/\/regbu.com\/nl\/wp-json\/wp\/v2\/users\/2"}],"replies":[{"embeddable":true,"href":"https:\/\/regbu.com\/nl\/wp-json\/wp\/v2\/comments?post=993"}],"version-history":[{"count":2,"href":"https:\/\/regbu.com\/nl\/wp-json\/wp\/v2\/posts\/993\/revisions"}],"predecessor-version":[{"id":1006,"href":"https:\/\/regbu.com\/nl\/wp-json\/wp\/v2\/posts\/993\/revisions\/1006"}],"wp:featuredmedia":[{"embeddable":true,"href":"https:\/\/regbu.com\/nl\/wp-json\/wp\/v2\/media\/994"}],"wp:attachment":[{"href":"https:\/\/regbu.com\/nl\/wp-json\/wp\/v2\/media?parent=993"}],"wp:term":[{"taxonomy":"category","embeddable":true,"href":"https:\/\/regbu.com\/nl\/wp-json\/wp\/v2\/categories?post=993"},{"taxonomy":"post_tag","embeddable":true,"href":"https:\/\/regbu.com\/nl\/wp-json\/wp\/v2\/tags?post=993"}],"curies":[{"name":"wp","href":"https:\/\/api.w.org\/{rel}","templated":true}]}}