{"id":858,"date":"2023-06-19T18:21:03","date_gmt":"2023-06-19T16:21:03","guid":{"rendered":"https:\/\/regbu.com\/?p=858"},"modified":"2025-09-05T07:42:18","modified_gmt":"2025-09-05T05:42:18","slug":"typ-postavy-rozhoduje-o-letnich-satech","status":"publish","type":"post","link":"https:\/\/regbu.com\/nl\/type-van-karakter-beslist-over-zomer-zaten\/","title":{"rendered":"Lichaamstype bepaalt zomerjurkjes"},"content":{"rendered":"<p>Lichaamstype is een belangrijk criterium bij het kiezen van kleding, en dit geldt dubbel voor vrouwen. Aangezien het zomerseizoen duidelijk wordt gedomineerd door <strong>Jurk<\/strong>We zullen ons richten op de selectie op basis van het algemene vrouwelijke lichaamstype. Het figuur kan verschillende vormen aannemen.<\/p>\n\n\n\n<ul class=\"wp-block-list\">\n<li>Peer<\/li>\n\n\n\n<li>Rechthoek<\/li>\n\n\n\n<li>Appel<\/li>\n<\/ul>\n\n\n\n<p>Sommige vrouwen hebben een lichaam dat lijkt op <em>omgekeerde driehoek<\/em>Anderen zijn zandlopers. Ze kunnen er allemaal prachtig uitzien. Je hoeft alleen maar de juiste jurk te kiezen op basis van je specifieke lichaamstype. Dan komt het kledingstuk in kwestie maximaal tot zijn recht.<\/p>\n\n\n\n<h2 class=\"wp-block-heading\">Zomerjurk voor peren<\/h2>\n\n\n\n<p>Ben jij een van die vrouwen die houdt van hedendaagse <strong><a href=\"https:\/\/regbu.com\/nl\/mode-stijlen-hedendaagse-periodes\/\">modestijlen<\/a><\/strong> en heb je een peervormig lichaamstype? Dan hebben we een praktische tip voor je. Kies voor een A-lijn rok die boven de knie moet eindigen. Dit is een rok die in de taille begint. Het zal je rondingen laten zien. Ruches moet je vermijden.<\/p>\n\n\n\n<h3 class=\"wp-block-heading\">Lichaamstype en gepaste kleding<\/h3>\n\n\n\n<p>En wat als je een appelvormig figuur hebt? Vergeet dan <strong>A-lijn rokken<\/strong> en ga een heel andere kant op. Je doel moet zijn om je figuur slanker te maken. Ga dus voor een hogere halslijn en ondersteun het onderste deel van de jurk met kleurrijke decors. Ze zullen je figuur een perfecte boost geven.<\/p>\n\n\n\n<div class=\"schema-faq wp-block-yoast-faq-block\"><div class=\"schema-faq-section\" id=\"faq-question-1687191497842\"><strong class=\"schema-faq-question\">Welke jurk kies je voor een rechthoekig figuur?<\/strong> <p class=\"schema-faq-answer\">Kortere jurken zijn beter voor dit lichaamstype. Je moet ook streven naar een getailleerd topje. Gebruik tegelijkertijd een riem om de vrouwelijke rondingen verder te accentueren.<\/p> <\/div> <div class=\"schema-faq-section\" id=\"faq-question-1687191504587\"><strong class=\"schema-faq-question\">Wat is het ideale figuur voor een zomerjurk?<\/strong> <p class=\"schema-faq-answer\">Geen zorgen en dilemma's je hebt niet te maken met een zandloperfiguur. Het is eigenlijk het ideale vrouwenfiguur.<\/p> <\/div> <div class=\"schema-faq-section\" id=\"faq-question-1687191512138\"><strong class=\"schema-faq-question\">Zijn er goede jurken voor kleinere vrouwen?<\/strong> <p class=\"schema-faq-answer\">Kies jurken met een lengte boven de knie. Kies verticale patronen om je figuur visueel te verbeteren.<\/p> <\/div> <div class=\"schema-faq-section\" id=\"faq-question-1687191520369\"><strong class=\"schema-faq-question\">Wat voor soort jurk is geschikt voor een omgekeerde driehoek?<\/strong> <p class=\"schema-faq-answer\">Heb je bredere schouders en grotere borsten? Wanhoop dan niet, want een v-hals is perfect voor jou. Gebruik kleur om de bovenkant van de jurk smaller te maken. Aan de onderkant kun je je een hogere split veroorloven.<\/p> <\/div> <div class=\"schema-faq-section\" id=\"faq-question-1687191529353\"><strong class=\"schema-faq-question\">Welke kleur moet ik kiezen voor een zomerjurk?<\/strong> <p class=\"schema-faq-answer\">Baseer het op je lichaamstype. Je kunt inzetten op monochrome jurken en felle kleuren.<\/p> <\/div> <\/div>","protected":false},"excerpt":{"rendered":"<p>Lichaamstype is een belangrijk criterium bij het kiezen van kleding, en dit geldt dubbel voor vrouwen. Omdat het zomerseizoen duidelijk wordt gedomineerd door jurken, zullen we ons richten op de selectie ervan op basis van het algemene vrouwelijke lichaamstype. Het figuur kan verschillende vormen aannemen. Sommige vrouwen hebben een omgekeerd driehoekig lichaam, anderen een zandloperlichaam. Alle ... <\/p>","protected":false},"author":2,"featured_media":859,"comment_status":"closed","ping_status":"closed","sticky":false,"template":"","format":"standard","meta":{"footnotes":""},"categories":[671],"tags":[739,740,737,80,735,716,736,734,730,738,733],"class_list":["post-858","post","type-post","status-publish","format-standard","has-post-thumbnail","hentry","category-moda","tag-ackova-sukne","tag-barva","tag-hruska","tag-jablko","tag-letni-saty","tag-moda","tag-obdelnik","tag-postava","tag-saty","tag-sukne","tag-typ-postavy"],"yoast_head":"<!-- This site is optimized with the Yoast SEO plugin v27.5 - https:\/\/yoast.com\/product\/yoast-seo-wordpress\/ -->\n<title>Typ postavy rozhoduje o letn\u00edch \u0161atech - REGBU.COM<\/title>\n<meta name=\"description\" content=\"Zjist\u011bte, jak\u00fd m\u00e1te typ postavy a pak si podle toho vybrat letn\u00ed \u0161aty. Uvid\u00edte, \u017ee V\u00e1m padnou p\u0159\u00edmo na t\u011blo.\" \/>\n<meta name=\"robots\" content=\"index, follow, max-snippet:-1, max-image-preview:large, max-video-preview:-1\" \/>\n<link rel=\"canonical\" href=\"https:\/\/regbu.com\/nl\/type-van-karakter-beslist-over-zomer-zaten\/\" \/>\n<meta property=\"og:locale\" content=\"nl_NL\" \/>\n<meta property=\"og:type\" content=\"article\" \/>\n<meta property=\"og:title\" content=\"Typ postavy rozhoduje o letn\u00edch \u0161atech - REGBU.COM\" \/>\n<meta property=\"og:description\" content=\"Zjist\u011bte, jak\u00fd m\u00e1te typ postavy a pak si podle toho vybrat letn\u00ed \u0161aty. Uvid\u00edte, \u017ee V\u00e1m padnou p\u0159\u00edmo na t\u011blo.\" \/>\n<meta property=\"og:url\" content=\"https:\/\/regbu.com\/nl\/type-van-karakter-beslist-over-zomer-zaten\/\" \/>\n<meta property=\"og:site_name\" content=\"REGBU.COM\" \/>\n<meta property=\"article:published_time\" content=\"2023-06-19T16:21:03+00:00\" \/>\n<meta property=\"article:modified_time\" content=\"2025-09-05T05:42:18+00:00\" \/>\n<meta property=\"og:image\" content=\"https:\/\/regbu.com\/wp-content\/uploads\/2023\/06\/typ-postavy-rozhoduje-o-letnich-satech.jpg\" \/>\n\t<meta property=\"og:image:width\" content=\"1200\" \/>\n\t<meta property=\"og:image:height\" content=\"679\" \/>\n\t<meta property=\"og:image:type\" content=\"image\/jpeg\" \/>\n<meta name=\"author\" content=\"George Martin\" \/>\n<meta name=\"twitter:card\" content=\"summary_large_image\" \/>\n<meta name=\"twitter:label1\" content=\"Geschreven door\" \/>\n\t<meta name=\"twitter:data1\" content=\"George Martin\" \/>\n\t<meta name=\"twitter:label2\" content=\"Geschatte leestijd\" \/>\n\t<meta name=\"twitter:data2\" content=\"2 minuten\" \/>\n<script type=\"application\/ld+json\" class=\"yoast-schema-graph\">{\"@context\":\"https:\\\/\\\/schema.org\",\"@graph\":[{\"@type\":\"Article\",\"@id\":\"https:\\\/\\\/regbu.com\\\/nl\\\/type-van-karakter-beslist-over-zomer-zaten\\\/#article\",\"isPartOf\":{\"@id\":\"https:\\\/\\\/regbu.com\\\/nl\\\/type-van-karakter-beslist-over-zomer-zaten\\\/\"},\"author\":{\"name\":\"George Martin\",\"@id\":\"https:\\\/\\\/regbu.com\\\/en\\\/#\\\/schema\\\/person\\\/94ea9deda2629771b8a9ced002f6784e\"},\"headline\":\"Typ postavy rozhoduje o letn\u00edch \u0161atech\",\"datePublished\":\"2023-06-19T16:21:03+00:00\",\"dateModified\":\"2025-09-05T05:42:18+00:00\",\"mainEntityOfPage\":{\"@id\":\"https:\\\/\\\/regbu.com\\\/nl\\\/type-van-karakter-beslist-over-zomer-zaten\\\/\"},\"wordCount\":458,\"image\":{\"@id\":\"https:\\\/\\\/regbu.com\\\/nl\\\/type-van-karakter-beslist-over-zomer-zaten\\\/#primaryimage\"},\"thumbnailUrl\":\"https:\\\/\\\/regbu.com\\\/wp-content\\\/uploads\\\/2023\\\/06\\\/typ-postavy-rozhoduje-o-letnich-satech.jpg\",\"keywords\":[\"\u00e1\u010dkov\u00e1 sukn\u011b\",\"barva\",\"hru\u0161ka\",\"jablko\",\"letn\u00ed \u0161aty\",\"m\u00f3da\",\"obd\u00e9ln\u00edk\",\"postava\",\"\u0161aty\",\"sukn\u011b\",\"typ postavy\"],\"articleSection\":[\"M\u00f3da\"],\"inLanguage\":\"nl-NL\"},{\"@type\":[\"WebPage\",\"FAQPage\"],\"@id\":\"https:\\\/\\\/regbu.com\\\/nl\\\/type-van-karakter-beslist-over-zomer-zaten\\\/\",\"url\":\"https:\\\/\\\/regbu.com\\\/nl\\\/type-van-karakter-beslist-over-zomer-zaten\\\/\",\"name\":\"Typ postavy rozhoduje o letn\u00edch \u0161atech - REGBU.COM\",\"isPartOf\":{\"@id\":\"https:\\\/\\\/regbu.com\\\/en\\\/#website\"},\"primaryImageOfPage\":{\"@id\":\"https:\\\/\\\/regbu.com\\\/nl\\\/type-van-karakter-beslist-over-zomer-zaten\\\/#primaryimage\"},\"image\":{\"@id\":\"https:\\\/\\\/regbu.com\\\/nl\\\/type-van-karakter-beslist-over-zomer-zaten\\\/#primaryimage\"},\"thumbnailUrl\":\"https:\\\/\\\/regbu.com\\\/wp-content\\\/uploads\\\/2023\\\/06\\\/typ-postavy-rozhoduje-o-letnich-satech.jpg\",\"datePublished\":\"2023-06-19T16:21:03+00:00\",\"dateModified\":\"2025-09-05T05:42:18+00:00\",\"author\":{\"@id\":\"https:\\\/\\\/regbu.com\\\/en\\\/#\\\/schema\\\/person\\\/94ea9deda2629771b8a9ced002f6784e\"},\"description\":\"Zjist\u011bte, jak\u00fd m\u00e1te typ postavy a pak si podle toho vybrat letn\u00ed \u0161aty. Uvid\u00edte, \u017ee V\u00e1m padnou p\u0159\u00edmo na t\u011blo.\",\"breadcrumb\":{\"@id\":\"https:\\\/\\\/regbu.com\\\/nl\\\/type-van-karakter-beslist-over-zomer-zaten\\\/#breadcrumb\"},\"mainEntity\":[{\"@id\":\"https:\\\/\\\/regbu.com\\\/nl\\\/type-van-karakter-beslist-over-zomer-zaten\\\/#faq-question-1687191497842\"},{\"@id\":\"https:\\\/\\\/regbu.com\\\/nl\\\/type-van-karakter-beslist-over-zomer-zaten\\\/#faq-question-1687191504587\"},{\"@id\":\"https:\\\/\\\/regbu.com\\\/nl\\\/type-van-karakter-beslist-over-zomer-zaten\\\/#faq-question-1687191512138\"},{\"@id\":\"https:\\\/\\\/regbu.com\\\/nl\\\/type-van-karakter-beslist-over-zomer-zaten\\\/#faq-question-1687191520369\"},{\"@id\":\"https:\\\/\\\/regbu.com\\\/nl\\\/type-van-karakter-beslist-over-zomer-zaten\\\/#faq-question-1687191529353\"}],\"inLanguage\":\"nl-NL\",\"potentialAction\":[{\"@type\":\"ReadAction\",\"target\":[\"https:\\\/\\\/regbu.com\\\/nl\\\/type-van-karakter-beslist-over-zomer-zaten\\\/\"]}]},{\"@type\":\"ImageObject\",\"inLanguage\":\"nl-NL\",\"@id\":\"https:\\\/\\\/regbu.com\\\/nl\\\/type-van-karakter-beslist-over-zomer-zaten\\\/#primaryimage\",\"url\":\"https:\\\/\\\/regbu.com\\\/wp-content\\\/uploads\\\/2023\\\/06\\\/typ-postavy-rozhoduje-o-letnich-satech.jpg\",\"contentUrl\":\"https:\\\/\\\/regbu.com\\\/wp-content\\\/uploads\\\/2023\\\/06\\\/typ-postavy-rozhoduje-o-letnich-satech.jpg\",\"width\":1200,\"height\":679,\"caption\":\"Typ postavy rozhoduje o letn\u00edch \u0161atech\"},{\"@type\":\"BreadcrumbList\",\"@id\":\"https:\\\/\\\/regbu.com\\\/nl\\\/type-van-karakter-beslist-over-zomer-zaten\\\/#breadcrumb\",\"itemListElement\":[{\"@type\":\"ListItem\",\"position\":1,\"name\":\"Home\",\"item\":\"https:\\\/\\\/regbu.com\\\/en\\\/\"},{\"@type\":\"ListItem\",\"position\":2,\"name\":\"Typ postavy rozhoduje o letn\u00edch \u0161atech\"}]},{\"@type\":\"WebSite\",\"@id\":\"https:\\\/\\\/regbu.com\\\/en\\\/#website\",\"url\":\"https:\\\/\\\/regbu.com\\\/en\\\/\",\"name\":\"REGBU.COM\",\"description\":\"\",\"potentialAction\":[{\"@type\":\"SearchAction\",\"target\":{\"@type\":\"EntryPoint\",\"urlTemplate\":\"https:\\\/\\\/regbu.com\\\/en\\\/?s={search_term_string}\"},\"query-input\":{\"@type\":\"PropertyValueSpecification\",\"valueRequired\":true,\"valueName\":\"search_term_string\"}}],\"inLanguage\":\"nl-NL\"},{\"@type\":\"Person\",\"@id\":\"https:\\\/\\\/regbu.com\\\/en\\\/#\\\/schema\\\/person\\\/94ea9deda2629771b8a9ced002f6784e\",\"name\":\"George Martin\",\"url\":\"https:\\\/\\\/regbu.com\\\/nl\\\/author\\\/george-martin\\\/\"},{\"@type\":\"Question\",\"@id\":\"https:\\\/\\\/regbu.com\\\/nl\\\/type-van-karakter-beslist-over-zomer-zaten\\\/#faq-question-1687191497842\",\"position\":1,\"url\":\"https:\\\/\\\/regbu.com\\\/nl\\\/type-van-karakter-beslist-over-zomer-zaten\\\/#faq-question-1687191497842\",\"name\":\"Jak\u00e9 \u0161aty zvolit pro postavu ve tvaru obd\u00e9ln\u00edku?\",\"answerCount\":1,\"acceptedAnswer\":{\"@type\":\"Answer\",\"text\":\"Pro tento typ postavy jsou lep\u0161\u00ed krat\u0161\u00ed \u0161aty. Zac\u00edlit byste m\u011bli tak\u00e9 na upnut\u00fd vr\u0161ek. Z\u00e1rove\u0148 pou\u017eijte p\u00e1sek, \u010d\u00edm\u017e je\u0161t\u011b v\u00edce zv\u00fdrazn\u00edte \u017eensk\u00e9 k\u0159ivky.\",\"inLanguage\":\"nl-NL\"},\"inLanguage\":\"nl-NL\"},{\"@type\":\"Question\",\"@id\":\"https:\\\/\\\/regbu.com\\\/nl\\\/type-van-karakter-beslist-over-zomer-zaten\\\/#faq-question-1687191504587\",\"position\":2,\"url\":\"https:\\\/\\\/regbu.com\\\/nl\\\/type-van-karakter-beslist-over-zomer-zaten\\\/#faq-question-1687191504587\",\"name\":\"Jak\u00e1 je ide\u00e1ln\u00ed postava pro letn\u00ed \u0161aty?\",\"answerCount\":1,\"acceptedAnswer\":{\"@type\":\"Answer\",\"text\":\"\u017d\u00e1dn\u00e9 starosti a dilema nemus\u00edte \u0159e\u0161it s postavou p\u0159es\u00fdpac\u00edch hodin. Jde v podstat\u011b o ide\u00e1ln\u00ed \u017eenskou postavu.\",\"inLanguage\":\"nl-NL\"},\"inLanguage\":\"nl-NL\"},{\"@type\":\"Question\",\"@id\":\"https:\\\/\\\/regbu.com\\\/nl\\\/type-van-karakter-beslist-over-zomer-zaten\\\/#faq-question-1687191512138\",\"position\":3,\"url\":\"https:\\\/\\\/regbu.com\\\/nl\\\/type-van-karakter-beslist-over-zomer-zaten\\\/#faq-question-1687191512138\",\"name\":\"Existuj\u00ed dobr\u00e9 \u0161aty pro men\u0161\u00ed \u017eeny?\",\"answerCount\":1,\"acceptedAnswer\":{\"@type\":\"Answer\",\"text\":\"Ur\u010dit\u011b se zam\u011b\u0159te na \u0161aty s d\u00e9lkou nad kolena. K optick\u00e9mu zv\u00fd\u0161en\u00ed postavy si pomozte volbou svisl\u00fdch vzor\u016f.\",\"inLanguage\":\"nl-NL\"},\"inLanguage\":\"nl-NL\"},{\"@type\":\"Question\",\"@id\":\"https:\\\/\\\/regbu.com\\\/nl\\\/type-van-karakter-beslist-over-zomer-zaten\\\/#faq-question-1687191520369\",\"position\":4,\"url\":\"https:\\\/\\\/regbu.com\\\/nl\\\/type-van-karakter-beslist-over-zomer-zaten\\\/#faq-question-1687191520369\",\"name\":\"Jak\u00e9 \u0161aty jsou vhodn\u00e9 pro obr\u00e1cen\u00fd troj\u00faheln\u00edk?\",\"answerCount\":1,\"acceptedAnswer\":{\"@type\":\"Answer\",\"text\":\"M\u00e1te \u0161ir\u0161\u00ed ramena a v\u011bt\u0161\u00ed prsa? Pak nezoufejte, proto\u017ee pro V\u00e1s je ide\u00e1ln\u00ed v\u00e9\u010dkov\u00fd v\u00fdst\u0159ih. S pomoc\u00ed barvy se sna\u017ete z\u00fa\u017eit vrchn\u00ed \u010d\u00e1st \u0161at\u016f. U spodku si m\u016f\u017eete dovolit vy\u0161\u0161\u00ed rozparek.\",\"inLanguage\":\"nl-NL\"},\"inLanguage\":\"nl-NL\"},{\"@type\":\"Question\",\"@id\":\"https:\\\/\\\/regbu.com\\\/nl\\\/type-van-karakter-beslist-over-zomer-zaten\\\/#faq-question-1687191529353\",\"position\":5,\"url\":\"https:\\\/\\\/regbu.com\\\/nl\\\/type-van-karakter-beslist-over-zomer-zaten\\\/#faq-question-1687191529353\",\"name\":\"Jakou volit barvu pro letn\u00ed \u0161aty?\",\"answerCount\":1,\"acceptedAnswer\":{\"@type\":\"Answer\",\"text\":\"Vych\u00e1zejte z toho, jak\u00fd m\u00e1te typ postavy. Vsadit m\u016f\u017eete na jednobarevn\u00e9 \u0161aty a pestr\u00e9 barvy.\",\"inLanguage\":\"nl-NL\"},\"inLanguage\":\"nl-NL\"}]}<\/script>\n<!-- \/ Yoast SEO plugin. -->","yoast_head_json":{"title":"Lichaamstype bepaalt zomerjurkjes - REGBU.COM","description":"Ontdek je lichaamstype en kies je zomerjurk op basis daarvan. Je zult zien dat het je goed past op je lichaam.","robots":{"index":"index","follow":"follow","max-snippet":"max-snippet:-1","max-image-preview":"max-image-preview:large","max-video-preview":"max-video-preview:-1"},"canonical":"https:\/\/regbu.com\/nl\/type-van-karakter-beslist-over-zomer-zaten\/","og_locale":"nl_NL","og_type":"article","og_title":"Typ postavy rozhoduje o letn\u00edch \u0161atech - REGBU.COM","og_description":"Zjist\u011bte, jak\u00fd m\u00e1te typ postavy a pak si podle toho vybrat letn\u00ed \u0161aty. Uvid\u00edte, \u017ee V\u00e1m padnou p\u0159\u00edmo na t\u011blo.","og_url":"https:\/\/regbu.com\/nl\/type-van-karakter-beslist-over-zomer-zaten\/","og_site_name":"REGBU.COM","article_published_time":"2023-06-19T16:21:03+00:00","article_modified_time":"2025-09-05T05:42:18+00:00","og_image":[{"width":1200,"height":679,"url":"https:\/\/regbu.com\/wp-content\/uploads\/2023\/06\/typ-postavy-rozhoduje-o-letnich-satech.jpg","type":"image\/jpeg"}],"author":"George Martin","twitter_card":"summary_large_image","twitter_misc":{"Geschreven door":"George Martin","Geschatte leestijd":"2 minuten"},"schema":{"@context":"https:\/\/schema.org","@graph":[{"@type":"Article","@id":"https:\/\/regbu.com\/nl\/type-van-karakter-beslist-over-zomer-zaten\/#article","isPartOf":{"@id":"https:\/\/regbu.com\/nl\/type-van-karakter-beslist-over-zomer-zaten\/"},"author":{"name":"George Martin","@id":"https:\/\/regbu.com\/en\/#\/schema\/person\/94ea9deda2629771b8a9ced002f6784e"},"headline":"Typ postavy rozhoduje o letn\u00edch \u0161atech","datePublished":"2023-06-19T16:21:03+00:00","dateModified":"2025-09-05T05:42:18+00:00","mainEntityOfPage":{"@id":"https:\/\/regbu.com\/nl\/type-van-karakter-beslist-over-zomer-zaten\/"},"wordCount":458,"image":{"@id":"https:\/\/regbu.com\/nl\/type-van-karakter-beslist-over-zomer-zaten\/#primaryimage"},"thumbnailUrl":"https:\/\/regbu.com\/wp-content\/uploads\/2023\/06\/typ-postavy-rozhoduje-o-letnich-satech.jpg","keywords":["\u00e1\u010dkov\u00e1 sukn\u011b","barva","hru\u0161ka","jablko","letn\u00ed \u0161aty","m\u00f3da","obd\u00e9ln\u00edk","postava","\u0161aty","sukn\u011b","typ postavy"],"articleSection":["M\u00f3da"],"inLanguage":"nl-NL"},{"@type":["WebPage","FAQPage"],"@id":"https:\/\/regbu.com\/nl\/type-van-karakter-beslist-over-zomer-zaten\/","url":"https:\/\/regbu.com\/nl\/type-van-karakter-beslist-over-zomer-zaten\/","name":"Lichaamstype bepaalt zomerjurkjes - REGBU.COM","isPartOf":{"@id":"https:\/\/regbu.com\/en\/#website"},"primaryImageOfPage":{"@id":"https:\/\/regbu.com\/nl\/type-van-karakter-beslist-over-zomer-zaten\/#primaryimage"},"image":{"@id":"https:\/\/regbu.com\/nl\/type-van-karakter-beslist-over-zomer-zaten\/#primaryimage"},"thumbnailUrl":"https:\/\/regbu.com\/wp-content\/uploads\/2023\/06\/typ-postavy-rozhoduje-o-letnich-satech.jpg","datePublished":"2023-06-19T16:21:03+00:00","dateModified":"2025-09-05T05:42:18+00:00","author":{"@id":"https:\/\/regbu.com\/en\/#\/schema\/person\/94ea9deda2629771b8a9ced002f6784e"},"description":"Ontdek je lichaamstype en kies je zomerjurk op basis daarvan. Je zult zien dat het je goed past op je lichaam.","breadcrumb":{"@id":"https:\/\/regbu.com\/nl\/type-van-karakter-beslist-over-zomer-zaten\/#breadcrumb"},"mainEntity":[{"@id":"https:\/\/regbu.com\/nl\/type-van-karakter-beslist-over-zomer-zaten\/#faq-question-1687191497842"},{"@id":"https:\/\/regbu.com\/nl\/type-van-karakter-beslist-over-zomer-zaten\/#faq-question-1687191504587"},{"@id":"https:\/\/regbu.com\/nl\/type-van-karakter-beslist-over-zomer-zaten\/#faq-question-1687191512138"},{"@id":"https:\/\/regbu.com\/nl\/type-van-karakter-beslist-over-zomer-zaten\/#faq-question-1687191520369"},{"@id":"https:\/\/regbu.com\/nl\/type-van-karakter-beslist-over-zomer-zaten\/#faq-question-1687191529353"}],"inLanguage":"nl-NL","potentialAction":[{"@type":"ReadAction","target":["https:\/\/regbu.com\/nl\/type-van-karakter-beslist-over-zomer-zaten\/"]}]},{"@type":"ImageObject","inLanguage":"nl-NL","@id":"https:\/\/regbu.com\/nl\/type-van-karakter-beslist-over-zomer-zaten\/#primaryimage","url":"https:\/\/regbu.com\/wp-content\/uploads\/2023\/06\/typ-postavy-rozhoduje-o-letnich-satech.jpg","contentUrl":"https:\/\/regbu.com\/wp-content\/uploads\/2023\/06\/typ-postavy-rozhoduje-o-letnich-satech.jpg","width":1200,"height":679,"caption":"Typ postavy rozhoduje o letn\u00edch \u0161atech"},{"@type":"BreadcrumbList","@id":"https:\/\/regbu.com\/nl\/type-van-karakter-beslist-over-zomer-zaten\/#breadcrumb","itemListElement":[{"@type":"ListItem","position":1,"name":"Home","item":"https:\/\/regbu.com\/en\/"},{"@type":"ListItem","position":2,"name":"Typ postavy rozhoduje o letn\u00edch \u0161atech"}]},{"@type":"WebSite","@id":"https:\/\/regbu.com\/en\/#website","url":"https:\/\/regbu.com\/en\/","name":"REGBU.COM","description":"","potentialAction":[{"@type":"SearchAction","target":{"@type":"EntryPoint","urlTemplate":"https:\/\/regbu.com\/en\/?s={search_term_string}"},"query-input":{"@type":"PropertyValueSpecification","valueRequired":true,"valueName":"search_term_string"}}],"inLanguage":"nl-NL"},{"@type":"Person","@id":"https:\/\/regbu.com\/en\/#\/schema\/person\/94ea9deda2629771b8a9ced002f6784e","name":"George Martin","url":"https:\/\/regbu.com\/nl\/author\/george-martin\/"},{"@type":"Question","@id":"https:\/\/regbu.com\/nl\/type-van-karakter-beslist-over-zomer-zaten\/#faq-question-1687191497842","position":1,"url":"https:\/\/regbu.com\/nl\/type-van-karakter-beslist-over-zomer-zaten\/#faq-question-1687191497842","name":"Welke jurk kies je voor een rechthoekig figuur?","answerCount":1,"acceptedAnswer":{"@type":"Answer","text":"Pro tento typ postavy jsou lep\u0161\u00ed krat\u0161\u00ed \u0161aty. Zac\u00edlit byste m\u011bli tak\u00e9 na upnut\u00fd vr\u0161ek. Z\u00e1rove\u0148 pou\u017eijte p\u00e1sek, \u010d\u00edm\u017e je\u0161t\u011b v\u00edce zv\u00fdrazn\u00edte \u017eensk\u00e9 k\u0159ivky.","inLanguage":"nl-NL"},"inLanguage":"nl-NL"},{"@type":"Question","@id":"https:\/\/regbu.com\/nl\/type-van-karakter-beslist-over-zomer-zaten\/#faq-question-1687191504587","position":2,"url":"https:\/\/regbu.com\/nl\/type-van-karakter-beslist-over-zomer-zaten\/#faq-question-1687191504587","name":"Wat is het ideale figuur voor een zomerjurk?","answerCount":1,"acceptedAnswer":{"@type":"Answer","text":"\u017d\u00e1dn\u00e9 starosti a dilema nemus\u00edte \u0159e\u0161it s postavou p\u0159es\u00fdpac\u00edch hodin. Jde v podstat\u011b o ide\u00e1ln\u00ed \u017eenskou postavu.","inLanguage":"nl-NL"},"inLanguage":"nl-NL"},{"@type":"Question","@id":"https:\/\/regbu.com\/nl\/type-van-karakter-beslist-over-zomer-zaten\/#faq-question-1687191512138","position":3,"url":"https:\/\/regbu.com\/nl\/type-van-karakter-beslist-over-zomer-zaten\/#faq-question-1687191512138","name":"Zijn er goede jurken voor kleinere vrouwen?","answerCount":1,"acceptedAnswer":{"@type":"Answer","text":"Ur\u010dit\u011b se zam\u011b\u0159te na \u0161aty s d\u00e9lkou nad kolena. K optick\u00e9mu zv\u00fd\u0161en\u00ed postavy si pomozte volbou svisl\u00fdch vzor\u016f.","inLanguage":"nl-NL"},"inLanguage":"nl-NL"},{"@type":"Question","@id":"https:\/\/regbu.com\/nl\/type-van-karakter-beslist-over-zomer-zaten\/#faq-question-1687191520369","position":4,"url":"https:\/\/regbu.com\/nl\/type-van-karakter-beslist-over-zomer-zaten\/#faq-question-1687191520369","name":"Wat voor soort jurk is geschikt voor een omgekeerde driehoek?","answerCount":1,"acceptedAnswer":{"@type":"Answer","text":"M\u00e1te \u0161ir\u0161\u00ed ramena a v\u011bt\u0161\u00ed prsa? Pak nezoufejte, proto\u017ee pro V\u00e1s je ide\u00e1ln\u00ed v\u00e9\u010dkov\u00fd v\u00fdst\u0159ih. S pomoc\u00ed barvy se sna\u017ete z\u00fa\u017eit vrchn\u00ed \u010d\u00e1st \u0161at\u016f. U spodku si m\u016f\u017eete dovolit vy\u0161\u0161\u00ed rozparek.","inLanguage":"nl-NL"},"inLanguage":"nl-NL"},{"@type":"Question","@id":"https:\/\/regbu.com\/nl\/type-van-karakter-beslist-over-zomer-zaten\/#faq-question-1687191529353","position":5,"url":"https:\/\/regbu.com\/nl\/type-van-karakter-beslist-over-zomer-zaten\/#faq-question-1687191529353","name":"Welke kleur moet ik kiezen voor een zomerjurk?","answerCount":1,"acceptedAnswer":{"@type":"Answer","text":"Vych\u00e1zejte z toho, jak\u00fd m\u00e1te typ postavy. Vsadit m\u016f\u017eete na jednobarevn\u00e9 \u0161aty a pestr\u00e9 barvy.","inLanguage":"nl-NL"},"inLanguage":"nl-NL"}]}},"_links":{"self":[{"href":"https:\/\/regbu.com\/nl\/wp-json\/wp\/v2\/posts\/858","targetHints":{"allow":["GET"]}}],"collection":[{"href":"https:\/\/regbu.com\/nl\/wp-json\/wp\/v2\/posts"}],"about":[{"href":"https:\/\/regbu.com\/nl\/wp-json\/wp\/v2\/types\/post"}],"author":[{"embeddable":true,"href":"https:\/\/regbu.com\/nl\/wp-json\/wp\/v2\/users\/2"}],"replies":[{"embeddable":true,"href":"https:\/\/regbu.com\/nl\/wp-json\/wp\/v2\/comments?post=858"}],"version-history":[{"count":3,"href":"https:\/\/regbu.com\/nl\/wp-json\/wp\/v2\/posts\/858\/revisions"}],"predecessor-version":[{"id":887,"href":"https:\/\/regbu.com\/nl\/wp-json\/wp\/v2\/posts\/858\/revisions\/887"}],"wp:featuredmedia":[{"embeddable":true,"href":"https:\/\/regbu.com\/nl\/wp-json\/wp\/v2\/media\/859"}],"wp:attachment":[{"href":"https:\/\/regbu.com\/nl\/wp-json\/wp\/v2\/media?parent=858"}],"wp:term":[{"taxonomy":"category","embeddable":true,"href":"https:\/\/regbu.com\/nl\/wp-json\/wp\/v2\/categories?post=858"},{"taxonomy":"post_tag","embeddable":true,"href":"https:\/\/regbu.com\/nl\/wp-json\/wp\/v2\/tags?post=858"}],"curies":[{"name":"wp","href":"https:\/\/api.w.org\/{rel}","templated":true}]}}