{"id":454,"date":"2022-01-25T17:00:55","date_gmt":"2022-01-25T16:00:55","guid":{"rendered":"https:\/\/regbu.com\/?p=454"},"modified":"2025-09-05T07:42:40","modified_gmt":"2025-09-05T05:42:40","slug":"osamelost-a-socialni-site-spolu-dost-souvisi","status":"publish","type":"post","link":"https:\/\/regbu.com\/nl\/eenzaamheid-en-sociale-plek-samen-get-connected\/","title":{"rendered":"Eenzaamheid en sociale netwerken zijn heel verwant"},"content":{"rendered":"<p>Er zijn verschillende termen in verband met sociale netwerken. En het is niet alleen plezier, vreugde en ontdekking. Veel gebruikers zullen bevestigen dat het ook <strong><a href=\"https:\/\/regbu.com\/nl\/slapeloosheid-veroorzaakt-sociale-systeem-verandering-zoals-het-is\/\">Slapeloosheid<\/a><\/strong>cyberpesten en andere. In het artikel van vandaag zullen we ons concentreren op eenzaamheid, wat natuurlijk kan worden gezien als een van de negatieve gevolgen van sociale netwerken.<\/p>\n\n\n\n<h2 class=\"wp-block-heading\">Eenzaamheid met veel vrienden<\/h2>\n\n\n\n<p>Velen van jullie vragen zich waarschijnlijk af hoe <strong>kan eenzaamheid worden gerelateerd aan sociale netwerken<\/strong>. Je hebt tenslotte meer dan genoeg vrienden op hen. Sommigen hebben er tientallen, anderen zelfs honderden. Maar meestal gaat het om virtuele vrienden die je nauwelijks op straat ontmoet of ergens in je buurt woont. Hier begint de eenzaamheid, en die neemt geleidelijk toe.<\/p>\n\n\n\n<h3 class=\"wp-block-heading\">De tijden veranderen.<\/h3>\n\n\n\n<p>Vroeger was het normaal om een nieuw ding aan je vrienden te laten zien. Je bracht het mee om het te laten zien, erover te praten, dat soort dingen. Je zou een ansichtkaart sturen van je vakantie en alles zou <strong>veel meer persoonlijk contact<\/strong>. Maar sociale netwerken hebben iets andere mogelijkheden gebracht. Vandaag kan je de persoon in kwestie niet eens zien. Je zet een foto van iets nieuws op een sociaal netwerk om ermee te pronken en je spreekt met niemand een woord. <strong>Vandaar de eenzaamheid<\/strong>maar ook andere psychologische problemen. Wij zullen dit onderwerp nader bespreken aan de hand van de vragen en antwoorden hieronder.<\/p>\n\n\n\n<div class=\"schema-faq wp-block-yoast-faq-block\"><div class=\"schema-faq-section\" id=\"faq-question-1623742264438\"><strong class=\"schema-faq-question\">Welke groep mensen wordt getroffen door gevoelens van eenzaamheid op sociale media?<\/strong> <p class=\"schema-faq-answer\">Volgens verschillende enqu\u00eates geldt dit vooral voor de jongere generatie, die letterlijk verslaafd is aan communicatiemedia.<\/p> <\/div> <div class=\"schema-faq-section\" id=\"faq-question-1623742272780\"><strong class=\"schema-faq-question\">Hoe oud zijn de getroffen personen?<\/strong> <p class=\"schema-faq-answer\">Het zijn voornamelijk mensen tussen 19 en 32 jaar oud.<\/p> <\/div> <div class=\"schema-faq-section\" id=\"faq-question-1623742281524\"><strong class=\"schema-faq-question\">Wat draagt bij tot eenzaamheid?<\/strong> <p class=\"schema-faq-answer\">Ik weet zeker dat het volgen van gelukkige levens op sociale media, terwijl de jouwe geen fysiek contact en mensen met zich meebrengt.<\/p> <\/div> <div class=\"schema-faq-section\" id=\"faq-question-1623742290242\"><strong class=\"schema-faq-question\">Zijn sociale netwerken een goede dienaar en een slechte meester?<\/strong> <p class=\"schema-faq-answer\">In essentie, ja. Aan de ene kant heb je veel vrienden, aan de andere kant heb je niet echt iemand om mee om te gaan.<\/p> <\/div> <div class=\"schema-faq-section\" id=\"faq-question-1623742301013\"><strong class=\"schema-faq-question\">Wanneer manifesteert eenzaamheid zich op sociale media?<\/strong> <p class=\"schema-faq-answer\">Volgens onderzoek kan meer dan twee uur per dag doorbrengen op sociale netwerken al genoeg zijn om je eenzaam te voelen.<\/p> <\/div> <\/div>","protected":false},"excerpt":{"rendered":"<p>Er zijn verschillende termen in verband met sociale netwerken. En het is niet alleen plezier, vreugde en ontdekking. Veel gebruikers zullen bevestigen dat het ook slapeloosheid, cyberpesten en meer kan zijn. In het artikel van vandaag zullen we ons richten op eenzaamheid, wat begrijpelijkerwijs kan worden gezien als een van de negatieve gevolgen van sociale netwerken. Eenzaamheid met veel vrienden Veel ... <\/p>","protected":false},"author":2,"featured_media":455,"comment_status":"closed","ping_status":"closed","sticky":false,"template":"","format":"standard","meta":{"footnotes":""},"categories":[197],"tags":[293,497,498,499,500,501,502,367,375,481],"class_list":["post-454","post","type-post","status-publish","format-standard","has-post-thumbnail","hentry","category-lidske-zdravi","tag-internet","tag-kamaradi","tag-kontakt","tag-osamelost","tag-osameni","tag-pratele","tag-samota","tag-socialni-sit","tag-socialni-site","tag-virtualni-svet"],"yoast_head":"<!-- This site is optimized with the Yoast SEO plugin v27.5 - https:\/\/yoast.com\/product\/yoast-seo-wordpress\/ -->\n<title>Osam\u011blost a soci\u00e1ln\u00ed s\u00edt\u011b spolu dost souvis\u00ed - REGBU.COM<\/title>\n<meta name=\"description\" content=\"Osam\u011blost je velice nep\u0159\u00edjemnou z\u00e1le\u017eitost\u00ed. S roz\u0161i\u0159ov\u00e1n\u00edm soci\u00e1ln\u00edch s\u00edt\u00ed \u010dasto postihuje mlad\u0161\u00ed lidi. Zjist\u011bte o tomto t\u00e9matu v\u00edce.\" \/>\n<meta name=\"robots\" content=\"index, follow, max-snippet:-1, max-image-preview:large, max-video-preview:-1\" \/>\n<link rel=\"canonical\" href=\"https:\/\/regbu.com\/nl\/eenzaamheid-en-sociale-plek-samen-get-connected\/\" \/>\n<meta property=\"og:locale\" content=\"nl_NL\" \/>\n<meta property=\"og:type\" content=\"article\" \/>\n<meta property=\"og:title\" content=\"Osam\u011blost a soci\u00e1ln\u00ed s\u00edt\u011b spolu dost souvis\u00ed - REGBU.COM\" \/>\n<meta property=\"og:description\" content=\"Osam\u011blost je velice nep\u0159\u00edjemnou z\u00e1le\u017eitost\u00ed. S roz\u0161i\u0159ov\u00e1n\u00edm soci\u00e1ln\u00edch s\u00edt\u00ed \u010dasto postihuje mlad\u0161\u00ed lidi. Zjist\u011bte o tomto t\u00e9matu v\u00edce.\" \/>\n<meta property=\"og:url\" content=\"https:\/\/regbu.com\/nl\/eenzaamheid-en-sociale-plek-samen-get-connected\/\" \/>\n<meta property=\"og:site_name\" content=\"REGBU.COM\" \/>\n<meta property=\"article:published_time\" content=\"2022-01-25T16:00:55+00:00\" \/>\n<meta property=\"article:modified_time\" content=\"2025-09-05T05:42:40+00:00\" \/>\n<meta property=\"og:image\" content=\"https:\/\/regbu.com\/wp-content\/uploads\/2022\/01\/osamelost-a-socialni-site-spolu-dost-souvisi.jpg\" \/>\n\t<meta property=\"og:image:width\" content=\"1200\" \/>\n\t<meta property=\"og:image:height\" content=\"677\" \/>\n\t<meta property=\"og:image:type\" content=\"image\/jpeg\" \/>\n<meta name=\"author\" content=\"George Martin\" \/>\n<meta name=\"twitter:card\" content=\"summary_large_image\" \/>\n<meta name=\"twitter:label1\" content=\"Geschreven door\" \/>\n\t<meta name=\"twitter:data1\" content=\"George Martin\" \/>\n\t<meta name=\"twitter:label2\" content=\"Geschatte leestijd\" \/>\n\t<meta name=\"twitter:data2\" content=\"2 minuten\" \/>\n<script type=\"application\/ld+json\" class=\"yoast-schema-graph\">{\"@context\":\"https:\\\/\\\/schema.org\",\"@graph\":[{\"@type\":\"Article\",\"@id\":\"https:\\\/\\\/regbu.com\\\/osamelost-a-socialni-site-spolu-dost-souvisi\\\/#article\",\"isPartOf\":{\"@id\":\"https:\\\/\\\/regbu.com\\\/osamelost-a-socialni-site-spolu-dost-souvisi\\\/\"},\"author\":{\"name\":\"George Martin\",\"@id\":\"https:\\\/\\\/regbu.com\\\/en\\\/#\\\/schema\\\/person\\\/94ea9deda2629771b8a9ced002f6784e\"},\"headline\":\"Osam\u011blost a soci\u00e1ln\u00ed s\u00edt\u011b spolu dost souvis\u00ed\",\"datePublished\":\"2022-01-25T16:00:55+00:00\",\"dateModified\":\"2025-09-05T05:42:40+00:00\",\"mainEntityOfPage\":{\"@id\":\"https:\\\/\\\/regbu.com\\\/osamelost-a-socialni-site-spolu-dost-souvisi\\\/\"},\"wordCount\":476,\"image\":{\"@id\":\"https:\\\/\\\/regbu.com\\\/osamelost-a-socialni-site-spolu-dost-souvisi\\\/#primaryimage\"},\"thumbnailUrl\":\"https:\\\/\\\/regbu.com\\\/wp-content\\\/uploads\\\/2022\\\/01\\\/osamelost-a-socialni-site-spolu-dost-souvisi.jpg\",\"keywords\":[\"internet\",\"kamar\u00e1di\",\"kontakt\",\"osam\u011blost\",\"osam\u011bn\u00ed\",\"p\u0159\u00e1tel\u00e9\",\"samota\",\"soci\u00e1ln\u00ed s\u00ed\u0165\",\"soci\u00e1ln\u00ed s\u00edt\u011b\",\"virtu\u00e1ln\u00ed sv\u011bt\"],\"articleSection\":[\"Lidsk\u00e9 Zdrav\u00ed\"],\"inLanguage\":\"nl-NL\"},{\"@type\":[\"WebPage\",\"FAQPage\"],\"@id\":\"https:\\\/\\\/regbu.com\\\/osamelost-a-socialni-site-spolu-dost-souvisi\\\/\",\"url\":\"https:\\\/\\\/regbu.com\\\/osamelost-a-socialni-site-spolu-dost-souvisi\\\/\",\"name\":\"Osam\u011blost a soci\u00e1ln\u00ed s\u00edt\u011b spolu dost souvis\u00ed - REGBU.COM\",\"isPartOf\":{\"@id\":\"https:\\\/\\\/regbu.com\\\/en\\\/#website\"},\"primaryImageOfPage\":{\"@id\":\"https:\\\/\\\/regbu.com\\\/osamelost-a-socialni-site-spolu-dost-souvisi\\\/#primaryimage\"},\"image\":{\"@id\":\"https:\\\/\\\/regbu.com\\\/osamelost-a-socialni-site-spolu-dost-souvisi\\\/#primaryimage\"},\"thumbnailUrl\":\"https:\\\/\\\/regbu.com\\\/wp-content\\\/uploads\\\/2022\\\/01\\\/osamelost-a-socialni-site-spolu-dost-souvisi.jpg\",\"datePublished\":\"2022-01-25T16:00:55+00:00\",\"dateModified\":\"2025-09-05T05:42:40+00:00\",\"author\":{\"@id\":\"https:\\\/\\\/regbu.com\\\/en\\\/#\\\/schema\\\/person\\\/94ea9deda2629771b8a9ced002f6784e\"},\"description\":\"Osam\u011blost je velice nep\u0159\u00edjemnou z\u00e1le\u017eitost\u00ed. S roz\u0161i\u0159ov\u00e1n\u00edm soci\u00e1ln\u00edch s\u00edt\u00ed \u010dasto postihuje mlad\u0161\u00ed lidi. Zjist\u011bte o tomto t\u00e9matu v\u00edce.\",\"breadcrumb\":{\"@id\":\"https:\\\/\\\/regbu.com\\\/osamelost-a-socialni-site-spolu-dost-souvisi\\\/#breadcrumb\"},\"mainEntity\":[{\"@id\":\"https:\\\/\\\/regbu.com\\\/osamelost-a-socialni-site-spolu-dost-souvisi\\\/#faq-question-1623742264438\"},{\"@id\":\"https:\\\/\\\/regbu.com\\\/osamelost-a-socialni-site-spolu-dost-souvisi\\\/#faq-question-1623742272780\"},{\"@id\":\"https:\\\/\\\/regbu.com\\\/osamelost-a-socialni-site-spolu-dost-souvisi\\\/#faq-question-1623742281524\"},{\"@id\":\"https:\\\/\\\/regbu.com\\\/osamelost-a-socialni-site-spolu-dost-souvisi\\\/#faq-question-1623742290242\"},{\"@id\":\"https:\\\/\\\/regbu.com\\\/osamelost-a-socialni-site-spolu-dost-souvisi\\\/#faq-question-1623742301013\"}],\"inLanguage\":\"nl-NL\",\"potentialAction\":[{\"@type\":\"ReadAction\",\"target\":[\"https:\\\/\\\/regbu.com\\\/osamelost-a-socialni-site-spolu-dost-souvisi\\\/\"]}]},{\"@type\":\"ImageObject\",\"inLanguage\":\"nl-NL\",\"@id\":\"https:\\\/\\\/regbu.com\\\/osamelost-a-socialni-site-spolu-dost-souvisi\\\/#primaryimage\",\"url\":\"https:\\\/\\\/regbu.com\\\/wp-content\\\/uploads\\\/2022\\\/01\\\/osamelost-a-socialni-site-spolu-dost-souvisi.jpg\",\"contentUrl\":\"https:\\\/\\\/regbu.com\\\/wp-content\\\/uploads\\\/2022\\\/01\\\/osamelost-a-socialni-site-spolu-dost-souvisi.jpg\",\"width\":1200,\"height\":677,\"caption\":\"Osam\u011blost a soci\u00e1ln\u00ed s\u00edt\u011b spolu dost souvis\u00ed\"},{\"@type\":\"BreadcrumbList\",\"@id\":\"https:\\\/\\\/regbu.com\\\/osamelost-a-socialni-site-spolu-dost-souvisi\\\/#breadcrumb\",\"itemListElement\":[{\"@type\":\"ListItem\",\"position\":1,\"name\":\"Home\",\"item\":\"https:\\\/\\\/regbu.com\\\/en\\\/\"},{\"@type\":\"ListItem\",\"position\":2,\"name\":\"Osam\u011blost a soci\u00e1ln\u00ed s\u00edt\u011b spolu dost souvis\u00ed\"}]},{\"@type\":\"WebSite\",\"@id\":\"https:\\\/\\\/regbu.com\\\/en\\\/#website\",\"url\":\"https:\\\/\\\/regbu.com\\\/en\\\/\",\"name\":\"REGBU.COM\",\"description\":\"\",\"potentialAction\":[{\"@type\":\"SearchAction\",\"target\":{\"@type\":\"EntryPoint\",\"urlTemplate\":\"https:\\\/\\\/regbu.com\\\/en\\\/?s={search_term_string}\"},\"query-input\":{\"@type\":\"PropertyValueSpecification\",\"valueRequired\":true,\"valueName\":\"search_term_string\"}}],\"inLanguage\":\"nl-NL\"},{\"@type\":\"Person\",\"@id\":\"https:\\\/\\\/regbu.com\\\/en\\\/#\\\/schema\\\/person\\\/94ea9deda2629771b8a9ced002f6784e\",\"name\":\"George Martin\",\"url\":\"https:\\\/\\\/regbu.com\\\/nl\\\/author\\\/george-martin\\\/\"},{\"@type\":\"Question\",\"@id\":\"https:\\\/\\\/regbu.com\\\/osamelost-a-socialni-site-spolu-dost-souvisi\\\/#faq-question-1623742264438\",\"position\":1,\"url\":\"https:\\\/\\\/regbu.com\\\/osamelost-a-socialni-site-spolu-dost-souvisi\\\/#faq-question-1623742264438\",\"name\":\"Jakou skupinu lid\u00ed postihuj\u00ed pocity osamocen\u00ed na soci\u00e1ln\u00edch s\u00edt\u00edch?\",\"answerCount\":1,\"acceptedAnswer\":{\"@type\":\"Answer\",\"text\":\"Podle nejr\u016fzn\u011bj\u0161\u00edch pr\u016fzkum\u016f se to t\u00fdk\u00e1 p\u0159edev\u0161\u00edm mlad\u0161\u00ed generace, kter\u00e1 je na komunika\u010dn\u00edch prost\u0159edc\u00edch doslova z\u00e1visl\u00e1.\",\"inLanguage\":\"nl-NL\"},\"inLanguage\":\"nl-NL\"},{\"@type\":\"Question\",\"@id\":\"https:\\\/\\\/regbu.com\\\/osamelost-a-socialni-site-spolu-dost-souvisi\\\/#faq-question-1623742272780\",\"position\":2,\"url\":\"https:\\\/\\\/regbu.com\\\/osamelost-a-socialni-site-spolu-dost-souvisi\\\/#faq-question-1623742272780\",\"name\":\"Jak sta\u0159\u00ed jsou takto ovlivn\u011bn\u00ed jedinci?\",\"answerCount\":1,\"acceptedAnswer\":{\"@type\":\"Answer\",\"text\":\"Jsou to prim\u00e1rn\u011b lid\u00e9 od 19 do 32 let.\",\"inLanguage\":\"nl-NL\"},\"inLanguage\":\"nl-NL\"},{\"@type\":\"Question\",\"@id\":\"https:\\\/\\\/regbu.com\\\/osamelost-a-socialni-site-spolu-dost-souvisi\\\/#faq-question-1623742281524\",\"position\":3,\"url\":\"https:\\\/\\\/regbu.com\\\/osamelost-a-socialni-site-spolu-dost-souvisi\\\/#faq-question-1623742281524\",\"name\":\"Co p\u0159isp\u00e1v\u00e1 k osam\u011blosti?\",\"answerCount\":1,\"acceptedAnswer\":{\"@type\":\"Answer\",\"text\":\"Ur\u010dit\u011b je to sledov\u00e1n\u00ed \u0161\u0165astn\u00fdch \u017eivot\u016f na soci\u00e1ln\u00edch s\u00edt\u00edch, kde\u017eto ten V\u00e1\u0161 nen\u00ed spojen s fyzick\u00fdm kontaktem a lidmi.\",\"inLanguage\":\"nl-NL\"},\"inLanguage\":\"nl-NL\"},{\"@type\":\"Question\",\"@id\":\"https:\\\/\\\/regbu.com\\\/osamelost-a-socialni-site-spolu-dost-souvisi\\\/#faq-question-1623742290242\",\"position\":4,\"url\":\"https:\\\/\\\/regbu.com\\\/osamelost-a-socialni-site-spolu-dost-souvisi\\\/#faq-question-1623742290242\",\"name\":\"Jsou soci\u00e1ln\u00ed s\u00edt\u011b dobr\u00fd sluha a zl\u00fd p\u00e1n?\",\"answerCount\":1,\"acceptedAnswer\":{\"@type\":\"Answer\",\"text\":\"Ve sv\u00e9 podstat\u011b ano. Na jednu stranu m\u00e1te spoustu p\u0159\u00e1tel, na druhou stranu vlastn\u011b nikoho, s k\u00fdm se st\u00fdk\u00e1te.\",\"inLanguage\":\"nl-NL\"},\"inLanguage\":\"nl-NL\"},{\"@type\":\"Question\",\"@id\":\"https:\\\/\\\/regbu.com\\\/osamelost-a-socialni-site-spolu-dost-souvisi\\\/#faq-question-1623742301013\",\"position\":5,\"url\":\"https:\\\/\\\/regbu.com\\\/osamelost-a-socialni-site-spolu-dost-souvisi\\\/#faq-question-1623742301013\",\"name\":\"Kdy se projevuje osam\u011blost na soci\u00e1ln\u00edch s\u00edt\u00edch?\",\"answerCount\":1,\"acceptedAnswer\":{\"@type\":\"Answer\",\"text\":\"Dle pr\u016fzkum\u016f sta\u010d\u00ed, kdy\u017e soci\u00e1ln\u00edmi s\u00edt\u011bmi tr\u00e1v\u00edte v\u00edce jak dv\u011b hodiny denn\u011b a u\u017e m\u016f\u017eete m\u00edt pocity osam\u011blosti.\",\"inLanguage\":\"nl-NL\"},\"inLanguage\":\"nl-NL\"}]}<\/script>\n<!-- \/ Yoast SEO plugin. -->","yoast_head_json":{"title":"Eenzaamheid en sociale netwerken zijn nauw met elkaar verbonden - REGBU.COM","description":"Eenzaamheid is een zeer onaangenaam iets. Met de proliferatie van sociale netwerken, treft het vaak jongere mensen. Lees meer over dit onderwerp.","robots":{"index":"index","follow":"follow","max-snippet":"max-snippet:-1","max-image-preview":"max-image-preview:large","max-video-preview":"max-video-preview:-1"},"canonical":"https:\/\/regbu.com\/nl\/eenzaamheid-en-sociale-plek-samen-get-connected\/","og_locale":"nl_NL","og_type":"article","og_title":"Osam\u011blost a soci\u00e1ln\u00ed s\u00edt\u011b spolu dost souvis\u00ed - REGBU.COM","og_description":"Osam\u011blost je velice nep\u0159\u00edjemnou z\u00e1le\u017eitost\u00ed. S roz\u0161i\u0159ov\u00e1n\u00edm soci\u00e1ln\u00edch s\u00edt\u00ed \u010dasto postihuje mlad\u0161\u00ed lidi. Zjist\u011bte o tomto t\u00e9matu v\u00edce.","og_url":"https:\/\/regbu.com\/nl\/eenzaamheid-en-sociale-plek-samen-get-connected\/","og_site_name":"REGBU.COM","article_published_time":"2022-01-25T16:00:55+00:00","article_modified_time":"2025-09-05T05:42:40+00:00","og_image":[{"width":1200,"height":677,"url":"https:\/\/regbu.com\/wp-content\/uploads\/2022\/01\/osamelost-a-socialni-site-spolu-dost-souvisi.jpg","type":"image\/jpeg"}],"author":"George Martin","twitter_card":"summary_large_image","twitter_misc":{"Geschreven door":"George Martin","Geschatte leestijd":"2 minuten"},"schema":{"@context":"https:\/\/schema.org","@graph":[{"@type":"Article","@id":"https:\/\/regbu.com\/osamelost-a-socialni-site-spolu-dost-souvisi\/#article","isPartOf":{"@id":"https:\/\/regbu.com\/osamelost-a-socialni-site-spolu-dost-souvisi\/"},"author":{"name":"George Martin","@id":"https:\/\/regbu.com\/en\/#\/schema\/person\/94ea9deda2629771b8a9ced002f6784e"},"headline":"Osam\u011blost a soci\u00e1ln\u00ed s\u00edt\u011b spolu dost souvis\u00ed","datePublished":"2022-01-25T16:00:55+00:00","dateModified":"2025-09-05T05:42:40+00:00","mainEntityOfPage":{"@id":"https:\/\/regbu.com\/osamelost-a-socialni-site-spolu-dost-souvisi\/"},"wordCount":476,"image":{"@id":"https:\/\/regbu.com\/osamelost-a-socialni-site-spolu-dost-souvisi\/#primaryimage"},"thumbnailUrl":"https:\/\/regbu.com\/wp-content\/uploads\/2022\/01\/osamelost-a-socialni-site-spolu-dost-souvisi.jpg","keywords":["internet","kamar\u00e1di","kontakt","osam\u011blost","osam\u011bn\u00ed","p\u0159\u00e1tel\u00e9","samota","soci\u00e1ln\u00ed s\u00ed\u0165","soci\u00e1ln\u00ed s\u00edt\u011b","virtu\u00e1ln\u00ed sv\u011bt"],"articleSection":["Lidsk\u00e9 Zdrav\u00ed"],"inLanguage":"nl-NL"},{"@type":["WebPage","FAQPage"],"@id":"https:\/\/regbu.com\/osamelost-a-socialni-site-spolu-dost-souvisi\/","url":"https:\/\/regbu.com\/osamelost-a-socialni-site-spolu-dost-souvisi\/","name":"Eenzaamheid en sociale netwerken zijn nauw met elkaar verbonden - REGBU.COM","isPartOf":{"@id":"https:\/\/regbu.com\/en\/#website"},"primaryImageOfPage":{"@id":"https:\/\/regbu.com\/osamelost-a-socialni-site-spolu-dost-souvisi\/#primaryimage"},"image":{"@id":"https:\/\/regbu.com\/osamelost-a-socialni-site-spolu-dost-souvisi\/#primaryimage"},"thumbnailUrl":"https:\/\/regbu.com\/wp-content\/uploads\/2022\/01\/osamelost-a-socialni-site-spolu-dost-souvisi.jpg","datePublished":"2022-01-25T16:00:55+00:00","dateModified":"2025-09-05T05:42:40+00:00","author":{"@id":"https:\/\/regbu.com\/en\/#\/schema\/person\/94ea9deda2629771b8a9ced002f6784e"},"description":"Eenzaamheid is een zeer onaangenaam iets. Met de proliferatie van sociale netwerken, treft het vaak jongere mensen. Lees meer over dit onderwerp.","breadcrumb":{"@id":"https:\/\/regbu.com\/osamelost-a-socialni-site-spolu-dost-souvisi\/#breadcrumb"},"mainEntity":[{"@id":"https:\/\/regbu.com\/osamelost-a-socialni-site-spolu-dost-souvisi\/#faq-question-1623742264438"},{"@id":"https:\/\/regbu.com\/osamelost-a-socialni-site-spolu-dost-souvisi\/#faq-question-1623742272780"},{"@id":"https:\/\/regbu.com\/osamelost-a-socialni-site-spolu-dost-souvisi\/#faq-question-1623742281524"},{"@id":"https:\/\/regbu.com\/osamelost-a-socialni-site-spolu-dost-souvisi\/#faq-question-1623742290242"},{"@id":"https:\/\/regbu.com\/osamelost-a-socialni-site-spolu-dost-souvisi\/#faq-question-1623742301013"}],"inLanguage":"nl-NL","potentialAction":[{"@type":"ReadAction","target":["https:\/\/regbu.com\/osamelost-a-socialni-site-spolu-dost-souvisi\/"]}]},{"@type":"ImageObject","inLanguage":"nl-NL","@id":"https:\/\/regbu.com\/osamelost-a-socialni-site-spolu-dost-souvisi\/#primaryimage","url":"https:\/\/regbu.com\/wp-content\/uploads\/2022\/01\/osamelost-a-socialni-site-spolu-dost-souvisi.jpg","contentUrl":"https:\/\/regbu.com\/wp-content\/uploads\/2022\/01\/osamelost-a-socialni-site-spolu-dost-souvisi.jpg","width":1200,"height":677,"caption":"Osam\u011blost a soci\u00e1ln\u00ed s\u00edt\u011b spolu dost souvis\u00ed"},{"@type":"BreadcrumbList","@id":"https:\/\/regbu.com\/osamelost-a-socialni-site-spolu-dost-souvisi\/#breadcrumb","itemListElement":[{"@type":"ListItem","position":1,"name":"Home","item":"https:\/\/regbu.com\/en\/"},{"@type":"ListItem","position":2,"name":"Osam\u011blost a soci\u00e1ln\u00ed s\u00edt\u011b spolu dost souvis\u00ed"}]},{"@type":"WebSite","@id":"https:\/\/regbu.com\/en\/#website","url":"https:\/\/regbu.com\/en\/","name":"REGBU.COM","description":"","potentialAction":[{"@type":"SearchAction","target":{"@type":"EntryPoint","urlTemplate":"https:\/\/regbu.com\/en\/?s={search_term_string}"},"query-input":{"@type":"PropertyValueSpecification","valueRequired":true,"valueName":"search_term_string"}}],"inLanguage":"nl-NL"},{"@type":"Person","@id":"https:\/\/regbu.com\/en\/#\/schema\/person\/94ea9deda2629771b8a9ced002f6784e","name":"George Martin","url":"https:\/\/regbu.com\/nl\/author\/george-martin\/"},{"@type":"Question","@id":"https:\/\/regbu.com\/osamelost-a-socialni-site-spolu-dost-souvisi\/#faq-question-1623742264438","position":1,"url":"https:\/\/regbu.com\/osamelost-a-socialni-site-spolu-dost-souvisi\/#faq-question-1623742264438","name":"Welke groep mensen wordt getroffen door gevoelens van eenzaamheid op sociale media?","answerCount":1,"acceptedAnswer":{"@type":"Answer","text":"Podle nejr\u016fzn\u011bj\u0161\u00edch pr\u016fzkum\u016f se to t\u00fdk\u00e1 p\u0159edev\u0161\u00edm mlad\u0161\u00ed generace, kter\u00e1 je na komunika\u010dn\u00edch prost\u0159edc\u00edch doslova z\u00e1visl\u00e1.","inLanguage":"nl-NL"},"inLanguage":"nl-NL"},{"@type":"Question","@id":"https:\/\/regbu.com\/osamelost-a-socialni-site-spolu-dost-souvisi\/#faq-question-1623742272780","position":2,"url":"https:\/\/regbu.com\/osamelost-a-socialni-site-spolu-dost-souvisi\/#faq-question-1623742272780","name":"Hoe oud zijn de getroffen personen?","answerCount":1,"acceptedAnswer":{"@type":"Answer","text":"Jsou to prim\u00e1rn\u011b lid\u00e9 od 19 do 32 let.","inLanguage":"nl-NL"},"inLanguage":"nl-NL"},{"@type":"Question","@id":"https:\/\/regbu.com\/osamelost-a-socialni-site-spolu-dost-souvisi\/#faq-question-1623742281524","position":3,"url":"https:\/\/regbu.com\/osamelost-a-socialni-site-spolu-dost-souvisi\/#faq-question-1623742281524","name":"Wat draagt bij tot eenzaamheid?","answerCount":1,"acceptedAnswer":{"@type":"Answer","text":"Ur\u010dit\u011b je to sledov\u00e1n\u00ed \u0161\u0165astn\u00fdch \u017eivot\u016f na soci\u00e1ln\u00edch s\u00edt\u00edch, kde\u017eto ten V\u00e1\u0161 nen\u00ed spojen s fyzick\u00fdm kontaktem a lidmi.","inLanguage":"nl-NL"},"inLanguage":"nl-NL"},{"@type":"Question","@id":"https:\/\/regbu.com\/osamelost-a-socialni-site-spolu-dost-souvisi\/#faq-question-1623742290242","position":4,"url":"https:\/\/regbu.com\/osamelost-a-socialni-site-spolu-dost-souvisi\/#faq-question-1623742290242","name":"Zijn sociale netwerken een goede dienaar en een slechte meester?","answerCount":1,"acceptedAnswer":{"@type":"Answer","text":"Ve sv\u00e9 podstat\u011b ano. Na jednu stranu m\u00e1te spoustu p\u0159\u00e1tel, na druhou stranu vlastn\u011b nikoho, s k\u00fdm se st\u00fdk\u00e1te.","inLanguage":"nl-NL"},"inLanguage":"nl-NL"},{"@type":"Question","@id":"https:\/\/regbu.com\/osamelost-a-socialni-site-spolu-dost-souvisi\/#faq-question-1623742301013","position":5,"url":"https:\/\/regbu.com\/osamelost-a-socialni-site-spolu-dost-souvisi\/#faq-question-1623742301013","name":"Wanneer manifesteert eenzaamheid zich op sociale media?","answerCount":1,"acceptedAnswer":{"@type":"Answer","text":"Dle pr\u016fzkum\u016f sta\u010d\u00ed, kdy\u017e soci\u00e1ln\u00edmi s\u00edt\u011bmi tr\u00e1v\u00edte v\u00edce jak dv\u011b hodiny denn\u011b a u\u017e m\u016f\u017eete m\u00edt pocity osam\u011blosti.","inLanguage":"nl-NL"},"inLanguage":"nl-NL"}]}},"_links":{"self":[{"href":"https:\/\/regbu.com\/nl\/wp-json\/wp\/v2\/posts\/454","targetHints":{"allow":["GET"]}}],"collection":[{"href":"https:\/\/regbu.com\/nl\/wp-json\/wp\/v2\/posts"}],"about":[{"href":"https:\/\/regbu.com\/nl\/wp-json\/wp\/v2\/types\/post"}],"author":[{"embeddable":true,"href":"https:\/\/regbu.com\/nl\/wp-json\/wp\/v2\/users\/2"}],"replies":[{"embeddable":true,"href":"https:\/\/regbu.com\/nl\/wp-json\/wp\/v2\/comments?post=454"}],"version-history":[{"count":3,"href":"https:\/\/regbu.com\/nl\/wp-json\/wp\/v2\/posts\/454\/revisions"}],"predecessor-version":[{"id":472,"href":"https:\/\/regbu.com\/nl\/wp-json\/wp\/v2\/posts\/454\/revisions\/472"}],"wp:featuredmedia":[{"embeddable":true,"href":"https:\/\/regbu.com\/nl\/wp-json\/wp\/v2\/media\/455"}],"wp:attachment":[{"href":"https:\/\/regbu.com\/nl\/wp-json\/wp\/v2\/media?parent=454"}],"wp:term":[{"taxonomy":"category","embeddable":true,"href":"https:\/\/regbu.com\/nl\/wp-json\/wp\/v2\/categories?post=454"},{"taxonomy":"post_tag","embeddable":true,"href":"https:\/\/regbu.com\/nl\/wp-json\/wp\/v2\/tags?post=454"}],"curies":[{"name":"wp","href":"https:\/\/api.w.org\/{rel}","templated":true}]}}