{"id":1382,"date":"2023-08-05T16:52:36","date_gmt":"2023-08-05T14:52:36","guid":{"rendered":"https:\/\/regbu.com\/?p=1382"},"modified":"2025-09-05T07:40:15","modified_gmt":"2025-09-05T05:40:15","slug":"nejfotogenictejsi-mista-na-svete","status":"publish","type":"post","link":"https:\/\/regbu.com\/nl\/meest-fotogenieke-man-in-de-wereld\/","title":{"rendered":"De meest fotogenieke plekken ter wereld"},"content":{"rendered":"<p>De meest fotogenieke plekken zijn een grote trekpleister voor reizigers en liefhebbers <strong><a href=\"https:\/\/regbu.com\/nl\/geocaching-is-een-populaire-en-leuke-activiteit\/\">geocaching<\/a><\/strong>. Iedereen zou graag naar een bestemming gaan waar je een foto kunt nemen met een van de mooiste landschappen. En er moet worden opgemerkt dat er meer dan genoeg van zulke plaatsen in de wereld zijn.<\/p>\n\n\n\n<ul class=\"wp-block-list\">\n<li>Peru<\/li>\n\n\n\n<li>Sloveni\u00eb<\/li>\n\n\n\n<li>Polynesi\u00eb<\/li>\n<\/ul>\n\n\n\n<p>Natuurlijk hebben we allemaal iets andere eisen op het gebied van reizen. Sommige mensen geven de voorkeur aan bergen met besneeuwde toppen, terwijl anderen de voorkeur geven aan een eiland omringd door een heldere zee en prachtige stranden. Dus waar zijn de meest fotogenieke plekken ter wereld?<\/p>\n\n\n\n<h2 class=\"wp-block-heading\">Peru als startpunt<\/h2>\n\n\n\n<p>Er wacht je een adembenemend landschap in Peru. Elke enigszins ervaren reiziger raadt waarschijnlijk al dat je naar de Peruaanse Andes moet gaan. Het is hier dat een van de zeven wereldwonderen, de <strong>Macu Picchu<\/strong>. De overblijfselen van de stad liggen op een hoogte van 2.430 meter boven zeeniveau. En welke andere bestemmingen spreken je aan?<\/p>\n\n\n\n<figure class=\"wp-block-table\"><table><tbody><tr><td><strong>Land<\/strong><\/td><td><strong>Locatie<\/strong><\/td><\/tr><tr><td>Sloveni\u00eb<\/td><td>Het meer van Bled<\/td><\/tr><tr><td>Egypte<\/td><td>Sahar el Beida<\/td><\/tr><tr><td>Polynesi\u00eb<\/td><td>Bora Bora<\/td><\/tr><tr><td>Eiland<\/td><td>Strand van Reynisfjara<\/td><\/tr><\/tbody><\/table><figcaption class=\"wp-element-caption\">Plaatsen die er prachtig uitzien op foto's.<\/figcaption><\/figure>\n\n\n\n<p>Het meer van Bled is niet alleen uniek vanwege het wateroppervlak. Het is ook een van de meest fotogenieke plekken ter wereld dankzij de kerk van Maria Hemelvaart die op een klein eiland in het midden ligt.<\/p>\n\n\n\n<h3 class=\"wp-block-heading\">Leer de meest fotogenieke plekken kennen<\/h3>\n\n\n\n<p>Als je van Vietnam houdt, <em>bezoek de Golf van Tonkin<\/em>. Veel reizigers noemen het een van de wereldwonderen, die je zelf kunt zien. Vergeet binnen Azi\u00eb het grote China niet. Een van de mooiste plekken is ongetwijfeld het Zhangye Geological Park. De natuur is hier echt tot haar recht gekomen en je kunt hier adembenemende vakantiefoto's maken.<\/p>\n\n\n\n<p>Wat de Verenigde Staten van Amerika betreft, ga dan zeker naar het belangrijke Na Pali Coast Park. Het ruige terrein en de onge\u00ebvenaarde uitzichten zullen absoluut iedereen bekoren. Vanuit de Verenigde Staten kun je vervolgens naar Canada gaan. Hier is de winnaar duidelijk <strong>Banff National Park<\/strong>. Maak de foto die je wilt bij Lake Louise. Je kunt je reis- en fotografieavonturen op het eerder genoemde eiland Bora Bora afsluiten met een foto van enkele van de plaatselijke stranden.<\/p>","protected":false},"excerpt":{"rendered":"<p>De meest fotogenieke plaatsen hebben een grote aantrekkingskracht op reizigers en geocaching liefhebbers. Iedereen zou graag naar een bestemming gaan waar je een foto kunt nemen met een van de mooiste landschappen. En er moet worden opgemerkt dat er meer dan genoeg van deze plaatsen in de wereld zijn. Natuurlijk hebben we allemaal iets andere eisen op het gebied van reizen. Sommigen geven de voorkeur aan besneeuwde bergen, anderen ... <\/p>","protected":false},"author":2,"featured_media":1383,"comment_status":"closed","ping_status":"closed","sticky":false,"template":"","format":"standard","meta":{"footnotes":""},"categories":[8],"tags":[1679,1098,1675,372,1678,931,1674,1681,1677,1680,1076],"class_list":["post-1382","post","type-post","status-publish","format-standard","has-post-thumbnail","hentry","category-cestovani","tag-bled","tag-bora-bora","tag-egypt","tag-fotografie","tag-island","tag-jezero","tag-nejfotogenictejsi-mista","tag-plaz-reynisfjara","tag-polynesie","tag-sahar-el-beida","tag-slovinsko"],"yoast_head":"<!-- This site is optimized with the Yoast SEO plugin v27.5 - https:\/\/yoast.com\/product\/yoast-seo-wordpress\/ -->\n<title>Nejfotogeni\u010dt\u011bj\u0161\u00ed m\u00edsta na sv\u011bt\u011b - REGBU.COM<\/title>\n<meta name=\"description\" content=\"Poznejte nejfotogeni\u010dt\u011bj\u0161\u00ed m\u00edsta na sv\u011bt\u011b. Nav\u0161tivte nezapomenuteln\u00e9 lokace, kde V\u00e1m bude doslova p\u0159ech\u00e1zet zrak.\" \/>\n<meta name=\"robots\" content=\"index, follow, max-snippet:-1, max-image-preview:large, max-video-preview:-1\" \/>\n<link rel=\"canonical\" href=\"https:\/\/regbu.com\/nl\/meest-fotogenieke-man-in-de-wereld\/\" \/>\n<meta property=\"og:locale\" content=\"nl_NL\" \/>\n<meta property=\"og:type\" content=\"article\" \/>\n<meta property=\"og:title\" content=\"Nejfotogeni\u010dt\u011bj\u0161\u00ed m\u00edsta na sv\u011bt\u011b - REGBU.COM\" \/>\n<meta property=\"og:description\" content=\"Poznejte nejfotogeni\u010dt\u011bj\u0161\u00ed m\u00edsta na sv\u011bt\u011b. Nav\u0161tivte nezapomenuteln\u00e9 lokace, kde V\u00e1m bude doslova p\u0159ech\u00e1zet zrak.\" \/>\n<meta property=\"og:url\" content=\"https:\/\/regbu.com\/nl\/meest-fotogenieke-man-in-de-wereld\/\" \/>\n<meta property=\"og:site_name\" content=\"REGBU.COM\" \/>\n<meta property=\"article:published_time\" content=\"2023-08-05T14:52:36+00:00\" \/>\n<meta property=\"article:modified_time\" content=\"2025-09-05T05:40:15+00:00\" \/>\n<meta property=\"og:image\" content=\"https:\/\/regbu.com\/wp-content\/uploads\/2023\/08\/nejfotogenictejsi-mista-na-svete.jpg\" \/>\n\t<meta property=\"og:image:width\" content=\"1200\" \/>\n\t<meta property=\"og:image:height\" content=\"676\" \/>\n\t<meta property=\"og:image:type\" content=\"image\/jpeg\" \/>\n<meta name=\"author\" content=\"George Martin\" \/>\n<meta name=\"twitter:card\" content=\"summary_large_image\" \/>\n<meta name=\"twitter:label1\" content=\"Geschreven door\" \/>\n\t<meta name=\"twitter:data1\" content=\"George Martin\" \/>\n\t<meta name=\"twitter:label2\" content=\"Geschatte leestijd\" \/>\n\t<meta name=\"twitter:data2\" content=\"2 minuten\" \/>\n<script type=\"application\/ld+json\" class=\"yoast-schema-graph\">{\"@context\":\"https:\\\/\\\/schema.org\",\"@graph\":[{\"@type\":\"Article\",\"@id\":\"https:\\\/\\\/regbu.com\\\/nl\\\/meest-fotogenieke-man-in-de-wereld\\\/#article\",\"isPartOf\":{\"@id\":\"https:\\\/\\\/regbu.com\\\/nl\\\/meest-fotogenieke-man-in-de-wereld\\\/\"},\"author\":{\"name\":\"George Martin\",\"@id\":\"https:\\\/\\\/regbu.com\\\/en\\\/#\\\/schema\\\/person\\\/94ea9deda2629771b8a9ced002f6784e\"},\"headline\":\"Nejfotogeni\u010dt\u011bj\u0161\u00ed m\u00edsta na sv\u011bt\u011b\",\"datePublished\":\"2023-08-05T14:52:36+00:00\",\"dateModified\":\"2025-09-05T05:40:15+00:00\",\"mainEntityOfPage\":{\"@id\":\"https:\\\/\\\/regbu.com\\\/nl\\\/meest-fotogenieke-man-in-de-wereld\\\/\"},\"wordCount\":472,\"image\":{\"@id\":\"https:\\\/\\\/regbu.com\\\/nl\\\/meest-fotogenieke-man-in-de-wereld\\\/#primaryimage\"},\"thumbnailUrl\":\"https:\\\/\\\/regbu.com\\\/wp-content\\\/uploads\\\/2023\\\/08\\\/nejfotogenictejsi-mista-na-svete.jpg\",\"keywords\":[\"bled\",\"bora bora\",\"egypt\",\"fotografie\",\"island\",\"jezero\",\"nejfotogeni\u010dt\u011bj\u0161\u00ed m\u00edsta\",\"Pl\u00e1\u017e Reynisfjara\",\"polyn\u00e9sie\",\"Sahar el Beida\",\"Slovinsko\"],\"articleSection\":[\"Cestov\u00e1n\u00ed\"],\"inLanguage\":\"nl-NL\"},{\"@type\":\"WebPage\",\"@id\":\"https:\\\/\\\/regbu.com\\\/nl\\\/meest-fotogenieke-man-in-de-wereld\\\/\",\"url\":\"https:\\\/\\\/regbu.com\\\/nl\\\/meest-fotogenieke-man-in-de-wereld\\\/\",\"name\":\"Nejfotogeni\u010dt\u011bj\u0161\u00ed m\u00edsta na sv\u011bt\u011b - REGBU.COM\",\"isPartOf\":{\"@id\":\"https:\\\/\\\/regbu.com\\\/en\\\/#website\"},\"primaryImageOfPage\":{\"@id\":\"https:\\\/\\\/regbu.com\\\/nl\\\/meest-fotogenieke-man-in-de-wereld\\\/#primaryimage\"},\"image\":{\"@id\":\"https:\\\/\\\/regbu.com\\\/nl\\\/meest-fotogenieke-man-in-de-wereld\\\/#primaryimage\"},\"thumbnailUrl\":\"https:\\\/\\\/regbu.com\\\/wp-content\\\/uploads\\\/2023\\\/08\\\/nejfotogenictejsi-mista-na-svete.jpg\",\"datePublished\":\"2023-08-05T14:52:36+00:00\",\"dateModified\":\"2025-09-05T05:40:15+00:00\",\"author\":{\"@id\":\"https:\\\/\\\/regbu.com\\\/en\\\/#\\\/schema\\\/person\\\/94ea9deda2629771b8a9ced002f6784e\"},\"description\":\"Poznejte nejfotogeni\u010dt\u011bj\u0161\u00ed m\u00edsta na sv\u011bt\u011b. Nav\u0161tivte nezapomenuteln\u00e9 lokace, kde V\u00e1m bude doslova p\u0159ech\u00e1zet zrak.\",\"breadcrumb\":{\"@id\":\"https:\\\/\\\/regbu.com\\\/nl\\\/meest-fotogenieke-man-in-de-wereld\\\/#breadcrumb\"},\"inLanguage\":\"nl-NL\",\"potentialAction\":[{\"@type\":\"ReadAction\",\"target\":[\"https:\\\/\\\/regbu.com\\\/nl\\\/meest-fotogenieke-man-in-de-wereld\\\/\"]}]},{\"@type\":\"ImageObject\",\"inLanguage\":\"nl-NL\",\"@id\":\"https:\\\/\\\/regbu.com\\\/nl\\\/meest-fotogenieke-man-in-de-wereld\\\/#primaryimage\",\"url\":\"https:\\\/\\\/regbu.com\\\/wp-content\\\/uploads\\\/2023\\\/08\\\/nejfotogenictejsi-mista-na-svete.jpg\",\"contentUrl\":\"https:\\\/\\\/regbu.com\\\/wp-content\\\/uploads\\\/2023\\\/08\\\/nejfotogenictejsi-mista-na-svete.jpg\",\"width\":1200,\"height\":676,\"caption\":\"Nejfotogeni\u010dt\u011bj\u0161\u00ed m\u00edsta na sv\u011bt\u011b\"},{\"@type\":\"BreadcrumbList\",\"@id\":\"https:\\\/\\\/regbu.com\\\/nl\\\/meest-fotogenieke-man-in-de-wereld\\\/#breadcrumb\",\"itemListElement\":[{\"@type\":\"ListItem\",\"position\":1,\"name\":\"Home\",\"item\":\"https:\\\/\\\/regbu.com\\\/en\\\/\"},{\"@type\":\"ListItem\",\"position\":2,\"name\":\"Nejfotogeni\u010dt\u011bj\u0161\u00ed m\u00edsta na sv\u011bt\u011b\"}]},{\"@type\":\"WebSite\",\"@id\":\"https:\\\/\\\/regbu.com\\\/en\\\/#website\",\"url\":\"https:\\\/\\\/regbu.com\\\/en\\\/\",\"name\":\"REGBU.COM\",\"description\":\"\",\"potentialAction\":[{\"@type\":\"SearchAction\",\"target\":{\"@type\":\"EntryPoint\",\"urlTemplate\":\"https:\\\/\\\/regbu.com\\\/en\\\/?s={search_term_string}\"},\"query-input\":{\"@type\":\"PropertyValueSpecification\",\"valueRequired\":true,\"valueName\":\"search_term_string\"}}],\"inLanguage\":\"nl-NL\"},{\"@type\":\"Person\",\"@id\":\"https:\\\/\\\/regbu.com\\\/en\\\/#\\\/schema\\\/person\\\/94ea9deda2629771b8a9ced002f6784e\",\"name\":\"George Martin\",\"url\":\"https:\\\/\\\/regbu.com\\\/nl\\\/author\\\/george-martin\\\/\"}]}<\/script>\n<!-- \/ Yoast SEO plugin. -->","yoast_head_json":{"title":"De meest fotogenieke plekken ter wereld - REGBU.COM","description":"Ontdek de meest fotogenieke plekken ter wereld. Bezoek onvergetelijke locaties waar je ogen letterlijk glazig van worden.","robots":{"index":"index","follow":"follow","max-snippet":"max-snippet:-1","max-image-preview":"max-image-preview:large","max-video-preview":"max-video-preview:-1"},"canonical":"https:\/\/regbu.com\/nl\/meest-fotogenieke-man-in-de-wereld\/","og_locale":"nl_NL","og_type":"article","og_title":"Nejfotogeni\u010dt\u011bj\u0161\u00ed m\u00edsta na sv\u011bt\u011b - REGBU.COM","og_description":"Poznejte nejfotogeni\u010dt\u011bj\u0161\u00ed m\u00edsta na sv\u011bt\u011b. Nav\u0161tivte nezapomenuteln\u00e9 lokace, kde V\u00e1m bude doslova p\u0159ech\u00e1zet zrak.","og_url":"https:\/\/regbu.com\/nl\/meest-fotogenieke-man-in-de-wereld\/","og_site_name":"REGBU.COM","article_published_time":"2023-08-05T14:52:36+00:00","article_modified_time":"2025-09-05T05:40:15+00:00","og_image":[{"width":1200,"height":676,"url":"https:\/\/regbu.com\/wp-content\/uploads\/2023\/08\/nejfotogenictejsi-mista-na-svete.jpg","type":"image\/jpeg"}],"author":"George Martin","twitter_card":"summary_large_image","twitter_misc":{"Geschreven door":"George Martin","Geschatte leestijd":"2 minuten"},"schema":{"@context":"https:\/\/schema.org","@graph":[{"@type":"Article","@id":"https:\/\/regbu.com\/nl\/meest-fotogenieke-man-in-de-wereld\/#article","isPartOf":{"@id":"https:\/\/regbu.com\/nl\/meest-fotogenieke-man-in-de-wereld\/"},"author":{"name":"George Martin","@id":"https:\/\/regbu.com\/en\/#\/schema\/person\/94ea9deda2629771b8a9ced002f6784e"},"headline":"Nejfotogeni\u010dt\u011bj\u0161\u00ed m\u00edsta na sv\u011bt\u011b","datePublished":"2023-08-05T14:52:36+00:00","dateModified":"2025-09-05T05:40:15+00:00","mainEntityOfPage":{"@id":"https:\/\/regbu.com\/nl\/meest-fotogenieke-man-in-de-wereld\/"},"wordCount":472,"image":{"@id":"https:\/\/regbu.com\/nl\/meest-fotogenieke-man-in-de-wereld\/#primaryimage"},"thumbnailUrl":"https:\/\/regbu.com\/wp-content\/uploads\/2023\/08\/nejfotogenictejsi-mista-na-svete.jpg","keywords":["bled","bora bora","egypt","fotografie","island","jezero","nejfotogeni\u010dt\u011bj\u0161\u00ed m\u00edsta","Pl\u00e1\u017e Reynisfjara","polyn\u00e9sie","Sahar el Beida","Slovinsko"],"articleSection":["Cestov\u00e1n\u00ed"],"inLanguage":"nl-NL"},{"@type":"WebPage","@id":"https:\/\/regbu.com\/nl\/meest-fotogenieke-man-in-de-wereld\/","url":"https:\/\/regbu.com\/nl\/meest-fotogenieke-man-in-de-wereld\/","name":"De meest fotogenieke plekken ter wereld - REGBU.COM","isPartOf":{"@id":"https:\/\/regbu.com\/en\/#website"},"primaryImageOfPage":{"@id":"https:\/\/regbu.com\/nl\/meest-fotogenieke-man-in-de-wereld\/#primaryimage"},"image":{"@id":"https:\/\/regbu.com\/nl\/meest-fotogenieke-man-in-de-wereld\/#primaryimage"},"thumbnailUrl":"https:\/\/regbu.com\/wp-content\/uploads\/2023\/08\/nejfotogenictejsi-mista-na-svete.jpg","datePublished":"2023-08-05T14:52:36+00:00","dateModified":"2025-09-05T05:40:15+00:00","author":{"@id":"https:\/\/regbu.com\/en\/#\/schema\/person\/94ea9deda2629771b8a9ced002f6784e"},"description":"Ontdek de meest fotogenieke plekken ter wereld. Bezoek onvergetelijke locaties waar je ogen letterlijk glazig van worden.","breadcrumb":{"@id":"https:\/\/regbu.com\/nl\/meest-fotogenieke-man-in-de-wereld\/#breadcrumb"},"inLanguage":"nl-NL","potentialAction":[{"@type":"ReadAction","target":["https:\/\/regbu.com\/nl\/meest-fotogenieke-man-in-de-wereld\/"]}]},{"@type":"ImageObject","inLanguage":"nl-NL","@id":"https:\/\/regbu.com\/nl\/meest-fotogenieke-man-in-de-wereld\/#primaryimage","url":"https:\/\/regbu.com\/wp-content\/uploads\/2023\/08\/nejfotogenictejsi-mista-na-svete.jpg","contentUrl":"https:\/\/regbu.com\/wp-content\/uploads\/2023\/08\/nejfotogenictejsi-mista-na-svete.jpg","width":1200,"height":676,"caption":"Nejfotogeni\u010dt\u011bj\u0161\u00ed m\u00edsta na sv\u011bt\u011b"},{"@type":"BreadcrumbList","@id":"https:\/\/regbu.com\/nl\/meest-fotogenieke-man-in-de-wereld\/#breadcrumb","itemListElement":[{"@type":"ListItem","position":1,"name":"Home","item":"https:\/\/regbu.com\/en\/"},{"@type":"ListItem","position":2,"name":"Nejfotogeni\u010dt\u011bj\u0161\u00ed m\u00edsta na sv\u011bt\u011b"}]},{"@type":"WebSite","@id":"https:\/\/regbu.com\/en\/#website","url":"https:\/\/regbu.com\/en\/","name":"REGBU.COM","description":"","potentialAction":[{"@type":"SearchAction","target":{"@type":"EntryPoint","urlTemplate":"https:\/\/regbu.com\/en\/?s={search_term_string}"},"query-input":{"@type":"PropertyValueSpecification","valueRequired":true,"valueName":"search_term_string"}}],"inLanguage":"nl-NL"},{"@type":"Person","@id":"https:\/\/regbu.com\/en\/#\/schema\/person\/94ea9deda2629771b8a9ced002f6784e","name":"George Martin","url":"https:\/\/regbu.com\/nl\/author\/george-martin\/"}]}},"_links":{"self":[{"href":"https:\/\/regbu.com\/nl\/wp-json\/wp\/v2\/posts\/1382","targetHints":{"allow":["GET"]}}],"collection":[{"href":"https:\/\/regbu.com\/nl\/wp-json\/wp\/v2\/posts"}],"about":[{"href":"https:\/\/regbu.com\/nl\/wp-json\/wp\/v2\/types\/post"}],"author":[{"embeddable":true,"href":"https:\/\/regbu.com\/nl\/wp-json\/wp\/v2\/users\/2"}],"replies":[{"embeddable":true,"href":"https:\/\/regbu.com\/nl\/wp-json\/wp\/v2\/comments?post=1382"}],"version-history":[{"count":2,"href":"https:\/\/regbu.com\/nl\/wp-json\/wp\/v2\/posts\/1382\/revisions"}],"predecessor-version":[{"id":1402,"href":"https:\/\/regbu.com\/nl\/wp-json\/wp\/v2\/posts\/1382\/revisions\/1402"}],"wp:featuredmedia":[{"embeddable":true,"href":"https:\/\/regbu.com\/nl\/wp-json\/wp\/v2\/media\/1383"}],"wp:attachment":[{"href":"https:\/\/regbu.com\/nl\/wp-json\/wp\/v2\/media?parent=1382"}],"wp:term":[{"taxonomy":"category","embeddable":true,"href":"https:\/\/regbu.com\/nl\/wp-json\/wp\/v2\/categories?post=1382"},{"taxonomy":"post_tag","embeddable":true,"href":"https:\/\/regbu.com\/nl\/wp-json\/wp\/v2\/tags?post=1382"}],"curies":[{"name":"wp","href":"https:\/\/api.w.org\/{rel}","templated":true}]}}