{"id":1349,"date":"2023-07-31T14:48:14","date_gmt":"2023-07-31T12:48:14","guid":{"rendered":"https:\/\/regbu.com\/?p=1349"},"modified":"2025-09-05T07:40:26","modified_gmt":"2025-09-05T05:40:26","slug":"zimni-bunda-na-hory-musi-zahrat","status":"publish","type":"post","link":"https:\/\/regbu.com\/nl\/winter-mountain-jacket-moet-terug\/","title":{"rendered":"Winterjas voor in de bergen moet warm blijven"},"content":{"rendered":"<p>Winterjas wordt iets anders gekozen dan <strong><a href=\"https:\/\/regbu.com\/nl\/wandeljas-muse-mit-run-likes\/\">wandeljas<\/a><\/strong>. Dit type kleding is geschikt voor het winterseizoen, dus het moet vooral warm zijn. Het ontwerp van de jas zelf komt dan overeen met de activiteiten die je wilt ondernemen.<\/p>\n\n\n\n<ul class=\"wp-block-list\">\n<li>Toerisme<\/li>\n\n\n\n<li>Ski\u00ebn<\/li>\n\n\n\n<li>Dagelijks dragen<\/li>\n<\/ul>\n\n\n\n<p>Als je niet op de hoogte bent van de beschikbare opties bij het kiezen van een nieuwe winterjas, laten we het je dan vertellen. Met de volgende informatie zul je niet langer in de war zijn als je een winkel binnenloopt met tientallen modellen winterjassen.<\/p>\n\n\n\n<h2 class=\"wp-block-heading\">Is veren of synthetisch beter?<\/h2>\n\n\n\n<p>Laten we eerst eens kijken naar de samenstelling. Een winterjas kan het volgende hebben <strong>andere vulling<\/strong>wat natuurlijk ook geassocieerd wordt met verschillende eigenschappen. Een typisch voorbeeld zijn veren en kunststoffen. Een materiaal dat veel voorstanders heeft. Als je hier niet bekend mee bent en niet weet welke kant je op moet, is hier een vergelijking. De tabel toont de voor- en nadelen van beide materialen.<\/p>\n\n\n\n<figure class=\"wp-block-table\"><table><tbody><tr><td><strong>Veren<\/strong><\/td><td><strong>Kunststof<\/strong><\/td><\/tr><tr><td>Langere levensduur<\/td><td>Gemakkelijk te onderhouden<\/td><\/tr><tr><td>Lager gewicht<\/td><td>Kost minder geld<\/td><\/tr><tr><td>Gemakkelijk in te pakken<\/td><td>Voor nattere omstandigheden<\/td><\/tr><tr><td>Gevoeliger voor vocht<\/td><td>Het verliest zijn warmte<\/td><\/tr><\/tbody><\/table><figcaption class=\"wp-element-caption\">Vergelijking van de twee meest gebruikte materialen voor winterjassen.<\/figcaption><\/figure>\n\n\n\n<p>Als je een gemakkelijk mee te nemen jas wilt die je warm houdt, ga dan voor dons. Als je langdurig nat en vochtig wilt worden, ga dan voor synthetisch materiaal.<\/p>\n\n\n\n<h3 class=\"wp-block-heading\">Winterjas in verschillende vormen<\/h3>\n\n\n\n<p>Tegenwoordig kom je veel andere materialen tegen dan alleen&nbsp;<strong>veren en synthetische stoffen<\/strong>. Dat bewijst bijvoorbeeld fleece, dat niet zo warm is, maar aan de andere kant wel makkelijk in te pakken en goedkoper. Een uniek materiaal is bijvoorbeeld merinoloft, waarmee je zelfs in natte omstandigheden isolatie krijgt. Je moet echter wel even wachten tot het droog is. Een winterjas die verschillende materialen combineert is geen uitzondering, dus je kunt van iedereen wel iets krijgen.<\/p>\n\n\n\n<p>Het productiemateriaal, of de vulling, is niet de enige belangrijke parameter bij het kiezen van een winterjas. Je moet ook nadenken over het gebruik van deze kleding. Voor een jas voor dagelijks gebruik heb je waarschijnlijk iets andere eigenschappen nodig dan voor <em>sportjassen<\/em>. Voor normaal gebruik kun je een robuuster materiaal kiezen, maar voor een ski-jas geef je de voorkeur aan duurzaamheid aan de oppervlakte. Voor veeleisende winterwandelingen winnen lichtgewicht en warmte het.<\/p>","protected":false},"excerpt":{"rendered":"<p>Een winterjas wordt iets anders gekozen dan een wandeljas. Dit type kleding is geschikt voor het winterseizoen, dus het moet je in de eerste plaats warm houden. Het ontwerp van de jas zelf komt dan overeen met de activiteiten die je wilt ondernemen. Als je niet weet welke opties je hebt bij het kiezen van een nieuwe winterjas, vertellen we het je hier. ... <\/p>","protected":false},"author":2,"featured_media":1350,"comment_status":"closed","ping_status":"closed","sticky":false,"template":"","format":"standard","meta":{"footnotes":""},"categories":[671],"tags":[1610,1611,1630,1626,1629,1627,1628,821,1624,1625],"class_list":["post-1349","post","type-post","status-publish","format-standard","has-post-thumbnail","hentry","category-moda","tag-bunda","tag-bundy","tag-fleece","tag-lyzovani","tag-napln","tag-peri","tag-syntetika","tag-turistika","tag-zimni-bunda","tag-zimni-bundy"],"yoast_head":"<!-- This site is optimized with the Yoast SEO plugin v27.5 - https:\/\/yoast.com\/product\/yoast-seo-wordpress\/ -->\n<title>Zimn\u00ed bunda na hory mus\u00ed zah\u0159\u00e1t - REGBU.COM<\/title>\n<meta name=\"description\" content=\"Chyst\u00e1te se ven v zimn\u00edm obdob\u00ed? Pak by ve Va\u0161em \u0161atn\u00edku za \u017e\u00e1dn\u00fdch okolnost\u00ed nem\u011bla chyb\u011bt zimn\u00ed bunda. Mo\u017enosti v\u00fdb\u011bru jsou bohat\u00e9.\" \/>\n<meta name=\"robots\" content=\"index, follow, max-snippet:-1, max-image-preview:large, max-video-preview:-1\" \/>\n<link rel=\"canonical\" href=\"https:\/\/regbu.com\/nl\/winter-mountain-jacket-moet-terug\/\" \/>\n<meta property=\"og:locale\" content=\"nl_NL\" \/>\n<meta property=\"og:type\" content=\"article\" \/>\n<meta property=\"og:title\" content=\"Zimn\u00ed bunda na hory mus\u00ed zah\u0159\u00e1t - REGBU.COM\" \/>\n<meta property=\"og:description\" content=\"Chyst\u00e1te se ven v zimn\u00edm obdob\u00ed? Pak by ve Va\u0161em \u0161atn\u00edku za \u017e\u00e1dn\u00fdch okolnost\u00ed nem\u011bla chyb\u011bt zimn\u00ed bunda. Mo\u017enosti v\u00fdb\u011bru jsou bohat\u00e9.\" \/>\n<meta property=\"og:url\" content=\"https:\/\/regbu.com\/nl\/winter-mountain-jacket-moet-terug\/\" \/>\n<meta property=\"og:site_name\" content=\"REGBU.COM\" \/>\n<meta property=\"article:published_time\" content=\"2023-07-31T12:48:14+00:00\" \/>\n<meta property=\"article:modified_time\" content=\"2025-09-05T05:40:26+00:00\" \/>\n<meta property=\"og:image\" content=\"https:\/\/regbu.com\/wp-content\/uploads\/2023\/07\/zimni-bunda-na-hory-musi-zahrat.jpg\" \/>\n\t<meta property=\"og:image:width\" content=\"1200\" \/>\n\t<meta property=\"og:image:height\" content=\"677\" \/>\n\t<meta property=\"og:image:type\" content=\"image\/jpeg\" \/>\n<meta name=\"author\" content=\"George Martin\" \/>\n<meta name=\"twitter:card\" content=\"summary_large_image\" \/>\n<meta name=\"twitter:label1\" content=\"Geschreven door\" \/>\n\t<meta name=\"twitter:data1\" content=\"George Martin\" \/>\n\t<meta name=\"twitter:label2\" content=\"Geschatte leestijd\" \/>\n\t<meta name=\"twitter:data2\" content=\"2 minuten\" \/>\n<script type=\"application\/ld+json\" class=\"yoast-schema-graph\">{\"@context\":\"https:\\\/\\\/schema.org\",\"@graph\":[{\"@type\":\"Article\",\"@id\":\"https:\\\/\\\/regbu.com\\\/nl\\\/winter-mountain-jacket-moet-terug\\\/#article\",\"isPartOf\":{\"@id\":\"https:\\\/\\\/regbu.com\\\/nl\\\/winter-mountain-jacket-moet-terug\\\/\"},\"author\":{\"name\":\"George Martin\",\"@id\":\"https:\\\/\\\/regbu.com\\\/en\\\/#\\\/schema\\\/person\\\/94ea9deda2629771b8a9ced002f6784e\"},\"headline\":\"Zimn\u00ed bunda na hory mus\u00ed zah\u0159\u00e1t\",\"datePublished\":\"2023-07-31T12:48:14+00:00\",\"dateModified\":\"2025-09-05T05:40:26+00:00\",\"mainEntityOfPage\":{\"@id\":\"https:\\\/\\\/regbu.com\\\/nl\\\/winter-mountain-jacket-moet-terug\\\/\"},\"wordCount\":473,\"image\":{\"@id\":\"https:\\\/\\\/regbu.com\\\/nl\\\/winter-mountain-jacket-moet-terug\\\/#primaryimage\"},\"thumbnailUrl\":\"https:\\\/\\\/regbu.com\\\/wp-content\\\/uploads\\\/2023\\\/07\\\/zimni-bunda-na-hory-musi-zahrat.jpg\",\"keywords\":[\"bunda\",\"bundy\",\"fleece\",\"ly\u017eov\u00e1n\u00ed\",\"n\u00e1pl\u0148\",\"pe\u0159\u00ed\",\"syntetika\",\"turistika\",\"zimn\u00ed bunda\",\"zimn\u00ed bundy\"],\"articleSection\":[\"M\u00f3da\"],\"inLanguage\":\"nl-NL\"},{\"@type\":\"WebPage\",\"@id\":\"https:\\\/\\\/regbu.com\\\/nl\\\/winter-mountain-jacket-moet-terug\\\/\",\"url\":\"https:\\\/\\\/regbu.com\\\/nl\\\/winter-mountain-jacket-moet-terug\\\/\",\"name\":\"Zimn\u00ed bunda na hory mus\u00ed zah\u0159\u00e1t - REGBU.COM\",\"isPartOf\":{\"@id\":\"https:\\\/\\\/regbu.com\\\/en\\\/#website\"},\"primaryImageOfPage\":{\"@id\":\"https:\\\/\\\/regbu.com\\\/nl\\\/winter-mountain-jacket-moet-terug\\\/#primaryimage\"},\"image\":{\"@id\":\"https:\\\/\\\/regbu.com\\\/nl\\\/winter-mountain-jacket-moet-terug\\\/#primaryimage\"},\"thumbnailUrl\":\"https:\\\/\\\/regbu.com\\\/wp-content\\\/uploads\\\/2023\\\/07\\\/zimni-bunda-na-hory-musi-zahrat.jpg\",\"datePublished\":\"2023-07-31T12:48:14+00:00\",\"dateModified\":\"2025-09-05T05:40:26+00:00\",\"author\":{\"@id\":\"https:\\\/\\\/regbu.com\\\/en\\\/#\\\/schema\\\/person\\\/94ea9deda2629771b8a9ced002f6784e\"},\"description\":\"Chyst\u00e1te se ven v zimn\u00edm obdob\u00ed? Pak by ve Va\u0161em \u0161atn\u00edku za \u017e\u00e1dn\u00fdch okolnost\u00ed nem\u011bla chyb\u011bt zimn\u00ed bunda. Mo\u017enosti v\u00fdb\u011bru jsou bohat\u00e9.\",\"breadcrumb\":{\"@id\":\"https:\\\/\\\/regbu.com\\\/nl\\\/winter-mountain-jacket-moet-terug\\\/#breadcrumb\"},\"inLanguage\":\"nl-NL\",\"potentialAction\":[{\"@type\":\"ReadAction\",\"target\":[\"https:\\\/\\\/regbu.com\\\/nl\\\/winter-mountain-jacket-moet-terug\\\/\"]}]},{\"@type\":\"ImageObject\",\"inLanguage\":\"nl-NL\",\"@id\":\"https:\\\/\\\/regbu.com\\\/nl\\\/winter-mountain-jacket-moet-terug\\\/#primaryimage\",\"url\":\"https:\\\/\\\/regbu.com\\\/wp-content\\\/uploads\\\/2023\\\/07\\\/zimni-bunda-na-hory-musi-zahrat.jpg\",\"contentUrl\":\"https:\\\/\\\/regbu.com\\\/wp-content\\\/uploads\\\/2023\\\/07\\\/zimni-bunda-na-hory-musi-zahrat.jpg\",\"width\":1200,\"height\":677,\"caption\":\"Zimn\u00ed bunda na hory mus\u00ed zah\u0159\u00e1t\"},{\"@type\":\"BreadcrumbList\",\"@id\":\"https:\\\/\\\/regbu.com\\\/nl\\\/winter-mountain-jacket-moet-terug\\\/#breadcrumb\",\"itemListElement\":[{\"@type\":\"ListItem\",\"position\":1,\"name\":\"Home\",\"item\":\"https:\\\/\\\/regbu.com\\\/en\\\/\"},{\"@type\":\"ListItem\",\"position\":2,\"name\":\"Zimn\u00ed bunda na hory mus\u00ed zah\u0159\u00e1t\"}]},{\"@type\":\"WebSite\",\"@id\":\"https:\\\/\\\/regbu.com\\\/en\\\/#website\",\"url\":\"https:\\\/\\\/regbu.com\\\/en\\\/\",\"name\":\"REGBU.COM\",\"description\":\"\",\"potentialAction\":[{\"@type\":\"SearchAction\",\"target\":{\"@type\":\"EntryPoint\",\"urlTemplate\":\"https:\\\/\\\/regbu.com\\\/en\\\/?s={search_term_string}\"},\"query-input\":{\"@type\":\"PropertyValueSpecification\",\"valueRequired\":true,\"valueName\":\"search_term_string\"}}],\"inLanguage\":\"nl-NL\"},{\"@type\":\"Person\",\"@id\":\"https:\\\/\\\/regbu.com\\\/en\\\/#\\\/schema\\\/person\\\/94ea9deda2629771b8a9ced002f6784e\",\"name\":\"George Martin\",\"url\":\"https:\\\/\\\/regbu.com\\\/nl\\\/author\\\/george-martin\\\/\"}]}<\/script>\n<!-- \/ Yoast SEO plugin. -->","yoast_head_json":{"title":"Winterjas voor in de bergen moet je warm houden - REGBU.COM","description":"Ga je in de winter op stap? Dan mag een winterjas in geen geval ontbreken in je garderobe. Er is keuze genoeg.","robots":{"index":"index","follow":"follow","max-snippet":"max-snippet:-1","max-image-preview":"max-image-preview:large","max-video-preview":"max-video-preview:-1"},"canonical":"https:\/\/regbu.com\/nl\/winter-mountain-jacket-moet-terug\/","og_locale":"nl_NL","og_type":"article","og_title":"Zimn\u00ed bunda na hory mus\u00ed zah\u0159\u00e1t - REGBU.COM","og_description":"Chyst\u00e1te se ven v zimn\u00edm obdob\u00ed? Pak by ve Va\u0161em \u0161atn\u00edku za \u017e\u00e1dn\u00fdch okolnost\u00ed nem\u011bla chyb\u011bt zimn\u00ed bunda. Mo\u017enosti v\u00fdb\u011bru jsou bohat\u00e9.","og_url":"https:\/\/regbu.com\/nl\/winter-mountain-jacket-moet-terug\/","og_site_name":"REGBU.COM","article_published_time":"2023-07-31T12:48:14+00:00","article_modified_time":"2025-09-05T05:40:26+00:00","og_image":[{"width":1200,"height":677,"url":"https:\/\/regbu.com\/wp-content\/uploads\/2023\/07\/zimni-bunda-na-hory-musi-zahrat.jpg","type":"image\/jpeg"}],"author":"George Martin","twitter_card":"summary_large_image","twitter_misc":{"Geschreven door":"George Martin","Geschatte leestijd":"2 minuten"},"schema":{"@context":"https:\/\/schema.org","@graph":[{"@type":"Article","@id":"https:\/\/regbu.com\/nl\/winter-mountain-jacket-moet-terug\/#article","isPartOf":{"@id":"https:\/\/regbu.com\/nl\/winter-mountain-jacket-moet-terug\/"},"author":{"name":"George Martin","@id":"https:\/\/regbu.com\/en\/#\/schema\/person\/94ea9deda2629771b8a9ced002f6784e"},"headline":"Zimn\u00ed bunda na hory mus\u00ed zah\u0159\u00e1t","datePublished":"2023-07-31T12:48:14+00:00","dateModified":"2025-09-05T05:40:26+00:00","mainEntityOfPage":{"@id":"https:\/\/regbu.com\/nl\/winter-mountain-jacket-moet-terug\/"},"wordCount":473,"image":{"@id":"https:\/\/regbu.com\/nl\/winter-mountain-jacket-moet-terug\/#primaryimage"},"thumbnailUrl":"https:\/\/regbu.com\/wp-content\/uploads\/2023\/07\/zimni-bunda-na-hory-musi-zahrat.jpg","keywords":["bunda","bundy","fleece","ly\u017eov\u00e1n\u00ed","n\u00e1pl\u0148","pe\u0159\u00ed","syntetika","turistika","zimn\u00ed bunda","zimn\u00ed bundy"],"articleSection":["M\u00f3da"],"inLanguage":"nl-NL"},{"@type":"WebPage","@id":"https:\/\/regbu.com\/nl\/winter-mountain-jacket-moet-terug\/","url":"https:\/\/regbu.com\/nl\/winter-mountain-jacket-moet-terug\/","name":"Winterjas voor in de bergen moet je warm houden - REGBU.COM","isPartOf":{"@id":"https:\/\/regbu.com\/en\/#website"},"primaryImageOfPage":{"@id":"https:\/\/regbu.com\/nl\/winter-mountain-jacket-moet-terug\/#primaryimage"},"image":{"@id":"https:\/\/regbu.com\/nl\/winter-mountain-jacket-moet-terug\/#primaryimage"},"thumbnailUrl":"https:\/\/regbu.com\/wp-content\/uploads\/2023\/07\/zimni-bunda-na-hory-musi-zahrat.jpg","datePublished":"2023-07-31T12:48:14+00:00","dateModified":"2025-09-05T05:40:26+00:00","author":{"@id":"https:\/\/regbu.com\/en\/#\/schema\/person\/94ea9deda2629771b8a9ced002f6784e"},"description":"Ga je in de winter op stap? Dan mag een winterjas in geen geval ontbreken in je garderobe. Er is keuze genoeg.","breadcrumb":{"@id":"https:\/\/regbu.com\/nl\/winter-mountain-jacket-moet-terug\/#breadcrumb"},"inLanguage":"nl-NL","potentialAction":[{"@type":"ReadAction","target":["https:\/\/regbu.com\/nl\/winter-mountain-jacket-moet-terug\/"]}]},{"@type":"ImageObject","inLanguage":"nl-NL","@id":"https:\/\/regbu.com\/nl\/winter-mountain-jacket-moet-terug\/#primaryimage","url":"https:\/\/regbu.com\/wp-content\/uploads\/2023\/07\/zimni-bunda-na-hory-musi-zahrat.jpg","contentUrl":"https:\/\/regbu.com\/wp-content\/uploads\/2023\/07\/zimni-bunda-na-hory-musi-zahrat.jpg","width":1200,"height":677,"caption":"Zimn\u00ed bunda na hory mus\u00ed zah\u0159\u00e1t"},{"@type":"BreadcrumbList","@id":"https:\/\/regbu.com\/nl\/winter-mountain-jacket-moet-terug\/#breadcrumb","itemListElement":[{"@type":"ListItem","position":1,"name":"Home","item":"https:\/\/regbu.com\/en\/"},{"@type":"ListItem","position":2,"name":"Zimn\u00ed bunda na hory mus\u00ed zah\u0159\u00e1t"}]},{"@type":"WebSite","@id":"https:\/\/regbu.com\/en\/#website","url":"https:\/\/regbu.com\/en\/","name":"REGBU.COM","description":"","potentialAction":[{"@type":"SearchAction","target":{"@type":"EntryPoint","urlTemplate":"https:\/\/regbu.com\/en\/?s={search_term_string}"},"query-input":{"@type":"PropertyValueSpecification","valueRequired":true,"valueName":"search_term_string"}}],"inLanguage":"nl-NL"},{"@type":"Person","@id":"https:\/\/regbu.com\/en\/#\/schema\/person\/94ea9deda2629771b8a9ced002f6784e","name":"George Martin","url":"https:\/\/regbu.com\/nl\/author\/george-martin\/"}]}},"_links":{"self":[{"href":"https:\/\/regbu.com\/nl\/wp-json\/wp\/v2\/posts\/1349","targetHints":{"allow":["GET"]}}],"collection":[{"href":"https:\/\/regbu.com\/nl\/wp-json\/wp\/v2\/posts"}],"about":[{"href":"https:\/\/regbu.com\/nl\/wp-json\/wp\/v2\/types\/post"}],"author":[{"embeddable":true,"href":"https:\/\/regbu.com\/nl\/wp-json\/wp\/v2\/users\/2"}],"replies":[{"embeddable":true,"href":"https:\/\/regbu.com\/nl\/wp-json\/wp\/v2\/comments?post=1349"}],"version-history":[{"count":2,"href":"https:\/\/regbu.com\/nl\/wp-json\/wp\/v2\/posts\/1349\/revisions"}],"predecessor-version":[{"id":1362,"href":"https:\/\/regbu.com\/nl\/wp-json\/wp\/v2\/posts\/1349\/revisions\/1362"}],"wp:featuredmedia":[{"embeddable":true,"href":"https:\/\/regbu.com\/nl\/wp-json\/wp\/v2\/media\/1350"}],"wp:attachment":[{"href":"https:\/\/regbu.com\/nl\/wp-json\/wp\/v2\/media?parent=1349"}],"wp:term":[{"taxonomy":"category","embeddable":true,"href":"https:\/\/regbu.com\/nl\/wp-json\/wp\/v2\/categories?post=1349"},{"taxonomy":"post_tag","embeddable":true,"href":"https:\/\/regbu.com\/nl\/wp-json\/wp\/v2\/tags?post=1349"}],"curies":[{"name":"wp","href":"https:\/\/api.w.org\/{rel}","templated":true}]}}