{"id":1227,"date":"2023-07-23T16:05:18","date_gmt":"2023-07-23T14:05:18","guid":{"rendered":"https:\/\/regbu.com\/?p=1227"},"modified":"2025-09-05T07:40:46","modified_gmt":"2025-09-05T05:40:46","slug":"panske-kratasy-na-mnoho-zpusobu","status":"publish","type":"post","link":"https:\/\/regbu.com\/nl\/herenshort-voor-veel-manieren\/","title":{"rendered":"Herenshorts op vele manieren"},"content":{"rendered":"<p>Herenshorts worden vooral in de zomer gebruikt. Zoals bijvoorbeeld <strong><a href=\"https:\/\/regbu.com\/nl\/dames-sweatshirts-kunnen-op-veel-manieren-gedragen-worden\/\">damessjaals<\/a><\/strong> als praktisch onderdeel van een zomerjurk. Het is waar dat sommige meer geharde mensen shorts kiezen om het hele jaar door te dragen, hoewel dit in de winter vrij ongebruikelijk is. Laten we de korte broek voor heren eens bekijken vanuit het perspectief van de zomer, wanneer je er het volgende van nodig hebt.<\/p>\n\n\n\n<ul class=\"wp-block-list\">\n<li>Luchtigheid<\/li>\n\n\n\n<li>Lichtheid<\/li>\n\n\n\n<li>Gemak<\/li>\n<\/ul>\n\n\n\n<p>Als je in dit verband niet weet welke opties <em>kledingkeuze<\/em> wordt aangeboden, lees dan de volgende regels. We brengen je veel praktische informatie, waaronder een vermelding van de distributie van shorts.<\/p>\n\n\n\n<h2 class=\"wp-block-heading\">Denim shorts als klassieker<\/h2>\n\n\n\n<p>Waar moeten we anders beginnen dan met de meest voorkomende? En dat is <strong>denim shorts voor heren<\/strong>. Dit type shorts kan gedragen worden met in principe elk type top, of het nu een t-shirt, sweatshirt of jasje is. Vanuit sociaal oogpunt kan denim er ook heel strak en elegant uitzien. Aan de andere kant moet je er wel rekening mee houden dat shorts van dit type wat strakker en minder comfortabel kunnen zitten.<\/p>\n\n\n\n<h3 class=\"wp-block-heading\">Andere herenshorts<\/h3>\n\n\n\n<p>Het tegenovergestelde van spijkerstof is <strong>canvas<\/strong>. Dit type materiaal zit losser, waardoor het beter beweegt. Dit leent zich voor het gebruik van korte broeken. Je kunt ze bijvoorbeeld gebruiken om te wandelen. Muziekevenementen en zomerfestivals zijn geen uitzondering. Als je ge\u00efnteresseerd bent in andere soorten herenshorts, lees dan de volgende vragen en antwoorden.<\/p>\n\n\n\n<div class=\"schema-faq wp-block-yoast-faq-block\"><div class=\"schema-faq-section\" id=\"faq-question-1690207530445\"><strong class=\"schema-faq-question\">Wat bedoel je met chico shorts?<\/strong> <p class=\"schema-faq-answer\">Dit zijn elegante shorts die je bijvoorbeeld kunt combineren met een shirt met korte mouwen of een polo.<\/p> <\/div> <div class=\"schema-faq-section\" id=\"faq-question-1690207537842\"><strong class=\"schema-faq-question\">Tot welke kledinggroep behoren chico shorts?<\/strong> <p class=\"schema-faq-answer\">In dit geval kunnen we het hebben over het bedrijfsgedeelte.<\/p> <\/div> <div class=\"schema-faq-section\" id=\"faq-question-1690207545197\"><strong class=\"schema-faq-question\">Welke shorts zijn het meest comfortabel?<\/strong> <p class=\"schema-faq-answer\">Het zijn joggingbroeken waarvan het productiemateriaal meestal katoen is. Ze worden ook gecombineerd met een katoenen T-shirt. Ze zitten meestal wat losser en zijn verrijkt met letters.<\/p> <\/div> <div class=\"schema-faq-section\" id=\"faq-question-1690207555901\"><strong class=\"schema-faq-question\">Waar worden sportshorts voor gebruikt?<\/strong> <p class=\"schema-faq-answer\">Zoals je waarschijnlijk al kunt raden, is het voor fysieke activiteiten. Veel van deze modellen hebben ingenaaid ondersteunend ondergoed.<\/p> <\/div> <div class=\"schema-faq-section\" id=\"faq-question-1690207567411\"><strong class=\"schema-faq-question\">Wat zijn de kenmerken van een sportshort?<\/strong> <p class=\"schema-faq-answer\">Het belangrijkste is het gebruikte materiaal, dat functioneel moet zijn. Het moet zweet en dus geur afvoeren.<\/p> <\/div> <\/div>","protected":false},"excerpt":{"rendered":"<p>Herenshorts worden vooral in de zomer gebruikt. Zo zijn bijvoorbeeld damessjaals een praktisch onderdeel van zomerjurken. Het is waar dat sommige meer geharde individuen shorts kiezen om het hele jaar door te dragen, hoewel dit in de winter vrij ongebruikelijk is. Laten we korte broeken voor heren eens bekijken vanuit het perspectief van gebruik in de zomer, wanneer je ... <\/p>","protected":false},"author":2,"featured_media":1228,"comment_status":"closed","ping_status":"closed","sticky":false,"template":"","format":"standard","meta":{"footnotes":""},"categories":[671],"tags":[1449,1447,1444,1440,1439,1442,1445,1443,1441,1446],"class_list":["post-1227","post","type-post","status-publish","format-standard","has-post-thumbnail","hentry","category-moda","tag-chico","tag-chico-kratasy","tag-dzinove","tag-kratasy","tag-panske-kratasy","tag-panske-sortky","tag-platno","tag-pohodli","tag-sortky","tag-sportovni-kratasy"],"yoast_head":"<!-- This site is optimized with the Yoast SEO plugin v27.5 - https:\/\/yoast.com\/product\/yoast-seo-wordpress\/ -->\n<title>P\u00e1nsk\u00e9 kra\u0165asy na mnoho zp\u016fsob\u016f - REGBU.COM<\/title>\n<meta name=\"description\" content=\"P\u00e1nsk\u00e9 kra\u0165asy maj\u00ed charakter letn\u00edho outfitu. Zjist\u011bte, jak\u00e9 m\u00e1te mo\u017enosti p\u0159i n\u00e1kupu p\u00e1nsk\u00fdch \u0161ortek a kam se hod\u00ed.\" \/>\n<meta name=\"robots\" content=\"index, follow, max-snippet:-1, max-image-preview:large, max-video-preview:-1\" \/>\n<link rel=\"canonical\" href=\"https:\/\/regbu.com\/nl\/herenshort-voor-veel-manieren\/\" \/>\n<meta property=\"og:locale\" content=\"nl_NL\" \/>\n<meta property=\"og:type\" content=\"article\" \/>\n<meta property=\"og:title\" content=\"P\u00e1nsk\u00e9 kra\u0165asy na mnoho zp\u016fsob\u016f - REGBU.COM\" \/>\n<meta property=\"og:description\" content=\"P\u00e1nsk\u00e9 kra\u0165asy maj\u00ed charakter letn\u00edho outfitu. Zjist\u011bte, jak\u00e9 m\u00e1te mo\u017enosti p\u0159i n\u00e1kupu p\u00e1nsk\u00fdch \u0161ortek a kam se hod\u00ed.\" \/>\n<meta property=\"og:url\" content=\"https:\/\/regbu.com\/nl\/herenshort-voor-veel-manieren\/\" \/>\n<meta property=\"og:site_name\" content=\"REGBU.COM\" \/>\n<meta property=\"article:published_time\" content=\"2023-07-23T14:05:18+00:00\" \/>\n<meta property=\"article:modified_time\" content=\"2025-09-05T05:40:46+00:00\" \/>\n<meta property=\"og:image\" content=\"https:\/\/regbu.com\/wp-content\/uploads\/2023\/07\/panske-kratasy-na-mnoho-zpusobu.jpg\" \/>\n\t<meta property=\"og:image:width\" content=\"1200\" \/>\n\t<meta property=\"og:image:height\" content=\"677\" \/>\n\t<meta property=\"og:image:type\" content=\"image\/jpeg\" \/>\n<meta name=\"author\" content=\"George Martin\" \/>\n<meta name=\"twitter:card\" content=\"summary_large_image\" \/>\n<meta name=\"twitter:label1\" content=\"Geschreven door\" \/>\n\t<meta name=\"twitter:data1\" content=\"George Martin\" \/>\n\t<meta name=\"twitter:label2\" content=\"Geschatte leestijd\" \/>\n\t<meta name=\"twitter:data2\" content=\"2 minuten\" \/>\n<script type=\"application\/ld+json\" class=\"yoast-schema-graph\">{\"@context\":\"https:\\\/\\\/schema.org\",\"@graph\":[{\"@type\":\"Article\",\"@id\":\"https:\\\/\\\/regbu.com\\\/nl\\\/herenshort-voor-veel-manieren\\\/#article\",\"isPartOf\":{\"@id\":\"https:\\\/\\\/regbu.com\\\/nl\\\/herenshort-voor-veel-manieren\\\/\"},\"author\":{\"name\":\"George Martin\",\"@id\":\"https:\\\/\\\/regbu.com\\\/en\\\/#\\\/schema\\\/person\\\/94ea9deda2629771b8a9ced002f6784e\"},\"headline\":\"P\u00e1nsk\u00e9 kra\u0165asy na mnoho zp\u016fsob\u016f\",\"datePublished\":\"2023-07-23T14:05:18+00:00\",\"dateModified\":\"2025-09-05T05:40:46+00:00\",\"mainEntityOfPage\":{\"@id\":\"https:\\\/\\\/regbu.com\\\/nl\\\/herenshort-voor-veel-manieren\\\/\"},\"wordCount\":484,\"image\":{\"@id\":\"https:\\\/\\\/regbu.com\\\/nl\\\/herenshort-voor-veel-manieren\\\/#primaryimage\"},\"thumbnailUrl\":\"https:\\\/\\\/regbu.com\\\/wp-content\\\/uploads\\\/2023\\\/07\\\/panske-kratasy-na-mnoho-zpusobu.jpg\",\"keywords\":[\"chico\",\"chico kra\u0164asy\",\"d\u017e\u00ednov\u00e9\",\"kra\u0165asy\",\"p\u00e1nsk\u00e9 kra\u0165asy\",\"p\u00e1nsk\u00e9 \u0161ortky\",\"pl\u00e1tno\",\"pohodl\u00ed\",\"\u0161ortky\",\"sportovn\u00ed kra\u0165asy\"],\"articleSection\":[\"M\u00f3da\"],\"inLanguage\":\"nl-NL\"},{\"@type\":[\"WebPage\",\"FAQPage\"],\"@id\":\"https:\\\/\\\/regbu.com\\\/nl\\\/herenshort-voor-veel-manieren\\\/\",\"url\":\"https:\\\/\\\/regbu.com\\\/nl\\\/herenshort-voor-veel-manieren\\\/\",\"name\":\"P\u00e1nsk\u00e9 kra\u0165asy na mnoho zp\u016fsob\u016f - REGBU.COM\",\"isPartOf\":{\"@id\":\"https:\\\/\\\/regbu.com\\\/en\\\/#website\"},\"primaryImageOfPage\":{\"@id\":\"https:\\\/\\\/regbu.com\\\/nl\\\/herenshort-voor-veel-manieren\\\/#primaryimage\"},\"image\":{\"@id\":\"https:\\\/\\\/regbu.com\\\/nl\\\/herenshort-voor-veel-manieren\\\/#primaryimage\"},\"thumbnailUrl\":\"https:\\\/\\\/regbu.com\\\/wp-content\\\/uploads\\\/2023\\\/07\\\/panske-kratasy-na-mnoho-zpusobu.jpg\",\"datePublished\":\"2023-07-23T14:05:18+00:00\",\"dateModified\":\"2025-09-05T05:40:46+00:00\",\"author\":{\"@id\":\"https:\\\/\\\/regbu.com\\\/en\\\/#\\\/schema\\\/person\\\/94ea9deda2629771b8a9ced002f6784e\"},\"description\":\"P\u00e1nsk\u00e9 kra\u0165asy maj\u00ed charakter letn\u00edho outfitu. Zjist\u011bte, jak\u00e9 m\u00e1te mo\u017enosti p\u0159i n\u00e1kupu p\u00e1nsk\u00fdch \u0161ortek a kam se hod\u00ed.\",\"breadcrumb\":{\"@id\":\"https:\\\/\\\/regbu.com\\\/nl\\\/herenshort-voor-veel-manieren\\\/#breadcrumb\"},\"mainEntity\":[{\"@id\":\"https:\\\/\\\/regbu.com\\\/nl\\\/herenshort-voor-veel-manieren\\\/#faq-question-1690207530445\"},{\"@id\":\"https:\\\/\\\/regbu.com\\\/nl\\\/herenshort-voor-veel-manieren\\\/#faq-question-1690207537842\"},{\"@id\":\"https:\\\/\\\/regbu.com\\\/nl\\\/herenshort-voor-veel-manieren\\\/#faq-question-1690207545197\"},{\"@id\":\"https:\\\/\\\/regbu.com\\\/nl\\\/herenshort-voor-veel-manieren\\\/#faq-question-1690207555901\"},{\"@id\":\"https:\\\/\\\/regbu.com\\\/nl\\\/herenshort-voor-veel-manieren\\\/#faq-question-1690207567411\"}],\"inLanguage\":\"nl-NL\",\"potentialAction\":[{\"@type\":\"ReadAction\",\"target\":[\"https:\\\/\\\/regbu.com\\\/nl\\\/herenshort-voor-veel-manieren\\\/\"]}]},{\"@type\":\"ImageObject\",\"inLanguage\":\"nl-NL\",\"@id\":\"https:\\\/\\\/regbu.com\\\/nl\\\/herenshort-voor-veel-manieren\\\/#primaryimage\",\"url\":\"https:\\\/\\\/regbu.com\\\/wp-content\\\/uploads\\\/2023\\\/07\\\/panske-kratasy-na-mnoho-zpusobu.jpg\",\"contentUrl\":\"https:\\\/\\\/regbu.com\\\/wp-content\\\/uploads\\\/2023\\\/07\\\/panske-kratasy-na-mnoho-zpusobu.jpg\",\"width\":1200,\"height\":677,\"caption\":\"P\u00e1nsk\u00e9 kra\u0165asy na mnoho zp\u016fsob\u016f\"},{\"@type\":\"BreadcrumbList\",\"@id\":\"https:\\\/\\\/regbu.com\\\/nl\\\/herenshort-voor-veel-manieren\\\/#breadcrumb\",\"itemListElement\":[{\"@type\":\"ListItem\",\"position\":1,\"name\":\"Home\",\"item\":\"https:\\\/\\\/regbu.com\\\/en\\\/\"},{\"@type\":\"ListItem\",\"position\":2,\"name\":\"P\u00e1nsk\u00e9 kra\u0165asy na mnoho zp\u016fsob\u016f\"}]},{\"@type\":\"WebSite\",\"@id\":\"https:\\\/\\\/regbu.com\\\/en\\\/#website\",\"url\":\"https:\\\/\\\/regbu.com\\\/en\\\/\",\"name\":\"REGBU.COM\",\"description\":\"\",\"potentialAction\":[{\"@type\":\"SearchAction\",\"target\":{\"@type\":\"EntryPoint\",\"urlTemplate\":\"https:\\\/\\\/regbu.com\\\/en\\\/?s={search_term_string}\"},\"query-input\":{\"@type\":\"PropertyValueSpecification\",\"valueRequired\":true,\"valueName\":\"search_term_string\"}}],\"inLanguage\":\"nl-NL\"},{\"@type\":\"Person\",\"@id\":\"https:\\\/\\\/regbu.com\\\/en\\\/#\\\/schema\\\/person\\\/94ea9deda2629771b8a9ced002f6784e\",\"name\":\"George Martin\",\"url\":\"https:\\\/\\\/regbu.com\\\/nl\\\/author\\\/george-martin\\\/\"},{\"@type\":\"Question\",\"@id\":\"https:\\\/\\\/regbu.com\\\/nl\\\/herenshort-voor-veel-manieren\\\/#faq-question-1690207530445\",\"position\":1,\"url\":\"https:\\\/\\\/regbu.com\\\/nl\\\/herenshort-voor-veel-manieren\\\/#faq-question-1690207530445\",\"name\":\"Co si p\u0159edstavit pod pojmem chico \u0161ortky?\",\"answerCount\":1,\"acceptedAnswer\":{\"@type\":\"Answer\",\"text\":\"Jde o elegantn\u00ed \u0161ortky, ke kter\u00fdm se hod\u00ed nap\u0159\u00edklad ko\u0161ile s kr\u00e1tk\u00fdm ruk\u00e1vem nebo tri\u010dko typu polo.\",\"inLanguage\":\"nl-NL\"},\"inLanguage\":\"nl-NL\"},{\"@type\":\"Question\",\"@id\":\"https:\\\/\\\/regbu.com\\\/nl\\\/herenshort-voor-veel-manieren\\\/#faq-question-1690207537842\",\"position\":2,\"url\":\"https:\\\/\\\/regbu.com\\\/nl\\\/herenshort-voor-veel-manieren\\\/#faq-question-1690207537842\",\"name\":\"Do jak\u00e9 skupiny o\u0161acen\u00ed pat\u0159\u00ed chico kra\u0165asy?\",\"answerCount\":1,\"acceptedAnswer\":{\"@type\":\"Answer\",\"text\":\"V tomto p\u0159\u00edpad\u011b m\u016f\u017eeme hovo\u0159it o business sekci.\",\"inLanguage\":\"nl-NL\"},\"inLanguage\":\"nl-NL\"},{\"@type\":\"Question\",\"@id\":\"https:\\\/\\\/regbu.com\\\/nl\\\/herenshort-voor-veel-manieren\\\/#faq-question-1690207545197\",\"position\":3,\"url\":\"https:\\\/\\\/regbu.com\\\/nl\\\/herenshort-voor-veel-manieren\\\/#faq-question-1690207545197\",\"name\":\"Jak\u00e9 kra\u0165asy se \u0159ad\u00ed k t\u011bm pohodln\u011bj\u0161\u00edm?\",\"answerCount\":1,\"acceptedAnswer\":{\"@type\":\"Answer\",\"text\":\"Jsou to tepl\u00e1kov\u00e9 \u0161ortky, jejich\u017e v\u00fdrobn\u00edm materi\u00e1lem je pov\u011bt\u0161inou bavlna. Hod\u00ed se k nim z\u00e1rove\u0148 bavln\u011bn\u00e9 triko. Obvykle jsou voln\u011bj\u0161\u00edho r\u00e1zu a obohacen\u00e9 o n\u00e1pisy.\",\"inLanguage\":\"nl-NL\"},\"inLanguage\":\"nl-NL\"},{\"@type\":\"Question\",\"@id\":\"https:\\\/\\\/regbu.com\\\/nl\\\/herenshort-voor-veel-manieren\\\/#faq-question-1690207555901\",\"position\":4,\"url\":\"https:\\\/\\\/regbu.com\\\/nl\\\/herenshort-voor-veel-manieren\\\/#faq-question-1690207555901\",\"name\":\"Kde nach\u00e1z\u00ed sv\u00e9 upot\u0159eben\u00ed sportovn\u00ed kra\u0165asy?\",\"answerCount\":1,\"acceptedAnswer\":{\"@type\":\"Answer\",\"text\":\"Jak asi spr\u00e1vn\u011b tu\u0161\u00edte, je to u pohybov\u00fdch aktivit. Mnoh\u00e9 z t\u011bchto model\u016f maj\u00ed v\u0161it\u00e9 podp\u016frn\u00e9 spodn\u00ed pr\u00e1dlo.\",\"inLanguage\":\"nl-NL\"},\"inLanguage\":\"nl-NL\"},{\"@type\":\"Question\",\"@id\":\"https:\\\/\\\/regbu.com\\\/nl\\\/herenshort-voor-veel-manieren\\\/#faq-question-1690207567411\",\"position\":5,\"url\":\"https:\\\/\\\/regbu.com\\\/nl\\\/herenshort-voor-veel-manieren\\\/#faq-question-1690207567411\",\"name\":\"Jak\u00e9 vlastnosti \u0159e\u0161it u sportovn\u00edch \u0161ortek?\",\"answerCount\":1,\"acceptedAnswer\":{\"@type\":\"Answer\",\"text\":\"Z\u00e1sadn\u00ed je pou\u017eit\u00fd materi\u00e1l, kter\u00fd by m\u011bl b\u00fdt funk\u010dn\u00ed. Mus\u00ed odv\u00e1d\u011bt pot, a tedy i z\u00e1pach.\",\"inLanguage\":\"nl-NL\"},\"inLanguage\":\"nl-NL\"}]}<\/script>\n<!-- \/ Yoast SEO plugin. -->","yoast_head_json":{"title":"Herenshorts op vele manieren - REGBU.COM","description":"Heren shorts hebben het karakter van een zomerse outfit. Ontdek welke opties je hebt bij het kopen van herenshorts en waar ze bij passen.","robots":{"index":"index","follow":"follow","max-snippet":"max-snippet:-1","max-image-preview":"max-image-preview:large","max-video-preview":"max-video-preview:-1"},"canonical":"https:\/\/regbu.com\/nl\/herenshort-voor-veel-manieren\/","og_locale":"nl_NL","og_type":"article","og_title":"P\u00e1nsk\u00e9 kra\u0165asy na mnoho zp\u016fsob\u016f - REGBU.COM","og_description":"P\u00e1nsk\u00e9 kra\u0165asy maj\u00ed charakter letn\u00edho outfitu. Zjist\u011bte, jak\u00e9 m\u00e1te mo\u017enosti p\u0159i n\u00e1kupu p\u00e1nsk\u00fdch \u0161ortek a kam se hod\u00ed.","og_url":"https:\/\/regbu.com\/nl\/herenshort-voor-veel-manieren\/","og_site_name":"REGBU.COM","article_published_time":"2023-07-23T14:05:18+00:00","article_modified_time":"2025-09-05T05:40:46+00:00","og_image":[{"width":1200,"height":677,"url":"https:\/\/regbu.com\/wp-content\/uploads\/2023\/07\/panske-kratasy-na-mnoho-zpusobu.jpg","type":"image\/jpeg"}],"author":"George Martin","twitter_card":"summary_large_image","twitter_misc":{"Geschreven door":"George Martin","Geschatte leestijd":"2 minuten"},"schema":{"@context":"https:\/\/schema.org","@graph":[{"@type":"Article","@id":"https:\/\/regbu.com\/nl\/herenshort-voor-veel-manieren\/#article","isPartOf":{"@id":"https:\/\/regbu.com\/nl\/herenshort-voor-veel-manieren\/"},"author":{"name":"George Martin","@id":"https:\/\/regbu.com\/en\/#\/schema\/person\/94ea9deda2629771b8a9ced002f6784e"},"headline":"P\u00e1nsk\u00e9 kra\u0165asy na mnoho zp\u016fsob\u016f","datePublished":"2023-07-23T14:05:18+00:00","dateModified":"2025-09-05T05:40:46+00:00","mainEntityOfPage":{"@id":"https:\/\/regbu.com\/nl\/herenshort-voor-veel-manieren\/"},"wordCount":484,"image":{"@id":"https:\/\/regbu.com\/nl\/herenshort-voor-veel-manieren\/#primaryimage"},"thumbnailUrl":"https:\/\/regbu.com\/wp-content\/uploads\/2023\/07\/panske-kratasy-na-mnoho-zpusobu.jpg","keywords":["chico","chico kra\u0164asy","d\u017e\u00ednov\u00e9","kra\u0165asy","p\u00e1nsk\u00e9 kra\u0165asy","p\u00e1nsk\u00e9 \u0161ortky","pl\u00e1tno","pohodl\u00ed","\u0161ortky","sportovn\u00ed kra\u0165asy"],"articleSection":["M\u00f3da"],"inLanguage":"nl-NL"},{"@type":["WebPage","FAQPage"],"@id":"https:\/\/regbu.com\/nl\/herenshort-voor-veel-manieren\/","url":"https:\/\/regbu.com\/nl\/herenshort-voor-veel-manieren\/","name":"Herenshorts op vele manieren - REGBU.COM","isPartOf":{"@id":"https:\/\/regbu.com\/en\/#website"},"primaryImageOfPage":{"@id":"https:\/\/regbu.com\/nl\/herenshort-voor-veel-manieren\/#primaryimage"},"image":{"@id":"https:\/\/regbu.com\/nl\/herenshort-voor-veel-manieren\/#primaryimage"},"thumbnailUrl":"https:\/\/regbu.com\/wp-content\/uploads\/2023\/07\/panske-kratasy-na-mnoho-zpusobu.jpg","datePublished":"2023-07-23T14:05:18+00:00","dateModified":"2025-09-05T05:40:46+00:00","author":{"@id":"https:\/\/regbu.com\/en\/#\/schema\/person\/94ea9deda2629771b8a9ced002f6784e"},"description":"Heren shorts hebben het karakter van een zomerse outfit. Ontdek welke opties je hebt bij het kopen van herenshorts en waar ze bij passen.","breadcrumb":{"@id":"https:\/\/regbu.com\/nl\/herenshort-voor-veel-manieren\/#breadcrumb"},"mainEntity":[{"@id":"https:\/\/regbu.com\/nl\/herenshort-voor-veel-manieren\/#faq-question-1690207530445"},{"@id":"https:\/\/regbu.com\/nl\/herenshort-voor-veel-manieren\/#faq-question-1690207537842"},{"@id":"https:\/\/regbu.com\/nl\/herenshort-voor-veel-manieren\/#faq-question-1690207545197"},{"@id":"https:\/\/regbu.com\/nl\/herenshort-voor-veel-manieren\/#faq-question-1690207555901"},{"@id":"https:\/\/regbu.com\/nl\/herenshort-voor-veel-manieren\/#faq-question-1690207567411"}],"inLanguage":"nl-NL","potentialAction":[{"@type":"ReadAction","target":["https:\/\/regbu.com\/nl\/herenshort-voor-veel-manieren\/"]}]},{"@type":"ImageObject","inLanguage":"nl-NL","@id":"https:\/\/regbu.com\/nl\/herenshort-voor-veel-manieren\/#primaryimage","url":"https:\/\/regbu.com\/wp-content\/uploads\/2023\/07\/panske-kratasy-na-mnoho-zpusobu.jpg","contentUrl":"https:\/\/regbu.com\/wp-content\/uploads\/2023\/07\/panske-kratasy-na-mnoho-zpusobu.jpg","width":1200,"height":677,"caption":"P\u00e1nsk\u00e9 kra\u0165asy na mnoho zp\u016fsob\u016f"},{"@type":"BreadcrumbList","@id":"https:\/\/regbu.com\/nl\/herenshort-voor-veel-manieren\/#breadcrumb","itemListElement":[{"@type":"ListItem","position":1,"name":"Home","item":"https:\/\/regbu.com\/en\/"},{"@type":"ListItem","position":2,"name":"P\u00e1nsk\u00e9 kra\u0165asy na mnoho zp\u016fsob\u016f"}]},{"@type":"WebSite","@id":"https:\/\/regbu.com\/en\/#website","url":"https:\/\/regbu.com\/en\/","name":"REGBU.COM","description":"","potentialAction":[{"@type":"SearchAction","target":{"@type":"EntryPoint","urlTemplate":"https:\/\/regbu.com\/en\/?s={search_term_string}"},"query-input":{"@type":"PropertyValueSpecification","valueRequired":true,"valueName":"search_term_string"}}],"inLanguage":"nl-NL"},{"@type":"Person","@id":"https:\/\/regbu.com\/en\/#\/schema\/person\/94ea9deda2629771b8a9ced002f6784e","name":"George Martin","url":"https:\/\/regbu.com\/nl\/author\/george-martin\/"},{"@type":"Question","@id":"https:\/\/regbu.com\/nl\/herenshort-voor-veel-manieren\/#faq-question-1690207530445","position":1,"url":"https:\/\/regbu.com\/nl\/herenshort-voor-veel-manieren\/#faq-question-1690207530445","name":"Wat bedoel je met chico shorts?","answerCount":1,"acceptedAnswer":{"@type":"Answer","text":"Jde o elegantn\u00ed \u0161ortky, ke kter\u00fdm se hod\u00ed nap\u0159\u00edklad ko\u0161ile s kr\u00e1tk\u00fdm ruk\u00e1vem nebo tri\u010dko typu polo.","inLanguage":"nl-NL"},"inLanguage":"nl-NL"},{"@type":"Question","@id":"https:\/\/regbu.com\/nl\/herenshort-voor-veel-manieren\/#faq-question-1690207537842","position":2,"url":"https:\/\/regbu.com\/nl\/herenshort-voor-veel-manieren\/#faq-question-1690207537842","name":"Tot welke kledinggroep behoren chico shorts?","answerCount":1,"acceptedAnswer":{"@type":"Answer","text":"V tomto p\u0159\u00edpad\u011b m\u016f\u017eeme hovo\u0159it o business sekci.","inLanguage":"nl-NL"},"inLanguage":"nl-NL"},{"@type":"Question","@id":"https:\/\/regbu.com\/nl\/herenshort-voor-veel-manieren\/#faq-question-1690207545197","position":3,"url":"https:\/\/regbu.com\/nl\/herenshort-voor-veel-manieren\/#faq-question-1690207545197","name":"Welke shorts zijn het meest comfortabel?","answerCount":1,"acceptedAnswer":{"@type":"Answer","text":"Jsou to tepl\u00e1kov\u00e9 \u0161ortky, jejich\u017e v\u00fdrobn\u00edm materi\u00e1lem je pov\u011bt\u0161inou bavlna. Hod\u00ed se k nim z\u00e1rove\u0148 bavln\u011bn\u00e9 triko. Obvykle jsou voln\u011bj\u0161\u00edho r\u00e1zu a obohacen\u00e9 o n\u00e1pisy.","inLanguage":"nl-NL"},"inLanguage":"nl-NL"},{"@type":"Question","@id":"https:\/\/regbu.com\/nl\/herenshort-voor-veel-manieren\/#faq-question-1690207555901","position":4,"url":"https:\/\/regbu.com\/nl\/herenshort-voor-veel-manieren\/#faq-question-1690207555901","name":"Waar worden sportshorts voor gebruikt?","answerCount":1,"acceptedAnswer":{"@type":"Answer","text":"Jak asi spr\u00e1vn\u011b tu\u0161\u00edte, je to u pohybov\u00fdch aktivit. Mnoh\u00e9 z t\u011bchto model\u016f maj\u00ed v\u0161it\u00e9 podp\u016frn\u00e9 spodn\u00ed pr\u00e1dlo.","inLanguage":"nl-NL"},"inLanguage":"nl-NL"},{"@type":"Question","@id":"https:\/\/regbu.com\/nl\/herenshort-voor-veel-manieren\/#faq-question-1690207567411","position":5,"url":"https:\/\/regbu.com\/nl\/herenshort-voor-veel-manieren\/#faq-question-1690207567411","name":"Wat zijn de kenmerken van een sportshort?","answerCount":1,"acceptedAnswer":{"@type":"Answer","text":"Z\u00e1sadn\u00ed je pou\u017eit\u00fd materi\u00e1l, kter\u00fd by m\u011bl b\u00fdt funk\u010dn\u00ed. Mus\u00ed odv\u00e1d\u011bt pot, a tedy i z\u00e1pach.","inLanguage":"nl-NL"},"inLanguage":"nl-NL"}]}},"_links":{"self":[{"href":"https:\/\/regbu.com\/nl\/wp-json\/wp\/v2\/posts\/1227","targetHints":{"allow":["GET"]}}],"collection":[{"href":"https:\/\/regbu.com\/nl\/wp-json\/wp\/v2\/posts"}],"about":[{"href":"https:\/\/regbu.com\/nl\/wp-json\/wp\/v2\/types\/post"}],"author":[{"embeddable":true,"href":"https:\/\/regbu.com\/nl\/wp-json\/wp\/v2\/users\/2"}],"replies":[{"embeddable":true,"href":"https:\/\/regbu.com\/nl\/wp-json\/wp\/v2\/comments?post=1227"}],"version-history":[{"count":2,"href":"https:\/\/regbu.com\/nl\/wp-json\/wp\/v2\/posts\/1227\/revisions"}],"predecessor-version":[{"id":1234,"href":"https:\/\/regbu.com\/nl\/wp-json\/wp\/v2\/posts\/1227\/revisions\/1234"}],"wp:featuredmedia":[{"embeddable":true,"href":"https:\/\/regbu.com\/nl\/wp-json\/wp\/v2\/media\/1228"}],"wp:attachment":[{"href":"https:\/\/regbu.com\/nl\/wp-json\/wp\/v2\/media?parent=1227"}],"wp:term":[{"taxonomy":"category","embeddable":true,"href":"https:\/\/regbu.com\/nl\/wp-json\/wp\/v2\/categories?post=1227"},{"taxonomy":"post_tag","embeddable":true,"href":"https:\/\/regbu.com\/nl\/wp-json\/wp\/v2\/tags?post=1227"}],"curies":[{"name":"wp","href":"https:\/\/api.w.org\/{rel}","templated":true}]}}