{"id":1221,"date":"2023-07-23T15:59:52","date_gmt":"2023-07-23T13:59:52","guid":{"rendered":"https:\/\/regbu.com\/?p=1221"},"modified":"2025-09-05T07:40:49","modified_gmt":"2025-09-05T05:40:49","slug":"pansky-opasek-musi-byt-spravne-dlouhy","status":"publish","type":"post","link":"https:\/\/regbu.com\/nl\/herenriem-moet-juiste-lengte-hebben\/","title":{"rendered":"De herenriem moet de juiste lengte hebben"},"content":{"rendered":"<p>Een herenriem is een populair onderdeel van een herenbroek, maar ook van bijvoorbeeld <strong><a href=\"https:\/\/regbu.com\/nl\/dames-sweatshirts-kunnen-op-veel-manieren-gedragen-worden\/\">damessjaals<\/a><\/strong> voor zomerjurken. Sommigen denken misschien dat de keuze van de riem niet erg cruciaal is, maar het tegendeel is waar. Dit is dubbel waar bij formele kleding, waar je dit element zichtbaar erkent.<\/p>\n\n\n\n<ul class=\"wp-block-list\">\n<li>Praktisch gebruik<\/li>\n\n\n\n<li>Esthetisch gebruik<\/li>\n<\/ul>\n\n\n\n<p>Bij het kiezen van een herenriem moet je rekening houden met een aantal belangrijke parameters. Het zal zeker de keuze van het materiaal van de riem zijn. Het andere essenti\u00eble onderdeel is <strong>gesp<\/strong>. Vergeet tot slot de juiste lengte niet.<\/p>\n\n\n\n<h2 class=\"wp-block-heading\">Materiaalverwerking volgens de gelegenheid<\/h2>\n\n\n\n<p>We hoeven onze lezers waarschijnlijk \u00e9\u00e9n cruciaal ding niet uit te leggen. Hoe formeler de sociale gebeurtenis, hoe formeler de keuze van de riem. En dus ook het gebruikte materiaal. Een herenriem voor een meer glamoureuze samenleving moet <strong>gemaakt van kunstleer<\/strong>. Het is een veilige gok. Het tegenovergestelde hiervan zijn minder formele bijeenkomsten, waar je kunt inzetten op een casual outfit. Dan komen su\u00e8de of zelfs stoffen riemen goed tot hun recht.<\/p>\n\n\n\n<h3 class=\"wp-block-heading\">Mannenriem - Vragen en antwoorden<\/h3>\n\n\n\n<p>De selectie van een nieuwe herenriem eindigt echter niet met de bovenstaande informatie, maar begint ermee. Zorg ervoor dat je <em>verschillende personages<\/em> <em>riemen<\/em> afhankelijk van de sociale kringen waarin je verkeert. De onderstaande regels kunnen je hierbij helpen.<\/p>\n\n\n\n<div class=\"schema-faq wp-block-yoast-faq-block\"><div class=\"schema-faq-section\" id=\"faq-question-1690207207819\"><strong class=\"schema-faq-question\">Welke kleur riem moet ik kiezen?<\/strong> <p class=\"schema-faq-answer\">De kleur van de herenriem moet passen bij de andere leren accessoires in je outfit. Een typisch voorbeeld is een vergelijkbare kleur voor geklede schoenen.<\/p> <\/div> <div class=\"schema-faq-section\" id=\"faq-question-1690207213888\"><strong class=\"schema-faq-question\">Hoe zit het met de kleur van de riemgesp?<\/strong> <p class=\"schema-faq-answer\">Let op \u00e9\u00e9n ding met de gesp. De kleur moet identiek zijn aan andere accessoires in de vorm van metalen horlogebandjes, kettingen en polsbandjes.<\/p> <\/div> <div class=\"schema-faq-section\" id=\"faq-question-1690207221535\"><strong class=\"schema-faq-question\">Hoe pons je de originele riem eruit?<\/strong> <p class=\"schema-faq-answer\">Combineer de ongebruikelijke kleur met een monochroom overhemd en een effen broek.<\/p> <\/div> <div class=\"schema-faq-section\" id=\"faq-question-1690207229724\"><strong class=\"schema-faq-question\">Wat moet de lengte van de riem zijn?<\/strong> <p class=\"schema-faq-answer\">Precies goed. Je kunt aan de juiste waarden komen door je tailleomtrek te meten. De riem is meestal iets langer dan de omtrek zodat je hem in het oog van de broek kunt steken. Pas op voor een riem die te lang is en zou kunnen afzakken.<\/p> <\/div> <div class=\"schema-faq-section\" id=\"faq-question-1690207236250\"><strong class=\"schema-faq-question\">Waar moet je op letten als je een riem draagt?<\/strong> <p class=\"schema-faq-answer\">Onderschat het aanspannen niet. Te veel aanspannen accentueert een grotere buik.<\/p> <\/div> <\/div>","protected":false},"excerpt":{"rendered":"<p>Een herenriem is een gewild onderdeel van een herenbroek, net als een vrouwensjaal bij een zomerjurk. Sommigen denken misschien dat de keuze van de riem niet erg cruciaal is, maar het tegendeel is waar. Dit is dubbel waar bij formele kleding, waar je dit element zichtbaar erkent. Bij het kiezen van een herenriem moet je rekening houden met een aantal belangrijke ... <\/p>","protected":false},"author":2,"featured_media":1222,"comment_status":"closed","ping_status":"closed","sticky":false,"template":"","format":"standard","meta":{"footnotes":""},"categories":[671],"tags":[740,1428,697,1430,1429,1411,1426,1425,1409,1427],"class_list":["post-1221","post","type-post","status-publish","format-standard","has-post-thumbnail","hentry","category-moda","tag-barva","tag-barva-opasku","tag-casual","tag-delka","tag-delka-opasku","tag-kuze","tag-opasek","tag-pansky-opasek","tag-pasek","tag-spona"],"yoast_head":"<!-- This site is optimized with the Yoast SEO plugin v27.4 - https:\/\/yoast.com\/product\/yoast-seo-wordpress\/ -->\n<title>P\u00e1nsk\u00fd opasek mus\u00ed b\u00fdt spr\u00e1vn\u011b dlouh\u00fd - REGBU.COM<\/title>\n<meta name=\"description\" content=\"Vsa\u010fte na ten spr\u00e1vn\u00fd p\u00e1nsk\u00fd opasek vhodn\u00fd pro konkr\u00e9tn\u00ed spole\u010denskou ud\u00e1lost. Prozrad\u00edme V\u00e1m, jak ho vybrat.\" \/>\n<meta name=\"robots\" content=\"index, follow, max-snippet:-1, max-image-preview:large, max-video-preview:-1\" \/>\n<link rel=\"canonical\" href=\"https:\/\/regbu.com\/nl\/herenriem-moet-juiste-lengte-hebben\/\" \/>\n<meta property=\"og:locale\" content=\"nl_NL\" \/>\n<meta property=\"og:type\" content=\"article\" \/>\n<meta property=\"og:title\" content=\"P\u00e1nsk\u00fd opasek mus\u00ed b\u00fdt spr\u00e1vn\u011b dlouh\u00fd - REGBU.COM\" \/>\n<meta property=\"og:description\" content=\"Vsa\u010fte na ten spr\u00e1vn\u00fd p\u00e1nsk\u00fd opasek vhodn\u00fd pro konkr\u00e9tn\u00ed spole\u010denskou ud\u00e1lost. Prozrad\u00edme V\u00e1m, jak ho vybrat.\" \/>\n<meta property=\"og:url\" content=\"https:\/\/regbu.com\/nl\/herenriem-moet-juiste-lengte-hebben\/\" \/>\n<meta property=\"og:site_name\" content=\"REGBU.COM\" \/>\n<meta property=\"article:published_time\" content=\"2023-07-23T13:59:52+00:00\" \/>\n<meta property=\"article:modified_time\" content=\"2025-09-05T05:40:49+00:00\" \/>\n<meta property=\"og:image\" content=\"https:\/\/regbu.com\/wp-content\/uploads\/2023\/07\/pansky-opasek-musi-byt-spravne-dlouhy.jpg\" \/>\n\t<meta property=\"og:image:width\" content=\"1200\" \/>\n\t<meta property=\"og:image:height\" content=\"676\" \/>\n\t<meta property=\"og:image:type\" content=\"image\/jpeg\" \/>\n<meta name=\"author\" content=\"George Martin\" \/>\n<meta name=\"twitter:card\" content=\"summary_large_image\" \/>\n<meta name=\"twitter:label1\" content=\"Geschreven door\" \/>\n\t<meta name=\"twitter:data1\" content=\"George Martin\" \/>\n\t<meta name=\"twitter:label2\" content=\"Geschatte leestijd\" \/>\n\t<meta name=\"twitter:data2\" content=\"2 minuten\" \/>\n<script type=\"application\/ld+json\" class=\"yoast-schema-graph\">{\"@context\":\"https:\\\/\\\/schema.org\",\"@graph\":[{\"@type\":\"Article\",\"@id\":\"https:\\\/\\\/regbu.com\\\/nl\\\/herenriem-moet-juiste-lengte-hebben\\\/#article\",\"isPartOf\":{\"@id\":\"https:\\\/\\\/regbu.com\\\/nl\\\/herenriem-moet-juiste-lengte-hebben\\\/\"},\"author\":{\"name\":\"George Martin\",\"@id\":\"https:\\\/\\\/regbu.com\\\/en\\\/#\\\/schema\\\/person\\\/94ea9deda2629771b8a9ced002f6784e\"},\"headline\":\"P\u00e1nsk\u00fd opasek mus\u00ed b\u00fdt spr\u00e1vn\u011b dlouh\u00fd\",\"datePublished\":\"2023-07-23T13:59:52+00:00\",\"dateModified\":\"2025-09-05T05:40:49+00:00\",\"mainEntityOfPage\":{\"@id\":\"https:\\\/\\\/regbu.com\\\/nl\\\/herenriem-moet-juiste-lengte-hebben\\\/\"},\"wordCount\":477,\"image\":{\"@id\":\"https:\\\/\\\/regbu.com\\\/nl\\\/herenriem-moet-juiste-lengte-hebben\\\/#primaryimage\"},\"thumbnailUrl\":\"https:\\\/\\\/regbu.com\\\/wp-content\\\/uploads\\\/2023\\\/07\\\/pansky-opasek-musi-byt-spravne-dlouhy.jpg\",\"keywords\":[\"barva\",\"barva opasku\",\"Casual\",\"d\u00e9lka\",\"d\u00e9lka opasku\",\"k\u016f\u017ee\",\"opasek\",\"p\u00e1nsk\u00fd opasek\",\"p\u00e1sek\",\"spona\"],\"articleSection\":[\"M\u00f3da\"],\"inLanguage\":\"nl-NL\"},{\"@type\":[\"WebPage\",\"FAQPage\"],\"@id\":\"https:\\\/\\\/regbu.com\\\/nl\\\/herenriem-moet-juiste-lengte-hebben\\\/\",\"url\":\"https:\\\/\\\/regbu.com\\\/nl\\\/herenriem-moet-juiste-lengte-hebben\\\/\",\"name\":\"P\u00e1nsk\u00fd opasek mus\u00ed b\u00fdt spr\u00e1vn\u011b dlouh\u00fd - REGBU.COM\",\"isPartOf\":{\"@id\":\"https:\\\/\\\/regbu.com\\\/en\\\/#website\"},\"primaryImageOfPage\":{\"@id\":\"https:\\\/\\\/regbu.com\\\/nl\\\/herenriem-moet-juiste-lengte-hebben\\\/#primaryimage\"},\"image\":{\"@id\":\"https:\\\/\\\/regbu.com\\\/nl\\\/herenriem-moet-juiste-lengte-hebben\\\/#primaryimage\"},\"thumbnailUrl\":\"https:\\\/\\\/regbu.com\\\/wp-content\\\/uploads\\\/2023\\\/07\\\/pansky-opasek-musi-byt-spravne-dlouhy.jpg\",\"datePublished\":\"2023-07-23T13:59:52+00:00\",\"dateModified\":\"2025-09-05T05:40:49+00:00\",\"author\":{\"@id\":\"https:\\\/\\\/regbu.com\\\/en\\\/#\\\/schema\\\/person\\\/94ea9deda2629771b8a9ced002f6784e\"},\"description\":\"Vsa\u010fte na ten spr\u00e1vn\u00fd p\u00e1nsk\u00fd opasek vhodn\u00fd pro konkr\u00e9tn\u00ed spole\u010denskou ud\u00e1lost. Prozrad\u00edme V\u00e1m, jak ho vybrat.\",\"breadcrumb\":{\"@id\":\"https:\\\/\\\/regbu.com\\\/nl\\\/herenriem-moet-juiste-lengte-hebben\\\/#breadcrumb\"},\"mainEntity\":[{\"@id\":\"https:\\\/\\\/regbu.com\\\/nl\\\/herenriem-moet-juiste-lengte-hebben\\\/#faq-question-1690207207819\"},{\"@id\":\"https:\\\/\\\/regbu.com\\\/nl\\\/herenriem-moet-juiste-lengte-hebben\\\/#faq-question-1690207213888\"},{\"@id\":\"https:\\\/\\\/regbu.com\\\/nl\\\/herenriem-moet-juiste-lengte-hebben\\\/#faq-question-1690207221535\"},{\"@id\":\"https:\\\/\\\/regbu.com\\\/nl\\\/herenriem-moet-juiste-lengte-hebben\\\/#faq-question-1690207229724\"},{\"@id\":\"https:\\\/\\\/regbu.com\\\/nl\\\/herenriem-moet-juiste-lengte-hebben\\\/#faq-question-1690207236250\"}],\"inLanguage\":\"nl-NL\",\"potentialAction\":[{\"@type\":\"ReadAction\",\"target\":[\"https:\\\/\\\/regbu.com\\\/nl\\\/herenriem-moet-juiste-lengte-hebben\\\/\"]}]},{\"@type\":\"ImageObject\",\"inLanguage\":\"nl-NL\",\"@id\":\"https:\\\/\\\/regbu.com\\\/nl\\\/herenriem-moet-juiste-lengte-hebben\\\/#primaryimage\",\"url\":\"https:\\\/\\\/regbu.com\\\/wp-content\\\/uploads\\\/2023\\\/07\\\/pansky-opasek-musi-byt-spravne-dlouhy.jpg\",\"contentUrl\":\"https:\\\/\\\/regbu.com\\\/wp-content\\\/uploads\\\/2023\\\/07\\\/pansky-opasek-musi-byt-spravne-dlouhy.jpg\",\"width\":1200,\"height\":676,\"caption\":\"P\u00e1nsk\u00fd opasek mus\u00ed b\u00fdt spr\u00e1vn\u011b dlouh\u00fd\"},{\"@type\":\"BreadcrumbList\",\"@id\":\"https:\\\/\\\/regbu.com\\\/nl\\\/herenriem-moet-juiste-lengte-hebben\\\/#breadcrumb\",\"itemListElement\":[{\"@type\":\"ListItem\",\"position\":1,\"name\":\"Home\",\"item\":\"https:\\\/\\\/regbu.com\\\/en\\\/\"},{\"@type\":\"ListItem\",\"position\":2,\"name\":\"P\u00e1nsk\u00fd opasek mus\u00ed b\u00fdt spr\u00e1vn\u011b dlouh\u00fd\"}]},{\"@type\":\"WebSite\",\"@id\":\"https:\\\/\\\/regbu.com\\\/en\\\/#website\",\"url\":\"https:\\\/\\\/regbu.com\\\/en\\\/\",\"name\":\"REGBU.COM\",\"description\":\"\",\"potentialAction\":[{\"@type\":\"SearchAction\",\"target\":{\"@type\":\"EntryPoint\",\"urlTemplate\":\"https:\\\/\\\/regbu.com\\\/en\\\/?s={search_term_string}\"},\"query-input\":{\"@type\":\"PropertyValueSpecification\",\"valueRequired\":true,\"valueName\":\"search_term_string\"}}],\"inLanguage\":\"nl-NL\"},{\"@type\":\"Person\",\"@id\":\"https:\\\/\\\/regbu.com\\\/en\\\/#\\\/schema\\\/person\\\/94ea9deda2629771b8a9ced002f6784e\",\"name\":\"George Martin\",\"url\":\"https:\\\/\\\/regbu.com\\\/nl\\\/author\\\/george-martin\\\/\"},{\"@type\":\"Question\",\"@id\":\"https:\\\/\\\/regbu.com\\\/nl\\\/herenriem-moet-juiste-lengte-hebben\\\/#faq-question-1690207207819\",\"position\":1,\"url\":\"https:\\\/\\\/regbu.com\\\/nl\\\/herenriem-moet-juiste-lengte-hebben\\\/#faq-question-1690207207819\",\"name\":\"Jakou zvolit barvu opasku?\",\"answerCount\":1,\"acceptedAnswer\":{\"@type\":\"Answer\",\"text\":\"Barevn\u00e9 proveden\u00ed p\u00e1nsk\u00e9ho opasku by m\u011blo korespondovat s ostatn\u00edmi ko\u017een\u00fdmi dopl\u0148ky Va\u0161eho o\u0161acen\u00ed. Typick\u00fdm p\u0159\u00edkladem je podobn\u00e1 barva spole\u010densk\u00fdch bot.\",\"inLanguage\":\"nl-NL\"},\"inLanguage\":\"nl-NL\"},{\"@type\":\"Question\",\"@id\":\"https:\\\/\\\/regbu.com\\\/nl\\\/herenriem-moet-juiste-lengte-hebben\\\/#faq-question-1690207213888\",\"position\":2,\"url\":\"https:\\\/\\\/regbu.com\\\/nl\\\/herenriem-moet-juiste-lengte-hebben\\\/#faq-question-1690207213888\",\"name\":\"Jak je to s barvou spony na opasku?\",\"answerCount\":1,\"acceptedAnswer\":{\"@type\":\"Answer\",\"text\":\"U spony si pohl\u00eddejte jedin\u00e9. Jej\u00ed barva byla b\u00fdt toto\u017en\u00e1 s ostatn\u00edmi dopl\u0148ky v podob\u011b kovov\u00e9ho \u0159em\u00ednku od hodinek, \u0159et\u00edzk\u016f a n\u00e1ramk\u016f na ruce.\",\"inLanguage\":\"nl-NL\"},\"inLanguage\":\"nl-NL\"},{\"@type\":\"Question\",\"@id\":\"https:\\\/\\\/regbu.com\\\/nl\\\/herenriem-moet-juiste-lengte-hebben\\\/#faq-question-1690207221535\",\"position\":3,\"url\":\"https:\\\/\\\/regbu.com\\\/nl\\\/herenriem-moet-juiste-lengte-hebben\\\/#faq-question-1690207221535\",\"name\":\"Jak vyp\u00edchnout origin\u00e1ln\u00ed p\u00e1sek?\",\"answerCount\":1,\"acceptedAnswer\":{\"@type\":\"Answer\",\"text\":\"Jeho nev\u0161edn\u00ed barvu zkombinujte s jednobarevnou ko\u0161il\u00ed a hladk\u00fdmi kalhotami.\",\"inLanguage\":\"nl-NL\"},\"inLanguage\":\"nl-NL\"},{\"@type\":\"Question\",\"@id\":\"https:\\\/\\\/regbu.com\\\/nl\\\/herenriem-moet-juiste-lengte-hebben\\\/#faq-question-1690207229724\",\"position\":4,\"url\":\"https:\\\/\\\/regbu.com\\\/nl\\\/herenriem-moet-juiste-lengte-hebben\\\/#faq-question-1690207229724\",\"name\":\"Jak\u00e1 m\u00e1 b\u00fdt d\u00e9lka opasku?\",\"answerCount\":1,\"acceptedAnswer\":{\"@type\":\"Answer\",\"text\":\"Tak akor\u00e1t. Ke spr\u00e1vn\u00fdm hodnot\u00e1m se dopracujete, kdy\u017e si zm\u011b\u0159\u00edte obvod pasu. Opasek b\u00fdv\u00e1 o n\u011bco del\u0161\u00ed, ne\u017e je obvod, abyste ho zasunuli do oka u kalhot. Pozor na p\u0159\u00edli\u0161 dlouh\u00fd opasek, kter\u00fd by mohl plandat.\",\"inLanguage\":\"nl-NL\"},\"inLanguage\":\"nl-NL\"},{\"@type\":\"Question\",\"@id\":\"https:\\\/\\\/regbu.com\\\/nl\\\/herenriem-moet-juiste-lengte-hebben\\\/#faq-question-1690207236250\",\"position\":5,\"url\":\"https:\\\/\\\/regbu.com\\\/nl\\\/herenriem-moet-juiste-lengte-hebben\\\/#faq-question-1690207236250\",\"name\":\"Co si pohl\u00eddat p\u0159i no\u0161en\u00ed opasku?\",\"answerCount\":1,\"acceptedAnswer\":{\"@type\":\"Answer\",\"text\":\"Nepodce\u0148ujte jeho uta\u017een\u00ed. P\u0159\u00edli\u0161n\u00e9 uta\u017een\u00ed toti\u017e zv\u00fdraz\u0148uje v\u011bt\u0161\u00ed b\u0159icho.\",\"inLanguage\":\"nl-NL\"},\"inLanguage\":\"nl-NL\"}]}<\/script>\n<!-- \/ Yoast SEO plugin. -->","yoast_head_json":{"title":"Mannenriem moet de juiste lengte hebben - REGBU.COM","description":"Zet in op de juiste herenriem die geschikt is voor een specifieke sociale gebeurtenis. Wij vertellen je hoe je er een kiest.","robots":{"index":"index","follow":"follow","max-snippet":"max-snippet:-1","max-image-preview":"max-image-preview:large","max-video-preview":"max-video-preview:-1"},"canonical":"https:\/\/regbu.com\/nl\/herenriem-moet-juiste-lengte-hebben\/","og_locale":"nl_NL","og_type":"article","og_title":"P\u00e1nsk\u00fd opasek mus\u00ed b\u00fdt spr\u00e1vn\u011b dlouh\u00fd - REGBU.COM","og_description":"Vsa\u010fte na ten spr\u00e1vn\u00fd p\u00e1nsk\u00fd opasek vhodn\u00fd pro konkr\u00e9tn\u00ed spole\u010denskou ud\u00e1lost. Prozrad\u00edme V\u00e1m, jak ho vybrat.","og_url":"https:\/\/regbu.com\/nl\/herenriem-moet-juiste-lengte-hebben\/","og_site_name":"REGBU.COM","article_published_time":"2023-07-23T13:59:52+00:00","article_modified_time":"2025-09-05T05:40:49+00:00","og_image":[{"width":1200,"height":676,"url":"https:\/\/regbu.com\/wp-content\/uploads\/2023\/07\/pansky-opasek-musi-byt-spravne-dlouhy.jpg","type":"image\/jpeg"}],"author":"George Martin","twitter_card":"summary_large_image","twitter_misc":{"Geschreven door":"George Martin","Geschatte leestijd":"2 minuten"},"schema":{"@context":"https:\/\/schema.org","@graph":[{"@type":"Article","@id":"https:\/\/regbu.com\/nl\/herenriem-moet-juiste-lengte-hebben\/#article","isPartOf":{"@id":"https:\/\/regbu.com\/nl\/herenriem-moet-juiste-lengte-hebben\/"},"author":{"name":"George Martin","@id":"https:\/\/regbu.com\/en\/#\/schema\/person\/94ea9deda2629771b8a9ced002f6784e"},"headline":"P\u00e1nsk\u00fd opasek mus\u00ed b\u00fdt spr\u00e1vn\u011b dlouh\u00fd","datePublished":"2023-07-23T13:59:52+00:00","dateModified":"2025-09-05T05:40:49+00:00","mainEntityOfPage":{"@id":"https:\/\/regbu.com\/nl\/herenriem-moet-juiste-lengte-hebben\/"},"wordCount":477,"image":{"@id":"https:\/\/regbu.com\/nl\/herenriem-moet-juiste-lengte-hebben\/#primaryimage"},"thumbnailUrl":"https:\/\/regbu.com\/wp-content\/uploads\/2023\/07\/pansky-opasek-musi-byt-spravne-dlouhy.jpg","keywords":["barva","barva opasku","Casual","d\u00e9lka","d\u00e9lka opasku","k\u016f\u017ee","opasek","p\u00e1nsk\u00fd opasek","p\u00e1sek","spona"],"articleSection":["M\u00f3da"],"inLanguage":"nl-NL"},{"@type":["WebPage","FAQPage"],"@id":"https:\/\/regbu.com\/nl\/herenriem-moet-juiste-lengte-hebben\/","url":"https:\/\/regbu.com\/nl\/herenriem-moet-juiste-lengte-hebben\/","name":"Mannenriem moet de juiste lengte hebben - REGBU.COM","isPartOf":{"@id":"https:\/\/regbu.com\/en\/#website"},"primaryImageOfPage":{"@id":"https:\/\/regbu.com\/nl\/herenriem-moet-juiste-lengte-hebben\/#primaryimage"},"image":{"@id":"https:\/\/regbu.com\/nl\/herenriem-moet-juiste-lengte-hebben\/#primaryimage"},"thumbnailUrl":"https:\/\/regbu.com\/wp-content\/uploads\/2023\/07\/pansky-opasek-musi-byt-spravne-dlouhy.jpg","datePublished":"2023-07-23T13:59:52+00:00","dateModified":"2025-09-05T05:40:49+00:00","author":{"@id":"https:\/\/regbu.com\/en\/#\/schema\/person\/94ea9deda2629771b8a9ced002f6784e"},"description":"Zet in op de juiste herenriem die geschikt is voor een specifieke sociale gebeurtenis. Wij vertellen je hoe je er een kiest.","breadcrumb":{"@id":"https:\/\/regbu.com\/nl\/herenriem-moet-juiste-lengte-hebben\/#breadcrumb"},"mainEntity":[{"@id":"https:\/\/regbu.com\/nl\/herenriem-moet-juiste-lengte-hebben\/#faq-question-1690207207819"},{"@id":"https:\/\/regbu.com\/nl\/herenriem-moet-juiste-lengte-hebben\/#faq-question-1690207213888"},{"@id":"https:\/\/regbu.com\/nl\/herenriem-moet-juiste-lengte-hebben\/#faq-question-1690207221535"},{"@id":"https:\/\/regbu.com\/nl\/herenriem-moet-juiste-lengte-hebben\/#faq-question-1690207229724"},{"@id":"https:\/\/regbu.com\/nl\/herenriem-moet-juiste-lengte-hebben\/#faq-question-1690207236250"}],"inLanguage":"nl-NL","potentialAction":[{"@type":"ReadAction","target":["https:\/\/regbu.com\/nl\/herenriem-moet-juiste-lengte-hebben\/"]}]},{"@type":"ImageObject","inLanguage":"nl-NL","@id":"https:\/\/regbu.com\/nl\/herenriem-moet-juiste-lengte-hebben\/#primaryimage","url":"https:\/\/regbu.com\/wp-content\/uploads\/2023\/07\/pansky-opasek-musi-byt-spravne-dlouhy.jpg","contentUrl":"https:\/\/regbu.com\/wp-content\/uploads\/2023\/07\/pansky-opasek-musi-byt-spravne-dlouhy.jpg","width":1200,"height":676,"caption":"P\u00e1nsk\u00fd opasek mus\u00ed b\u00fdt spr\u00e1vn\u011b dlouh\u00fd"},{"@type":"BreadcrumbList","@id":"https:\/\/regbu.com\/nl\/herenriem-moet-juiste-lengte-hebben\/#breadcrumb","itemListElement":[{"@type":"ListItem","position":1,"name":"Home","item":"https:\/\/regbu.com\/en\/"},{"@type":"ListItem","position":2,"name":"P\u00e1nsk\u00fd opasek mus\u00ed b\u00fdt spr\u00e1vn\u011b dlouh\u00fd"}]},{"@type":"WebSite","@id":"https:\/\/regbu.com\/en\/#website","url":"https:\/\/regbu.com\/en\/","name":"REGBU.COM","description":"","potentialAction":[{"@type":"SearchAction","target":{"@type":"EntryPoint","urlTemplate":"https:\/\/regbu.com\/en\/?s={search_term_string}"},"query-input":{"@type":"PropertyValueSpecification","valueRequired":true,"valueName":"search_term_string"}}],"inLanguage":"nl-NL"},{"@type":"Person","@id":"https:\/\/regbu.com\/en\/#\/schema\/person\/94ea9deda2629771b8a9ced002f6784e","name":"George Martin","url":"https:\/\/regbu.com\/nl\/author\/george-martin\/"},{"@type":"Question","@id":"https:\/\/regbu.com\/nl\/herenriem-moet-juiste-lengte-hebben\/#faq-question-1690207207819","position":1,"url":"https:\/\/regbu.com\/nl\/herenriem-moet-juiste-lengte-hebben\/#faq-question-1690207207819","name":"Welke kleur riem moet ik kiezen?","answerCount":1,"acceptedAnswer":{"@type":"Answer","text":"Barevn\u00e9 proveden\u00ed p\u00e1nsk\u00e9ho opasku by m\u011blo korespondovat s ostatn\u00edmi ko\u017een\u00fdmi dopl\u0148ky Va\u0161eho o\u0161acen\u00ed. Typick\u00fdm p\u0159\u00edkladem je podobn\u00e1 barva spole\u010densk\u00fdch bot.","inLanguage":"nl-NL"},"inLanguage":"nl-NL"},{"@type":"Question","@id":"https:\/\/regbu.com\/nl\/herenriem-moet-juiste-lengte-hebben\/#faq-question-1690207213888","position":2,"url":"https:\/\/regbu.com\/nl\/herenriem-moet-juiste-lengte-hebben\/#faq-question-1690207213888","name":"Hoe zit het met de kleur van de riemgesp?","answerCount":1,"acceptedAnswer":{"@type":"Answer","text":"U spony si pohl\u00eddejte jedin\u00e9. Jej\u00ed barva byla b\u00fdt toto\u017en\u00e1 s ostatn\u00edmi dopl\u0148ky v podob\u011b kovov\u00e9ho \u0159em\u00ednku od hodinek, \u0159et\u00edzk\u016f a n\u00e1ramk\u016f na ruce.","inLanguage":"nl-NL"},"inLanguage":"nl-NL"},{"@type":"Question","@id":"https:\/\/regbu.com\/nl\/herenriem-moet-juiste-lengte-hebben\/#faq-question-1690207221535","position":3,"url":"https:\/\/regbu.com\/nl\/herenriem-moet-juiste-lengte-hebben\/#faq-question-1690207221535","name":"Hoe pons je de originele riem eruit?","answerCount":1,"acceptedAnswer":{"@type":"Answer","text":"Jeho nev\u0161edn\u00ed barvu zkombinujte s jednobarevnou ko\u0161il\u00ed a hladk\u00fdmi kalhotami.","inLanguage":"nl-NL"},"inLanguage":"nl-NL"},{"@type":"Question","@id":"https:\/\/regbu.com\/nl\/herenriem-moet-juiste-lengte-hebben\/#faq-question-1690207229724","position":4,"url":"https:\/\/regbu.com\/nl\/herenriem-moet-juiste-lengte-hebben\/#faq-question-1690207229724","name":"Wat moet de lengte van de riem zijn?","answerCount":1,"acceptedAnswer":{"@type":"Answer","text":"Tak akor\u00e1t. Ke spr\u00e1vn\u00fdm hodnot\u00e1m se dopracujete, kdy\u017e si zm\u011b\u0159\u00edte obvod pasu. Opasek b\u00fdv\u00e1 o n\u011bco del\u0161\u00ed, ne\u017e je obvod, abyste ho zasunuli do oka u kalhot. Pozor na p\u0159\u00edli\u0161 dlouh\u00fd opasek, kter\u00fd by mohl plandat.","inLanguage":"nl-NL"},"inLanguage":"nl-NL"},{"@type":"Question","@id":"https:\/\/regbu.com\/nl\/herenriem-moet-juiste-lengte-hebben\/#faq-question-1690207236250","position":5,"url":"https:\/\/regbu.com\/nl\/herenriem-moet-juiste-lengte-hebben\/#faq-question-1690207236250","name":"Waar moet je op letten als je een riem draagt?","answerCount":1,"acceptedAnswer":{"@type":"Answer","text":"Nepodce\u0148ujte jeho uta\u017een\u00ed. P\u0159\u00edli\u0161n\u00e9 uta\u017een\u00ed toti\u017e zv\u00fdraz\u0148uje v\u011bt\u0161\u00ed b\u0159icho.","inLanguage":"nl-NL"},"inLanguage":"nl-NL"}]}},"_links":{"self":[{"href":"https:\/\/regbu.com\/nl\/wp-json\/wp\/v2\/posts\/1221","targetHints":{"allow":["GET"]}}],"collection":[{"href":"https:\/\/regbu.com\/nl\/wp-json\/wp\/v2\/posts"}],"about":[{"href":"https:\/\/regbu.com\/nl\/wp-json\/wp\/v2\/types\/post"}],"author":[{"embeddable":true,"href":"https:\/\/regbu.com\/nl\/wp-json\/wp\/v2\/users\/2"}],"replies":[{"embeddable":true,"href":"https:\/\/regbu.com\/nl\/wp-json\/wp\/v2\/comments?post=1221"}],"version-history":[{"count":2,"href":"https:\/\/regbu.com\/nl\/wp-json\/wp\/v2\/posts\/1221\/revisions"}],"predecessor-version":[{"id":1232,"href":"https:\/\/regbu.com\/nl\/wp-json\/wp\/v2\/posts\/1221\/revisions\/1232"}],"wp:featuredmedia":[{"embeddable":true,"href":"https:\/\/regbu.com\/nl\/wp-json\/wp\/v2\/media\/1222"}],"wp:attachment":[{"href":"https:\/\/regbu.com\/nl\/wp-json\/wp\/v2\/media?parent=1221"}],"wp:term":[{"taxonomy":"category","embeddable":true,"href":"https:\/\/regbu.com\/nl\/wp-json\/wp\/v2\/categories?post=1221"},{"taxonomy":"post_tag","embeddable":true,"href":"https:\/\/regbu.com\/nl\/wp-json\/wp\/v2\/tags?post=1221"}],"curies":[{"name":"wp","href":"https:\/\/api.w.org\/{rel}","templated":true}]}}