{"id":1010,"date":"2023-07-12T16:23:21","date_gmt":"2023-07-12T14:23:21","guid":{"rendered":"https:\/\/regbu.com\/?p=1010"},"modified":"2025-09-05T07:41:18","modified_gmt":"2025-09-05T05:41:18","slug":"klistova-encefalitida-je-zakernou-nemoci","status":"publish","type":"post","link":"https:\/\/regbu.com\/nl\/klysma-encefalitis-is-een-achtergrondziekte\/","title":{"rendered":"Tekenencefalitis is een verraderlijke ziekte"},"content":{"rendered":"<p>Door teken overgedragen encefalitis is niet hetzelfde als <strong><a href=\"https:\/\/regbu.com\/nl\/obesitas-is-een-volwassene-en-kinderen-obesitas\/\">Obesitas<\/a><\/strong>die veel mensen over zichzelf hebben afgeroepen. Zoals de naam van de ziekte al aangeeft, is de bron een besmette teek die een aanzienlijk risico vormt voor de menselijke gezondheid. Naast tekenencefalitis kunnen teken ook andere ziekten overbrengen.<\/p>\n\n\n\n<ul class=\"wp-block-list\">\n<li>Ziekte van Lyme<\/li>\n\n\n\n<li>Anaplasmose<\/li>\n\n\n\n<li>Tularemie<\/li>\n<\/ul>\n\n\n\n<p>Opgemerkt moet worden dat een aangehechte teek niet de kiem van de ziekte hoeft te zijn. De besmettelijkheid van teken is ongeveer drie tot vijf procent, afhankelijk van de specifieke bestemming.<\/p>\n\n\n\n<h2 class=\"wp-block-heading\">Tekenencefalitis en de stadia ervan<\/h2>\n\n\n\n<p>Encefalitis kent in wezen twee fasen. De eerste gaat gepaard met misselijkheid, spier-, gewrichts- en hoofdpijn. Deze symptomen worden geleidelijk <strong>Koortsen toevoegen<\/strong>. Het ergste is dat je bij encefalitis niet de spreekwoordelijke plek op de huid vindt zoals bij de ziekte van Lyme. En hoe zit het met de verspreiding van deze ziekte in Tsjechi\u00eb?<\/p>\n\n\n\n<figure class=\"wp-block-table\"><table><tbody><tr><td><strong>Jaar<\/strong><\/td><td><strong>Aantal pati\u00ebnten<\/strong><\/td><\/tr><tr><td>2008<\/td><td>631<\/td><\/tr><tr><td>2011<\/td><td>861<\/td><\/tr><tr><td>2018<\/td><td>715<\/td><\/tr><tr><td>2022<\/td><td>697<\/td><\/tr><\/tbody><\/table><figcaption class=\"wp-element-caption\">Evolutie van tekenencefalitis op basis van historische gegevens in Tsjechi\u00eb.<\/figcaption><\/figure>\n\n\n\n<p>Na de eerste fase komt natuurlijk de tweede, die veel erger is. De besmette persoon begint slaperigheid, overgevoeligheid voor licht en ondraaglijke hoofdpijn te voelen. Dit gaat vaak gepaard met braken, verlamming van de onderste en bovenste ledematen of volledige verstijving van de nek.<\/p>\n\n\n\n<h3 class=\"wp-block-heading\">Beperkte behandeling en blijvende gevolgen<\/h3>\n\n\n\n<p>Tekenencefalitis wordt geassocieerd met&nbsp;<em>beperkte behandelingsmogelijkheden<\/em>. Een goed immuunsysteem van de besmette persoon speelt een cruciale rol in het hele verloop van de behandeling. De vaccinatie is een niet te onderschatten hoofdstuk op zich. De ziekte is dan een kwestie van lange adem.<\/p>\n\n\n\n<p>Zelfs als teken-encefalitis genezen is, kunnen sommige mensen nog steeds blijvende effecten ervaren die het dagelijks leven ongemakkelijk maken. Terugkerende hoofdpijn is een typisch voorbeeld. Ze kunnen voorkomen <strong>gehoor- en geheugenproblemen<\/strong>. Het kan het moeilijker maken om je te concentreren en de ziekte zelf kan de slaap verstoren. In ergere gevallen krijg je last van verlamming van de ledematen en vervelende stress.<\/p>\n\n\n\n<p>Als je besluit om het teken-encefalitisvaccin te nemen, verwacht dan ten minste drie doses. Elke extra boosterdosis wordt ongeveer eens in de vijf jaar toegediend.<\/p>","protected":false},"excerpt":{"rendered":"<p>Tekenencefalitis is niet hetzelfde als obesitas, waar veel mensen zichzelf de schuld van geven. Zoals de naam van de ziekte al aangeeft, is de bron een besmette teek die een aanzienlijk risico vormt voor de menselijke gezondheid. Naast tekenencefalitis kunnen teken ook andere ziekten overbrengen. Opgemerkt moet worden dat een teek niet onmiddellijk de kiem van deze ... <\/p>","protected":false},"author":2,"featured_media":1011,"comment_status":"closed","ping_status":"closed","sticky":false,"template":"","format":"standard","meta":{"footnotes":""},"categories":[197],"tags":[1032,1029,1024,1025,1023,1028,1030,1026,1027,1031],"class_list":["post-1010","post","type-post","status-publish","format-standard","has-post-thumbnail","hentry","category-lidske-zdravi","tag-bolest","tag-borelioza","tag-encefalitida","tag-kliste","tag-klistova-encefalitida","tag-lecba","tag-naslecky","tag-nemoc","tag-onemocneni","tag-zvraceni"],"yoast_head":"<!-- This site is optimized with the Yoast SEO plugin v27.5 - https:\/\/yoast.com\/product\/yoast-seo-wordpress\/ -->\n<title>Kl\u00ed\u0161\u0165ov\u00e1 encefalitida je z\u00e1ke\u0159nou nemoc\u00ed - REGBU.COM<\/title>\n<meta name=\"description\" content=\"V\u00edte, co si p\u0159edstavit pod pojmem kl\u00ed\u0161\u0165ov\u00e1 encefalitida? Jde o pom\u011brn\u011b z\u00e1va\u017en\u00e9 onemocn\u011bn\u00ed, kter\u00e9 V\u00e1m podrovn\u011bji p\u0159ibl\u00ed\u017e\u00edme.\" \/>\n<meta name=\"robots\" content=\"index, follow, max-snippet:-1, max-image-preview:large, max-video-preview:-1\" \/>\n<link rel=\"canonical\" href=\"https:\/\/regbu.com\/nl\/klysma-encefalitis-is-een-achtergrondziekte\/\" \/>\n<meta property=\"og:locale\" content=\"nl_NL\" \/>\n<meta property=\"og:type\" content=\"article\" \/>\n<meta property=\"og:title\" content=\"Kl\u00ed\u0161\u0165ov\u00e1 encefalitida je z\u00e1ke\u0159nou nemoc\u00ed - REGBU.COM\" \/>\n<meta property=\"og:description\" content=\"V\u00edte, co si p\u0159edstavit pod pojmem kl\u00ed\u0161\u0165ov\u00e1 encefalitida? Jde o pom\u011brn\u011b z\u00e1va\u017en\u00e9 onemocn\u011bn\u00ed, kter\u00e9 V\u00e1m podrovn\u011bji p\u0159ibl\u00ed\u017e\u00edme.\" \/>\n<meta property=\"og:url\" content=\"https:\/\/regbu.com\/nl\/klysma-encefalitis-is-een-achtergrondziekte\/\" \/>\n<meta property=\"og:site_name\" content=\"REGBU.COM\" \/>\n<meta property=\"article:published_time\" content=\"2023-07-12T14:23:21+00:00\" \/>\n<meta property=\"article:modified_time\" content=\"2025-09-05T05:41:18+00:00\" \/>\n<meta property=\"og:image\" content=\"https:\/\/regbu.com\/wp-content\/uploads\/2023\/07\/klistova-encefalitida-je-zakernou-nemoci.jpg\" \/>\n\t<meta property=\"og:image:width\" content=\"1200\" \/>\n\t<meta property=\"og:image:height\" content=\"679\" \/>\n\t<meta property=\"og:image:type\" content=\"image\/jpeg\" \/>\n<meta name=\"author\" content=\"George Martin\" \/>\n<meta name=\"twitter:card\" content=\"summary_large_image\" \/>\n<meta name=\"twitter:label1\" content=\"Geschreven door\" \/>\n\t<meta name=\"twitter:data1\" content=\"George Martin\" \/>\n\t<meta name=\"twitter:label2\" content=\"Geschatte leestijd\" \/>\n\t<meta name=\"twitter:data2\" content=\"2 minuten\" \/>\n<script type=\"application\/ld+json\" class=\"yoast-schema-graph\">{\"@context\":\"https:\\\/\\\/schema.org\",\"@graph\":[{\"@type\":\"Article\",\"@id\":\"https:\\\/\\\/regbu.com\\\/nl\\\/klysma-encefalitis-is-een-achtergrondziekte\\\/#article\",\"isPartOf\":{\"@id\":\"https:\\\/\\\/regbu.com\\\/nl\\\/klysma-encefalitis-is-een-achtergrondziekte\\\/\"},\"author\":{\"name\":\"George Martin\",\"@id\":\"https:\\\/\\\/regbu.com\\\/en\\\/#\\\/schema\\\/person\\\/94ea9deda2629771b8a9ced002f6784e\"},\"headline\":\"Kl\u00ed\u0161\u0165ov\u00e1 encefalitida je z\u00e1ke\u0159nou nemoc\u00ed\",\"datePublished\":\"2023-07-12T14:23:21+00:00\",\"dateModified\":\"2025-09-05T05:41:18+00:00\",\"mainEntityOfPage\":{\"@id\":\"https:\\\/\\\/regbu.com\\\/nl\\\/klysma-encefalitis-is-een-achtergrondziekte\\\/\"},\"wordCount\":443,\"image\":{\"@id\":\"https:\\\/\\\/regbu.com\\\/nl\\\/klysma-encefalitis-is-een-achtergrondziekte\\\/#primaryimage\"},\"thumbnailUrl\":\"https:\\\/\\\/regbu.com\\\/wp-content\\\/uploads\\\/2023\\\/07\\\/klistova-encefalitida-je-zakernou-nemoci.jpg\",\"keywords\":[\"bolest\",\"boreli\u00f3za\",\"encefalitida\",\"kl\u00ed\u0161t\u011b\",\"kl\u00ed\u0161\u0165ov\u00e1 encefalitida\",\"l\u00e9\u010dba\",\"n\u00e1sle\u010dky\",\"nemoc\",\"onemocn\u011bn\u00ed\",\"zvracen\u00ed\"],\"articleSection\":[\"Lidsk\u00e9 Zdrav\u00ed\"],\"inLanguage\":\"nl-NL\"},{\"@type\":\"WebPage\",\"@id\":\"https:\\\/\\\/regbu.com\\\/nl\\\/klysma-encefalitis-is-een-achtergrondziekte\\\/\",\"url\":\"https:\\\/\\\/regbu.com\\\/nl\\\/klysma-encefalitis-is-een-achtergrondziekte\\\/\",\"name\":\"Kl\u00ed\u0161\u0165ov\u00e1 encefalitida je z\u00e1ke\u0159nou nemoc\u00ed - REGBU.COM\",\"isPartOf\":{\"@id\":\"https:\\\/\\\/regbu.com\\\/en\\\/#website\"},\"primaryImageOfPage\":{\"@id\":\"https:\\\/\\\/regbu.com\\\/nl\\\/klysma-encefalitis-is-een-achtergrondziekte\\\/#primaryimage\"},\"image\":{\"@id\":\"https:\\\/\\\/regbu.com\\\/nl\\\/klysma-encefalitis-is-een-achtergrondziekte\\\/#primaryimage\"},\"thumbnailUrl\":\"https:\\\/\\\/regbu.com\\\/wp-content\\\/uploads\\\/2023\\\/07\\\/klistova-encefalitida-je-zakernou-nemoci.jpg\",\"datePublished\":\"2023-07-12T14:23:21+00:00\",\"dateModified\":\"2025-09-05T05:41:18+00:00\",\"author\":{\"@id\":\"https:\\\/\\\/regbu.com\\\/en\\\/#\\\/schema\\\/person\\\/94ea9deda2629771b8a9ced002f6784e\"},\"description\":\"V\u00edte, co si p\u0159edstavit pod pojmem kl\u00ed\u0161\u0165ov\u00e1 encefalitida? Jde o pom\u011brn\u011b z\u00e1va\u017en\u00e9 onemocn\u011bn\u00ed, kter\u00e9 V\u00e1m podrovn\u011bji p\u0159ibl\u00ed\u017e\u00edme.\",\"breadcrumb\":{\"@id\":\"https:\\\/\\\/regbu.com\\\/nl\\\/klysma-encefalitis-is-een-achtergrondziekte\\\/#breadcrumb\"},\"inLanguage\":\"nl-NL\",\"potentialAction\":[{\"@type\":\"ReadAction\",\"target\":[\"https:\\\/\\\/regbu.com\\\/nl\\\/klysma-encefalitis-is-een-achtergrondziekte\\\/\"]}]},{\"@type\":\"ImageObject\",\"inLanguage\":\"nl-NL\",\"@id\":\"https:\\\/\\\/regbu.com\\\/nl\\\/klysma-encefalitis-is-een-achtergrondziekte\\\/#primaryimage\",\"url\":\"https:\\\/\\\/regbu.com\\\/wp-content\\\/uploads\\\/2023\\\/07\\\/klistova-encefalitida-je-zakernou-nemoci.jpg\",\"contentUrl\":\"https:\\\/\\\/regbu.com\\\/wp-content\\\/uploads\\\/2023\\\/07\\\/klistova-encefalitida-je-zakernou-nemoci.jpg\",\"width\":1200,\"height\":679,\"caption\":\"Kl\u00ed\u0161\u0165ov\u00e1 encefalitida je z\u00e1ke\u0159nou nemoc\u00ed\"},{\"@type\":\"BreadcrumbList\",\"@id\":\"https:\\\/\\\/regbu.com\\\/nl\\\/klysma-encefalitis-is-een-achtergrondziekte\\\/#breadcrumb\",\"itemListElement\":[{\"@type\":\"ListItem\",\"position\":1,\"name\":\"Home\",\"item\":\"https:\\\/\\\/regbu.com\\\/en\\\/\"},{\"@type\":\"ListItem\",\"position\":2,\"name\":\"Kl\u00ed\u0161\u0165ov\u00e1 encefalitida je z\u00e1ke\u0159nou nemoc\u00ed\"}]},{\"@type\":\"WebSite\",\"@id\":\"https:\\\/\\\/regbu.com\\\/en\\\/#website\",\"url\":\"https:\\\/\\\/regbu.com\\\/en\\\/\",\"name\":\"REGBU.COM\",\"description\":\"\",\"potentialAction\":[{\"@type\":\"SearchAction\",\"target\":{\"@type\":\"EntryPoint\",\"urlTemplate\":\"https:\\\/\\\/regbu.com\\\/en\\\/?s={search_term_string}\"},\"query-input\":{\"@type\":\"PropertyValueSpecification\",\"valueRequired\":true,\"valueName\":\"search_term_string\"}}],\"inLanguage\":\"nl-NL\"},{\"@type\":\"Person\",\"@id\":\"https:\\\/\\\/regbu.com\\\/en\\\/#\\\/schema\\\/person\\\/94ea9deda2629771b8a9ced002f6784e\",\"name\":\"George Martin\",\"url\":\"https:\\\/\\\/regbu.com\\\/nl\\\/author\\\/george-martin\\\/\"}]}<\/script>\n<!-- \/ Yoast SEO plugin. -->","yoast_head_json":{"title":"Tekenencefalitis is een verraderlijke ziekte - REGBU.COM","description":"Weet je wat wordt bedoeld met tekenencefalitis? Het is een vrij ernstige ziekte, die we in meer detail zullen uitleggen.","robots":{"index":"index","follow":"follow","max-snippet":"max-snippet:-1","max-image-preview":"max-image-preview:large","max-video-preview":"max-video-preview:-1"},"canonical":"https:\/\/regbu.com\/nl\/klysma-encefalitis-is-een-achtergrondziekte\/","og_locale":"nl_NL","og_type":"article","og_title":"Kl\u00ed\u0161\u0165ov\u00e1 encefalitida je z\u00e1ke\u0159nou nemoc\u00ed - REGBU.COM","og_description":"V\u00edte, co si p\u0159edstavit pod pojmem kl\u00ed\u0161\u0165ov\u00e1 encefalitida? Jde o pom\u011brn\u011b z\u00e1va\u017en\u00e9 onemocn\u011bn\u00ed, kter\u00e9 V\u00e1m podrovn\u011bji p\u0159ibl\u00ed\u017e\u00edme.","og_url":"https:\/\/regbu.com\/nl\/klysma-encefalitis-is-een-achtergrondziekte\/","og_site_name":"REGBU.COM","article_published_time":"2023-07-12T14:23:21+00:00","article_modified_time":"2025-09-05T05:41:18+00:00","og_image":[{"width":1200,"height":679,"url":"https:\/\/regbu.com\/wp-content\/uploads\/2023\/07\/klistova-encefalitida-je-zakernou-nemoci.jpg","type":"image\/jpeg"}],"author":"George Martin","twitter_card":"summary_large_image","twitter_misc":{"Geschreven door":"George Martin","Geschatte leestijd":"2 minuten"},"schema":{"@context":"https:\/\/schema.org","@graph":[{"@type":"Article","@id":"https:\/\/regbu.com\/nl\/klysma-encefalitis-is-een-achtergrondziekte\/#article","isPartOf":{"@id":"https:\/\/regbu.com\/nl\/klysma-encefalitis-is-een-achtergrondziekte\/"},"author":{"name":"George Martin","@id":"https:\/\/regbu.com\/en\/#\/schema\/person\/94ea9deda2629771b8a9ced002f6784e"},"headline":"Kl\u00ed\u0161\u0165ov\u00e1 encefalitida je z\u00e1ke\u0159nou nemoc\u00ed","datePublished":"2023-07-12T14:23:21+00:00","dateModified":"2025-09-05T05:41:18+00:00","mainEntityOfPage":{"@id":"https:\/\/regbu.com\/nl\/klysma-encefalitis-is-een-achtergrondziekte\/"},"wordCount":443,"image":{"@id":"https:\/\/regbu.com\/nl\/klysma-encefalitis-is-een-achtergrondziekte\/#primaryimage"},"thumbnailUrl":"https:\/\/regbu.com\/wp-content\/uploads\/2023\/07\/klistova-encefalitida-je-zakernou-nemoci.jpg","keywords":["bolest","boreli\u00f3za","encefalitida","kl\u00ed\u0161t\u011b","kl\u00ed\u0161\u0165ov\u00e1 encefalitida","l\u00e9\u010dba","n\u00e1sle\u010dky","nemoc","onemocn\u011bn\u00ed","zvracen\u00ed"],"articleSection":["Lidsk\u00e9 Zdrav\u00ed"],"inLanguage":"nl-NL"},{"@type":"WebPage","@id":"https:\/\/regbu.com\/nl\/klysma-encefalitis-is-een-achtergrondziekte\/","url":"https:\/\/regbu.com\/nl\/klysma-encefalitis-is-een-achtergrondziekte\/","name":"Tekenencefalitis is een verraderlijke ziekte - REGBU.COM","isPartOf":{"@id":"https:\/\/regbu.com\/en\/#website"},"primaryImageOfPage":{"@id":"https:\/\/regbu.com\/nl\/klysma-encefalitis-is-een-achtergrondziekte\/#primaryimage"},"image":{"@id":"https:\/\/regbu.com\/nl\/klysma-encefalitis-is-een-achtergrondziekte\/#primaryimage"},"thumbnailUrl":"https:\/\/regbu.com\/wp-content\/uploads\/2023\/07\/klistova-encefalitida-je-zakernou-nemoci.jpg","datePublished":"2023-07-12T14:23:21+00:00","dateModified":"2025-09-05T05:41:18+00:00","author":{"@id":"https:\/\/regbu.com\/en\/#\/schema\/person\/94ea9deda2629771b8a9ced002f6784e"},"description":"Weet je wat wordt bedoeld met tekenencefalitis? Het is een vrij ernstige ziekte, die we in meer detail zullen uitleggen.","breadcrumb":{"@id":"https:\/\/regbu.com\/nl\/klysma-encefalitis-is-een-achtergrondziekte\/#breadcrumb"},"inLanguage":"nl-NL","potentialAction":[{"@type":"ReadAction","target":["https:\/\/regbu.com\/nl\/klysma-encefalitis-is-een-achtergrondziekte\/"]}]},{"@type":"ImageObject","inLanguage":"nl-NL","@id":"https:\/\/regbu.com\/nl\/klysma-encefalitis-is-een-achtergrondziekte\/#primaryimage","url":"https:\/\/regbu.com\/wp-content\/uploads\/2023\/07\/klistova-encefalitida-je-zakernou-nemoci.jpg","contentUrl":"https:\/\/regbu.com\/wp-content\/uploads\/2023\/07\/klistova-encefalitida-je-zakernou-nemoci.jpg","width":1200,"height":679,"caption":"Kl\u00ed\u0161\u0165ov\u00e1 encefalitida je z\u00e1ke\u0159nou nemoc\u00ed"},{"@type":"BreadcrumbList","@id":"https:\/\/regbu.com\/nl\/klysma-encefalitis-is-een-achtergrondziekte\/#breadcrumb","itemListElement":[{"@type":"ListItem","position":1,"name":"Home","item":"https:\/\/regbu.com\/en\/"},{"@type":"ListItem","position":2,"name":"Kl\u00ed\u0161\u0165ov\u00e1 encefalitida je z\u00e1ke\u0159nou nemoc\u00ed"}]},{"@type":"WebSite","@id":"https:\/\/regbu.com\/en\/#website","url":"https:\/\/regbu.com\/en\/","name":"REGBU.COM","description":"","potentialAction":[{"@type":"SearchAction","target":{"@type":"EntryPoint","urlTemplate":"https:\/\/regbu.com\/en\/?s={search_term_string}"},"query-input":{"@type":"PropertyValueSpecification","valueRequired":true,"valueName":"search_term_string"}}],"inLanguage":"nl-NL"},{"@type":"Person","@id":"https:\/\/regbu.com\/en\/#\/schema\/person\/94ea9deda2629771b8a9ced002f6784e","name":"George Martin","url":"https:\/\/regbu.com\/nl\/author\/george-martin\/"}]}},"_links":{"self":[{"href":"https:\/\/regbu.com\/nl\/wp-json\/wp\/v2\/posts\/1010","targetHints":{"allow":["GET"]}}],"collection":[{"href":"https:\/\/regbu.com\/nl\/wp-json\/wp\/v2\/posts"}],"about":[{"href":"https:\/\/regbu.com\/nl\/wp-json\/wp\/v2\/types\/post"}],"author":[{"embeddable":true,"href":"https:\/\/regbu.com\/nl\/wp-json\/wp\/v2\/users\/2"}],"replies":[{"embeddable":true,"href":"https:\/\/regbu.com\/nl\/wp-json\/wp\/v2\/comments?post=1010"}],"version-history":[{"count":2,"href":"https:\/\/regbu.com\/nl\/wp-json\/wp\/v2\/posts\/1010\/revisions"}],"predecessor-version":[{"id":1025,"href":"https:\/\/regbu.com\/nl\/wp-json\/wp\/v2\/posts\/1010\/revisions\/1025"}],"wp:featuredmedia":[{"embeddable":true,"href":"https:\/\/regbu.com\/nl\/wp-json\/wp\/v2\/media\/1011"}],"wp:attachment":[{"href":"https:\/\/regbu.com\/nl\/wp-json\/wp\/v2\/media?parent=1010"}],"wp:term":[{"taxonomy":"category","embeddable":true,"href":"https:\/\/regbu.com\/nl\/wp-json\/wp\/v2\/categories?post=1010"},{"taxonomy":"post_tag","embeddable":true,"href":"https:\/\/regbu.com\/nl\/wp-json\/wp\/v2\/tags?post=1010"}],"curies":[{"name":"wp","href":"https:\/\/api.w.org\/{rel}","templated":true}]}}