{"id":1002,"date":"2023-07-10T16:45:46","date_gmt":"2023-07-10T14:45:46","guid":{"rendered":"https:\/\/regbu.com\/?p=1002"},"modified":"2025-09-05T07:41:19","modified_gmt":"2025-09-05T05:41:19","slug":"spolecensky-oblek-vybirejte-dusledne","status":"publish","type":"post","link":"https:\/\/regbu.com\/nl\/sociaal-pak-selecteer-nu\/","title":{"rendered":"Kies consequent voor een formeel pak"},"content":{"rendered":"<p>Het formele pak voor heren is ongetwijfeld een representatieve aangelegenheid geworden. Het omvat meestal een stropdas en <strong><a href=\"https:\/\/regbu.com\/nl\/hoe-als-icoon-van-zonnekleding\/\">vlinderdas<\/a><\/strong>. Als je besluit uit te gaan in de maatschappij of een elegante man wilt zijn, kies dan een twee- of driedelige set die het pak zelf vormt.<\/p>\n\n\n\n<ul class=\"wp-block-list\">\n<li>Broek<\/li>\n\n\n\n<li>Zegt<\/li>\n\n\n\n<li>Vesta<\/li>\n<\/ul>\n\n\n\n<p>Zoals iedereen waarschijnlijk wel vermoedt, is er geen pak zoals een pak. Lees daarom de volgende regels, waarin we verschillende soorten pakken, productiematerialen en de juiste keuze ervan introduceren.<\/p>\n\n\n\n<h2 class=\"wp-block-heading\">Van het materiaal tot het type pak<\/h2>\n\n\n\n<p>Een formeel pak van goede kwaliteit is gemaakt van het juiste materiaal. Meestal is dat kamgaren wol in combinatie met andere stoffen. Je kunt bijvoorbeeld <strong>kasjmier, mohair of zijde<\/strong>. Naarmate de kwaliteit van het materiaal toeneemt, stijgt natuurlijk ook de prijs van het pak. Het tegenovergestelde van deze materialen zijn goedkope kunstvezels.<\/p>\n\n\n\n<figure class=\"wp-block-table\"><table><tbody><tr><td><strong>Soort pak<\/strong><\/td><td><strong>Informatie<\/strong><\/td><\/tr><tr><td>Avondpak<\/td><td>Naar het bedrijf<\/td><\/tr><tr><td>Wandelpak<\/td><td>Minder formeel<\/td><\/tr><tr><td>Roken<\/td><td>Zwart avondpak<\/td><\/tr><tr><td>Frak<\/td><td>Verlengd achterste gedeelte<\/td><\/tr><\/tbody><\/table><figcaption class=\"wp-element-caption\">Basisinformatie over de verschillende soorten formele pakken.<\/figcaption><\/figure>\n\n\n\n<p>Natuurlijk kom je ook individuele takken en varianten van pakken tegen. Zo'n formeel pak kan bijvoorbeeld een single-breasted jasje hebben, maar ook een double-breasted jasje. Het jasje is geen uitzondering. Dit laatste valt overigens in de categorie van de meest formele kleding.<\/p>\n\n\n\n<h3 class=\"wp-block-heading\">Kies het juiste formele pak<\/h3>\n\n\n\n<p>Als je een zakelijk pak nodig hebt voor je dagelijkse woon-werkverkeer, kies dan voor een blauwe of grijze kleur. Subtiele strepen zijn ook acceptabel. Een zwart pak is meer geschikt voor meer glamoureuze sociale evenementen. Als de uitnodiging <em>geschreven zwarte stropdas<\/em>maak je dan klaar om een zwarte smoking en een zwarte strik te dragen.<\/p>\n\n\n\n<p>Aan de andere kant is een pak voor plezier en vrije tijd vrijgesteld van allerlei grenzen en verplichtingen. Je kunt kiezen voor een andere kleur broek en jasje. Dit heeft meestal een sportieve snit en in plaats van een overhemd kun je kiezen voor een slim overhemd. Zo'n double-breasted jasje met een ruit en hetzelfde patroon op de broek kan worden gecategoriseerd als <strong>modestijl<\/strong>. Dit segment is vooral bedoeld voor mensen die letterlijk van pakken houden en niet bang zijn voor gepaste extravagantie. Een formeel pak heeft nu eenmaal een eigen stijl en vooral veel ontwerpmogelijkheden.<\/p>","protected":false},"excerpt":{"rendered":"<p>Het formele pak voor heren is ongetwijfeld een representatieve aangelegenheid geworden. Het bevat meestal een stropdas en een vlinderdas. Als je besluit uit te gaan in de maatschappij of een dandy wilt zijn, kies dan een twee- of driedelige set die het pak zelf vormt. Zoals iedereen waarschijnlijk al raadt, bestaat er niet zoiets als een pak. Lees daarom de volgende regels waar ... <\/p>","protected":false},"author":2,"featured_media":1003,"comment_status":"closed","ping_status":"closed","sticky":false,"template":"","format":"standard","meta":{"footnotes":""},"categories":[671],"tags":[1022,1020,1016,703,1015,1017,1021,1014,1018,1019],"class_list":["post-1002","post","type-post","status-publish","format-standard","has-post-thumbnail","hentry","category-moda","tag-black-tie","tag-frak","tag-kalhoty","tag-oblek","tag-obleky","tag-sako","tag-smoking","tag-spolecensky-oblek","tag-vesta","tag-vychazkovy-oblek"],"yoast_head":"<!-- This site is optimized with the Yoast SEO plugin v27.4 - https:\/\/yoast.com\/product\/yoast-seo-wordpress\/ -->\n<title>Spole\u010densk\u00fd oblek vyb\u00edrejte d\u016fsledn\u011b - REGBU.COM<\/title>\n<meta name=\"description\" content=\"Nev\u00edte, jak\u00fd zvolit spole\u010densk\u00fd oblek? Pak V\u00e1m p\u0159edstav\u00edme z\u00e1kladn\u00ed typy a hlavn\u00ed odli\u0161nosti mezi nimi. Oblek\u016f existuje v\u00edce ne\u017e dost.\" \/>\n<meta name=\"robots\" content=\"index, follow, max-snippet:-1, max-image-preview:large, max-video-preview:-1\" \/>\n<link rel=\"canonical\" href=\"https:\/\/regbu.com\/nl\/sociaal-pak-selecteer-nu\/\" \/>\n<meta property=\"og:locale\" content=\"nl_NL\" \/>\n<meta property=\"og:type\" content=\"article\" \/>\n<meta property=\"og:title\" content=\"Spole\u010densk\u00fd oblek vyb\u00edrejte d\u016fsledn\u011b - REGBU.COM\" \/>\n<meta property=\"og:description\" content=\"Nev\u00edte, jak\u00fd zvolit spole\u010densk\u00fd oblek? Pak V\u00e1m p\u0159edstav\u00edme z\u00e1kladn\u00ed typy a hlavn\u00ed odli\u0161nosti mezi nimi. Oblek\u016f existuje v\u00edce ne\u017e dost.\" \/>\n<meta property=\"og:url\" content=\"https:\/\/regbu.com\/nl\/sociaal-pak-selecteer-nu\/\" \/>\n<meta property=\"og:site_name\" content=\"REGBU.COM\" \/>\n<meta property=\"article:published_time\" content=\"2023-07-10T14:45:46+00:00\" \/>\n<meta property=\"article:modified_time\" content=\"2025-09-05T05:41:19+00:00\" \/>\n<meta property=\"og:image\" content=\"https:\/\/regbu.com\/wp-content\/uploads\/2023\/07\/spolecensky-oblek-vybirejte-dusledne.jpg\" \/>\n\t<meta property=\"og:image:width\" content=\"1200\" \/>\n\t<meta property=\"og:image:height\" content=\"677\" \/>\n\t<meta property=\"og:image:type\" content=\"image\/jpeg\" \/>\n<meta name=\"author\" content=\"George Martin\" \/>\n<meta name=\"twitter:card\" content=\"summary_large_image\" \/>\n<meta name=\"twitter:label1\" content=\"Geschreven door\" \/>\n\t<meta name=\"twitter:data1\" content=\"George Martin\" \/>\n\t<meta name=\"twitter:label2\" content=\"Geschatte leestijd\" \/>\n\t<meta name=\"twitter:data2\" content=\"2 minuten\" \/>\n<script type=\"application\/ld+json\" class=\"yoast-schema-graph\">{\"@context\":\"https:\\\/\\\/schema.org\",\"@graph\":[{\"@type\":\"Article\",\"@id\":\"https:\\\/\\\/regbu.com\\\/nl\\\/sociaal-pak-selecteer-nu\\\/#article\",\"isPartOf\":{\"@id\":\"https:\\\/\\\/regbu.com\\\/nl\\\/sociaal-pak-selecteer-nu\\\/\"},\"author\":{\"name\":\"George Martin\",\"@id\":\"https:\\\/\\\/regbu.com\\\/en\\\/#\\\/schema\\\/person\\\/94ea9deda2629771b8a9ced002f6784e\"},\"headline\":\"Spole\u010densk\u00fd oblek vyb\u00edrejte d\u016fsledn\u011b\",\"datePublished\":\"2023-07-10T14:45:46+00:00\",\"dateModified\":\"2025-09-05T05:41:19+00:00\",\"mainEntityOfPage\":{\"@id\":\"https:\\\/\\\/regbu.com\\\/nl\\\/sociaal-pak-selecteer-nu\\\/\"},\"wordCount\":449,\"image\":{\"@id\":\"https:\\\/\\\/regbu.com\\\/nl\\\/sociaal-pak-selecteer-nu\\\/#primaryimage\"},\"thumbnailUrl\":\"https:\\\/\\\/regbu.com\\\/wp-content\\\/uploads\\\/2023\\\/07\\\/spolecensky-oblek-vybirejte-dusledne.jpg\",\"keywords\":[\"black tie\",\"frak\",\"kalhoty\",\"oblek\",\"obleky\",\"sako\",\"smoking\",\"spole\u010densk\u00fd oblek\",\"vesta\",\"vych\u00e1zkov\u00fd oblek\"],\"articleSection\":[\"M\u00f3da\"],\"inLanguage\":\"nl-NL\"},{\"@type\":\"WebPage\",\"@id\":\"https:\\\/\\\/regbu.com\\\/nl\\\/sociaal-pak-selecteer-nu\\\/\",\"url\":\"https:\\\/\\\/regbu.com\\\/nl\\\/sociaal-pak-selecteer-nu\\\/\",\"name\":\"Spole\u010densk\u00fd oblek vyb\u00edrejte d\u016fsledn\u011b - REGBU.COM\",\"isPartOf\":{\"@id\":\"https:\\\/\\\/regbu.com\\\/en\\\/#website\"},\"primaryImageOfPage\":{\"@id\":\"https:\\\/\\\/regbu.com\\\/nl\\\/sociaal-pak-selecteer-nu\\\/#primaryimage\"},\"image\":{\"@id\":\"https:\\\/\\\/regbu.com\\\/nl\\\/sociaal-pak-selecteer-nu\\\/#primaryimage\"},\"thumbnailUrl\":\"https:\\\/\\\/regbu.com\\\/wp-content\\\/uploads\\\/2023\\\/07\\\/spolecensky-oblek-vybirejte-dusledne.jpg\",\"datePublished\":\"2023-07-10T14:45:46+00:00\",\"dateModified\":\"2025-09-05T05:41:19+00:00\",\"author\":{\"@id\":\"https:\\\/\\\/regbu.com\\\/en\\\/#\\\/schema\\\/person\\\/94ea9deda2629771b8a9ced002f6784e\"},\"description\":\"Nev\u00edte, jak\u00fd zvolit spole\u010densk\u00fd oblek? Pak V\u00e1m p\u0159edstav\u00edme z\u00e1kladn\u00ed typy a hlavn\u00ed odli\u0161nosti mezi nimi. Oblek\u016f existuje v\u00edce ne\u017e dost.\",\"breadcrumb\":{\"@id\":\"https:\\\/\\\/regbu.com\\\/nl\\\/sociaal-pak-selecteer-nu\\\/#breadcrumb\"},\"inLanguage\":\"nl-NL\",\"potentialAction\":[{\"@type\":\"ReadAction\",\"target\":[\"https:\\\/\\\/regbu.com\\\/nl\\\/sociaal-pak-selecteer-nu\\\/\"]}]},{\"@type\":\"ImageObject\",\"inLanguage\":\"nl-NL\",\"@id\":\"https:\\\/\\\/regbu.com\\\/nl\\\/sociaal-pak-selecteer-nu\\\/#primaryimage\",\"url\":\"https:\\\/\\\/regbu.com\\\/wp-content\\\/uploads\\\/2023\\\/07\\\/spolecensky-oblek-vybirejte-dusledne.jpg\",\"contentUrl\":\"https:\\\/\\\/regbu.com\\\/wp-content\\\/uploads\\\/2023\\\/07\\\/spolecensky-oblek-vybirejte-dusledne.jpg\",\"width\":1200,\"height\":677,\"caption\":\"Spole\u010densk\u00fd oblek vyb\u00edrejte d\u016fsledn\u011b\"},{\"@type\":\"BreadcrumbList\",\"@id\":\"https:\\\/\\\/regbu.com\\\/nl\\\/sociaal-pak-selecteer-nu\\\/#breadcrumb\",\"itemListElement\":[{\"@type\":\"ListItem\",\"position\":1,\"name\":\"Home\",\"item\":\"https:\\\/\\\/regbu.com\\\/en\\\/\"},{\"@type\":\"ListItem\",\"position\":2,\"name\":\"Spole\u010densk\u00fd oblek vyb\u00edrejte d\u016fsledn\u011b\"}]},{\"@type\":\"WebSite\",\"@id\":\"https:\\\/\\\/regbu.com\\\/en\\\/#website\",\"url\":\"https:\\\/\\\/regbu.com\\\/en\\\/\",\"name\":\"REGBU.COM\",\"description\":\"\",\"potentialAction\":[{\"@type\":\"SearchAction\",\"target\":{\"@type\":\"EntryPoint\",\"urlTemplate\":\"https:\\\/\\\/regbu.com\\\/en\\\/?s={search_term_string}\"},\"query-input\":{\"@type\":\"PropertyValueSpecification\",\"valueRequired\":true,\"valueName\":\"search_term_string\"}}],\"inLanguage\":\"nl-NL\"},{\"@type\":\"Person\",\"@id\":\"https:\\\/\\\/regbu.com\\\/en\\\/#\\\/schema\\\/person\\\/94ea9deda2629771b8a9ced002f6784e\",\"name\":\"George Martin\",\"url\":\"https:\\\/\\\/regbu.com\\\/nl\\\/author\\\/george-martin\\\/\"}]}<\/script>\n<!-- \/ Yoast SEO plugin. -->","yoast_head_json":{"title":"Kies consequent je formele pak - REGBU.COM","description":"Weet je niet welk formeel pak je moet kiezen? Dan laten we je kennismaken met de basistypen en de belangrijkste verschillen ertussen. Er zijn meer dan genoeg pakken.","robots":{"index":"index","follow":"follow","max-snippet":"max-snippet:-1","max-image-preview":"max-image-preview:large","max-video-preview":"max-video-preview:-1"},"canonical":"https:\/\/regbu.com\/nl\/sociaal-pak-selecteer-nu\/","og_locale":"nl_NL","og_type":"article","og_title":"Spole\u010densk\u00fd oblek vyb\u00edrejte d\u016fsledn\u011b - REGBU.COM","og_description":"Nev\u00edte, jak\u00fd zvolit spole\u010densk\u00fd oblek? Pak V\u00e1m p\u0159edstav\u00edme z\u00e1kladn\u00ed typy a hlavn\u00ed odli\u0161nosti mezi nimi. Oblek\u016f existuje v\u00edce ne\u017e dost.","og_url":"https:\/\/regbu.com\/nl\/sociaal-pak-selecteer-nu\/","og_site_name":"REGBU.COM","article_published_time":"2023-07-10T14:45:46+00:00","article_modified_time":"2025-09-05T05:41:19+00:00","og_image":[{"width":1200,"height":677,"url":"https:\/\/regbu.com\/wp-content\/uploads\/2023\/07\/spolecensky-oblek-vybirejte-dusledne.jpg","type":"image\/jpeg"}],"author":"George Martin","twitter_card":"summary_large_image","twitter_misc":{"Geschreven door":"George Martin","Geschatte leestijd":"2 minuten"},"schema":{"@context":"https:\/\/schema.org","@graph":[{"@type":"Article","@id":"https:\/\/regbu.com\/nl\/sociaal-pak-selecteer-nu\/#article","isPartOf":{"@id":"https:\/\/regbu.com\/nl\/sociaal-pak-selecteer-nu\/"},"author":{"name":"George Martin","@id":"https:\/\/regbu.com\/en\/#\/schema\/person\/94ea9deda2629771b8a9ced002f6784e"},"headline":"Spole\u010densk\u00fd oblek vyb\u00edrejte d\u016fsledn\u011b","datePublished":"2023-07-10T14:45:46+00:00","dateModified":"2025-09-05T05:41:19+00:00","mainEntityOfPage":{"@id":"https:\/\/regbu.com\/nl\/sociaal-pak-selecteer-nu\/"},"wordCount":449,"image":{"@id":"https:\/\/regbu.com\/nl\/sociaal-pak-selecteer-nu\/#primaryimage"},"thumbnailUrl":"https:\/\/regbu.com\/wp-content\/uploads\/2023\/07\/spolecensky-oblek-vybirejte-dusledne.jpg","keywords":["black tie","frak","kalhoty","oblek","obleky","sako","smoking","spole\u010densk\u00fd oblek","vesta","vych\u00e1zkov\u00fd oblek"],"articleSection":["M\u00f3da"],"inLanguage":"nl-NL"},{"@type":"WebPage","@id":"https:\/\/regbu.com\/nl\/sociaal-pak-selecteer-nu\/","url":"https:\/\/regbu.com\/nl\/sociaal-pak-selecteer-nu\/","name":"Kies consequent je formele pak - REGBU.COM","isPartOf":{"@id":"https:\/\/regbu.com\/en\/#website"},"primaryImageOfPage":{"@id":"https:\/\/regbu.com\/nl\/sociaal-pak-selecteer-nu\/#primaryimage"},"image":{"@id":"https:\/\/regbu.com\/nl\/sociaal-pak-selecteer-nu\/#primaryimage"},"thumbnailUrl":"https:\/\/regbu.com\/wp-content\/uploads\/2023\/07\/spolecensky-oblek-vybirejte-dusledne.jpg","datePublished":"2023-07-10T14:45:46+00:00","dateModified":"2025-09-05T05:41:19+00:00","author":{"@id":"https:\/\/regbu.com\/en\/#\/schema\/person\/94ea9deda2629771b8a9ced002f6784e"},"description":"Weet je niet welk formeel pak je moet kiezen? Dan laten we je kennismaken met de basistypen en de belangrijkste verschillen ertussen. Er zijn meer dan genoeg pakken.","breadcrumb":{"@id":"https:\/\/regbu.com\/nl\/sociaal-pak-selecteer-nu\/#breadcrumb"},"inLanguage":"nl-NL","potentialAction":[{"@type":"ReadAction","target":["https:\/\/regbu.com\/nl\/sociaal-pak-selecteer-nu\/"]}]},{"@type":"ImageObject","inLanguage":"nl-NL","@id":"https:\/\/regbu.com\/nl\/sociaal-pak-selecteer-nu\/#primaryimage","url":"https:\/\/regbu.com\/wp-content\/uploads\/2023\/07\/spolecensky-oblek-vybirejte-dusledne.jpg","contentUrl":"https:\/\/regbu.com\/wp-content\/uploads\/2023\/07\/spolecensky-oblek-vybirejte-dusledne.jpg","width":1200,"height":677,"caption":"Spole\u010densk\u00fd oblek vyb\u00edrejte d\u016fsledn\u011b"},{"@type":"BreadcrumbList","@id":"https:\/\/regbu.com\/nl\/sociaal-pak-selecteer-nu\/#breadcrumb","itemListElement":[{"@type":"ListItem","position":1,"name":"Home","item":"https:\/\/regbu.com\/en\/"},{"@type":"ListItem","position":2,"name":"Spole\u010densk\u00fd oblek vyb\u00edrejte d\u016fsledn\u011b"}]},{"@type":"WebSite","@id":"https:\/\/regbu.com\/en\/#website","url":"https:\/\/regbu.com\/en\/","name":"REGBU.COM","description":"","potentialAction":[{"@type":"SearchAction","target":{"@type":"EntryPoint","urlTemplate":"https:\/\/regbu.com\/en\/?s={search_term_string}"},"query-input":{"@type":"PropertyValueSpecification","valueRequired":true,"valueName":"search_term_string"}}],"inLanguage":"nl-NL"},{"@type":"Person","@id":"https:\/\/regbu.com\/en\/#\/schema\/person\/94ea9deda2629771b8a9ced002f6784e","name":"George Martin","url":"https:\/\/regbu.com\/nl\/author\/george-martin\/"}]}},"_links":{"self":[{"href":"https:\/\/regbu.com\/nl\/wp-json\/wp\/v2\/posts\/1002","targetHints":{"allow":["GET"]}}],"collection":[{"href":"https:\/\/regbu.com\/nl\/wp-json\/wp\/v2\/posts"}],"about":[{"href":"https:\/\/regbu.com\/nl\/wp-json\/wp\/v2\/types\/post"}],"author":[{"embeddable":true,"href":"https:\/\/regbu.com\/nl\/wp-json\/wp\/v2\/users\/2"}],"replies":[{"embeddable":true,"href":"https:\/\/regbu.com\/nl\/wp-json\/wp\/v2\/comments?post=1002"}],"version-history":[{"count":2,"href":"https:\/\/regbu.com\/nl\/wp-json\/wp\/v2\/posts\/1002\/revisions"}],"predecessor-version":[{"id":1009,"href":"https:\/\/regbu.com\/nl\/wp-json\/wp\/v2\/posts\/1002\/revisions\/1009"}],"wp:featuredmedia":[{"embeddable":true,"href":"https:\/\/regbu.com\/nl\/wp-json\/wp\/v2\/media\/1003"}],"wp:attachment":[{"href":"https:\/\/regbu.com\/nl\/wp-json\/wp\/v2\/media?parent=1002"}],"wp:term":[{"taxonomy":"category","embeddable":true,"href":"https:\/\/regbu.com\/nl\/wp-json\/wp\/v2\/categories?post=1002"},{"taxonomy":"post_tag","embeddable":true,"href":"https:\/\/regbu.com\/nl\/wp-json\/wp\/v2\/tags?post=1002"}],"curies":[{"name":"wp","href":"https:\/\/api.w.org\/{rel}","templated":true}]}}