{"id":947,"date":"2023-06-21T16:15:32","date_gmt":"2023-06-21T14:15:32","guid":{"rendered":"https:\/\/regbu.com\/?p=947"},"modified":"2025-09-05T07:42:05","modified_gmt":"2025-09-05T05:42:05","slug":"dovolena-v-karavanu-ma-sve-vyhody","status":"publish","type":"post","link":"https:\/\/regbu.com\/lv\/brivdienu-brivdienu-treileri-ir-prieksrocibas\/","title":{"rendered":"Atp\u016btai ar dz\u012bvojam\u0101m piekab\u0113m ir savas priek\u0161roc\u012bbas"},"content":{"rendered":"<p>Atp\u016bta ar dz\u012bvojam\u0101m piekab\u0113m \u013cauj <strong><a href=\"https:\/\/regbu.com\/lv\/celosanai-ar-suni-nepieciesama-drosa-sagatavosanas\/\">ce\u013co\u0161ana ar suni<\/a><\/strong> un sniedz daudz interesantu priek\u0161roc\u012bbu. Iesp\u0113jams, tie\u0161i t\u0101p\u0113c cilv\u0113ki bie\u017ei izv\u0113las \u0161\u012bs mobil\u0101s naktsm\u012btnes. Karav\u0101nu un dz\u012bvojamo vagoni\u0146u p\u0101rdo\u0161ana un noma pieaug, un ar tiem var g\u016bt daudz neparastu piedz\u012bvojumu.<\/p>\n\n\n\n<ul class=\"wp-block-list\">\n<li>Autofurgons tiek vilkts aiz transportl\u012bdzek\u013ca.<\/li>\n\n\n\n<li>Autofurgons ir viegl\u0101s automa\u0161\u012bnas un dz\u012bvojam\u0101s piekabes apvienojums.<\/li>\n<\/ul>\n\n\n\n<p>Protams, ir ar\u012b citas alternat\u012bvas, kas ir l\u012bdz\u012bgas treileriem. Tipisks piem\u0113rs ir dz\u012bvojam\u0101s piekabes. Nedaudz att\u0101l\u0101ks piem\u0113rs ir automa\u0161\u012bnas, kas \u013cauj uz transportl\u012bdzek\u013ca jumta uzcelt telti.<\/p>\n\n\n\n<h2 class=\"wp-block-heading\">K\u0101p\u0113c doties atva\u013cin\u0101jum\u0101 ar treileri?<\/h2>\n\n\n\n<p>Jaut\u0101jums, uz kuru ir \u013coti vienk\u0101r\u0161a atbilde. Pirmk\u0101rt un galvenok\u0101rt runa ir par maksim\u0101lu br\u012bv\u012bbas saj\u016btu. Zin\u0101m\u0101 m\u0113r\u0101 j\u016bs varat gul\u0113t, kur vien v\u0113laties. Taj\u0101 pa\u0161\u0101 laik\u0101 j\u016bs gaida <strong>laba piedz\u012bvojumu deva<\/strong>. Varat \u0101tri main\u012bt galam\u0113r\u0137i un mar\u0161rutu. T\u0101d\u0113j\u0101di netradicion\u0101li mirk\u013ci ir absol\u016bta garantija. Un k\u0101d\u0101s jom\u0101s autofurgoni un kemperi konkur\u0113?<\/p>\n\n\n\n<figure class=\"wp-block-table\"><table><tbody><tr><td><strong>Situ\u0101cija<\/strong><\/td><td><strong>Uzvar\u0113t\u0101js<\/strong><\/td><\/tr><tr><td>Atkar\u012bba no cita a\u0123enta<\/td><td>Autofurgons<\/td><\/tr><tr><td>Lab\u0101kas \u0113rt\u012bbas<\/td><td>Autofurgons<\/td><\/tr><tr><td>Zem\u0101ka cena<\/td><td>Autofurgons<\/td><\/tr><tr><td>Vad\u0101m\u012bba<\/td><td>Autofurgons<\/td><\/tr><\/tbody><\/table><figcaption class=\"wp-element-caption\">Karav\u0101nu un kemperu izmanto\u0161anas sal\u012bdzin\u0101jums.<\/figcaption><\/figure>\n\n\n\n<p>Izv\u0113le starp treileri un kemperi ir piln\u012bgi individu\u0101la. Svar\u012bgi ir tas, ka ar \u0161o ce\u013co\u0161anas veidu jums nav j\u0101paliek vien\u0101 viet\u0101. Nav nepiecie\u0161ams iepriek\u0161 rezerv\u0113t viesn\u012bcu vai ko taml\u012bdz\u012bgu. Tur, kur j\u016bs non\u0101ksiet, tur ar\u012b nak\u0161\u0146osiet.<\/p>\n\n\n\n<h3 class=\"wp-block-heading\">Atp\u016bta ar dz\u012bvojam\u0101m piekab\u0113m un t\u0101s priek\u0161roc\u012bbas<\/h3>\n\n\n\n<p>Ja j\u016bs vilina br\u012bvdienas ar dz\u012bvojam\u0101m treileru piekab\u0113m, m\u0113s, protams, sniegsim jums papildu devu \u0161\u012b ce\u013co\u0161anas veida priek\u0161roc\u012bbu. Piem\u0113ram, jums nav j\u0101uztraucas par vienas vai divu somu \u0146em\u0161anu l\u012bdzi. Vai <strong>autofurgoni un dz\u012bvojam\u0101s piekabes<\/strong> notiek daudz lietu. \u0160\u0101das br\u012bvdienas ir ide\u0101li piem\u0113rotas ne tikai p\u0101riem, draugiem, bet b\u016bt\u012bb\u0101 visai \u0123imenei. Daudz\u0101s pasaules valst\u012bs var nomet\u0146ot savva\u013c\u0101, tas ir, kur vien apst\u0101sies.<\/p>\n\n\n\n<p>Protams, br\u012bvdienas ar dz\u012bvojam\u0101m piekab\u0113m nenoz\u012bm\u0113, ka jums t\u0101s ir j\u0101p\u0113rk uzreiz. J\u016bs varat ar\u012b nom\u0101t, <em>kas bie\u017ei vien ir l\u0113t\u0101k.<\/em>nek\u0101 tad, ja j\u016bs un visa j\u016bsu \u0123imene uz noteiktu laiku dotos uz konkr\u0113tu viesn\u012bcu. Ce\u013co\u0161anas ar kemperi priek\u0161roc\u012bbas vienk\u0101r\u0161i ir noteico\u0161\u0101s.<\/p>","protected":false},"excerpt":{"rendered":"<p>Atp\u016bta ar dz\u012bvojam\u0101m piekab\u0113m \u013cauj ce\u013cot kop\u0101 ar suni un pied\u0101v\u0101 daudz interesantu priek\u0161roc\u012bbu. Iesp\u0113jams, tie\u0161i t\u0101p\u0113c cilv\u0113ki bie\u017ei izv\u0113las \u0161\u012bs mobil\u0101s izmitin\u0101\u0161anas vietas. Karav\u0101nu un kemperu p\u0101rdo\u0161ana un noma pieaug, un ar tiem var g\u016bt daudz neparastu piedz\u012bvojumu. Protams, ir ar\u012b citas, karav\u0101niem l\u012bdz\u012bgas alternat\u012bvas. Tipisks piem\u0113rs ir kemperi. Nedaudz att\u0101l\u0101ks piem\u0113rs ... <\/p>","protected":false},"author":2,"featured_media":949,"comment_status":"closed","ping_status":"closed","sticky":false,"template":"","format":"standard","meta":{"footnotes":""},"categories":[8],"tags":[548,637,922,923,925,924,926,653,927,157],"class_list":["post-947","post","type-post","status-publish","format-standard","has-post-thumbnail","hentry","category-cestovani","tag-cena","tag-cestovani","tag-dovolena-v-karavanu","tag-karavan","tag-karavany","tag-obytny-vuz","tag-pronajem","tag-vozidlo","tag-vybavenost","tag-vyhody"],"yoast_head":"<!-- This site is optimized with the Yoast SEO plugin v27.5 - https:\/\/yoast.com\/product\/yoast-seo-wordpress\/ -->\n<title>Dovolen\u00e1 v\u00a0karavanu m\u00e1 sv\u00e9 v\u00fdhody - REGBU.COM<\/title>\n<meta name=\"description\" content=\"Dovolen\u00e1 v karavanu otev\u00edr\u00e1 zcela nov\u00e9 mo\u017enosti cestov\u00e1n\u00ed. U\u017e\u00edvejte si cestu v trochu jin\u00e9m pod\u00e1n\u00ed, kdy V\u00e1m nebude nic chyb\u011bt.\" \/>\n<meta name=\"robots\" content=\"index, follow, max-snippet:-1, max-image-preview:large, max-video-preview:-1\" \/>\n<link rel=\"canonical\" href=\"https:\/\/regbu.com\/lv\/brivdienu-brivdienu-treileri-ir-prieksrocibas\/\" \/>\n<meta property=\"og:locale\" content=\"lv_LV\" \/>\n<meta property=\"og:type\" content=\"article\" \/>\n<meta property=\"og:title\" content=\"Dovolen\u00e1 v\u00a0karavanu m\u00e1 sv\u00e9 v\u00fdhody - REGBU.COM\" \/>\n<meta property=\"og:description\" content=\"Dovolen\u00e1 v karavanu otev\u00edr\u00e1 zcela nov\u00e9 mo\u017enosti cestov\u00e1n\u00ed. U\u017e\u00edvejte si cestu v trochu jin\u00e9m pod\u00e1n\u00ed, kdy V\u00e1m nebude nic chyb\u011bt.\" \/>\n<meta property=\"og:url\" content=\"https:\/\/regbu.com\/lv\/brivdienu-brivdienu-treileri-ir-prieksrocibas\/\" \/>\n<meta property=\"og:site_name\" content=\"REGBU.COM\" \/>\n<meta property=\"article:published_time\" content=\"2023-06-21T14:15:32+00:00\" \/>\n<meta property=\"article:modified_time\" content=\"2025-09-05T05:42:05+00:00\" \/>\n<meta property=\"og:image\" content=\"https:\/\/regbu.com\/wp-content\/uploads\/2023\/06\/dovolena-v-karavanu-ma-sve-vyhody.jpg\" \/>\n\t<meta property=\"og:image:width\" content=\"1200\" \/>\n\t<meta property=\"og:image:height\" content=\"675\" \/>\n\t<meta property=\"og:image:type\" content=\"image\/jpeg\" \/>\n<meta name=\"author\" content=\"George Martin\" \/>\n<meta name=\"twitter:card\" content=\"summary_large_image\" \/>\n<meta name=\"twitter:label1\" content=\"Written by\" \/>\n\t<meta name=\"twitter:data1\" content=\"George Martin\" \/>\n\t<meta name=\"twitter:label2\" content=\"Est. reading time\" \/>\n\t<meta name=\"twitter:data2\" content=\"2 min\u016btes\" \/>\n<script type=\"application\/ld+json\" class=\"yoast-schema-graph\">{\"@context\":\"https:\\\/\\\/schema.org\",\"@graph\":[{\"@type\":\"Article\",\"@id\":\"https:\\\/\\\/regbu.com\\\/lv\\\/brivdienu-brivdienu-treileri-ir-prieksrocibas\\\/#article\",\"isPartOf\":{\"@id\":\"https:\\\/\\\/regbu.com\\\/lv\\\/brivdienu-brivdienu-treileri-ir-prieksrocibas\\\/\"},\"author\":{\"name\":\"George Martin\",\"@id\":\"https:\\\/\\\/regbu.com\\\/en\\\/#\\\/schema\\\/person\\\/94ea9deda2629771b8a9ced002f6784e\"},\"headline\":\"Dovolen\u00e1 v\u00a0karavanu m\u00e1 sv\u00e9 v\u00fdhody\",\"datePublished\":\"2023-06-21T14:15:32+00:00\",\"dateModified\":\"2025-09-05T05:42:05+00:00\",\"mainEntityOfPage\":{\"@id\":\"https:\\\/\\\/regbu.com\\\/lv\\\/brivdienu-brivdienu-treileri-ir-prieksrocibas\\\/\"},\"wordCount\":459,\"image\":{\"@id\":\"https:\\\/\\\/regbu.com\\\/lv\\\/brivdienu-brivdienu-treileri-ir-prieksrocibas\\\/#primaryimage\"},\"thumbnailUrl\":\"https:\\\/\\\/regbu.com\\\/wp-content\\\/uploads\\\/2023\\\/06\\\/dovolena-v-karavanu-ma-sve-vyhody.jpg\",\"keywords\":[\"cena\",\"cestov\u00e1n\u00ed\",\"dovolen\u00e1 v karavanu\",\"karavan\",\"karavany\",\"obytn\u00fd v\u016fz\",\"pron\u00e1jem\",\"vozidlo\",\"vybavenost\",\"v\u00fdhody\"],\"articleSection\":[\"Cestov\u00e1n\u00ed\"],\"inLanguage\":\"lv-LV\"},{\"@type\":\"WebPage\",\"@id\":\"https:\\\/\\\/regbu.com\\\/lv\\\/brivdienu-brivdienu-treileri-ir-prieksrocibas\\\/\",\"url\":\"https:\\\/\\\/regbu.com\\\/lv\\\/brivdienu-brivdienu-treileri-ir-prieksrocibas\\\/\",\"name\":\"Dovolen\u00e1 v\u00a0karavanu m\u00e1 sv\u00e9 v\u00fdhody - REGBU.COM\",\"isPartOf\":{\"@id\":\"https:\\\/\\\/regbu.com\\\/en\\\/#website\"},\"primaryImageOfPage\":{\"@id\":\"https:\\\/\\\/regbu.com\\\/lv\\\/brivdienu-brivdienu-treileri-ir-prieksrocibas\\\/#primaryimage\"},\"image\":{\"@id\":\"https:\\\/\\\/regbu.com\\\/lv\\\/brivdienu-brivdienu-treileri-ir-prieksrocibas\\\/#primaryimage\"},\"thumbnailUrl\":\"https:\\\/\\\/regbu.com\\\/wp-content\\\/uploads\\\/2023\\\/06\\\/dovolena-v-karavanu-ma-sve-vyhody.jpg\",\"datePublished\":\"2023-06-21T14:15:32+00:00\",\"dateModified\":\"2025-09-05T05:42:05+00:00\",\"author\":{\"@id\":\"https:\\\/\\\/regbu.com\\\/en\\\/#\\\/schema\\\/person\\\/94ea9deda2629771b8a9ced002f6784e\"},\"description\":\"Dovolen\u00e1 v karavanu otev\u00edr\u00e1 zcela nov\u00e9 mo\u017enosti cestov\u00e1n\u00ed. U\u017e\u00edvejte si cestu v trochu jin\u00e9m pod\u00e1n\u00ed, kdy V\u00e1m nebude nic chyb\u011bt.\",\"breadcrumb\":{\"@id\":\"https:\\\/\\\/regbu.com\\\/lv\\\/brivdienu-brivdienu-treileri-ir-prieksrocibas\\\/#breadcrumb\"},\"inLanguage\":\"lv-LV\",\"potentialAction\":[{\"@type\":\"ReadAction\",\"target\":[\"https:\\\/\\\/regbu.com\\\/lv\\\/brivdienu-brivdienu-treileri-ir-prieksrocibas\\\/\"]}]},{\"@type\":\"ImageObject\",\"inLanguage\":\"lv-LV\",\"@id\":\"https:\\\/\\\/regbu.com\\\/lv\\\/brivdienu-brivdienu-treileri-ir-prieksrocibas\\\/#primaryimage\",\"url\":\"https:\\\/\\\/regbu.com\\\/wp-content\\\/uploads\\\/2023\\\/06\\\/dovolena-v-karavanu-ma-sve-vyhody.jpg\",\"contentUrl\":\"https:\\\/\\\/regbu.com\\\/wp-content\\\/uploads\\\/2023\\\/06\\\/dovolena-v-karavanu-ma-sve-vyhody.jpg\",\"width\":1200,\"height\":675,\"caption\":\"Dovolen\u00e1 v karavanu m\u00e1 sv\u00e9 v\u00fdhody\"},{\"@type\":\"BreadcrumbList\",\"@id\":\"https:\\\/\\\/regbu.com\\\/lv\\\/brivdienu-brivdienu-treileri-ir-prieksrocibas\\\/#breadcrumb\",\"itemListElement\":[{\"@type\":\"ListItem\",\"position\":1,\"name\":\"Home\",\"item\":\"https:\\\/\\\/regbu.com\\\/en\\\/\"},{\"@type\":\"ListItem\",\"position\":2,\"name\":\"Dovolen\u00e1 v\u00a0karavanu m\u00e1 sv\u00e9 v\u00fdhody\"}]},{\"@type\":\"WebSite\",\"@id\":\"https:\\\/\\\/regbu.com\\\/en\\\/#website\",\"url\":\"https:\\\/\\\/regbu.com\\\/en\\\/\",\"name\":\"REGBU.COM\",\"description\":\"\",\"potentialAction\":[{\"@type\":\"SearchAction\",\"target\":{\"@type\":\"EntryPoint\",\"urlTemplate\":\"https:\\\/\\\/regbu.com\\\/en\\\/?s={search_term_string}\"},\"query-input\":{\"@type\":\"PropertyValueSpecification\",\"valueRequired\":true,\"valueName\":\"search_term_string\"}}],\"inLanguage\":\"lv-LV\"},{\"@type\":\"Person\",\"@id\":\"https:\\\/\\\/regbu.com\\\/en\\\/#\\\/schema\\\/person\\\/94ea9deda2629771b8a9ced002f6784e\",\"name\":\"George Martin\",\"url\":\"https:\\\/\\\/regbu.com\\\/lv\\\/author\\\/george-martin\\\/\"}]}<\/script>\n<!-- \/ Yoast SEO plugin. -->","yoast_head_json":{"title":"Atp\u016btai ar dz\u012bvojam\u0101m piekab\u0113m ir savas priek\u0161roc\u012bbas - REGBU.COM","description":"Atp\u016bta ar dz\u012bvojam\u0101m piekab\u0113m paver pavisam jaunas ce\u013co\u0161anas iesp\u0113jas. Izbaudiet savu ce\u013cojumu cit\u0101d\u0101k, kad jums nekas netr\u016bks.","robots":{"index":"index","follow":"follow","max-snippet":"max-snippet:-1","max-image-preview":"max-image-preview:large","max-video-preview":"max-video-preview:-1"},"canonical":"https:\/\/regbu.com\/lv\/brivdienu-brivdienu-treileri-ir-prieksrocibas\/","og_locale":"lv_LV","og_type":"article","og_title":"Dovolen\u00e1 v\u00a0karavanu m\u00e1 sv\u00e9 v\u00fdhody - REGBU.COM","og_description":"Dovolen\u00e1 v karavanu otev\u00edr\u00e1 zcela nov\u00e9 mo\u017enosti cestov\u00e1n\u00ed. U\u017e\u00edvejte si cestu v trochu jin\u00e9m pod\u00e1n\u00ed, kdy V\u00e1m nebude nic chyb\u011bt.","og_url":"https:\/\/regbu.com\/lv\/brivdienu-brivdienu-treileri-ir-prieksrocibas\/","og_site_name":"REGBU.COM","article_published_time":"2023-06-21T14:15:32+00:00","article_modified_time":"2025-09-05T05:42:05+00:00","og_image":[{"width":1200,"height":675,"url":"https:\/\/regbu.com\/wp-content\/uploads\/2023\/06\/dovolena-v-karavanu-ma-sve-vyhody.jpg","type":"image\/jpeg"}],"author":"George Martin","twitter_card":"summary_large_image","twitter_misc":{"Written by":"George Martin","Est. reading time":"2 min\u016btes"},"schema":{"@context":"https:\/\/schema.org","@graph":[{"@type":"Article","@id":"https:\/\/regbu.com\/lv\/brivdienu-brivdienu-treileri-ir-prieksrocibas\/#article","isPartOf":{"@id":"https:\/\/regbu.com\/lv\/brivdienu-brivdienu-treileri-ir-prieksrocibas\/"},"author":{"name":"George Martin","@id":"https:\/\/regbu.com\/en\/#\/schema\/person\/94ea9deda2629771b8a9ced002f6784e"},"headline":"Dovolen\u00e1 v\u00a0karavanu m\u00e1 sv\u00e9 v\u00fdhody","datePublished":"2023-06-21T14:15:32+00:00","dateModified":"2025-09-05T05:42:05+00:00","mainEntityOfPage":{"@id":"https:\/\/regbu.com\/lv\/brivdienu-brivdienu-treileri-ir-prieksrocibas\/"},"wordCount":459,"image":{"@id":"https:\/\/regbu.com\/lv\/brivdienu-brivdienu-treileri-ir-prieksrocibas\/#primaryimage"},"thumbnailUrl":"https:\/\/regbu.com\/wp-content\/uploads\/2023\/06\/dovolena-v-karavanu-ma-sve-vyhody.jpg","keywords":["cena","cestov\u00e1n\u00ed","dovolen\u00e1 v karavanu","karavan","karavany","obytn\u00fd v\u016fz","pron\u00e1jem","vozidlo","vybavenost","v\u00fdhody"],"articleSection":["Cestov\u00e1n\u00ed"],"inLanguage":"lv-LV"},{"@type":"WebPage","@id":"https:\/\/regbu.com\/lv\/brivdienu-brivdienu-treileri-ir-prieksrocibas\/","url":"https:\/\/regbu.com\/lv\/brivdienu-brivdienu-treileri-ir-prieksrocibas\/","name":"Atp\u016btai ar dz\u012bvojam\u0101m piekab\u0113m ir savas priek\u0161roc\u012bbas - REGBU.COM","isPartOf":{"@id":"https:\/\/regbu.com\/en\/#website"},"primaryImageOfPage":{"@id":"https:\/\/regbu.com\/lv\/brivdienu-brivdienu-treileri-ir-prieksrocibas\/#primaryimage"},"image":{"@id":"https:\/\/regbu.com\/lv\/brivdienu-brivdienu-treileri-ir-prieksrocibas\/#primaryimage"},"thumbnailUrl":"https:\/\/regbu.com\/wp-content\/uploads\/2023\/06\/dovolena-v-karavanu-ma-sve-vyhody.jpg","datePublished":"2023-06-21T14:15:32+00:00","dateModified":"2025-09-05T05:42:05+00:00","author":{"@id":"https:\/\/regbu.com\/en\/#\/schema\/person\/94ea9deda2629771b8a9ced002f6784e"},"description":"Atp\u016bta ar dz\u012bvojam\u0101m piekab\u0113m paver pavisam jaunas ce\u013co\u0161anas iesp\u0113jas. Izbaudiet savu ce\u013cojumu cit\u0101d\u0101k, kad jums nekas netr\u016bks.","breadcrumb":{"@id":"https:\/\/regbu.com\/lv\/brivdienu-brivdienu-treileri-ir-prieksrocibas\/#breadcrumb"},"inLanguage":"lv-LV","potentialAction":[{"@type":"ReadAction","target":["https:\/\/regbu.com\/lv\/brivdienu-brivdienu-treileri-ir-prieksrocibas\/"]}]},{"@type":"ImageObject","inLanguage":"lv-LV","@id":"https:\/\/regbu.com\/lv\/brivdienu-brivdienu-treileri-ir-prieksrocibas\/#primaryimage","url":"https:\/\/regbu.com\/wp-content\/uploads\/2023\/06\/dovolena-v-karavanu-ma-sve-vyhody.jpg","contentUrl":"https:\/\/regbu.com\/wp-content\/uploads\/2023\/06\/dovolena-v-karavanu-ma-sve-vyhody.jpg","width":1200,"height":675,"caption":"Dovolen\u00e1 v karavanu m\u00e1 sv\u00e9 v\u00fdhody"},{"@type":"BreadcrumbList","@id":"https:\/\/regbu.com\/lv\/brivdienu-brivdienu-treileri-ir-prieksrocibas\/#breadcrumb","itemListElement":[{"@type":"ListItem","position":1,"name":"Home","item":"https:\/\/regbu.com\/en\/"},{"@type":"ListItem","position":2,"name":"Dovolen\u00e1 v\u00a0karavanu m\u00e1 sv\u00e9 v\u00fdhody"}]},{"@type":"WebSite","@id":"https:\/\/regbu.com\/en\/#website","url":"https:\/\/regbu.com\/en\/","name":"REGBU.COM","description":"","potentialAction":[{"@type":"SearchAction","target":{"@type":"EntryPoint","urlTemplate":"https:\/\/regbu.com\/en\/?s={search_term_string}"},"query-input":{"@type":"PropertyValueSpecification","valueRequired":true,"valueName":"search_term_string"}}],"inLanguage":"lv-LV"},{"@type":"Person","@id":"https:\/\/regbu.com\/en\/#\/schema\/person\/94ea9deda2629771b8a9ced002f6784e","name":"D\u017eord\u017es M\u0101rtins","url":"https:\/\/regbu.com\/lv\/author\/george-martin\/"}]}},"_links":{"self":[{"href":"https:\/\/regbu.com\/lv\/wp-json\/wp\/v2\/posts\/947","targetHints":{"allow":["GET"]}}],"collection":[{"href":"https:\/\/regbu.com\/lv\/wp-json\/wp\/v2\/posts"}],"about":[{"href":"https:\/\/regbu.com\/lv\/wp-json\/wp\/v2\/types\/post"}],"author":[{"embeddable":true,"href":"https:\/\/regbu.com\/lv\/wp-json\/wp\/v2\/users\/2"}],"replies":[{"embeddable":true,"href":"https:\/\/regbu.com\/lv\/wp-json\/wp\/v2\/comments?post=947"}],"version-history":[{"count":2,"href":"https:\/\/regbu.com\/lv\/wp-json\/wp\/v2\/posts\/947\/revisions"}],"predecessor-version":[{"id":961,"href":"https:\/\/regbu.com\/lv\/wp-json\/wp\/v2\/posts\/947\/revisions\/961"}],"wp:featuredmedia":[{"embeddable":true,"href":"https:\/\/regbu.com\/lv\/wp-json\/wp\/v2\/media\/949"}],"wp:attachment":[{"href":"https:\/\/regbu.com\/lv\/wp-json\/wp\/v2\/media?parent=947"}],"wp:term":[{"taxonomy":"category","embeddable":true,"href":"https:\/\/regbu.com\/lv\/wp-json\/wp\/v2\/categories?post=947"},{"taxonomy":"post_tag","embeddable":true,"href":"https:\/\/regbu.com\/lv\/wp-json\/wp\/v2\/tags?post=947"}],"curies":[{"name":"wp","href":"https:\/\/api.w.org\/{rel}","templated":true}]}}