{"id":941,"date":"2023-06-21T16:06:16","date_gmt":"2023-06-21T14:06:16","guid":{"rendered":"https:\/\/regbu.com\/?p=941"},"modified":"2025-09-05T07:42:09","modified_gmt":"2025-09-05T05:42:09","slug":"dovolena-na-kole-na-co-nezapomenout","status":"publish","type":"post","link":"https:\/\/regbu.com\/lv\/brivdienas-skola-ko-ne-aizmirst\/","title":{"rendered":"Velo br\u012bvdienas - ko atcer\u0113ties?"},"content":{"rendered":"<p>Velo br\u012bvdienas ir tikpat piedz\u012bvojumiem bag\u0101tas un jautras k\u0101 laivo\u0161anas br\u012bvdienas. Vien\u012bg\u0101 at\u0161\u0137ir\u012bba ir t\u0101, ka \u0161aj\u0101 gad\u012bjum\u0101 j\u016bs neinteres\u0113 <strong><a href=\"https:\/\/regbu.com\/lv\/orientejosas-iekartas-no-un-uz-un-uz\/\">laivo\u0161anas apr\u012bkojums<\/a><\/strong>bet jums b\u016bs j\u0101mekl\u0113 velosip\u0113dam piem\u0113rots apr\u012bkojums. Tas, protams, ir atkar\u012bgs no daudziem da\u017e\u0101diem faktoriem.<\/p>\n\n\n\n<ul class=\"wp-block-list\">\n<li>Ar kuru velosip\u0113du brauksiet?<\/li>\n\n\n\n<li>K\u0101d\u0101s viet\u0101s j\u016bs mak\u0161\u0137er\u0113jat?<\/li>\n\n\n\n<li>Cik ilgi gatavojaties?<\/li>\n<\/ul>\n\n\n\n<p>Balstoties uz \u0161\u012bm trim atbild\u0113m, varat s\u0101kt veidot svar\u012bg\u0101ko lietu sarakstu. Ar pareizo un pilnv\u0113rt\u012bgo apr\u012bkojumu velobrauciens var b\u016bt burtiski neaizmirstams.<\/p>\n\n\n\n<h2 class=\"wp-block-heading\">S\u0101ciet no pa\u0161iem pamatiem<\/h2>\n\n\n\n<p>Ce\u013cojot ar velosip\u0113du, jums b\u016bs nepiecie\u0161amas divas priek\u0161metu grupas. Pirm\u0101 ir ar pa\u0161u velosip\u0113du saist\u012btais apr\u012bkojums. Otr\u0101 ir <strong>ap\u0123\u0113rbs un ar to saist\u012btie piederumi<\/strong>. Jums noteikti nepiecie\u0161ama l\u012bm\u0113\u0161ana un rezerves caurules ritenim. Noteikti nekur nebrauciet bez \u0161iem pamatiem. Bet l\u012bdz\u012bgu lietu ir vair\u0101k nek\u0101 pietiekami.<\/p>\n\n\n\n<figure class=\"wp-block-table\"><table><tbody><tr><td><strong>Temats<\/strong><\/td><td><strong>Inform\u0101cija<\/strong><\/td><\/tr><tr><td>S\u016bknis<\/td><td>Ce\u013cojuma versija<\/td><\/tr><tr><td>Sm\u0113rviela<\/td><td>Pamati<\/td><\/tr><tr><td>Pils<\/td><td>\u0136\u0113de vai virve<\/td><\/tr><tr><td>Apgaismojums<\/td><td>Uz priek\u0161u un atpaka\u013c<\/td><\/tr><\/tbody><\/table><figcaption class=\"wp-element-caption\">Nepiecie\u0161amais apr\u012bkojums, kas j\u0101atceras, braucot br\u012bvdien\u0101s ar velosip\u0113du.<\/figcaption><\/figure>\n\n\n\n<p>Ja dodaties velobraucien\u0101, p\u0101rliecinieties, ka neesat aizmirsis nepiecie\u0161amos instrumentus remontam. Parasti varat iztikt ar pamatkomplektu, ko var ieg\u0101d\u0101ties jebkur\u0101 velosip\u0113du veikal\u0101. Visbeidzot, ieteicams ieg\u0101d\u0101ties dzeram\u0101 dz\u0113riena pudeli.<\/p>\n\n\n\n<h3 class=\"wp-block-heading\">Velo br\u012bvdienas - Kas j\u0101\u0146em l\u012bdzi?<\/h3>\n\n\n\n<p>Ja braucat ar velosip\u0113du ilgu laiku un jums ir j\u0101veic vair\u0101ki desmiti kilometru, jums ir j\u0101sapako viss nepiecie\u0161amais. Lai to izdar\u012btu. <em>jums b\u016bs nepiecie\u0161ams pietiekami liels maiss.<\/em>. Tos var uzst\u0101d\u012bt ne tikai aizmugur\u0113j\u0101, bet ar\u012b priek\u0161\u0113j\u0101 bag\u0101\u017eniek\u0101. Iz\u0146\u0113mums ir r\u0101mja vai st\u016bres somas, kur\u0101s var glab\u0101t mobilo t\u0101lruni ar navig\u0101ciju vai pap\u012bra karti.<\/p>\n\n\n\n<p>Ilg\u0101k\u0101m velo br\u012bvdien\u0101m, protams, ir nepiecie\u0161amas noteiktas lietas. Ja nepl\u0101nojat nak\u0161\u0146ot viesu namos, iepakojiet nelielu velosip\u0113du. <strong>telts, gu\u013cammaiss un matracis<\/strong>. Funkcion\u0101la apak\u0161ve\u013ca, tostarp rezerves, ir v\u0113l viena oblig\u0101ta pras\u012bba. Neaizmirstiet lietusm\u0113teli, pamata tualetes piederumus un ener\u0123ijas avotus. Iesp\u0113jams, ener\u0123ijas bankas veid\u0101. Noder\u0113s ar\u012b saules aizsargkr\u0113ms vai kr\u0113ms pret auti\u0146biks\u012b\u0161u izsitumiem un s\u0101po\u0161\u0101m k\u0101j\u0101m.<\/p>","protected":false},"excerpt":{"rendered":"<p>Velo br\u012bvdienas ir tikpat piedz\u012bvojumiem bag\u0101tas un jautras k\u0101 laivo\u0161anas br\u012bvdienas. Vien\u012bg\u0101 at\u0161\u0137ir\u012bba ir t\u0101, ka \u0161aj\u0101 gad\u012bjum\u0101 j\u016bs neinteres\u0113s air\u0113\u0161anas apr\u012bkojums, bet gan pareiz\u0101 apr\u012bkojuma piemekl\u0113\u0161ana j\u016bsu velosip\u0113dam. Tas, protams, ir atkar\u012bgs no daudziem da\u017e\u0101diem faktoriem. Balstoties uz \u0161\u012bm trim atbild\u0113m, varat s\u0101kt veidot sarakstu ar nepiecie\u0161amo ... <\/p>","protected":false},"author":2,"featured_media":942,"comment_status":"closed","ping_status":"closed","sticky":false,"template":"","format":"standard","meta":{"footnotes":""},"categories":[8],"tags":[823,912,900,907,909,913,831,911,910,824,908,770],"class_list":["post-941","post","type-post","status-publish","format-standard","has-post-thumbnail","hentry","category-cestovani","tag-boty","tag-brasny","tag-dovolena","tag-dovolena-na-kole","tag-duse","tag-helma","tag-kolo","tag-lahev","tag-lepeni","tag-obleceni","tag-pumpicka","tag-vybaveni"],"yoast_head":"<!-- This site is optimized with the Yoast SEO plugin v27.4 - https:\/\/yoast.com\/product\/yoast-seo-wordpress\/ -->\n<title>Dovolen\u00e1 na kole \u2013 Na co nezapomenout? - REGBU.COM<\/title>\n<meta name=\"description\" content=\"V\u00edte, co v\u0161echno obn\u00e1\u0161\u00ed dovolen\u00e1 na kole z pohledu nezbytn\u00e9ho vybaven\u00ed? Prozrad\u00edme V\u00e1m, co si vz\u00edt s sebou.\" \/>\n<meta name=\"robots\" content=\"index, follow, max-snippet:-1, max-image-preview:large, max-video-preview:-1\" \/>\n<link rel=\"canonical\" href=\"https:\/\/regbu.com\/lv\/brivdienas-skola-ko-ne-aizmirst\/\" \/>\n<meta property=\"og:locale\" content=\"lv_LV\" \/>\n<meta property=\"og:type\" content=\"article\" \/>\n<meta property=\"og:title\" content=\"Dovolen\u00e1 na kole \u2013 Na co nezapomenout? - REGBU.COM\" \/>\n<meta property=\"og:description\" content=\"V\u00edte, co v\u0161echno obn\u00e1\u0161\u00ed dovolen\u00e1 na kole z pohledu nezbytn\u00e9ho vybaven\u00ed? Prozrad\u00edme V\u00e1m, co si vz\u00edt s sebou.\" \/>\n<meta property=\"og:url\" content=\"https:\/\/regbu.com\/lv\/brivdienas-skola-ko-ne-aizmirst\/\" \/>\n<meta property=\"og:site_name\" content=\"REGBU.COM\" \/>\n<meta property=\"article:published_time\" content=\"2023-06-21T14:06:16+00:00\" \/>\n<meta property=\"article:modified_time\" content=\"2025-09-05T05:42:09+00:00\" \/>\n<meta property=\"og:image\" content=\"https:\/\/regbu.com\/wp-content\/uploads\/2023\/06\/dovolena-na-kole-na-co-nezapomenout.jpg\" \/>\n\t<meta property=\"og:image:width\" content=\"1200\" \/>\n\t<meta property=\"og:image:height\" content=\"675\" \/>\n\t<meta property=\"og:image:type\" content=\"image\/jpeg\" \/>\n<meta name=\"author\" content=\"George Martin\" \/>\n<meta name=\"twitter:card\" content=\"summary_large_image\" \/>\n<meta name=\"twitter:label1\" content=\"Written by\" \/>\n\t<meta name=\"twitter:data1\" content=\"George Martin\" \/>\n\t<meta name=\"twitter:label2\" content=\"Est. reading time\" \/>\n\t<meta name=\"twitter:data2\" content=\"2 min\u016btes\" \/>\n<script type=\"application\/ld+json\" class=\"yoast-schema-graph\">{\"@context\":\"https:\\\/\\\/schema.org\",\"@graph\":[{\"@type\":\"Article\",\"@id\":\"https:\\\/\\\/regbu.com\\\/lv\\\/brivdienas-skola-ko-ne-aizmirst\\\/#article\",\"isPartOf\":{\"@id\":\"https:\\\/\\\/regbu.com\\\/lv\\\/brivdienas-skola-ko-ne-aizmirst\\\/\"},\"author\":{\"name\":\"George Martin\",\"@id\":\"https:\\\/\\\/regbu.com\\\/en\\\/#\\\/schema\\\/person\\\/94ea9deda2629771b8a9ced002f6784e\"},\"headline\":\"Dovolen\u00e1 na kole \u2013 Na co nezapomenout?\",\"datePublished\":\"2023-06-21T14:06:16+00:00\",\"dateModified\":\"2025-09-05T05:42:09+00:00\",\"mainEntityOfPage\":{\"@id\":\"https:\\\/\\\/regbu.com\\\/lv\\\/brivdienas-skola-ko-ne-aizmirst\\\/\"},\"wordCount\":456,\"image\":{\"@id\":\"https:\\\/\\\/regbu.com\\\/lv\\\/brivdienas-skola-ko-ne-aizmirst\\\/#primaryimage\"},\"thumbnailUrl\":\"https:\\\/\\\/regbu.com\\\/wp-content\\\/uploads\\\/2023\\\/06\\\/dovolena-na-kole-na-co-nezapomenout.jpg\",\"keywords\":[\"boty\",\"bra\u0161ny\",\"dovolen\u00e1\",\"dovolen\u00e1 na kole\",\"du\u0161e\",\"helma\",\"kolo\",\"l\u00e1hev\",\"lepen\u00ed\",\"oble\u010den\u00ed\",\"pumpi\u010dka\",\"vybaven\u00ed\"],\"articleSection\":[\"Cestov\u00e1n\u00ed\"],\"inLanguage\":\"lv-LV\"},{\"@type\":\"WebPage\",\"@id\":\"https:\\\/\\\/regbu.com\\\/lv\\\/brivdienas-skola-ko-ne-aizmirst\\\/\",\"url\":\"https:\\\/\\\/regbu.com\\\/lv\\\/brivdienas-skola-ko-ne-aizmirst\\\/\",\"name\":\"Dovolen\u00e1 na kole \u2013 Na co nezapomenout? - REGBU.COM\",\"isPartOf\":{\"@id\":\"https:\\\/\\\/regbu.com\\\/en\\\/#website\"},\"primaryImageOfPage\":{\"@id\":\"https:\\\/\\\/regbu.com\\\/lv\\\/brivdienas-skola-ko-ne-aizmirst\\\/#primaryimage\"},\"image\":{\"@id\":\"https:\\\/\\\/regbu.com\\\/lv\\\/brivdienas-skola-ko-ne-aizmirst\\\/#primaryimage\"},\"thumbnailUrl\":\"https:\\\/\\\/regbu.com\\\/wp-content\\\/uploads\\\/2023\\\/06\\\/dovolena-na-kole-na-co-nezapomenout.jpg\",\"datePublished\":\"2023-06-21T14:06:16+00:00\",\"dateModified\":\"2025-09-05T05:42:09+00:00\",\"author\":{\"@id\":\"https:\\\/\\\/regbu.com\\\/en\\\/#\\\/schema\\\/person\\\/94ea9deda2629771b8a9ced002f6784e\"},\"description\":\"V\u00edte, co v\u0161echno obn\u00e1\u0161\u00ed dovolen\u00e1 na kole z pohledu nezbytn\u00e9ho vybaven\u00ed? Prozrad\u00edme V\u00e1m, co si vz\u00edt s sebou.\",\"breadcrumb\":{\"@id\":\"https:\\\/\\\/regbu.com\\\/lv\\\/brivdienas-skola-ko-ne-aizmirst\\\/#breadcrumb\"},\"inLanguage\":\"lv-LV\",\"potentialAction\":[{\"@type\":\"ReadAction\",\"target\":[\"https:\\\/\\\/regbu.com\\\/lv\\\/brivdienas-skola-ko-ne-aizmirst\\\/\"]}]},{\"@type\":\"ImageObject\",\"inLanguage\":\"lv-LV\",\"@id\":\"https:\\\/\\\/regbu.com\\\/lv\\\/brivdienas-skola-ko-ne-aizmirst\\\/#primaryimage\",\"url\":\"https:\\\/\\\/regbu.com\\\/wp-content\\\/uploads\\\/2023\\\/06\\\/dovolena-na-kole-na-co-nezapomenout.jpg\",\"contentUrl\":\"https:\\\/\\\/regbu.com\\\/wp-content\\\/uploads\\\/2023\\\/06\\\/dovolena-na-kole-na-co-nezapomenout.jpg\",\"width\":1200,\"height\":675,\"caption\":\"Dovolen\u00e1 na kole \u2013 Na co nezapomenout?\"},{\"@type\":\"BreadcrumbList\",\"@id\":\"https:\\\/\\\/regbu.com\\\/lv\\\/brivdienas-skola-ko-ne-aizmirst\\\/#breadcrumb\",\"itemListElement\":[{\"@type\":\"ListItem\",\"position\":1,\"name\":\"Home\",\"item\":\"https:\\\/\\\/regbu.com\\\/en\\\/\"},{\"@type\":\"ListItem\",\"position\":2,\"name\":\"Dovolen\u00e1 na kole \u2013 Na co nezapomenout?\"}]},{\"@type\":\"WebSite\",\"@id\":\"https:\\\/\\\/regbu.com\\\/en\\\/#website\",\"url\":\"https:\\\/\\\/regbu.com\\\/en\\\/\",\"name\":\"REGBU.COM\",\"description\":\"\",\"potentialAction\":[{\"@type\":\"SearchAction\",\"target\":{\"@type\":\"EntryPoint\",\"urlTemplate\":\"https:\\\/\\\/regbu.com\\\/en\\\/?s={search_term_string}\"},\"query-input\":{\"@type\":\"PropertyValueSpecification\",\"valueRequired\":true,\"valueName\":\"search_term_string\"}}],\"inLanguage\":\"lv-LV\"},{\"@type\":\"Person\",\"@id\":\"https:\\\/\\\/regbu.com\\\/en\\\/#\\\/schema\\\/person\\\/94ea9deda2629771b8a9ced002f6784e\",\"name\":\"George Martin\",\"url\":\"https:\\\/\\\/regbu.com\\\/lv\\\/author\\\/george-martin\\\/\"}]}<\/script>\n<!-- \/ Yoast SEO plugin. -->","yoast_head_json":{"title":"Velo br\u012bvdienas - Ko neaizmirst? - REGBU.COM","description":"Vai j\u016bs zin\u0101t, k\u0101ds ir velo br\u012bvdienu nepiecie\u0161amais apr\u012bkojums? M\u0113s jums past\u0101st\u012bsim, kas j\u0101\u0146em l\u012bdzi.","robots":{"index":"index","follow":"follow","max-snippet":"max-snippet:-1","max-image-preview":"max-image-preview:large","max-video-preview":"max-video-preview:-1"},"canonical":"https:\/\/regbu.com\/lv\/brivdienas-skola-ko-ne-aizmirst\/","og_locale":"lv_LV","og_type":"article","og_title":"Dovolen\u00e1 na kole \u2013 Na co nezapomenout? - REGBU.COM","og_description":"V\u00edte, co v\u0161echno obn\u00e1\u0161\u00ed dovolen\u00e1 na kole z pohledu nezbytn\u00e9ho vybaven\u00ed? Prozrad\u00edme V\u00e1m, co si vz\u00edt s sebou.","og_url":"https:\/\/regbu.com\/lv\/brivdienas-skola-ko-ne-aizmirst\/","og_site_name":"REGBU.COM","article_published_time":"2023-06-21T14:06:16+00:00","article_modified_time":"2025-09-05T05:42:09+00:00","og_image":[{"width":1200,"height":675,"url":"https:\/\/regbu.com\/wp-content\/uploads\/2023\/06\/dovolena-na-kole-na-co-nezapomenout.jpg","type":"image\/jpeg"}],"author":"George Martin","twitter_card":"summary_large_image","twitter_misc":{"Written by":"George Martin","Est. reading time":"2 min\u016btes"},"schema":{"@context":"https:\/\/schema.org","@graph":[{"@type":"Article","@id":"https:\/\/regbu.com\/lv\/brivdienas-skola-ko-ne-aizmirst\/#article","isPartOf":{"@id":"https:\/\/regbu.com\/lv\/brivdienas-skola-ko-ne-aizmirst\/"},"author":{"name":"George Martin","@id":"https:\/\/regbu.com\/en\/#\/schema\/person\/94ea9deda2629771b8a9ced002f6784e"},"headline":"Dovolen\u00e1 na kole \u2013 Na co nezapomenout?","datePublished":"2023-06-21T14:06:16+00:00","dateModified":"2025-09-05T05:42:09+00:00","mainEntityOfPage":{"@id":"https:\/\/regbu.com\/lv\/brivdienas-skola-ko-ne-aizmirst\/"},"wordCount":456,"image":{"@id":"https:\/\/regbu.com\/lv\/brivdienas-skola-ko-ne-aizmirst\/#primaryimage"},"thumbnailUrl":"https:\/\/regbu.com\/wp-content\/uploads\/2023\/06\/dovolena-na-kole-na-co-nezapomenout.jpg","keywords":["boty","bra\u0161ny","dovolen\u00e1","dovolen\u00e1 na kole","du\u0161e","helma","kolo","l\u00e1hev","lepen\u00ed","oble\u010den\u00ed","pumpi\u010dka","vybaven\u00ed"],"articleSection":["Cestov\u00e1n\u00ed"],"inLanguage":"lv-LV"},{"@type":"WebPage","@id":"https:\/\/regbu.com\/lv\/brivdienas-skola-ko-ne-aizmirst\/","url":"https:\/\/regbu.com\/lv\/brivdienas-skola-ko-ne-aizmirst\/","name":"Velo br\u012bvdienas - Ko neaizmirst? - REGBU.COM","isPartOf":{"@id":"https:\/\/regbu.com\/en\/#website"},"primaryImageOfPage":{"@id":"https:\/\/regbu.com\/lv\/brivdienas-skola-ko-ne-aizmirst\/#primaryimage"},"image":{"@id":"https:\/\/regbu.com\/lv\/brivdienas-skola-ko-ne-aizmirst\/#primaryimage"},"thumbnailUrl":"https:\/\/regbu.com\/wp-content\/uploads\/2023\/06\/dovolena-na-kole-na-co-nezapomenout.jpg","datePublished":"2023-06-21T14:06:16+00:00","dateModified":"2025-09-05T05:42:09+00:00","author":{"@id":"https:\/\/regbu.com\/en\/#\/schema\/person\/94ea9deda2629771b8a9ced002f6784e"},"description":"Vai j\u016bs zin\u0101t, k\u0101ds ir velo br\u012bvdienu nepiecie\u0161amais apr\u012bkojums? M\u0113s jums past\u0101st\u012bsim, kas j\u0101\u0146em l\u012bdzi.","breadcrumb":{"@id":"https:\/\/regbu.com\/lv\/brivdienas-skola-ko-ne-aizmirst\/#breadcrumb"},"inLanguage":"lv-LV","potentialAction":[{"@type":"ReadAction","target":["https:\/\/regbu.com\/lv\/brivdienas-skola-ko-ne-aizmirst\/"]}]},{"@type":"ImageObject","inLanguage":"lv-LV","@id":"https:\/\/regbu.com\/lv\/brivdienas-skola-ko-ne-aizmirst\/#primaryimage","url":"https:\/\/regbu.com\/wp-content\/uploads\/2023\/06\/dovolena-na-kole-na-co-nezapomenout.jpg","contentUrl":"https:\/\/regbu.com\/wp-content\/uploads\/2023\/06\/dovolena-na-kole-na-co-nezapomenout.jpg","width":1200,"height":675,"caption":"Dovolen\u00e1 na kole \u2013 Na co nezapomenout?"},{"@type":"BreadcrumbList","@id":"https:\/\/regbu.com\/lv\/brivdienas-skola-ko-ne-aizmirst\/#breadcrumb","itemListElement":[{"@type":"ListItem","position":1,"name":"Home","item":"https:\/\/regbu.com\/en\/"},{"@type":"ListItem","position":2,"name":"Dovolen\u00e1 na kole \u2013 Na co nezapomenout?"}]},{"@type":"WebSite","@id":"https:\/\/regbu.com\/en\/#website","url":"https:\/\/regbu.com\/en\/","name":"REGBU.COM","description":"","potentialAction":[{"@type":"SearchAction","target":{"@type":"EntryPoint","urlTemplate":"https:\/\/regbu.com\/en\/?s={search_term_string}"},"query-input":{"@type":"PropertyValueSpecification","valueRequired":true,"valueName":"search_term_string"}}],"inLanguage":"lv-LV"},{"@type":"Person","@id":"https:\/\/regbu.com\/en\/#\/schema\/person\/94ea9deda2629771b8a9ced002f6784e","name":"D\u017eord\u017es M\u0101rtins","url":"https:\/\/regbu.com\/lv\/author\/george-martin\/"}]}},"_links":{"self":[{"href":"https:\/\/regbu.com\/lv\/wp-json\/wp\/v2\/posts\/941","targetHints":{"allow":["GET"]}}],"collection":[{"href":"https:\/\/regbu.com\/lv\/wp-json\/wp\/v2\/posts"}],"about":[{"href":"https:\/\/regbu.com\/lv\/wp-json\/wp\/v2\/types\/post"}],"author":[{"embeddable":true,"href":"https:\/\/regbu.com\/lv\/wp-json\/wp\/v2\/users\/2"}],"replies":[{"embeddable":true,"href":"https:\/\/regbu.com\/lv\/wp-json\/wp\/v2\/comments?post=941"}],"version-history":[{"count":2,"href":"https:\/\/regbu.com\/lv\/wp-json\/wp\/v2\/posts\/941\/revisions"}],"predecessor-version":[{"id":960,"href":"https:\/\/regbu.com\/lv\/wp-json\/wp\/v2\/posts\/941\/revisions\/960"}],"wp:featuredmedia":[{"embeddable":true,"href":"https:\/\/regbu.com\/lv\/wp-json\/wp\/v2\/media\/942"}],"wp:attachment":[{"href":"https:\/\/regbu.com\/lv\/wp-json\/wp\/v2\/media?parent=941"}],"wp:term":[{"taxonomy":"category","embeddable":true,"href":"https:\/\/regbu.com\/lv\/wp-json\/wp\/v2\/categories?post=941"},{"taxonomy":"post_tag","embeddable":true,"href":"https:\/\/regbu.com\/lv\/wp-json\/wp\/v2\/tags?post=941"}],"curies":[{"name":"wp","href":"https:\/\/api.w.org\/{rel}","templated":true}]}}