{"id":864,"date":"2023-06-19T18:30:35","date_gmt":"2023-06-19T16:30:35","guid":{"rendered":"https:\/\/regbu.com\/?p=864"},"modified":"2025-09-05T07:42:15","modified_gmt":"2025-09-05T05:42:15","slug":"modni-ikony-na-ktere-se-nezapomina","status":"publish","type":"post","link":"https:\/\/regbu.com\/lv\/fashion-icons-that-are-never-neforgotten\/","title":{"rendered":"Modes ikonas, kuras nedr\u012bkst aizmirst"},"content":{"rendered":"<p>Modes ikonas - t\u0101 sauc sievietes, kuras ar savu ap\u0123\u0113rbu ietekm\u0113 visu pasauli. Neatkar\u012bgi no t\u0101, kas \u0161\u012bm d\u0101m\u0101m bija <strong><a href=\"https:\/\/regbu.com\/lv\/uces-you-choose-by-character-type\/\">friz\u016bras<\/a><\/strong>, rakstz\u012bmes un iez\u012bmes, vi\u0146u ap\u0123\u0113rbs bija m\u016b\u017e\u012bgs un sp\u0113ja uzrun\u0101t daudzus cilv\u0113kus. Pievienojieties mums, lai atcer\u0113tos slaven\u0101s sievietes, kuras daudz ko deva modei kopum\u0101.<\/p>\n\n\n\n<ul class=\"wp-block-list\">\n<li>Marl\u0113na D\u012btriha<\/li>\n\n\n\n<li>Audrija Hepberna<\/li>\n\n\n\n<li>Princese Di\u0101na<\/li>\n<\/ul>\n\n\n\n<p>\u0160ie ir tikai da\u017ei no tiem, kuri ir peln\u012bju\u0161i modes ikonas apz\u012bm\u0113jumu. \u0160aj\u0101 sarakst\u0101 pamatoti ir <strong>Koko \u0160anele<\/strong>. Vi\u0146a nebaid\u012bj\u0101s savos t\u0113rpos iek\u013caut v\u012brie\u0161u aksesu\u0101rus, kas bija \u013coti neparasti tam laikam.<\/p>\n\n\n\n<h2 class=\"wp-block-heading\">Iepaz\u012bstieties ar pasaules modes ikon\u0101m<\/h2>\n\n\n\n<p>Run\u0101jot par v\u012brie\u0161u \u0123\u0113rb\u0161an\u0101s elementiem, sav\u0101 laik\u0101 ar tiem n\u0101ca klaj\u0101 Marl\u0113na D\u012btriha. Vi\u0146a aizraut\u012bgi izmantoja kaklasaites, cepures un v\u012brie\u0161u bikses. Modes ikonas ir ar\u012b <em>\u017dakl\u012bna Kenedija<\/em>kas savuk\u0101rt ir saist\u012bts ar liel\u0101m brill\u0113m un kleit\u0101m bez piedurkn\u0113m. Un k\u0101das citas d\u0101mas ir peln\u012bju\u0161as \u0161o apz\u012bm\u0113jumu?<\/p>\n\n\n\n<figure class=\"wp-block-table\"><table><tbody><tr><td><strong>Nosaukums<\/strong><\/td><td><strong>Elementi<\/strong><\/td><\/tr><tr><td>Audrija Hepberna<\/td><td>Elegance, baler\u012bnas un Kapri bikses<\/td><\/tr><tr><td>Greisa Kellija<\/td><td>Sat\u012bna un \u012bsi d\u017eemperi<\/td><\/tr><tr><td>Koko \u0160anele<\/td><td>J\u016bras sv\u012btras<\/td><\/tr><tr><td>Madonna<\/td><td>Cie\u0161i piegulo\u0161i trikot\u0101\u017eas kost\u012bmi<\/td><\/tr><\/tbody><\/table><figcaption class=\"wp-element-caption\">Galven\u0101s pag\u0101tnes un p\u0113d\u0113jo gadu modes ikonas.<\/figcaption><\/figure>\n\n\n\n<p>Ar\u012b princese Di\u0101na ir viena no ietekm\u012bg\u0101kaj\u0101m modes ikon\u0101m. Vi\u0146a iekaroja fanu sirdis vis\u0101 pasaul\u0113 ne tikai ar savu uzved\u012bbu, bet ar\u012b ar savu \u0123\u0113rb\u0161an\u0101s stilu. Neatkar\u012bgi no t\u0101, vai tie bija ori\u0123in\u0101li t\u0113rpi vai iespaid\u012bgas kleitas. Lai gan vi\u0146a nebija t\u012bra modes ikona, vi\u0146a bija pier\u0101d\u012bjums tam, k\u0101 nedaudz parasta persona var ietekm\u0113t modi daudz\u0101s valst\u012bs.<\/p>\n\n\n\n<h3 class=\"wp-block-heading\">M\u016bsdienu modes ikonas<\/h3>\n\n\n\n<p>S\u0101kot ar v\u0113sturiskaj\u0101m modes ikon\u0101m, m\u0113s p\u0101riet pie t\u0101m, kas ietekm\u0113ju\u0161as daudzu sievie\u0161u acis p\u0113d\u0113jo gadu laik\u0101. Starp iedom\u0101taj\u0101m \u012bpa\u0161\u0101s modes ikon\u0101m ir m\u0101sas Mary-Kate un Ashley Olsen. No otras puses, boho-\u0161iks stils ir rakstur\u012bgs vis\u0101m \u0161\u012bm ikon\u0101m. <strong>Kate Moss<\/strong>. Modele bag\u0101tin\u0101ja savu garderobi ar rokm\u016bzikas elementiem un iek\u013c\u0101va aksesu\u0101rus, piem\u0113ram, kicksus un citus. Un tas viss ir ietekm\u0113jis sievie\u0161u \u0123\u0113rb\u0161an\u0101s stilu vis\u0101 pasaul\u0113.<\/p>\n\n\n\n<p>Visbeidzot, nav ieteicams aizmirst pat par ekstravaganci. Modes ikonas, ko nosauca par modes ikonu, piedzim\u0161ana <strong>Lady Gaga<\/strong>. Vi\u0146a var\u0113ja aiziet l\u012bdz \u012bst\u0101m gal\u0113j\u012bb\u0101m sav\u0101 \u0123\u0113rb\u0161an\u0101s stil\u0101, kas vismaz piesaist\u012bja uzman\u012bbu, kur vien vi\u0146a dev\u0101s.<\/p>","protected":false},"excerpt":{"rendered":"<p>Modes ikonas - t\u0101 sauc sievietes, kuras ar savu ap\u0123\u0113rbu ietekm\u0113 visu pasauli. Neatkar\u012bgi no friz\u016bras, fig\u016bras un iez\u012bm\u0113m \u0161o d\u0101mu t\u0113rpi bija m\u016b\u017e\u012bgi un sp\u0113ja sasniegt daudzus cilv\u0113kus. Pievienojieties mums, kad m\u0113s atcer\u0113simies slaven\u0101s sievietes, kuras bija devu\u0161as \u013coti daudz visai modei kopum\u0101. \u0160\u012bs ir tikai neliela sauji\u0146a no t\u0101m ... <\/p>","protected":false},"author":2,"featured_media":865,"comment_status":"closed","ping_status":"closed","sticky":false,"template":"","format":"standard","meta":{"footnotes":""},"categories":[671],"tags":[753,755,754,750,752,757,756,751,749,758],"class_list":["post-864","post","type-post","status-publish","format-standard","has-post-thumbnail","hentry","category-moda","tag-audrey-hepburn","tag-coco-chanel","tag-grace-kelly","tag-ikona","tag-ikony","tag-kate-moss","tag-madonna","tag-modni-ikona","tag-modni-ikony","tag-princezna-diana"],"yoast_head":"<!-- This site is optimized with the Yoast SEO plugin v27.5 - https:\/\/yoast.com\/product\/yoast-seo-wordpress\/ -->\n<title>M\u00f3dn\u00ed ikony, na kter\u00e9 se nezapom\u00edn\u00e1 - REGBU.COM<\/title>\n<meta name=\"description\" content=\"Poznejte m\u00f3dn\u00ed ikony let minul\u00fdch, ale tak\u00e9 sou\u010dasn\u00fdch. Zjist\u011bte, kdo ovlivnil m\u00f3dn\u00ed styl ve zna\u010dn\u00e9 m\u00ed\u0159e a na hodn\u011b dlouho.\" \/>\n<meta name=\"robots\" content=\"index, follow, max-snippet:-1, max-image-preview:large, max-video-preview:-1\" \/>\n<link rel=\"canonical\" href=\"https:\/\/regbu.com\/lv\/fashion-icons-that-are-never-neforgotten\/\" \/>\n<meta property=\"og:locale\" content=\"lv_LV\" \/>\n<meta property=\"og:type\" content=\"article\" \/>\n<meta property=\"og:title\" content=\"M\u00f3dn\u00ed ikony, na kter\u00e9 se nezapom\u00edn\u00e1 - REGBU.COM\" \/>\n<meta property=\"og:description\" content=\"Poznejte m\u00f3dn\u00ed ikony let minul\u00fdch, ale tak\u00e9 sou\u010dasn\u00fdch. Zjist\u011bte, kdo ovlivnil m\u00f3dn\u00ed styl ve zna\u010dn\u00e9 m\u00ed\u0159e a na hodn\u011b dlouho.\" \/>\n<meta property=\"og:url\" content=\"https:\/\/regbu.com\/lv\/fashion-icons-that-are-never-neforgotten\/\" \/>\n<meta property=\"og:site_name\" content=\"REGBU.COM\" \/>\n<meta property=\"article:published_time\" content=\"2023-06-19T16:30:35+00:00\" \/>\n<meta property=\"article:modified_time\" content=\"2025-09-05T05:42:15+00:00\" \/>\n<meta property=\"og:image\" content=\"https:\/\/regbu.com\/wp-content\/uploads\/2023\/06\/modni-ikony-na-ktere-se-nezapomina.jpg\" \/>\n\t<meta property=\"og:image:width\" content=\"1200\" \/>\n\t<meta property=\"og:image:height\" content=\"678\" \/>\n\t<meta property=\"og:image:type\" content=\"image\/jpeg\" \/>\n<meta name=\"author\" content=\"George Martin\" \/>\n<meta name=\"twitter:card\" content=\"summary_large_image\" \/>\n<meta name=\"twitter:label1\" content=\"Written by\" \/>\n\t<meta name=\"twitter:data1\" content=\"George Martin\" \/>\n\t<meta name=\"twitter:label2\" content=\"Est. reading time\" \/>\n\t<meta name=\"twitter:data2\" content=\"2 min\u016btes\" \/>\n<script type=\"application\/ld+json\" class=\"yoast-schema-graph\">{\"@context\":\"https:\\\/\\\/schema.org\",\"@graph\":[{\"@type\":\"Article\",\"@id\":\"https:\\\/\\\/regbu.com\\\/lv\\\/fashion-icons-that-are-never-neforgotten\\\/#article\",\"isPartOf\":{\"@id\":\"https:\\\/\\\/regbu.com\\\/lv\\\/fashion-icons-that-are-never-neforgotten\\\/\"},\"author\":{\"name\":\"George Martin\",\"@id\":\"https:\\\/\\\/regbu.com\\\/en\\\/#\\\/schema\\\/person\\\/94ea9deda2629771b8a9ced002f6784e\"},\"headline\":\"M\u00f3dn\u00ed ikony, na kter\u00e9 se nezapom\u00edn\u00e1\",\"datePublished\":\"2023-06-19T16:30:35+00:00\",\"dateModified\":\"2025-09-05T05:42:15+00:00\",\"mainEntityOfPage\":{\"@id\":\"https:\\\/\\\/regbu.com\\\/lv\\\/fashion-icons-that-are-never-neforgotten\\\/\"},\"wordCount\":467,\"image\":{\"@id\":\"https:\\\/\\\/regbu.com\\\/lv\\\/fashion-icons-that-are-never-neforgotten\\\/#primaryimage\"},\"thumbnailUrl\":\"https:\\\/\\\/regbu.com\\\/wp-content\\\/uploads\\\/2023\\\/06\\\/modni-ikony-na-ktere-se-nezapomina.jpg\",\"keywords\":[\"Audrey Hepburn\",\"Coco Chanel\",\"Grace Kelly\",\"ikona\",\"ikony\",\"Kate Moss\",\"Madonna\",\"m\u00f3dn\u00ed ikona\",\"m\u00f3dn\u00ed ikony\",\"princezna Diana\"],\"articleSection\":[\"M\u00f3da\"],\"inLanguage\":\"lv-LV\"},{\"@type\":\"WebPage\",\"@id\":\"https:\\\/\\\/regbu.com\\\/lv\\\/fashion-icons-that-are-never-neforgotten\\\/\",\"url\":\"https:\\\/\\\/regbu.com\\\/lv\\\/fashion-icons-that-are-never-neforgotten\\\/\",\"name\":\"M\u00f3dn\u00ed ikony, na kter\u00e9 se nezapom\u00edn\u00e1 - REGBU.COM\",\"isPartOf\":{\"@id\":\"https:\\\/\\\/regbu.com\\\/en\\\/#website\"},\"primaryImageOfPage\":{\"@id\":\"https:\\\/\\\/regbu.com\\\/lv\\\/fashion-icons-that-are-never-neforgotten\\\/#primaryimage\"},\"image\":{\"@id\":\"https:\\\/\\\/regbu.com\\\/lv\\\/fashion-icons-that-are-never-neforgotten\\\/#primaryimage\"},\"thumbnailUrl\":\"https:\\\/\\\/regbu.com\\\/wp-content\\\/uploads\\\/2023\\\/06\\\/modni-ikony-na-ktere-se-nezapomina.jpg\",\"datePublished\":\"2023-06-19T16:30:35+00:00\",\"dateModified\":\"2025-09-05T05:42:15+00:00\",\"author\":{\"@id\":\"https:\\\/\\\/regbu.com\\\/en\\\/#\\\/schema\\\/person\\\/94ea9deda2629771b8a9ced002f6784e\"},\"description\":\"Poznejte m\u00f3dn\u00ed ikony let minul\u00fdch, ale tak\u00e9 sou\u010dasn\u00fdch. Zjist\u011bte, kdo ovlivnil m\u00f3dn\u00ed styl ve zna\u010dn\u00e9 m\u00ed\u0159e a na hodn\u011b dlouho.\",\"breadcrumb\":{\"@id\":\"https:\\\/\\\/regbu.com\\\/lv\\\/fashion-icons-that-are-never-neforgotten\\\/#breadcrumb\"},\"inLanguage\":\"lv-LV\",\"potentialAction\":[{\"@type\":\"ReadAction\",\"target\":[\"https:\\\/\\\/regbu.com\\\/lv\\\/fashion-icons-that-are-never-neforgotten\\\/\"]}]},{\"@type\":\"ImageObject\",\"inLanguage\":\"lv-LV\",\"@id\":\"https:\\\/\\\/regbu.com\\\/lv\\\/fashion-icons-that-are-never-neforgotten\\\/#primaryimage\",\"url\":\"https:\\\/\\\/regbu.com\\\/wp-content\\\/uploads\\\/2023\\\/06\\\/modni-ikony-na-ktere-se-nezapomina.jpg\",\"contentUrl\":\"https:\\\/\\\/regbu.com\\\/wp-content\\\/uploads\\\/2023\\\/06\\\/modni-ikony-na-ktere-se-nezapomina.jpg\",\"width\":1200,\"height\":678,\"caption\":\"M\u00f3dn\u00ed ikony, na kter\u00e9 se nezapom\u00edn\u00e1\"},{\"@type\":\"BreadcrumbList\",\"@id\":\"https:\\\/\\\/regbu.com\\\/lv\\\/fashion-icons-that-are-never-neforgotten\\\/#breadcrumb\",\"itemListElement\":[{\"@type\":\"ListItem\",\"position\":1,\"name\":\"Home\",\"item\":\"https:\\\/\\\/regbu.com\\\/en\\\/\"},{\"@type\":\"ListItem\",\"position\":2,\"name\":\"M\u00f3dn\u00ed ikony, na kter\u00e9 se nezapom\u00edn\u00e1\"}]},{\"@type\":\"WebSite\",\"@id\":\"https:\\\/\\\/regbu.com\\\/en\\\/#website\",\"url\":\"https:\\\/\\\/regbu.com\\\/en\\\/\",\"name\":\"REGBU.COM\",\"description\":\"\",\"potentialAction\":[{\"@type\":\"SearchAction\",\"target\":{\"@type\":\"EntryPoint\",\"urlTemplate\":\"https:\\\/\\\/regbu.com\\\/en\\\/?s={search_term_string}\"},\"query-input\":{\"@type\":\"PropertyValueSpecification\",\"valueRequired\":true,\"valueName\":\"search_term_string\"}}],\"inLanguage\":\"lv-LV\"},{\"@type\":\"Person\",\"@id\":\"https:\\\/\\\/regbu.com\\\/en\\\/#\\\/schema\\\/person\\\/94ea9deda2629771b8a9ced002f6784e\",\"name\":\"George Martin\",\"url\":\"https:\\\/\\\/regbu.com\\\/lv\\\/author\\\/george-martin\\\/\"}]}<\/script>\n<!-- \/ Yoast SEO plugin. -->","yoast_head_json":{"title":"Modes ikonas, kuras nedr\u012bkst aizmirst - REGBU.COM","description":"Iepaz\u012bstieties ne tikai ar pag\u0101tnes, bet ar\u012b ar m\u016bsdienu modes ikon\u0101m. Uzziniet, kas liel\u0101 m\u0113r\u0101 un ilgsto\u0161i ietekm\u0113jis modes stilu.","robots":{"index":"index","follow":"follow","max-snippet":"max-snippet:-1","max-image-preview":"max-image-preview:large","max-video-preview":"max-video-preview:-1"},"canonical":"https:\/\/regbu.com\/lv\/fashion-icons-that-are-never-neforgotten\/","og_locale":"lv_LV","og_type":"article","og_title":"M\u00f3dn\u00ed ikony, na kter\u00e9 se nezapom\u00edn\u00e1 - REGBU.COM","og_description":"Poznejte m\u00f3dn\u00ed ikony let minul\u00fdch, ale tak\u00e9 sou\u010dasn\u00fdch. Zjist\u011bte, kdo ovlivnil m\u00f3dn\u00ed styl ve zna\u010dn\u00e9 m\u00ed\u0159e a na hodn\u011b dlouho.","og_url":"https:\/\/regbu.com\/lv\/fashion-icons-that-are-never-neforgotten\/","og_site_name":"REGBU.COM","article_published_time":"2023-06-19T16:30:35+00:00","article_modified_time":"2025-09-05T05:42:15+00:00","og_image":[{"width":1200,"height":678,"url":"https:\/\/regbu.com\/wp-content\/uploads\/2023\/06\/modni-ikony-na-ktere-se-nezapomina.jpg","type":"image\/jpeg"}],"author":"George Martin","twitter_card":"summary_large_image","twitter_misc":{"Written by":"George Martin","Est. reading time":"2 min\u016btes"},"schema":{"@context":"https:\/\/schema.org","@graph":[{"@type":"Article","@id":"https:\/\/regbu.com\/lv\/fashion-icons-that-are-never-neforgotten\/#article","isPartOf":{"@id":"https:\/\/regbu.com\/lv\/fashion-icons-that-are-never-neforgotten\/"},"author":{"name":"George Martin","@id":"https:\/\/regbu.com\/en\/#\/schema\/person\/94ea9deda2629771b8a9ced002f6784e"},"headline":"M\u00f3dn\u00ed ikony, na kter\u00e9 se nezapom\u00edn\u00e1","datePublished":"2023-06-19T16:30:35+00:00","dateModified":"2025-09-05T05:42:15+00:00","mainEntityOfPage":{"@id":"https:\/\/regbu.com\/lv\/fashion-icons-that-are-never-neforgotten\/"},"wordCount":467,"image":{"@id":"https:\/\/regbu.com\/lv\/fashion-icons-that-are-never-neforgotten\/#primaryimage"},"thumbnailUrl":"https:\/\/regbu.com\/wp-content\/uploads\/2023\/06\/modni-ikony-na-ktere-se-nezapomina.jpg","keywords":["Audrey Hepburn","Coco Chanel","Grace Kelly","ikona","ikony","Kate Moss","Madonna","m\u00f3dn\u00ed ikona","m\u00f3dn\u00ed ikony","princezna Diana"],"articleSection":["M\u00f3da"],"inLanguage":"lv-LV"},{"@type":"WebPage","@id":"https:\/\/regbu.com\/lv\/fashion-icons-that-are-never-neforgotten\/","url":"https:\/\/regbu.com\/lv\/fashion-icons-that-are-never-neforgotten\/","name":"Modes ikonas, kuras nedr\u012bkst aizmirst - REGBU.COM","isPartOf":{"@id":"https:\/\/regbu.com\/en\/#website"},"primaryImageOfPage":{"@id":"https:\/\/regbu.com\/lv\/fashion-icons-that-are-never-neforgotten\/#primaryimage"},"image":{"@id":"https:\/\/regbu.com\/lv\/fashion-icons-that-are-never-neforgotten\/#primaryimage"},"thumbnailUrl":"https:\/\/regbu.com\/wp-content\/uploads\/2023\/06\/modni-ikony-na-ktere-se-nezapomina.jpg","datePublished":"2023-06-19T16:30:35+00:00","dateModified":"2025-09-05T05:42:15+00:00","author":{"@id":"https:\/\/regbu.com\/en\/#\/schema\/person\/94ea9deda2629771b8a9ced002f6784e"},"description":"Iepaz\u012bstieties ne tikai ar pag\u0101tnes, bet ar\u012b ar m\u016bsdienu modes ikon\u0101m. Uzziniet, kas liel\u0101 m\u0113r\u0101 un ilgsto\u0161i ietekm\u0113jis modes stilu.","breadcrumb":{"@id":"https:\/\/regbu.com\/lv\/fashion-icons-that-are-never-neforgotten\/#breadcrumb"},"inLanguage":"lv-LV","potentialAction":[{"@type":"ReadAction","target":["https:\/\/regbu.com\/lv\/fashion-icons-that-are-never-neforgotten\/"]}]},{"@type":"ImageObject","inLanguage":"lv-LV","@id":"https:\/\/regbu.com\/lv\/fashion-icons-that-are-never-neforgotten\/#primaryimage","url":"https:\/\/regbu.com\/wp-content\/uploads\/2023\/06\/modni-ikony-na-ktere-se-nezapomina.jpg","contentUrl":"https:\/\/regbu.com\/wp-content\/uploads\/2023\/06\/modni-ikony-na-ktere-se-nezapomina.jpg","width":1200,"height":678,"caption":"M\u00f3dn\u00ed ikony, na kter\u00e9 se nezapom\u00edn\u00e1"},{"@type":"BreadcrumbList","@id":"https:\/\/regbu.com\/lv\/fashion-icons-that-are-never-neforgotten\/#breadcrumb","itemListElement":[{"@type":"ListItem","position":1,"name":"Home","item":"https:\/\/regbu.com\/en\/"},{"@type":"ListItem","position":2,"name":"M\u00f3dn\u00ed ikony, na kter\u00e9 se nezapom\u00edn\u00e1"}]},{"@type":"WebSite","@id":"https:\/\/regbu.com\/en\/#website","url":"https:\/\/regbu.com\/en\/","name":"REGBU.COM","description":"","potentialAction":[{"@type":"SearchAction","target":{"@type":"EntryPoint","urlTemplate":"https:\/\/regbu.com\/en\/?s={search_term_string}"},"query-input":{"@type":"PropertyValueSpecification","valueRequired":true,"valueName":"search_term_string"}}],"inLanguage":"lv-LV"},{"@type":"Person","@id":"https:\/\/regbu.com\/en\/#\/schema\/person\/94ea9deda2629771b8a9ced002f6784e","name":"D\u017eord\u017es M\u0101rtins","url":"https:\/\/regbu.com\/lv\/author\/george-martin\/"}]}},"_links":{"self":[{"href":"https:\/\/regbu.com\/lv\/wp-json\/wp\/v2\/posts\/864","targetHints":{"allow":["GET"]}}],"collection":[{"href":"https:\/\/regbu.com\/lv\/wp-json\/wp\/v2\/posts"}],"about":[{"href":"https:\/\/regbu.com\/lv\/wp-json\/wp\/v2\/types\/post"}],"author":[{"embeddable":true,"href":"https:\/\/regbu.com\/lv\/wp-json\/wp\/v2\/users\/2"}],"replies":[{"embeddable":true,"href":"https:\/\/regbu.com\/lv\/wp-json\/wp\/v2\/comments?post=864"}],"version-history":[{"count":3,"href":"https:\/\/regbu.com\/lv\/wp-json\/wp\/v2\/posts\/864\/revisions"}],"predecessor-version":[{"id":879,"href":"https:\/\/regbu.com\/lv\/wp-json\/wp\/v2\/posts\/864\/revisions\/879"}],"wp:featuredmedia":[{"embeddable":true,"href":"https:\/\/regbu.com\/lv\/wp-json\/wp\/v2\/media\/865"}],"wp:attachment":[{"href":"https:\/\/regbu.com\/lv\/wp-json\/wp\/v2\/media?parent=864"}],"wp:term":[{"taxonomy":"category","embeddable":true,"href":"https:\/\/regbu.com\/lv\/wp-json\/wp\/v2\/categories?post=864"},{"taxonomy":"post_tag","embeddable":true,"href":"https:\/\/regbu.com\/lv\/wp-json\/wp\/v2\/tags?post=864"}],"curies":[{"name":"wp","href":"https:\/\/api.w.org\/{rel}","templated":true}]}}