{"id":454,"date":"2022-01-25T17:00:55","date_gmt":"2022-01-25T16:00:55","guid":{"rendered":"https:\/\/regbu.com\/?p=454"},"modified":"2025-09-05T07:42:40","modified_gmt":"2025-09-05T05:42:40","slug":"osamelost-a-socialni-site-spolu-dost-souvisi","status":"publish","type":"post","link":"https:\/\/regbu.com\/lv\/loneliness-and-social-site-together-get-connected\/","title":{"rendered":"Vientul\u012bba un soci\u0101lie t\u012bkli ir diezgan saist\u012bti"},"content":{"rendered":"<p>Ar soci\u0101lajiem t\u012bkliem ir saist\u012bti da\u017e\u0101di termini. Un t\u0101 nav tikai jautr\u012bba, prieks un atkl\u0101jumi. Daudzi lietot\u0101ji apstiprin\u0101s, ka to var ar\u012b <strong><a href=\"https:\/\/regbu.com\/lv\/bezmiegs-izraisa-socialas-sistemas-parmainas-ka-tas-ir-ir-visa\/\">Bezmiegs<\/a><\/strong>, kibermobings un citi. \u0160odienas rakst\u0101 m\u0113s piev\u0113rs\u012bsimies vientul\u012bbai, ko, protams, var uzskat\u012bt par vienu no soci\u0101lo t\u012bklu negat\u012bvaj\u0101m sek\u0101m.<\/p>\n\n\n\n<h2 class=\"wp-block-heading\">Vientul\u012bba ar daudziem draugiem<\/h2>\n\n\n\n<p>Daudzi no jums, iesp\u0113jams, interes\u0113jas, k\u0101 <strong>vai vientul\u012bba var b\u016bt saist\u012bta ar soci\u0101lajiem t\u012bkliem<\/strong>. Galu gal\u0101 jums ir vair\u0101k nek\u0101 pietiekami daudz draugu. Da\u017eiem ir desmitiem, citiem pat simtiem. Ta\u010du parasti tie ir virtu\u0101lie draugi, kurus diez vai satiksi re\u0101laj\u0101 dz\u012bv\u0113 uz ielas vai kaut kur kaimi\u0146os. Un \u0161eit s\u0101kas zin\u0101ma vientul\u012bba, kas pamaz\u0101m pieaug.<\/p>\n\n\n\n<h3 class=\"wp-block-heading\">Laiki main\u0101s<\/h3>\n\n\n\n<p>K\u0101dreiz bija norm\u0101li par\u0101d\u012bt draugiem jaunu lietu. J\u016bs to atved\u0101t, lai to par\u0101d\u012btu, parun\u0101tu par to un taml\u012bdz\u012bgi. J\u016bs nos\u016bt\u012btu pastkarti no atva\u013cin\u0101juma, un viss b\u016btu <strong>daudz person\u012bg\u0101ks kontakts.<\/strong>. Ta\u010du soci\u0101lie t\u012bkli ir pav\u0113ru\u0161i nedaudz citas iesp\u0113jas. \u0160odien j\u016bs pat nevarat redz\u0113t attiec\u012bgo personu. J\u016bs ievietojat soci\u0101laj\u0101 t\u012bkl\u0101 jaunas lietas att\u0113lu, lai ar to lepotos, un nevienam nerun\u0101jat ne v\u0101rda. <strong>L\u012bdz ar to vientul\u012bba<\/strong>bet ar\u012b citas psiholo\u0123iskas probl\u0113mas. \u0160o t\u0113mu s\u012bk\u0101k apl\u016bkosim t\u0101l\u0101k sniegtajos jaut\u0101jumos un atbild\u0113s.<\/p>\n\n\n\n<div class=\"schema-faq wp-block-yoast-faq-block\"><div class=\"schema-faq-section\" id=\"faq-question-1623742264438\"><strong class=\"schema-faq-question\">K\u0101du cilv\u0113ku grupu ietekm\u0113 vientul\u012bbas saj\u016bta soci\u0101lajos medijos?<\/strong> <p class=\"schema-faq-answer\">Saska\u0146\u0101 ar da\u017e\u0101diem p\u0113t\u012bjumiem tas \u012bpa\u0161i attiecas uz jauno paaudzi, kas ir burtiski atkar\u012bga no sazi\u0146as l\u012bdzek\u013ciem.<\/p> <\/div> <div class=\"schema-faq-section\" id=\"faq-question-1623742272780\"><strong class=\"schema-faq-question\">Cik veci ir \u0161\u0101di skartie cilv\u0113ki?<\/strong> <p class=\"schema-faq-answer\">Tie galvenok\u0101rt ir cilv\u0113ki vecum\u0101 no 19 l\u012bdz 32 gadiem.<\/p> <\/div> <div class=\"schema-faq-section\" id=\"faq-question-1623742281524\"><strong class=\"schema-faq-question\">Kas veicina vientul\u012bbu?<\/strong> <p class=\"schema-faq-answer\">Esmu p\u0101rliecin\u0101ts, ka tas seko l\u012bdzi laim\u012bg\u0101m dz\u012bv\u0113m soci\u0101lajos medijos, bet tav\u0101 dz\u012bv\u0113 nav fiziska kontakta un cilv\u0113ku.<\/p> <\/div> <div class=\"schema-faq-section\" id=\"faq-question-1623742290242\"><strong class=\"schema-faq-question\">Vai soci\u0101lie t\u012bkli ir labs kalps un slikts saimnieks?<\/strong> <p class=\"schema-faq-answer\">B\u016bt\u012bb\u0101 j\u0101. No vienas puses, tev ir daudz draugu, bet, no otras puses, tev nav neviena, ar ko tu var\u0113tu kop\u0101 pavad\u012bt laiku.<\/p> <\/div> <div class=\"schema-faq-section\" id=\"faq-question-1623742301013\"><strong class=\"schema-faq-question\">Kad vientul\u012bba izpau\u017eas soci\u0101lajos t\u012bklos?<\/strong> <p class=\"schema-faq-answer\">P\u0113t\u012bjumi liecina, ka, soci\u0101lajos t\u012bklos pavadot vair\u0101k nek\u0101 divas stundas dien\u0101, var justies vientu\u013ci.<\/p> <\/div> <\/div>","protected":false},"excerpt":{"rendered":"<p>Ar soci\u0101lajiem t\u012bkliem ir saist\u012bti da\u017e\u0101di termini. Un t\u0101 nav tikai jautr\u012bba, prieks un atkl\u0101jumi. Daudzi lietot\u0101ji apstiprin\u0101s, ka t\u0101 var b\u016bt ar\u012b bezmiegs, kibermobings un citas probl\u0113mas. \u0160odienas rakst\u0101 m\u0113s piev\u0113rs\u012bsimies vientul\u012bbai, ko, saprotams, var uzskat\u012bt par vienu no soci\u0101lo t\u012bklu negat\u012bvaj\u0101m sek\u0101m. Vientul\u012bba ar daudziem draugiem Daudzi ... <\/p>","protected":false},"author":2,"featured_media":455,"comment_status":"closed","ping_status":"closed","sticky":false,"template":"","format":"standard","meta":{"footnotes":""},"categories":[197],"tags":[293,497,498,499,500,501,502,367,375,481],"class_list":["post-454","post","type-post","status-publish","format-standard","has-post-thumbnail","hentry","category-lidske-zdravi","tag-internet","tag-kamaradi","tag-kontakt","tag-osamelost","tag-osameni","tag-pratele","tag-samota","tag-socialni-sit","tag-socialni-site","tag-virtualni-svet"],"yoast_head":"<!-- This site is optimized with the Yoast SEO plugin v27.4 - https:\/\/yoast.com\/product\/yoast-seo-wordpress\/ -->\n<title>Osam\u011blost a soci\u00e1ln\u00ed s\u00edt\u011b spolu dost souvis\u00ed - REGBU.COM<\/title>\n<meta name=\"description\" content=\"Osam\u011blost je velice nep\u0159\u00edjemnou z\u00e1le\u017eitost\u00ed. S roz\u0161i\u0159ov\u00e1n\u00edm soci\u00e1ln\u00edch s\u00edt\u00ed \u010dasto postihuje mlad\u0161\u00ed lidi. Zjist\u011bte o tomto t\u00e9matu v\u00edce.\" \/>\n<meta name=\"robots\" content=\"index, follow, max-snippet:-1, max-image-preview:large, max-video-preview:-1\" \/>\n<link rel=\"canonical\" href=\"https:\/\/regbu.com\/lv\/loneliness-and-social-site-together-get-connected\/\" \/>\n<meta property=\"og:locale\" content=\"lv_LV\" \/>\n<meta property=\"og:type\" content=\"article\" \/>\n<meta property=\"og:title\" content=\"Osam\u011blost a soci\u00e1ln\u00ed s\u00edt\u011b spolu dost souvis\u00ed - REGBU.COM\" \/>\n<meta property=\"og:description\" content=\"Osam\u011blost je velice nep\u0159\u00edjemnou z\u00e1le\u017eitost\u00ed. S roz\u0161i\u0159ov\u00e1n\u00edm soci\u00e1ln\u00edch s\u00edt\u00ed \u010dasto postihuje mlad\u0161\u00ed lidi. Zjist\u011bte o tomto t\u00e9matu v\u00edce.\" \/>\n<meta property=\"og:url\" content=\"https:\/\/regbu.com\/lv\/loneliness-and-social-site-together-get-connected\/\" \/>\n<meta property=\"og:site_name\" content=\"REGBU.COM\" \/>\n<meta property=\"article:published_time\" content=\"2022-01-25T16:00:55+00:00\" \/>\n<meta property=\"article:modified_time\" content=\"2025-09-05T05:42:40+00:00\" \/>\n<meta property=\"og:image\" content=\"https:\/\/regbu.com\/wp-content\/uploads\/2022\/01\/osamelost-a-socialni-site-spolu-dost-souvisi.jpg\" \/>\n\t<meta property=\"og:image:width\" content=\"1200\" \/>\n\t<meta property=\"og:image:height\" content=\"677\" \/>\n\t<meta property=\"og:image:type\" content=\"image\/jpeg\" \/>\n<meta name=\"author\" content=\"George Martin\" \/>\n<meta name=\"twitter:card\" content=\"summary_large_image\" \/>\n<meta name=\"twitter:label1\" content=\"Written by\" \/>\n\t<meta name=\"twitter:data1\" content=\"George Martin\" \/>\n\t<meta name=\"twitter:label2\" content=\"Est. reading time\" \/>\n\t<meta name=\"twitter:data2\" content=\"2 min\u016btes\" \/>\n<script type=\"application\/ld+json\" class=\"yoast-schema-graph\">{\"@context\":\"https:\\\/\\\/schema.org\",\"@graph\":[{\"@type\":\"Article\",\"@id\":\"https:\\\/\\\/regbu.com\\\/osamelost-a-socialni-site-spolu-dost-souvisi\\\/#article\",\"isPartOf\":{\"@id\":\"https:\\\/\\\/regbu.com\\\/osamelost-a-socialni-site-spolu-dost-souvisi\\\/\"},\"author\":{\"name\":\"George Martin\",\"@id\":\"https:\\\/\\\/regbu.com\\\/en\\\/#\\\/schema\\\/person\\\/94ea9deda2629771b8a9ced002f6784e\"},\"headline\":\"Osam\u011blost a soci\u00e1ln\u00ed s\u00edt\u011b spolu dost souvis\u00ed\",\"datePublished\":\"2022-01-25T16:00:55+00:00\",\"dateModified\":\"2025-09-05T05:42:40+00:00\",\"mainEntityOfPage\":{\"@id\":\"https:\\\/\\\/regbu.com\\\/osamelost-a-socialni-site-spolu-dost-souvisi\\\/\"},\"wordCount\":476,\"image\":{\"@id\":\"https:\\\/\\\/regbu.com\\\/osamelost-a-socialni-site-spolu-dost-souvisi\\\/#primaryimage\"},\"thumbnailUrl\":\"https:\\\/\\\/regbu.com\\\/wp-content\\\/uploads\\\/2022\\\/01\\\/osamelost-a-socialni-site-spolu-dost-souvisi.jpg\",\"keywords\":[\"internet\",\"kamar\u00e1di\",\"kontakt\",\"osam\u011blost\",\"osam\u011bn\u00ed\",\"p\u0159\u00e1tel\u00e9\",\"samota\",\"soci\u00e1ln\u00ed s\u00ed\u0165\",\"soci\u00e1ln\u00ed s\u00edt\u011b\",\"virtu\u00e1ln\u00ed sv\u011bt\"],\"articleSection\":[\"Lidsk\u00e9 Zdrav\u00ed\"],\"inLanguage\":\"lv-LV\"},{\"@type\":[\"WebPage\",\"FAQPage\"],\"@id\":\"https:\\\/\\\/regbu.com\\\/osamelost-a-socialni-site-spolu-dost-souvisi\\\/\",\"url\":\"https:\\\/\\\/regbu.com\\\/osamelost-a-socialni-site-spolu-dost-souvisi\\\/\",\"name\":\"Osam\u011blost a soci\u00e1ln\u00ed s\u00edt\u011b spolu dost souvis\u00ed - REGBU.COM\",\"isPartOf\":{\"@id\":\"https:\\\/\\\/regbu.com\\\/en\\\/#website\"},\"primaryImageOfPage\":{\"@id\":\"https:\\\/\\\/regbu.com\\\/osamelost-a-socialni-site-spolu-dost-souvisi\\\/#primaryimage\"},\"image\":{\"@id\":\"https:\\\/\\\/regbu.com\\\/osamelost-a-socialni-site-spolu-dost-souvisi\\\/#primaryimage\"},\"thumbnailUrl\":\"https:\\\/\\\/regbu.com\\\/wp-content\\\/uploads\\\/2022\\\/01\\\/osamelost-a-socialni-site-spolu-dost-souvisi.jpg\",\"datePublished\":\"2022-01-25T16:00:55+00:00\",\"dateModified\":\"2025-09-05T05:42:40+00:00\",\"author\":{\"@id\":\"https:\\\/\\\/regbu.com\\\/en\\\/#\\\/schema\\\/person\\\/94ea9deda2629771b8a9ced002f6784e\"},\"description\":\"Osam\u011blost je velice nep\u0159\u00edjemnou z\u00e1le\u017eitost\u00ed. S roz\u0161i\u0159ov\u00e1n\u00edm soci\u00e1ln\u00edch s\u00edt\u00ed \u010dasto postihuje mlad\u0161\u00ed lidi. Zjist\u011bte o tomto t\u00e9matu v\u00edce.\",\"breadcrumb\":{\"@id\":\"https:\\\/\\\/regbu.com\\\/osamelost-a-socialni-site-spolu-dost-souvisi\\\/#breadcrumb\"},\"mainEntity\":[{\"@id\":\"https:\\\/\\\/regbu.com\\\/osamelost-a-socialni-site-spolu-dost-souvisi\\\/#faq-question-1623742264438\"},{\"@id\":\"https:\\\/\\\/regbu.com\\\/osamelost-a-socialni-site-spolu-dost-souvisi\\\/#faq-question-1623742272780\"},{\"@id\":\"https:\\\/\\\/regbu.com\\\/osamelost-a-socialni-site-spolu-dost-souvisi\\\/#faq-question-1623742281524\"},{\"@id\":\"https:\\\/\\\/regbu.com\\\/osamelost-a-socialni-site-spolu-dost-souvisi\\\/#faq-question-1623742290242\"},{\"@id\":\"https:\\\/\\\/regbu.com\\\/osamelost-a-socialni-site-spolu-dost-souvisi\\\/#faq-question-1623742301013\"}],\"inLanguage\":\"lv-LV\",\"potentialAction\":[{\"@type\":\"ReadAction\",\"target\":[\"https:\\\/\\\/regbu.com\\\/osamelost-a-socialni-site-spolu-dost-souvisi\\\/\"]}]},{\"@type\":\"ImageObject\",\"inLanguage\":\"lv-LV\",\"@id\":\"https:\\\/\\\/regbu.com\\\/osamelost-a-socialni-site-spolu-dost-souvisi\\\/#primaryimage\",\"url\":\"https:\\\/\\\/regbu.com\\\/wp-content\\\/uploads\\\/2022\\\/01\\\/osamelost-a-socialni-site-spolu-dost-souvisi.jpg\",\"contentUrl\":\"https:\\\/\\\/regbu.com\\\/wp-content\\\/uploads\\\/2022\\\/01\\\/osamelost-a-socialni-site-spolu-dost-souvisi.jpg\",\"width\":1200,\"height\":677,\"caption\":\"Osam\u011blost a soci\u00e1ln\u00ed s\u00edt\u011b spolu dost souvis\u00ed\"},{\"@type\":\"BreadcrumbList\",\"@id\":\"https:\\\/\\\/regbu.com\\\/osamelost-a-socialni-site-spolu-dost-souvisi\\\/#breadcrumb\",\"itemListElement\":[{\"@type\":\"ListItem\",\"position\":1,\"name\":\"Home\",\"item\":\"https:\\\/\\\/regbu.com\\\/en\\\/\"},{\"@type\":\"ListItem\",\"position\":2,\"name\":\"Osam\u011blost a soci\u00e1ln\u00ed s\u00edt\u011b spolu dost souvis\u00ed\"}]},{\"@type\":\"WebSite\",\"@id\":\"https:\\\/\\\/regbu.com\\\/en\\\/#website\",\"url\":\"https:\\\/\\\/regbu.com\\\/en\\\/\",\"name\":\"REGBU.COM\",\"description\":\"\",\"potentialAction\":[{\"@type\":\"SearchAction\",\"target\":{\"@type\":\"EntryPoint\",\"urlTemplate\":\"https:\\\/\\\/regbu.com\\\/en\\\/?s={search_term_string}\"},\"query-input\":{\"@type\":\"PropertyValueSpecification\",\"valueRequired\":true,\"valueName\":\"search_term_string\"}}],\"inLanguage\":\"lv-LV\"},{\"@type\":\"Person\",\"@id\":\"https:\\\/\\\/regbu.com\\\/en\\\/#\\\/schema\\\/person\\\/94ea9deda2629771b8a9ced002f6784e\",\"name\":\"George Martin\",\"url\":\"https:\\\/\\\/regbu.com\\\/lv\\\/author\\\/george-martin\\\/\"},{\"@type\":\"Question\",\"@id\":\"https:\\\/\\\/regbu.com\\\/osamelost-a-socialni-site-spolu-dost-souvisi\\\/#faq-question-1623742264438\",\"position\":1,\"url\":\"https:\\\/\\\/regbu.com\\\/osamelost-a-socialni-site-spolu-dost-souvisi\\\/#faq-question-1623742264438\",\"name\":\"Jakou skupinu lid\u00ed postihuj\u00ed pocity osamocen\u00ed na soci\u00e1ln\u00edch s\u00edt\u00edch?\",\"answerCount\":1,\"acceptedAnswer\":{\"@type\":\"Answer\",\"text\":\"Podle nejr\u016fzn\u011bj\u0161\u00edch pr\u016fzkum\u016f se to t\u00fdk\u00e1 p\u0159edev\u0161\u00edm mlad\u0161\u00ed generace, kter\u00e1 je na komunika\u010dn\u00edch prost\u0159edc\u00edch doslova z\u00e1visl\u00e1.\",\"inLanguage\":\"lv-LV\"},\"inLanguage\":\"lv-LV\"},{\"@type\":\"Question\",\"@id\":\"https:\\\/\\\/regbu.com\\\/osamelost-a-socialni-site-spolu-dost-souvisi\\\/#faq-question-1623742272780\",\"position\":2,\"url\":\"https:\\\/\\\/regbu.com\\\/osamelost-a-socialni-site-spolu-dost-souvisi\\\/#faq-question-1623742272780\",\"name\":\"Jak sta\u0159\u00ed jsou takto ovlivn\u011bn\u00ed jedinci?\",\"answerCount\":1,\"acceptedAnswer\":{\"@type\":\"Answer\",\"text\":\"Jsou to prim\u00e1rn\u011b lid\u00e9 od 19 do 32 let.\",\"inLanguage\":\"lv-LV\"},\"inLanguage\":\"lv-LV\"},{\"@type\":\"Question\",\"@id\":\"https:\\\/\\\/regbu.com\\\/osamelost-a-socialni-site-spolu-dost-souvisi\\\/#faq-question-1623742281524\",\"position\":3,\"url\":\"https:\\\/\\\/regbu.com\\\/osamelost-a-socialni-site-spolu-dost-souvisi\\\/#faq-question-1623742281524\",\"name\":\"Co p\u0159isp\u00e1v\u00e1 k osam\u011blosti?\",\"answerCount\":1,\"acceptedAnswer\":{\"@type\":\"Answer\",\"text\":\"Ur\u010dit\u011b je to sledov\u00e1n\u00ed \u0161\u0165astn\u00fdch \u017eivot\u016f na soci\u00e1ln\u00edch s\u00edt\u00edch, kde\u017eto ten V\u00e1\u0161 nen\u00ed spojen s fyzick\u00fdm kontaktem a lidmi.\",\"inLanguage\":\"lv-LV\"},\"inLanguage\":\"lv-LV\"},{\"@type\":\"Question\",\"@id\":\"https:\\\/\\\/regbu.com\\\/osamelost-a-socialni-site-spolu-dost-souvisi\\\/#faq-question-1623742290242\",\"position\":4,\"url\":\"https:\\\/\\\/regbu.com\\\/osamelost-a-socialni-site-spolu-dost-souvisi\\\/#faq-question-1623742290242\",\"name\":\"Jsou soci\u00e1ln\u00ed s\u00edt\u011b dobr\u00fd sluha a zl\u00fd p\u00e1n?\",\"answerCount\":1,\"acceptedAnswer\":{\"@type\":\"Answer\",\"text\":\"Ve sv\u00e9 podstat\u011b ano. Na jednu stranu m\u00e1te spoustu p\u0159\u00e1tel, na druhou stranu vlastn\u011b nikoho, s k\u00fdm se st\u00fdk\u00e1te.\",\"inLanguage\":\"lv-LV\"},\"inLanguage\":\"lv-LV\"},{\"@type\":\"Question\",\"@id\":\"https:\\\/\\\/regbu.com\\\/osamelost-a-socialni-site-spolu-dost-souvisi\\\/#faq-question-1623742301013\",\"position\":5,\"url\":\"https:\\\/\\\/regbu.com\\\/osamelost-a-socialni-site-spolu-dost-souvisi\\\/#faq-question-1623742301013\",\"name\":\"Kdy se projevuje osam\u011blost na soci\u00e1ln\u00edch s\u00edt\u00edch?\",\"answerCount\":1,\"acceptedAnswer\":{\"@type\":\"Answer\",\"text\":\"Dle pr\u016fzkum\u016f sta\u010d\u00ed, kdy\u017e soci\u00e1ln\u00edmi s\u00edt\u011bmi tr\u00e1v\u00edte v\u00edce jak dv\u011b hodiny denn\u011b a u\u017e m\u016f\u017eete m\u00edt pocity osam\u011blosti.\",\"inLanguage\":\"lv-LV\"},\"inLanguage\":\"lv-LV\"}]}<\/script>\n<!-- \/ Yoast SEO plugin. -->","yoast_head_json":{"title":"Vientul\u012bba un soci\u0101lie t\u012bkli ir diezgan saist\u012bti - REGBU.COM","description":"Vientul\u012bba ir \u013coti nepat\u012bkama lieta. L\u012bdz ar soci\u0101lo t\u012bklu izplat\u012bbu tas bie\u017ei skar gados jaun\u0101kus cilv\u0113kus. Uzziniet vair\u0101k par \u0161o t\u0113mu.","robots":{"index":"index","follow":"follow","max-snippet":"max-snippet:-1","max-image-preview":"max-image-preview:large","max-video-preview":"max-video-preview:-1"},"canonical":"https:\/\/regbu.com\/lv\/loneliness-and-social-site-together-get-connected\/","og_locale":"lv_LV","og_type":"article","og_title":"Osam\u011blost a soci\u00e1ln\u00ed s\u00edt\u011b spolu dost souvis\u00ed - REGBU.COM","og_description":"Osam\u011blost je velice nep\u0159\u00edjemnou z\u00e1le\u017eitost\u00ed. S roz\u0161i\u0159ov\u00e1n\u00edm soci\u00e1ln\u00edch s\u00edt\u00ed \u010dasto postihuje mlad\u0161\u00ed lidi. Zjist\u011bte o tomto t\u00e9matu v\u00edce.","og_url":"https:\/\/regbu.com\/lv\/loneliness-and-social-site-together-get-connected\/","og_site_name":"REGBU.COM","article_published_time":"2022-01-25T16:00:55+00:00","article_modified_time":"2025-09-05T05:42:40+00:00","og_image":[{"width":1200,"height":677,"url":"https:\/\/regbu.com\/wp-content\/uploads\/2022\/01\/osamelost-a-socialni-site-spolu-dost-souvisi.jpg","type":"image\/jpeg"}],"author":"George Martin","twitter_card":"summary_large_image","twitter_misc":{"Written by":"George Martin","Est. reading time":"2 min\u016btes"},"schema":{"@context":"https:\/\/schema.org","@graph":[{"@type":"Article","@id":"https:\/\/regbu.com\/osamelost-a-socialni-site-spolu-dost-souvisi\/#article","isPartOf":{"@id":"https:\/\/regbu.com\/osamelost-a-socialni-site-spolu-dost-souvisi\/"},"author":{"name":"George Martin","@id":"https:\/\/regbu.com\/en\/#\/schema\/person\/94ea9deda2629771b8a9ced002f6784e"},"headline":"Osam\u011blost a soci\u00e1ln\u00ed s\u00edt\u011b spolu dost souvis\u00ed","datePublished":"2022-01-25T16:00:55+00:00","dateModified":"2025-09-05T05:42:40+00:00","mainEntityOfPage":{"@id":"https:\/\/regbu.com\/osamelost-a-socialni-site-spolu-dost-souvisi\/"},"wordCount":476,"image":{"@id":"https:\/\/regbu.com\/osamelost-a-socialni-site-spolu-dost-souvisi\/#primaryimage"},"thumbnailUrl":"https:\/\/regbu.com\/wp-content\/uploads\/2022\/01\/osamelost-a-socialni-site-spolu-dost-souvisi.jpg","keywords":["internet","kamar\u00e1di","kontakt","osam\u011blost","osam\u011bn\u00ed","p\u0159\u00e1tel\u00e9","samota","soci\u00e1ln\u00ed s\u00ed\u0165","soci\u00e1ln\u00ed s\u00edt\u011b","virtu\u00e1ln\u00ed sv\u011bt"],"articleSection":["Lidsk\u00e9 Zdrav\u00ed"],"inLanguage":"lv-LV"},{"@type":["WebPage","FAQPage"],"@id":"https:\/\/regbu.com\/osamelost-a-socialni-site-spolu-dost-souvisi\/","url":"https:\/\/regbu.com\/osamelost-a-socialni-site-spolu-dost-souvisi\/","name":"Vientul\u012bba un soci\u0101lie t\u012bkli ir diezgan saist\u012bti - REGBU.COM","isPartOf":{"@id":"https:\/\/regbu.com\/en\/#website"},"primaryImageOfPage":{"@id":"https:\/\/regbu.com\/osamelost-a-socialni-site-spolu-dost-souvisi\/#primaryimage"},"image":{"@id":"https:\/\/regbu.com\/osamelost-a-socialni-site-spolu-dost-souvisi\/#primaryimage"},"thumbnailUrl":"https:\/\/regbu.com\/wp-content\/uploads\/2022\/01\/osamelost-a-socialni-site-spolu-dost-souvisi.jpg","datePublished":"2022-01-25T16:00:55+00:00","dateModified":"2025-09-05T05:42:40+00:00","author":{"@id":"https:\/\/regbu.com\/en\/#\/schema\/person\/94ea9deda2629771b8a9ced002f6784e"},"description":"Vientul\u012bba ir \u013coti nepat\u012bkama lieta. L\u012bdz ar soci\u0101lo t\u012bklu izplat\u012bbu tas bie\u017ei skar gados jaun\u0101kus cilv\u0113kus. Uzziniet vair\u0101k par \u0161o t\u0113mu.","breadcrumb":{"@id":"https:\/\/regbu.com\/osamelost-a-socialni-site-spolu-dost-souvisi\/#breadcrumb"},"mainEntity":[{"@id":"https:\/\/regbu.com\/osamelost-a-socialni-site-spolu-dost-souvisi\/#faq-question-1623742264438"},{"@id":"https:\/\/regbu.com\/osamelost-a-socialni-site-spolu-dost-souvisi\/#faq-question-1623742272780"},{"@id":"https:\/\/regbu.com\/osamelost-a-socialni-site-spolu-dost-souvisi\/#faq-question-1623742281524"},{"@id":"https:\/\/regbu.com\/osamelost-a-socialni-site-spolu-dost-souvisi\/#faq-question-1623742290242"},{"@id":"https:\/\/regbu.com\/osamelost-a-socialni-site-spolu-dost-souvisi\/#faq-question-1623742301013"}],"inLanguage":"lv-LV","potentialAction":[{"@type":"ReadAction","target":["https:\/\/regbu.com\/osamelost-a-socialni-site-spolu-dost-souvisi\/"]}]},{"@type":"ImageObject","inLanguage":"lv-LV","@id":"https:\/\/regbu.com\/osamelost-a-socialni-site-spolu-dost-souvisi\/#primaryimage","url":"https:\/\/regbu.com\/wp-content\/uploads\/2022\/01\/osamelost-a-socialni-site-spolu-dost-souvisi.jpg","contentUrl":"https:\/\/regbu.com\/wp-content\/uploads\/2022\/01\/osamelost-a-socialni-site-spolu-dost-souvisi.jpg","width":1200,"height":677,"caption":"Osam\u011blost a soci\u00e1ln\u00ed s\u00edt\u011b spolu dost souvis\u00ed"},{"@type":"BreadcrumbList","@id":"https:\/\/regbu.com\/osamelost-a-socialni-site-spolu-dost-souvisi\/#breadcrumb","itemListElement":[{"@type":"ListItem","position":1,"name":"Home","item":"https:\/\/regbu.com\/en\/"},{"@type":"ListItem","position":2,"name":"Osam\u011blost a soci\u00e1ln\u00ed s\u00edt\u011b spolu dost souvis\u00ed"}]},{"@type":"WebSite","@id":"https:\/\/regbu.com\/en\/#website","url":"https:\/\/regbu.com\/en\/","name":"REGBU.COM","description":"","potentialAction":[{"@type":"SearchAction","target":{"@type":"EntryPoint","urlTemplate":"https:\/\/regbu.com\/en\/?s={search_term_string}"},"query-input":{"@type":"PropertyValueSpecification","valueRequired":true,"valueName":"search_term_string"}}],"inLanguage":"lv-LV"},{"@type":"Person","@id":"https:\/\/regbu.com\/en\/#\/schema\/person\/94ea9deda2629771b8a9ced002f6784e","name":"D\u017eord\u017es M\u0101rtins","url":"https:\/\/regbu.com\/lv\/author\/george-martin\/"},{"@type":"Question","@id":"https:\/\/regbu.com\/osamelost-a-socialni-site-spolu-dost-souvisi\/#faq-question-1623742264438","position":1,"url":"https:\/\/regbu.com\/osamelost-a-socialni-site-spolu-dost-souvisi\/#faq-question-1623742264438","name":"K\u0101du cilv\u0113ku grupu ietekm\u0113 vientul\u012bbas saj\u016bta soci\u0101lajos medijos?","answerCount":1,"acceptedAnswer":{"@type":"Answer","text":"Podle nejr\u016fzn\u011bj\u0161\u00edch pr\u016fzkum\u016f se to t\u00fdk\u00e1 p\u0159edev\u0161\u00edm mlad\u0161\u00ed generace, kter\u00e1 je na komunika\u010dn\u00edch prost\u0159edc\u00edch doslova z\u00e1visl\u00e1.","inLanguage":"lv-LV"},"inLanguage":"lv-LV"},{"@type":"Question","@id":"https:\/\/regbu.com\/osamelost-a-socialni-site-spolu-dost-souvisi\/#faq-question-1623742272780","position":2,"url":"https:\/\/regbu.com\/osamelost-a-socialni-site-spolu-dost-souvisi\/#faq-question-1623742272780","name":"Cik veci ir \u0161\u0101di skartie cilv\u0113ki?","answerCount":1,"acceptedAnswer":{"@type":"Answer","text":"Jsou to prim\u00e1rn\u011b lid\u00e9 od 19 do 32 let.","inLanguage":"lv-LV"},"inLanguage":"lv-LV"},{"@type":"Question","@id":"https:\/\/regbu.com\/osamelost-a-socialni-site-spolu-dost-souvisi\/#faq-question-1623742281524","position":3,"url":"https:\/\/regbu.com\/osamelost-a-socialni-site-spolu-dost-souvisi\/#faq-question-1623742281524","name":"Kas veicina vientul\u012bbu?","answerCount":1,"acceptedAnswer":{"@type":"Answer","text":"Ur\u010dit\u011b je to sledov\u00e1n\u00ed \u0161\u0165astn\u00fdch \u017eivot\u016f na soci\u00e1ln\u00edch s\u00edt\u00edch, kde\u017eto ten V\u00e1\u0161 nen\u00ed spojen s fyzick\u00fdm kontaktem a lidmi.","inLanguage":"lv-LV"},"inLanguage":"lv-LV"},{"@type":"Question","@id":"https:\/\/regbu.com\/osamelost-a-socialni-site-spolu-dost-souvisi\/#faq-question-1623742290242","position":4,"url":"https:\/\/regbu.com\/osamelost-a-socialni-site-spolu-dost-souvisi\/#faq-question-1623742290242","name":"Vai soci\u0101lie t\u012bkli ir labs kalps un slikts saimnieks?","answerCount":1,"acceptedAnswer":{"@type":"Answer","text":"Ve sv\u00e9 podstat\u011b ano. Na jednu stranu m\u00e1te spoustu p\u0159\u00e1tel, na druhou stranu vlastn\u011b nikoho, s k\u00fdm se st\u00fdk\u00e1te.","inLanguage":"lv-LV"},"inLanguage":"lv-LV"},{"@type":"Question","@id":"https:\/\/regbu.com\/osamelost-a-socialni-site-spolu-dost-souvisi\/#faq-question-1623742301013","position":5,"url":"https:\/\/regbu.com\/osamelost-a-socialni-site-spolu-dost-souvisi\/#faq-question-1623742301013","name":"Kad vientul\u012bba izpau\u017eas soci\u0101lajos t\u012bklos?","answerCount":1,"acceptedAnswer":{"@type":"Answer","text":"Dle pr\u016fzkum\u016f sta\u010d\u00ed, kdy\u017e soci\u00e1ln\u00edmi s\u00edt\u011bmi tr\u00e1v\u00edte v\u00edce jak dv\u011b hodiny denn\u011b a u\u017e m\u016f\u017eete m\u00edt pocity osam\u011blosti.","inLanguage":"lv-LV"},"inLanguage":"lv-LV"}]}},"_links":{"self":[{"href":"https:\/\/regbu.com\/lv\/wp-json\/wp\/v2\/posts\/454","targetHints":{"allow":["GET"]}}],"collection":[{"href":"https:\/\/regbu.com\/lv\/wp-json\/wp\/v2\/posts"}],"about":[{"href":"https:\/\/regbu.com\/lv\/wp-json\/wp\/v2\/types\/post"}],"author":[{"embeddable":true,"href":"https:\/\/regbu.com\/lv\/wp-json\/wp\/v2\/users\/2"}],"replies":[{"embeddable":true,"href":"https:\/\/regbu.com\/lv\/wp-json\/wp\/v2\/comments?post=454"}],"version-history":[{"count":3,"href":"https:\/\/regbu.com\/lv\/wp-json\/wp\/v2\/posts\/454\/revisions"}],"predecessor-version":[{"id":472,"href":"https:\/\/regbu.com\/lv\/wp-json\/wp\/v2\/posts\/454\/revisions\/472"}],"wp:featuredmedia":[{"embeddable":true,"href":"https:\/\/regbu.com\/lv\/wp-json\/wp\/v2\/media\/455"}],"wp:attachment":[{"href":"https:\/\/regbu.com\/lv\/wp-json\/wp\/v2\/media?parent=454"}],"wp:term":[{"taxonomy":"category","embeddable":true,"href":"https:\/\/regbu.com\/lv\/wp-json\/wp\/v2\/categories?post=454"},{"taxonomy":"post_tag","embeddable":true,"href":"https:\/\/regbu.com\/lv\/wp-json\/wp\/v2\/tags?post=454"}],"curies":[{"name":"wp","href":"https:\/\/api.w.org\/{rel}","templated":true}]}}