{"id":355,"date":"2022-01-21T15:49:00","date_gmt":"2022-01-21T14:49:00","guid":{"rendered":"https:\/\/regbu.com\/?p=355"},"modified":"2025-09-05T07:42:52","modified_gmt":"2025-09-05T05:42:52","slug":"instagram-socialni-sit-zalozena-na-fotografiich","status":"publish","type":"post","link":"https:\/\/regbu.com\/lv\/instagram-social-sit-for-photos\/","title":{"rendered":"Instagram - soci\u0101lais t\u012bkls, kura pamat\u0101 ir fotogr\u0101fijas"},"content":{"rendered":"<p>Virtu\u0101laj\u0101 pasaul\u0113 un internet\u0101 ir da\u017e\u0101di soci\u0101lie t\u012bkli. Viens no liel\u0101kajiem neap\u0161aub\u0101mi ir <strong><a href=\"https:\/\/regbu.com\/lv\/facebook-izmanto-pardomatus-un-pardomatus-algoritmus\/\">Facebook<\/a><\/strong>. Tom\u0113r, run\u0101jot par soci\u0101lajiem t\u012bkliem, kas paredz\u0113ti fotogr\u0101fiju un videoklipu koplieto\u0161anai, iev\u0113rojamu vietu ie\u0146em ar\u012b Instagram. S\u0101kotn\u0113ji piel\u0101gots iPhone mobilajiem t\u0101lru\u0146iem, ta\u010du pak\u0101peniski t\u012bkls ir izplat\u012bjies ar\u012b Android lietot\u0101jiem.<\/p>\n\n\n\n<h2 class=\"wp-block-heading\">Svar\u012bga statistika, ar ko s\u0101kt<\/h2>\n\n\n\n<p>S\u0101kum\u0101 j\u0101piemin, ka soci\u0101lais t\u012bkls Instagram apvieno <strong>aptuveni viens miljards lietot\u0101ju.<\/strong>. Aptuveni puse cilv\u0113ku ikdien\u0101 izmanto \u0161o t\u012bklu. J\u016bs var\u0113tu interes\u0113t statistika par lietot\u0101ju vecumu, ko m\u0113s pied\u0101v\u0101jam t\u0101l\u0101k tabul\u0101.<\/p>\n\n\n\n<figure class=\"wp-block-table\"><table><tbody><tr><td><strong>Temats<\/strong><\/td><td><strong>V\u0113rt\u012bba<\/strong><\/td><\/tr><tr><td>Pusaud\u017eu izmanto\u0161ana \u010cehij\u0101<\/td><td>72 %<\/td><\/tr><tr><td>Jaun\u0101ki par 30 gadiem<\/td><td>59 %<\/td><\/tr><tr><td>Vec\u0101ki par 16 gadiem<\/td><td>44 %<\/td><\/tr><tr><td>Konts bez satura<\/td><td>29 %<\/td><\/tr><\/tbody><\/table><figcaption>Instagram lieto\u0161ana jaun\u0101ku lietot\u0101ju vid\u016b.<\/figcaption><\/figure>\n\n\n\n<p>Interesanti ir ar\u012b tas, ka Instagram t\u0113r\u0113 par 23 % vair\u0101k naudas rekl\u0101m\u0101m, sal\u012bdzinot ar Facebook. Ilgtermi\u0146a statistika liecina par vienu lietu. Zi\u0146ojumi visbie\u017e\u0101k tiek public\u0113ti tre\u0161dienu un piektdienu r\u012btos.<\/p>\n\n\n\n<h2 class=\"wp-block-heading\">Instagram ne tikai izklaidei<\/h2>\n\n\n\n<p>Lai gan var \u0161\u0137ist, ka \u0161\u0101da veida soci\u0101lais t\u012bkls galvenok\u0101rt ir paredz\u0113ts tikai izklaidei, tas ne vienm\u0113r t\u0101 ir. T\u012bkls var b\u016bt <strong>kas izmantojami uz\u0146\u0113m\u0113jdarb\u012bb\u0101.<\/strong>, kuriem ir iesniegti da\u017e\u0101di tehnolo\u0123iskie r\u012bki. Ja ir pietiekami daudz sekot\u0101ju, lietot\u0101jus var uzrun\u0101t, lai prezent\u0113tu un reklam\u0113tu izv\u0113l\u0113tos produktus. Tas, protams, ir maksas pakalpojums, kas t\u0101d\u0113j\u0101di k\u013c\u016bst par pe\u013c\u0146u. T\u0101p\u0113c Instagram var izmantot k\u0101 ien\u0101kumu avotu.<\/p>\n\n\n\n<h3 class=\"wp-block-heading\">Instagram uz\u0146\u0113m\u0113jdarb\u012bbai<\/h3>\n\n\n\n<p>Protams, soci\u0101lajam t\u012bklam ir tehnolo\u0123iski sasniegumi un r\u012bki, tostarp sare\u017e\u0123\u012bti algoritmi. Daudzas no t\u0101m attiecas ar\u012b uz korporat\u012bvo vidi, kur\u0101, piem\u0113ram, var uzraudz\u012bt uz\u0146\u0113muma izaugsmi. Ir iesp\u0113jams aizliegt saturu, pamatojoties uz vecumu, r\u0101d\u012bt st\u0101stus 24 stundas vai maksim\u0101li elast\u012bgi p\u0101rvald\u012bt lietot\u0101ja profilu.<\/p>\n\n\n\n<p><strong>Instagram ir vienk\u0101r\u0161i ikvienam<\/strong>kuri v\u0113las sevi prezent\u0113t internet\u0101, izmantojot multivides saturu. To izmanto ne tikai izklaidei, bet ar\u012b darbam, par ko liecina daudzie noder\u012bgie un bag\u0101t\u012bgie r\u012bki.<\/p>","protected":false},"excerpt":{"rendered":"<p>Virtu\u0101laj\u0101 pasaul\u0113 un internet\u0101 ir da\u017e\u0101di soci\u0101lie t\u012bkli. Viens no liel\u0101kajiem neap\u0161aub\u0101mi ir Facebook. Tom\u0113r, run\u0101jot par soci\u0101lajiem t\u012bkliem, kas paredz\u0113ti fotogr\u0101fiju un videoklipu koplieto\u0161anai, iev\u0113rojamu vietu ie\u0146em ar\u012b Instagram. S\u0101kotn\u0113ji piel\u0101gots iPhone mobilajiem t\u0101lru\u0146iem, ta\u010du pak\u0101peniski t\u012bkls ir izplat\u012bjies ar\u012b Android mobilo ier\u012b\u010du lietot\u0101jiem. Svar\u012bga statistika ... <\/p>","protected":false},"author":2,"featured_media":356,"comment_status":"closed","ping_status":"closed","sticky":false,"template":"","format":"standard","meta":{"footnotes":""},"categories":[6],"tags":[371,364,372,373,366,374,367,375,370,376],"class_list":["post-355","post","type-post","status-publish","format-standard","has-post-thumbnail","hentry","category-technologie","tag-fotka","tag-fotky","tag-fotografie","tag-instagram","tag-multimedialni-obsah","tag-sdileni","tag-socialni-sit","tag-socialni-site","tag-videa","tag-video"],"yoast_head":"<!-- This site is optimized with the Yoast SEO plugin v27.5 - https:\/\/yoast.com\/product\/yoast-seo-wordpress\/ -->\n<title>Instagram \u2013 Soci\u00e1ln\u00ed s\u00ed\u0165 zalo\u017een\u00e1 na fotografi\u00edch - REGBU.COM<\/title>\n<meta name=\"description\" content=\"Chcete-li sd\u00edlet multimedi\u00e1ln\u00ed obsah na internetu, ide\u00e1ln\u00ed volbou bude Instagram. Soci\u00e1ln\u00ed s\u00ed\u0165, kter\u00e1 toho nab\u00edz\u00ed v\u00edce\" \/>\n<meta name=\"robots\" content=\"index, follow, max-snippet:-1, max-image-preview:large, max-video-preview:-1\" \/>\n<link rel=\"canonical\" href=\"https:\/\/regbu.com\/lv\/instagram-social-sit-for-photos\/\" \/>\n<meta property=\"og:locale\" content=\"lv_LV\" \/>\n<meta property=\"og:type\" content=\"article\" \/>\n<meta property=\"og:title\" content=\"Instagram \u2013 Soci\u00e1ln\u00ed s\u00ed\u0165 zalo\u017een\u00e1 na fotografi\u00edch - REGBU.COM\" \/>\n<meta property=\"og:description\" content=\"Chcete-li sd\u00edlet multimedi\u00e1ln\u00ed obsah na internetu, ide\u00e1ln\u00ed volbou bude Instagram. Soci\u00e1ln\u00ed s\u00ed\u0165, kter\u00e1 toho nab\u00edz\u00ed v\u00edce\" \/>\n<meta property=\"og:url\" content=\"https:\/\/regbu.com\/lv\/instagram-social-sit-for-photos\/\" \/>\n<meta property=\"og:site_name\" content=\"REGBU.COM\" \/>\n<meta property=\"article:published_time\" content=\"2022-01-21T14:49:00+00:00\" \/>\n<meta property=\"article:modified_time\" content=\"2025-09-05T05:42:52+00:00\" \/>\n<meta property=\"og:image\" content=\"https:\/\/regbu.com\/wp-content\/uploads\/2022\/01\/instagram-socilani-sit-zalozena-na-fotografiich.jpg\" \/>\n\t<meta property=\"og:image:width\" content=\"1200\" \/>\n\t<meta property=\"og:image:height\" content=\"677\" \/>\n\t<meta property=\"og:image:type\" content=\"image\/jpeg\" \/>\n<meta name=\"author\" content=\"George Martin\" \/>\n<meta name=\"twitter:card\" content=\"summary_large_image\" \/>\n<meta name=\"twitter:label1\" content=\"Written by\" \/>\n\t<meta name=\"twitter:data1\" content=\"George Martin\" \/>\n\t<meta name=\"twitter:label2\" content=\"Est. reading time\" \/>\n\t<meta name=\"twitter:data2\" content=\"2 min\u016btes\" \/>\n<script type=\"application\/ld+json\" class=\"yoast-schema-graph\">{\"@context\":\"https:\\\/\\\/schema.org\",\"@graph\":[{\"@type\":\"Article\",\"@id\":\"https:\\\/\\\/regbu.com\\\/instagram-socialni-sit-zalozena-na-fotografiich\\\/#article\",\"isPartOf\":{\"@id\":\"https:\\\/\\\/regbu.com\\\/instagram-socialni-sit-zalozena-na-fotografiich\\\/\"},\"author\":{\"name\":\"George Martin\",\"@id\":\"https:\\\/\\\/regbu.com\\\/en\\\/#\\\/schema\\\/person\\\/94ea9deda2629771b8a9ced002f6784e\"},\"headline\":\"Instagram \u2013 Soci\u00e1ln\u00ed s\u00ed\u0165 zalo\u017een\u00e1 na fotografi\u00edch\",\"datePublished\":\"2022-01-21T14:49:00+00:00\",\"dateModified\":\"2025-09-05T05:42:52+00:00\",\"mainEntityOfPage\":{\"@id\":\"https:\\\/\\\/regbu.com\\\/instagram-socialni-sit-zalozena-na-fotografiich\\\/\"},\"wordCount\":444,\"image\":{\"@id\":\"https:\\\/\\\/regbu.com\\\/instagram-socialni-sit-zalozena-na-fotografiich\\\/#primaryimage\"},\"thumbnailUrl\":\"https:\\\/\\\/regbu.com\\\/wp-content\\\/uploads\\\/2022\\\/01\\\/instagram-socilani-sit-zalozena-na-fotografiich.jpg\",\"keywords\":[\"fotka\",\"fotky\",\"fotografie\",\"instagram\",\"multimedi\u00e1ln\u00ed obsah\",\"sd\u00edlen\u00ed\",\"soci\u00e1ln\u00ed s\u00ed\u0165\",\"soci\u00e1ln\u00ed s\u00edt\u011b\",\"videa\",\"video\"],\"articleSection\":[\"Technologie\"],\"inLanguage\":\"lv-LV\"},{\"@type\":\"WebPage\",\"@id\":\"https:\\\/\\\/regbu.com\\\/instagram-socialni-sit-zalozena-na-fotografiich\\\/\",\"url\":\"https:\\\/\\\/regbu.com\\\/instagram-socialni-sit-zalozena-na-fotografiich\\\/\",\"name\":\"Instagram \u2013 Soci\u00e1ln\u00ed s\u00ed\u0165 zalo\u017een\u00e1 na fotografi\u00edch - REGBU.COM\",\"isPartOf\":{\"@id\":\"https:\\\/\\\/regbu.com\\\/en\\\/#website\"},\"primaryImageOfPage\":{\"@id\":\"https:\\\/\\\/regbu.com\\\/instagram-socialni-sit-zalozena-na-fotografiich\\\/#primaryimage\"},\"image\":{\"@id\":\"https:\\\/\\\/regbu.com\\\/instagram-socialni-sit-zalozena-na-fotografiich\\\/#primaryimage\"},\"thumbnailUrl\":\"https:\\\/\\\/regbu.com\\\/wp-content\\\/uploads\\\/2022\\\/01\\\/instagram-socilani-sit-zalozena-na-fotografiich.jpg\",\"datePublished\":\"2022-01-21T14:49:00+00:00\",\"dateModified\":\"2025-09-05T05:42:52+00:00\",\"author\":{\"@id\":\"https:\\\/\\\/regbu.com\\\/en\\\/#\\\/schema\\\/person\\\/94ea9deda2629771b8a9ced002f6784e\"},\"description\":\"Chcete-li sd\u00edlet multimedi\u00e1ln\u00ed obsah na internetu, ide\u00e1ln\u00ed volbou bude Instagram. Soci\u00e1ln\u00ed s\u00ed\u0165, kter\u00e1 toho nab\u00edz\u00ed v\u00edce\",\"breadcrumb\":{\"@id\":\"https:\\\/\\\/regbu.com\\\/instagram-socialni-sit-zalozena-na-fotografiich\\\/#breadcrumb\"},\"inLanguage\":\"lv-LV\",\"potentialAction\":[{\"@type\":\"ReadAction\",\"target\":[\"https:\\\/\\\/regbu.com\\\/instagram-socialni-sit-zalozena-na-fotografiich\\\/\"]}]},{\"@type\":\"ImageObject\",\"inLanguage\":\"lv-LV\",\"@id\":\"https:\\\/\\\/regbu.com\\\/instagram-socialni-sit-zalozena-na-fotografiich\\\/#primaryimage\",\"url\":\"https:\\\/\\\/regbu.com\\\/wp-content\\\/uploads\\\/2022\\\/01\\\/instagram-socilani-sit-zalozena-na-fotografiich.jpg\",\"contentUrl\":\"https:\\\/\\\/regbu.com\\\/wp-content\\\/uploads\\\/2022\\\/01\\\/instagram-socilani-sit-zalozena-na-fotografiich.jpg\",\"width\":1200,\"height\":677,\"caption\":\"Instagram \u2013 Soci\u00e1ln\u00ed s\u00ed\u0165 zalo\u017een\u00e1 na fotografi\u00edch\"},{\"@type\":\"BreadcrumbList\",\"@id\":\"https:\\\/\\\/regbu.com\\\/instagram-socialni-sit-zalozena-na-fotografiich\\\/#breadcrumb\",\"itemListElement\":[{\"@type\":\"ListItem\",\"position\":1,\"name\":\"Home\",\"item\":\"https:\\\/\\\/regbu.com\\\/en\\\/\"},{\"@type\":\"ListItem\",\"position\":2,\"name\":\"Instagram \u2013 Soci\u00e1ln\u00ed s\u00ed\u0165 zalo\u017een\u00e1 na fotografi\u00edch\"}]},{\"@type\":\"WebSite\",\"@id\":\"https:\\\/\\\/regbu.com\\\/en\\\/#website\",\"url\":\"https:\\\/\\\/regbu.com\\\/en\\\/\",\"name\":\"REGBU.COM\",\"description\":\"\",\"potentialAction\":[{\"@type\":\"SearchAction\",\"target\":{\"@type\":\"EntryPoint\",\"urlTemplate\":\"https:\\\/\\\/regbu.com\\\/en\\\/?s={search_term_string}\"},\"query-input\":{\"@type\":\"PropertyValueSpecification\",\"valueRequired\":true,\"valueName\":\"search_term_string\"}}],\"inLanguage\":\"lv-LV\"},{\"@type\":\"Person\",\"@id\":\"https:\\\/\\\/regbu.com\\\/en\\\/#\\\/schema\\\/person\\\/94ea9deda2629771b8a9ced002f6784e\",\"name\":\"George Martin\",\"url\":\"https:\\\/\\\/regbu.com\\\/lv\\\/author\\\/george-martin\\\/\"}]}<\/script>\n<!-- \/ Yoast SEO plugin. -->","yoast_head_json":{"title":"Instagram - Soci\u0101lais t\u012bkls, kura pamat\u0101 ir fotogr\u0101fijas - REGBU.COM","description":"Ja v\u0113laties kop\u012bgot multivides saturu tie\u0161saist\u0113, Instagram ir ide\u0101la izv\u0113le. Soci\u0101lais t\u012bkls, kas pied\u0101v\u0101 vair\u0101k","robots":{"index":"index","follow":"follow","max-snippet":"max-snippet:-1","max-image-preview":"max-image-preview:large","max-video-preview":"max-video-preview:-1"},"canonical":"https:\/\/regbu.com\/lv\/instagram-social-sit-for-photos\/","og_locale":"lv_LV","og_type":"article","og_title":"Instagram \u2013 Soci\u00e1ln\u00ed s\u00ed\u0165 zalo\u017een\u00e1 na fotografi\u00edch - REGBU.COM","og_description":"Chcete-li sd\u00edlet multimedi\u00e1ln\u00ed obsah na internetu, ide\u00e1ln\u00ed volbou bude Instagram. Soci\u00e1ln\u00ed s\u00ed\u0165, kter\u00e1 toho nab\u00edz\u00ed v\u00edce","og_url":"https:\/\/regbu.com\/lv\/instagram-social-sit-for-photos\/","og_site_name":"REGBU.COM","article_published_time":"2022-01-21T14:49:00+00:00","article_modified_time":"2025-09-05T05:42:52+00:00","og_image":[{"width":1200,"height":677,"url":"https:\/\/regbu.com\/wp-content\/uploads\/2022\/01\/instagram-socilani-sit-zalozena-na-fotografiich.jpg","type":"image\/jpeg"}],"author":"George Martin","twitter_card":"summary_large_image","twitter_misc":{"Written by":"George Martin","Est. reading time":"2 min\u016btes"},"schema":{"@context":"https:\/\/schema.org","@graph":[{"@type":"Article","@id":"https:\/\/regbu.com\/instagram-socialni-sit-zalozena-na-fotografiich\/#article","isPartOf":{"@id":"https:\/\/regbu.com\/instagram-socialni-sit-zalozena-na-fotografiich\/"},"author":{"name":"George Martin","@id":"https:\/\/regbu.com\/en\/#\/schema\/person\/94ea9deda2629771b8a9ced002f6784e"},"headline":"Instagram \u2013 Soci\u00e1ln\u00ed s\u00ed\u0165 zalo\u017een\u00e1 na fotografi\u00edch","datePublished":"2022-01-21T14:49:00+00:00","dateModified":"2025-09-05T05:42:52+00:00","mainEntityOfPage":{"@id":"https:\/\/regbu.com\/instagram-socialni-sit-zalozena-na-fotografiich\/"},"wordCount":444,"image":{"@id":"https:\/\/regbu.com\/instagram-socialni-sit-zalozena-na-fotografiich\/#primaryimage"},"thumbnailUrl":"https:\/\/regbu.com\/wp-content\/uploads\/2022\/01\/instagram-socilani-sit-zalozena-na-fotografiich.jpg","keywords":["fotka","fotky","fotografie","instagram","multimedi\u00e1ln\u00ed obsah","sd\u00edlen\u00ed","soci\u00e1ln\u00ed s\u00ed\u0165","soci\u00e1ln\u00ed s\u00edt\u011b","videa","video"],"articleSection":["Technologie"],"inLanguage":"lv-LV"},{"@type":"WebPage","@id":"https:\/\/regbu.com\/instagram-socialni-sit-zalozena-na-fotografiich\/","url":"https:\/\/regbu.com\/instagram-socialni-sit-zalozena-na-fotografiich\/","name":"Instagram - Soci\u0101lais t\u012bkls, kura pamat\u0101 ir fotogr\u0101fijas - REGBU.COM","isPartOf":{"@id":"https:\/\/regbu.com\/en\/#website"},"primaryImageOfPage":{"@id":"https:\/\/regbu.com\/instagram-socialni-sit-zalozena-na-fotografiich\/#primaryimage"},"image":{"@id":"https:\/\/regbu.com\/instagram-socialni-sit-zalozena-na-fotografiich\/#primaryimage"},"thumbnailUrl":"https:\/\/regbu.com\/wp-content\/uploads\/2022\/01\/instagram-socilani-sit-zalozena-na-fotografiich.jpg","datePublished":"2022-01-21T14:49:00+00:00","dateModified":"2025-09-05T05:42:52+00:00","author":{"@id":"https:\/\/regbu.com\/en\/#\/schema\/person\/94ea9deda2629771b8a9ced002f6784e"},"description":"Ja v\u0113laties kop\u012bgot multivides saturu tie\u0161saist\u0113, Instagram ir ide\u0101la izv\u0113le. Soci\u0101lais t\u012bkls, kas pied\u0101v\u0101 vair\u0101k","breadcrumb":{"@id":"https:\/\/regbu.com\/instagram-socialni-sit-zalozena-na-fotografiich\/#breadcrumb"},"inLanguage":"lv-LV","potentialAction":[{"@type":"ReadAction","target":["https:\/\/regbu.com\/instagram-socialni-sit-zalozena-na-fotografiich\/"]}]},{"@type":"ImageObject","inLanguage":"lv-LV","@id":"https:\/\/regbu.com\/instagram-socialni-sit-zalozena-na-fotografiich\/#primaryimage","url":"https:\/\/regbu.com\/wp-content\/uploads\/2022\/01\/instagram-socilani-sit-zalozena-na-fotografiich.jpg","contentUrl":"https:\/\/regbu.com\/wp-content\/uploads\/2022\/01\/instagram-socilani-sit-zalozena-na-fotografiich.jpg","width":1200,"height":677,"caption":"Instagram \u2013 Soci\u00e1ln\u00ed s\u00ed\u0165 zalo\u017een\u00e1 na fotografi\u00edch"},{"@type":"BreadcrumbList","@id":"https:\/\/regbu.com\/instagram-socialni-sit-zalozena-na-fotografiich\/#breadcrumb","itemListElement":[{"@type":"ListItem","position":1,"name":"Home","item":"https:\/\/regbu.com\/en\/"},{"@type":"ListItem","position":2,"name":"Instagram \u2013 Soci\u00e1ln\u00ed s\u00ed\u0165 zalo\u017een\u00e1 na fotografi\u00edch"}]},{"@type":"WebSite","@id":"https:\/\/regbu.com\/en\/#website","url":"https:\/\/regbu.com\/en\/","name":"REGBU.COM","description":"","potentialAction":[{"@type":"SearchAction","target":{"@type":"EntryPoint","urlTemplate":"https:\/\/regbu.com\/en\/?s={search_term_string}"},"query-input":{"@type":"PropertyValueSpecification","valueRequired":true,"valueName":"search_term_string"}}],"inLanguage":"lv-LV"},{"@type":"Person","@id":"https:\/\/regbu.com\/en\/#\/schema\/person\/94ea9deda2629771b8a9ced002f6784e","name":"D\u017eord\u017es M\u0101rtins","url":"https:\/\/regbu.com\/lv\/author\/george-martin\/"}]}},"_links":{"self":[{"href":"https:\/\/regbu.com\/lv\/wp-json\/wp\/v2\/posts\/355","targetHints":{"allow":["GET"]}}],"collection":[{"href":"https:\/\/regbu.com\/lv\/wp-json\/wp\/v2\/posts"}],"about":[{"href":"https:\/\/regbu.com\/lv\/wp-json\/wp\/v2\/types\/post"}],"author":[{"embeddable":true,"href":"https:\/\/regbu.com\/lv\/wp-json\/wp\/v2\/users\/2"}],"replies":[{"embeddable":true,"href":"https:\/\/regbu.com\/lv\/wp-json\/wp\/v2\/comments?post=355"}],"version-history":[{"count":4,"href":"https:\/\/regbu.com\/lv\/wp-json\/wp\/v2\/posts\/355\/revisions"}],"predecessor-version":[{"id":384,"href":"https:\/\/regbu.com\/lv\/wp-json\/wp\/v2\/posts\/355\/revisions\/384"}],"wp:featuredmedia":[{"embeddable":true,"href":"https:\/\/regbu.com\/lv\/wp-json\/wp\/v2\/media\/356"}],"wp:attachment":[{"href":"https:\/\/regbu.com\/lv\/wp-json\/wp\/v2\/media?parent=355"}],"wp:term":[{"taxonomy":"category","embeddable":true,"href":"https:\/\/regbu.com\/lv\/wp-json\/wp\/v2\/categories?post=355"},{"taxonomy":"post_tag","embeddable":true,"href":"https:\/\/regbu.com\/lv\/wp-json\/wp\/v2\/tags?post=355"}],"curies":[{"name":"wp","href":"https:\/\/api.w.org\/{rel}","templated":true}]}}