{"id":144,"date":"2022-01-05T08:46:00","date_gmt":"2022-01-05T07:46:00","guid":{"rendered":"https:\/\/regbu.com\/?p=144"},"modified":"2025-09-05T07:42:59","modified_gmt":"2025-09-05T05:42:59","slug":"lucie-bila-drzi-post-nejlepsi-ceske-popove-zpevacky","status":"publish","type":"post","link":"https:\/\/regbu.com\/lv\/lucie-bila-keeps-post-best-czech-pop-singers\/","title":{"rendered":"Lucie B\u00edl\u00e1 ir lab\u0101k\u0101 \u010cehijas popm\u016bzikas dzied\u0101t\u0101ja"},"content":{"rendered":"<p>Starp v\u0113sturiski slaven\u0101kajiem dzied\u0101t\u0101jiem noteikti ir <strong><a href=\"https:\/\/regbu.com\/lv\/vera-spinarova-ir-daudz-bez-garlaicigu-hitu\/\">V\u011bra \u0160pinarova<\/a><\/strong>. Tom\u0113r, run\u0101jot par lab\u0101ko \u010dehu popm\u016bzikas dzied\u0101t\u0101ju, neviens nevar liegt \u0161o titulu citai d\u0101mai. Un t\u0101 ir L\u016bsija B\u012bl\u0101. Dzied\u0101t\u0101js, kur\u0161 ir ieguvis reput\u0101ciju vis\u0101s vecuma kategorij\u0101s. Ikviens zina vi\u0146as \u0101\u0137\u012bg\u0101s dziesmas, lai gan popm\u016bzika nav vi\u0146as \u017eanrs.<\/p>\n\n\n\n<h2 class=\"wp-block-heading\">K\u0101 rad\u0101s Lucie B\u00edl\u00e1?<\/h2>\n\n\n\n<p><strong>Lucie B\u00edl\u00e1<\/strong> <strong>izcelsme: Hana Za\u0148\u00e1kov\u00e1<\/strong>. S\u0101kotn\u0113ji vi\u0146a bija rokdzied\u0101t\u0101ja, bet p\u0113c tam p\u0101rg\u0101ja uz popm\u016bzikas pasauli, kur vi\u0146a ieguva savu liel\u0101ko slavu. Vair\u0101k par \u0161\u012bs zelta slaven\u012bbas dz\u012bvi varat izlas\u012bt n\u0101kamaj\u0101 tabul\u0101.<\/p>\n\n\n\n<figure class=\"wp-block-table\"><table><tbody><tr><td><strong>Temats<\/strong><\/td><td><strong>V\u0113rt\u012bba<\/strong><\/td><\/tr><tr><td>Dzim\u0161ana<\/td><td>1966. gada 7. apr\u012blis<\/td><\/tr><tr><td>Dzim\u0161anas vieta<\/td><td>Kladno<\/td><\/tr><tr><td>\u017danri<\/td><td>Popm\u016bzika un roks<\/td><\/tr><tr><td>Instrumenti<\/td><td>Vok\u0101ls<\/td><\/tr><\/tbody><\/table><figcaption>Viss, kas jums j\u0101zina par zelta slinkli.<\/figcaption><\/figure>\n\n\n\n<p>Fanu vid\u016b L\u016bsija bie\u017ei tiek d\u0113v\u0113ta par popm\u016bzikas karalieni. Papildus dzied\u0101t\u0101jas pamatprofesijai vi\u0146a ir ar\u012b neregul\u0101ra un veiksm\u012bga aktrise. Cita starp\u0101 vi\u0146a dzied da\u017e\u0101dos m\u016bziklos.<\/p>\n\n\n\n<h2 class=\"wp-block-heading\">Rado\u0161\u0101 jaunrade bez robe\u017e\u0101m<\/h2>\n\n\n\n<p>Nav noliedzams, ka Lucie B\u00edl\u00e1 ir <strong>rado\u0161as person\u012bbas<\/strong>. To apliecina vi\u0146as bag\u0101t\u0101 un daudzveid\u012bg\u0101 diskogr\u0101fija, kurai burtiski nav robe\u017eu. Savas ilg\u0101s karjeras laik\u0101 vi\u0146a ir izdevusi daudz soloalbumu, k\u0101 ar\u012b kop\u012bgus duetus. Piem\u0113ram, ar\u00a0<strong><a href=\"https:\/\/regbu.com\/lv\/karel-gott-to-be-unbeatbeatable-god-kaja\/\">K\u0101rlis Gots<\/a><\/strong>. Turpin\u0101jum\u0101 tika izdotas izlases, ska\u0146u celi\u0146i un koncertalbumi. Da\u017e\u0101s audio pasak\u0101s var dzird\u0113t vi\u0146as balsi.<\/p>\n\n\n\n<p>Run\u0101jot par slaven\u0101m dziesm\u0101m, tie noteikti b\u016bs t\u0101di hiti k\u0101 eSeMeS, Love is Love, You are my master vai Trouba. Ja jums gribas m\u016bziklu ar L\u016bsiju B\u012blu, tad nep\u0101rprotami uzvar\u0113t\u0101ji ir \"M\u0101sa darb\u012bb\u0101\", \"Karmena\", \"A\u012bda\", \"Adamsu \u0123imene\", \"M\u012blest\u012bba ir m\u012blest\u012bba\" un daudzi citi. Starp citu, vi\u0146a ir iesaist\u012bta muzik\u0101laj\u0101 dz\u012bv\u0113 kop\u0161 1992. gada.<\/p>\n\n\n\n<h3 class=\"wp-block-heading\">Lucie B\u00edl\u00e1 kr\u0101j vienu balvu p\u0113c otras<\/h3>\n\n\n\n<p>Ja k\u0101ds ir veiksm\u012bgs, tas, protams, izpau\u017eas ar\u012b apbalvo\u0161anas jom\u0101. Un \u0161is dzied\u0101t\u0101js ir ieguvis daudzas no t\u0101m. Neatkar\u012bgi no t\u0101, vai t\u0101 ir \u010cehijas Grammy balva, Thalia balva, And\u017eel balva vai <strong>\u010cehijas lakst\u012bgala<\/strong>. Glu\u017ei t\u0101pat k\u0101 Karels Gots vald\u012bja starp v\u012brie\u0161u dzied\u0101t\u0101jiem, Lucie B\u00edl\u00e1 burtiski iekaroja gada dzied\u0101t\u0101jas kategoriju. Un to vi\u0146a ir dar\u012bjusi daudzu gadu garum\u0101, kad regul\u0101ri ir bijusi uzvar\u0113t\u0101ju sarakst\u0101.<\/p>","protected":false},"excerpt":{"rendered":"<p>Vera \u0160pinarova noteikti ir viena no v\u0113sturiski slaven\u0101kaj\u0101m dzied\u0101t\u0101j\u0101m. Tom\u0113r, run\u0101jot par lab\u0101ko \u010dehu popm\u016bzikas dzied\u0101t\u0101ju, neviens nevar liegt \u0161o titulu citai d\u0101mai. Un t\u0101 ir L\u016bsija B\u012bl\u0101. Dzied\u0101t\u0101js, kur\u0161 ir ieguvis reput\u0101ciju vis\u0101s vecuma kategorij\u0101s. Ikviens zina vi\u0146as \u0101\u0137\u012bg\u0101s dziesmas, lai gan popm\u016bzika nav vi\u0146as \u017eanrs. ... <\/p>","protected":false},"author":2,"featured_media":145,"comment_status":"closed","ping_status":"closed","sticky":false,"template":"","format":"standard","meta":{"footnotes":""},"categories":[11],"tags":[139,140,97,106,141,142,111,143,144,125],"class_list":["post-144","post","type-post","status-publish","format-standard","has-post-thumbnail","hentry","category-hudba","tag-bila","tag-ceska-slavice","tag-cesky-slavik","tag-hudba","tag-lucie-bila","tag-muzikaly","tag-pop","tag-slavice","tag-vokal","tag-zpevacka"],"yoast_head":"<!-- This site is optimized with the Yoast SEO plugin v27.5 - https:\/\/yoast.com\/product\/yoast-seo-wordpress\/ -->\n<title>Lucie B\u00edl\u00e1 dr\u017e\u00ed post nejlep\u0161\u00ed \u010desk\u00e9 popov\u00e9 zp\u011bva\u010dky - REGBU.COM<\/title>\n<meta name=\"description\" content=\"Lucie B\u00edl\u00e1 je v hudebn\u00edm sv\u011bt\u011b fenom\u00e9nem, kter\u00fd nen\u00ed t\u0159eba p\u0159edstavovat. Zn\u00e1te nejv\u011bt\u0161\u00ed hity t\u00e9to zp\u011bva\u010dky a v\u00edte, jak\u00e9 je jej\u00ed prav\u00e9 jm\u00e9no?\" \/>\n<meta name=\"robots\" content=\"index, follow, max-snippet:-1, max-image-preview:large, max-video-preview:-1\" \/>\n<link rel=\"canonical\" href=\"https:\/\/regbu.com\/lv\/lucie-bila-keeps-post-best-czech-pop-singers\/\" \/>\n<meta property=\"og:locale\" content=\"lv_LV\" \/>\n<meta property=\"og:type\" content=\"article\" \/>\n<meta property=\"og:title\" content=\"Lucie B\u00edl\u00e1 dr\u017e\u00ed post nejlep\u0161\u00ed \u010desk\u00e9 popov\u00e9 zp\u011bva\u010dky - REGBU.COM\" \/>\n<meta property=\"og:description\" content=\"Lucie B\u00edl\u00e1 je v hudebn\u00edm sv\u011bt\u011b fenom\u00e9nem, kter\u00fd nen\u00ed t\u0159eba p\u0159edstavovat. Zn\u00e1te nejv\u011bt\u0161\u00ed hity t\u00e9to zp\u011bva\u010dky a v\u00edte, jak\u00e9 je jej\u00ed prav\u00e9 jm\u00e9no?\" \/>\n<meta property=\"og:url\" content=\"https:\/\/regbu.com\/lv\/lucie-bila-keeps-post-best-czech-pop-singers\/\" \/>\n<meta property=\"og:site_name\" content=\"REGBU.COM\" \/>\n<meta property=\"article:published_time\" content=\"2022-01-05T07:46:00+00:00\" \/>\n<meta property=\"article:modified_time\" content=\"2025-09-05T05:42:59+00:00\" \/>\n<meta property=\"og:image\" content=\"https:\/\/regbu.com\/wp-content\/uploads\/2022\/01\/lucie-bila-drzi-post-nejlepci-ceske-popove-zpevacky.jpg\" \/>\n\t<meta property=\"og:image:width\" content=\"1200\" \/>\n\t<meta property=\"og:image:height\" content=\"678\" \/>\n\t<meta property=\"og:image:type\" content=\"image\/jpeg\" \/>\n<meta name=\"author\" content=\"George Martin\" \/>\n<meta name=\"twitter:card\" content=\"summary_large_image\" \/>\n<meta name=\"twitter:label1\" content=\"Written by\" \/>\n\t<meta name=\"twitter:data1\" content=\"George Martin\" \/>\n\t<meta name=\"twitter:label2\" content=\"Est. reading time\" \/>\n\t<meta name=\"twitter:data2\" content=\"2 min\u016btes\" \/>\n<script type=\"application\/ld+json\" class=\"yoast-schema-graph\">{\"@context\":\"https:\\\/\\\/schema.org\",\"@graph\":[{\"@type\":\"Article\",\"@id\":\"https:\\\/\\\/regbu.com\\\/lucie-bila-drzi-post-nejlepsi-ceske-popove-zpevacky\\\/#article\",\"isPartOf\":{\"@id\":\"https:\\\/\\\/regbu.com\\\/lucie-bila-drzi-post-nejlepsi-ceske-popove-zpevacky\\\/\"},\"author\":{\"name\":\"George Martin\",\"@id\":\"https:\\\/\\\/regbu.com\\\/en\\\/#\\\/schema\\\/person\\\/94ea9deda2629771b8a9ced002f6784e\"},\"headline\":\"Lucie B\u00edl\u00e1 dr\u017e\u00ed post nejlep\u0161\u00ed \u010desk\u00e9 popov\u00e9 zp\u011bva\u010dky\",\"datePublished\":\"2022-01-05T07:46:00+00:00\",\"dateModified\":\"2025-09-05T05:42:59+00:00\",\"mainEntityOfPage\":{\"@id\":\"https:\\\/\\\/regbu.com\\\/lucie-bila-drzi-post-nejlepsi-ceske-popove-zpevacky\\\/\"},\"wordCount\":462,\"image\":{\"@id\":\"https:\\\/\\\/regbu.com\\\/lucie-bila-drzi-post-nejlepsi-ceske-popove-zpevacky\\\/#primaryimage\"},\"thumbnailUrl\":\"https:\\\/\\\/regbu.com\\\/wp-content\\\/uploads\\\/2022\\\/01\\\/lucie-bila-drzi-post-nejlepci-ceske-popove-zpevacky.jpg\",\"keywords\":[\"B\u00edl\u00e1\",\"\u010desk\u00e1 slavice\",\"\u010desk\u00fd slav\u00edk\",\"hudba\",\"Lucie B\u00edl\u00e1\",\"muzik\u00e1ly\",\"pop\",\"slavice\",\"vok\u00e1l\",\"zp\u011bva\u010dka\"],\"articleSection\":[\"Hudba\"],\"inLanguage\":\"lv-LV\"},{\"@type\":\"WebPage\",\"@id\":\"https:\\\/\\\/regbu.com\\\/lucie-bila-drzi-post-nejlepsi-ceske-popove-zpevacky\\\/\",\"url\":\"https:\\\/\\\/regbu.com\\\/lucie-bila-drzi-post-nejlepsi-ceske-popove-zpevacky\\\/\",\"name\":\"Lucie B\u00edl\u00e1 dr\u017e\u00ed post nejlep\u0161\u00ed \u010desk\u00e9 popov\u00e9 zp\u011bva\u010dky - REGBU.COM\",\"isPartOf\":{\"@id\":\"https:\\\/\\\/regbu.com\\\/en\\\/#website\"},\"primaryImageOfPage\":{\"@id\":\"https:\\\/\\\/regbu.com\\\/lucie-bila-drzi-post-nejlepsi-ceske-popove-zpevacky\\\/#primaryimage\"},\"image\":{\"@id\":\"https:\\\/\\\/regbu.com\\\/lucie-bila-drzi-post-nejlepsi-ceske-popove-zpevacky\\\/#primaryimage\"},\"thumbnailUrl\":\"https:\\\/\\\/regbu.com\\\/wp-content\\\/uploads\\\/2022\\\/01\\\/lucie-bila-drzi-post-nejlepci-ceske-popove-zpevacky.jpg\",\"datePublished\":\"2022-01-05T07:46:00+00:00\",\"dateModified\":\"2025-09-05T05:42:59+00:00\",\"author\":{\"@id\":\"https:\\\/\\\/regbu.com\\\/en\\\/#\\\/schema\\\/person\\\/94ea9deda2629771b8a9ced002f6784e\"},\"description\":\"Lucie B\u00edl\u00e1 je v hudebn\u00edm sv\u011bt\u011b fenom\u00e9nem, kter\u00fd nen\u00ed t\u0159eba p\u0159edstavovat. Zn\u00e1te nejv\u011bt\u0161\u00ed hity t\u00e9to zp\u011bva\u010dky a v\u00edte, jak\u00e9 je jej\u00ed prav\u00e9 jm\u00e9no?\",\"breadcrumb\":{\"@id\":\"https:\\\/\\\/regbu.com\\\/lucie-bila-drzi-post-nejlepsi-ceske-popove-zpevacky\\\/#breadcrumb\"},\"inLanguage\":\"lv-LV\",\"potentialAction\":[{\"@type\":\"ReadAction\",\"target\":[\"https:\\\/\\\/regbu.com\\\/lucie-bila-drzi-post-nejlepsi-ceske-popove-zpevacky\\\/\"]}]},{\"@type\":\"ImageObject\",\"inLanguage\":\"lv-LV\",\"@id\":\"https:\\\/\\\/regbu.com\\\/lucie-bila-drzi-post-nejlepsi-ceske-popove-zpevacky\\\/#primaryimage\",\"url\":\"https:\\\/\\\/regbu.com\\\/wp-content\\\/uploads\\\/2022\\\/01\\\/lucie-bila-drzi-post-nejlepci-ceske-popove-zpevacky.jpg\",\"contentUrl\":\"https:\\\/\\\/regbu.com\\\/wp-content\\\/uploads\\\/2022\\\/01\\\/lucie-bila-drzi-post-nejlepci-ceske-popove-zpevacky.jpg\",\"width\":1200,\"height\":678,\"caption\":\"Lucie B\u00edl\u00e1 dr\u017e\u00ed post nejlep\u0161\u00ed \u010desk\u00e9 popov\u00e9 zp\u011bva\u010dky\"},{\"@type\":\"BreadcrumbList\",\"@id\":\"https:\\\/\\\/regbu.com\\\/lucie-bila-drzi-post-nejlepsi-ceske-popove-zpevacky\\\/#breadcrumb\",\"itemListElement\":[{\"@type\":\"ListItem\",\"position\":1,\"name\":\"Home\",\"item\":\"https:\\\/\\\/regbu.com\\\/en\\\/\"},{\"@type\":\"ListItem\",\"position\":2,\"name\":\"Lucie B\u00edl\u00e1 dr\u017e\u00ed post nejlep\u0161\u00ed \u010desk\u00e9 popov\u00e9 zp\u011bva\u010dky\"}]},{\"@type\":\"WebSite\",\"@id\":\"https:\\\/\\\/regbu.com\\\/en\\\/#website\",\"url\":\"https:\\\/\\\/regbu.com\\\/en\\\/\",\"name\":\"REGBU.COM\",\"description\":\"\",\"potentialAction\":[{\"@type\":\"SearchAction\",\"target\":{\"@type\":\"EntryPoint\",\"urlTemplate\":\"https:\\\/\\\/regbu.com\\\/en\\\/?s={search_term_string}\"},\"query-input\":{\"@type\":\"PropertyValueSpecification\",\"valueRequired\":true,\"valueName\":\"search_term_string\"}}],\"inLanguage\":\"lv-LV\"},{\"@type\":\"Person\",\"@id\":\"https:\\\/\\\/regbu.com\\\/en\\\/#\\\/schema\\\/person\\\/94ea9deda2629771b8a9ced002f6784e\",\"name\":\"George Martin\",\"url\":\"https:\\\/\\\/regbu.com\\\/lv\\\/author\\\/george-martin\\\/\"}]}<\/script>\n<!-- \/ Yoast SEO plugin. -->","yoast_head_json":{"title":"Lucie B\u00edl\u00e1 ir lab\u0101k\u0101 \u010cehijas popdzied\u0101t\u0101ja - REGBU.COM","description":"Lucie B\u00edl\u00e1 ir m\u016bzikas pasaules fenomens, kas nav j\u0101iepaz\u012bstina. Vai j\u016bs zin\u0101t dzied\u0101t\u0101jas liel\u0101kos hitus un vai zin\u0101t, k\u0101ds ir vi\u0146as \u012bstais v\u0101rds?","robots":{"index":"index","follow":"follow","max-snippet":"max-snippet:-1","max-image-preview":"max-image-preview:large","max-video-preview":"max-video-preview:-1"},"canonical":"https:\/\/regbu.com\/lv\/lucie-bila-keeps-post-best-czech-pop-singers\/","og_locale":"lv_LV","og_type":"article","og_title":"Lucie B\u00edl\u00e1 dr\u017e\u00ed post nejlep\u0161\u00ed \u010desk\u00e9 popov\u00e9 zp\u011bva\u010dky - REGBU.COM","og_description":"Lucie B\u00edl\u00e1 je v hudebn\u00edm sv\u011bt\u011b fenom\u00e9nem, kter\u00fd nen\u00ed t\u0159eba p\u0159edstavovat. Zn\u00e1te nejv\u011bt\u0161\u00ed hity t\u00e9to zp\u011bva\u010dky a v\u00edte, jak\u00e9 je jej\u00ed prav\u00e9 jm\u00e9no?","og_url":"https:\/\/regbu.com\/lv\/lucie-bila-keeps-post-best-czech-pop-singers\/","og_site_name":"REGBU.COM","article_published_time":"2022-01-05T07:46:00+00:00","article_modified_time":"2025-09-05T05:42:59+00:00","og_image":[{"width":1200,"height":678,"url":"https:\/\/regbu.com\/wp-content\/uploads\/2022\/01\/lucie-bila-drzi-post-nejlepci-ceske-popove-zpevacky.jpg","type":"image\/jpeg"}],"author":"George Martin","twitter_card":"summary_large_image","twitter_misc":{"Written by":"George Martin","Est. reading time":"2 min\u016btes"},"schema":{"@context":"https:\/\/schema.org","@graph":[{"@type":"Article","@id":"https:\/\/regbu.com\/lucie-bila-drzi-post-nejlepsi-ceske-popove-zpevacky\/#article","isPartOf":{"@id":"https:\/\/regbu.com\/lucie-bila-drzi-post-nejlepsi-ceske-popove-zpevacky\/"},"author":{"name":"George Martin","@id":"https:\/\/regbu.com\/en\/#\/schema\/person\/94ea9deda2629771b8a9ced002f6784e"},"headline":"Lucie B\u00edl\u00e1 dr\u017e\u00ed post nejlep\u0161\u00ed \u010desk\u00e9 popov\u00e9 zp\u011bva\u010dky","datePublished":"2022-01-05T07:46:00+00:00","dateModified":"2025-09-05T05:42:59+00:00","mainEntityOfPage":{"@id":"https:\/\/regbu.com\/lucie-bila-drzi-post-nejlepsi-ceske-popove-zpevacky\/"},"wordCount":462,"image":{"@id":"https:\/\/regbu.com\/lucie-bila-drzi-post-nejlepsi-ceske-popove-zpevacky\/#primaryimage"},"thumbnailUrl":"https:\/\/regbu.com\/wp-content\/uploads\/2022\/01\/lucie-bila-drzi-post-nejlepci-ceske-popove-zpevacky.jpg","keywords":["B\u00edl\u00e1","\u010desk\u00e1 slavice","\u010desk\u00fd slav\u00edk","hudba","Lucie B\u00edl\u00e1","muzik\u00e1ly","pop","slavice","vok\u00e1l","zp\u011bva\u010dka"],"articleSection":["Hudba"],"inLanguage":"lv-LV"},{"@type":"WebPage","@id":"https:\/\/regbu.com\/lucie-bila-drzi-post-nejlepsi-ceske-popove-zpevacky\/","url":"https:\/\/regbu.com\/lucie-bila-drzi-post-nejlepsi-ceske-popove-zpevacky\/","name":"Lucie B\u00edl\u00e1 ir lab\u0101k\u0101 \u010cehijas popdzied\u0101t\u0101ja - REGBU.COM","isPartOf":{"@id":"https:\/\/regbu.com\/en\/#website"},"primaryImageOfPage":{"@id":"https:\/\/regbu.com\/lucie-bila-drzi-post-nejlepsi-ceske-popove-zpevacky\/#primaryimage"},"image":{"@id":"https:\/\/regbu.com\/lucie-bila-drzi-post-nejlepsi-ceske-popove-zpevacky\/#primaryimage"},"thumbnailUrl":"https:\/\/regbu.com\/wp-content\/uploads\/2022\/01\/lucie-bila-drzi-post-nejlepci-ceske-popove-zpevacky.jpg","datePublished":"2022-01-05T07:46:00+00:00","dateModified":"2025-09-05T05:42:59+00:00","author":{"@id":"https:\/\/regbu.com\/en\/#\/schema\/person\/94ea9deda2629771b8a9ced002f6784e"},"description":"Lucie B\u00edl\u00e1 ir m\u016bzikas pasaules fenomens, kas nav j\u0101iepaz\u012bstina. Vai j\u016bs zin\u0101t dzied\u0101t\u0101jas liel\u0101kos hitus un vai zin\u0101t, k\u0101ds ir vi\u0146as \u012bstais v\u0101rds?","breadcrumb":{"@id":"https:\/\/regbu.com\/lucie-bila-drzi-post-nejlepsi-ceske-popove-zpevacky\/#breadcrumb"},"inLanguage":"lv-LV","potentialAction":[{"@type":"ReadAction","target":["https:\/\/regbu.com\/lucie-bila-drzi-post-nejlepsi-ceske-popove-zpevacky\/"]}]},{"@type":"ImageObject","inLanguage":"lv-LV","@id":"https:\/\/regbu.com\/lucie-bila-drzi-post-nejlepsi-ceske-popove-zpevacky\/#primaryimage","url":"https:\/\/regbu.com\/wp-content\/uploads\/2022\/01\/lucie-bila-drzi-post-nejlepci-ceske-popove-zpevacky.jpg","contentUrl":"https:\/\/regbu.com\/wp-content\/uploads\/2022\/01\/lucie-bila-drzi-post-nejlepci-ceske-popove-zpevacky.jpg","width":1200,"height":678,"caption":"Lucie B\u00edl\u00e1 dr\u017e\u00ed post nejlep\u0161\u00ed \u010desk\u00e9 popov\u00e9 zp\u011bva\u010dky"},{"@type":"BreadcrumbList","@id":"https:\/\/regbu.com\/lucie-bila-drzi-post-nejlepsi-ceske-popove-zpevacky\/#breadcrumb","itemListElement":[{"@type":"ListItem","position":1,"name":"Home","item":"https:\/\/regbu.com\/en\/"},{"@type":"ListItem","position":2,"name":"Lucie B\u00edl\u00e1 dr\u017e\u00ed post nejlep\u0161\u00ed \u010desk\u00e9 popov\u00e9 zp\u011bva\u010dky"}]},{"@type":"WebSite","@id":"https:\/\/regbu.com\/en\/#website","url":"https:\/\/regbu.com\/en\/","name":"REGBU.COM","description":"","potentialAction":[{"@type":"SearchAction","target":{"@type":"EntryPoint","urlTemplate":"https:\/\/regbu.com\/en\/?s={search_term_string}"},"query-input":{"@type":"PropertyValueSpecification","valueRequired":true,"valueName":"search_term_string"}}],"inLanguage":"lv-LV"},{"@type":"Person","@id":"https:\/\/regbu.com\/en\/#\/schema\/person\/94ea9deda2629771b8a9ced002f6784e","name":"D\u017eord\u017es M\u0101rtins","url":"https:\/\/regbu.com\/lv\/author\/george-martin\/"}]}},"_links":{"self":[{"href":"https:\/\/regbu.com\/lv\/wp-json\/wp\/v2\/posts\/144","targetHints":{"allow":["GET"]}}],"collection":[{"href":"https:\/\/regbu.com\/lv\/wp-json\/wp\/v2\/posts"}],"about":[{"href":"https:\/\/regbu.com\/lv\/wp-json\/wp\/v2\/types\/post"}],"author":[{"embeddable":true,"href":"https:\/\/regbu.com\/lv\/wp-json\/wp\/v2\/users\/2"}],"replies":[{"embeddable":true,"href":"https:\/\/regbu.com\/lv\/wp-json\/wp\/v2\/comments?post=144"}],"version-history":[{"count":3,"href":"https:\/\/regbu.com\/lv\/wp-json\/wp\/v2\/posts\/144\/revisions"}],"predecessor-version":[{"id":160,"href":"https:\/\/regbu.com\/lv\/wp-json\/wp\/v2\/posts\/144\/revisions\/160"}],"wp:featuredmedia":[{"embeddable":true,"href":"https:\/\/regbu.com\/lv\/wp-json\/wp\/v2\/media\/145"}],"wp:attachment":[{"href":"https:\/\/regbu.com\/lv\/wp-json\/wp\/v2\/media?parent=144"}],"wp:term":[{"taxonomy":"category","embeddable":true,"href":"https:\/\/regbu.com\/lv\/wp-json\/wp\/v2\/categories?post=144"},{"taxonomy":"post_tag","embeddable":true,"href":"https:\/\/regbu.com\/lv\/wp-json\/wp\/v2\/tags?post=144"}],"curies":[{"name":"wp","href":"https:\/\/api.w.org\/{rel}","templated":true}]}}