{"id":129,"date":"2022-01-04T08:06:22","date_gmt":"2022-01-04T07:06:22","guid":{"rendered":"https:\/\/regbu.com\/?p=129"},"modified":"2025-09-05T07:43:08","modified_gmt":"2025-09-05T05:43:08","slug":"karel-gott-to-je-neprekonatelny-bozsky-kaja","status":"publish","type":"post","link":"https:\/\/regbu.com\/lv\/karel-gott-to-be-unbeatbeatable-god-kaja\/","title":{"rendered":"Karel Gott - \u0160\u012b ir nep\u0101rsp\u0113jam\u0101 dievi\u0161\u0137\u0101 Kaja"},"content":{"rendered":"<p>\u010cehij\u0101 ir tikai da\u017ei dzied\u0101t\u0101ji, kuri ir paveiku\u0161i to, ko Karels Gots. \u0160is topu aug\u0161gal\u0101 eso\u0161ais dzied\u0101t\u0101js noteikti ir atst\u0101jis savu z\u012bmi uz <strong>\u010cehijas m\u016bzikas skatuves v\u0113sture<\/strong>. Par to nav \u0161aubu. To pier\u0101da t\u0101s popularit\u0101te ne tikai \u010cehij\u0101, bet ar\u012b \u0101rzem\u0113s. Ir desmitiem balvu, miljoniem p\u0101rdoto albumu un citi skaidri pier\u0101d\u012bjumi.<\/p>\n\n\n\n<h2 class=\"wp-block-heading\">Karela Gotta dz\u012bve<\/h2>\n\n\n\n<p>Karels Gots savas slaven\u0101s karjeras laik\u0101 ieguva vair\u0101kas ori\u0123in\u0101las iesaukas. Slaven\u0101kais no tiem neap\u0161aub\u0101mi ir Dievi\u0161\u0137\u0101 Kaija. Tom\u0113r bija v\u0113l divi citi. Piem\u0113ram, Pr\u0101gas Zelta balss vai Austrumu Sinatra. Vair\u0101k par vi\u0146a dz\u012bvi var uzzin\u0101t no zem\u0101k redzam\u0101s tabulas.<\/p>\n\n\n\n<figure class=\"wp-block-table\"><table><tbody><tr><td><strong>Temats<\/strong><\/td><td><strong>V\u0113rt\u012bba<\/strong><\/td><\/tr><tr><td>Dzim\u0161ana<\/td><td>1939. gada 14. j\u016blijs<\/td><\/tr><tr><td>N\u0101ves gad\u012bjumi<\/td><td>2019. gada 1. oktobris<\/td><\/tr><tr><td>Nodarbo\u0161an\u0101s<\/td><td>Aktieris, dzied\u0101t\u0101js, komponists un gleznot\u0101js<\/td><\/tr><tr><td>Balss fili\u0101le<\/td><td>Tenors<\/td><\/tr><\/tbody><\/table><figcaption>Nedaudz vair\u0101k par Karla Gotta dz\u012bvi.<\/figcaption><\/figure>\n\n\n\n<p>Dievi\u0161\u0137\u012bg\u0101 Kaja ir pier\u0101d\u012bjums tam, ka ar\u012b parasts elektri\u0137is var k\u013c\u016bt par vienu no \u010cehijas slaven\u0101kajiem dzied\u0101t\u0101jiem. Tas, protams, ir saist\u012bts ar d\u0101vanu vi\u0146a kakl\u0101, kas vi\u0146am tika dota kop\u0161 dzim\u0161anas.<\/p>\n\n\n\n<h2 class=\"wp-block-heading\">Zelta un \u010dehu lakst\u012bgala, tas ir Karel Gott<\/h2>\n\n\n\n<p>\u0160is fenomen\u0101lais dzied\u0101t\u0101js savas dz\u012bves laik\u0101 ir izpeln\u012bjies daudz apbalvojumu, par to nav \u0161aubu. Paties\u012bb\u0101 vi\u0146\u0161 daudzus gadus vald\u012bja vien\u0101 no aptauj\u0101m. Tas bija <strong>Zelta lakst\u012bgala, v\u0113l\u0101k \u010cehijas lakst\u012bgala<\/strong>. Savas ilggad\u0113j\u0101s skatuves darb\u012bbas laik\u0101 vi\u0146\u0161 ir sa\u0146\u0113mis 42 balvas \"Nightingale Awards\". \u0160\u012b ir pirm\u0101 vieta Gada dzied\u0101t\u0101ja aptauj\u0101. Tas bija papildus TV balv\u0101m un daudz\u0101m cit\u0101m balv\u0101m.<\/p>\n\n\n\n<h3 class=\"wp-block-heading\">Karels Gots ir vienk\u0101r\u0161i fenomens<\/h3>\n\n\n\n<p>Par Karla Gotta sasniegumiem noteikti nav v\u0113rts str\u012bd\u0113ties. Piem\u0113ram, 50 miljoni p\u0101rdoto ierakstu ir skaidrs pier\u0101d\u012bjums tam. Galu gal\u0101 savas ilg\u0101s karjeras laik\u0101 vi\u0146\u0161 pasp\u0113ja izdot 293 soloalbumus. Pateicoties popularit\u0101tei \u0101rzem\u0113s, vi\u0146\u0161 dzied\u0101ja pat sve\u0161valod\u0101s. T\u0101 ir, piem\u0113ram, ang\u013cu, krievu, v\u0101cu, it\u0101\u013cu, v\u0101cu vai lat\u012b\u0146u valoda. Protams, vislab\u0101k vi\u0146\u0161 sevi par\u0101d\u012bja \u010dehu valodas versij\u0101 pa\u0161m\u0101ju klaus\u012bt\u0101jiem.<\/p>\n\n\n\n<p>Karels Gots ir nesaraujami saist\u012bts ar&nbsp;<strong>ar virkni filmu dziesmu<\/strong>. Starp citu, vi\u0146\u0161 ir film\u0113jies ar\u012b daudz\u0101s film\u0101s. Vi\u0146\u0161 ir public\u0113jis vair\u0101kas gr\u0101matas, un vi\u0146a liel\u0101ko hitu saraksts ir bezgal\u012bgs. Kur\u0161 gan nezina Lady Carneval un da\u017eus citus vi\u0146a hitus?<\/p>","protected":false},"excerpt":{"rendered":"<p>\u010cehij\u0101 ir tikai da\u017ei dzied\u0101t\u0101ji, kuri ir paveiku\u0161i to, ko Karels Gots. \u0160is dzied\u0101t\u0101js, kas ir iek\u013cuvis topu aug\u0161gal\u0101, noteikti ir atst\u0101jis iespaidu uz \u010cehijas m\u016bzikas skatuves v\u0113sturi. Par to nav \u0161aubu. Par to liecina vi\u0146a popularit\u0101te ne tikai \u010cehij\u0101, bet ar\u012b \u0101rzem\u0113s. Ir desmitiem balvu, miljoniem p\u0101rdoto albumu un citi skaidri pier\u0101d\u012bjumi. Dz\u012bve ... <\/p>","protected":false},"author":2,"featured_media":130,"comment_status":"closed","ping_status":"closed","sticky":false,"template":"","format":"standard","meta":{"footnotes":""},"categories":[11],"tags":[96,97,98,99,100,101,102,103,104,105],"class_list":["post-129","post","type-post","status-publish","format-standard","has-post-thumbnail","hentry","category-hudba","tag-bozsky-kaja","tag-cesky-slavik","tag-gott","tag-hudebnik","tag-karel-gott","tag-sinatra-vychodu","tag-tenor","tag-umelec","tag-zlaty-slavik","tag-zpevak"],"yoast_head":"<!-- This site is optimized with the Yoast SEO plugin v27.5 - https:\/\/yoast.com\/product\/yoast-seo-wordpress\/ -->\n<title>Karel Gott \u2013 To je nep\u0159ekonateln\u00fd Bo\u017esk\u00fd K\u00e1ja - REGBU.COM<\/title>\n<meta name=\"description\" content=\"Kdo byl v \u010desku nejlep\u0161\u00edm zp\u011bv\u00e1kem v\u0161ech dob? Byl to Karel Gott, jeho\u017e p\u00edsn\u011b jsou v\u011b\u010dn\u00e9. Poznejte jeho \u017eivot do nejmen\u0161\u00edho detailu.\" \/>\n<meta name=\"robots\" content=\"index, follow, max-snippet:-1, max-image-preview:large, max-video-preview:-1\" \/>\n<link rel=\"canonical\" href=\"https:\/\/regbu.com\/lv\/karel-gott-to-be-unbeatbeatable-god-kaja\/\" \/>\n<meta property=\"og:locale\" content=\"lv_LV\" \/>\n<meta property=\"og:type\" content=\"article\" \/>\n<meta property=\"og:title\" content=\"Karel Gott \u2013 To je nep\u0159ekonateln\u00fd Bo\u017esk\u00fd K\u00e1ja - REGBU.COM\" \/>\n<meta property=\"og:description\" content=\"Kdo byl v \u010desku nejlep\u0161\u00edm zp\u011bv\u00e1kem v\u0161ech dob? Byl to Karel Gott, jeho\u017e p\u00edsn\u011b jsou v\u011b\u010dn\u00e9. Poznejte jeho \u017eivot do nejmen\u0161\u00edho detailu.\" \/>\n<meta property=\"og:url\" content=\"https:\/\/regbu.com\/lv\/karel-gott-to-be-unbeatbeatable-god-kaja\/\" \/>\n<meta property=\"og:site_name\" content=\"REGBU.COM\" \/>\n<meta property=\"article:published_time\" content=\"2022-01-04T07:06:22+00:00\" \/>\n<meta property=\"article:modified_time\" content=\"2025-09-05T05:43:08+00:00\" \/>\n<meta property=\"og:image\" content=\"https:\/\/regbu.com\/wp-content\/uploads\/2022\/01\/karel-gott-to-je-neprekonatelny-bozsky-kaja.jpg\" \/>\n\t<meta property=\"og:image:width\" content=\"1200\" \/>\n\t<meta property=\"og:image:height\" content=\"678\" \/>\n\t<meta property=\"og:image:type\" content=\"image\/jpeg\" \/>\n<meta name=\"author\" content=\"George Martin\" \/>\n<meta name=\"twitter:card\" content=\"summary_large_image\" \/>\n<meta name=\"twitter:label1\" content=\"Written by\" \/>\n\t<meta name=\"twitter:data1\" content=\"George Martin\" \/>\n\t<meta name=\"twitter:label2\" content=\"Est. reading time\" \/>\n\t<meta name=\"twitter:data2\" content=\"2 min\u016btes\" \/>\n<script type=\"application\/ld+json\" class=\"yoast-schema-graph\">{\"@context\":\"https:\\\/\\\/schema.org\",\"@graph\":[{\"@type\":\"Article\",\"@id\":\"https:\\\/\\\/regbu.com\\\/karel-gott-to-je-neprekonatelny-bozsky-kaja\\\/#article\",\"isPartOf\":{\"@id\":\"https:\\\/\\\/regbu.com\\\/karel-gott-to-je-neprekonatelny-bozsky-kaja\\\/\"},\"author\":{\"name\":\"George Martin\",\"@id\":\"https:\\\/\\\/regbu.com\\\/en\\\/#\\\/schema\\\/person\\\/94ea9deda2629771b8a9ced002f6784e\"},\"headline\":\"Karel Gott \u2013 To je nep\u0159ekonateln\u00fd Bo\u017esk\u00fd K\u00e1ja\",\"datePublished\":\"2022-01-04T07:06:22+00:00\",\"dateModified\":\"2025-09-05T05:43:08+00:00\",\"mainEntityOfPage\":{\"@id\":\"https:\\\/\\\/regbu.com\\\/karel-gott-to-je-neprekonatelny-bozsky-kaja\\\/\"},\"wordCount\":455,\"image\":{\"@id\":\"https:\\\/\\\/regbu.com\\\/karel-gott-to-je-neprekonatelny-bozsky-kaja\\\/#primaryimage\"},\"thumbnailUrl\":\"https:\\\/\\\/regbu.com\\\/wp-content\\\/uploads\\\/2022\\\/01\\\/karel-gott-to-je-neprekonatelny-bozsky-kaja.jpg\",\"keywords\":[\"Bo\u017esk\u00fd K\u00e1ja\",\"\u010desk\u00fd slav\u00edk\",\"Gott\",\"hudebn\u00edk\",\"Karel Gott\",\"sinatra v\u00fdchodu\",\"tenor\",\"um\u011blec\",\"Zlat\u00fd slav\u00edk\",\"zp\u011bv\u00e1k\"],\"articleSection\":[\"Hudba\"],\"inLanguage\":\"lv-LV\"},{\"@type\":\"WebPage\",\"@id\":\"https:\\\/\\\/regbu.com\\\/karel-gott-to-je-neprekonatelny-bozsky-kaja\\\/\",\"url\":\"https:\\\/\\\/regbu.com\\\/karel-gott-to-je-neprekonatelny-bozsky-kaja\\\/\",\"name\":\"Karel Gott \u2013 To je nep\u0159ekonateln\u00fd Bo\u017esk\u00fd K\u00e1ja - REGBU.COM\",\"isPartOf\":{\"@id\":\"https:\\\/\\\/regbu.com\\\/en\\\/#website\"},\"primaryImageOfPage\":{\"@id\":\"https:\\\/\\\/regbu.com\\\/karel-gott-to-je-neprekonatelny-bozsky-kaja\\\/#primaryimage\"},\"image\":{\"@id\":\"https:\\\/\\\/regbu.com\\\/karel-gott-to-je-neprekonatelny-bozsky-kaja\\\/#primaryimage\"},\"thumbnailUrl\":\"https:\\\/\\\/regbu.com\\\/wp-content\\\/uploads\\\/2022\\\/01\\\/karel-gott-to-je-neprekonatelny-bozsky-kaja.jpg\",\"datePublished\":\"2022-01-04T07:06:22+00:00\",\"dateModified\":\"2025-09-05T05:43:08+00:00\",\"author\":{\"@id\":\"https:\\\/\\\/regbu.com\\\/en\\\/#\\\/schema\\\/person\\\/94ea9deda2629771b8a9ced002f6784e\"},\"description\":\"Kdo byl v \u010desku nejlep\u0161\u00edm zp\u011bv\u00e1kem v\u0161ech dob? Byl to Karel Gott, jeho\u017e p\u00edsn\u011b jsou v\u011b\u010dn\u00e9. Poznejte jeho \u017eivot do nejmen\u0161\u00edho detailu.\",\"breadcrumb\":{\"@id\":\"https:\\\/\\\/regbu.com\\\/karel-gott-to-je-neprekonatelny-bozsky-kaja\\\/#breadcrumb\"},\"inLanguage\":\"lv-LV\",\"potentialAction\":[{\"@type\":\"ReadAction\",\"target\":[\"https:\\\/\\\/regbu.com\\\/karel-gott-to-je-neprekonatelny-bozsky-kaja\\\/\"]}]},{\"@type\":\"ImageObject\",\"inLanguage\":\"lv-LV\",\"@id\":\"https:\\\/\\\/regbu.com\\\/karel-gott-to-je-neprekonatelny-bozsky-kaja\\\/#primaryimage\",\"url\":\"https:\\\/\\\/regbu.com\\\/wp-content\\\/uploads\\\/2022\\\/01\\\/karel-gott-to-je-neprekonatelny-bozsky-kaja.jpg\",\"contentUrl\":\"https:\\\/\\\/regbu.com\\\/wp-content\\\/uploads\\\/2022\\\/01\\\/karel-gott-to-je-neprekonatelny-bozsky-kaja.jpg\",\"width\":1200,\"height\":678,\"caption\":\"Karel Gott \u2013 To je nep\u0159ekonateln\u00fd Bo\u017esk\u00fd K\u00e1ja\"},{\"@type\":\"BreadcrumbList\",\"@id\":\"https:\\\/\\\/regbu.com\\\/karel-gott-to-je-neprekonatelny-bozsky-kaja\\\/#breadcrumb\",\"itemListElement\":[{\"@type\":\"ListItem\",\"position\":1,\"name\":\"Home\",\"item\":\"https:\\\/\\\/regbu.com\\\/en\\\/\"},{\"@type\":\"ListItem\",\"position\":2,\"name\":\"Karel Gott \u2013 To je nep\u0159ekonateln\u00fd Bo\u017esk\u00fd K\u00e1ja\"}]},{\"@type\":\"WebSite\",\"@id\":\"https:\\\/\\\/regbu.com\\\/en\\\/#website\",\"url\":\"https:\\\/\\\/regbu.com\\\/en\\\/\",\"name\":\"REGBU.COM\",\"description\":\"\",\"potentialAction\":[{\"@type\":\"SearchAction\",\"target\":{\"@type\":\"EntryPoint\",\"urlTemplate\":\"https:\\\/\\\/regbu.com\\\/en\\\/?s={search_term_string}\"},\"query-input\":{\"@type\":\"PropertyValueSpecification\",\"valueRequired\":true,\"valueName\":\"search_term_string\"}}],\"inLanguage\":\"lv-LV\"},{\"@type\":\"Person\",\"@id\":\"https:\\\/\\\/regbu.com\\\/en\\\/#\\\/schema\\\/person\\\/94ea9deda2629771b8a9ced002f6784e\",\"name\":\"George Martin\",\"url\":\"https:\\\/\\\/regbu.com\\\/lv\\\/author\\\/george-martin\\\/\"}]}<\/script>\n<!-- \/ Yoast SEO plugin. -->","yoast_head_json":{"title":"Karel Gott - \u0160\u012b ir nep\u0101rsp\u0113jam\u0101 dievi\u0161\u0137\u0101 Kaja - REGBU.COM","description":"Kur\u0161 bija visu laiku lab\u0101kais \u010dehu dzied\u0101t\u0101js? Tas bija Karels Gots, kura dziesmas ir m\u016b\u017e\u012bgas. Iepaz\u012bstiet vi\u0146a dz\u012bvi l\u012bdz pat maz\u0101kajai deta\u013cai.","robots":{"index":"index","follow":"follow","max-snippet":"max-snippet:-1","max-image-preview":"max-image-preview:large","max-video-preview":"max-video-preview:-1"},"canonical":"https:\/\/regbu.com\/lv\/karel-gott-to-be-unbeatbeatable-god-kaja\/","og_locale":"lv_LV","og_type":"article","og_title":"Karel Gott \u2013 To je nep\u0159ekonateln\u00fd Bo\u017esk\u00fd K\u00e1ja - REGBU.COM","og_description":"Kdo byl v \u010desku nejlep\u0161\u00edm zp\u011bv\u00e1kem v\u0161ech dob? Byl to Karel Gott, jeho\u017e p\u00edsn\u011b jsou v\u011b\u010dn\u00e9. Poznejte jeho \u017eivot do nejmen\u0161\u00edho detailu.","og_url":"https:\/\/regbu.com\/lv\/karel-gott-to-be-unbeatbeatable-god-kaja\/","og_site_name":"REGBU.COM","article_published_time":"2022-01-04T07:06:22+00:00","article_modified_time":"2025-09-05T05:43:08+00:00","og_image":[{"width":1200,"height":678,"url":"https:\/\/regbu.com\/wp-content\/uploads\/2022\/01\/karel-gott-to-je-neprekonatelny-bozsky-kaja.jpg","type":"image\/jpeg"}],"author":"George Martin","twitter_card":"summary_large_image","twitter_misc":{"Written by":"George Martin","Est. reading time":"2 min\u016btes"},"schema":{"@context":"https:\/\/schema.org","@graph":[{"@type":"Article","@id":"https:\/\/regbu.com\/karel-gott-to-je-neprekonatelny-bozsky-kaja\/#article","isPartOf":{"@id":"https:\/\/regbu.com\/karel-gott-to-je-neprekonatelny-bozsky-kaja\/"},"author":{"name":"George Martin","@id":"https:\/\/regbu.com\/en\/#\/schema\/person\/94ea9deda2629771b8a9ced002f6784e"},"headline":"Karel Gott \u2013 To je nep\u0159ekonateln\u00fd Bo\u017esk\u00fd K\u00e1ja","datePublished":"2022-01-04T07:06:22+00:00","dateModified":"2025-09-05T05:43:08+00:00","mainEntityOfPage":{"@id":"https:\/\/regbu.com\/karel-gott-to-je-neprekonatelny-bozsky-kaja\/"},"wordCount":455,"image":{"@id":"https:\/\/regbu.com\/karel-gott-to-je-neprekonatelny-bozsky-kaja\/#primaryimage"},"thumbnailUrl":"https:\/\/regbu.com\/wp-content\/uploads\/2022\/01\/karel-gott-to-je-neprekonatelny-bozsky-kaja.jpg","keywords":["Bo\u017esk\u00fd K\u00e1ja","\u010desk\u00fd slav\u00edk","Gott","hudebn\u00edk","Karel Gott","sinatra v\u00fdchodu","tenor","um\u011blec","Zlat\u00fd slav\u00edk","zp\u011bv\u00e1k"],"articleSection":["Hudba"],"inLanguage":"lv-LV"},{"@type":"WebPage","@id":"https:\/\/regbu.com\/karel-gott-to-je-neprekonatelny-bozsky-kaja\/","url":"https:\/\/regbu.com\/karel-gott-to-je-neprekonatelny-bozsky-kaja\/","name":"Karel Gott - \u0160\u012b ir nep\u0101rsp\u0113jam\u0101 dievi\u0161\u0137\u0101 Kaja - REGBU.COM","isPartOf":{"@id":"https:\/\/regbu.com\/en\/#website"},"primaryImageOfPage":{"@id":"https:\/\/regbu.com\/karel-gott-to-je-neprekonatelny-bozsky-kaja\/#primaryimage"},"image":{"@id":"https:\/\/regbu.com\/karel-gott-to-je-neprekonatelny-bozsky-kaja\/#primaryimage"},"thumbnailUrl":"https:\/\/regbu.com\/wp-content\/uploads\/2022\/01\/karel-gott-to-je-neprekonatelny-bozsky-kaja.jpg","datePublished":"2022-01-04T07:06:22+00:00","dateModified":"2025-09-05T05:43:08+00:00","author":{"@id":"https:\/\/regbu.com\/en\/#\/schema\/person\/94ea9deda2629771b8a9ced002f6784e"},"description":"Kur\u0161 bija visu laiku lab\u0101kais \u010dehu dzied\u0101t\u0101js? Tas bija Karels Gots, kura dziesmas ir m\u016b\u017e\u012bgas. Iepaz\u012bstiet vi\u0146a dz\u012bvi l\u012bdz pat maz\u0101kajai deta\u013cai.","breadcrumb":{"@id":"https:\/\/regbu.com\/karel-gott-to-je-neprekonatelny-bozsky-kaja\/#breadcrumb"},"inLanguage":"lv-LV","potentialAction":[{"@type":"ReadAction","target":["https:\/\/regbu.com\/karel-gott-to-je-neprekonatelny-bozsky-kaja\/"]}]},{"@type":"ImageObject","inLanguage":"lv-LV","@id":"https:\/\/regbu.com\/karel-gott-to-je-neprekonatelny-bozsky-kaja\/#primaryimage","url":"https:\/\/regbu.com\/wp-content\/uploads\/2022\/01\/karel-gott-to-je-neprekonatelny-bozsky-kaja.jpg","contentUrl":"https:\/\/regbu.com\/wp-content\/uploads\/2022\/01\/karel-gott-to-je-neprekonatelny-bozsky-kaja.jpg","width":1200,"height":678,"caption":"Karel Gott \u2013 To je nep\u0159ekonateln\u00fd Bo\u017esk\u00fd K\u00e1ja"},{"@type":"BreadcrumbList","@id":"https:\/\/regbu.com\/karel-gott-to-je-neprekonatelny-bozsky-kaja\/#breadcrumb","itemListElement":[{"@type":"ListItem","position":1,"name":"Home","item":"https:\/\/regbu.com\/en\/"},{"@type":"ListItem","position":2,"name":"Karel Gott \u2013 To je nep\u0159ekonateln\u00fd Bo\u017esk\u00fd K\u00e1ja"}]},{"@type":"WebSite","@id":"https:\/\/regbu.com\/en\/#website","url":"https:\/\/regbu.com\/en\/","name":"REGBU.COM","description":"","potentialAction":[{"@type":"SearchAction","target":{"@type":"EntryPoint","urlTemplate":"https:\/\/regbu.com\/en\/?s={search_term_string}"},"query-input":{"@type":"PropertyValueSpecification","valueRequired":true,"valueName":"search_term_string"}}],"inLanguage":"lv-LV"},{"@type":"Person","@id":"https:\/\/regbu.com\/en\/#\/schema\/person\/94ea9deda2629771b8a9ced002f6784e","name":"D\u017eord\u017es M\u0101rtins","url":"https:\/\/regbu.com\/lv\/author\/george-martin\/"}]}},"_links":{"self":[{"href":"https:\/\/regbu.com\/lv\/wp-json\/wp\/v2\/posts\/129","targetHints":{"allow":["GET"]}}],"collection":[{"href":"https:\/\/regbu.com\/lv\/wp-json\/wp\/v2\/posts"}],"about":[{"href":"https:\/\/regbu.com\/lv\/wp-json\/wp\/v2\/types\/post"}],"author":[{"embeddable":true,"href":"https:\/\/regbu.com\/lv\/wp-json\/wp\/v2\/users\/2"}],"replies":[{"embeddable":true,"href":"https:\/\/regbu.com\/lv\/wp-json\/wp\/v2\/comments?post=129"}],"version-history":[{"count":2,"href":"https:\/\/regbu.com\/lv\/wp-json\/wp\/v2\/posts\/129\/revisions"}],"predecessor-version":[{"id":150,"href":"https:\/\/regbu.com\/lv\/wp-json\/wp\/v2\/posts\/129\/revisions\/150"}],"wp:featuredmedia":[{"embeddable":true,"href":"https:\/\/regbu.com\/lv\/wp-json\/wp\/v2\/media\/130"}],"wp:attachment":[{"href":"https:\/\/regbu.com\/lv\/wp-json\/wp\/v2\/media?parent=129"}],"wp:term":[{"taxonomy":"category","embeddable":true,"href":"https:\/\/regbu.com\/lv\/wp-json\/wp\/v2\/categories?post=129"},{"taxonomy":"post_tag","embeddable":true,"href":"https:\/\/regbu.com\/lv\/wp-json\/wp\/v2\/tags?post=129"}],"curies":[{"name":"wp","href":"https:\/\/api.w.org\/{rel}","templated":true}]}}