{"id":1277,"date":"2023-07-26T07:56:04","date_gmt":"2023-07-26T05:56:04","guid":{"rendered":"https:\/\/regbu.com\/?p=1277"},"modified":"2025-09-05T07:40:25","modified_gmt":"2025-09-05T05:40:25","slug":"povinne-ockovani-jemuz-se-deti-nevyhnou","status":"publish","type":"post","link":"https:\/\/regbu.com\/lv\/obligata-nokugosana-ja-berni-ne-izbrauc\/","title":{"rendered":"Oblig\u0101t\u0101s vakcin\u0101cijas, no kur\u0101m b\u0113rni nevar izvair\u012bties"},"content":{"rendered":"<p>Oblig\u0101t\u0101 vakcin\u0101cija gaida katru no mums m\u016bsu dz\u012bves laik\u0101. Tagad m\u0113s dom\u0101jam par vakcin\u0101ciju b\u0113rn\u012bb\u0101, par ko m\u0113s \u012bsti nevaram lemt. \u0160o aktu reglament\u0113 attiec\u012bgais dekr\u0113ts. Tiesa, katr\u0101 valst\u012b tas ir nedaudz at\u0161\u0137ir\u012bgs. Rezult\u0101t\u0101 ir daudz l\u012bdz\u012bbu. Vakcin\u0101cija visa s\u0101kum\u0101 paties\u012bb\u0101 ir paredz\u0113ta, lai\u00a0<strong><a href=\"https:\/\/regbu.com\/lv\/imunsistemas-stiprinasana-prakse\/\">im\u016bnsist\u0113mas stiprin\u0101\u0161ana<\/a><\/strong>.<\/p>\n\n\n\n<ul class=\"wp-block-list\">\n<li>Vakcin\u0113t no agr\u012bna vecuma<\/li>\n\n\n\n<li>B\u0113rni un pusaud\u017ei tiek vakcin\u0113ti<\/li>\n\n\n\n<li>Vakcin\u0101ciju veic \u0123imenes \u0101rsts.<\/li>\n<\/ul>\n\n\n\n<p>Ja piev\u0113rs\u012bsiet uzman\u012bbu oblig\u0101taj\u0101m vakcin\u0101cij\u0101m \u010cehij\u0101, j\u016bs sastapsieties ar devi\u0146iem da\u017e\u0101diem vakc\u012bnu veidiem. Da\u017eas no t\u0101m ir oblig\u0101tas, citas ir br\u012bvpr\u0101t\u012bgas un fakultat\u012bvas.<\/p>\n\n\n\n<h2 class=\"wp-block-heading\">Neoblig\u0101t\u0101s vakcin\u0101cijas - Vakc\u012bnas<\/h2>\n\n\n\n<p>Fakultat\u012bvo vakcin\u0101ciju sarakst\u0101 noteikti ir <strong>pneimokoku slim\u012bbas<\/strong>. \u0160aj\u0101 gad\u012bjum\u0101 tiek izmantota nedz\u012bva vakc\u012bna. Vec\u0101kiem b\u0113rniem ir pieejama HVP vakc\u012bna. To visbie\u017e\u0101k ievada ap b\u0113rna tr\u012bspadsmito dzim\u0161anas dienu. \u0160aj\u0101 izv\u0113les vakc\u012bnu grup\u0101 ietilpst ar\u012b meningokoka vakc\u012bnas. Ar\u012b par \u0161o vakcin\u0101ciju lemj b\u0113rna vec\u0101ki.<\/p>\n\n\n\n<h3 class=\"wp-block-heading\">Oblig\u0101t\u0101 vakcin\u0101cija - jaut\u0101jumi un atbildes<\/h3>\n\n\n\n<p>Bet tagad piev\u0113rs\u012bsimies vakc\u012bn\u0101m, kas ir oblig\u0101tas maziem b\u0113rniem. T\u0101s ir oblig\u0101tas saska\u0146\u0101 ar attiec\u012bgo valsts likumu vai dekr\u0113tu. Viena no \u0161\u0101d\u0101m vakc\u012bn\u0101m ir <strong>heksavakc\u012bna<\/strong>. Ja nezin\u0101t, ko iedom\u0101ties, izlasiet \u0161\u0101das rindas.<\/p>\n\n\n\n<div class=\"schema-faq wp-block-yoast-faq-block\"><div class=\"schema-faq-section\" id=\"faq-question-1690437377500\"><strong class=\"schema-faq-question\">Kas ir heksavakc\u012bna?<\/strong> <p class=\"schema-faq-answer\">T\u0101 ir \u012bpa\u0161a vakc\u012bna pret stingumkrampjiem, garo klepu, difteriju, poliomiel\u012btu un B v\u012brushepat\u012btu.<\/p> <\/div> <div class=\"schema-faq-section\" id=\"faq-question-1690437384207\"><strong class=\"schema-faq-question\">Kad tiek ievad\u012bta heksavakc\u012bna?<\/strong> <p class=\"schema-faq-answer\">To lieto aptuveni tre\u0161aj\u0101 m\u0113nes\u012b b\u0113rna vecum\u0101.<\/p> <\/div> <div class=\"schema-faq-section\" id=\"faq-question-1690437391824\"><strong class=\"schema-faq-question\">Kad tiek vakcin\u0113ta pret masali\u0146\u0101m, masali\u0146\u0101m un masal\u0101m?<\/strong> <p class=\"schema-faq-answer\">\u0160\u012b oblig\u0101t\u0101 vakcin\u0101cija tiek veikta starp tr\u012bspadsmito un asto\u0146padsmito b\u0113rna vecuma m\u0113nesi.<\/p> <\/div> <div class=\"schema-faq-section\" id=\"faq-question-1690437399852\"><strong class=\"schema-faq-question\">K\u0101das ir v\u0113l citas kombin\u0113t\u0101s vakc\u012bnas?<\/strong> <p class=\"schema-faq-answer\">Piem\u0113ram, difterijas, garo klepus un stingumkrampju kombin\u0101cija piektaj\u0101 b\u0113rna vecum\u0101. Turpm\u0101ka atk\u0101rtota vakcin\u0101cija notiek desmitaj\u0101 gad\u0101.<\/p> <\/div> <div class=\"schema-faq-section\" id=\"faq-question-1690437408632\"><strong class=\"schema-faq-question\">K\u0101das ir citas vakcin\u0101cijas, kas paredz\u0113tas konkr\u0113t\u0101m b\u0113rnu grup\u0101m?<\/strong> <p class=\"schema-faq-answer\">T\u0101 ir HEP B vakcin\u0101cija. T\u0101 ir ar\u012b vakcin\u0101cija pret tuberkulozi. Tom\u0113r \u0161\u0101da veida vakcin\u0101cijas \u0101rsts izv\u0113rt\u0113 individu\u0101li.<\/p> <\/div> <\/div>","protected":false},"excerpt":{"rendered":"<p>Oblig\u0101t\u0101 vakcin\u0101cija gaida katru no mums m\u016bsu dz\u012bves laik\u0101. Tagad m\u0113s dom\u0101jam par vakcin\u0101ciju b\u0113rn\u012bb\u0101, par ko m\u0113s \u012bsti nevaram lemt. \u0160o aktu reglament\u0113 attiec\u012bgais dekr\u0113ts. Tiesa, katr\u0101 valst\u012b tas ir nedaudz at\u0161\u0137ir\u012bgs. Rezult\u0101t\u0101 ir daudz l\u012bdz\u012bbu. Vakcin\u0101cija s\u0101kum\u0101 paties\u012bb\u0101 kalpo, lai stiprin\u0101tu ... <\/p>","protected":false},"author":2,"featured_media":1278,"comment_status":"closed","ping_status":"closed","sticky":false,"template":"","format":"standard","meta":{"footnotes":""},"categories":[197],"tags":[1538,1540,1537,1531,836,1536,901,1535,1541,1539],"class_list":["post-1277","post","type-post","status-publish","format-standard","has-post-thumbnail","hentry","category-lidske-zdravi","tag-cerny-kasel","tag-detska-obrna","tag-hexavakcina","tag-imunita","tag-imunitni-system","tag-nepovinne-ockovani","tag-ockovani","tag-povinne-ockovani","tag-vir","tag-zaskrt"],"yoast_head":"<!-- This site is optimized with the Yoast SEO plugin v27.4 - https:\/\/yoast.com\/product\/yoast-seo-wordpress\/ -->\n<title>Povinn\u00e9 o\u010dkov\u00e1n\u00ed, jemu\u017e se d\u011bti nevyhnou - REGBU.COM<\/title>\n<meta name=\"description\" content=\"V\u00edte, jak\u00e9 povinn\u00e9 o\u010dkov\u00e1n\u00ed je d\u016fle\u017eit\u00e9 pro Va\u0161e d\u00edt\u011b? Sezn\u00e1m\u00edme V\u00e1s s t\u011bmi nej\u010dast\u011bj\u0161\u00edmi i s t\u011bmi nepovinn\u00fdmi.\" \/>\n<meta name=\"robots\" content=\"index, follow, max-snippet:-1, max-image-preview:large, max-video-preview:-1\" \/>\n<link rel=\"canonical\" href=\"https:\/\/regbu.com\/lv\/obligata-nokugosana-ja-berni-ne-izbrauc\/\" \/>\n<meta property=\"og:locale\" content=\"lv_LV\" \/>\n<meta property=\"og:type\" content=\"article\" \/>\n<meta property=\"og:title\" content=\"Povinn\u00e9 o\u010dkov\u00e1n\u00ed, jemu\u017e se d\u011bti nevyhnou - REGBU.COM\" \/>\n<meta property=\"og:description\" content=\"V\u00edte, jak\u00e9 povinn\u00e9 o\u010dkov\u00e1n\u00ed je d\u016fle\u017eit\u00e9 pro Va\u0161e d\u00edt\u011b? Sezn\u00e1m\u00edme V\u00e1s s t\u011bmi nej\u010dast\u011bj\u0161\u00edmi i s t\u011bmi nepovinn\u00fdmi.\" \/>\n<meta property=\"og:url\" content=\"https:\/\/regbu.com\/lv\/obligata-nokugosana-ja-berni-ne-izbrauc\/\" \/>\n<meta property=\"og:site_name\" content=\"REGBU.COM\" \/>\n<meta property=\"article:published_time\" content=\"2023-07-26T05:56:04+00:00\" \/>\n<meta property=\"article:modified_time\" content=\"2025-09-05T05:40:25+00:00\" \/>\n<meta property=\"og:image\" content=\"https:\/\/regbu.com\/wp-content\/uploads\/2023\/07\/povinne-ockovani-jemuz-se-deti-nevyhnou.jpg\" \/>\n\t<meta property=\"og:image:width\" content=\"1200\" \/>\n\t<meta property=\"og:image:height\" content=\"678\" \/>\n\t<meta property=\"og:image:type\" content=\"image\/jpeg\" \/>\n<meta name=\"author\" content=\"George Martin\" \/>\n<meta name=\"twitter:card\" content=\"summary_large_image\" \/>\n<meta name=\"twitter:label1\" content=\"Written by\" \/>\n\t<meta name=\"twitter:data1\" content=\"George Martin\" \/>\n\t<meta name=\"twitter:label2\" content=\"Est. reading time\" \/>\n\t<meta name=\"twitter:data2\" content=\"2 min\u016btes\" \/>\n<script type=\"application\/ld+json\" class=\"yoast-schema-graph\">{\"@context\":\"https:\\\/\\\/schema.org\",\"@graph\":[{\"@type\":\"Article\",\"@id\":\"https:\\\/\\\/regbu.com\\\/lv\\\/obligata-nokugosana-ja-berni-ne-izbrauc\\\/#article\",\"isPartOf\":{\"@id\":\"https:\\\/\\\/regbu.com\\\/lv\\\/obligata-nokugosana-ja-berni-ne-izbrauc\\\/\"},\"author\":{\"name\":\"George Martin\",\"@id\":\"https:\\\/\\\/regbu.com\\\/en\\\/#\\\/schema\\\/person\\\/94ea9deda2629771b8a9ced002f6784e\"},\"headline\":\"Povinn\u00e9 o\u010dkov\u00e1n\u00ed, jemu\u017e se d\u011bti nevyhnou\",\"datePublished\":\"2023-07-26T05:56:04+00:00\",\"dateModified\":\"2025-09-05T05:40:25+00:00\",\"mainEntityOfPage\":{\"@id\":\"https:\\\/\\\/regbu.com\\\/lv\\\/obligata-nokugosana-ja-berni-ne-izbrauc\\\/\"},\"wordCount\":492,\"image\":{\"@id\":\"https:\\\/\\\/regbu.com\\\/lv\\\/obligata-nokugosana-ja-berni-ne-izbrauc\\\/#primaryimage\"},\"thumbnailUrl\":\"https:\\\/\\\/regbu.com\\\/wp-content\\\/uploads\\\/2023\\\/07\\\/povinne-ockovani-jemuz-se-deti-nevyhnou.jpg\",\"keywords\":[\"\u010dern\u00fd ka\u0161el\",\"d\u011btsk\u00e1 obrna\",\"hexavakc\u00edna\",\"imunita\",\"imunitn\u00ed syst\u00e9m\",\"nepovinn\u00e9 o\u010dkov\u00e1n\u00ed\",\"o\u010dkov\u00e1n\u00ed\",\"povinn\u00e9 o\u010dkov\u00e1n\u00ed\",\"vir\",\"z\u00e1\u0161krt\"],\"articleSection\":[\"Lidsk\u00e9 Zdrav\u00ed\"],\"inLanguage\":\"lv-LV\"},{\"@type\":[\"WebPage\",\"FAQPage\"],\"@id\":\"https:\\\/\\\/regbu.com\\\/lv\\\/obligata-nokugosana-ja-berni-ne-izbrauc\\\/\",\"url\":\"https:\\\/\\\/regbu.com\\\/lv\\\/obligata-nokugosana-ja-berni-ne-izbrauc\\\/\",\"name\":\"Povinn\u00e9 o\u010dkov\u00e1n\u00ed, jemu\u017e se d\u011bti nevyhnou - REGBU.COM\",\"isPartOf\":{\"@id\":\"https:\\\/\\\/regbu.com\\\/en\\\/#website\"},\"primaryImageOfPage\":{\"@id\":\"https:\\\/\\\/regbu.com\\\/lv\\\/obligata-nokugosana-ja-berni-ne-izbrauc\\\/#primaryimage\"},\"image\":{\"@id\":\"https:\\\/\\\/regbu.com\\\/lv\\\/obligata-nokugosana-ja-berni-ne-izbrauc\\\/#primaryimage\"},\"thumbnailUrl\":\"https:\\\/\\\/regbu.com\\\/wp-content\\\/uploads\\\/2023\\\/07\\\/povinne-ockovani-jemuz-se-deti-nevyhnou.jpg\",\"datePublished\":\"2023-07-26T05:56:04+00:00\",\"dateModified\":\"2025-09-05T05:40:25+00:00\",\"author\":{\"@id\":\"https:\\\/\\\/regbu.com\\\/en\\\/#\\\/schema\\\/person\\\/94ea9deda2629771b8a9ced002f6784e\"},\"description\":\"V\u00edte, jak\u00e9 povinn\u00e9 o\u010dkov\u00e1n\u00ed je d\u016fle\u017eit\u00e9 pro Va\u0161e d\u00edt\u011b? Sezn\u00e1m\u00edme V\u00e1s s t\u011bmi nej\u010dast\u011bj\u0161\u00edmi i s t\u011bmi nepovinn\u00fdmi.\",\"breadcrumb\":{\"@id\":\"https:\\\/\\\/regbu.com\\\/lv\\\/obligata-nokugosana-ja-berni-ne-izbrauc\\\/#breadcrumb\"},\"mainEntity\":[{\"@id\":\"https:\\\/\\\/regbu.com\\\/lv\\\/obligata-nokugosana-ja-berni-ne-izbrauc\\\/#faq-question-1690437377500\"},{\"@id\":\"https:\\\/\\\/regbu.com\\\/lv\\\/obligata-nokugosana-ja-berni-ne-izbrauc\\\/#faq-question-1690437384207\"},{\"@id\":\"https:\\\/\\\/regbu.com\\\/lv\\\/obligata-nokugosana-ja-berni-ne-izbrauc\\\/#faq-question-1690437391824\"},{\"@id\":\"https:\\\/\\\/regbu.com\\\/lv\\\/obligata-nokugosana-ja-berni-ne-izbrauc\\\/#faq-question-1690437399852\"},{\"@id\":\"https:\\\/\\\/regbu.com\\\/lv\\\/obligata-nokugosana-ja-berni-ne-izbrauc\\\/#faq-question-1690437408632\"}],\"inLanguage\":\"lv-LV\",\"potentialAction\":[{\"@type\":\"ReadAction\",\"target\":[\"https:\\\/\\\/regbu.com\\\/lv\\\/obligata-nokugosana-ja-berni-ne-izbrauc\\\/\"]}]},{\"@type\":\"ImageObject\",\"inLanguage\":\"lv-LV\",\"@id\":\"https:\\\/\\\/regbu.com\\\/lv\\\/obligata-nokugosana-ja-berni-ne-izbrauc\\\/#primaryimage\",\"url\":\"https:\\\/\\\/regbu.com\\\/wp-content\\\/uploads\\\/2023\\\/07\\\/povinne-ockovani-jemuz-se-deti-nevyhnou.jpg\",\"contentUrl\":\"https:\\\/\\\/regbu.com\\\/wp-content\\\/uploads\\\/2023\\\/07\\\/povinne-ockovani-jemuz-se-deti-nevyhnou.jpg\",\"width\":1200,\"height\":678,\"caption\":\"Povinn\u00e9 o\u010dkov\u00e1n\u00ed, jemu\u017e se d\u011bti nevyhnou\"},{\"@type\":\"BreadcrumbList\",\"@id\":\"https:\\\/\\\/regbu.com\\\/lv\\\/obligata-nokugosana-ja-berni-ne-izbrauc\\\/#breadcrumb\",\"itemListElement\":[{\"@type\":\"ListItem\",\"position\":1,\"name\":\"Home\",\"item\":\"https:\\\/\\\/regbu.com\\\/en\\\/\"},{\"@type\":\"ListItem\",\"position\":2,\"name\":\"Povinn\u00e9 o\u010dkov\u00e1n\u00ed, jemu\u017e se d\u011bti nevyhnou\"}]},{\"@type\":\"WebSite\",\"@id\":\"https:\\\/\\\/regbu.com\\\/en\\\/#website\",\"url\":\"https:\\\/\\\/regbu.com\\\/en\\\/\",\"name\":\"REGBU.COM\",\"description\":\"\",\"potentialAction\":[{\"@type\":\"SearchAction\",\"target\":{\"@type\":\"EntryPoint\",\"urlTemplate\":\"https:\\\/\\\/regbu.com\\\/en\\\/?s={search_term_string}\"},\"query-input\":{\"@type\":\"PropertyValueSpecification\",\"valueRequired\":true,\"valueName\":\"search_term_string\"}}],\"inLanguage\":\"lv-LV\"},{\"@type\":\"Person\",\"@id\":\"https:\\\/\\\/regbu.com\\\/en\\\/#\\\/schema\\\/person\\\/94ea9deda2629771b8a9ced002f6784e\",\"name\":\"George Martin\",\"url\":\"https:\\\/\\\/regbu.com\\\/lv\\\/author\\\/george-martin\\\/\"},{\"@type\":\"Question\",\"@id\":\"https:\\\/\\\/regbu.com\\\/lv\\\/obligata-nokugosana-ja-berni-ne-izbrauc\\\/#faq-question-1690437377500\",\"position\":1,\"url\":\"https:\\\/\\\/regbu.com\\\/lv\\\/obligata-nokugosana-ja-berni-ne-izbrauc\\\/#faq-question-1690437377500\",\"name\":\"Co je to hexavakc\u00edna?\",\"answerCount\":1,\"acceptedAnswer\":{\"@type\":\"Answer\",\"text\":\"Jde o speci\u00e1ln\u00ed vakc\u00ednu ur\u010denou proti tetanu, \u010dern\u00e9mu ka\u0161lu, z\u00e1\u0161krtu, d\u011btsk\u00e9 obrn\u011b a virov\u00e9 hepatitid\u011b skupiny B.\",\"inLanguage\":\"lv-LV\"},\"inLanguage\":\"lv-LV\"},{\"@type\":\"Question\",\"@id\":\"https:\\\/\\\/regbu.com\\\/lv\\\/obligata-nokugosana-ja-berni-ne-izbrauc\\\/#faq-question-1690437384207\",\"position\":2,\"url\":\"https:\\\/\\\/regbu.com\\\/lv\\\/obligata-nokugosana-ja-berni-ne-izbrauc\\\/#faq-question-1690437384207\",\"name\":\"Kdy se pod\u00e1v\u00e1 hexavakc\u00edna?\",\"answerCount\":1,\"acceptedAnswer\":{\"@type\":\"Answer\",\"text\":\"Aplikuje se zhruba ve t\u0159et\u00edm m\u011bs\u00edci v\u011bku d\u00edt\u011bte.\",\"inLanguage\":\"lv-LV\"},\"inLanguage\":\"lv-LV\"},{\"@type\":\"Question\",\"@id\":\"https:\\\/\\\/regbu.com\\\/lv\\\/obligata-nokugosana-ja-berni-ne-izbrauc\\\/#faq-question-1690437391824\",\"position\":3,\"url\":\"https:\\\/\\\/regbu.com\\\/lv\\\/obligata-nokugosana-ja-berni-ne-izbrauc\\\/#faq-question-1690437391824\",\"name\":\"Kdy se pod\u00e1v\u00e1 vakc\u00edna proti zard\u011bnk\u00e1m, p\u0159\u00edu\u0161nic\u00edm a spalni\u010dk\u00e1m?\",\"answerCount\":1,\"acceptedAnswer\":{\"@type\":\"Answer\",\"text\":\"Toto povinn\u00e9 o\u010dkov\u00e1n\u00ed je aplikov\u00e1no mezi t\u0159in\u00e1ct\u00fdm a osmn\u00e1ct\u00fdm m\u011bs\u00edcem v\u011bku d\u00edt\u011bte.\",\"inLanguage\":\"lv-LV\"},\"inLanguage\":\"lv-LV\"},{\"@type\":\"Question\",\"@id\":\"https:\\\/\\\/regbu.com\\\/lv\\\/obligata-nokugosana-ja-berni-ne-izbrauc\\\/#faq-question-1690437399852\",\"position\":4,\"url\":\"https:\\\/\\\/regbu.com\\\/lv\\\/obligata-nokugosana-ja-berni-ne-izbrauc\\\/#faq-question-1690437399852\",\"name\":\"Jak\u00e9 jin\u00e9 kombinovan\u00e9 vakc\u00edny je\u0161t\u011b existuj\u00ed?\",\"answerCount\":1,\"acceptedAnswer\":{\"@type\":\"Answer\",\"text\":\"Jmenovat lze nap\u0159\u00edklad kombinaci z\u00e1\u0161krtu, \u010dern\u00e9ho ka\u0161le a tetanu v p\u00e1t\u00e9m roce v\u011bku d\u00edt\u011bte. N\u00e1sledn\u00e9 p\u0159eo\u010dkov\u00e1n\u00ed prob\u00edh\u00e1 je\u0161t\u011b v des\u00e1t\u00e9m roce.\",\"inLanguage\":\"lv-LV\"},\"inLanguage\":\"lv-LV\"},{\"@type\":\"Question\",\"@id\":\"https:\\\/\\\/regbu.com\\\/lv\\\/obligata-nokugosana-ja-berni-ne-izbrauc\\\/#faq-question-1690437408632\",\"position\":5,\"url\":\"https:\\\/\\\/regbu.com\\\/lv\\\/obligata-nokugosana-ja-berni-ne-izbrauc\\\/#faq-question-1690437408632\",\"name\":\"Jak\u00e1 jsou dal\u0161\u00ed o\u010dkov\u00e1n\u00ed zam\u011b\u0159en\u00e1 na ur\u010dit\u00e9 skupiny d\u011bt\u00ed?\",\"answerCount\":1,\"acceptedAnswer\":{\"@type\":\"Answer\",\"text\":\"Je to o\u010dkov\u00e1n\u00ed proti HEP B. D\u00e1le tak\u00e9 o\u010dkov\u00e1n\u00ed proti tuberkul\u00f3ze. Tyto typy o\u010dkov\u00e1n\u00ed v\u0161ak posuzuje l\u00e9ka\u0159 individu\u00e1ln\u011b.\",\"inLanguage\":\"lv-LV\"},\"inLanguage\":\"lv-LV\"}]}<\/script>\n<!-- \/ Yoast SEO plugin. -->","yoast_head_json":{"title":"Oblig\u0101t\u0101s vakcin\u0101cijas, no kur\u0101m b\u0113rni nevar izvair\u012bties - REGBU.COM","description":"Vai zin\u0101t, kuras oblig\u0101t\u0101s vakcin\u0101cijas ir svar\u012bgas j\u016bsu b\u0113rnam? M\u0113s iepaz\u012bstin\u0101sim j\u016bs ar visbie\u017e\u0101k sastopamaj\u0101m un fakultat\u012bvaj\u0101m vakc\u012bn\u0101m.","robots":{"index":"index","follow":"follow","max-snippet":"max-snippet:-1","max-image-preview":"max-image-preview:large","max-video-preview":"max-video-preview:-1"},"canonical":"https:\/\/regbu.com\/lv\/obligata-nokugosana-ja-berni-ne-izbrauc\/","og_locale":"lv_LV","og_type":"article","og_title":"Povinn\u00e9 o\u010dkov\u00e1n\u00ed, jemu\u017e se d\u011bti nevyhnou - REGBU.COM","og_description":"V\u00edte, jak\u00e9 povinn\u00e9 o\u010dkov\u00e1n\u00ed je d\u016fle\u017eit\u00e9 pro Va\u0161e d\u00edt\u011b? Sezn\u00e1m\u00edme V\u00e1s s t\u011bmi nej\u010dast\u011bj\u0161\u00edmi i s t\u011bmi nepovinn\u00fdmi.","og_url":"https:\/\/regbu.com\/lv\/obligata-nokugosana-ja-berni-ne-izbrauc\/","og_site_name":"REGBU.COM","article_published_time":"2023-07-26T05:56:04+00:00","article_modified_time":"2025-09-05T05:40:25+00:00","og_image":[{"width":1200,"height":678,"url":"https:\/\/regbu.com\/wp-content\/uploads\/2023\/07\/povinne-ockovani-jemuz-se-deti-nevyhnou.jpg","type":"image\/jpeg"}],"author":"George Martin","twitter_card":"summary_large_image","twitter_misc":{"Written by":"George Martin","Est. reading time":"2 min\u016btes"},"schema":{"@context":"https:\/\/schema.org","@graph":[{"@type":"Article","@id":"https:\/\/regbu.com\/lv\/obligata-nokugosana-ja-berni-ne-izbrauc\/#article","isPartOf":{"@id":"https:\/\/regbu.com\/lv\/obligata-nokugosana-ja-berni-ne-izbrauc\/"},"author":{"name":"George Martin","@id":"https:\/\/regbu.com\/en\/#\/schema\/person\/94ea9deda2629771b8a9ced002f6784e"},"headline":"Povinn\u00e9 o\u010dkov\u00e1n\u00ed, jemu\u017e se d\u011bti nevyhnou","datePublished":"2023-07-26T05:56:04+00:00","dateModified":"2025-09-05T05:40:25+00:00","mainEntityOfPage":{"@id":"https:\/\/regbu.com\/lv\/obligata-nokugosana-ja-berni-ne-izbrauc\/"},"wordCount":492,"image":{"@id":"https:\/\/regbu.com\/lv\/obligata-nokugosana-ja-berni-ne-izbrauc\/#primaryimage"},"thumbnailUrl":"https:\/\/regbu.com\/wp-content\/uploads\/2023\/07\/povinne-ockovani-jemuz-se-deti-nevyhnou.jpg","keywords":["\u010dern\u00fd ka\u0161el","d\u011btsk\u00e1 obrna","hexavakc\u00edna","imunita","imunitn\u00ed syst\u00e9m","nepovinn\u00e9 o\u010dkov\u00e1n\u00ed","o\u010dkov\u00e1n\u00ed","povinn\u00e9 o\u010dkov\u00e1n\u00ed","vir","z\u00e1\u0161krt"],"articleSection":["Lidsk\u00e9 Zdrav\u00ed"],"inLanguage":"lv-LV"},{"@type":["WebPage","FAQPage"],"@id":"https:\/\/regbu.com\/lv\/obligata-nokugosana-ja-berni-ne-izbrauc\/","url":"https:\/\/regbu.com\/lv\/obligata-nokugosana-ja-berni-ne-izbrauc\/","name":"Oblig\u0101t\u0101s vakcin\u0101cijas, no kur\u0101m b\u0113rni nevar izvair\u012bties - REGBU.COM","isPartOf":{"@id":"https:\/\/regbu.com\/en\/#website"},"primaryImageOfPage":{"@id":"https:\/\/regbu.com\/lv\/obligata-nokugosana-ja-berni-ne-izbrauc\/#primaryimage"},"image":{"@id":"https:\/\/regbu.com\/lv\/obligata-nokugosana-ja-berni-ne-izbrauc\/#primaryimage"},"thumbnailUrl":"https:\/\/regbu.com\/wp-content\/uploads\/2023\/07\/povinne-ockovani-jemuz-se-deti-nevyhnou.jpg","datePublished":"2023-07-26T05:56:04+00:00","dateModified":"2025-09-05T05:40:25+00:00","author":{"@id":"https:\/\/regbu.com\/en\/#\/schema\/person\/94ea9deda2629771b8a9ced002f6784e"},"description":"Vai zin\u0101t, kuras oblig\u0101t\u0101s vakcin\u0101cijas ir svar\u012bgas j\u016bsu b\u0113rnam? M\u0113s iepaz\u012bstin\u0101sim j\u016bs ar visbie\u017e\u0101k sastopamaj\u0101m un fakultat\u012bvaj\u0101m vakc\u012bn\u0101m.","breadcrumb":{"@id":"https:\/\/regbu.com\/lv\/obligata-nokugosana-ja-berni-ne-izbrauc\/#breadcrumb"},"mainEntity":[{"@id":"https:\/\/regbu.com\/lv\/obligata-nokugosana-ja-berni-ne-izbrauc\/#faq-question-1690437377500"},{"@id":"https:\/\/regbu.com\/lv\/obligata-nokugosana-ja-berni-ne-izbrauc\/#faq-question-1690437384207"},{"@id":"https:\/\/regbu.com\/lv\/obligata-nokugosana-ja-berni-ne-izbrauc\/#faq-question-1690437391824"},{"@id":"https:\/\/regbu.com\/lv\/obligata-nokugosana-ja-berni-ne-izbrauc\/#faq-question-1690437399852"},{"@id":"https:\/\/regbu.com\/lv\/obligata-nokugosana-ja-berni-ne-izbrauc\/#faq-question-1690437408632"}],"inLanguage":"lv-LV","potentialAction":[{"@type":"ReadAction","target":["https:\/\/regbu.com\/lv\/obligata-nokugosana-ja-berni-ne-izbrauc\/"]}]},{"@type":"ImageObject","inLanguage":"lv-LV","@id":"https:\/\/regbu.com\/lv\/obligata-nokugosana-ja-berni-ne-izbrauc\/#primaryimage","url":"https:\/\/regbu.com\/wp-content\/uploads\/2023\/07\/povinne-ockovani-jemuz-se-deti-nevyhnou.jpg","contentUrl":"https:\/\/regbu.com\/wp-content\/uploads\/2023\/07\/povinne-ockovani-jemuz-se-deti-nevyhnou.jpg","width":1200,"height":678,"caption":"Povinn\u00e9 o\u010dkov\u00e1n\u00ed, jemu\u017e se d\u011bti nevyhnou"},{"@type":"BreadcrumbList","@id":"https:\/\/regbu.com\/lv\/obligata-nokugosana-ja-berni-ne-izbrauc\/#breadcrumb","itemListElement":[{"@type":"ListItem","position":1,"name":"Home","item":"https:\/\/regbu.com\/en\/"},{"@type":"ListItem","position":2,"name":"Povinn\u00e9 o\u010dkov\u00e1n\u00ed, jemu\u017e se d\u011bti nevyhnou"}]},{"@type":"WebSite","@id":"https:\/\/regbu.com\/en\/#website","url":"https:\/\/regbu.com\/en\/","name":"REGBU.COM","description":"","potentialAction":[{"@type":"SearchAction","target":{"@type":"EntryPoint","urlTemplate":"https:\/\/regbu.com\/en\/?s={search_term_string}"},"query-input":{"@type":"PropertyValueSpecification","valueRequired":true,"valueName":"search_term_string"}}],"inLanguage":"lv-LV"},{"@type":"Person","@id":"https:\/\/regbu.com\/en\/#\/schema\/person\/94ea9deda2629771b8a9ced002f6784e","name":"D\u017eord\u017es M\u0101rtins","url":"https:\/\/regbu.com\/lv\/author\/george-martin\/"},{"@type":"Question","@id":"https:\/\/regbu.com\/lv\/obligata-nokugosana-ja-berni-ne-izbrauc\/#faq-question-1690437377500","position":1,"url":"https:\/\/regbu.com\/lv\/obligata-nokugosana-ja-berni-ne-izbrauc\/#faq-question-1690437377500","name":"Kas ir heksavakc\u012bna?","answerCount":1,"acceptedAnswer":{"@type":"Answer","text":"Jde o speci\u00e1ln\u00ed vakc\u00ednu ur\u010denou proti tetanu, \u010dern\u00e9mu ka\u0161lu, z\u00e1\u0161krtu, d\u011btsk\u00e9 obrn\u011b a virov\u00e9 hepatitid\u011b skupiny B.","inLanguage":"lv-LV"},"inLanguage":"lv-LV"},{"@type":"Question","@id":"https:\/\/regbu.com\/lv\/obligata-nokugosana-ja-berni-ne-izbrauc\/#faq-question-1690437384207","position":2,"url":"https:\/\/regbu.com\/lv\/obligata-nokugosana-ja-berni-ne-izbrauc\/#faq-question-1690437384207","name":"Kad tiek ievad\u012bta heksavakc\u012bna?","answerCount":1,"acceptedAnswer":{"@type":"Answer","text":"Aplikuje se zhruba ve t\u0159et\u00edm m\u011bs\u00edci v\u011bku d\u00edt\u011bte.","inLanguage":"lv-LV"},"inLanguage":"lv-LV"},{"@type":"Question","@id":"https:\/\/regbu.com\/lv\/obligata-nokugosana-ja-berni-ne-izbrauc\/#faq-question-1690437391824","position":3,"url":"https:\/\/regbu.com\/lv\/obligata-nokugosana-ja-berni-ne-izbrauc\/#faq-question-1690437391824","name":"Kad tiek vakcin\u0113ta pret masali\u0146\u0101m, masali\u0146\u0101m un masal\u0101m?","answerCount":1,"acceptedAnswer":{"@type":"Answer","text":"Toto povinn\u00e9 o\u010dkov\u00e1n\u00ed je aplikov\u00e1no mezi t\u0159in\u00e1ct\u00fdm a osmn\u00e1ct\u00fdm m\u011bs\u00edcem v\u011bku d\u00edt\u011bte.","inLanguage":"lv-LV"},"inLanguage":"lv-LV"},{"@type":"Question","@id":"https:\/\/regbu.com\/lv\/obligata-nokugosana-ja-berni-ne-izbrauc\/#faq-question-1690437399852","position":4,"url":"https:\/\/regbu.com\/lv\/obligata-nokugosana-ja-berni-ne-izbrauc\/#faq-question-1690437399852","name":"K\u0101das ir v\u0113l citas kombin\u0113t\u0101s vakc\u012bnas?","answerCount":1,"acceptedAnswer":{"@type":"Answer","text":"Jmenovat lze nap\u0159\u00edklad kombinaci z\u00e1\u0161krtu, \u010dern\u00e9ho ka\u0161le a tetanu v p\u00e1t\u00e9m roce v\u011bku d\u00edt\u011bte. N\u00e1sledn\u00e9 p\u0159eo\u010dkov\u00e1n\u00ed prob\u00edh\u00e1 je\u0161t\u011b v des\u00e1t\u00e9m roce.","inLanguage":"lv-LV"},"inLanguage":"lv-LV"},{"@type":"Question","@id":"https:\/\/regbu.com\/lv\/obligata-nokugosana-ja-berni-ne-izbrauc\/#faq-question-1690437408632","position":5,"url":"https:\/\/regbu.com\/lv\/obligata-nokugosana-ja-berni-ne-izbrauc\/#faq-question-1690437408632","name":"K\u0101das ir citas vakcin\u0101cijas, kas paredz\u0113tas konkr\u0113t\u0101m b\u0113rnu grup\u0101m?","answerCount":1,"acceptedAnswer":{"@type":"Answer","text":"Je to o\u010dkov\u00e1n\u00ed proti HEP B. D\u00e1le tak\u00e9 o\u010dkov\u00e1n\u00ed proti tuberkul\u00f3ze. Tyto typy o\u010dkov\u00e1n\u00ed v\u0161ak posuzuje l\u00e9ka\u0159 individu\u00e1ln\u011b.","inLanguage":"lv-LV"},"inLanguage":"lv-LV"}]}},"_links":{"self":[{"href":"https:\/\/regbu.com\/lv\/wp-json\/wp\/v2\/posts\/1277","targetHints":{"allow":["GET"]}}],"collection":[{"href":"https:\/\/regbu.com\/lv\/wp-json\/wp\/v2\/posts"}],"about":[{"href":"https:\/\/regbu.com\/lv\/wp-json\/wp\/v2\/types\/post"}],"author":[{"embeddable":true,"href":"https:\/\/regbu.com\/lv\/wp-json\/wp\/v2\/users\/2"}],"replies":[{"embeddable":true,"href":"https:\/\/regbu.com\/lv\/wp-json\/wp\/v2\/comments?post=1277"}],"version-history":[{"count":2,"href":"https:\/\/regbu.com\/lv\/wp-json\/wp\/v2\/posts\/1277\/revisions"}],"predecessor-version":[{"id":1295,"href":"https:\/\/regbu.com\/lv\/wp-json\/wp\/v2\/posts\/1277\/revisions\/1295"}],"wp:featuredmedia":[{"embeddable":true,"href":"https:\/\/regbu.com\/lv\/wp-json\/wp\/v2\/media\/1278"}],"wp:attachment":[{"href":"https:\/\/regbu.com\/lv\/wp-json\/wp\/v2\/media?parent=1277"}],"wp:term":[{"taxonomy":"category","embeddable":true,"href":"https:\/\/regbu.com\/lv\/wp-json\/wp\/v2\/categories?post=1277"},{"taxonomy":"post_tag","embeddable":true,"href":"https:\/\/regbu.com\/lv\/wp-json\/wp\/v2\/tags?post=1277"}],"curies":[{"name":"wp","href":"https:\/\/api.w.org\/{rel}","templated":true}]}}