{"id":1224,"date":"2023-07-23T16:02:57","date_gmt":"2023-07-23T14:02:57","guid":{"rendered":"https:\/\/regbu.com\/?p=1224"},"modified":"2025-09-05T07:40:47","modified_gmt":"2025-09-05T05:40:47","slug":"styl-bryli-musi-ladit-s-vasim-oblicejem","status":"publish","type":"post","link":"https:\/\/regbu.com\/lv\/style-bryli-must-match-with-your-face\/","title":{"rendered":"Bri\u013c\u013cu stilam ir j\u0101atbilst j\u016bsu sejai"},"content":{"rendered":"<p>Bri\u013c\u013cu stilu varat izv\u0113l\u0113ties, pamatojoties uz da\u017e\u0101d\u0101m liet\u0101m. Tas ir l\u012bdz\u012bgi k\u0101 <strong><a href=\"https:\/\/regbu.com\/lv\/pulkstenu-veidi-pec-apgerba-stila\/\">pulkste\u0146u veidi<\/a><\/strong>ko varat izv\u0113l\u0113ties, piem\u0113ram, atkar\u012bb\u0101 no soci\u0101l\u0101 notikuma. Ar brill\u0113m ir mazliet sav\u0101d\u0101k, jo ar\u012b t\u0101m ir j\u0101atbilst j\u016bsu sejai. Katram cilv\u0113kam ir nedaudz at\u0161\u0137ir\u012bga forma, un katram der\u0113s at\u0161\u0137ir\u012bgas brilles. Tikai tad piev\u0113rsiet uzman\u012bbu p\u0101r\u0113j\u0101m liet\u0101m.<\/p>\n\n\n\n<ul class=\"wp-block-list\">\n<li>R\u0101mju materi\u0101lu apstr\u0101de<\/li>\n\n\n\n<li>Bri\u013c\u013cu ton\u0113\u0161ana<\/li>\n\n\n\n<li>Piem\u0113rotu bri\u013c\u013cu izv\u0113le<\/li>\n<\/ul>\n\n\n\n<h2 class=\"wp-block-heading\">K\u0101da veida seja jums ir?<\/h2>\n\n\n\n<p>Ja v\u0113laties atkl\u0101t sev piem\u0113rot\u0101ko bri\u013c\u013cu stilu, vispirms noskaidrojiet to, <strong>k\u0101ds ir j\u016bsu sejas tips.<\/strong>. \u0160im nol\u016bkam pietiek ar vienk\u0101r\u0161u r\u012bku. Paskatieties spogul\u012b vai nofotograf\u0113jiet sevi un sal\u012bdziniet savu seju ar citiem atbilsto\u0161i k\u0101dam no internet\u0101 pieejamajiem oblig\u0101tajiem r\u0101d\u012bt\u0101jiem. Tad varat izv\u0113l\u0113ties brilles.<\/p>\n\n\n\n<figure class=\"wp-block-table\"><table><tbody><tr><td><strong>Sejas forma<\/strong><\/td><td><strong>Bri\u013c\u013cu stils<\/strong><\/td><\/tr><tr><td>Ov\u0101ls<\/td><td>Gandr\u012bz visas formas<\/td><\/tr><tr><td>Sirds<\/td><td>Ka\u0137is un pilni ri\u0146\u0137i<\/td><\/tr><tr><td>Apa\u013c\u0161<\/td><td>Kvadr\u0101tveida diski<\/td><\/tr><tr><td>Garenvirziena<\/td><td>Ov\u0101las un apa\u013cas gl\u0101zes<\/td><\/tr><\/tbody><\/table><figcaption class=\"wp-element-caption\">Izv\u0113lieties pareiz\u0101s brilles savai sejas formai.<\/figcaption><\/figure>\n\n\n\n<p>Ja jums ir tr\u012bsst\u016bra formas seja, jums vajadz\u0113tu izmantot brilles, lai izceltu sejas aug\u0161\u0113jo da\u013cu. Izm\u0113\u0123iniet plat\u0101kus r\u0101mjus. K\u0101 alternat\u012bvu var izv\u0113l\u0113ties ar\u012b kr\u0101su gradientus starp bri\u013c\u013cu ietvaru aug\u0161\u0113jo un apak\u0161\u0113jo da\u013cu.<\/p>\n\n\n\n<h3 class=\"wp-block-heading\">Bri\u013c\u013cu stils atkar\u012bb\u0101 no \u0101das kr\u0101sas<\/h3>\n\n\n\n<p>Protams, \u0101das kr\u0101sa neko nepasaka par to, k\u0101das formas ietvarus jums vajadz\u0113tu izv\u0113l\u0113ties. Iepriek\u0161min\u0113t\u0101 sejas forma jums labi noder\u0113s. <strong>\u0100das kr\u0101sa<\/strong> tom\u0113r ir noder\u012bgs ce\u013cvedis, izv\u0113loties ide\u0101lo r\u0101mja kr\u0101su. Ja esat ziemas tipa, izv\u0113lieties melnu, pel\u0113ku, zilu vai baltu kr\u0101su. Ja j\u016bsu kr\u0101sa pieder pavasara tipu grupai, noteikti uzvar\u0113s gai\u0161\u0101ki r\u0101mji. Bronzas, br\u016bna un zelta kr\u0101sa ir skaidrs pier\u0101d\u012bjums tam.<\/p>\n\n\n\n<p>Nevajadz\u0113tu aizmirst par vasaras tipiem, kuros uzvar drosm\u012bgas kr\u0101sas. Ko j\u016bs teiktu par violetu, sarkanu, sudrabaini pel\u0113ku vai zilas un pel\u0113kas kombin\u0101ciju? Un k\u0101da stila brilles vajadz\u0113tu izv\u0113l\u0113ties sieviet\u0113m, kuru \u0101das toni ir ruden\u012bgi? \u0160eit nav par ko pla\u0161i diskut\u0113t. Izv\u0113lieties zemes kr\u0101su ce\u013cu. Tie ietver <em>tum\u0161s<\/em> <em>za\u013ca, oran\u017ea, br\u016bna, bet ar\u012b tum\u0161i vani\u013cas.<\/em>. Ja iev\u0113rosiet iepriek\u0161 min\u0113tos padomus, j\u016bs varat iev\u0113rojami ietekm\u0113t savu ap\u0123\u0113rbu ar brill\u0113m.<\/p>","protected":false},"excerpt":{"rendered":"<p>Bri\u013c\u013cu stilu varat izv\u0113l\u0113ties, pamatojoties uz da\u017e\u0101d\u0101m liet\u0101m. Tas ir l\u012bdz\u012bgi k\u0101 pulkste\u0146u tipi, ko izv\u0113laties, piem\u0113ram, atkar\u012bb\u0101 no soci\u0101l\u0101 notikuma. Ar brill\u0113m tas ir nedaudz sav\u0101d\u0101k, jo t\u0101m ir j\u0101atbilst ar\u012b j\u016bsu sejai. Katram cilv\u0113kam ir nedaudz at\u0161\u0137ir\u012bga forma, un pie t\u0101s der da\u017e\u0101das brilles. Tikai tad ... <\/p>","protected":false},"author":2,"featured_media":1225,"comment_status":"closed","ping_status":"closed","sticky":false,"template":"","format":"standard","meta":{"footnotes":""},"categories":[671],"tags":[740,1068,1437,979,1436,1433,981,1438,1431,1434,993,1435],"class_list":["post-1224","post","type-post","status-publish","format-standard","has-post-thumbnail","hentry","category-moda","tag-barva","tag-bryle","tag-kulaty","tag-oblicej","tag-obroucek","tag-obroucky","tag-ovalny","tag-srdce","tag-styl-bryli","tag-tvar","tag-tvar-obliceje","tag-zabarveni"],"yoast_head":"<!-- This site is optimized with the Yoast SEO plugin v27.4 - https:\/\/yoast.com\/product\/yoast-seo-wordpress\/ -->\n<title>Styl br\u00fdl\u00ed mus\u00ed ladit s Va\u0161\u00edm obli\u010dejem - REGBU.COM<\/title>\n<meta name=\"description\" content=\"Styl br\u00fdl\u00ed je nekone\u010dnou z\u00e1le\u017eitost\u00ed. Zjist\u011bte, jak\u00e9 obrou\u010dky V\u00e1m padnou jako ulit\u00e9 pr\u00e1v\u011b na z\u00e1klad\u011b tvaru obli\u010deje.\" \/>\n<meta name=\"robots\" content=\"index, follow, max-snippet:-1, max-image-preview:large, max-video-preview:-1\" \/>\n<link rel=\"canonical\" href=\"https:\/\/regbu.com\/lv\/style-bryli-must-match-with-your-face\/\" \/>\n<meta property=\"og:locale\" content=\"lv_LV\" \/>\n<meta property=\"og:type\" content=\"article\" \/>\n<meta property=\"og:title\" content=\"Styl br\u00fdl\u00ed mus\u00ed ladit s Va\u0161\u00edm obli\u010dejem - REGBU.COM\" \/>\n<meta property=\"og:description\" content=\"Styl br\u00fdl\u00ed je nekone\u010dnou z\u00e1le\u017eitost\u00ed. Zjist\u011bte, jak\u00e9 obrou\u010dky V\u00e1m padnou jako ulit\u00e9 pr\u00e1v\u011b na z\u00e1klad\u011b tvaru obli\u010deje.\" \/>\n<meta property=\"og:url\" content=\"https:\/\/regbu.com\/lv\/style-bryli-must-match-with-your-face\/\" \/>\n<meta property=\"og:site_name\" content=\"REGBU.COM\" \/>\n<meta property=\"article:published_time\" content=\"2023-07-23T14:02:57+00:00\" \/>\n<meta property=\"article:modified_time\" content=\"2025-09-05T05:40:47+00:00\" \/>\n<meta property=\"og:image\" content=\"https:\/\/regbu.com\/wp-content\/uploads\/2023\/07\/styl-bryly-musi-ladit-s-vasim-oblicejem.jpg\" \/>\n\t<meta property=\"og:image:width\" content=\"1200\" \/>\n\t<meta property=\"og:image:height\" content=\"679\" \/>\n\t<meta property=\"og:image:type\" content=\"image\/jpeg\" \/>\n<meta name=\"author\" content=\"George Martin\" \/>\n<meta name=\"twitter:card\" content=\"summary_large_image\" \/>\n<meta name=\"twitter:label1\" content=\"Written by\" \/>\n\t<meta name=\"twitter:data1\" content=\"George Martin\" \/>\n\t<meta name=\"twitter:label2\" content=\"Est. reading time\" \/>\n\t<meta name=\"twitter:data2\" content=\"2 min\u016btes\" \/>\n<script type=\"application\/ld+json\" class=\"yoast-schema-graph\">{\"@context\":\"https:\\\/\\\/schema.org\",\"@graph\":[{\"@type\":\"Article\",\"@id\":\"https:\\\/\\\/regbu.com\\\/lv\\\/style-bryli-must-match-with-your-face\\\/#article\",\"isPartOf\":{\"@id\":\"https:\\\/\\\/regbu.com\\\/lv\\\/style-bryli-must-match-with-your-face\\\/\"},\"author\":{\"name\":\"George Martin\",\"@id\":\"https:\\\/\\\/regbu.com\\\/en\\\/#\\\/schema\\\/person\\\/94ea9deda2629771b8a9ced002f6784e\"},\"headline\":\"Styl br\u00fdl\u00ed mus\u00ed ladit s Va\u0161\u00edm obli\u010dejem\",\"datePublished\":\"2023-07-23T14:02:57+00:00\",\"dateModified\":\"2025-09-05T05:40:47+00:00\",\"mainEntityOfPage\":{\"@id\":\"https:\\\/\\\/regbu.com\\\/lv\\\/style-bryli-must-match-with-your-face\\\/\"},\"wordCount\":455,\"image\":{\"@id\":\"https:\\\/\\\/regbu.com\\\/lv\\\/style-bryli-must-match-with-your-face\\\/#primaryimage\"},\"thumbnailUrl\":\"https:\\\/\\\/regbu.com\\\/wp-content\\\/uploads\\\/2023\\\/07\\\/styl-bryly-musi-ladit-s-vasim-oblicejem.jpg\",\"keywords\":[\"barva\",\"br\u00fdle\",\"kulat\u00fd\",\"obli\u010dej\",\"obrou\u010dek\",\"obrou\u010dky\",\"ov\u00e1ln\u00fd\",\"srdce\",\"styl br\u00fdl\u00ed\",\"tvar\",\"tvar obli\u010deje\",\"zabarven\u00ed\"],\"articleSection\":[\"M\u00f3da\"],\"inLanguage\":\"lv-LV\"},{\"@type\":\"WebPage\",\"@id\":\"https:\\\/\\\/regbu.com\\\/lv\\\/style-bryli-must-match-with-your-face\\\/\",\"url\":\"https:\\\/\\\/regbu.com\\\/lv\\\/style-bryli-must-match-with-your-face\\\/\",\"name\":\"Styl br\u00fdl\u00ed mus\u00ed ladit s Va\u0161\u00edm obli\u010dejem - REGBU.COM\",\"isPartOf\":{\"@id\":\"https:\\\/\\\/regbu.com\\\/en\\\/#website\"},\"primaryImageOfPage\":{\"@id\":\"https:\\\/\\\/regbu.com\\\/lv\\\/style-bryli-must-match-with-your-face\\\/#primaryimage\"},\"image\":{\"@id\":\"https:\\\/\\\/regbu.com\\\/lv\\\/style-bryli-must-match-with-your-face\\\/#primaryimage\"},\"thumbnailUrl\":\"https:\\\/\\\/regbu.com\\\/wp-content\\\/uploads\\\/2023\\\/07\\\/styl-bryly-musi-ladit-s-vasim-oblicejem.jpg\",\"datePublished\":\"2023-07-23T14:02:57+00:00\",\"dateModified\":\"2025-09-05T05:40:47+00:00\",\"author\":{\"@id\":\"https:\\\/\\\/regbu.com\\\/en\\\/#\\\/schema\\\/person\\\/94ea9deda2629771b8a9ced002f6784e\"},\"description\":\"Styl br\u00fdl\u00ed je nekone\u010dnou z\u00e1le\u017eitost\u00ed. Zjist\u011bte, jak\u00e9 obrou\u010dky V\u00e1m padnou jako ulit\u00e9 pr\u00e1v\u011b na z\u00e1klad\u011b tvaru obli\u010deje.\",\"breadcrumb\":{\"@id\":\"https:\\\/\\\/regbu.com\\\/lv\\\/style-bryli-must-match-with-your-face\\\/#breadcrumb\"},\"inLanguage\":\"lv-LV\",\"potentialAction\":[{\"@type\":\"ReadAction\",\"target\":[\"https:\\\/\\\/regbu.com\\\/lv\\\/style-bryli-must-match-with-your-face\\\/\"]}]},{\"@type\":\"ImageObject\",\"inLanguage\":\"lv-LV\",\"@id\":\"https:\\\/\\\/regbu.com\\\/lv\\\/style-bryli-must-match-with-your-face\\\/#primaryimage\",\"url\":\"https:\\\/\\\/regbu.com\\\/wp-content\\\/uploads\\\/2023\\\/07\\\/styl-bryly-musi-ladit-s-vasim-oblicejem.jpg\",\"contentUrl\":\"https:\\\/\\\/regbu.com\\\/wp-content\\\/uploads\\\/2023\\\/07\\\/styl-bryly-musi-ladit-s-vasim-oblicejem.jpg\",\"width\":1200,\"height\":679,\"caption\":\"Styl br\u00fdl\u00ed mus\u00ed ladit s Va\u0161\u00edm obli\u010dejem\"},{\"@type\":\"BreadcrumbList\",\"@id\":\"https:\\\/\\\/regbu.com\\\/lv\\\/style-bryli-must-match-with-your-face\\\/#breadcrumb\",\"itemListElement\":[{\"@type\":\"ListItem\",\"position\":1,\"name\":\"Home\",\"item\":\"https:\\\/\\\/regbu.com\\\/en\\\/\"},{\"@type\":\"ListItem\",\"position\":2,\"name\":\"Styl br\u00fdl\u00ed mus\u00ed ladit s Va\u0161\u00edm obli\u010dejem\"}]},{\"@type\":\"WebSite\",\"@id\":\"https:\\\/\\\/regbu.com\\\/en\\\/#website\",\"url\":\"https:\\\/\\\/regbu.com\\\/en\\\/\",\"name\":\"REGBU.COM\",\"description\":\"\",\"potentialAction\":[{\"@type\":\"SearchAction\",\"target\":{\"@type\":\"EntryPoint\",\"urlTemplate\":\"https:\\\/\\\/regbu.com\\\/en\\\/?s={search_term_string}\"},\"query-input\":{\"@type\":\"PropertyValueSpecification\",\"valueRequired\":true,\"valueName\":\"search_term_string\"}}],\"inLanguage\":\"lv-LV\"},{\"@type\":\"Person\",\"@id\":\"https:\\\/\\\/regbu.com\\\/en\\\/#\\\/schema\\\/person\\\/94ea9deda2629771b8a9ced002f6784e\",\"name\":\"George Martin\",\"url\":\"https:\\\/\\\/regbu.com\\\/lv\\\/author\\\/george-martin\\\/\"}]}<\/script>\n<!-- \/ Yoast SEO plugin. -->","yoast_head_json":{"title":"Bri\u013c\u013cu stilam j\u0101atbilst j\u016bsu sejai - REGBU.COM","description":"Bri\u013c\u013cu stils ir bezgal\u012bgs jaut\u0101jums. Uzziniet, kuri ietvari jums der k\u0101 cimds, \u0146emot v\u0113r\u0101 j\u016bsu sejas formu.","robots":{"index":"index","follow":"follow","max-snippet":"max-snippet:-1","max-image-preview":"max-image-preview:large","max-video-preview":"max-video-preview:-1"},"canonical":"https:\/\/regbu.com\/lv\/style-bryli-must-match-with-your-face\/","og_locale":"lv_LV","og_type":"article","og_title":"Styl br\u00fdl\u00ed mus\u00ed ladit s Va\u0161\u00edm obli\u010dejem - REGBU.COM","og_description":"Styl br\u00fdl\u00ed je nekone\u010dnou z\u00e1le\u017eitost\u00ed. Zjist\u011bte, jak\u00e9 obrou\u010dky V\u00e1m padnou jako ulit\u00e9 pr\u00e1v\u011b na z\u00e1klad\u011b tvaru obli\u010deje.","og_url":"https:\/\/regbu.com\/lv\/style-bryli-must-match-with-your-face\/","og_site_name":"REGBU.COM","article_published_time":"2023-07-23T14:02:57+00:00","article_modified_time":"2025-09-05T05:40:47+00:00","og_image":[{"width":1200,"height":679,"url":"https:\/\/regbu.com\/wp-content\/uploads\/2023\/07\/styl-bryly-musi-ladit-s-vasim-oblicejem.jpg","type":"image\/jpeg"}],"author":"George Martin","twitter_card":"summary_large_image","twitter_misc":{"Written by":"George Martin","Est. reading time":"2 min\u016btes"},"schema":{"@context":"https:\/\/schema.org","@graph":[{"@type":"Article","@id":"https:\/\/regbu.com\/lv\/style-bryli-must-match-with-your-face\/#article","isPartOf":{"@id":"https:\/\/regbu.com\/lv\/style-bryli-must-match-with-your-face\/"},"author":{"name":"George Martin","@id":"https:\/\/regbu.com\/en\/#\/schema\/person\/94ea9deda2629771b8a9ced002f6784e"},"headline":"Styl br\u00fdl\u00ed mus\u00ed ladit s Va\u0161\u00edm obli\u010dejem","datePublished":"2023-07-23T14:02:57+00:00","dateModified":"2025-09-05T05:40:47+00:00","mainEntityOfPage":{"@id":"https:\/\/regbu.com\/lv\/style-bryli-must-match-with-your-face\/"},"wordCount":455,"image":{"@id":"https:\/\/regbu.com\/lv\/style-bryli-must-match-with-your-face\/#primaryimage"},"thumbnailUrl":"https:\/\/regbu.com\/wp-content\/uploads\/2023\/07\/styl-bryly-musi-ladit-s-vasim-oblicejem.jpg","keywords":["barva","br\u00fdle","kulat\u00fd","obli\u010dej","obrou\u010dek","obrou\u010dky","ov\u00e1ln\u00fd","srdce","styl br\u00fdl\u00ed","tvar","tvar obli\u010deje","zabarven\u00ed"],"articleSection":["M\u00f3da"],"inLanguage":"lv-LV"},{"@type":"WebPage","@id":"https:\/\/regbu.com\/lv\/style-bryli-must-match-with-your-face\/","url":"https:\/\/regbu.com\/lv\/style-bryli-must-match-with-your-face\/","name":"Bri\u013c\u013cu stilam j\u0101atbilst j\u016bsu sejai - REGBU.COM","isPartOf":{"@id":"https:\/\/regbu.com\/en\/#website"},"primaryImageOfPage":{"@id":"https:\/\/regbu.com\/lv\/style-bryli-must-match-with-your-face\/#primaryimage"},"image":{"@id":"https:\/\/regbu.com\/lv\/style-bryli-must-match-with-your-face\/#primaryimage"},"thumbnailUrl":"https:\/\/regbu.com\/wp-content\/uploads\/2023\/07\/styl-bryly-musi-ladit-s-vasim-oblicejem.jpg","datePublished":"2023-07-23T14:02:57+00:00","dateModified":"2025-09-05T05:40:47+00:00","author":{"@id":"https:\/\/regbu.com\/en\/#\/schema\/person\/94ea9deda2629771b8a9ced002f6784e"},"description":"Bri\u013c\u013cu stils ir bezgal\u012bgs jaut\u0101jums. Uzziniet, kuri ietvari jums der k\u0101 cimds, \u0146emot v\u0113r\u0101 j\u016bsu sejas formu.","breadcrumb":{"@id":"https:\/\/regbu.com\/lv\/style-bryli-must-match-with-your-face\/#breadcrumb"},"inLanguage":"lv-LV","potentialAction":[{"@type":"ReadAction","target":["https:\/\/regbu.com\/lv\/style-bryli-must-match-with-your-face\/"]}]},{"@type":"ImageObject","inLanguage":"lv-LV","@id":"https:\/\/regbu.com\/lv\/style-bryli-must-match-with-your-face\/#primaryimage","url":"https:\/\/regbu.com\/wp-content\/uploads\/2023\/07\/styl-bryly-musi-ladit-s-vasim-oblicejem.jpg","contentUrl":"https:\/\/regbu.com\/wp-content\/uploads\/2023\/07\/styl-bryly-musi-ladit-s-vasim-oblicejem.jpg","width":1200,"height":679,"caption":"Styl br\u00fdl\u00ed mus\u00ed ladit s Va\u0161\u00edm obli\u010dejem"},{"@type":"BreadcrumbList","@id":"https:\/\/regbu.com\/lv\/style-bryli-must-match-with-your-face\/#breadcrumb","itemListElement":[{"@type":"ListItem","position":1,"name":"Home","item":"https:\/\/regbu.com\/en\/"},{"@type":"ListItem","position":2,"name":"Styl br\u00fdl\u00ed mus\u00ed ladit s Va\u0161\u00edm obli\u010dejem"}]},{"@type":"WebSite","@id":"https:\/\/regbu.com\/en\/#website","url":"https:\/\/regbu.com\/en\/","name":"REGBU.COM","description":"","potentialAction":[{"@type":"SearchAction","target":{"@type":"EntryPoint","urlTemplate":"https:\/\/regbu.com\/en\/?s={search_term_string}"},"query-input":{"@type":"PropertyValueSpecification","valueRequired":true,"valueName":"search_term_string"}}],"inLanguage":"lv-LV"},{"@type":"Person","@id":"https:\/\/regbu.com\/en\/#\/schema\/person\/94ea9deda2629771b8a9ced002f6784e","name":"D\u017eord\u017es M\u0101rtins","url":"https:\/\/regbu.com\/lv\/author\/george-martin\/"}]}},"_links":{"self":[{"href":"https:\/\/regbu.com\/lv\/wp-json\/wp\/v2\/posts\/1224","targetHints":{"allow":["GET"]}}],"collection":[{"href":"https:\/\/regbu.com\/lv\/wp-json\/wp\/v2\/posts"}],"about":[{"href":"https:\/\/regbu.com\/lv\/wp-json\/wp\/v2\/types\/post"}],"author":[{"embeddable":true,"href":"https:\/\/regbu.com\/lv\/wp-json\/wp\/v2\/users\/2"}],"replies":[{"embeddable":true,"href":"https:\/\/regbu.com\/lv\/wp-json\/wp\/v2\/comments?post=1224"}],"version-history":[{"count":2,"href":"https:\/\/regbu.com\/lv\/wp-json\/wp\/v2\/posts\/1224\/revisions"}],"predecessor-version":[{"id":1233,"href":"https:\/\/regbu.com\/lv\/wp-json\/wp\/v2\/posts\/1224\/revisions\/1233"}],"wp:featuredmedia":[{"embeddable":true,"href":"https:\/\/regbu.com\/lv\/wp-json\/wp\/v2\/media\/1225"}],"wp:attachment":[{"href":"https:\/\/regbu.com\/lv\/wp-json\/wp\/v2\/media?parent=1224"}],"wp:term":[{"taxonomy":"category","embeddable":true,"href":"https:\/\/regbu.com\/lv\/wp-json\/wp\/v2\/categories?post=1224"},{"taxonomy":"post_tag","embeddable":true,"href":"https:\/\/regbu.com\/lv\/wp-json\/wp\/v2\/tags?post=1224"}],"curies":[{"name":"wp","href":"https:\/\/api.w.org\/{rel}","templated":true}]}}