{"id":996,"date":"2023-07-10T16:38:57","date_gmt":"2023-07-10T14:38:57","guid":{"rendered":"https:\/\/regbu.com\/?p=996"},"modified":"2025-09-05T07:41:23","modified_gmt":"2025-09-05T05:41:23","slug":"motylek-jako-ikona-spolecenskeho-odevu","status":"publish","type":"post","link":"https:\/\/regbu.com\/lt\/hoe-as-con-of-solar-clothing\/","title":{"rendered":"Taurel\u0117 - oficialios aprangos simbolis"},"content":{"rendered":"<p>Taurel\u0117 yra neatsiejama <strong><a href=\"https:\/\/regbu.com\/lt\/socialinio-kostiumo-pasirinkimas-dabar\/\">oficialus kostiumas<\/a><\/strong>Nemanau, kad verta diskutuoti. Daugelis j\u012f d\u0117vi net su oficialesniais drabu\u017eiais. Da\u017eniausiai tai b\u016bna vyri\u0161k\u0173 drabu\u017ei\u0173 dalis, nors ekstravagancijai ir k\u016brybi\u0161kumui rib\u0173 tikrai n\u0117ra.<\/p>\n\n\n\n<ul class=\"wp-block-list\">\n<li>Jis susiri\u0161a aplink apykakl\u0119<\/li>\n\n\n\n<li>Jis naudojamas jau daugiau nei keturis \u0161imtme\u010dius.<\/li>\n\n\n\n<li>I\u0161imtis n\u0117ra peteli\u0161k\u0117s vaikams<\/li>\n<\/ul>\n\n\n\n<p>Nedaugelis taip pat \u017eino, kad su peteli\u0161ke susij\u0119s vienas dalyk\u0117lis, susij\u0119s su jos ilgiu. Jis i\u0161 esm\u0117s tur\u0117t\u0173 atitikti atstum\u0105 tarp j\u016bs\u0173 antaki\u0173.<\/p>\n\n\n\n<h2 class=\"wp-block-heading\">Drugelis ir jo gamybos med\u017eiagos<\/h2>\n\n\n\n<p>Pirm\u0105 kart\u0105 pa\u017evelg\u0119 \u012f peteli\u0161k\u0119 grei\u010diausiai prad\u0117site svarstyti, i\u0161 ko ji pagaminta. Kiekvienas tikriausiai teisingai atsp\u0117ja, kad <em>populiariausia med\u017eiaga yra tekstil\u0117<\/em>...ir tada med\u017eiaga. Be klasikin\u0117s medviln\u0117s, galite rasti ir \u012fvairi\u0173 kit\u0173 audini\u0173.<\/p>\n\n\n\n<figure class=\"wp-block-table\"><table><tbody><tr><td><strong>Med\u017eiaga<\/strong><\/td><td><strong>Informacija<\/strong><\/td><\/tr><tr><td>Poliesteris<\/td><td>Pigesnis variantas<\/td><\/tr><tr><td>Satinas<\/td><td>Auk\u0161\u010diausios kokyb\u0117s sprendimai<\/td><\/tr><tr><td>\u0160ilkas<\/td><td>\u0160venti\u0161kesn\u0117 versija<\/td><\/tr><tr><td>Vilna<\/td><td>Re\u010diau pasitaikanti med\u017eiaga<\/td><\/tr><\/tbody><\/table><figcaption class=\"wp-element-caption\">Da\u017eniausiai naudojama visuomenini\u0173 peteli\u0161ki\u0173 gamybos med\u017eiaga.<\/figcaption><\/figure>\n\n\n\n<p>\u017dinoma, galite susidurti ir su ma\u017eiau tradicin\u0117mis gamybos med\u017eiagomis. Pavyzd\u017eiui, galima pamin\u0117ti pastaruoju metu labai populiarias medines peteli\u0161kes. Ne i\u0161imtis ir popierius, stiklas bei metalas. Visose jose pagrindinis d\u0117mesys skiriamas originalumui ir ekstravaganti\u0161kumui.<\/p>\n\n\n\n<h3 class=\"wp-block-heading\">Kitoks peteli\u0161k\u0117s ri\u0161imas<\/h3>\n\n\n\n<p>Pa\u010diame pagrinde peteli\u0161k\u0117 skirstoma pagal ri\u0161imo b\u016bd\u0105. Vienas i\u0161 variant\u0173 yra <strong>i\u0161 anksto suri\u0161ta peteli\u0161k\u0117<\/strong>. Kur kas senesn\u0117 versija yra mazguota peteli\u0161k\u0117. Jos plotis - apie septynis centimetrus, auk\u0161tis - apie tris centimetrus, ji pasi\u016bta i\u0161 vieno audinio gabalo. J\u0105 ri\u0161ti reikia tam tikr\u0173 \u012fg\u016bd\u017ei\u0173, palyginti su i\u0161 anksto suri\u0161ta versija. \u0160i\u0105 tereikia u\u017esegti ant kaklo. Klasikin\u0117 peteli\u0161k\u0117 gali b\u016bti ri\u0161ama keliais skirtingais b\u016bdais.<\/p>\n\n\n\n<p>Be klasikini\u0173 peteli\u0161ki\u0173, vadinam\u0173 peteli\u0161k\u0117mis, yra ir auk\u0161t\u0173 versij\u0173, vadinam\u0173 <strong>drugelis<\/strong>. Ant vyro kaklo jie daro tiesiog nepakartojam\u0105 \u012fsp\u016bd\u012f. Prie\u0161ingyb\u0117 - \u017eemos peteli\u0161k\u0117s, vadinamos \u0161ik\u0161nosparnio sparnu. Ypa\u010d Jungtin\u0117se Amerikos Valstijose ir Meksikoje galima rasti peteli\u0161ki\u0173, kurios taip pat turi pailgint\u0105 gal\u0105. Jos vadinamos virvelin\u0117mis peteli\u0161k\u0117mis. Kad ir koki\u0105 peteli\u0161k\u0119 pasirinktum\u0117te, visada atrodysite eleganti\u0161kai.<\/p>","protected":false},"excerpt":{"rendered":"<p>Taurel\u0117 yra neatsiejama oficialaus kostiumo dalis, tod\u0117l tikriausiai n\u0117ra prasm\u0117s apie tai diskutuoti. Daugelis j\u0105 d\u0117vi net prie oficialesni\u0173 drabu\u017ei\u0173. Da\u017eniausiai tai vyri\u0161k\u0173 drabu\u017ei\u0173 dalis, nors ekstravagancijai ir k\u016brybi\u0161kumui rib\u0173 tikrai n\u0117ra. Ma\u017eai kas taip pat \u017eino, kad pati peteli\u0161k\u0117 yra susijusi su vienu dalyk\u0117liu, susijusiu su jos ilgiu. ... <\/p>","protected":false},"author":2,"featured_media":997,"comment_status":"closed","ping_status":"closed","sticky":false,"template":"","format":"standard","meta":{"footnotes":""},"categories":[671],"tags":[998,685,995,996,1000,1001,997,1002,1003,999],"class_list":["post-996","post","type-post","status-publish","format-standard","has-post-thumbnail","hentry","category-moda","tag-hedvabi","tag-limecek","tag-motylek","tag-polyester","tag-predvazany","tag-predvazany-motylek","tag-saten","tag-vazany","tag-vazany-motylek","tag-vlna"],"yoast_head":"<!-- This site is optimized with the Yoast SEO plugin v27.5 - https:\/\/yoast.com\/product\/yoast-seo-wordpress\/ -->\n<title>Mot\u00fdlek jako ikona spole\u010densk\u00e9ho od\u011bvu - REGBU.COM<\/title>\n<meta name=\"description\" content=\"Mot\u00fdlek je d\u016fle\u017eitou sou\u010d\u00e1st\u00ed spole\u010densk\u00e9ho od\u011bvu. Zjist\u011bte o tomto elegantn\u00edm dopl\u0148ku v\u00edce praktick\u00fdch informac\u00ed.\" \/>\n<meta name=\"robots\" content=\"index, follow, max-snippet:-1, max-image-preview:large, max-video-preview:-1\" \/>\n<link rel=\"canonical\" href=\"https:\/\/regbu.com\/lt\/hoe-as-con-of-solar-clothing\/\" \/>\n<meta property=\"og:locale\" content=\"lt_LT\" \/>\n<meta property=\"og:type\" content=\"article\" \/>\n<meta property=\"og:title\" content=\"Mot\u00fdlek jako ikona spole\u010densk\u00e9ho od\u011bvu - REGBU.COM\" \/>\n<meta property=\"og:description\" content=\"Mot\u00fdlek je d\u016fle\u017eitou sou\u010d\u00e1st\u00ed spole\u010densk\u00e9ho od\u011bvu. Zjist\u011bte o tomto elegantn\u00edm dopl\u0148ku v\u00edce praktick\u00fdch informac\u00ed.\" \/>\n<meta property=\"og:url\" content=\"https:\/\/regbu.com\/lt\/hoe-as-con-of-solar-clothing\/\" \/>\n<meta property=\"og:site_name\" content=\"REGBU.COM\" \/>\n<meta property=\"article:published_time\" content=\"2023-07-10T14:38:57+00:00\" \/>\n<meta property=\"article:modified_time\" content=\"2025-09-05T05:41:23+00:00\" \/>\n<meta property=\"og:image\" content=\"https:\/\/regbu.com\/wp-content\/uploads\/2023\/07\/motylek-jako-ikona-spolecenskeho-odevu.jpg\" \/>\n\t<meta property=\"og:image:width\" content=\"1200\" \/>\n\t<meta property=\"og:image:height\" content=\"676\" \/>\n\t<meta property=\"og:image:type\" content=\"image\/jpeg\" \/>\n<meta name=\"author\" content=\"George Martin\" \/>\n<meta name=\"twitter:card\" content=\"summary_large_image\" \/>\n<meta name=\"twitter:label1\" content=\"Written by\" \/>\n\t<meta name=\"twitter:data1\" content=\"George Martin\" \/>\n\t<meta name=\"twitter:label2\" content=\"Est. reading time\" \/>\n\t<meta name=\"twitter:data2\" content=\"2 minut\u0117s\" \/>\n<script type=\"application\/ld+json\" class=\"yoast-schema-graph\">{\"@context\":\"https:\\\/\\\/schema.org\",\"@graph\":[{\"@type\":\"Article\",\"@id\":\"https:\\\/\\\/regbu.com\\\/lt\\\/hoe-as-con-of-solar-clothing\\\/#article\",\"isPartOf\":{\"@id\":\"https:\\\/\\\/regbu.com\\\/lt\\\/hoe-as-con-of-solar-clothing\\\/\"},\"author\":{\"name\":\"George Martin\",\"@id\":\"https:\\\/\\\/regbu.com\\\/en\\\/#\\\/schema\\\/person\\\/94ea9deda2629771b8a9ced002f6784e\"},\"headline\":\"Mot\u00fdlek jako ikona spole\u010densk\u00e9ho od\u011bvu\",\"datePublished\":\"2023-07-10T14:38:57+00:00\",\"dateModified\":\"2025-09-05T05:41:23+00:00\",\"mainEntityOfPage\":{\"@id\":\"https:\\\/\\\/regbu.com\\\/lt\\\/hoe-as-con-of-solar-clothing\\\/\"},\"wordCount\":482,\"image\":{\"@id\":\"https:\\\/\\\/regbu.com\\\/lt\\\/hoe-as-con-of-solar-clothing\\\/#primaryimage\"},\"thumbnailUrl\":\"https:\\\/\\\/regbu.com\\\/wp-content\\\/uploads\\\/2023\\\/07\\\/motylek-jako-ikona-spolecenskeho-odevu.jpg\",\"keywords\":[\"hedv\u00e1b\u00ed\",\"l\u00edme\u010dek\",\"mot\u00fdlek\",\"polyester\",\"p\u0159edv\u00e1zan\u00fd\",\"p\u0159edv\u00e1zan\u00fd mot\u00fdlek\",\"sat\u00e9n\",\"v\u00e1zan\u00fd\",\"v\u00e1zan\u00fd mot\u00fdlek\",\"vlna\"],\"articleSection\":[\"M\u00f3da\"],\"inLanguage\":\"lt-LT\"},{\"@type\":\"WebPage\",\"@id\":\"https:\\\/\\\/regbu.com\\\/lt\\\/hoe-as-con-of-solar-clothing\\\/\",\"url\":\"https:\\\/\\\/regbu.com\\\/lt\\\/hoe-as-con-of-solar-clothing\\\/\",\"name\":\"Mot\u00fdlek jako ikona spole\u010densk\u00e9ho od\u011bvu - REGBU.COM\",\"isPartOf\":{\"@id\":\"https:\\\/\\\/regbu.com\\\/en\\\/#website\"},\"primaryImageOfPage\":{\"@id\":\"https:\\\/\\\/regbu.com\\\/lt\\\/hoe-as-con-of-solar-clothing\\\/#primaryimage\"},\"image\":{\"@id\":\"https:\\\/\\\/regbu.com\\\/lt\\\/hoe-as-con-of-solar-clothing\\\/#primaryimage\"},\"thumbnailUrl\":\"https:\\\/\\\/regbu.com\\\/wp-content\\\/uploads\\\/2023\\\/07\\\/motylek-jako-ikona-spolecenskeho-odevu.jpg\",\"datePublished\":\"2023-07-10T14:38:57+00:00\",\"dateModified\":\"2025-09-05T05:41:23+00:00\",\"author\":{\"@id\":\"https:\\\/\\\/regbu.com\\\/en\\\/#\\\/schema\\\/person\\\/94ea9deda2629771b8a9ced002f6784e\"},\"description\":\"Mot\u00fdlek je d\u016fle\u017eitou sou\u010d\u00e1st\u00ed spole\u010densk\u00e9ho od\u011bvu. Zjist\u011bte o tomto elegantn\u00edm dopl\u0148ku v\u00edce praktick\u00fdch informac\u00ed.\",\"breadcrumb\":{\"@id\":\"https:\\\/\\\/regbu.com\\\/lt\\\/hoe-as-con-of-solar-clothing\\\/#breadcrumb\"},\"inLanguage\":\"lt-LT\",\"potentialAction\":[{\"@type\":\"ReadAction\",\"target\":[\"https:\\\/\\\/regbu.com\\\/lt\\\/hoe-as-con-of-solar-clothing\\\/\"]}]},{\"@type\":\"ImageObject\",\"inLanguage\":\"lt-LT\",\"@id\":\"https:\\\/\\\/regbu.com\\\/lt\\\/hoe-as-con-of-solar-clothing\\\/#primaryimage\",\"url\":\"https:\\\/\\\/regbu.com\\\/wp-content\\\/uploads\\\/2023\\\/07\\\/motylek-jako-ikona-spolecenskeho-odevu.jpg\",\"contentUrl\":\"https:\\\/\\\/regbu.com\\\/wp-content\\\/uploads\\\/2023\\\/07\\\/motylek-jako-ikona-spolecenskeho-odevu.jpg\",\"width\":1200,\"height\":676,\"caption\":\"Mot\u00fdlek jako ikona spole\u010densk\u00e9ho od\u011bvu\"},{\"@type\":\"BreadcrumbList\",\"@id\":\"https:\\\/\\\/regbu.com\\\/lt\\\/hoe-as-con-of-solar-clothing\\\/#breadcrumb\",\"itemListElement\":[{\"@type\":\"ListItem\",\"position\":1,\"name\":\"Home\",\"item\":\"https:\\\/\\\/regbu.com\\\/en\\\/\"},{\"@type\":\"ListItem\",\"position\":2,\"name\":\"Mot\u00fdlek jako ikona spole\u010densk\u00e9ho od\u011bvu\"}]},{\"@type\":\"WebSite\",\"@id\":\"https:\\\/\\\/regbu.com\\\/en\\\/#website\",\"url\":\"https:\\\/\\\/regbu.com\\\/en\\\/\",\"name\":\"REGBU.COM\",\"description\":\"\",\"potentialAction\":[{\"@type\":\"SearchAction\",\"target\":{\"@type\":\"EntryPoint\",\"urlTemplate\":\"https:\\\/\\\/regbu.com\\\/en\\\/?s={search_term_string}\"},\"query-input\":{\"@type\":\"PropertyValueSpecification\",\"valueRequired\":true,\"valueName\":\"search_term_string\"}}],\"inLanguage\":\"lt-LT\"},{\"@type\":\"Person\",\"@id\":\"https:\\\/\\\/regbu.com\\\/en\\\/#\\\/schema\\\/person\\\/94ea9deda2629771b8a9ced002f6784e\",\"name\":\"George Martin\",\"url\":\"https:\\\/\\\/regbu.com\\\/lt\\\/author\\\/george-martin\\\/\"}]}<\/script>\n<!-- \/ Yoast SEO plugin. -->","yoast_head_json":{"title":"Peteli\u0161k\u0117 - oficialios aprangos simbolis - REGBU.COM","description":"Taurel\u0117 yra svarbi oficialios aprangos dalis. Su\u017einokite daugiau praktin\u0117s informacijos apie \u0161\u012f eleganti\u0161k\u0105 aksesuar\u0105.","robots":{"index":"index","follow":"follow","max-snippet":"max-snippet:-1","max-image-preview":"max-image-preview:large","max-video-preview":"max-video-preview:-1"},"canonical":"https:\/\/regbu.com\/lt\/hoe-as-con-of-solar-clothing\/","og_locale":"lt_LT","og_type":"article","og_title":"Mot\u00fdlek jako ikona spole\u010densk\u00e9ho od\u011bvu - REGBU.COM","og_description":"Mot\u00fdlek je d\u016fle\u017eitou sou\u010d\u00e1st\u00ed spole\u010densk\u00e9ho od\u011bvu. Zjist\u011bte o tomto elegantn\u00edm dopl\u0148ku v\u00edce praktick\u00fdch informac\u00ed.","og_url":"https:\/\/regbu.com\/lt\/hoe-as-con-of-solar-clothing\/","og_site_name":"REGBU.COM","article_published_time":"2023-07-10T14:38:57+00:00","article_modified_time":"2025-09-05T05:41:23+00:00","og_image":[{"width":1200,"height":676,"url":"https:\/\/regbu.com\/wp-content\/uploads\/2023\/07\/motylek-jako-ikona-spolecenskeho-odevu.jpg","type":"image\/jpeg"}],"author":"George Martin","twitter_card":"summary_large_image","twitter_misc":{"Written by":"George Martin","Est. reading time":"2 minut\u0117s"},"schema":{"@context":"https:\/\/schema.org","@graph":[{"@type":"Article","@id":"https:\/\/regbu.com\/lt\/hoe-as-con-of-solar-clothing\/#article","isPartOf":{"@id":"https:\/\/regbu.com\/lt\/hoe-as-con-of-solar-clothing\/"},"author":{"name":"George Martin","@id":"https:\/\/regbu.com\/en\/#\/schema\/person\/94ea9deda2629771b8a9ced002f6784e"},"headline":"Mot\u00fdlek jako ikona spole\u010densk\u00e9ho od\u011bvu","datePublished":"2023-07-10T14:38:57+00:00","dateModified":"2025-09-05T05:41:23+00:00","mainEntityOfPage":{"@id":"https:\/\/regbu.com\/lt\/hoe-as-con-of-solar-clothing\/"},"wordCount":482,"image":{"@id":"https:\/\/regbu.com\/lt\/hoe-as-con-of-solar-clothing\/#primaryimage"},"thumbnailUrl":"https:\/\/regbu.com\/wp-content\/uploads\/2023\/07\/motylek-jako-ikona-spolecenskeho-odevu.jpg","keywords":["hedv\u00e1b\u00ed","l\u00edme\u010dek","mot\u00fdlek","polyester","p\u0159edv\u00e1zan\u00fd","p\u0159edv\u00e1zan\u00fd mot\u00fdlek","sat\u00e9n","v\u00e1zan\u00fd","v\u00e1zan\u00fd mot\u00fdlek","vlna"],"articleSection":["M\u00f3da"],"inLanguage":"lt-LT"},{"@type":"WebPage","@id":"https:\/\/regbu.com\/lt\/hoe-as-con-of-solar-clothing\/","url":"https:\/\/regbu.com\/lt\/hoe-as-con-of-solar-clothing\/","name":"Peteli\u0161k\u0117 - oficialios aprangos simbolis - REGBU.COM","isPartOf":{"@id":"https:\/\/regbu.com\/en\/#website"},"primaryImageOfPage":{"@id":"https:\/\/regbu.com\/lt\/hoe-as-con-of-solar-clothing\/#primaryimage"},"image":{"@id":"https:\/\/regbu.com\/lt\/hoe-as-con-of-solar-clothing\/#primaryimage"},"thumbnailUrl":"https:\/\/regbu.com\/wp-content\/uploads\/2023\/07\/motylek-jako-ikona-spolecenskeho-odevu.jpg","datePublished":"2023-07-10T14:38:57+00:00","dateModified":"2025-09-05T05:41:23+00:00","author":{"@id":"https:\/\/regbu.com\/en\/#\/schema\/person\/94ea9deda2629771b8a9ced002f6784e"},"description":"Taurel\u0117 yra svarbi oficialios aprangos dalis. Su\u017einokite daugiau praktin\u0117s informacijos apie \u0161\u012f eleganti\u0161k\u0105 aksesuar\u0105.","breadcrumb":{"@id":"https:\/\/regbu.com\/lt\/hoe-as-con-of-solar-clothing\/#breadcrumb"},"inLanguage":"lt-LT","potentialAction":[{"@type":"ReadAction","target":["https:\/\/regbu.com\/lt\/hoe-as-con-of-solar-clothing\/"]}]},{"@type":"ImageObject","inLanguage":"lt-LT","@id":"https:\/\/regbu.com\/lt\/hoe-as-con-of-solar-clothing\/#primaryimage","url":"https:\/\/regbu.com\/wp-content\/uploads\/2023\/07\/motylek-jako-ikona-spolecenskeho-odevu.jpg","contentUrl":"https:\/\/regbu.com\/wp-content\/uploads\/2023\/07\/motylek-jako-ikona-spolecenskeho-odevu.jpg","width":1200,"height":676,"caption":"Mot\u00fdlek jako ikona spole\u010densk\u00e9ho od\u011bvu"},{"@type":"BreadcrumbList","@id":"https:\/\/regbu.com\/lt\/hoe-as-con-of-solar-clothing\/#breadcrumb","itemListElement":[{"@type":"ListItem","position":1,"name":"Home","item":"https:\/\/regbu.com\/en\/"},{"@type":"ListItem","position":2,"name":"Mot\u00fdlek jako ikona spole\u010densk\u00e9ho od\u011bvu"}]},{"@type":"WebSite","@id":"https:\/\/regbu.com\/en\/#website","url":"https:\/\/regbu.com\/en\/","name":"REGBU.COM","description":"","potentialAction":[{"@type":"SearchAction","target":{"@type":"EntryPoint","urlTemplate":"https:\/\/regbu.com\/en\/?s={search_term_string}"},"query-input":{"@type":"PropertyValueSpecification","valueRequired":true,"valueName":"search_term_string"}}],"inLanguage":"lt-LT"},{"@type":"Person","@id":"https:\/\/regbu.com\/en\/#\/schema\/person\/94ea9deda2629771b8a9ced002f6784e","name":"George'as Martinas","url":"https:\/\/regbu.com\/lt\/author\/george-martin\/"}]}},"_links":{"self":[{"href":"https:\/\/regbu.com\/lt\/wp-json\/wp\/v2\/posts\/996","targetHints":{"allow":["GET"]}}],"collection":[{"href":"https:\/\/regbu.com\/lt\/wp-json\/wp\/v2\/posts"}],"about":[{"href":"https:\/\/regbu.com\/lt\/wp-json\/wp\/v2\/types\/post"}],"author":[{"embeddable":true,"href":"https:\/\/regbu.com\/lt\/wp-json\/wp\/v2\/users\/2"}],"replies":[{"embeddable":true,"href":"https:\/\/regbu.com\/lt\/wp-json\/wp\/v2\/comments?post=996"}],"version-history":[{"count":2,"href":"https:\/\/regbu.com\/lt\/wp-json\/wp\/v2\/posts\/996\/revisions"}],"predecessor-version":[{"id":1007,"href":"https:\/\/regbu.com\/lt\/wp-json\/wp\/v2\/posts\/996\/revisions\/1007"}],"wp:featuredmedia":[{"embeddable":true,"href":"https:\/\/regbu.com\/lt\/wp-json\/wp\/v2\/media\/997"}],"wp:attachment":[{"href":"https:\/\/regbu.com\/lt\/wp-json\/wp\/v2\/media?parent=996"}],"wp:term":[{"taxonomy":"category","embeddable":true,"href":"https:\/\/regbu.com\/lt\/wp-json\/wp\/v2\/categories?post=996"},{"taxonomy":"post_tag","embeddable":true,"href":"https:\/\/regbu.com\/lt\/wp-json\/wp\/v2\/tags?post=996"}],"curies":[{"name":"wp","href":"https:\/\/api.w.org\/{rel}","templated":true}]}}