{"id":864,"date":"2023-06-19T18:30:35","date_gmt":"2023-06-19T16:30:35","guid":{"rendered":"https:\/\/regbu.com\/?p=864"},"modified":"2025-09-05T07:42:15","modified_gmt":"2025-09-05T05:42:15","slug":"modni-ikony-na-ktere-se-nezapomina","status":"publish","type":"post","link":"https:\/\/regbu.com\/lt\/mados-ikonos-kurios-niekada-nebus-pamirstos\/","title":{"rendered":"Mados ikonos, kuri\u0173 negalima pamir\u0161ti"},"content":{"rendered":"<p>Mados ikonos - taip vadinamos moterys, kurios savo drabu\u017eiais daro \u012ftak\u0105 visam pasauliui. Kad ir k\u0105 \u0161ios moterys tur\u0117jo <strong><a href=\"https:\/\/regbu.com\/lt\/uces-you-choose-by-character-type\/\">\u0161ukuosenos<\/a><\/strong>persona\u017eai ir bruo\u017eai, j\u0173 apranga buvo nesenstanti ir sugeb\u0117jo patikti daugeliui \u017emoni\u0173. Prisijunkite prie m\u016bs\u0173 ir prisiminkite garsias moteris, kurios daug dav\u0117 visai madai.<\/p>\n\n\n\n<ul class=\"wp-block-list\">\n<li>Marlene Dietrich<\/li>\n\n\n\n<li>Audrey Hepburn<\/li>\n\n\n\n<li>Princes\u0117 Diana<\/li>\n<\/ul>\n\n\n\n<p>Tai tik nedidel\u0117 saujel\u0117 t\u0173, kurie peln\u0117 mados ikonos etiket\u0119. \u0160iame s\u0105ra\u0161e teis\u0117tai yra <strong>Coco Chanel<\/strong>. Ji nebijojo \u012f savo aprang\u0105 \u012fkomponuoti vyri\u0161k\u0173 aksesuar\u0173, kas tuo metu buvo labai ne\u012fprasta.<\/p>\n\n\n\n<h2 class=\"wp-block-heading\">Susipa\u017einkite su pasaulio mados ikonomis<\/h2>\n\n\n\n<p>Kalbant apie vyri\u0161kus aprangos elementus, savo laiku juos sugalvojo Marlene Dietrich. Ji entuziastingai naudojo kaklarai\u0161\u010dius, skryb\u0117les ir vyri\u0161kas kelnes. Prie mados ikon\u0173 taip pat priskiriami <em>\u017daklina Kenedi<\/em>kuris savo ruo\u017etu siejamas su dideliais akiniais ir suknel\u0117mis be rankovi\u0173. O kokios dar moterys nusipelno \u0161io vardo?<\/p>\n\n\n\n<figure class=\"wp-block-table\"><table><tbody><tr><td><strong>Pavadinimas<\/strong><\/td><td><strong>Elementai<\/strong><\/td><\/tr><tr><td>Audrey Hepburn<\/td><td>Elegancija, balerinos ir kapri stiliaus keln\u0117s<\/td><\/tr><tr><td>Grace Kelly<\/td><td>Satino ir trumpi megztiniai<\/td><\/tr><tr><td>Coco Chanel<\/td><td>J\u016briniai dry\u017eiai<\/td><\/tr><tr><td>Madonna<\/td><td>Priglud\u0119 triko<\/td><\/tr><\/tbody><\/table><figcaption class=\"wp-element-caption\">Pagrindin\u0117s praeities ir pastar\u0173j\u0173 met\u0173 mados ikonos.<\/figcaption><\/figure>\n\n\n\n<p>Princes\u0117 Diana taip pat yra viena i\u0161 \u012ftaking\u0173 mados ikon\u0173. Ji u\u017ekariavo gerb\u0117j\u0173 \u0161irdis visame pasaulyje ne tik savo elgesiu, bet ir aprangos stiliumi. Nesvarbu, ar tai b\u016bt\u0173 original\u016bs kostiumai, ar \u012fsp\u016bdingos suknel\u0117s. Nors ji nebuvo gryna mados ikona, ji buvo \u012frodymas, kaip \u0161iek tiek paprastas \u017emogus gali daryti \u012ftak\u0105 madai daugelyje \u0161ali\u0173.<\/p>\n\n\n\n<h3 class=\"wp-block-heading\">\u0160iuolaikin\u0117s mados ikonos<\/h3>\n\n\n\n<p>Nuo istorini\u0173 mados ikon\u0173 pereiname prie t\u0173, kurios pastaraisiais metais padar\u0117 \u012ftak\u0105 miniai moter\u0173. Tarp \u012fsivaizduojam\u0173 specifin\u0117s mados ikon\u0173 yra seserys Mary-Kate ir Ashley Olsen. Kita vertus, boho-chic stilius yra neatsiejamas <strong>Kate Moss<\/strong>. Modelis savo garderob\u0105 praturtino roko elementais ir \u012f j\u012f \u012ftrauk\u0117 aksesuarus, tokius kaip kicksai ir kt. Visa tai tur\u0117jo \u012ftakos moter\u0173 visame pasaulyje aprangos stiliui.<\/p>\n\n\n\n<p>Galiausiai nepatartina pamir\u0161ti net \u0161iek tiek ekstravagancijos. Mados ikonos, pavadintos <strong>Lady Gaga<\/strong>. Ji gal\u0117jo nueiti \u012f tikrus kra\u0161tutinumus, kurie bent jau atkreipdavo d\u0117mes\u012f, kur tik ji nueidavo.<\/p>","protected":false},"excerpt":{"rendered":"<p>Mados ikonos - taip vadinamos moterys, kurios savo drabu\u017eiais daro \u012ftak\u0105 visam pasauliui. Kad ir kokia b\u016bt\u0173 j\u0173 \u0161ukuosena, fig\u016bra ir bruo\u017eai, \u0161i\u0173 moter\u0173 apranga buvo am\u017eina ir sugeb\u0117jo pasiekti daugyb\u0119 \u017emoni\u0173. Prisijunkite prie m\u016bs\u0173 ir prisiminkite garsias moteris, kurios daug dav\u0117 visai madai. Tai tik nedidel\u0117 saujel\u0117 t\u0173 ... <\/p>","protected":false},"author":2,"featured_media":865,"comment_status":"closed","ping_status":"closed","sticky":false,"template":"","format":"standard","meta":{"footnotes":""},"categories":[671],"tags":[753,755,754,750,752,757,756,751,749,758],"class_list":["post-864","post","type-post","status-publish","format-standard","has-post-thumbnail","hentry","category-moda","tag-audrey-hepburn","tag-coco-chanel","tag-grace-kelly","tag-ikona","tag-ikony","tag-kate-moss","tag-madonna","tag-modni-ikona","tag-modni-ikony","tag-princezna-diana"],"yoast_head":"<!-- This site is optimized with the Yoast SEO plugin v27.5 - https:\/\/yoast.com\/product\/yoast-seo-wordpress\/ -->\n<title>M\u00f3dn\u00ed ikony, na kter\u00e9 se nezapom\u00edn\u00e1 - REGBU.COM<\/title>\n<meta name=\"description\" content=\"Poznejte m\u00f3dn\u00ed ikony let minul\u00fdch, ale tak\u00e9 sou\u010dasn\u00fdch. Zjist\u011bte, kdo ovlivnil m\u00f3dn\u00ed styl ve zna\u010dn\u00e9 m\u00ed\u0159e a na hodn\u011b dlouho.\" \/>\n<meta name=\"robots\" content=\"index, follow, max-snippet:-1, max-image-preview:large, max-video-preview:-1\" \/>\n<link rel=\"canonical\" href=\"https:\/\/regbu.com\/lt\/mados-ikonos-kurios-niekada-nebus-pamirstos\/\" \/>\n<meta property=\"og:locale\" content=\"lt_LT\" \/>\n<meta property=\"og:type\" content=\"article\" \/>\n<meta property=\"og:title\" content=\"M\u00f3dn\u00ed ikony, na kter\u00e9 se nezapom\u00edn\u00e1 - REGBU.COM\" \/>\n<meta property=\"og:description\" content=\"Poznejte m\u00f3dn\u00ed ikony let minul\u00fdch, ale tak\u00e9 sou\u010dasn\u00fdch. Zjist\u011bte, kdo ovlivnil m\u00f3dn\u00ed styl ve zna\u010dn\u00e9 m\u00ed\u0159e a na hodn\u011b dlouho.\" \/>\n<meta property=\"og:url\" content=\"https:\/\/regbu.com\/lt\/mados-ikonos-kurios-niekada-nebus-pamirstos\/\" \/>\n<meta property=\"og:site_name\" content=\"REGBU.COM\" \/>\n<meta property=\"article:published_time\" content=\"2023-06-19T16:30:35+00:00\" \/>\n<meta property=\"article:modified_time\" content=\"2025-09-05T05:42:15+00:00\" \/>\n<meta property=\"og:image\" content=\"https:\/\/regbu.com\/wp-content\/uploads\/2023\/06\/modni-ikony-na-ktere-se-nezapomina.jpg\" \/>\n\t<meta property=\"og:image:width\" content=\"1200\" \/>\n\t<meta property=\"og:image:height\" content=\"678\" \/>\n\t<meta property=\"og:image:type\" content=\"image\/jpeg\" \/>\n<meta name=\"author\" content=\"George Martin\" \/>\n<meta name=\"twitter:card\" content=\"summary_large_image\" \/>\n<meta name=\"twitter:label1\" content=\"Written by\" \/>\n\t<meta name=\"twitter:data1\" content=\"George Martin\" \/>\n\t<meta name=\"twitter:label2\" content=\"Est. reading time\" \/>\n\t<meta name=\"twitter:data2\" content=\"2 minut\u0117s\" \/>\n<script type=\"application\/ld+json\" class=\"yoast-schema-graph\">{\"@context\":\"https:\\\/\\\/schema.org\",\"@graph\":[{\"@type\":\"Article\",\"@id\":\"https:\\\/\\\/regbu.com\\\/lt\\\/mados-ikonos-kurios-niekada-nebus-pamirstos\\\/#article\",\"isPartOf\":{\"@id\":\"https:\\\/\\\/regbu.com\\\/lt\\\/mados-ikonos-kurios-niekada-nebus-pamirstos\\\/\"},\"author\":{\"name\":\"George Martin\",\"@id\":\"https:\\\/\\\/regbu.com\\\/en\\\/#\\\/schema\\\/person\\\/94ea9deda2629771b8a9ced002f6784e\"},\"headline\":\"M\u00f3dn\u00ed ikony, na kter\u00e9 se nezapom\u00edn\u00e1\",\"datePublished\":\"2023-06-19T16:30:35+00:00\",\"dateModified\":\"2025-09-05T05:42:15+00:00\",\"mainEntityOfPage\":{\"@id\":\"https:\\\/\\\/regbu.com\\\/lt\\\/mados-ikonos-kurios-niekada-nebus-pamirstos\\\/\"},\"wordCount\":467,\"image\":{\"@id\":\"https:\\\/\\\/regbu.com\\\/lt\\\/mados-ikonos-kurios-niekada-nebus-pamirstos\\\/#primaryimage\"},\"thumbnailUrl\":\"https:\\\/\\\/regbu.com\\\/wp-content\\\/uploads\\\/2023\\\/06\\\/modni-ikony-na-ktere-se-nezapomina.jpg\",\"keywords\":[\"Audrey Hepburn\",\"Coco Chanel\",\"Grace Kelly\",\"ikona\",\"ikony\",\"Kate Moss\",\"Madonna\",\"m\u00f3dn\u00ed ikona\",\"m\u00f3dn\u00ed ikony\",\"princezna Diana\"],\"articleSection\":[\"M\u00f3da\"],\"inLanguage\":\"lt-LT\"},{\"@type\":\"WebPage\",\"@id\":\"https:\\\/\\\/regbu.com\\\/lt\\\/mados-ikonos-kurios-niekada-nebus-pamirstos\\\/\",\"url\":\"https:\\\/\\\/regbu.com\\\/lt\\\/mados-ikonos-kurios-niekada-nebus-pamirstos\\\/\",\"name\":\"M\u00f3dn\u00ed ikony, na kter\u00e9 se nezapom\u00edn\u00e1 - REGBU.COM\",\"isPartOf\":{\"@id\":\"https:\\\/\\\/regbu.com\\\/en\\\/#website\"},\"primaryImageOfPage\":{\"@id\":\"https:\\\/\\\/regbu.com\\\/lt\\\/mados-ikonos-kurios-niekada-nebus-pamirstos\\\/#primaryimage\"},\"image\":{\"@id\":\"https:\\\/\\\/regbu.com\\\/lt\\\/mados-ikonos-kurios-niekada-nebus-pamirstos\\\/#primaryimage\"},\"thumbnailUrl\":\"https:\\\/\\\/regbu.com\\\/wp-content\\\/uploads\\\/2023\\\/06\\\/modni-ikony-na-ktere-se-nezapomina.jpg\",\"datePublished\":\"2023-06-19T16:30:35+00:00\",\"dateModified\":\"2025-09-05T05:42:15+00:00\",\"author\":{\"@id\":\"https:\\\/\\\/regbu.com\\\/en\\\/#\\\/schema\\\/person\\\/94ea9deda2629771b8a9ced002f6784e\"},\"description\":\"Poznejte m\u00f3dn\u00ed ikony let minul\u00fdch, ale tak\u00e9 sou\u010dasn\u00fdch. Zjist\u011bte, kdo ovlivnil m\u00f3dn\u00ed styl ve zna\u010dn\u00e9 m\u00ed\u0159e a na hodn\u011b dlouho.\",\"breadcrumb\":{\"@id\":\"https:\\\/\\\/regbu.com\\\/lt\\\/mados-ikonos-kurios-niekada-nebus-pamirstos\\\/#breadcrumb\"},\"inLanguage\":\"lt-LT\",\"potentialAction\":[{\"@type\":\"ReadAction\",\"target\":[\"https:\\\/\\\/regbu.com\\\/lt\\\/mados-ikonos-kurios-niekada-nebus-pamirstos\\\/\"]}]},{\"@type\":\"ImageObject\",\"inLanguage\":\"lt-LT\",\"@id\":\"https:\\\/\\\/regbu.com\\\/lt\\\/mados-ikonos-kurios-niekada-nebus-pamirstos\\\/#primaryimage\",\"url\":\"https:\\\/\\\/regbu.com\\\/wp-content\\\/uploads\\\/2023\\\/06\\\/modni-ikony-na-ktere-se-nezapomina.jpg\",\"contentUrl\":\"https:\\\/\\\/regbu.com\\\/wp-content\\\/uploads\\\/2023\\\/06\\\/modni-ikony-na-ktere-se-nezapomina.jpg\",\"width\":1200,\"height\":678,\"caption\":\"M\u00f3dn\u00ed ikony, na kter\u00e9 se nezapom\u00edn\u00e1\"},{\"@type\":\"BreadcrumbList\",\"@id\":\"https:\\\/\\\/regbu.com\\\/lt\\\/mados-ikonos-kurios-niekada-nebus-pamirstos\\\/#breadcrumb\",\"itemListElement\":[{\"@type\":\"ListItem\",\"position\":1,\"name\":\"Home\",\"item\":\"https:\\\/\\\/regbu.com\\\/en\\\/\"},{\"@type\":\"ListItem\",\"position\":2,\"name\":\"M\u00f3dn\u00ed ikony, na kter\u00e9 se nezapom\u00edn\u00e1\"}]},{\"@type\":\"WebSite\",\"@id\":\"https:\\\/\\\/regbu.com\\\/en\\\/#website\",\"url\":\"https:\\\/\\\/regbu.com\\\/en\\\/\",\"name\":\"REGBU.COM\",\"description\":\"\",\"potentialAction\":[{\"@type\":\"SearchAction\",\"target\":{\"@type\":\"EntryPoint\",\"urlTemplate\":\"https:\\\/\\\/regbu.com\\\/en\\\/?s={search_term_string}\"},\"query-input\":{\"@type\":\"PropertyValueSpecification\",\"valueRequired\":true,\"valueName\":\"search_term_string\"}}],\"inLanguage\":\"lt-LT\"},{\"@type\":\"Person\",\"@id\":\"https:\\\/\\\/regbu.com\\\/en\\\/#\\\/schema\\\/person\\\/94ea9deda2629771b8a9ced002f6784e\",\"name\":\"George Martin\",\"url\":\"https:\\\/\\\/regbu.com\\\/lt\\\/author\\\/george-martin\\\/\"}]}<\/script>\n<!-- \/ Yoast SEO plugin. -->","yoast_head_json":{"title":"Mados ikonos, kuri\u0173 negalima pamir\u0161ti - REGBU.COM","description":"Susipa\u017einkite ne tik su praeities, bet ir su dabarties mados ikonomis. Su\u017einokite, kas dar\u0117 didel\u0119 ir ilgalaik\u0119 \u012ftak\u0105 mados stiliui.","robots":{"index":"index","follow":"follow","max-snippet":"max-snippet:-1","max-image-preview":"max-image-preview:large","max-video-preview":"max-video-preview:-1"},"canonical":"https:\/\/regbu.com\/lt\/mados-ikonos-kurios-niekada-nebus-pamirstos\/","og_locale":"lt_LT","og_type":"article","og_title":"M\u00f3dn\u00ed ikony, na kter\u00e9 se nezapom\u00edn\u00e1 - REGBU.COM","og_description":"Poznejte m\u00f3dn\u00ed ikony let minul\u00fdch, ale tak\u00e9 sou\u010dasn\u00fdch. Zjist\u011bte, kdo ovlivnil m\u00f3dn\u00ed styl ve zna\u010dn\u00e9 m\u00ed\u0159e a na hodn\u011b dlouho.","og_url":"https:\/\/regbu.com\/lt\/mados-ikonos-kurios-niekada-nebus-pamirstos\/","og_site_name":"REGBU.COM","article_published_time":"2023-06-19T16:30:35+00:00","article_modified_time":"2025-09-05T05:42:15+00:00","og_image":[{"width":1200,"height":678,"url":"https:\/\/regbu.com\/wp-content\/uploads\/2023\/06\/modni-ikony-na-ktere-se-nezapomina.jpg","type":"image\/jpeg"}],"author":"George Martin","twitter_card":"summary_large_image","twitter_misc":{"Written by":"George Martin","Est. reading time":"2 minut\u0117s"},"schema":{"@context":"https:\/\/schema.org","@graph":[{"@type":"Article","@id":"https:\/\/regbu.com\/lt\/mados-ikonos-kurios-niekada-nebus-pamirstos\/#article","isPartOf":{"@id":"https:\/\/regbu.com\/lt\/mados-ikonos-kurios-niekada-nebus-pamirstos\/"},"author":{"name":"George Martin","@id":"https:\/\/regbu.com\/en\/#\/schema\/person\/94ea9deda2629771b8a9ced002f6784e"},"headline":"M\u00f3dn\u00ed ikony, na kter\u00e9 se nezapom\u00edn\u00e1","datePublished":"2023-06-19T16:30:35+00:00","dateModified":"2025-09-05T05:42:15+00:00","mainEntityOfPage":{"@id":"https:\/\/regbu.com\/lt\/mados-ikonos-kurios-niekada-nebus-pamirstos\/"},"wordCount":467,"image":{"@id":"https:\/\/regbu.com\/lt\/mados-ikonos-kurios-niekada-nebus-pamirstos\/#primaryimage"},"thumbnailUrl":"https:\/\/regbu.com\/wp-content\/uploads\/2023\/06\/modni-ikony-na-ktere-se-nezapomina.jpg","keywords":["Audrey Hepburn","Coco Chanel","Grace Kelly","ikona","ikony","Kate Moss","Madonna","m\u00f3dn\u00ed ikona","m\u00f3dn\u00ed ikony","princezna Diana"],"articleSection":["M\u00f3da"],"inLanguage":"lt-LT"},{"@type":"WebPage","@id":"https:\/\/regbu.com\/lt\/mados-ikonos-kurios-niekada-nebus-pamirstos\/","url":"https:\/\/regbu.com\/lt\/mados-ikonos-kurios-niekada-nebus-pamirstos\/","name":"Mados ikonos, kuri\u0173 negalima pamir\u0161ti - REGBU.COM","isPartOf":{"@id":"https:\/\/regbu.com\/en\/#website"},"primaryImageOfPage":{"@id":"https:\/\/regbu.com\/lt\/mados-ikonos-kurios-niekada-nebus-pamirstos\/#primaryimage"},"image":{"@id":"https:\/\/regbu.com\/lt\/mados-ikonos-kurios-niekada-nebus-pamirstos\/#primaryimage"},"thumbnailUrl":"https:\/\/regbu.com\/wp-content\/uploads\/2023\/06\/modni-ikony-na-ktere-se-nezapomina.jpg","datePublished":"2023-06-19T16:30:35+00:00","dateModified":"2025-09-05T05:42:15+00:00","author":{"@id":"https:\/\/regbu.com\/en\/#\/schema\/person\/94ea9deda2629771b8a9ced002f6784e"},"description":"Susipa\u017einkite ne tik su praeities, bet ir su dabarties mados ikonomis. Su\u017einokite, kas dar\u0117 didel\u0119 ir ilgalaik\u0119 \u012ftak\u0105 mados stiliui.","breadcrumb":{"@id":"https:\/\/regbu.com\/lt\/mados-ikonos-kurios-niekada-nebus-pamirstos\/#breadcrumb"},"inLanguage":"lt-LT","potentialAction":[{"@type":"ReadAction","target":["https:\/\/regbu.com\/lt\/mados-ikonos-kurios-niekada-nebus-pamirstos\/"]}]},{"@type":"ImageObject","inLanguage":"lt-LT","@id":"https:\/\/regbu.com\/lt\/mados-ikonos-kurios-niekada-nebus-pamirstos\/#primaryimage","url":"https:\/\/regbu.com\/wp-content\/uploads\/2023\/06\/modni-ikony-na-ktere-se-nezapomina.jpg","contentUrl":"https:\/\/regbu.com\/wp-content\/uploads\/2023\/06\/modni-ikony-na-ktere-se-nezapomina.jpg","width":1200,"height":678,"caption":"M\u00f3dn\u00ed ikony, na kter\u00e9 se nezapom\u00edn\u00e1"},{"@type":"BreadcrumbList","@id":"https:\/\/regbu.com\/lt\/mados-ikonos-kurios-niekada-nebus-pamirstos\/#breadcrumb","itemListElement":[{"@type":"ListItem","position":1,"name":"Home","item":"https:\/\/regbu.com\/en\/"},{"@type":"ListItem","position":2,"name":"M\u00f3dn\u00ed ikony, na kter\u00e9 se nezapom\u00edn\u00e1"}]},{"@type":"WebSite","@id":"https:\/\/regbu.com\/en\/#website","url":"https:\/\/regbu.com\/en\/","name":"REGBU.COM","description":"","potentialAction":[{"@type":"SearchAction","target":{"@type":"EntryPoint","urlTemplate":"https:\/\/regbu.com\/en\/?s={search_term_string}"},"query-input":{"@type":"PropertyValueSpecification","valueRequired":true,"valueName":"search_term_string"}}],"inLanguage":"lt-LT"},{"@type":"Person","@id":"https:\/\/regbu.com\/en\/#\/schema\/person\/94ea9deda2629771b8a9ced002f6784e","name":"George'as Martinas","url":"https:\/\/regbu.com\/lt\/author\/george-martin\/"}]}},"_links":{"self":[{"href":"https:\/\/regbu.com\/lt\/wp-json\/wp\/v2\/posts\/864","targetHints":{"allow":["GET"]}}],"collection":[{"href":"https:\/\/regbu.com\/lt\/wp-json\/wp\/v2\/posts"}],"about":[{"href":"https:\/\/regbu.com\/lt\/wp-json\/wp\/v2\/types\/post"}],"author":[{"embeddable":true,"href":"https:\/\/regbu.com\/lt\/wp-json\/wp\/v2\/users\/2"}],"replies":[{"embeddable":true,"href":"https:\/\/regbu.com\/lt\/wp-json\/wp\/v2\/comments?post=864"}],"version-history":[{"count":3,"href":"https:\/\/regbu.com\/lt\/wp-json\/wp\/v2\/posts\/864\/revisions"}],"predecessor-version":[{"id":879,"href":"https:\/\/regbu.com\/lt\/wp-json\/wp\/v2\/posts\/864\/revisions\/879"}],"wp:featuredmedia":[{"embeddable":true,"href":"https:\/\/regbu.com\/lt\/wp-json\/wp\/v2\/media\/865"}],"wp:attachment":[{"href":"https:\/\/regbu.com\/lt\/wp-json\/wp\/v2\/media?parent=864"}],"wp:term":[{"taxonomy":"category","embeddable":true,"href":"https:\/\/regbu.com\/lt\/wp-json\/wp\/v2\/categories?post=864"},{"taxonomy":"post_tag","embeddable":true,"href":"https:\/\/regbu.com\/lt\/wp-json\/wp\/v2\/tags?post=864"}],"curies":[{"name":"wp","href":"https:\/\/api.w.org\/{rel}","templated":true}]}}