{"id":77,"date":"2022-01-02T07:30:33","date_gmt":"2022-01-02T06:30:33","guid":{"rendered":"https:\/\/regbu.com\/?p=77"},"modified":"2025-09-05T07:43:26","modified_gmt":"2025-09-05T05:43:26","slug":"vepro-knedlo-zelo-je-znamou-ceskou-klasikou","status":"publish","type":"post","link":"https:\/\/regbu.com\/lt\/vepro-knedlo-zelo-is-is-zymios-cekijos-klasikos\/","title":{"rendered":"Kiaulienos kold\u016bnai - gerai \u017einoma \u010dek\u0173 klasika"},"content":{"rendered":"<p>Kai sakote \"nesenstanti \u010dek\u0173 klasika tarp patiekal\u0173\", galite pagalvoti apie <strong><a href=\"https:\/\/regbu.com\/lt\/pub-guys-are-absolutely-every-gourmet\/\">u\u017eeigos gulia\u0161as<\/a><\/strong>. Ta\u010diau jei ie\u0161kote tikro \u010dek\u0173 virtuv\u0117s lobio, tai bus kiaulienos kold\u016bnai, kurie patiks visiems. Jei ne\u017einote, kaip paruo\u0161ti \u0161\u012f gard\u0173 patiekal\u0105, pateikiame trump\u0105 ir paprast\u0105 gid\u0105.<\/p>\n\n\n\n<h2 class=\"wp-block-heading\">K\u0105 paruo\u0161ti kiaulienos kold\u016bnams?<\/h2>\n\n\n\n<p>Kai ruo\u0161iat\u0117s gaminti \u0161\u012f patiekal\u0105, jums, \u017einoma, reikia tinkam\u0173 ingredient\u0173. Toliau pateiktoje lentel\u0117je pateikiame j\u0173 s\u0105ra\u0161\u0105. <strong>m\u0117sos, kold\u016bn\u0173 ir pa\u010di\u0173 kop\u016bst\u0173 paruo\u0161imas<\/strong>. Skai\u010diuokite, kad i\u0161 \u0161i\u0173 ingredient\u0173 gal\u0117site paruo\u0161ti ma\u017edaug 4-6 porcijas.<\/p>\n\n\n\n<figure class=\"wp-block-table\"><table><tbody><tr><td><strong>M\u0117sos \u017ealiavos<\/strong><\/td><td><strong>Kiekis<\/strong><\/td><\/tr><tr><td>Kiauliena<\/td><td>1 kg<\/td><\/tr><tr><td>\u010cesnakai<\/td><td>1 arbatinis \u0161auk\u0161telis<\/td><\/tr><tr><td>Susmulkinti kmynai<\/td><td>1 valgomasis \u0161auk\u0161tas<\/td><\/tr><tr><td><strong>Kold\u016bn\u0173 ingredientai<\/strong><\/td><td><strong>Kiekis<\/strong><\/td><\/tr><tr><td>Pusiau rup\u016bs miltai<\/td><td>250 g<\/td><\/tr><tr><td>Rolls<\/td><td>4 vnt.<\/td><\/tr><tr><td>Kiau\u0161iniai<\/td><td>2 vnt.<\/td><\/tr><tr><td>Pienas<\/td><td>250 g<\/td><\/tr><tr><td><strong>Kop\u016bst\u0173 \u017ealiavos<\/strong><\/td><td><strong>Kiekis<\/strong><\/td><\/tr><tr><td>Raudonieji kop\u016bstai<\/td><td>650 g<\/td><\/tr><tr><td>Nafta<\/td><td>1 valgomasis \u0161auk\u0161tas<\/td><\/tr><tr><td>Raudonasis svog\u016bnas<\/td><td>1 vnt.<\/td><\/tr><\/tbody><\/table><figcaption>Ko reikia labai kiaulienos kold\u016bnams?<\/figcaption><\/figure>\n\n\n\n<p>Visoms trims \u0161io patiekalo dalims reik\u0117s druskos. Kop\u016bstams sutir\u0161tinti taip pat galite naudoti cukranendri\u0173 cukr\u0173, act\u0105 ir miltus.<\/p>\n\n\n\n<h3 class=\"wp-block-heading\">I\u0161samus maisto ruo\u0161imas<\/h3>\n\n\n\n<p>Kai pasiruo\u0161iate <strong>kiaulienos kold\u016bnai labai<\/strong>prad\u0117kite nuo kiaulienos \u0161onin\u0117s. M\u0117s\u0105 supjaustykite gabal\u0117liais, pas\u016bdykite, \u012ftrinkite \u010desnaku ir sud\u0117kite ant skardos kepti \u012f orkait\u0119. Optimalus kepimo laikas - ma\u017edaug dvi valandos 180 \u00b0C temperat\u016broje. Idealiu atveju m\u0117sa tur\u0117t\u0173 b\u016bti su tra\u0161kia ir auksine plutele.<\/p>\n\n\n\n<p>Per \u0161ias dvi valandas galite prad\u0117ti gaminti kold\u016bnus. Supjaustykite vyniotinius, suberkite miltus, pien\u0105, kiau\u0161ini\u0173 trynius ir drusk\u0105. I\u0161mai\u0161ius reikia \u012fmai\u0161yti i\u0161plakt\u0105 snieg\u0105. Kai suformuosite kold\u016bnus, d\u0117kite juos \u012f verdant\u012f vanden\u012f. Kepimo po dang\u010diu trukm\u0117 - ma\u017edaug pusvalandis. Kop\u016bstuose pakepinkite svog\u016bn\u0105, kol sumink\u0161t\u0117s, sud\u0117kite kop\u016bstus ir <strong>palikite ma\u017edaug de\u0161im\u010diai minu\u010di\u0173.<\/strong>. Kai kop\u016bstai sutir\u0161t\u0117ja ir pagardinami prid\u0117tais ingredientais, v\u0117l tro\u0161kinkite de\u0161imt minu\u010di\u0173.<\/p>\n\n\n\n<p>Paruo\u0161\u0119 visas tris kiaulienos kold\u016bn\u0173 patiekalo dalis, galite prad\u0117ti patiekti. B\u016btinai pasir\u016bpinkite ir \u0161iuo etapu, nes patiekalas i\u0161 pirmo \u017evilgsnio turi gerai atrodyti, o v\u0117liau b\u016bti skanus.<\/p>","protected":false},"excerpt":{"rendered":"<p>Kai sakoma nesenstanti \u010dek\u0173 patiekal\u0173 klasika, turb\u016bt pagalvojate apie u\u017eeigos gulia\u0161\u0105. Ta\u010diau jei ie\u0161kote tikro \u010dek\u0173 virtuv\u0117s lobio, tai bus kiaulienos kold\u016bnai, kurie patiks visiems. Jei ne\u017einote, kaip paruo\u0161ti \u0161\u012f gard\u0173 patiekal\u0105, pateikiame trump\u0105 ir paprast\u0105 gid\u0105. K\u0105 pasiruo\u0161ti ... <\/p>","protected":false},"author":2,"featured_media":78,"comment_status":"closed","ping_status":"closed","sticky":false,"template":"","format":"standard","meta":{"footnotes":""},"categories":[12],"tags":[17,23,19,24,25,22,26,27,28,29,30],"class_list":["post-77","post","type-post","status-publish","format-standard","has-post-thumbnail","hentry","category-vareni","tag-jidlo","tag-knedlik","tag-knedliky","tag-knedlo","tag-maso","tag-recept","tag-vepro","tag-vepro-knedlo","tag-vepro-knedlo-zelo","tag-zeli","tag-zelo"],"yoast_head":"<!-- This site is optimized with the Yoast SEO plugin v27.4 - https:\/\/yoast.com\/product\/yoast-seo-wordpress\/ -->\n<title>Vep\u0159o knedlo zelo je zn\u00e1mou \u010deskou klasikou - REGBU.COM<\/title>\n<meta name=\"description\" content=\"Kdy\u017e se zamysl\u00edte nad \u010desk\u00fdm klasick\u00fdm j\u00eddlem, ur\u010dit\u011b V\u00e1s napadne vep\u0159o knedlo zelo. Pokud nev\u00edte, jak ho p\u0159ipravit, porad\u00edme V\u00e1m.\" \/>\n<meta name=\"robots\" content=\"index, follow, max-snippet:-1, max-image-preview:large, max-video-preview:-1\" \/>\n<link rel=\"canonical\" href=\"https:\/\/regbu.com\/lt\/vepro-knedlo-zelo-is-is-zymios-cekijos-klasikos\/\" \/>\n<meta property=\"og:locale\" content=\"lt_LT\" \/>\n<meta property=\"og:type\" content=\"article\" \/>\n<meta property=\"og:title\" content=\"Vep\u0159o knedlo zelo je zn\u00e1mou \u010deskou klasikou - REGBU.COM\" \/>\n<meta property=\"og:description\" content=\"Kdy\u017e se zamysl\u00edte nad \u010desk\u00fdm klasick\u00fdm j\u00eddlem, ur\u010dit\u011b V\u00e1s napadne vep\u0159o knedlo zelo. Pokud nev\u00edte, jak ho p\u0159ipravit, porad\u00edme V\u00e1m.\" \/>\n<meta property=\"og:url\" content=\"https:\/\/regbu.com\/lt\/vepro-knedlo-zelo-is-is-zymios-cekijos-klasikos\/\" \/>\n<meta property=\"og:site_name\" content=\"REGBU.COM\" \/>\n<meta property=\"article:published_time\" content=\"2022-01-02T06:30:33+00:00\" \/>\n<meta property=\"article:modified_time\" content=\"2025-09-05T05:43:26+00:00\" \/>\n<meta property=\"og:image\" content=\"https:\/\/regbu.com\/wp-content\/uploads\/2022\/01\/vepro-knedlo-zelo-je-znamou-ceskou-klasikou.jpg\" \/>\n\t<meta property=\"og:image:width\" content=\"1200\" \/>\n\t<meta property=\"og:image:height\" content=\"675\" \/>\n\t<meta property=\"og:image:type\" content=\"image\/jpeg\" \/>\n<meta name=\"author\" content=\"George Martin\" \/>\n<meta name=\"twitter:card\" content=\"summary_large_image\" \/>\n<meta name=\"twitter:label1\" content=\"Written by\" \/>\n\t<meta name=\"twitter:data1\" content=\"George Martin\" \/>\n\t<meta name=\"twitter:label2\" content=\"Est. reading time\" \/>\n\t<meta name=\"twitter:data2\" content=\"2 minut\u0117s\" \/>\n<script type=\"application\/ld+json\" class=\"yoast-schema-graph\">{\"@context\":\"https:\\\/\\\/schema.org\",\"@graph\":[{\"@type\":\"Article\",\"@id\":\"https:\\\/\\\/regbu.com\\\/vepro-knedlo-zelo-je-znamou-ceskou-klasikou\\\/#article\",\"isPartOf\":{\"@id\":\"https:\\\/\\\/regbu.com\\\/vepro-knedlo-zelo-je-znamou-ceskou-klasikou\\\/\"},\"author\":{\"name\":\"George Martin\",\"@id\":\"https:\\\/\\\/regbu.com\\\/en\\\/#\\\/schema\\\/person\\\/94ea9deda2629771b8a9ced002f6784e\"},\"headline\":\"Vep\u0159o knedlo zelo je zn\u00e1mou \u010deskou klasikou\",\"datePublished\":\"2022-01-02T06:30:33+00:00\",\"dateModified\":\"2025-09-05T05:43:26+00:00\",\"mainEntityOfPage\":{\"@id\":\"https:\\\/\\\/regbu.com\\\/vepro-knedlo-zelo-je-znamou-ceskou-klasikou\\\/\"},\"wordCount\":446,\"image\":{\"@id\":\"https:\\\/\\\/regbu.com\\\/vepro-knedlo-zelo-je-znamou-ceskou-klasikou\\\/#primaryimage\"},\"thumbnailUrl\":\"https:\\\/\\\/regbu.com\\\/wp-content\\\/uploads\\\/2022\\\/01\\\/vepro-knedlo-zelo-je-znamou-ceskou-klasikou.jpg\",\"keywords\":[\"j\u00eddlo\",\"knedl\u00edk\",\"knedl\u00edky\",\"knedlo\",\"maso\",\"recept\",\"vep\u0159o\",\"vep\u0159o knedlo\",\"vep\u0159o knedlo zelo\",\"zel\u00ed\",\"zelo\"],\"articleSection\":[\"Va\u0159en\u00ed\"],\"inLanguage\":\"lt-LT\"},{\"@type\":\"WebPage\",\"@id\":\"https:\\\/\\\/regbu.com\\\/vepro-knedlo-zelo-je-znamou-ceskou-klasikou\\\/\",\"url\":\"https:\\\/\\\/regbu.com\\\/vepro-knedlo-zelo-je-znamou-ceskou-klasikou\\\/\",\"name\":\"Vep\u0159o knedlo zelo je zn\u00e1mou \u010deskou klasikou - REGBU.COM\",\"isPartOf\":{\"@id\":\"https:\\\/\\\/regbu.com\\\/en\\\/#website\"},\"primaryImageOfPage\":{\"@id\":\"https:\\\/\\\/regbu.com\\\/vepro-knedlo-zelo-je-znamou-ceskou-klasikou\\\/#primaryimage\"},\"image\":{\"@id\":\"https:\\\/\\\/regbu.com\\\/vepro-knedlo-zelo-je-znamou-ceskou-klasikou\\\/#primaryimage\"},\"thumbnailUrl\":\"https:\\\/\\\/regbu.com\\\/wp-content\\\/uploads\\\/2022\\\/01\\\/vepro-knedlo-zelo-je-znamou-ceskou-klasikou.jpg\",\"datePublished\":\"2022-01-02T06:30:33+00:00\",\"dateModified\":\"2025-09-05T05:43:26+00:00\",\"author\":{\"@id\":\"https:\\\/\\\/regbu.com\\\/en\\\/#\\\/schema\\\/person\\\/94ea9deda2629771b8a9ced002f6784e\"},\"description\":\"Kdy\u017e se zamysl\u00edte nad \u010desk\u00fdm klasick\u00fdm j\u00eddlem, ur\u010dit\u011b V\u00e1s napadne vep\u0159o knedlo zelo. Pokud nev\u00edte, jak ho p\u0159ipravit, porad\u00edme V\u00e1m.\",\"breadcrumb\":{\"@id\":\"https:\\\/\\\/regbu.com\\\/vepro-knedlo-zelo-je-znamou-ceskou-klasikou\\\/#breadcrumb\"},\"inLanguage\":\"lt-LT\",\"potentialAction\":[{\"@type\":\"ReadAction\",\"target\":[\"https:\\\/\\\/regbu.com\\\/vepro-knedlo-zelo-je-znamou-ceskou-klasikou\\\/\"]}]},{\"@type\":\"ImageObject\",\"inLanguage\":\"lt-LT\",\"@id\":\"https:\\\/\\\/regbu.com\\\/vepro-knedlo-zelo-je-znamou-ceskou-klasikou\\\/#primaryimage\",\"url\":\"https:\\\/\\\/regbu.com\\\/wp-content\\\/uploads\\\/2022\\\/01\\\/vepro-knedlo-zelo-je-znamou-ceskou-klasikou.jpg\",\"contentUrl\":\"https:\\\/\\\/regbu.com\\\/wp-content\\\/uploads\\\/2022\\\/01\\\/vepro-knedlo-zelo-je-znamou-ceskou-klasikou.jpg\",\"width\":1200,\"height\":675,\"caption\":\"Vep\u0159o knedlo zelo je zn\u00e1mou \u010deskou klasikou\"},{\"@type\":\"BreadcrumbList\",\"@id\":\"https:\\\/\\\/regbu.com\\\/vepro-knedlo-zelo-je-znamou-ceskou-klasikou\\\/#breadcrumb\",\"itemListElement\":[{\"@type\":\"ListItem\",\"position\":1,\"name\":\"Home\",\"item\":\"https:\\\/\\\/regbu.com\\\/en\\\/\"},{\"@type\":\"ListItem\",\"position\":2,\"name\":\"Vep\u0159o knedlo zelo je zn\u00e1mou \u010deskou klasikou\"}]},{\"@type\":\"WebSite\",\"@id\":\"https:\\\/\\\/regbu.com\\\/en\\\/#website\",\"url\":\"https:\\\/\\\/regbu.com\\\/en\\\/\",\"name\":\"REGBU.COM\",\"description\":\"\",\"potentialAction\":[{\"@type\":\"SearchAction\",\"target\":{\"@type\":\"EntryPoint\",\"urlTemplate\":\"https:\\\/\\\/regbu.com\\\/en\\\/?s={search_term_string}\"},\"query-input\":{\"@type\":\"PropertyValueSpecification\",\"valueRequired\":true,\"valueName\":\"search_term_string\"}}],\"inLanguage\":\"lt-LT\"},{\"@type\":\"Person\",\"@id\":\"https:\\\/\\\/regbu.com\\\/en\\\/#\\\/schema\\\/person\\\/94ea9deda2629771b8a9ced002f6784e\",\"name\":\"George Martin\",\"url\":\"https:\\\/\\\/regbu.com\\\/lt\\\/author\\\/george-martin\\\/\"}]}<\/script>\n<!-- \/ Yoast SEO plugin. -->","yoast_head_json":{"title":"Kiaulienos kold\u016bnai - gerai \u017einoma \u010dek\u0173 klasika - REGBU.COM","description":"Kai pagalvojate apie klasikin\u012f \u010deki\u0161k\u0105 patiekal\u0105, neabejotinai pagalvojate apie kiaulienos knedlo labai. Jei ne\u017einote, kaip j\u012f paruo\u0161ti, mes jums patarsime.","robots":{"index":"index","follow":"follow","max-snippet":"max-snippet:-1","max-image-preview":"max-image-preview:large","max-video-preview":"max-video-preview:-1"},"canonical":"https:\/\/regbu.com\/lt\/vepro-knedlo-zelo-is-is-zymios-cekijos-klasikos\/","og_locale":"lt_LT","og_type":"article","og_title":"Vep\u0159o knedlo zelo je zn\u00e1mou \u010deskou klasikou - REGBU.COM","og_description":"Kdy\u017e se zamysl\u00edte nad \u010desk\u00fdm klasick\u00fdm j\u00eddlem, ur\u010dit\u011b V\u00e1s napadne vep\u0159o knedlo zelo. Pokud nev\u00edte, jak ho p\u0159ipravit, porad\u00edme V\u00e1m.","og_url":"https:\/\/regbu.com\/lt\/vepro-knedlo-zelo-is-is-zymios-cekijos-klasikos\/","og_site_name":"REGBU.COM","article_published_time":"2022-01-02T06:30:33+00:00","article_modified_time":"2025-09-05T05:43:26+00:00","og_image":[{"width":1200,"height":675,"url":"https:\/\/regbu.com\/wp-content\/uploads\/2022\/01\/vepro-knedlo-zelo-je-znamou-ceskou-klasikou.jpg","type":"image\/jpeg"}],"author":"George Martin","twitter_card":"summary_large_image","twitter_misc":{"Written by":"George Martin","Est. reading time":"2 minut\u0117s"},"schema":{"@context":"https:\/\/schema.org","@graph":[{"@type":"Article","@id":"https:\/\/regbu.com\/vepro-knedlo-zelo-je-znamou-ceskou-klasikou\/#article","isPartOf":{"@id":"https:\/\/regbu.com\/vepro-knedlo-zelo-je-znamou-ceskou-klasikou\/"},"author":{"name":"George Martin","@id":"https:\/\/regbu.com\/en\/#\/schema\/person\/94ea9deda2629771b8a9ced002f6784e"},"headline":"Vep\u0159o knedlo zelo je zn\u00e1mou \u010deskou klasikou","datePublished":"2022-01-02T06:30:33+00:00","dateModified":"2025-09-05T05:43:26+00:00","mainEntityOfPage":{"@id":"https:\/\/regbu.com\/vepro-knedlo-zelo-je-znamou-ceskou-klasikou\/"},"wordCount":446,"image":{"@id":"https:\/\/regbu.com\/vepro-knedlo-zelo-je-znamou-ceskou-klasikou\/#primaryimage"},"thumbnailUrl":"https:\/\/regbu.com\/wp-content\/uploads\/2022\/01\/vepro-knedlo-zelo-je-znamou-ceskou-klasikou.jpg","keywords":["j\u00eddlo","knedl\u00edk","knedl\u00edky","knedlo","maso","recept","vep\u0159o","vep\u0159o knedlo","vep\u0159o knedlo zelo","zel\u00ed","zelo"],"articleSection":["Va\u0159en\u00ed"],"inLanguage":"lt-LT"},{"@type":"WebPage","@id":"https:\/\/regbu.com\/vepro-knedlo-zelo-je-znamou-ceskou-klasikou\/","url":"https:\/\/regbu.com\/vepro-knedlo-zelo-je-znamou-ceskou-klasikou\/","name":"Kiaulienos kold\u016bnai - gerai \u017einoma \u010dek\u0173 klasika - REGBU.COM","isPartOf":{"@id":"https:\/\/regbu.com\/en\/#website"},"primaryImageOfPage":{"@id":"https:\/\/regbu.com\/vepro-knedlo-zelo-je-znamou-ceskou-klasikou\/#primaryimage"},"image":{"@id":"https:\/\/regbu.com\/vepro-knedlo-zelo-je-znamou-ceskou-klasikou\/#primaryimage"},"thumbnailUrl":"https:\/\/regbu.com\/wp-content\/uploads\/2022\/01\/vepro-knedlo-zelo-je-znamou-ceskou-klasikou.jpg","datePublished":"2022-01-02T06:30:33+00:00","dateModified":"2025-09-05T05:43:26+00:00","author":{"@id":"https:\/\/regbu.com\/en\/#\/schema\/person\/94ea9deda2629771b8a9ced002f6784e"},"description":"Kai pagalvojate apie klasikin\u012f \u010deki\u0161k\u0105 patiekal\u0105, neabejotinai pagalvojate apie kiaulienos knedlo labai. Jei ne\u017einote, kaip j\u012f paruo\u0161ti, mes jums patarsime.","breadcrumb":{"@id":"https:\/\/regbu.com\/vepro-knedlo-zelo-je-znamou-ceskou-klasikou\/#breadcrumb"},"inLanguage":"lt-LT","potentialAction":[{"@type":"ReadAction","target":["https:\/\/regbu.com\/vepro-knedlo-zelo-je-znamou-ceskou-klasikou\/"]}]},{"@type":"ImageObject","inLanguage":"lt-LT","@id":"https:\/\/regbu.com\/vepro-knedlo-zelo-je-znamou-ceskou-klasikou\/#primaryimage","url":"https:\/\/regbu.com\/wp-content\/uploads\/2022\/01\/vepro-knedlo-zelo-je-znamou-ceskou-klasikou.jpg","contentUrl":"https:\/\/regbu.com\/wp-content\/uploads\/2022\/01\/vepro-knedlo-zelo-je-znamou-ceskou-klasikou.jpg","width":1200,"height":675,"caption":"Vep\u0159o knedlo zelo je zn\u00e1mou \u010deskou klasikou"},{"@type":"BreadcrumbList","@id":"https:\/\/regbu.com\/vepro-knedlo-zelo-je-znamou-ceskou-klasikou\/#breadcrumb","itemListElement":[{"@type":"ListItem","position":1,"name":"Home","item":"https:\/\/regbu.com\/en\/"},{"@type":"ListItem","position":2,"name":"Vep\u0159o knedlo zelo je zn\u00e1mou \u010deskou klasikou"}]},{"@type":"WebSite","@id":"https:\/\/regbu.com\/en\/#website","url":"https:\/\/regbu.com\/en\/","name":"REGBU.COM","description":"","potentialAction":[{"@type":"SearchAction","target":{"@type":"EntryPoint","urlTemplate":"https:\/\/regbu.com\/en\/?s={search_term_string}"},"query-input":{"@type":"PropertyValueSpecification","valueRequired":true,"valueName":"search_term_string"}}],"inLanguage":"lt-LT"},{"@type":"Person","@id":"https:\/\/regbu.com\/en\/#\/schema\/person\/94ea9deda2629771b8a9ced002f6784e","name":"George'as Martinas","url":"https:\/\/regbu.com\/lt\/author\/george-martin\/"}]}},"_links":{"self":[{"href":"https:\/\/regbu.com\/lt\/wp-json\/wp\/v2\/posts\/77","targetHints":{"allow":["GET"]}}],"collection":[{"href":"https:\/\/regbu.com\/lt\/wp-json\/wp\/v2\/posts"}],"about":[{"href":"https:\/\/regbu.com\/lt\/wp-json\/wp\/v2\/types\/post"}],"author":[{"embeddable":true,"href":"https:\/\/regbu.com\/lt\/wp-json\/wp\/v2\/users\/2"}],"replies":[{"embeddable":true,"href":"https:\/\/regbu.com\/lt\/wp-json\/wp\/v2\/comments?post=77"}],"version-history":[{"count":3,"href":"https:\/\/regbu.com\/lt\/wp-json\/wp\/v2\/posts\/77\/revisions"}],"predecessor-version":[{"id":111,"href":"https:\/\/regbu.com\/lt\/wp-json\/wp\/v2\/posts\/77\/revisions\/111"}],"wp:featuredmedia":[{"embeddable":true,"href":"https:\/\/regbu.com\/lt\/wp-json\/wp\/v2\/media\/78"}],"wp:attachment":[{"href":"https:\/\/regbu.com\/lt\/wp-json\/wp\/v2\/media?parent=77"}],"wp:term":[{"taxonomy":"category","embeddable":true,"href":"https:\/\/regbu.com\/lt\/wp-json\/wp\/v2\/categories?post=77"},{"taxonomy":"post_tag","embeddable":true,"href":"https:\/\/regbu.com\/lt\/wp-json\/wp\/v2\/tags?post=77"}],"curies":[{"name":"wp","href":"https:\/\/api.w.org\/{rel}","templated":true}]}}