{"id":355,"date":"2022-01-21T15:49:00","date_gmt":"2022-01-21T14:49:00","guid":{"rendered":"https:\/\/regbu.com\/?p=355"},"modified":"2025-09-05T07:42:52","modified_gmt":"2025-09-05T05:42:52","slug":"instagram-socialni-sit-zalozena-na-fotografiich","status":"publish","type":"post","link":"https:\/\/regbu.com\/lt\/instagram-social-sit-for-photos\/","title":{"rendered":"\"Instagram\" - nuotraukomis pagr\u012fstas socialinis tinklas"},"content":{"rendered":"<p>Virtualiame pasaulyje ir internete yra \u012fvairi\u0173 socialini\u0173 tinkl\u0173. Vienas did\u017eiausi\u0173, be abejo, yra <strong><a href=\"https:\/\/regbu.com\/lt\/facebook-naudoja-pagalvotus-ir-svarstomus-algoritmus\/\">\"Facebook\"<\/a><\/strong>. Ta\u010diau, kalbant apie socialinius tinklus, skirtus dalytis nuotraukomis ir vaizdo \u012fra\u0161ais, \"Instagram\" taip pat u\u017eima svarbi\u0105 viet\u0105. I\u0161 prad\u017ei\u0173 tinklas buvo pritaikytas \"iPhone\" mobiliesiems telefonams, ta\u010diau palaipsniui i\u0161plito ir tarp \"Android\" naudotoj\u0173.<\/p>\n\n\n\n<h2 class=\"wp-block-heading\">Svarb\u016bs statistiniai duomenys<\/h2>\n\n\n\n<p>I\u0161 prad\u017ei\u0173 tur\u0117tume pamin\u0117ti, kad socialinis tinklas \"Instagram\" jungia <strong>apie milijard\u0105 naudotoj\u0173.<\/strong>. Ma\u017edaug pus\u0117 \u017emoni\u0173 \u0161iuo tinklu naudojasi kasdien. Jus gali sudominti statistiniai duomenys, susij\u0119 su naudotoj\u0173 am\u017eiumi, kuriuos pateikiame toliau esan\u010dioje lentel\u0117je.<\/p>\n\n\n\n<figure class=\"wp-block-table\"><table><tbody><tr><td><strong>Tema<\/strong><\/td><td><strong>Vert\u0117<\/strong><\/td><\/tr><tr><td>Paaugli\u0173 vartojimas \u010cekijoje<\/td><td>72 %<\/td><\/tr><tr><td>Jaunesni nei 30 met\u0173<\/td><td>59 %<\/td><\/tr><tr><td>Vyresni nei 16 met\u0173<\/td><td>44 %<\/td><\/tr><tr><td>Paskyra be turinio<\/td><td>29 %<\/td><\/tr><\/tbody><\/table><figcaption>\"Instagram\" naudojimas tarp jaunesni\u0173 naudotoj\u0173.<\/figcaption><\/figure>\n\n\n\n<p>\u012edomu ir tai, kad \"Instagram\" reklamai i\u0161leid\u017eia 23 % daugiau pinig\u0173 nei \"Facebook\". Ilgalaik\u0117 statistika rodo vien\u0105 dalyk\u0105. Da\u017eniausiai prane\u0161imai skelbiami tre\u010diadienio ir penktadienio rytais.<\/p>\n\n\n\n<h2 class=\"wp-block-heading\">\"Instagram\" ne tik pramogai<\/h2>\n\n\n\n<p>Nors gali atrodyti, kad tokio tipo socialinis tinklas vis\u0173 pirma skirtas tik pramogai, taip gali b\u016bti ne visada. Tinklas gali b\u016bti <strong>naudoti verslo veikloje.<\/strong>, kuriems taikomos \u012fvairios technologin\u0117s priemon\u0117s. Jei yra pakankamai sek\u0117j\u0173, galima kreiptis \u012f naudotojus, kad jie pristatyt\u0173 ir reklamuot\u0173 pasirinktus produktus. Tai, \u017einoma, yra mokama paslauga, tod\u0117l i\u0161 jos gaunamas pelnas. Tod\u0117l \"Instagram\" galima naudoti kaip pajam\u0173 \u0161altin\u012f.<\/p>\n\n\n\n<h3 class=\"wp-block-heading\">\"Instagram\" verslui<\/h3>\n\n\n\n<p>\u017dinoma, socialinis tinklas turi technologin\u0119 pa\u017eang\u0105 ir \u012frankius, \u012fskaitant sud\u0117tingus algoritmus. Daugelis i\u0161 j\u0173 taip pat taikomos \u012fmoni\u0173 aplinkai, kurioje, pavyzd\u017eiui, galima steb\u0117ti \u012fmon\u0117s augim\u0105. Turinio draudimas pagal am\u017ei\u0173, 24 valandas rodomos istorijos arba maksimalus lankstumas valdant naudotojo profil\u012f.<\/p>\n\n\n\n<p><strong>\"Instagram\" yra tiesiog visiems<\/strong>kurie nori tam tikru b\u016bdu prisistatyti internete, naudodami daugialyp\u0117s terp\u0117s turin\u012f. Jis naudojamas ne tik pramogoms, bet ir darbui - tai rodo daugyb\u0117 nauding\u0173 ir turting\u0173 \u012franki\u0173.<\/p>","protected":false},"excerpt":{"rendered":"<p>Virtualiame pasaulyje ir internete yra \u012fvairi\u0173 socialini\u0173 tinkl\u0173. Vienas did\u017eiausi\u0173 neabejotinai yra \"Facebook\". Ta\u010diau, kalbant apie socialinius tinklus, skirtus dalytis nuotraukomis ir vaizdo \u012fra\u0161ais, \"Instagram\" taip pat u\u017eima svarbi\u0105 viet\u0105. I\u0161 prad\u017ei\u0173 tinklas buvo pritaikytas \"iPhone\" mobiliesiems telefonams, ta\u010diau palaipsniui i\u0161plito tarp \"Android\" mobili\u0173j\u0173 telefon\u0173 naudotoj\u0173. Svarb\u016bs statistiniai duomenys ... <\/p>","protected":false},"author":2,"featured_media":356,"comment_status":"closed","ping_status":"closed","sticky":false,"template":"","format":"standard","meta":{"footnotes":""},"categories":[6],"tags":[371,364,372,373,366,374,367,375,370,376],"class_list":["post-355","post","type-post","status-publish","format-standard","has-post-thumbnail","hentry","category-technologie","tag-fotka","tag-fotky","tag-fotografie","tag-instagram","tag-multimedialni-obsah","tag-sdileni","tag-socialni-sit","tag-socialni-site","tag-videa","tag-video"],"yoast_head":"<!-- This site is optimized with the Yoast SEO plugin v27.4 - https:\/\/yoast.com\/product\/yoast-seo-wordpress\/ -->\n<title>Instagram \u2013 Soci\u00e1ln\u00ed s\u00ed\u0165 zalo\u017een\u00e1 na fotografi\u00edch - REGBU.COM<\/title>\n<meta name=\"description\" content=\"Chcete-li sd\u00edlet multimedi\u00e1ln\u00ed obsah na internetu, ide\u00e1ln\u00ed volbou bude Instagram. Soci\u00e1ln\u00ed s\u00ed\u0165, kter\u00e1 toho nab\u00edz\u00ed v\u00edce\" \/>\n<meta name=\"robots\" content=\"index, follow, max-snippet:-1, max-image-preview:large, max-video-preview:-1\" \/>\n<link rel=\"canonical\" href=\"https:\/\/regbu.com\/lt\/instagram-social-sit-for-photos\/\" \/>\n<meta property=\"og:locale\" content=\"lt_LT\" \/>\n<meta property=\"og:type\" content=\"article\" \/>\n<meta property=\"og:title\" content=\"Instagram \u2013 Soci\u00e1ln\u00ed s\u00ed\u0165 zalo\u017een\u00e1 na fotografi\u00edch - REGBU.COM\" \/>\n<meta property=\"og:description\" content=\"Chcete-li sd\u00edlet multimedi\u00e1ln\u00ed obsah na internetu, ide\u00e1ln\u00ed volbou bude Instagram. Soci\u00e1ln\u00ed s\u00ed\u0165, kter\u00e1 toho nab\u00edz\u00ed v\u00edce\" \/>\n<meta property=\"og:url\" content=\"https:\/\/regbu.com\/lt\/instagram-social-sit-for-photos\/\" \/>\n<meta property=\"og:site_name\" content=\"REGBU.COM\" \/>\n<meta property=\"article:published_time\" content=\"2022-01-21T14:49:00+00:00\" \/>\n<meta property=\"article:modified_time\" content=\"2025-09-05T05:42:52+00:00\" \/>\n<meta property=\"og:image\" content=\"https:\/\/regbu.com\/wp-content\/uploads\/2022\/01\/instagram-socilani-sit-zalozena-na-fotografiich.jpg\" \/>\n\t<meta property=\"og:image:width\" content=\"1200\" \/>\n\t<meta property=\"og:image:height\" content=\"677\" \/>\n\t<meta property=\"og:image:type\" content=\"image\/jpeg\" \/>\n<meta name=\"author\" content=\"George Martin\" \/>\n<meta name=\"twitter:card\" content=\"summary_large_image\" \/>\n<meta name=\"twitter:label1\" content=\"Written by\" \/>\n\t<meta name=\"twitter:data1\" content=\"George Martin\" \/>\n\t<meta name=\"twitter:label2\" content=\"Est. reading time\" \/>\n\t<meta name=\"twitter:data2\" content=\"2 minut\u0117s\" \/>\n<script type=\"application\/ld+json\" class=\"yoast-schema-graph\">{\"@context\":\"https:\\\/\\\/schema.org\",\"@graph\":[{\"@type\":\"Article\",\"@id\":\"https:\\\/\\\/regbu.com\\\/instagram-socialni-sit-zalozena-na-fotografiich\\\/#article\",\"isPartOf\":{\"@id\":\"https:\\\/\\\/regbu.com\\\/instagram-socialni-sit-zalozena-na-fotografiich\\\/\"},\"author\":{\"name\":\"George Martin\",\"@id\":\"https:\\\/\\\/regbu.com\\\/en\\\/#\\\/schema\\\/person\\\/94ea9deda2629771b8a9ced002f6784e\"},\"headline\":\"Instagram \u2013 Soci\u00e1ln\u00ed s\u00ed\u0165 zalo\u017een\u00e1 na fotografi\u00edch\",\"datePublished\":\"2022-01-21T14:49:00+00:00\",\"dateModified\":\"2025-09-05T05:42:52+00:00\",\"mainEntityOfPage\":{\"@id\":\"https:\\\/\\\/regbu.com\\\/instagram-socialni-sit-zalozena-na-fotografiich\\\/\"},\"wordCount\":444,\"image\":{\"@id\":\"https:\\\/\\\/regbu.com\\\/instagram-socialni-sit-zalozena-na-fotografiich\\\/#primaryimage\"},\"thumbnailUrl\":\"https:\\\/\\\/regbu.com\\\/wp-content\\\/uploads\\\/2022\\\/01\\\/instagram-socilani-sit-zalozena-na-fotografiich.jpg\",\"keywords\":[\"fotka\",\"fotky\",\"fotografie\",\"instagram\",\"multimedi\u00e1ln\u00ed obsah\",\"sd\u00edlen\u00ed\",\"soci\u00e1ln\u00ed s\u00ed\u0165\",\"soci\u00e1ln\u00ed s\u00edt\u011b\",\"videa\",\"video\"],\"articleSection\":[\"Technologie\"],\"inLanguage\":\"lt-LT\"},{\"@type\":\"WebPage\",\"@id\":\"https:\\\/\\\/regbu.com\\\/instagram-socialni-sit-zalozena-na-fotografiich\\\/\",\"url\":\"https:\\\/\\\/regbu.com\\\/instagram-socialni-sit-zalozena-na-fotografiich\\\/\",\"name\":\"Instagram \u2013 Soci\u00e1ln\u00ed s\u00ed\u0165 zalo\u017een\u00e1 na fotografi\u00edch - REGBU.COM\",\"isPartOf\":{\"@id\":\"https:\\\/\\\/regbu.com\\\/en\\\/#website\"},\"primaryImageOfPage\":{\"@id\":\"https:\\\/\\\/regbu.com\\\/instagram-socialni-sit-zalozena-na-fotografiich\\\/#primaryimage\"},\"image\":{\"@id\":\"https:\\\/\\\/regbu.com\\\/instagram-socialni-sit-zalozena-na-fotografiich\\\/#primaryimage\"},\"thumbnailUrl\":\"https:\\\/\\\/regbu.com\\\/wp-content\\\/uploads\\\/2022\\\/01\\\/instagram-socilani-sit-zalozena-na-fotografiich.jpg\",\"datePublished\":\"2022-01-21T14:49:00+00:00\",\"dateModified\":\"2025-09-05T05:42:52+00:00\",\"author\":{\"@id\":\"https:\\\/\\\/regbu.com\\\/en\\\/#\\\/schema\\\/person\\\/94ea9deda2629771b8a9ced002f6784e\"},\"description\":\"Chcete-li sd\u00edlet multimedi\u00e1ln\u00ed obsah na internetu, ide\u00e1ln\u00ed volbou bude Instagram. Soci\u00e1ln\u00ed s\u00ed\u0165, kter\u00e1 toho nab\u00edz\u00ed v\u00edce\",\"breadcrumb\":{\"@id\":\"https:\\\/\\\/regbu.com\\\/instagram-socialni-sit-zalozena-na-fotografiich\\\/#breadcrumb\"},\"inLanguage\":\"lt-LT\",\"potentialAction\":[{\"@type\":\"ReadAction\",\"target\":[\"https:\\\/\\\/regbu.com\\\/instagram-socialni-sit-zalozena-na-fotografiich\\\/\"]}]},{\"@type\":\"ImageObject\",\"inLanguage\":\"lt-LT\",\"@id\":\"https:\\\/\\\/regbu.com\\\/instagram-socialni-sit-zalozena-na-fotografiich\\\/#primaryimage\",\"url\":\"https:\\\/\\\/regbu.com\\\/wp-content\\\/uploads\\\/2022\\\/01\\\/instagram-socilani-sit-zalozena-na-fotografiich.jpg\",\"contentUrl\":\"https:\\\/\\\/regbu.com\\\/wp-content\\\/uploads\\\/2022\\\/01\\\/instagram-socilani-sit-zalozena-na-fotografiich.jpg\",\"width\":1200,\"height\":677,\"caption\":\"Instagram \u2013 Soci\u00e1ln\u00ed s\u00ed\u0165 zalo\u017een\u00e1 na fotografi\u00edch\"},{\"@type\":\"BreadcrumbList\",\"@id\":\"https:\\\/\\\/regbu.com\\\/instagram-socialni-sit-zalozena-na-fotografiich\\\/#breadcrumb\",\"itemListElement\":[{\"@type\":\"ListItem\",\"position\":1,\"name\":\"Home\",\"item\":\"https:\\\/\\\/regbu.com\\\/en\\\/\"},{\"@type\":\"ListItem\",\"position\":2,\"name\":\"Instagram \u2013 Soci\u00e1ln\u00ed s\u00ed\u0165 zalo\u017een\u00e1 na fotografi\u00edch\"}]},{\"@type\":\"WebSite\",\"@id\":\"https:\\\/\\\/regbu.com\\\/en\\\/#website\",\"url\":\"https:\\\/\\\/regbu.com\\\/en\\\/\",\"name\":\"REGBU.COM\",\"description\":\"\",\"potentialAction\":[{\"@type\":\"SearchAction\",\"target\":{\"@type\":\"EntryPoint\",\"urlTemplate\":\"https:\\\/\\\/regbu.com\\\/en\\\/?s={search_term_string}\"},\"query-input\":{\"@type\":\"PropertyValueSpecification\",\"valueRequired\":true,\"valueName\":\"search_term_string\"}}],\"inLanguage\":\"lt-LT\"},{\"@type\":\"Person\",\"@id\":\"https:\\\/\\\/regbu.com\\\/en\\\/#\\\/schema\\\/person\\\/94ea9deda2629771b8a9ced002f6784e\",\"name\":\"George Martin\",\"url\":\"https:\\\/\\\/regbu.com\\\/lt\\\/author\\\/george-martin\\\/\"}]}<\/script>\n<!-- \/ Yoast SEO plugin. -->","yoast_head_json":{"title":"\"Instagram\" - Nuotraukomis paremtas socialinis tinklas - REGBU.COM","description":"Jei norite dalytis daugialyp\u0117s terp\u0117s turiniu internete, \"Instagram\" yra idealus pasirinkimas. Socialinis tinklas, si\u016blantis daugiau","robots":{"index":"index","follow":"follow","max-snippet":"max-snippet:-1","max-image-preview":"max-image-preview:large","max-video-preview":"max-video-preview:-1"},"canonical":"https:\/\/regbu.com\/lt\/instagram-social-sit-for-photos\/","og_locale":"lt_LT","og_type":"article","og_title":"Instagram \u2013 Soci\u00e1ln\u00ed s\u00ed\u0165 zalo\u017een\u00e1 na fotografi\u00edch - REGBU.COM","og_description":"Chcete-li sd\u00edlet multimedi\u00e1ln\u00ed obsah na internetu, ide\u00e1ln\u00ed volbou bude Instagram. Soci\u00e1ln\u00ed s\u00ed\u0165, kter\u00e1 toho nab\u00edz\u00ed v\u00edce","og_url":"https:\/\/regbu.com\/lt\/instagram-social-sit-for-photos\/","og_site_name":"REGBU.COM","article_published_time":"2022-01-21T14:49:00+00:00","article_modified_time":"2025-09-05T05:42:52+00:00","og_image":[{"width":1200,"height":677,"url":"https:\/\/regbu.com\/wp-content\/uploads\/2022\/01\/instagram-socilani-sit-zalozena-na-fotografiich.jpg","type":"image\/jpeg"}],"author":"George Martin","twitter_card":"summary_large_image","twitter_misc":{"Written by":"George Martin","Est. reading time":"2 minut\u0117s"},"schema":{"@context":"https:\/\/schema.org","@graph":[{"@type":"Article","@id":"https:\/\/regbu.com\/instagram-socialni-sit-zalozena-na-fotografiich\/#article","isPartOf":{"@id":"https:\/\/regbu.com\/instagram-socialni-sit-zalozena-na-fotografiich\/"},"author":{"name":"George Martin","@id":"https:\/\/regbu.com\/en\/#\/schema\/person\/94ea9deda2629771b8a9ced002f6784e"},"headline":"Instagram \u2013 Soci\u00e1ln\u00ed s\u00ed\u0165 zalo\u017een\u00e1 na fotografi\u00edch","datePublished":"2022-01-21T14:49:00+00:00","dateModified":"2025-09-05T05:42:52+00:00","mainEntityOfPage":{"@id":"https:\/\/regbu.com\/instagram-socialni-sit-zalozena-na-fotografiich\/"},"wordCount":444,"image":{"@id":"https:\/\/regbu.com\/instagram-socialni-sit-zalozena-na-fotografiich\/#primaryimage"},"thumbnailUrl":"https:\/\/regbu.com\/wp-content\/uploads\/2022\/01\/instagram-socilani-sit-zalozena-na-fotografiich.jpg","keywords":["fotka","fotky","fotografie","instagram","multimedi\u00e1ln\u00ed obsah","sd\u00edlen\u00ed","soci\u00e1ln\u00ed s\u00ed\u0165","soci\u00e1ln\u00ed s\u00edt\u011b","videa","video"],"articleSection":["Technologie"],"inLanguage":"lt-LT"},{"@type":"WebPage","@id":"https:\/\/regbu.com\/instagram-socialni-sit-zalozena-na-fotografiich\/","url":"https:\/\/regbu.com\/instagram-socialni-sit-zalozena-na-fotografiich\/","name":"\"Instagram\" - Nuotraukomis paremtas socialinis tinklas - REGBU.COM","isPartOf":{"@id":"https:\/\/regbu.com\/en\/#website"},"primaryImageOfPage":{"@id":"https:\/\/regbu.com\/instagram-socialni-sit-zalozena-na-fotografiich\/#primaryimage"},"image":{"@id":"https:\/\/regbu.com\/instagram-socialni-sit-zalozena-na-fotografiich\/#primaryimage"},"thumbnailUrl":"https:\/\/regbu.com\/wp-content\/uploads\/2022\/01\/instagram-socilani-sit-zalozena-na-fotografiich.jpg","datePublished":"2022-01-21T14:49:00+00:00","dateModified":"2025-09-05T05:42:52+00:00","author":{"@id":"https:\/\/regbu.com\/en\/#\/schema\/person\/94ea9deda2629771b8a9ced002f6784e"},"description":"Jei norite dalytis daugialyp\u0117s terp\u0117s turiniu internete, \"Instagram\" yra idealus pasirinkimas. Socialinis tinklas, si\u016blantis daugiau","breadcrumb":{"@id":"https:\/\/regbu.com\/instagram-socialni-sit-zalozena-na-fotografiich\/#breadcrumb"},"inLanguage":"lt-LT","potentialAction":[{"@type":"ReadAction","target":["https:\/\/regbu.com\/instagram-socialni-sit-zalozena-na-fotografiich\/"]}]},{"@type":"ImageObject","inLanguage":"lt-LT","@id":"https:\/\/regbu.com\/instagram-socialni-sit-zalozena-na-fotografiich\/#primaryimage","url":"https:\/\/regbu.com\/wp-content\/uploads\/2022\/01\/instagram-socilani-sit-zalozena-na-fotografiich.jpg","contentUrl":"https:\/\/regbu.com\/wp-content\/uploads\/2022\/01\/instagram-socilani-sit-zalozena-na-fotografiich.jpg","width":1200,"height":677,"caption":"Instagram \u2013 Soci\u00e1ln\u00ed s\u00ed\u0165 zalo\u017een\u00e1 na fotografi\u00edch"},{"@type":"BreadcrumbList","@id":"https:\/\/regbu.com\/instagram-socialni-sit-zalozena-na-fotografiich\/#breadcrumb","itemListElement":[{"@type":"ListItem","position":1,"name":"Home","item":"https:\/\/regbu.com\/en\/"},{"@type":"ListItem","position":2,"name":"Instagram \u2013 Soci\u00e1ln\u00ed s\u00ed\u0165 zalo\u017een\u00e1 na fotografi\u00edch"}]},{"@type":"WebSite","@id":"https:\/\/regbu.com\/en\/#website","url":"https:\/\/regbu.com\/en\/","name":"REGBU.COM","description":"","potentialAction":[{"@type":"SearchAction","target":{"@type":"EntryPoint","urlTemplate":"https:\/\/regbu.com\/en\/?s={search_term_string}"},"query-input":{"@type":"PropertyValueSpecification","valueRequired":true,"valueName":"search_term_string"}}],"inLanguage":"lt-LT"},{"@type":"Person","@id":"https:\/\/regbu.com\/en\/#\/schema\/person\/94ea9deda2629771b8a9ced002f6784e","name":"George'as Martinas","url":"https:\/\/regbu.com\/lt\/author\/george-martin\/"}]}},"_links":{"self":[{"href":"https:\/\/regbu.com\/lt\/wp-json\/wp\/v2\/posts\/355","targetHints":{"allow":["GET"]}}],"collection":[{"href":"https:\/\/regbu.com\/lt\/wp-json\/wp\/v2\/posts"}],"about":[{"href":"https:\/\/regbu.com\/lt\/wp-json\/wp\/v2\/types\/post"}],"author":[{"embeddable":true,"href":"https:\/\/regbu.com\/lt\/wp-json\/wp\/v2\/users\/2"}],"replies":[{"embeddable":true,"href":"https:\/\/regbu.com\/lt\/wp-json\/wp\/v2\/comments?post=355"}],"version-history":[{"count":4,"href":"https:\/\/regbu.com\/lt\/wp-json\/wp\/v2\/posts\/355\/revisions"}],"predecessor-version":[{"id":384,"href":"https:\/\/regbu.com\/lt\/wp-json\/wp\/v2\/posts\/355\/revisions\/384"}],"wp:featuredmedia":[{"embeddable":true,"href":"https:\/\/regbu.com\/lt\/wp-json\/wp\/v2\/media\/356"}],"wp:attachment":[{"href":"https:\/\/regbu.com\/lt\/wp-json\/wp\/v2\/media?parent=355"}],"wp:term":[{"taxonomy":"category","embeddable":true,"href":"https:\/\/regbu.com\/lt\/wp-json\/wp\/v2\/categories?post=355"},{"taxonomy":"post_tag","embeddable":true,"href":"https:\/\/regbu.com\/lt\/wp-json\/wp\/v2\/tags?post=355"}],"curies":[{"name":"wp","href":"https:\/\/api.w.org\/{rel}","templated":true}]}}