{"id":1499,"date":"2023-08-09T16:09:02","date_gmt":"2023-08-09T14:09:02","guid":{"rendered":"https:\/\/regbu.com\/?p=1499"},"modified":"2025-09-05T07:39:50","modified_gmt":"2025-09-05T05:39:50","slug":"elektromobilita-ma-sveho-krale","status":"publish","type":"post","link":"https:\/\/regbu.com\/lt\/elektromobilumas-turi-savo-rata\/","title":{"rendered":"Elektromobilumas turi savo karali\u0173"},"content":{"rendered":"<p>Elektromobilumas - aktuali tema ir tam tikra prasme ateities muzika. Tai, beje, \u012frodo ir vienas garsiausi\u0173 \u0161i\u0173 automobili\u0173 gamintoj\u0173 \"Tesla\". Ji, be kita ko, priklauso Elonui Muskui.<strong>,<\/strong> kuris taip pat turi gars\u0173j\u012f <strong><a href=\"https:\/\/regbu.com\/lt\/concept-space-x-vevodi-versmirnym-letum\/\">\"Space X\" koncepcija<\/a><\/strong>. \u0160i automobili\u0173 bendrov\u0117 tapo \u0161ios srities pradininke.<\/p>\n\n\n\n<ul class=\"wp-block-list\">\n<li>Tesla Model S<\/li>\n\n\n\n<li>\"Tesla Model X<\/li>\n\n\n\n<li>\"Tesla Model 3<\/li>\n<\/ul>\n\n\n\n<p>Tai tik nedidel\u0117 dalis to, kas i\u0161ried\u0117jo i\u0161 \u0161ios garsios automobili\u0173 bendrov\u0117s gamybos linij\u0173. Tai daugiausia sedan\u0173 modeliai. Jie skirti ne tik verslo segmentui, bet ir asmeniniam naudojimui.<\/p>\n\n\n\n<h2 class=\"wp-block-heading\">Teslos istorija<\/h2>\n\n\n\n<p>Pirmiausia panagrin\u0117kime, kaip elektromobilumas i\u0161 tikr\u0173j\u0173 tapo svarbiausiu dalyku \u017emoni\u0173 s\u0105mon\u0117je. U\u017e tai atsakinga bendrov\u0117 \"Tesla\", kuri projektuoja, gamina ir parduoda elektromobilius. Jei manote, kad bendrov\u0117s \u012fk\u016br\u0117jas buvo <strong>Elonas Muskas<\/strong>labai klystate. Jis prisijung\u0117 v\u0117liau.<\/p>\n\n\n\n<figure class=\"wp-block-table\"><table><tbody><tr><td><strong>Tema<\/strong><\/td><td><strong>Informacija<\/strong><\/td><\/tr><tr><td>\u012ek\u016brimo metai<\/td><td>2003<\/td><\/tr><tr><td>\u012ek\u016br\u0117jai<\/td><td>Martin Eberhard ir Marc Tarpenning<\/td><\/tr><tr><td>Centrin\u0117 b\u016bstin\u0117<\/td><td>Ostinas, Teksasas<\/td><\/tr><tr><td>Gamyklos<\/td><td>Freemont, \u0160anchajus ir kt.<\/td><\/tr><\/tbody><\/table><figcaption class=\"wp-element-caption\">Informacija, susijusi su \"Tesla\" \u012fk\u016brimu.<\/figcaption><\/figure>\n\n\n\n<p>Netrukus po \"Tesla\" \u012fk\u016brimo prie bendrov\u0117s prisijung\u0117 <a href=\"https:\/\/cs.wikipedia.org\/wiki\/Elon_Musk\">Elonas Muskas<\/a>, JB Straubel ir Ian Wright. S\u0117km\u0117s ilgai laukti nereik\u0117jo, o 2008 m. \"Tesla Roadster\" dav\u0117 prad\u017ei\u0105.<\/p>\n\n\n\n<h3 class=\"wp-block-heading\">Elektromobilumas ir viskas, kas svarbu<\/h3>\n\n\n\n<p>Be abejo, galime ir toliau s\u0117kmingai pl\u0117toti \"Tesla\" elektromobilius. Yra apie k\u0105 ra\u0161yti. Visais trimis s\u0117kmingais automobili\u0173 modeliais i\u0161 \u0161io straipsnio \u012f\u017eangos pasek\u0117 kiti. Galime pamin\u0117ti, pvz. <strong>\"Tesla Model Y<\/strong>. Elektrinis vilkikas \"Tesla Semi\" yra atskiras skyrius.<\/p>\n\n\n\n<p>Vadovaujant garsiajai bendrovei pl\u0117tojamas elektromobilumas, taip pat skatinama greitojo \u012fkrovimo stoteli\u0173 \"Supercharger\" pl\u0117tra. Be to, \"Tesla\" daug d\u0117mesio skiria buitin\u0117ms baterijoms, saul\u0117s stog\u0173 \u010derp\u0117ms ir daugeliui kit\u0173 projekt\u0173. Augant paklausai, nat\u016braliai did\u0117ja poreikis gaminti didelius akumuliatori\u0173 kiekius, tai rodo naujos ir <em>nauj\u0173 gigafabrik\u0173 ne tik Jungtin\u0117se Amerikos Valstijose, bet ir kitose pasaulio \u0161alyse.<\/em>.<\/p>","protected":false},"excerpt":{"rendered":"<p>Elektromobilumas - aktuali tema ir tam tikra prasme ateities muzika. Tai, beje, \u012frodo ir vienas garsiausi\u0173 \u0161i\u0173 automobili\u0173 gamintoj\u0173 \"Tesla\". Jos savininkas, be kita ko, yra Elonas Muskas, kuris taip pat yra suk\u016br\u0119s garsi\u0105j\u0105 \"Space X\" koncepcij\u0105. \u0160i automobili\u0173 kompanija tapo tokiu \u012fsivaizduojamu \u0161ios srities pradininku. Tai tik nedidelis skonis ... <\/p>","protected":false},"author":2,"featured_media":1500,"comment_status":"closed","ping_status":"closed","sticky":false,"template":"","format":"standard","meta":{"footnotes":""},"categories":[6],"tags":[1847,1849,1830,1856,1850,1854,1851,1852,1855,1848,1853],"class_list":["post-1499","post","type-post","status-publish","format-standard","has-post-thumbnail","hentry","category-technologie","tag-elektromobilita","tag-elektromobily","tag-elon-musk","tag-gigafactory","tag-model","tag-model-3","tag-model-s","tag-model-y","tag-supercharger","tag-tesla","tag-tesla-roadster"],"yoast_head":"<!-- This site is optimized with the Yoast SEO plugin v27.5 - https:\/\/yoast.com\/product\/yoast-seo-wordpress\/ -->\n<title>Elektromobilita m\u00e1 sv\u00e9ho kr\u00e1le - REGBU.COM<\/title>\n<meta name=\"description\" content=\"V\u00edte, co si p\u0159edstavit pod pojmem elektromobilita? A zn\u00e1te jednoho z pr\u016fkopn\u00edk\u016f tohoto novodob\u00e9ho segmentu?\" \/>\n<meta name=\"robots\" content=\"index, follow, max-snippet:-1, max-image-preview:large, max-video-preview:-1\" \/>\n<link rel=\"canonical\" href=\"https:\/\/regbu.com\/lt\/elektromobilumas-turi-savo-rata\/\" \/>\n<meta property=\"og:locale\" content=\"lt_LT\" \/>\n<meta property=\"og:type\" content=\"article\" \/>\n<meta property=\"og:title\" content=\"Elektromobilita m\u00e1 sv\u00e9ho kr\u00e1le - REGBU.COM\" \/>\n<meta property=\"og:description\" content=\"V\u00edte, co si p\u0159edstavit pod pojmem elektromobilita? A zn\u00e1te jednoho z pr\u016fkopn\u00edk\u016f tohoto novodob\u00e9ho segmentu?\" \/>\n<meta property=\"og:url\" content=\"https:\/\/regbu.com\/lt\/elektromobilumas-turi-savo-rata\/\" \/>\n<meta property=\"og:site_name\" content=\"REGBU.COM\" \/>\n<meta property=\"article:published_time\" content=\"2023-08-09T14:09:02+00:00\" \/>\n<meta property=\"article:modified_time\" content=\"2025-09-05T05:39:50+00:00\" \/>\n<meta property=\"og:image\" content=\"https:\/\/regbu.com\/wp-content\/uploads\/2023\/08\/elektromobilita-ma-sveho-krale.jpg\" \/>\n\t<meta property=\"og:image:width\" content=\"1200\" \/>\n\t<meta property=\"og:image:height\" content=\"676\" \/>\n\t<meta property=\"og:image:type\" content=\"image\/jpeg\" \/>\n<meta name=\"author\" content=\"George Martin\" \/>\n<meta name=\"twitter:card\" content=\"summary_large_image\" \/>\n<meta name=\"twitter:label1\" content=\"Written by\" \/>\n\t<meta name=\"twitter:data1\" content=\"George Martin\" \/>\n\t<meta name=\"twitter:label2\" content=\"Est. reading time\" \/>\n\t<meta name=\"twitter:data2\" content=\"2 minut\u0117s\" \/>\n<script type=\"application\/ld+json\" class=\"yoast-schema-graph\">{\"@context\":\"https:\\\/\\\/schema.org\",\"@graph\":[{\"@type\":\"Article\",\"@id\":\"https:\\\/\\\/regbu.com\\\/lt\\\/elektromobilumas-turi-savo-rata\\\/#article\",\"isPartOf\":{\"@id\":\"https:\\\/\\\/regbu.com\\\/lt\\\/elektromobilumas-turi-savo-rata\\\/\"},\"author\":{\"name\":\"George Martin\",\"@id\":\"https:\\\/\\\/regbu.com\\\/en\\\/#\\\/schema\\\/person\\\/94ea9deda2629771b8a9ced002f6784e\"},\"headline\":\"Elektromobilita m\u00e1 sv\u00e9ho kr\u00e1le\",\"datePublished\":\"2023-08-09T14:09:02+00:00\",\"dateModified\":\"2025-09-05T05:39:50+00:00\",\"mainEntityOfPage\":{\"@id\":\"https:\\\/\\\/regbu.com\\\/lt\\\/elektromobilumas-turi-savo-rata\\\/\"},\"wordCount\":409,\"image\":{\"@id\":\"https:\\\/\\\/regbu.com\\\/lt\\\/elektromobilumas-turi-savo-rata\\\/#primaryimage\"},\"thumbnailUrl\":\"https:\\\/\\\/regbu.com\\\/wp-content\\\/uploads\\\/2023\\\/08\\\/elektromobilita-ma-sveho-krale.jpg\",\"keywords\":[\"elektromobilita\",\"elektromobily\",\"elon musk\",\"gigafactory\",\"model\",\"model 3\",\"model s\",\"model y\",\"Supercharger\",\"tesla\",\"tesla roadster\"],\"articleSection\":[\"Technologie\"],\"inLanguage\":\"lt-LT\"},{\"@type\":\"WebPage\",\"@id\":\"https:\\\/\\\/regbu.com\\\/lt\\\/elektromobilumas-turi-savo-rata\\\/\",\"url\":\"https:\\\/\\\/regbu.com\\\/lt\\\/elektromobilumas-turi-savo-rata\\\/\",\"name\":\"Elektromobilita m\u00e1 sv\u00e9ho kr\u00e1le - REGBU.COM\",\"isPartOf\":{\"@id\":\"https:\\\/\\\/regbu.com\\\/en\\\/#website\"},\"primaryImageOfPage\":{\"@id\":\"https:\\\/\\\/regbu.com\\\/lt\\\/elektromobilumas-turi-savo-rata\\\/#primaryimage\"},\"image\":{\"@id\":\"https:\\\/\\\/regbu.com\\\/lt\\\/elektromobilumas-turi-savo-rata\\\/#primaryimage\"},\"thumbnailUrl\":\"https:\\\/\\\/regbu.com\\\/wp-content\\\/uploads\\\/2023\\\/08\\\/elektromobilita-ma-sveho-krale.jpg\",\"datePublished\":\"2023-08-09T14:09:02+00:00\",\"dateModified\":\"2025-09-05T05:39:50+00:00\",\"author\":{\"@id\":\"https:\\\/\\\/regbu.com\\\/en\\\/#\\\/schema\\\/person\\\/94ea9deda2629771b8a9ced002f6784e\"},\"description\":\"V\u00edte, co si p\u0159edstavit pod pojmem elektromobilita? A zn\u00e1te jednoho z pr\u016fkopn\u00edk\u016f tohoto novodob\u00e9ho segmentu?\",\"breadcrumb\":{\"@id\":\"https:\\\/\\\/regbu.com\\\/lt\\\/elektromobilumas-turi-savo-rata\\\/#breadcrumb\"},\"inLanguage\":\"lt-LT\",\"potentialAction\":[{\"@type\":\"ReadAction\",\"target\":[\"https:\\\/\\\/regbu.com\\\/lt\\\/elektromobilumas-turi-savo-rata\\\/\"]}]},{\"@type\":\"ImageObject\",\"inLanguage\":\"lt-LT\",\"@id\":\"https:\\\/\\\/regbu.com\\\/lt\\\/elektromobilumas-turi-savo-rata\\\/#primaryimage\",\"url\":\"https:\\\/\\\/regbu.com\\\/wp-content\\\/uploads\\\/2023\\\/08\\\/elektromobilita-ma-sveho-krale.jpg\",\"contentUrl\":\"https:\\\/\\\/regbu.com\\\/wp-content\\\/uploads\\\/2023\\\/08\\\/elektromobilita-ma-sveho-krale.jpg\",\"width\":1200,\"height\":676,\"caption\":\"Elektromobilita m\u00e1 sv\u00e9ho kr\u00e1le\"},{\"@type\":\"BreadcrumbList\",\"@id\":\"https:\\\/\\\/regbu.com\\\/lt\\\/elektromobilumas-turi-savo-rata\\\/#breadcrumb\",\"itemListElement\":[{\"@type\":\"ListItem\",\"position\":1,\"name\":\"Home\",\"item\":\"https:\\\/\\\/regbu.com\\\/en\\\/\"},{\"@type\":\"ListItem\",\"position\":2,\"name\":\"Elektromobilita m\u00e1 sv\u00e9ho kr\u00e1le\"}]},{\"@type\":\"WebSite\",\"@id\":\"https:\\\/\\\/regbu.com\\\/en\\\/#website\",\"url\":\"https:\\\/\\\/regbu.com\\\/en\\\/\",\"name\":\"REGBU.COM\",\"description\":\"\",\"potentialAction\":[{\"@type\":\"SearchAction\",\"target\":{\"@type\":\"EntryPoint\",\"urlTemplate\":\"https:\\\/\\\/regbu.com\\\/en\\\/?s={search_term_string}\"},\"query-input\":{\"@type\":\"PropertyValueSpecification\",\"valueRequired\":true,\"valueName\":\"search_term_string\"}}],\"inLanguage\":\"lt-LT\"},{\"@type\":\"Person\",\"@id\":\"https:\\\/\\\/regbu.com\\\/en\\\/#\\\/schema\\\/person\\\/94ea9deda2629771b8a9ced002f6784e\",\"name\":\"George Martin\",\"url\":\"https:\\\/\\\/regbu.com\\\/lt\\\/author\\\/george-martin\\\/\"}]}<\/script>\n<!-- \/ Yoast SEO plugin. -->","yoast_head_json":{"title":"Elektromobilumas turi savo karali\u0173 - REGBU.COM","description":"Ar \u017einote, k\u0105 rei\u0161kia elektromobilumas? Ar \u017einote vien\u0105 i\u0161 \u0161io naujo segmento pradinink\u0173?","robots":{"index":"index","follow":"follow","max-snippet":"max-snippet:-1","max-image-preview":"max-image-preview:large","max-video-preview":"max-video-preview:-1"},"canonical":"https:\/\/regbu.com\/lt\/elektromobilumas-turi-savo-rata\/","og_locale":"lt_LT","og_type":"article","og_title":"Elektromobilita m\u00e1 sv\u00e9ho kr\u00e1le - REGBU.COM","og_description":"V\u00edte, co si p\u0159edstavit pod pojmem elektromobilita? A zn\u00e1te jednoho z pr\u016fkopn\u00edk\u016f tohoto novodob\u00e9ho segmentu?","og_url":"https:\/\/regbu.com\/lt\/elektromobilumas-turi-savo-rata\/","og_site_name":"REGBU.COM","article_published_time":"2023-08-09T14:09:02+00:00","article_modified_time":"2025-09-05T05:39:50+00:00","og_image":[{"width":1200,"height":676,"url":"https:\/\/regbu.com\/wp-content\/uploads\/2023\/08\/elektromobilita-ma-sveho-krale.jpg","type":"image\/jpeg"}],"author":"George Martin","twitter_card":"summary_large_image","twitter_misc":{"Written by":"George Martin","Est. reading time":"2 minut\u0117s"},"schema":{"@context":"https:\/\/schema.org","@graph":[{"@type":"Article","@id":"https:\/\/regbu.com\/lt\/elektromobilumas-turi-savo-rata\/#article","isPartOf":{"@id":"https:\/\/regbu.com\/lt\/elektromobilumas-turi-savo-rata\/"},"author":{"name":"George Martin","@id":"https:\/\/regbu.com\/en\/#\/schema\/person\/94ea9deda2629771b8a9ced002f6784e"},"headline":"Elektromobilita m\u00e1 sv\u00e9ho kr\u00e1le","datePublished":"2023-08-09T14:09:02+00:00","dateModified":"2025-09-05T05:39:50+00:00","mainEntityOfPage":{"@id":"https:\/\/regbu.com\/lt\/elektromobilumas-turi-savo-rata\/"},"wordCount":409,"image":{"@id":"https:\/\/regbu.com\/lt\/elektromobilumas-turi-savo-rata\/#primaryimage"},"thumbnailUrl":"https:\/\/regbu.com\/wp-content\/uploads\/2023\/08\/elektromobilita-ma-sveho-krale.jpg","keywords":["elektromobilita","elektromobily","elon musk","gigafactory","model","model 3","model s","model y","Supercharger","tesla","tesla roadster"],"articleSection":["Technologie"],"inLanguage":"lt-LT"},{"@type":"WebPage","@id":"https:\/\/regbu.com\/lt\/elektromobilumas-turi-savo-rata\/","url":"https:\/\/regbu.com\/lt\/elektromobilumas-turi-savo-rata\/","name":"Elektromobilumas turi savo karali\u0173 - REGBU.COM","isPartOf":{"@id":"https:\/\/regbu.com\/en\/#website"},"primaryImageOfPage":{"@id":"https:\/\/regbu.com\/lt\/elektromobilumas-turi-savo-rata\/#primaryimage"},"image":{"@id":"https:\/\/regbu.com\/lt\/elektromobilumas-turi-savo-rata\/#primaryimage"},"thumbnailUrl":"https:\/\/regbu.com\/wp-content\/uploads\/2023\/08\/elektromobilita-ma-sveho-krale.jpg","datePublished":"2023-08-09T14:09:02+00:00","dateModified":"2025-09-05T05:39:50+00:00","author":{"@id":"https:\/\/regbu.com\/en\/#\/schema\/person\/94ea9deda2629771b8a9ced002f6784e"},"description":"Ar \u017einote, k\u0105 rei\u0161kia elektromobilumas? Ar \u017einote vien\u0105 i\u0161 \u0161io naujo segmento pradinink\u0173?","breadcrumb":{"@id":"https:\/\/regbu.com\/lt\/elektromobilumas-turi-savo-rata\/#breadcrumb"},"inLanguage":"lt-LT","potentialAction":[{"@type":"ReadAction","target":["https:\/\/regbu.com\/lt\/elektromobilumas-turi-savo-rata\/"]}]},{"@type":"ImageObject","inLanguage":"lt-LT","@id":"https:\/\/regbu.com\/lt\/elektromobilumas-turi-savo-rata\/#primaryimage","url":"https:\/\/regbu.com\/wp-content\/uploads\/2023\/08\/elektromobilita-ma-sveho-krale.jpg","contentUrl":"https:\/\/regbu.com\/wp-content\/uploads\/2023\/08\/elektromobilita-ma-sveho-krale.jpg","width":1200,"height":676,"caption":"Elektromobilita m\u00e1 sv\u00e9ho kr\u00e1le"},{"@type":"BreadcrumbList","@id":"https:\/\/regbu.com\/lt\/elektromobilumas-turi-savo-rata\/#breadcrumb","itemListElement":[{"@type":"ListItem","position":1,"name":"Home","item":"https:\/\/regbu.com\/en\/"},{"@type":"ListItem","position":2,"name":"Elektromobilita m\u00e1 sv\u00e9ho kr\u00e1le"}]},{"@type":"WebSite","@id":"https:\/\/regbu.com\/en\/#website","url":"https:\/\/regbu.com\/en\/","name":"REGBU.COM","description":"","potentialAction":[{"@type":"SearchAction","target":{"@type":"EntryPoint","urlTemplate":"https:\/\/regbu.com\/en\/?s={search_term_string}"},"query-input":{"@type":"PropertyValueSpecification","valueRequired":true,"valueName":"search_term_string"}}],"inLanguage":"lt-LT"},{"@type":"Person","@id":"https:\/\/regbu.com\/en\/#\/schema\/person\/94ea9deda2629771b8a9ced002f6784e","name":"George'as Martinas","url":"https:\/\/regbu.com\/lt\/author\/george-martin\/"}]}},"_links":{"self":[{"href":"https:\/\/regbu.com\/lt\/wp-json\/wp\/v2\/posts\/1499","targetHints":{"allow":["GET"]}}],"collection":[{"href":"https:\/\/regbu.com\/lt\/wp-json\/wp\/v2\/posts"}],"about":[{"href":"https:\/\/regbu.com\/lt\/wp-json\/wp\/v2\/types\/post"}],"author":[{"embeddable":true,"href":"https:\/\/regbu.com\/lt\/wp-json\/wp\/v2\/users\/2"}],"replies":[{"embeddable":true,"href":"https:\/\/regbu.com\/lt\/wp-json\/wp\/v2\/comments?post=1499"}],"version-history":[{"count":3,"href":"https:\/\/regbu.com\/lt\/wp-json\/wp\/v2\/posts\/1499\/revisions"}],"predecessor-version":[{"id":1510,"href":"https:\/\/regbu.com\/lt\/wp-json\/wp\/v2\/posts\/1499\/revisions\/1510"}],"wp:featuredmedia":[{"embeddable":true,"href":"https:\/\/regbu.com\/lt\/wp-json\/wp\/v2\/media\/1500"}],"wp:attachment":[{"href":"https:\/\/regbu.com\/lt\/wp-json\/wp\/v2\/media?parent=1499"}],"wp:term":[{"taxonomy":"category","embeddable":true,"href":"https:\/\/regbu.com\/lt\/wp-json\/wp\/v2\/categories?post=1499"},{"taxonomy":"post_tag","embeddable":true,"href":"https:\/\/regbu.com\/lt\/wp-json\/wp\/v2\/tags?post=1499"}],"curies":[{"name":"wp","href":"https:\/\/api.w.org\/{rel}","templated":true}]}}