{"id":1144,"date":"2023-07-18T11:53:59","date_gmt":"2023-07-18T09:53:59","guid":{"rendered":"https:\/\/regbu.com\/?p=1144"},"modified":"2025-09-05T07:41:02","modified_gmt":"2025-09-05T05:41:02","slug":"vidensky-rizek-jako-symbol-rakouska","status":"publish","type":"post","link":"https:\/\/regbu.com\/lt\/vidensky-rizek-as-symbol-of-austria\/","title":{"rendered":"Wiener schnitzel - Austrijos simbolis"},"content":{"rendered":"<p>Wiener schnitzel tikriausiai nereikia ilgai pristatin\u0117ti. Jis labai gerai \u017einomas Austrijoje, pvz. <strong><a href=\"https:\/\/regbu.com\/lt\/koprova-omacka-how-do-you-not-know\/\">krap\u0173 pada\u017eas<\/a> <\/strong>\u010cekijoje. Ta\u010diau tik nedaugelis \u017eino, kaip tok\u012f skan\u0117st\u0105 paruo\u0161ti pagal i\u0161samiai apra\u0161yt\u0105 tradicin\u012f recept\u0105. \u0160is straipsnis kaip tik tam ir skirtas.<\/p>\n\n\n\n<ul class=\"wp-block-list\">\n<li>Su\u017einosite, i\u0161 kokios m\u0117sos gaminamas \u0161nicelis<\/li>\n\n\n\n<li>Rasite reikiam\u0173 ingredient\u0173<\/li>\n\n\n\n<li>Papasakosime apie pasiruo\u0161imo proced\u016br\u0105<\/li>\n<\/ul>\n\n\n\n<p>\u0160is \u0161nicelis yra tik Vienos patiekalas. Koncepcija <em>\u0160nicelis<\/em> yra visi\u0161kai jo paties. I\u0161 pirmo \u017evilgsnio paprastas patiekalas, kuris gali \u012fgauti nepakartojam\u0105 skon\u012f ir praver\u010dia kaskart, kai norisi pasim\u0117gauti kepta m\u0117sa.<\/p>\n\n\n\n<h2 class=\"wp-block-heading\">Patiekalo pagrindas - ver\u0161ienos koja<\/h2>\n\n\n\n<p>Kai sakote Wiener schnitzel, tikrai negalvojate apie vi\u0161tien\u0105. Tikrai ne. \u0160iame patiekale dominuoja ver\u0161ienos koja. K\u0105 <strong>geresn\u0117s kokyb\u0117s m\u0117sa<\/strong> kuo daugiau m\u0117gaujat\u0117s, tuo geresn\u0117s kokyb\u0117s maist\u0105 ruo\u0161iate. Be pa\u010dios m\u0117sos, \u017einoma, paruo\u0161kite ir kitus ingredientus.<\/p>\n\n\n\n<figure class=\"wp-block-table\"><table><tbody><tr><td><strong>\u017daliavos<\/strong><\/td><td><strong>Kiekis<\/strong><\/td><\/tr><tr><td>Ver\u0161ienos koja<\/td><td>1 kg<\/td><\/tr><tr><td>Kiau\u0161iniai<\/td><td>3 vnt.<\/td><\/tr><tr><td>Miltai<\/td><td>Apvyniojimui<\/td><\/tr><tr><td>Strouhanka<\/td><td>Apvyniojimui<\/td><\/tr><tr><td>Sviestas<\/td><td>Perspausdinta i\u0161<\/td><\/tr><tr><td>Citronas<\/td><td>1 vnt.<\/td><\/tr><\/tbody><\/table><figcaption class=\"wp-element-caption\">K\u0105 reikia paruo\u0161ti \u0161iam patiekalui?<\/figcaption><\/figure>\n\n\n\n<p>\u017dinoma, ruo\u0161iant Wiener schnitzel negalima praleisti druskos prieskoni\u0173. Jei nuspr\u0119site valgyti \u0161nicel\u012f su garnyru, paruo\u0161kite, pavyzd\u017eiui, bulvi\u0173 su petra\u017eol\u0117mis.<\/p>\n\n\n\n<h3 class=\"wp-block-heading\">Wiener schnitzel - paruo\u0161imo proced\u016bra<\/h3>\n\n\n\n<p>Pirmiausia prad\u0117kite ruo\u0161ti m\u0117s\u0105. Supjaustykite j\u0105 centimetro ilgio grie\u017ein\u0117liais. Jei juos perpjausite per pus\u0119, gausite tariamo drugelio form\u0105, kuri suvyniota i\u0161siskirs l\u0117k\u0161t\u0117je. Svarbu, kad m\u0117sa <strong>susmulkinti iki penki\u0173 milimetr\u0173 storio ir pas\u016bdyti<\/strong>. Tuomet, kaip \u012fprasta, suvyniokite j\u012f klasikiniu b\u016bdu. Paskutiniu sluoksniu \u012f m\u0117s\u0105 suberkite d\u017ei\u016bv\u0117s\u0117lius, kad per daug neu\u017estrigt\u0173. Ekspertas pasakyt\u0173, kad net ir duonoje apvoliota m\u0117sa turi kv\u0117puoti.<\/p>\n\n\n\n<p>Tada prad\u0117kite kepti. Galutin\u012f etap\u0105 suprasite pagal auksin\u0119 d\u017ei\u016bv\u0117s\u0117li\u0173 spalv\u0105. Kepkite m\u0117s\u0105 ant ma\u017eos ugnies, kad ji b\u016bt\u0173 i\u0161kepusi ir kartu sultinga. L\u0117k\u0161t\u0117je esant\u012f Wiener schnitzel apipilkite keliais la\u0161ais citrinos. Galite patiekti su min\u0117tomis bulv\u0117mis ir petra\u017eol\u0117mis. Skanaukite.<\/p>","protected":false},"excerpt":{"rendered":"<p>Wiener schnitzel tikriausiai nereikia ilgai pristatin\u0117ti. Jis labai gerai \u017einomas Austrijoje, kaip ir krap\u0173 pada\u017eas \u010cekijoje. Ta\u010diau tik nedaugelis \u017eino, kaip paruo\u0161ti \u0161\u012f delikates\u0105 pagal i\u0161samiai apra\u0161yt\u0105 tradicin\u012f recept\u0105. B\u016btent \u0161iems tikslams ir skirtas \u0161is straipsnis. \u0160is \u0161nicelis yra grynai Vienos reikalas. Terminas \"\u0161nicelis\" yra ... <\/p>","protected":false},"author":2,"featured_media":1145,"comment_status":"closed","ping_status":"closed","sticky":false,"template":"","format":"standard","meta":{"footnotes":""},"categories":[12],"tags":[39,1290,25,1287,1291,50,52,1288,1289,1275,1286],"class_list":["post-1144","post","type-post","status-publish","format-standard","has-post-thumbnail","hentry","category-vareni","tag-brambory","tag-kyta","tag-maso","tag-mouka","tag-petrzel","tag-rizek","tag-strouhanka","tag-teleci","tag-teleci-kyta","tag-vejce","tag-vidensky-rizek"],"yoast_head":"<!-- This site is optimized with the Yoast SEO plugin v27.5 - https:\/\/yoast.com\/product\/yoast-seo-wordpress\/ -->\n<title>V\u00edde\u0148sk\u00fd \u0159\u00edzek jako symbol Rakouska - REGBU.COM<\/title>\n<meta name=\"description\" content=\"Nen\u00ed nic snaz\u0161\u00edho, ne\u017e si p\u0159ipravit lahodn\u00fd v\u00edde\u0148sk\u00fd \u0159\u00edzek. Prozrad\u00edme V\u00e1m, jak takov\u00fd porkm snadno a rychle vytvo\u0159it.\" \/>\n<meta name=\"robots\" content=\"index, follow, max-snippet:-1, max-image-preview:large, max-video-preview:-1\" \/>\n<link rel=\"canonical\" href=\"https:\/\/regbu.com\/lt\/vidensky-rizek-as-symbol-of-austria\/\" \/>\n<meta property=\"og:locale\" content=\"lt_LT\" \/>\n<meta property=\"og:type\" content=\"article\" \/>\n<meta property=\"og:title\" content=\"V\u00edde\u0148sk\u00fd \u0159\u00edzek jako symbol Rakouska - REGBU.COM\" \/>\n<meta property=\"og:description\" content=\"Nen\u00ed nic snaz\u0161\u00edho, ne\u017e si p\u0159ipravit lahodn\u00fd v\u00edde\u0148sk\u00fd \u0159\u00edzek. Prozrad\u00edme V\u00e1m, jak takov\u00fd porkm snadno a rychle vytvo\u0159it.\" \/>\n<meta property=\"og:url\" content=\"https:\/\/regbu.com\/lt\/vidensky-rizek-as-symbol-of-austria\/\" \/>\n<meta property=\"og:site_name\" content=\"REGBU.COM\" \/>\n<meta property=\"article:published_time\" content=\"2023-07-18T09:53:59+00:00\" \/>\n<meta property=\"article:modified_time\" content=\"2025-09-05T05:41:02+00:00\" \/>\n<meta property=\"og:image\" content=\"https:\/\/regbu.com\/wp-content\/uploads\/2023\/07\/vidensky-rizek-jako-symbol-rakouska.jpg\" \/>\n\t<meta property=\"og:image:width\" content=\"1200\" \/>\n\t<meta property=\"og:image:height\" content=\"676\" \/>\n\t<meta property=\"og:image:type\" content=\"image\/jpeg\" \/>\n<meta name=\"author\" content=\"George Martin\" \/>\n<meta name=\"twitter:card\" content=\"summary_large_image\" \/>\n<meta name=\"twitter:label1\" content=\"Written by\" \/>\n\t<meta name=\"twitter:data1\" content=\"George Martin\" \/>\n\t<meta name=\"twitter:label2\" content=\"Est. reading time\" \/>\n\t<meta name=\"twitter:data2\" content=\"2 minut\u0117s\" \/>\n<script type=\"application\/ld+json\" class=\"yoast-schema-graph\">{\"@context\":\"https:\\\/\\\/schema.org\",\"@graph\":[{\"@type\":\"Article\",\"@id\":\"https:\\\/\\\/regbu.com\\\/lt\\\/vidensky-rizek-as-symbol-of-austria\\\/#article\",\"isPartOf\":{\"@id\":\"https:\\\/\\\/regbu.com\\\/lt\\\/vidensky-rizek-as-symbol-of-austria\\\/\"},\"author\":{\"name\":\"George Martin\",\"@id\":\"https:\\\/\\\/regbu.com\\\/en\\\/#\\\/schema\\\/person\\\/94ea9deda2629771b8a9ced002f6784e\"},\"headline\":\"V\u00edde\u0148sk\u00fd \u0159\u00edzek jako symbol Rakouska\",\"datePublished\":\"2023-07-18T09:53:59+00:00\",\"dateModified\":\"2025-09-05T05:41:02+00:00\",\"mainEntityOfPage\":{\"@id\":\"https:\\\/\\\/regbu.com\\\/lt\\\/vidensky-rizek-as-symbol-of-austria\\\/\"},\"wordCount\":450,\"image\":{\"@id\":\"https:\\\/\\\/regbu.com\\\/lt\\\/vidensky-rizek-as-symbol-of-austria\\\/#primaryimage\"},\"thumbnailUrl\":\"https:\\\/\\\/regbu.com\\\/wp-content\\\/uploads\\\/2023\\\/07\\\/vidensky-rizek-jako-symbol-rakouska.jpg\",\"keywords\":[\"brambory\",\"k\u00fdta\",\"maso\",\"mouka\",\"petr\u017eel\",\"\u0159\u00edzek\",\"strouhanka\",\"telec\u00ed\",\"telec\u00ed k\u00fdta\",\"vejce\",\"v\u00edde\u0148sk\u00fd \u0159\u00edzek\"],\"articleSection\":[\"Va\u0159en\u00ed\"],\"inLanguage\":\"lt-LT\"},{\"@type\":\"WebPage\",\"@id\":\"https:\\\/\\\/regbu.com\\\/lt\\\/vidensky-rizek-as-symbol-of-austria\\\/\",\"url\":\"https:\\\/\\\/regbu.com\\\/lt\\\/vidensky-rizek-as-symbol-of-austria\\\/\",\"name\":\"V\u00edde\u0148sk\u00fd \u0159\u00edzek jako symbol Rakouska - REGBU.COM\",\"isPartOf\":{\"@id\":\"https:\\\/\\\/regbu.com\\\/en\\\/#website\"},\"primaryImageOfPage\":{\"@id\":\"https:\\\/\\\/regbu.com\\\/lt\\\/vidensky-rizek-as-symbol-of-austria\\\/#primaryimage\"},\"image\":{\"@id\":\"https:\\\/\\\/regbu.com\\\/lt\\\/vidensky-rizek-as-symbol-of-austria\\\/#primaryimage\"},\"thumbnailUrl\":\"https:\\\/\\\/regbu.com\\\/wp-content\\\/uploads\\\/2023\\\/07\\\/vidensky-rizek-jako-symbol-rakouska.jpg\",\"datePublished\":\"2023-07-18T09:53:59+00:00\",\"dateModified\":\"2025-09-05T05:41:02+00:00\",\"author\":{\"@id\":\"https:\\\/\\\/regbu.com\\\/en\\\/#\\\/schema\\\/person\\\/94ea9deda2629771b8a9ced002f6784e\"},\"description\":\"Nen\u00ed nic snaz\u0161\u00edho, ne\u017e si p\u0159ipravit lahodn\u00fd v\u00edde\u0148sk\u00fd \u0159\u00edzek. Prozrad\u00edme V\u00e1m, jak takov\u00fd porkm snadno a rychle vytvo\u0159it.\",\"breadcrumb\":{\"@id\":\"https:\\\/\\\/regbu.com\\\/lt\\\/vidensky-rizek-as-symbol-of-austria\\\/#breadcrumb\"},\"inLanguage\":\"lt-LT\",\"potentialAction\":[{\"@type\":\"ReadAction\",\"target\":[\"https:\\\/\\\/regbu.com\\\/lt\\\/vidensky-rizek-as-symbol-of-austria\\\/\"]}]},{\"@type\":\"ImageObject\",\"inLanguage\":\"lt-LT\",\"@id\":\"https:\\\/\\\/regbu.com\\\/lt\\\/vidensky-rizek-as-symbol-of-austria\\\/#primaryimage\",\"url\":\"https:\\\/\\\/regbu.com\\\/wp-content\\\/uploads\\\/2023\\\/07\\\/vidensky-rizek-jako-symbol-rakouska.jpg\",\"contentUrl\":\"https:\\\/\\\/regbu.com\\\/wp-content\\\/uploads\\\/2023\\\/07\\\/vidensky-rizek-jako-symbol-rakouska.jpg\",\"width\":1200,\"height\":676,\"caption\":\"V\u00edde\u0148sk\u00fd \u0159\u00edzek jako symbol Rakouska\"},{\"@type\":\"BreadcrumbList\",\"@id\":\"https:\\\/\\\/regbu.com\\\/lt\\\/vidensky-rizek-as-symbol-of-austria\\\/#breadcrumb\",\"itemListElement\":[{\"@type\":\"ListItem\",\"position\":1,\"name\":\"Home\",\"item\":\"https:\\\/\\\/regbu.com\\\/en\\\/\"},{\"@type\":\"ListItem\",\"position\":2,\"name\":\"V\u00edde\u0148sk\u00fd \u0159\u00edzek jako symbol Rakouska\"}]},{\"@type\":\"WebSite\",\"@id\":\"https:\\\/\\\/regbu.com\\\/en\\\/#website\",\"url\":\"https:\\\/\\\/regbu.com\\\/en\\\/\",\"name\":\"REGBU.COM\",\"description\":\"\",\"potentialAction\":[{\"@type\":\"SearchAction\",\"target\":{\"@type\":\"EntryPoint\",\"urlTemplate\":\"https:\\\/\\\/regbu.com\\\/en\\\/?s={search_term_string}\"},\"query-input\":{\"@type\":\"PropertyValueSpecification\",\"valueRequired\":true,\"valueName\":\"search_term_string\"}}],\"inLanguage\":\"lt-LT\"},{\"@type\":\"Person\",\"@id\":\"https:\\\/\\\/regbu.com\\\/en\\\/#\\\/schema\\\/person\\\/94ea9deda2629771b8a9ced002f6784e\",\"name\":\"George Martin\",\"url\":\"https:\\\/\\\/regbu.com\\\/lt\\\/author\\\/george-martin\\\/\"}]}<\/script>\n<!-- \/ Yoast SEO plugin. -->","yoast_head_json":{"title":"Vienos \u0161nicelis - Austrijos simbolis - REGBU.COM","description":"N\u0117ra nieko papras\u010diau, nei paruo\u0161ti gard\u0173 Wiener Schnitzel. Parodysime, kaip greitai ir lengvai pasigaminti toki\u0105 kiaulien\u0105.","robots":{"index":"index","follow":"follow","max-snippet":"max-snippet:-1","max-image-preview":"max-image-preview:large","max-video-preview":"max-video-preview:-1"},"canonical":"https:\/\/regbu.com\/lt\/vidensky-rizek-as-symbol-of-austria\/","og_locale":"lt_LT","og_type":"article","og_title":"V\u00edde\u0148sk\u00fd \u0159\u00edzek jako symbol Rakouska - REGBU.COM","og_description":"Nen\u00ed nic snaz\u0161\u00edho, ne\u017e si p\u0159ipravit lahodn\u00fd v\u00edde\u0148sk\u00fd \u0159\u00edzek. Prozrad\u00edme V\u00e1m, jak takov\u00fd porkm snadno a rychle vytvo\u0159it.","og_url":"https:\/\/regbu.com\/lt\/vidensky-rizek-as-symbol-of-austria\/","og_site_name":"REGBU.COM","article_published_time":"2023-07-18T09:53:59+00:00","article_modified_time":"2025-09-05T05:41:02+00:00","og_image":[{"width":1200,"height":676,"url":"https:\/\/regbu.com\/wp-content\/uploads\/2023\/07\/vidensky-rizek-jako-symbol-rakouska.jpg","type":"image\/jpeg"}],"author":"George Martin","twitter_card":"summary_large_image","twitter_misc":{"Written by":"George Martin","Est. reading time":"2 minut\u0117s"},"schema":{"@context":"https:\/\/schema.org","@graph":[{"@type":"Article","@id":"https:\/\/regbu.com\/lt\/vidensky-rizek-as-symbol-of-austria\/#article","isPartOf":{"@id":"https:\/\/regbu.com\/lt\/vidensky-rizek-as-symbol-of-austria\/"},"author":{"name":"George Martin","@id":"https:\/\/regbu.com\/en\/#\/schema\/person\/94ea9deda2629771b8a9ced002f6784e"},"headline":"V\u00edde\u0148sk\u00fd \u0159\u00edzek jako symbol Rakouska","datePublished":"2023-07-18T09:53:59+00:00","dateModified":"2025-09-05T05:41:02+00:00","mainEntityOfPage":{"@id":"https:\/\/regbu.com\/lt\/vidensky-rizek-as-symbol-of-austria\/"},"wordCount":450,"image":{"@id":"https:\/\/regbu.com\/lt\/vidensky-rizek-as-symbol-of-austria\/#primaryimage"},"thumbnailUrl":"https:\/\/regbu.com\/wp-content\/uploads\/2023\/07\/vidensky-rizek-jako-symbol-rakouska.jpg","keywords":["brambory","k\u00fdta","maso","mouka","petr\u017eel","\u0159\u00edzek","strouhanka","telec\u00ed","telec\u00ed k\u00fdta","vejce","v\u00edde\u0148sk\u00fd \u0159\u00edzek"],"articleSection":["Va\u0159en\u00ed"],"inLanguage":"lt-LT"},{"@type":"WebPage","@id":"https:\/\/regbu.com\/lt\/vidensky-rizek-as-symbol-of-austria\/","url":"https:\/\/regbu.com\/lt\/vidensky-rizek-as-symbol-of-austria\/","name":"Vienos \u0161nicelis - Austrijos simbolis - REGBU.COM","isPartOf":{"@id":"https:\/\/regbu.com\/en\/#website"},"primaryImageOfPage":{"@id":"https:\/\/regbu.com\/lt\/vidensky-rizek-as-symbol-of-austria\/#primaryimage"},"image":{"@id":"https:\/\/regbu.com\/lt\/vidensky-rizek-as-symbol-of-austria\/#primaryimage"},"thumbnailUrl":"https:\/\/regbu.com\/wp-content\/uploads\/2023\/07\/vidensky-rizek-jako-symbol-rakouska.jpg","datePublished":"2023-07-18T09:53:59+00:00","dateModified":"2025-09-05T05:41:02+00:00","author":{"@id":"https:\/\/regbu.com\/en\/#\/schema\/person\/94ea9deda2629771b8a9ced002f6784e"},"description":"N\u0117ra nieko papras\u010diau, nei paruo\u0161ti gard\u0173 Wiener Schnitzel. Parodysime, kaip greitai ir lengvai pasigaminti toki\u0105 kiaulien\u0105.","breadcrumb":{"@id":"https:\/\/regbu.com\/lt\/vidensky-rizek-as-symbol-of-austria\/#breadcrumb"},"inLanguage":"lt-LT","potentialAction":[{"@type":"ReadAction","target":["https:\/\/regbu.com\/lt\/vidensky-rizek-as-symbol-of-austria\/"]}]},{"@type":"ImageObject","inLanguage":"lt-LT","@id":"https:\/\/regbu.com\/lt\/vidensky-rizek-as-symbol-of-austria\/#primaryimage","url":"https:\/\/regbu.com\/wp-content\/uploads\/2023\/07\/vidensky-rizek-jako-symbol-rakouska.jpg","contentUrl":"https:\/\/regbu.com\/wp-content\/uploads\/2023\/07\/vidensky-rizek-jako-symbol-rakouska.jpg","width":1200,"height":676,"caption":"V\u00edde\u0148sk\u00fd \u0159\u00edzek jako symbol Rakouska"},{"@type":"BreadcrumbList","@id":"https:\/\/regbu.com\/lt\/vidensky-rizek-as-symbol-of-austria\/#breadcrumb","itemListElement":[{"@type":"ListItem","position":1,"name":"Home","item":"https:\/\/regbu.com\/en\/"},{"@type":"ListItem","position":2,"name":"V\u00edde\u0148sk\u00fd \u0159\u00edzek jako symbol Rakouska"}]},{"@type":"WebSite","@id":"https:\/\/regbu.com\/en\/#website","url":"https:\/\/regbu.com\/en\/","name":"REGBU.COM","description":"","potentialAction":[{"@type":"SearchAction","target":{"@type":"EntryPoint","urlTemplate":"https:\/\/regbu.com\/en\/?s={search_term_string}"},"query-input":{"@type":"PropertyValueSpecification","valueRequired":true,"valueName":"search_term_string"}}],"inLanguage":"lt-LT"},{"@type":"Person","@id":"https:\/\/regbu.com\/en\/#\/schema\/person\/94ea9deda2629771b8a9ced002f6784e","name":"George'as Martinas","url":"https:\/\/regbu.com\/lt\/author\/george-martin\/"}]}},"_links":{"self":[{"href":"https:\/\/regbu.com\/lt\/wp-json\/wp\/v2\/posts\/1144","targetHints":{"allow":["GET"]}}],"collection":[{"href":"https:\/\/regbu.com\/lt\/wp-json\/wp\/v2\/posts"}],"about":[{"href":"https:\/\/regbu.com\/lt\/wp-json\/wp\/v2\/types\/post"}],"author":[{"embeddable":true,"href":"https:\/\/regbu.com\/lt\/wp-json\/wp\/v2\/users\/2"}],"replies":[{"embeddable":true,"href":"https:\/\/regbu.com\/lt\/wp-json\/wp\/v2\/comments?post=1144"}],"version-history":[{"count":2,"href":"https:\/\/regbu.com\/lt\/wp-json\/wp\/v2\/posts\/1144\/revisions"}],"predecessor-version":[{"id":1151,"href":"https:\/\/regbu.com\/lt\/wp-json\/wp\/v2\/posts\/1144\/revisions\/1151"}],"wp:featuredmedia":[{"embeddable":true,"href":"https:\/\/regbu.com\/lt\/wp-json\/wp\/v2\/media\/1145"}],"wp:attachment":[{"href":"https:\/\/regbu.com\/lt\/wp-json\/wp\/v2\/media?parent=1144"}],"wp:term":[{"taxonomy":"category","embeddable":true,"href":"https:\/\/regbu.com\/lt\/wp-json\/wp\/v2\/categories?post=1144"},{"taxonomy":"post_tag","embeddable":true,"href":"https:\/\/regbu.com\/lt\/wp-json\/wp\/v2\/tags?post=1144"}],"curies":[{"name":"wp","href":"https:\/\/api.w.org\/{rel}","templated":true}]}}