{"id":993,"date":"2023-07-10T16:36:29","date_gmt":"2023-07-10T14:36:29","guid":{"rendered":"https:\/\/regbu.com\/?p=993"},"modified":"2025-09-05T07:41:25","modified_gmt":"2025-09-05T05:41:25","slug":"cepice-jako-skvely-modni-doplnek","status":"publish","type":"post","link":"https:\/\/regbu.com\/it\/cappelli-come-gusci-accessori-moda\/","title":{"rendered":"Cappellini come accessorio di moda"},"content":{"rendered":"<p>Il berretto \u00e8 parte integrante dell'outfit. Di certo non si abbina a <strong><a href=\"https:\/\/regbu.com\/it\/causa-sociale-seleziona-ora\/\">a un abito formale<\/a><\/strong>ma si pu\u00f2 utilizzare in molte altre situazioni. Come altri capi di abbigliamento, questo top ha diverse varianti. Ve ne presentiamo alcune in dettaglio. Vi diremo anche quale berretto scegliere in base alla forma del vostro viso.<\/p>\n\n\n\n<ul class=\"wp-block-list\">\n<li>Baret<\/li>\n\n\n\n<li>Cappello<\/li>\n\n\n\n<li>Kulich<\/li>\n<\/ul>\n\n\n\n<p>Oltre a questi tipi di tappi di base, se ne possono trovare anche di atipici. Ad esempio <strong>chaka, solideo, biretta, papacha e berretto da notte<\/strong>. Questo segmento comprende anche una cuffia da bagno, ma non la indosserete in compagnia.<\/p>\n\n\n\n<h2 class=\"wp-block-heading\">Conoscere i tappi dalla A alla Z<\/h2>\n\n\n\n<p>Non ci sono limiti in termini di design finale dei tappi. Il loro design vario contribuisce alla divisione di base. Tipici sono, ad esempio <strong>tappi caduti<\/strong>che non sono cos\u00ec sporgenti sulla canna e sono pi\u00f9 spostati verso la parte posteriore. Ci sono poi i berretti con l'inconfondibile pompon, ma anche quelli bassi. Si possono trovare anche berretti aderenti, baschi o varianti invernali con visiera. I modelli costruiti e stampati sono un capitolo a s\u00e9.<\/p>\n\n\n\n<h3 class=\"wp-block-heading\">Selezione per forma del viso<\/h3>\n\n\n\n<p>Se volete che il vostro nuovo modello di berretto si adatti al meglio alle vostre esigenze, <em>scegliere in base alla forma del proprio viso<\/em>. Ognuno di essi \u00e8 adatto a una versione diversa di questa tomaia. Scoprite di pi\u00f9 con le domande e le risposte qui sotto.<\/p>\n\n\n\n<div class=\"schema-faq wp-block-yoast-faq-block\"><div class=\"schema-faq-section\" id=\"faq-question-1688999629972\"><strong class=\"schema-faq-question\">Quale cappello scegliere per un viso ovale?<\/strong> <p class=\"schema-faq-answer\">Questo tipo di facciale pu\u00f2 essere definito universale e fondamentalmente il migliore. Potete utilizzare qualsiasi cappuccio senza alcuna limitazione. In breve, quello che pi\u00f9 vi piace.<\/p> <\/div> <div class=\"schema-faq-section\" id=\"faq-question-1688999638865\"><strong class=\"schema-faq-question\">Qual \u00e8 la calotta ideale per un viso quadrato?<\/strong> <p class=\"schema-faq-answer\">In questo caso, dovreste scegliere modelli piuttosto alti. Potete compensare l'altezza con il pompon originale.<\/p> <\/div> <div class=\"schema-faq-section\" id=\"faq-question-1688999645906\"><strong class=\"schema-faq-question\">Cosa mettere su un viso rotondo?<\/strong> <p class=\"schema-faq-answer\">Date a un viso rotondo uno stile pi\u00f9 sciolto. Puntate su modelli asimmetrici, che aumenteranno la vostra bellezza.<\/p> <\/div> <div class=\"schema-faq-section\" id=\"faq-question-1688999653863\"><strong class=\"schema-faq-question\">Che ne dite di un viso triangolare?<\/strong> <p class=\"schema-faq-answer\">Con questo viso, potete affidarvi ai cappelli classici o scegliere quelli caduti.<\/p> <\/div> <div class=\"schema-faq-section\" id=\"faq-question-1688999663780\"><strong class=\"schema-faq-question\">Cosa indossare con un viso a forma di cuore?<\/strong> <p class=\"schema-faq-answer\">In questo caso, vale pi\u00f9 o meno lo stesso discorso fatto per il viso triangolare. Non \u00e8 nemmeno necessario evitare i proverbiali paraorecchie.<\/p> <\/div> <\/div>","protected":false},"excerpt":{"rendered":"<p>Il berretto \u00e8 parte integrante dell'abbigliamento. Sicuramente non si abbina a un abito formale, ma si pu\u00f2 usare in molte altre situazioni. Proprio come altri capi di abbigliamento, questo top ha diverse varianti. Ve ne presentiamo alcune in dettaglio. Vi diremo anche quale berretto scegliere in base alla forma del vostro viso. Oltre a questi tipi di berretti di base, \u00e8 possibile ... <\/p>","protected":false},"author":2,"featured_media":994,"comment_status":"closed","ping_status":"closed","sticky":false,"template":"","format":"standard","meta":{"footnotes":""},"categories":[671],"tags":[988,992,994,987,989,991,979,990,993,980],"class_list":["post-993","post","type-post","status-publish","format-standard","has-post-thumbnail","hentry","category-moda","tag-baret","tag-bekovka","tag-biret","tag-cepice","tag-ksiltovka","tag-kulich","tag-oblicej","tag-spadle-cepice","tag-tvar-obliceje","tag-typ-obliceje"],"yoast_head":"<!-- This site is optimized with the Yoast SEO plugin v27.5 - https:\/\/yoast.com\/product\/yoast-seo-wordpress\/ -->\n<title>\u010cepice jako skv\u011bl\u00fd m\u00f3dn\u00ed dopln\u011bk - REGBU.COM<\/title>\n<meta name=\"description\" content=\"Nev\u00edte, jak\u00e9 zvolit \u010depice na hlavu? Pak vych\u00e1zejte z tvaru sv\u00e9ho obli\u010deje. Ten V\u00e1m v tomto sm\u011bru hodn\u011b napov\u00ed.\" \/>\n<meta name=\"robots\" content=\"index, follow, max-snippet:-1, max-image-preview:large, max-video-preview:-1\" \/>\n<link rel=\"canonical\" href=\"https:\/\/regbu.com\/it\/cappelli-come-gusci-accessori-moda\/\" \/>\n<meta property=\"og:locale\" content=\"it_IT\" \/>\n<meta property=\"og:type\" content=\"article\" \/>\n<meta property=\"og:title\" content=\"\u010cepice jako skv\u011bl\u00fd m\u00f3dn\u00ed dopln\u011bk - REGBU.COM\" \/>\n<meta property=\"og:description\" content=\"Nev\u00edte, jak\u00e9 zvolit \u010depice na hlavu? Pak vych\u00e1zejte z tvaru sv\u00e9ho obli\u010deje. Ten V\u00e1m v tomto sm\u011bru hodn\u011b napov\u00ed.\" \/>\n<meta property=\"og:url\" content=\"https:\/\/regbu.com\/it\/cappelli-come-gusci-accessori-moda\/\" \/>\n<meta property=\"og:site_name\" content=\"REGBU.COM\" \/>\n<meta property=\"article:published_time\" content=\"2023-07-10T14:36:29+00:00\" \/>\n<meta property=\"article:modified_time\" content=\"2025-09-05T05:41:25+00:00\" \/>\n<meta property=\"og:image\" content=\"https:\/\/regbu.com\/wp-content\/uploads\/2023\/07\/cepice-jako-skvely-modni-doplnek.jpg\" \/>\n\t<meta property=\"og:image:width\" content=\"1200\" \/>\n\t<meta property=\"og:image:height\" content=\"678\" \/>\n\t<meta property=\"og:image:type\" content=\"image\/jpeg\" \/>\n<meta name=\"author\" content=\"George Martin\" \/>\n<meta name=\"twitter:card\" content=\"summary_large_image\" \/>\n<meta name=\"twitter:label1\" content=\"Scritto da\" \/>\n\t<meta name=\"twitter:data1\" content=\"George Martin\" \/>\n\t<meta name=\"twitter:label2\" content=\"Tempo di lettura stimato\" \/>\n\t<meta name=\"twitter:data2\" content=\"2 minuti\" \/>\n<script type=\"application\/ld+json\" class=\"yoast-schema-graph\">{\"@context\":\"https:\\\/\\\/schema.org\",\"@graph\":[{\"@type\":\"Article\",\"@id\":\"https:\\\/\\\/regbu.com\\\/it\\\/cappelli-come-gusci-accessori-moda\\\/#article\",\"isPartOf\":{\"@id\":\"https:\\\/\\\/regbu.com\\\/it\\\/cappelli-come-gusci-accessori-moda\\\/\"},\"author\":{\"name\":\"George Martin\",\"@id\":\"https:\\\/\\\/regbu.com\\\/en\\\/#\\\/schema\\\/person\\\/94ea9deda2629771b8a9ced002f6784e\"},\"headline\":\"\u010cepice jako skv\u011bl\u00fd m\u00f3dn\u00ed dopln\u011bk\",\"datePublished\":\"2023-07-10T14:36:29+00:00\",\"dateModified\":\"2025-09-05T05:41:25+00:00\",\"mainEntityOfPage\":{\"@id\":\"https:\\\/\\\/regbu.com\\\/it\\\/cappelli-come-gusci-accessori-moda\\\/\"},\"wordCount\":451,\"image\":{\"@id\":\"https:\\\/\\\/regbu.com\\\/it\\\/cappelli-come-gusci-accessori-moda\\\/#primaryimage\"},\"thumbnailUrl\":\"https:\\\/\\\/regbu.com\\\/wp-content\\\/uploads\\\/2023\\\/07\\\/cepice-jako-skvely-modni-doplnek.jpg\",\"keywords\":[\"baret\",\"bekovka\",\"biret\",\"\u010depice\",\"k\u0161iltovka\",\"kulich\",\"obli\u010dej\",\"spadl\u00e9 \u010depice\",\"tvar obli\u010deje\",\"typ obli\u010deje\"],\"articleSection\":[\"M\u00f3da\"],\"inLanguage\":\"it-IT\"},{\"@type\":[\"WebPage\",\"FAQPage\"],\"@id\":\"https:\\\/\\\/regbu.com\\\/it\\\/cappelli-come-gusci-accessori-moda\\\/\",\"url\":\"https:\\\/\\\/regbu.com\\\/it\\\/cappelli-come-gusci-accessori-moda\\\/\",\"name\":\"\u010cepice jako skv\u011bl\u00fd m\u00f3dn\u00ed dopln\u011bk - REGBU.COM\",\"isPartOf\":{\"@id\":\"https:\\\/\\\/regbu.com\\\/en\\\/#website\"},\"primaryImageOfPage\":{\"@id\":\"https:\\\/\\\/regbu.com\\\/it\\\/cappelli-come-gusci-accessori-moda\\\/#primaryimage\"},\"image\":{\"@id\":\"https:\\\/\\\/regbu.com\\\/it\\\/cappelli-come-gusci-accessori-moda\\\/#primaryimage\"},\"thumbnailUrl\":\"https:\\\/\\\/regbu.com\\\/wp-content\\\/uploads\\\/2023\\\/07\\\/cepice-jako-skvely-modni-doplnek.jpg\",\"datePublished\":\"2023-07-10T14:36:29+00:00\",\"dateModified\":\"2025-09-05T05:41:25+00:00\",\"author\":{\"@id\":\"https:\\\/\\\/regbu.com\\\/en\\\/#\\\/schema\\\/person\\\/94ea9deda2629771b8a9ced002f6784e\"},\"description\":\"Nev\u00edte, jak\u00e9 zvolit \u010depice na hlavu? Pak vych\u00e1zejte z tvaru sv\u00e9ho obli\u010deje. Ten V\u00e1m v tomto sm\u011bru hodn\u011b napov\u00ed.\",\"breadcrumb\":{\"@id\":\"https:\\\/\\\/regbu.com\\\/it\\\/cappelli-come-gusci-accessori-moda\\\/#breadcrumb\"},\"mainEntity\":[{\"@id\":\"https:\\\/\\\/regbu.com\\\/it\\\/cappelli-come-gusci-accessori-moda\\\/#faq-question-1688999629972\"},{\"@id\":\"https:\\\/\\\/regbu.com\\\/it\\\/cappelli-come-gusci-accessori-moda\\\/#faq-question-1688999638865\"},{\"@id\":\"https:\\\/\\\/regbu.com\\\/it\\\/cappelli-come-gusci-accessori-moda\\\/#faq-question-1688999645906\"},{\"@id\":\"https:\\\/\\\/regbu.com\\\/it\\\/cappelli-come-gusci-accessori-moda\\\/#faq-question-1688999653863\"},{\"@id\":\"https:\\\/\\\/regbu.com\\\/it\\\/cappelli-come-gusci-accessori-moda\\\/#faq-question-1688999663780\"}],\"inLanguage\":\"it-IT\",\"potentialAction\":[{\"@type\":\"ReadAction\",\"target\":[\"https:\\\/\\\/regbu.com\\\/it\\\/cappelli-come-gusci-accessori-moda\\\/\"]}]},{\"@type\":\"ImageObject\",\"inLanguage\":\"it-IT\",\"@id\":\"https:\\\/\\\/regbu.com\\\/it\\\/cappelli-come-gusci-accessori-moda\\\/#primaryimage\",\"url\":\"https:\\\/\\\/regbu.com\\\/wp-content\\\/uploads\\\/2023\\\/07\\\/cepice-jako-skvely-modni-doplnek.jpg\",\"contentUrl\":\"https:\\\/\\\/regbu.com\\\/wp-content\\\/uploads\\\/2023\\\/07\\\/cepice-jako-skvely-modni-doplnek.jpg\",\"width\":1200,\"height\":678,\"caption\":\"\u010cepice jako skv\u011bl\u00fd m\u00f3dn\u00ed dopln\u011bk\"},{\"@type\":\"BreadcrumbList\",\"@id\":\"https:\\\/\\\/regbu.com\\\/it\\\/cappelli-come-gusci-accessori-moda\\\/#breadcrumb\",\"itemListElement\":[{\"@type\":\"ListItem\",\"position\":1,\"name\":\"Home\",\"item\":\"https:\\\/\\\/regbu.com\\\/en\\\/\"},{\"@type\":\"ListItem\",\"position\":2,\"name\":\"\u010cepice jako skv\u011bl\u00fd m\u00f3dn\u00ed dopln\u011bk\"}]},{\"@type\":\"WebSite\",\"@id\":\"https:\\\/\\\/regbu.com\\\/en\\\/#website\",\"url\":\"https:\\\/\\\/regbu.com\\\/en\\\/\",\"name\":\"REGBU.COM\",\"description\":\"\",\"potentialAction\":[{\"@type\":\"SearchAction\",\"target\":{\"@type\":\"EntryPoint\",\"urlTemplate\":\"https:\\\/\\\/regbu.com\\\/en\\\/?s={search_term_string}\"},\"query-input\":{\"@type\":\"PropertyValueSpecification\",\"valueRequired\":true,\"valueName\":\"search_term_string\"}}],\"inLanguage\":\"it-IT\"},{\"@type\":\"Person\",\"@id\":\"https:\\\/\\\/regbu.com\\\/en\\\/#\\\/schema\\\/person\\\/94ea9deda2629771b8a9ced002f6784e\",\"name\":\"George Martin\",\"url\":\"https:\\\/\\\/regbu.com\\\/it\\\/author\\\/george-martin\\\/\"},{\"@type\":\"Question\",\"@id\":\"https:\\\/\\\/regbu.com\\\/it\\\/cappelli-come-gusci-accessori-moda\\\/#faq-question-1688999629972\",\"position\":1,\"url\":\"https:\\\/\\\/regbu.com\\\/it\\\/cappelli-come-gusci-accessori-moda\\\/#faq-question-1688999629972\",\"name\":\"Jakou zvolit \u010depici pro ov\u00e1ln\u00fd obli\u010dej?\",\"answerCount\":1,\"acceptedAnswer\":{\"@type\":\"Answer\",\"text\":\"Tento typ obli\u010deje lze ozna\u010dit za univerz\u00e1ln\u00ed a v podstat\u011b nejlep\u0161\u00ed. Pou\u017e\u00edt m\u016f\u017eete libovolnou \u010depku bez jak\u00e9hokoliv omezov\u00e1n\u00ed. Zkr\u00e1tka, co se V\u00e1m l\u00edb\u00ed nejv\u00edce.\",\"inLanguage\":\"it-IT\"},\"inLanguage\":\"it-IT\"},{\"@type\":\"Question\",\"@id\":\"https:\\\/\\\/regbu.com\\\/it\\\/cappelli-come-gusci-accessori-moda\\\/#faq-question-1688999638865\",\"position\":2,\"url\":\"https:\\\/\\\/regbu.com\\\/it\\\/cappelli-come-gusci-accessori-moda\\\/#faq-question-1688999638865\",\"name\":\"Jak\u00e1 je ide\u00e1ln\u00ed \u010depka pro hranat\u00fd obli\u010dej?\",\"answerCount\":1,\"acceptedAnswer\":{\"@type\":\"Answer\",\"text\":\"V tomto p\u0159\u00edpad\u011b byste m\u011bli zvolit sp\u00ed\u0161e vysok\u00e9 modely. V\u00fd\u0161ku m\u016f\u017eete dohnat origin\u00e1ln\u00ed bambul\u00ed.\",\"inLanguage\":\"it-IT\"},\"inLanguage\":\"it-IT\"},{\"@type\":\"Question\",\"@id\":\"https:\\\/\\\/regbu.com\\\/it\\\/cappelli-come-gusci-accessori-moda\\\/#faq-question-1688999645906\",\"position\":3,\"url\":\"https:\\\/\\\/regbu.com\\\/it\\\/cappelli-come-gusci-accessori-moda\\\/#faq-question-1688999645906\",\"name\":\"Co si nasadit na kulat\u00fd obli\u010dej?\",\"answerCount\":1,\"acceptedAnswer\":{\"@type\":\"Answer\",\"text\":\"Kulat\u00e9mu obli\u010deji dop\u0159ejte voln\u011bj\u0161\u00ed styl. Zam\u011b\u0159te se na asymetrick\u00e9 modely, kter\u00e9 V\u00e1m dodaj\u00ed na kr\u00e1se.\",\"inLanguage\":\"it-IT\"},\"inLanguage\":\"it-IT\"},{\"@type\":\"Question\",\"@id\":\"https:\\\/\\\/regbu.com\\\/it\\\/cappelli-come-gusci-accessori-moda\\\/#faq-question-1688999653863\",\"position\":4,\"url\":\"https:\\\/\\\/regbu.com\\\/it\\\/cappelli-come-gusci-accessori-moda\\\/#faq-question-1688999653863\",\"name\":\"Jak je to u troj\u00faheln\u00edkov\u00e9ho obli\u010deje?\",\"answerCount\":1,\"acceptedAnswer\":{\"@type\":\"Answer\",\"text\":\"S t\u00edmto obli\u010dejem se m\u016f\u017eete spolehnout na klasick\u00e9 \u010depice, pop\u0159\u00edpad\u011b zvol\u00edte ty spadl\u00e9.\",\"inLanguage\":\"it-IT\"},\"inLanguage\":\"it-IT\"},{\"@type\":\"Question\",\"@id\":\"https:\\\/\\\/regbu.com\\\/it\\\/cappelli-come-gusci-accessori-moda\\\/#faq-question-1688999663780\",\"position\":5,\"url\":\"https:\\\/\\\/regbu.com\\\/it\\\/cappelli-come-gusci-accessori-moda\\\/#faq-question-1688999663780\",\"name\":\"Co nosit s obli\u010dejem ve tvaru srdce?\",\"answerCount\":1,\"acceptedAnswer\":{\"@type\":\"Answer\",\"text\":\"Zde plat\u00ed v\u00edcem\u00e9n\u011b to sam\u00e9, jako u troj\u00faheln\u00edkov\u00e9ho obli\u010deje. Vyh\u00fdbat se nemus\u00edte ani pov\u011bstn\u00fdm klapk\u00e1m na u\u0161i.\",\"inLanguage\":\"it-IT\"},\"inLanguage\":\"it-IT\"}]}<\/script>\n<!-- \/ Yoast SEO plugin. -->","yoast_head_json":{"title":"I berretti come accessorio di moda - REGBU.COM","description":"Non sapete cosa scegliere per un berretto per la testa? Allora basatevi sulla forma del vostro viso. Vi dir\u00e0 molto a questo proposito.","robots":{"index":"index","follow":"follow","max-snippet":"max-snippet:-1","max-image-preview":"max-image-preview:large","max-video-preview":"max-video-preview:-1"},"canonical":"https:\/\/regbu.com\/it\/cappelli-come-gusci-accessori-moda\/","og_locale":"it_IT","og_type":"article","og_title":"\u010cepice jako skv\u011bl\u00fd m\u00f3dn\u00ed dopln\u011bk - REGBU.COM","og_description":"Nev\u00edte, jak\u00e9 zvolit \u010depice na hlavu? Pak vych\u00e1zejte z tvaru sv\u00e9ho obli\u010deje. Ten V\u00e1m v tomto sm\u011bru hodn\u011b napov\u00ed.","og_url":"https:\/\/regbu.com\/it\/cappelli-come-gusci-accessori-moda\/","og_site_name":"REGBU.COM","article_published_time":"2023-07-10T14:36:29+00:00","article_modified_time":"2025-09-05T05:41:25+00:00","og_image":[{"width":1200,"height":678,"url":"https:\/\/regbu.com\/wp-content\/uploads\/2023\/07\/cepice-jako-skvely-modni-doplnek.jpg","type":"image\/jpeg"}],"author":"George Martin","twitter_card":"summary_large_image","twitter_misc":{"Scritto da":"George Martin","Tempo di lettura stimato":"2 minuti"},"schema":{"@context":"https:\/\/schema.org","@graph":[{"@type":"Article","@id":"https:\/\/regbu.com\/it\/cappelli-come-gusci-accessori-moda\/#article","isPartOf":{"@id":"https:\/\/regbu.com\/it\/cappelli-come-gusci-accessori-moda\/"},"author":{"name":"George Martin","@id":"https:\/\/regbu.com\/en\/#\/schema\/person\/94ea9deda2629771b8a9ced002f6784e"},"headline":"\u010cepice jako skv\u011bl\u00fd m\u00f3dn\u00ed dopln\u011bk","datePublished":"2023-07-10T14:36:29+00:00","dateModified":"2025-09-05T05:41:25+00:00","mainEntityOfPage":{"@id":"https:\/\/regbu.com\/it\/cappelli-come-gusci-accessori-moda\/"},"wordCount":451,"image":{"@id":"https:\/\/regbu.com\/it\/cappelli-come-gusci-accessori-moda\/#primaryimage"},"thumbnailUrl":"https:\/\/regbu.com\/wp-content\/uploads\/2023\/07\/cepice-jako-skvely-modni-doplnek.jpg","keywords":["baret","bekovka","biret","\u010depice","k\u0161iltovka","kulich","obli\u010dej","spadl\u00e9 \u010depice","tvar obli\u010deje","typ obli\u010deje"],"articleSection":["M\u00f3da"],"inLanguage":"it-IT"},{"@type":["WebPage","FAQPage"],"@id":"https:\/\/regbu.com\/it\/cappelli-come-gusci-accessori-moda\/","url":"https:\/\/regbu.com\/it\/cappelli-come-gusci-accessori-moda\/","name":"I berretti come accessorio di moda - REGBU.COM","isPartOf":{"@id":"https:\/\/regbu.com\/en\/#website"},"primaryImageOfPage":{"@id":"https:\/\/regbu.com\/it\/cappelli-come-gusci-accessori-moda\/#primaryimage"},"image":{"@id":"https:\/\/regbu.com\/it\/cappelli-come-gusci-accessori-moda\/#primaryimage"},"thumbnailUrl":"https:\/\/regbu.com\/wp-content\/uploads\/2023\/07\/cepice-jako-skvely-modni-doplnek.jpg","datePublished":"2023-07-10T14:36:29+00:00","dateModified":"2025-09-05T05:41:25+00:00","author":{"@id":"https:\/\/regbu.com\/en\/#\/schema\/person\/94ea9deda2629771b8a9ced002f6784e"},"description":"Non sapete cosa scegliere per un berretto per la testa? Allora basatevi sulla forma del vostro viso. Vi dir\u00e0 molto a questo proposito.","breadcrumb":{"@id":"https:\/\/regbu.com\/it\/cappelli-come-gusci-accessori-moda\/#breadcrumb"},"mainEntity":[{"@id":"https:\/\/regbu.com\/it\/cappelli-come-gusci-accessori-moda\/#faq-question-1688999629972"},{"@id":"https:\/\/regbu.com\/it\/cappelli-come-gusci-accessori-moda\/#faq-question-1688999638865"},{"@id":"https:\/\/regbu.com\/it\/cappelli-come-gusci-accessori-moda\/#faq-question-1688999645906"},{"@id":"https:\/\/regbu.com\/it\/cappelli-come-gusci-accessori-moda\/#faq-question-1688999653863"},{"@id":"https:\/\/regbu.com\/it\/cappelli-come-gusci-accessori-moda\/#faq-question-1688999663780"}],"inLanguage":"it-IT","potentialAction":[{"@type":"ReadAction","target":["https:\/\/regbu.com\/it\/cappelli-come-gusci-accessori-moda\/"]}]},{"@type":"ImageObject","inLanguage":"it-IT","@id":"https:\/\/regbu.com\/it\/cappelli-come-gusci-accessori-moda\/#primaryimage","url":"https:\/\/regbu.com\/wp-content\/uploads\/2023\/07\/cepice-jako-skvely-modni-doplnek.jpg","contentUrl":"https:\/\/regbu.com\/wp-content\/uploads\/2023\/07\/cepice-jako-skvely-modni-doplnek.jpg","width":1200,"height":678,"caption":"\u010cepice jako skv\u011bl\u00fd m\u00f3dn\u00ed dopln\u011bk"},{"@type":"BreadcrumbList","@id":"https:\/\/regbu.com\/it\/cappelli-come-gusci-accessori-moda\/#breadcrumb","itemListElement":[{"@type":"ListItem","position":1,"name":"Home","item":"https:\/\/regbu.com\/en\/"},{"@type":"ListItem","position":2,"name":"\u010cepice jako skv\u011bl\u00fd m\u00f3dn\u00ed dopln\u011bk"}]},{"@type":"WebSite","@id":"https:\/\/regbu.com\/en\/#website","url":"https:\/\/regbu.com\/en\/","name":"REGBU.COM","description":"","potentialAction":[{"@type":"SearchAction","target":{"@type":"EntryPoint","urlTemplate":"https:\/\/regbu.com\/en\/?s={search_term_string}"},"query-input":{"@type":"PropertyValueSpecification","valueRequired":true,"valueName":"search_term_string"}}],"inLanguage":"it-IT"},{"@type":"Person","@id":"https:\/\/regbu.com\/en\/#\/schema\/person\/94ea9deda2629771b8a9ced002f6784e","name":"George Martin","url":"https:\/\/regbu.com\/it\/author\/george-martin\/"},{"@type":"Question","@id":"https:\/\/regbu.com\/it\/cappelli-come-gusci-accessori-moda\/#faq-question-1688999629972","position":1,"url":"https:\/\/regbu.com\/it\/cappelli-come-gusci-accessori-moda\/#faq-question-1688999629972","name":"Quale cappello scegliere per un viso ovale?","answerCount":1,"acceptedAnswer":{"@type":"Answer","text":"Tento typ obli\u010deje lze ozna\u010dit za univerz\u00e1ln\u00ed a v podstat\u011b nejlep\u0161\u00ed. Pou\u017e\u00edt m\u016f\u017eete libovolnou \u010depku bez jak\u00e9hokoliv omezov\u00e1n\u00ed. Zkr\u00e1tka, co se V\u00e1m l\u00edb\u00ed nejv\u00edce.","inLanguage":"it-IT"},"inLanguage":"it-IT"},{"@type":"Question","@id":"https:\/\/regbu.com\/it\/cappelli-come-gusci-accessori-moda\/#faq-question-1688999638865","position":2,"url":"https:\/\/regbu.com\/it\/cappelli-come-gusci-accessori-moda\/#faq-question-1688999638865","name":"Qual \u00e8 la calotta ideale per un viso quadrato?","answerCount":1,"acceptedAnswer":{"@type":"Answer","text":"V tomto p\u0159\u00edpad\u011b byste m\u011bli zvolit sp\u00ed\u0161e vysok\u00e9 modely. V\u00fd\u0161ku m\u016f\u017eete dohnat origin\u00e1ln\u00ed bambul\u00ed.","inLanguage":"it-IT"},"inLanguage":"it-IT"},{"@type":"Question","@id":"https:\/\/regbu.com\/it\/cappelli-come-gusci-accessori-moda\/#faq-question-1688999645906","position":3,"url":"https:\/\/regbu.com\/it\/cappelli-come-gusci-accessori-moda\/#faq-question-1688999645906","name":"Cosa mettere su un viso rotondo?","answerCount":1,"acceptedAnswer":{"@type":"Answer","text":"Kulat\u00e9mu obli\u010deji dop\u0159ejte voln\u011bj\u0161\u00ed styl. Zam\u011b\u0159te se na asymetrick\u00e9 modely, kter\u00e9 V\u00e1m dodaj\u00ed na kr\u00e1se.","inLanguage":"it-IT"},"inLanguage":"it-IT"},{"@type":"Question","@id":"https:\/\/regbu.com\/it\/cappelli-come-gusci-accessori-moda\/#faq-question-1688999653863","position":4,"url":"https:\/\/regbu.com\/it\/cappelli-come-gusci-accessori-moda\/#faq-question-1688999653863","name":"Che ne dite di un viso triangolare?","answerCount":1,"acceptedAnswer":{"@type":"Answer","text":"S t\u00edmto obli\u010dejem se m\u016f\u017eete spolehnout na klasick\u00e9 \u010depice, pop\u0159\u00edpad\u011b zvol\u00edte ty spadl\u00e9.","inLanguage":"it-IT"},"inLanguage":"it-IT"},{"@type":"Question","@id":"https:\/\/regbu.com\/it\/cappelli-come-gusci-accessori-moda\/#faq-question-1688999663780","position":5,"url":"https:\/\/regbu.com\/it\/cappelli-come-gusci-accessori-moda\/#faq-question-1688999663780","name":"Cosa indossare con un viso a forma di cuore?","answerCount":1,"acceptedAnswer":{"@type":"Answer","text":"Zde plat\u00ed v\u00edcem\u00e9n\u011b to sam\u00e9, jako u troj\u00faheln\u00edkov\u00e9ho obli\u010deje. Vyh\u00fdbat se nemus\u00edte ani pov\u011bstn\u00fdm klapk\u00e1m na u\u0161i.","inLanguage":"it-IT"},"inLanguage":"it-IT"}]}},"_links":{"self":[{"href":"https:\/\/regbu.com\/it\/wp-json\/wp\/v2\/posts\/993","targetHints":{"allow":["GET"]}}],"collection":[{"href":"https:\/\/regbu.com\/it\/wp-json\/wp\/v2\/posts"}],"about":[{"href":"https:\/\/regbu.com\/it\/wp-json\/wp\/v2\/types\/post"}],"author":[{"embeddable":true,"href":"https:\/\/regbu.com\/it\/wp-json\/wp\/v2\/users\/2"}],"replies":[{"embeddable":true,"href":"https:\/\/regbu.com\/it\/wp-json\/wp\/v2\/comments?post=993"}],"version-history":[{"count":2,"href":"https:\/\/regbu.com\/it\/wp-json\/wp\/v2\/posts\/993\/revisions"}],"predecessor-version":[{"id":1006,"href":"https:\/\/regbu.com\/it\/wp-json\/wp\/v2\/posts\/993\/revisions\/1006"}],"wp:featuredmedia":[{"embeddable":true,"href":"https:\/\/regbu.com\/it\/wp-json\/wp\/v2\/media\/994"}],"wp:attachment":[{"href":"https:\/\/regbu.com\/it\/wp-json\/wp\/v2\/media?parent=993"}],"wp:term":[{"taxonomy":"category","embeddable":true,"href":"https:\/\/regbu.com\/it\/wp-json\/wp\/v2\/categories?post=993"},{"taxonomy":"post_tag","embeddable":true,"href":"https:\/\/regbu.com\/it\/wp-json\/wp\/v2\/tags?post=993"}],"curies":[{"name":"wp","href":"https:\/\/api.w.org\/{rel}","templated":true}]}}