{"id":906,"date":"2023-06-20T14:02:38","date_gmt":"2023-06-20T12:02:38","guid":{"rendered":"https:\/\/regbu.com\/?p=906"},"modified":"2025-09-05T07:42:28","modified_gmt":"2025-09-05T05:42:28","slug":"vysokohorska-turistika-si-zada-vhodne-vybaveni","status":"publish","type":"post","link":"https:\/\/regbu.com\/it\/turismo-alpino-sei-responsabile-dellequipaggiamento-adeguato\/","title":{"rendered":"Le escursioni in alta montagna richiedono un equipaggiamento adeguato"},"content":{"rendered":"<p>L'escursionismo in montagna \u00e8 un'attivit\u00e0 fisica molto diffusa. La sua popolarit\u00e0 \u00e8 in costante crescita, in quanto sempre pi\u00f9 persone si recano in montagna alla ricerca di splendidi panorami, natura incontaminata e una buona dose di adrenalina. In alcuni casi, questa attivit\u00e0 pu\u00f2 essere classificata come <strong><a href=\"https:\/\/regbu.com\/it\/gli-sport-adrenalinici-sono-ancora-in-crescita\/\">sport adrenalinici<\/a><\/strong>. Se siete tentati dalle cime delle montagne, dovete prepararvi a fondo.<\/p>\n\n\n\n<ul class=\"wp-block-list\">\n<li>Abbigliamento funzionale<\/li>\n\n\n\n<li>Scarpe di qualit\u00e0<\/li>\n\n\n\n<li>Attrezzature indispensabili<\/li>\n<\/ul>\n\n\n\n<p>Se <strong>escursionismo alpino leggero o pesante<\/strong>, tutti gli accessori appropriati desiderati. Questi contribuiscono non solo al comfort generale, ma anche alla sicurezza.<\/p>\n\n\n\n<h2 class=\"wp-block-heading\">Stabilirsi in montagna<\/h2>\n\n\n\n<p>Se si sceglie di dormire in montagna, l'escursionismo alpino richiede una serie di cose in pi\u00f9. Esempi tipici sono <em>sacchi a pelo e tende<\/em>. Quando li scegliete, ricordate che state andando in condizioni estreme. Tenete conto del periodo dell'anno. Poi, uno zaino adatto, il cui volume dovrebbe essere di circa 30-50 litri.<\/p>\n\n\n\n<h3 class=\"wp-block-heading\">Escursioni in montagna in domande e risposte<\/h3>\n\n\n\n<p>Naturalmente, anche l'abbigliamento \u00e8 essenziale come base di ogni spedizione. <strong>Abbigliamento efficiente e funzionale<\/strong> \u00e8 composto da diversi strati, che spiegheremo in dettaglio nelle righe seguenti. Per cominciare, vi diremo che sono necessari almeno quattro strati.<\/p>\n\n\n\n<div class=\"schema-faq wp-block-yoast-faq-block\"><div class=\"schema-faq-section\" id=\"faq-question-1687262122873\"><strong class=\"schema-faq-question\">Cosa costituisce il primo strato?<\/strong> <p class=\"schema-faq-answer\">I capi base sono camicie a maniche lunghe da uomo e da donna, biancheria intima e simili. Tutto deve essere aderente al corpo.<\/p> <\/div> <div class=\"schema-faq-section\" id=\"faq-question-1687262134025\"><strong class=\"schema-faq-question\">Come si chiama il secondo strato?<\/strong> <p class=\"schema-faq-answer\">L'escursionismo in alta quota lo considera un isolamento leggero. Le felpe con cappuccio flessibili e sottili resistono ai venti moderati e ne sono una prova evidente.<\/p> <\/div> <div class=\"schema-faq-section\" id=\"faq-question-1687262144054\"><strong class=\"schema-faq-question\">Da cosa \u00e8 composto il terzo strato?<\/strong> <p class=\"schema-faq-answer\">Il pi\u00f9 delle volte si tratta di un softshell universale. Con il suo aiuto, \u00e8 possibile proteggersi anche dalla pioggia pi\u00f9 leggera.<\/p> <\/div> <div class=\"schema-faq-section\" id=\"faq-question-1687262153701\"><strong class=\"schema-faq-question\">Che aspetto ha il quarto strato?<\/strong> <p class=\"schema-faq-answer\">Questo strato viene definito hardshell. Si presenta sotto forma di pantaloni di alta qualit\u00e0 e di una giacca che richiede una protezione adeguata e una ventilazione sofisticata.<\/p> <\/div> <div class=\"schema-faq-section\" id=\"faq-question-1687262161243\"><strong class=\"schema-faq-question\">Quali scarpe scegliere per le escursioni?<\/strong> <p class=\"schema-faq-answer\">Scegliete le scarpe in base alla superficie specifica: neve, ghiaia, rocce, ecc. La base deve essere costituita da suole dure e resistenti che garantiscano il comfort sulle rocce. Deve essere presente una punta in gomma e un'allacciatura fino alla punta.<\/p> <\/div> <\/div>","protected":false},"excerpt":{"rendered":"<p>L'escursionismo in montagna \u00e8 un'attivit\u00e0 fisica molto diffusa. La sua popolarit\u00e0 \u00e8 in costante crescita, in quanto sempre pi\u00f9 persone si recano in montagna alla ricerca di splendidi panorami, natura incontaminata e una buona dose di adrenalina. In alcuni casi, questa attivit\u00e0 pu\u00f2 essere classificata come sport adrenalinico. Se siete tentati dalle vette, dovete prepararvi a fondo. Sia che ... <\/p>","protected":false},"author":2,"featured_media":907,"comment_status":"closed","ping_status":"closed","sticky":false,"template":"","format":"standard","meta":{"footnotes":""},"categories":[9],"tags":[823,825,822,824,728,828,821,827,826,820],"class_list":["post-906","post","type-post","status-publish","format-standard","has-post-thumbnail","hentry","category-sport","tag-boty","tag-funkcni-obleceni","tag-hory","tag-obleceni","tag-odev","tag-softshell","tag-turistika","tag-vrstva","tag-vybava","tag-vysokohorska-turistika"],"yoast_head":"<!-- This site is optimized with the Yoast SEO plugin v27.4 - https:\/\/yoast.com\/product\/yoast-seo-wordpress\/ -->\n<title>Vysokohorsk\u00e1 turistika si \u017e\u00e1d\u00e1 vhodn\u00e9 vybaven\u00ed - REGBU.COM<\/title>\n<meta name=\"description\" content=\"L\u00e1k\u00e1 V\u00e1s vysokohorsk\u00e1 turistika? Pak byste se na takovou aktivitu m\u011bli \u0159\u00e1dn\u00fdm zp\u016fsobem p\u0159ipravit. A to hlavn\u011b z pohledu vybaven\u00ed.\" \/>\n<meta name=\"robots\" content=\"index, follow, max-snippet:-1, max-image-preview:large, max-video-preview:-1\" \/>\n<link rel=\"canonical\" href=\"https:\/\/regbu.com\/it\/turismo-alpino-sei-responsabile-dellequipaggiamento-adeguato\/\" \/>\n<meta property=\"og:locale\" content=\"it_IT\" \/>\n<meta property=\"og:type\" content=\"article\" \/>\n<meta property=\"og:title\" content=\"Vysokohorsk\u00e1 turistika si \u017e\u00e1d\u00e1 vhodn\u00e9 vybaven\u00ed - REGBU.COM\" \/>\n<meta property=\"og:description\" content=\"L\u00e1k\u00e1 V\u00e1s vysokohorsk\u00e1 turistika? Pak byste se na takovou aktivitu m\u011bli \u0159\u00e1dn\u00fdm zp\u016fsobem p\u0159ipravit. A to hlavn\u011b z pohledu vybaven\u00ed.\" \/>\n<meta property=\"og:url\" content=\"https:\/\/regbu.com\/it\/turismo-alpino-sei-responsabile-dellequipaggiamento-adeguato\/\" \/>\n<meta property=\"og:site_name\" content=\"REGBU.COM\" \/>\n<meta property=\"article:published_time\" content=\"2023-06-20T12:02:38+00:00\" \/>\n<meta property=\"article:modified_time\" content=\"2025-09-05T05:42:28+00:00\" \/>\n<meta property=\"og:image\" content=\"https:\/\/regbu.com\/wp-content\/uploads\/2023\/06\/vysokohorska-turistika-si-zada-vhodne-vybaveni.jpg\" \/>\n\t<meta property=\"og:image:width\" content=\"1200\" \/>\n\t<meta property=\"og:image:height\" content=\"678\" \/>\n\t<meta property=\"og:image:type\" content=\"image\/jpeg\" \/>\n<meta name=\"author\" content=\"George Martin\" \/>\n<meta name=\"twitter:card\" content=\"summary_large_image\" \/>\n<meta name=\"twitter:label1\" content=\"Scritto da\" \/>\n\t<meta name=\"twitter:data1\" content=\"George Martin\" \/>\n\t<meta name=\"twitter:label2\" content=\"Tempo di lettura stimato\" \/>\n\t<meta name=\"twitter:data2\" content=\"2 minuti\" \/>\n<script type=\"application\/ld+json\" class=\"yoast-schema-graph\">{\"@context\":\"https:\\\/\\\/schema.org\",\"@graph\":[{\"@type\":\"Article\",\"@id\":\"https:\\\/\\\/regbu.com\\\/it\\\/turismo-alpino-sei-responsabile-dellequipaggiamento-adeguato\\\/#article\",\"isPartOf\":{\"@id\":\"https:\\\/\\\/regbu.com\\\/it\\\/turismo-alpino-sei-responsabile-dellequipaggiamento-adeguato\\\/\"},\"author\":{\"name\":\"George Martin\",\"@id\":\"https:\\\/\\\/regbu.com\\\/en\\\/#\\\/schema\\\/person\\\/94ea9deda2629771b8a9ced002f6784e\"},\"headline\":\"Vysokohorsk\u00e1 turistika si \u017e\u00e1d\u00e1 vhodn\u00e9 vybaven\u00ed\",\"datePublished\":\"2023-06-20T12:02:38+00:00\",\"dateModified\":\"2025-09-05T05:42:28+00:00\",\"mainEntityOfPage\":{\"@id\":\"https:\\\/\\\/regbu.com\\\/it\\\/turismo-alpino-sei-responsabile-dellequipaggiamento-adeguato\\\/\"},\"wordCount\":459,\"image\":{\"@id\":\"https:\\\/\\\/regbu.com\\\/it\\\/turismo-alpino-sei-responsabile-dellequipaggiamento-adeguato\\\/#primaryimage\"},\"thumbnailUrl\":\"https:\\\/\\\/regbu.com\\\/wp-content\\\/uploads\\\/2023\\\/06\\\/vysokohorska-turistika-si-zada-vhodne-vybaveni.jpg\",\"keywords\":[\"boty\",\"funk\u010dn\u00ed oble\u010den\u00ed\",\"hory\",\"oble\u010den\u00ed\",\"od\u011bv\",\"softshell\",\"turistika\",\"vrstva\",\"v\u00fdbava\",\"vysokohorsk\u00e1 turistika\"],\"articleSection\":[\"Sport\"],\"inLanguage\":\"it-IT\"},{\"@type\":[\"WebPage\",\"FAQPage\"],\"@id\":\"https:\\\/\\\/regbu.com\\\/it\\\/turismo-alpino-sei-responsabile-dellequipaggiamento-adeguato\\\/\",\"url\":\"https:\\\/\\\/regbu.com\\\/it\\\/turismo-alpino-sei-responsabile-dellequipaggiamento-adeguato\\\/\",\"name\":\"Vysokohorsk\u00e1 turistika si \u017e\u00e1d\u00e1 vhodn\u00e9 vybaven\u00ed - REGBU.COM\",\"isPartOf\":{\"@id\":\"https:\\\/\\\/regbu.com\\\/en\\\/#website\"},\"primaryImageOfPage\":{\"@id\":\"https:\\\/\\\/regbu.com\\\/it\\\/turismo-alpino-sei-responsabile-dellequipaggiamento-adeguato\\\/#primaryimage\"},\"image\":{\"@id\":\"https:\\\/\\\/regbu.com\\\/it\\\/turismo-alpino-sei-responsabile-dellequipaggiamento-adeguato\\\/#primaryimage\"},\"thumbnailUrl\":\"https:\\\/\\\/regbu.com\\\/wp-content\\\/uploads\\\/2023\\\/06\\\/vysokohorska-turistika-si-zada-vhodne-vybaveni.jpg\",\"datePublished\":\"2023-06-20T12:02:38+00:00\",\"dateModified\":\"2025-09-05T05:42:28+00:00\",\"author\":{\"@id\":\"https:\\\/\\\/regbu.com\\\/en\\\/#\\\/schema\\\/person\\\/94ea9deda2629771b8a9ced002f6784e\"},\"description\":\"L\u00e1k\u00e1 V\u00e1s vysokohorsk\u00e1 turistika? Pak byste se na takovou aktivitu m\u011bli \u0159\u00e1dn\u00fdm zp\u016fsobem p\u0159ipravit. A to hlavn\u011b z pohledu vybaven\u00ed.\",\"breadcrumb\":{\"@id\":\"https:\\\/\\\/regbu.com\\\/it\\\/turismo-alpino-sei-responsabile-dellequipaggiamento-adeguato\\\/#breadcrumb\"},\"mainEntity\":[{\"@id\":\"https:\\\/\\\/regbu.com\\\/it\\\/turismo-alpino-sei-responsabile-dellequipaggiamento-adeguato\\\/#faq-question-1687262122873\"},{\"@id\":\"https:\\\/\\\/regbu.com\\\/it\\\/turismo-alpino-sei-responsabile-dellequipaggiamento-adeguato\\\/#faq-question-1687262134025\"},{\"@id\":\"https:\\\/\\\/regbu.com\\\/it\\\/turismo-alpino-sei-responsabile-dellequipaggiamento-adeguato\\\/#faq-question-1687262144054\"},{\"@id\":\"https:\\\/\\\/regbu.com\\\/it\\\/turismo-alpino-sei-responsabile-dellequipaggiamento-adeguato\\\/#faq-question-1687262153701\"},{\"@id\":\"https:\\\/\\\/regbu.com\\\/it\\\/turismo-alpino-sei-responsabile-dellequipaggiamento-adeguato\\\/#faq-question-1687262161243\"}],\"inLanguage\":\"it-IT\",\"potentialAction\":[{\"@type\":\"ReadAction\",\"target\":[\"https:\\\/\\\/regbu.com\\\/it\\\/turismo-alpino-sei-responsabile-dellequipaggiamento-adeguato\\\/\"]}]},{\"@type\":\"ImageObject\",\"inLanguage\":\"it-IT\",\"@id\":\"https:\\\/\\\/regbu.com\\\/it\\\/turismo-alpino-sei-responsabile-dellequipaggiamento-adeguato\\\/#primaryimage\",\"url\":\"https:\\\/\\\/regbu.com\\\/wp-content\\\/uploads\\\/2023\\\/06\\\/vysokohorska-turistika-si-zada-vhodne-vybaveni.jpg\",\"contentUrl\":\"https:\\\/\\\/regbu.com\\\/wp-content\\\/uploads\\\/2023\\\/06\\\/vysokohorska-turistika-si-zada-vhodne-vybaveni.jpg\",\"width\":1200,\"height\":678,\"caption\":\"Vysokohorsk\u00e1 turistika si \u017e\u00e1d\u00e1 vhodn\u00e9 vybaven\u00ed\"},{\"@type\":\"BreadcrumbList\",\"@id\":\"https:\\\/\\\/regbu.com\\\/it\\\/turismo-alpino-sei-responsabile-dellequipaggiamento-adeguato\\\/#breadcrumb\",\"itemListElement\":[{\"@type\":\"ListItem\",\"position\":1,\"name\":\"Home\",\"item\":\"https:\\\/\\\/regbu.com\\\/en\\\/\"},{\"@type\":\"ListItem\",\"position\":2,\"name\":\"Vysokohorsk\u00e1 turistika si \u017e\u00e1d\u00e1 vhodn\u00e9 vybaven\u00ed\"}]},{\"@type\":\"WebSite\",\"@id\":\"https:\\\/\\\/regbu.com\\\/en\\\/#website\",\"url\":\"https:\\\/\\\/regbu.com\\\/en\\\/\",\"name\":\"REGBU.COM\",\"description\":\"\",\"potentialAction\":[{\"@type\":\"SearchAction\",\"target\":{\"@type\":\"EntryPoint\",\"urlTemplate\":\"https:\\\/\\\/regbu.com\\\/en\\\/?s={search_term_string}\"},\"query-input\":{\"@type\":\"PropertyValueSpecification\",\"valueRequired\":true,\"valueName\":\"search_term_string\"}}],\"inLanguage\":\"it-IT\"},{\"@type\":\"Person\",\"@id\":\"https:\\\/\\\/regbu.com\\\/en\\\/#\\\/schema\\\/person\\\/94ea9deda2629771b8a9ced002f6784e\",\"name\":\"George Martin\",\"url\":\"https:\\\/\\\/regbu.com\\\/it\\\/author\\\/george-martin\\\/\"},{\"@type\":\"Question\",\"@id\":\"https:\\\/\\\/regbu.com\\\/it\\\/turismo-alpino-sei-responsabile-dellequipaggiamento-adeguato\\\/#faq-question-1687262122873\",\"position\":1,\"url\":\"https:\\\/\\\/regbu.com\\\/it\\\/turismo-alpino-sei-responsabile-dellequipaggiamento-adeguato\\\/#faq-question-1687262122873\",\"name\":\"Co tvo\u0159\u00ed prvn\u00ed vrstvu?\",\"answerCount\":1,\"acceptedAnswer\":{\"@type\":\"Answer\",\"text\":\"Z\u00e1kladem jsou p\u00e1nsk\u00e1 a d\u00e1msk\u00e1 trika s dlouh\u00fdm ruk\u00e1vem, spodn\u00ed pr\u00e1dlo a podobn\u011b. V\u0161e by m\u011blo b\u00fdt p\u0159il\u00e9hav\u00e9 na t\u011blo.\",\"inLanguage\":\"it-IT\"},\"inLanguage\":\"it-IT\"},{\"@type\":\"Question\",\"@id\":\"https:\\\/\\\/regbu.com\\\/it\\\/turismo-alpino-sei-responsabile-dellequipaggiamento-adeguato\\\/#faq-question-1687262134025\",\"position\":2,\"url\":\"https:\\\/\\\/regbu.com\\\/it\\\/turismo-alpino-sei-responsabile-dellequipaggiamento-adeguato\\\/#faq-question-1687262134025\",\"name\":\"Jak je naz\u00fdv\u00e1na druh\u00e1 vrstva?\",\"answerCount\":1,\"acceptedAnswer\":{\"@type\":\"Answer\",\"text\":\"Vysokohorsk\u00e1 turistika ji pova\u017euje za lehkou izolaci. Pru\u017en\u00e9 a tenk\u00e9 mikiny s kapuc\u00ed odol\u00e1vaj\u00edc\u00ed m\u00edrn\u00e9mu v\u011btru jsou toho jasn\u00fdm d\u016fkazem.\",\"inLanguage\":\"it-IT\"},\"inLanguage\":\"it-IT\"},{\"@type\":\"Question\",\"@id\":\"https:\\\/\\\/regbu.com\\\/it\\\/turismo-alpino-sei-responsabile-dellequipaggiamento-adeguato\\\/#faq-question-1687262144054\",\"position\":3,\"url\":\"https:\\\/\\\/regbu.com\\\/it\\\/turismo-alpino-sei-responsabile-dellequipaggiamento-adeguato\\\/#faq-question-1687262144054\",\"name\":\"Z \u010deho se skl\u00e1d\u00e1 t\u0159et\u00ed vrstva?\",\"answerCount\":1,\"acceptedAnswer\":{\"@type\":\"Answer\",\"text\":\"Nej\u010dast\u011bji je to univerz\u00e1ln\u00ed softshell. S pomoc\u00ed n\u011bho se ochr\u00e1n\u00edte i p\u0159ed leh\u010d\u00edm de\u0161t\u011bm.\",\"inLanguage\":\"it-IT\"},\"inLanguage\":\"it-IT\"},{\"@type\":\"Question\",\"@id\":\"https:\\\/\\\/regbu.com\\\/it\\\/turismo-alpino-sei-responsabile-dellequipaggiamento-adeguato\\\/#faq-question-1687262153701\",\"position\":4,\"url\":\"https:\\\/\\\/regbu.com\\\/it\\\/turismo-alpino-sei-responsabile-dellequipaggiamento-adeguato\\\/#faq-question-1687262153701\",\"name\":\"Jak vypad\u00e1 \u010dtvrt\u00e1 vrstva?\",\"answerCount\":1,\"acceptedAnswer\":{\"@type\":\"Answer\",\"text\":\"Tato vrstva je ozna\u010dov\u00e1na, jako hardshell. M\u00e1 podobu kvalitn\u00edch kalhot a bundy, u n\u00ed\u017e je vy\u017eadov\u00e1na pat\u0159i\u010dn\u00e1 ochrana a d\u016fmysln\u00e9 v\u011btr\u00e1n\u00ed.\",\"inLanguage\":\"it-IT\"},\"inLanguage\":\"it-IT\"},{\"@type\":\"Question\",\"@id\":\"https:\\\/\\\/regbu.com\\\/it\\\/turismo-alpino-sei-responsabile-dellequipaggiamento-adeguato\\\/#faq-question-1687262161243\",\"position\":5,\"url\":\"https:\\\/\\\/regbu.com\\\/it\\\/turismo-alpino-sei-responsabile-dellequipaggiamento-adeguato\\\/#faq-question-1687262161243\",\"name\":\"Jak\u00e9 zvolit boty na vysokohorskou turistiku?\",\"answerCount\":1,\"acceptedAnswer\":{\"@type\":\"Answer\",\"text\":\"Boty vyb\u00edrejte podle konkr\u00e9tn\u00edho povrchu \u2013 sn\u00edh, \u0161otolina, skaliska apod. Z\u00e1kladem mus\u00ed b\u00fdt tvrd\u00e1 a odoln\u00e1 podr\u00e1\u017eka p\u0159in\u00e1\u0161ej\u00edc\u00ed pohodl\u00ed na kamenech. Chyb\u011bt nesm\u00ed gumov\u00e1 \u0161pi\u010dka a \u0161n\u011brov\u00e1n\u00ed a\u017e do \u0161pi\u010dky.\",\"inLanguage\":\"it-IT\"},\"inLanguage\":\"it-IT\"}]}<\/script>\n<!-- \/ Yoast SEO plugin. -->","yoast_head_json":{"title":"Le escursioni in alta montagna richiedono un equipaggiamento adeguato - REGBU.COM","description":"Siete interessati all'escursionismo alpino? Allora dovreste prepararvi per questa attivit\u00e0 in modo adeguato. Soprattutto per quanto riguarda l'attrezzatura.","robots":{"index":"index","follow":"follow","max-snippet":"max-snippet:-1","max-image-preview":"max-image-preview:large","max-video-preview":"max-video-preview:-1"},"canonical":"https:\/\/regbu.com\/it\/turismo-alpino-sei-responsabile-dellequipaggiamento-adeguato\/","og_locale":"it_IT","og_type":"article","og_title":"Vysokohorsk\u00e1 turistika si \u017e\u00e1d\u00e1 vhodn\u00e9 vybaven\u00ed - REGBU.COM","og_description":"L\u00e1k\u00e1 V\u00e1s vysokohorsk\u00e1 turistika? Pak byste se na takovou aktivitu m\u011bli \u0159\u00e1dn\u00fdm zp\u016fsobem p\u0159ipravit. A to hlavn\u011b z pohledu vybaven\u00ed.","og_url":"https:\/\/regbu.com\/it\/turismo-alpino-sei-responsabile-dellequipaggiamento-adeguato\/","og_site_name":"REGBU.COM","article_published_time":"2023-06-20T12:02:38+00:00","article_modified_time":"2025-09-05T05:42:28+00:00","og_image":[{"width":1200,"height":678,"url":"https:\/\/regbu.com\/wp-content\/uploads\/2023\/06\/vysokohorska-turistika-si-zada-vhodne-vybaveni.jpg","type":"image\/jpeg"}],"author":"George Martin","twitter_card":"summary_large_image","twitter_misc":{"Scritto da":"George Martin","Tempo di lettura stimato":"2 minuti"},"schema":{"@context":"https:\/\/schema.org","@graph":[{"@type":"Article","@id":"https:\/\/regbu.com\/it\/turismo-alpino-sei-responsabile-dellequipaggiamento-adeguato\/#article","isPartOf":{"@id":"https:\/\/regbu.com\/it\/turismo-alpino-sei-responsabile-dellequipaggiamento-adeguato\/"},"author":{"name":"George Martin","@id":"https:\/\/regbu.com\/en\/#\/schema\/person\/94ea9deda2629771b8a9ced002f6784e"},"headline":"Vysokohorsk\u00e1 turistika si \u017e\u00e1d\u00e1 vhodn\u00e9 vybaven\u00ed","datePublished":"2023-06-20T12:02:38+00:00","dateModified":"2025-09-05T05:42:28+00:00","mainEntityOfPage":{"@id":"https:\/\/regbu.com\/it\/turismo-alpino-sei-responsabile-dellequipaggiamento-adeguato\/"},"wordCount":459,"image":{"@id":"https:\/\/regbu.com\/it\/turismo-alpino-sei-responsabile-dellequipaggiamento-adeguato\/#primaryimage"},"thumbnailUrl":"https:\/\/regbu.com\/wp-content\/uploads\/2023\/06\/vysokohorska-turistika-si-zada-vhodne-vybaveni.jpg","keywords":["boty","funk\u010dn\u00ed oble\u010den\u00ed","hory","oble\u010den\u00ed","od\u011bv","softshell","turistika","vrstva","v\u00fdbava","vysokohorsk\u00e1 turistika"],"articleSection":["Sport"],"inLanguage":"it-IT"},{"@type":["WebPage","FAQPage"],"@id":"https:\/\/regbu.com\/it\/turismo-alpino-sei-responsabile-dellequipaggiamento-adeguato\/","url":"https:\/\/regbu.com\/it\/turismo-alpino-sei-responsabile-dellequipaggiamento-adeguato\/","name":"Le escursioni in alta montagna richiedono un equipaggiamento adeguato - REGBU.COM","isPartOf":{"@id":"https:\/\/regbu.com\/en\/#website"},"primaryImageOfPage":{"@id":"https:\/\/regbu.com\/it\/turismo-alpino-sei-responsabile-dellequipaggiamento-adeguato\/#primaryimage"},"image":{"@id":"https:\/\/regbu.com\/it\/turismo-alpino-sei-responsabile-dellequipaggiamento-adeguato\/#primaryimage"},"thumbnailUrl":"https:\/\/regbu.com\/wp-content\/uploads\/2023\/06\/vysokohorska-turistika-si-zada-vhodne-vybaveni.jpg","datePublished":"2023-06-20T12:02:38+00:00","dateModified":"2025-09-05T05:42:28+00:00","author":{"@id":"https:\/\/regbu.com\/en\/#\/schema\/person\/94ea9deda2629771b8a9ced002f6784e"},"description":"Siete interessati all'escursionismo alpino? Allora dovreste prepararvi per questa attivit\u00e0 in modo adeguato. Soprattutto per quanto riguarda l'attrezzatura.","breadcrumb":{"@id":"https:\/\/regbu.com\/it\/turismo-alpino-sei-responsabile-dellequipaggiamento-adeguato\/#breadcrumb"},"mainEntity":[{"@id":"https:\/\/regbu.com\/it\/turismo-alpino-sei-responsabile-dellequipaggiamento-adeguato\/#faq-question-1687262122873"},{"@id":"https:\/\/regbu.com\/it\/turismo-alpino-sei-responsabile-dellequipaggiamento-adeguato\/#faq-question-1687262134025"},{"@id":"https:\/\/regbu.com\/it\/turismo-alpino-sei-responsabile-dellequipaggiamento-adeguato\/#faq-question-1687262144054"},{"@id":"https:\/\/regbu.com\/it\/turismo-alpino-sei-responsabile-dellequipaggiamento-adeguato\/#faq-question-1687262153701"},{"@id":"https:\/\/regbu.com\/it\/turismo-alpino-sei-responsabile-dellequipaggiamento-adeguato\/#faq-question-1687262161243"}],"inLanguage":"it-IT","potentialAction":[{"@type":"ReadAction","target":["https:\/\/regbu.com\/it\/turismo-alpino-sei-responsabile-dellequipaggiamento-adeguato\/"]}]},{"@type":"ImageObject","inLanguage":"it-IT","@id":"https:\/\/regbu.com\/it\/turismo-alpino-sei-responsabile-dellequipaggiamento-adeguato\/#primaryimage","url":"https:\/\/regbu.com\/wp-content\/uploads\/2023\/06\/vysokohorska-turistika-si-zada-vhodne-vybaveni.jpg","contentUrl":"https:\/\/regbu.com\/wp-content\/uploads\/2023\/06\/vysokohorska-turistika-si-zada-vhodne-vybaveni.jpg","width":1200,"height":678,"caption":"Vysokohorsk\u00e1 turistika si \u017e\u00e1d\u00e1 vhodn\u00e9 vybaven\u00ed"},{"@type":"BreadcrumbList","@id":"https:\/\/regbu.com\/it\/turismo-alpino-sei-responsabile-dellequipaggiamento-adeguato\/#breadcrumb","itemListElement":[{"@type":"ListItem","position":1,"name":"Home","item":"https:\/\/regbu.com\/en\/"},{"@type":"ListItem","position":2,"name":"Vysokohorsk\u00e1 turistika si \u017e\u00e1d\u00e1 vhodn\u00e9 vybaven\u00ed"}]},{"@type":"WebSite","@id":"https:\/\/regbu.com\/en\/#website","url":"https:\/\/regbu.com\/en\/","name":"REGBU.COM","description":"","potentialAction":[{"@type":"SearchAction","target":{"@type":"EntryPoint","urlTemplate":"https:\/\/regbu.com\/en\/?s={search_term_string}"},"query-input":{"@type":"PropertyValueSpecification","valueRequired":true,"valueName":"search_term_string"}}],"inLanguage":"it-IT"},{"@type":"Person","@id":"https:\/\/regbu.com\/en\/#\/schema\/person\/94ea9deda2629771b8a9ced002f6784e","name":"George Martin","url":"https:\/\/regbu.com\/it\/author\/george-martin\/"},{"@type":"Question","@id":"https:\/\/regbu.com\/it\/turismo-alpino-sei-responsabile-dellequipaggiamento-adeguato\/#faq-question-1687262122873","position":1,"url":"https:\/\/regbu.com\/it\/turismo-alpino-sei-responsabile-dellequipaggiamento-adeguato\/#faq-question-1687262122873","name":"Cosa costituisce il primo strato?","answerCount":1,"acceptedAnswer":{"@type":"Answer","text":"Z\u00e1kladem jsou p\u00e1nsk\u00e1 a d\u00e1msk\u00e1 trika s dlouh\u00fdm ruk\u00e1vem, spodn\u00ed pr\u00e1dlo a podobn\u011b. V\u0161e by m\u011blo b\u00fdt p\u0159il\u00e9hav\u00e9 na t\u011blo.","inLanguage":"it-IT"},"inLanguage":"it-IT"},{"@type":"Question","@id":"https:\/\/regbu.com\/it\/turismo-alpino-sei-responsabile-dellequipaggiamento-adeguato\/#faq-question-1687262134025","position":2,"url":"https:\/\/regbu.com\/it\/turismo-alpino-sei-responsabile-dellequipaggiamento-adeguato\/#faq-question-1687262134025","name":"Come si chiama il secondo strato?","answerCount":1,"acceptedAnswer":{"@type":"Answer","text":"Vysokohorsk\u00e1 turistika ji pova\u017euje za lehkou izolaci. Pru\u017en\u00e9 a tenk\u00e9 mikiny s kapuc\u00ed odol\u00e1vaj\u00edc\u00ed m\u00edrn\u00e9mu v\u011btru jsou toho jasn\u00fdm d\u016fkazem.","inLanguage":"it-IT"},"inLanguage":"it-IT"},{"@type":"Question","@id":"https:\/\/regbu.com\/it\/turismo-alpino-sei-responsabile-dellequipaggiamento-adeguato\/#faq-question-1687262144054","position":3,"url":"https:\/\/regbu.com\/it\/turismo-alpino-sei-responsabile-dellequipaggiamento-adeguato\/#faq-question-1687262144054","name":"Da cosa \u00e8 composto il terzo strato?","answerCount":1,"acceptedAnswer":{"@type":"Answer","text":"Nej\u010dast\u011bji je to univerz\u00e1ln\u00ed softshell. S pomoc\u00ed n\u011bho se ochr\u00e1n\u00edte i p\u0159ed leh\u010d\u00edm de\u0161t\u011bm.","inLanguage":"it-IT"},"inLanguage":"it-IT"},{"@type":"Question","@id":"https:\/\/regbu.com\/it\/turismo-alpino-sei-responsabile-dellequipaggiamento-adeguato\/#faq-question-1687262153701","position":4,"url":"https:\/\/regbu.com\/it\/turismo-alpino-sei-responsabile-dellequipaggiamento-adeguato\/#faq-question-1687262153701","name":"Che aspetto ha il quarto strato?","answerCount":1,"acceptedAnswer":{"@type":"Answer","text":"Tato vrstva je ozna\u010dov\u00e1na, jako hardshell. M\u00e1 podobu kvalitn\u00edch kalhot a bundy, u n\u00ed\u017e je vy\u017eadov\u00e1na pat\u0159i\u010dn\u00e1 ochrana a d\u016fmysln\u00e9 v\u011btr\u00e1n\u00ed.","inLanguage":"it-IT"},"inLanguage":"it-IT"},{"@type":"Question","@id":"https:\/\/regbu.com\/it\/turismo-alpino-sei-responsabile-dellequipaggiamento-adeguato\/#faq-question-1687262161243","position":5,"url":"https:\/\/regbu.com\/it\/turismo-alpino-sei-responsabile-dellequipaggiamento-adeguato\/#faq-question-1687262161243","name":"Quali scarpe scegliere per le escursioni?","answerCount":1,"acceptedAnswer":{"@type":"Answer","text":"Boty vyb\u00edrejte podle konkr\u00e9tn\u00edho povrchu \u2013 sn\u00edh, \u0161otolina, skaliska apod. Z\u00e1kladem mus\u00ed b\u00fdt tvrd\u00e1 a odoln\u00e1 podr\u00e1\u017eka p\u0159in\u00e1\u0161ej\u00edc\u00ed pohodl\u00ed na kamenech. Chyb\u011bt nesm\u00ed gumov\u00e1 \u0161pi\u010dka a \u0161n\u011brov\u00e1n\u00ed a\u017e do \u0161pi\u010dky.","inLanguage":"it-IT"},"inLanguage":"it-IT"}]}},"_links":{"self":[{"href":"https:\/\/regbu.com\/it\/wp-json\/wp\/v2\/posts\/906","targetHints":{"allow":["GET"]}}],"collection":[{"href":"https:\/\/regbu.com\/it\/wp-json\/wp\/v2\/posts"}],"about":[{"href":"https:\/\/regbu.com\/it\/wp-json\/wp\/v2\/types\/post"}],"author":[{"embeddable":true,"href":"https:\/\/regbu.com\/it\/wp-json\/wp\/v2\/users\/2"}],"replies":[{"embeddable":true,"href":"https:\/\/regbu.com\/it\/wp-json\/wp\/v2\/comments?post=906"}],"version-history":[{"count":2,"href":"https:\/\/regbu.com\/it\/wp-json\/wp\/v2\/posts\/906\/revisions"}],"predecessor-version":[{"id":920,"href":"https:\/\/regbu.com\/it\/wp-json\/wp\/v2\/posts\/906\/revisions\/920"}],"wp:featuredmedia":[{"embeddable":true,"href":"https:\/\/regbu.com\/it\/wp-json\/wp\/v2\/media\/907"}],"wp:attachment":[{"href":"https:\/\/regbu.com\/it\/wp-json\/wp\/v2\/media?parent=906"}],"wp:term":[{"taxonomy":"category","embeddable":true,"href":"https:\/\/regbu.com\/it\/wp-json\/wp\/v2\/categories?post=906"},{"taxonomy":"post_tag","embeddable":true,"href":"https:\/\/regbu.com\/it\/wp-json\/wp\/v2\/tags?post=906"}],"curies":[{"name":"wp","href":"https:\/\/api.w.org\/{rel}","templated":true}]}}