{"id":861,"date":"2023-06-19T18:28:21","date_gmt":"2023-06-19T16:28:21","guid":{"rendered":"https:\/\/regbu.com\/?p=861"},"modified":"2025-09-05T07:42:17","modified_gmt":"2025-09-05T05:42:17","slug":"uces-si-zvolte-podle-typu-postavy","status":"publish","type":"post","link":"https:\/\/regbu.com\/it\/umenti-a-scelta-per-tipo-di-carattere\/","title":{"rendered":"Scegliere l'acconciatura in base alla propria corporatura"},"content":{"rendered":"<p>L'acconciatura \u00e8 una delle cose a cui le donne generalmente tengono molto. E non c'\u00e8 da stupirsi, perch\u00e9 \u00e8 l'acconciatura che pu\u00f2 illuminare il viso e cambiare l'aspetto generale. Cos\u00ec come ci si veste in base <strong><a href=\"https:\/\/regbu.com\/it\/tipo-di-personaggio-decide-sulle-estati-estive\/\">tipo di corpo<\/a><\/strong>\u00e8 necessario pettinare i capelli in base ad essa. Molte di voi non se ne rendono conto, ma la fusione tra la vostra figura e l'acconciatura giusta porta a risultati molto positivi.<\/p>\n\n\n\n<h2 class=\"wp-block-heading\">Un'acconciatura che semplicemente vi ringiovanisce<\/h2>\n\n\n\n<p>Avete una figura dalle curve aggraziate, dominata soprattutto da un seno abbondante? Decidete allora se volete accentuare o eliminare questo vantaggio. Scegliete di conseguenza. <strong>acconciatura corta contro lunga con capelli mossi<\/strong>. Le seguenti domande e risposte vi diranno molto anche sulle acconciature.<\/p>\n\n\n\n<div class=\"schema-faq wp-block-yoast-faq-block\"><div class=\"schema-faq-section\" id=\"faq-question-1687191753296\"><strong class=\"schema-faq-question\">Quale acconciatura per un fisico atletico?<\/strong> <p class=\"schema-faq-answer\">Con questo personaggio, probabilmente non \u00e8 necessario corrugare la fronte. Qualsiasi stile di capelli \u00e8 adatto a voi. Che siano lisci, mossi, corti o lunghi.<\/p> <\/div> <div class=\"schema-faq-section\" id=\"faq-question-1687191760588\"><strong class=\"schema-faq-question\">Quali acconciature si usano per le donne pi\u00f9 grassottelle?<\/strong> <p class=\"schema-faq-answer\">In questo caso, dimenticate assolutamente i tagli di capelli corti. I tagli di capelli di media lunghezza e di altezza media sembrano molto pi\u00f9 adatti. Sostenete i ricci fini con un colore ben scelto.<\/p> <\/div> <div class=\"schema-faq-section\" id=\"faq-question-1687191768392\"><strong class=\"schema-faq-question\">Come devono pettinarsi le donne alte?<\/strong> <p class=\"schema-faq-answer\">In questo caso, \u00e8 bene accentuare la femminilit\u00e0, cosa che si pu\u00f2 fare con i capelli lunghi. Dovreste anche prendere in considerazione un'acconciatura con parrucchino.<\/p> <\/div> <div class=\"schema-faq-section\" id=\"faq-question-1687191776217\"><strong class=\"schema-faq-question\">Quali capelli non sono ideali per le donne con gambe lunghe e snelle?<\/strong> <p class=\"schema-faq-answer\">Evitate i tagli di capelli corti, che di solito non sono la scelta giusta. Inoltre, promuovono la mascolinit\u00e0 piuttosto che la femminilit\u00e0.<\/p> <\/div> <div class=\"schema-faq-section\" id=\"faq-question-1687191783717\"><strong class=\"schema-faq-question\">Quali sono i colori di capelli che snelliscono?<\/strong> <p class=\"schema-faq-answer\">Anche in questo caso vale lo stesso discorso fatto per i vestiti. Un colore pi\u00f9 scuro fa sembrare pi\u00f9 snelle, mentre un biondo chiaro appesantisce.<\/p> <\/div> <\/div>\n\n\n\n<h3 class=\"wp-block-heading\">Il parrucchiere vi consiglier\u00e0 sempre<\/h3>\n\n\n\n<p>\u00c8 vero che ogni donna \u00e8 una creatura individuale e ha le proprie idee sull'aspetto finale. Queste idee sono consi<strong> con un parrucchiere<\/strong>. Potete quindi combinare i suoi consigli con le regole presentate sopra. Un professionista di questo tipo vi aprir\u00e0 gli occhi e vi dar\u00e0 buoni consigli non solo sull'acconciatura specifica, ma anche sulla sua colorazione. Anche i piccoli dettagli giocano un ruolo fondamentale nella scelta del colore dei capelli. Si pu\u00f2 nominare il colore della pelle, degli occhi e cos\u00ec via. E questo, in breve, richiede la mano di un professionista esperto.<\/p>","protected":false},"excerpt":{"rendered":"<p>L'acconciatura \u00e8 una delle cose a cui le donne generalmente tengono molto. E non c'\u00e8 da stupirsi, perch\u00e9 \u00e8 l'acconciatura che pu\u00f2 illuminare il viso e cambiare l'aspetto generale. Cos\u00ec come ci si veste in base alla propria corporatura, si dovrebbe anche acconciare i capelli in base ad essa. Molte di voi non se ne rendono conto, ma la fusione tra corpo e ... <\/p>","protected":false},"author":2,"featured_media":862,"comment_status":"closed","ping_status":"closed","sticky":false,"template":"","format":"standard","meta":{"footnotes":""},"categories":[671],"tags":[746,747,745,743,734,748,733,741,742,744],"class_list":["post-861","post","type-post","status-publish","format-standard","has-post-thumbnail","hentry","category-moda","tag-blond","tag-cerne-vlasy","tag-dlouhe-vlasy","tag-kratky-uces","tag-postava","tag-sithle-zeny","tag-typ-postavy","tag-uces","tag-ucesy","tag-vlasy"],"yoast_head":"<!-- This site is optimized with the Yoast SEO plugin v27.4 - https:\/\/yoast.com\/product\/yoast-seo-wordpress\/ -->\n<title>\u00da\u010des si zvolte podle typu postavy - REGBU.COM<\/title>\n<meta name=\"description\" content=\"Nev\u00edte, jak\u00fd si nechat ud\u011blat \u00fa\u010des? Pak se V\u00e1m s nejv\u011bt\u0161\u0161\u00ed pravd\u011bpodobnost\u00ed stane vod\u00edtkem Va\u0161e vlastn\u00ed postava.\" \/>\n<meta name=\"robots\" content=\"index, follow, max-snippet:-1, max-image-preview:large, max-video-preview:-1\" \/>\n<link rel=\"canonical\" href=\"https:\/\/regbu.com\/it\/umenti-a-scelta-per-tipo-di-carattere\/\" \/>\n<meta property=\"og:locale\" content=\"it_IT\" \/>\n<meta property=\"og:type\" content=\"article\" \/>\n<meta property=\"og:title\" content=\"\u00da\u010des si zvolte podle typu postavy - REGBU.COM\" \/>\n<meta property=\"og:description\" content=\"Nev\u00edte, jak\u00fd si nechat ud\u011blat \u00fa\u010des? Pak se V\u00e1m s nejv\u011bt\u0161\u0161\u00ed pravd\u011bpodobnost\u00ed stane vod\u00edtkem Va\u0161e vlastn\u00ed postava.\" \/>\n<meta property=\"og:url\" content=\"https:\/\/regbu.com\/it\/umenti-a-scelta-per-tipo-di-carattere\/\" \/>\n<meta property=\"og:site_name\" content=\"REGBU.COM\" \/>\n<meta property=\"article:published_time\" content=\"2023-06-19T16:28:21+00:00\" \/>\n<meta property=\"article:modified_time\" content=\"2025-09-05T05:42:17+00:00\" \/>\n<meta property=\"og:image\" content=\"https:\/\/regbu.com\/wp-content\/uploads\/2023\/06\/uves-si-zvolte-podle-typu-postavy.jpg\" \/>\n\t<meta property=\"og:image:width\" content=\"1200\" \/>\n\t<meta property=\"og:image:height\" content=\"680\" \/>\n\t<meta property=\"og:image:type\" content=\"image\/jpeg\" \/>\n<meta name=\"author\" content=\"George Martin\" \/>\n<meta name=\"twitter:card\" content=\"summary_large_image\" \/>\n<meta name=\"twitter:label1\" content=\"Scritto da\" \/>\n\t<meta name=\"twitter:data1\" content=\"George Martin\" \/>\n\t<meta name=\"twitter:label2\" content=\"Tempo di lettura stimato\" \/>\n\t<meta name=\"twitter:data2\" content=\"2 minuti\" \/>\n<script type=\"application\/ld+json\" class=\"yoast-schema-graph\">{\"@context\":\"https:\\\/\\\/schema.org\",\"@graph\":[{\"@type\":\"Article\",\"@id\":\"https:\\\/\\\/regbu.com\\\/it\\\/umenti-a-scelta-per-tipo-di-carattere\\\/#article\",\"isPartOf\":{\"@id\":\"https:\\\/\\\/regbu.com\\\/it\\\/umenti-a-scelta-per-tipo-di-carattere\\\/\"},\"author\":{\"name\":\"George Martin\",\"@id\":\"https:\\\/\\\/regbu.com\\\/en\\\/#\\\/schema\\\/person\\\/94ea9deda2629771b8a9ced002f6784e\"},\"headline\":\"\u00da\u010des si zvolte podle typu postavy\",\"datePublished\":\"2023-06-19T16:28:21+00:00\",\"dateModified\":\"2025-09-05T05:42:17+00:00\",\"mainEntityOfPage\":{\"@id\":\"https:\\\/\\\/regbu.com\\\/it\\\/umenti-a-scelta-per-tipo-di-carattere\\\/\"},\"wordCount\":427,\"image\":{\"@id\":\"https:\\\/\\\/regbu.com\\\/it\\\/umenti-a-scelta-per-tipo-di-carattere\\\/#primaryimage\"},\"thumbnailUrl\":\"https:\\\/\\\/regbu.com\\\/wp-content\\\/uploads\\\/2023\\\/06\\\/uves-si-zvolte-podle-typu-postavy.jpg\",\"keywords\":[\"blond\",\"\u010dern\u00e9 vlasy\",\"dlouh\u00e9 vlasy\",\"kr\u00e1tk\u00fd \u00fa\u010des\",\"postava\",\"\u0161\u00edthl\u00e9 \u017eeny\",\"typ postavy\",\"\u00fa\u010des\",\"\u00fa\u010desy\",\"vlasy\"],\"articleSection\":[\"M\u00f3da\"],\"inLanguage\":\"it-IT\"},{\"@type\":[\"WebPage\",\"FAQPage\"],\"@id\":\"https:\\\/\\\/regbu.com\\\/it\\\/umenti-a-scelta-per-tipo-di-carattere\\\/\",\"url\":\"https:\\\/\\\/regbu.com\\\/it\\\/umenti-a-scelta-per-tipo-di-carattere\\\/\",\"name\":\"\u00da\u010des si zvolte podle typu postavy - REGBU.COM\",\"isPartOf\":{\"@id\":\"https:\\\/\\\/regbu.com\\\/en\\\/#website\"},\"primaryImageOfPage\":{\"@id\":\"https:\\\/\\\/regbu.com\\\/it\\\/umenti-a-scelta-per-tipo-di-carattere\\\/#primaryimage\"},\"image\":{\"@id\":\"https:\\\/\\\/regbu.com\\\/it\\\/umenti-a-scelta-per-tipo-di-carattere\\\/#primaryimage\"},\"thumbnailUrl\":\"https:\\\/\\\/regbu.com\\\/wp-content\\\/uploads\\\/2023\\\/06\\\/uves-si-zvolte-podle-typu-postavy.jpg\",\"datePublished\":\"2023-06-19T16:28:21+00:00\",\"dateModified\":\"2025-09-05T05:42:17+00:00\",\"author\":{\"@id\":\"https:\\\/\\\/regbu.com\\\/en\\\/#\\\/schema\\\/person\\\/94ea9deda2629771b8a9ced002f6784e\"},\"description\":\"Nev\u00edte, jak\u00fd si nechat ud\u011blat \u00fa\u010des? Pak se V\u00e1m s nejv\u011bt\u0161\u0161\u00ed pravd\u011bpodobnost\u00ed stane vod\u00edtkem Va\u0161e vlastn\u00ed postava.\",\"breadcrumb\":{\"@id\":\"https:\\\/\\\/regbu.com\\\/it\\\/umenti-a-scelta-per-tipo-di-carattere\\\/#breadcrumb\"},\"mainEntity\":[{\"@id\":\"https:\\\/\\\/regbu.com\\\/it\\\/umenti-a-scelta-per-tipo-di-carattere\\\/#faq-question-1687191753296\"},{\"@id\":\"https:\\\/\\\/regbu.com\\\/it\\\/umenti-a-scelta-per-tipo-di-carattere\\\/#faq-question-1687191760588\"},{\"@id\":\"https:\\\/\\\/regbu.com\\\/it\\\/umenti-a-scelta-per-tipo-di-carattere\\\/#faq-question-1687191768392\"},{\"@id\":\"https:\\\/\\\/regbu.com\\\/it\\\/umenti-a-scelta-per-tipo-di-carattere\\\/#faq-question-1687191776217\"},{\"@id\":\"https:\\\/\\\/regbu.com\\\/it\\\/umenti-a-scelta-per-tipo-di-carattere\\\/#faq-question-1687191783717\"}],\"inLanguage\":\"it-IT\",\"potentialAction\":[{\"@type\":\"ReadAction\",\"target\":[\"https:\\\/\\\/regbu.com\\\/it\\\/umenti-a-scelta-per-tipo-di-carattere\\\/\"]}]},{\"@type\":\"ImageObject\",\"inLanguage\":\"it-IT\",\"@id\":\"https:\\\/\\\/regbu.com\\\/it\\\/umenti-a-scelta-per-tipo-di-carattere\\\/#primaryimage\",\"url\":\"https:\\\/\\\/regbu.com\\\/wp-content\\\/uploads\\\/2023\\\/06\\\/uves-si-zvolte-podle-typu-postavy.jpg\",\"contentUrl\":\"https:\\\/\\\/regbu.com\\\/wp-content\\\/uploads\\\/2023\\\/06\\\/uves-si-zvolte-podle-typu-postavy.jpg\",\"width\":1200,\"height\":680,\"caption\":\"\u00da\u010des si zvolte podle typu postavy\"},{\"@type\":\"BreadcrumbList\",\"@id\":\"https:\\\/\\\/regbu.com\\\/it\\\/umenti-a-scelta-per-tipo-di-carattere\\\/#breadcrumb\",\"itemListElement\":[{\"@type\":\"ListItem\",\"position\":1,\"name\":\"Home\",\"item\":\"https:\\\/\\\/regbu.com\\\/en\\\/\"},{\"@type\":\"ListItem\",\"position\":2,\"name\":\"\u00da\u010des si zvolte podle typu postavy\"}]},{\"@type\":\"WebSite\",\"@id\":\"https:\\\/\\\/regbu.com\\\/en\\\/#website\",\"url\":\"https:\\\/\\\/regbu.com\\\/en\\\/\",\"name\":\"REGBU.COM\",\"description\":\"\",\"potentialAction\":[{\"@type\":\"SearchAction\",\"target\":{\"@type\":\"EntryPoint\",\"urlTemplate\":\"https:\\\/\\\/regbu.com\\\/en\\\/?s={search_term_string}\"},\"query-input\":{\"@type\":\"PropertyValueSpecification\",\"valueRequired\":true,\"valueName\":\"search_term_string\"}}],\"inLanguage\":\"it-IT\"},{\"@type\":\"Person\",\"@id\":\"https:\\\/\\\/regbu.com\\\/en\\\/#\\\/schema\\\/person\\\/94ea9deda2629771b8a9ced002f6784e\",\"name\":\"George Martin\",\"url\":\"https:\\\/\\\/regbu.com\\\/it\\\/author\\\/george-martin\\\/\"},{\"@type\":\"Question\",\"@id\":\"https:\\\/\\\/regbu.com\\\/it\\\/umenti-a-scelta-per-tipo-di-carattere\\\/#faq-question-1687191753296\",\"position\":1,\"url\":\"https:\\\/\\\/regbu.com\\\/it\\\/umenti-a-scelta-per-tipo-di-carattere\\\/#faq-question-1687191753296\",\"name\":\"Jak\u00fd \u00fa\u010des pro atletickou postavu?\",\"answerCount\":1,\"acceptedAnswer\":{\"@type\":\"Answer\",\"text\":\"S touto postavou si asi nemus\u00edte d\u011blat vr\u00e1sky na \u010dele. Slu\u0161et V\u00e1m bude jak\u00e1koliv \u00faprava vlas\u016f. A\u0165 u\u017e budou rovn\u00e9, vlnit\u00e9, kr\u00e1tk\u00e9 \u010di dlouh\u00e9.\",\"inLanguage\":\"it-IT\"},\"inLanguage\":\"it-IT\"},{\"@type\":\"Question\",\"@id\":\"https:\\\/\\\/regbu.com\\\/it\\\/umenti-a-scelta-per-tipo-di-carattere\\\/#faq-question-1687191760588\",\"position\":2,\"url\":\"https:\\\/\\\/regbu.com\\\/it\\\/umenti-a-scelta-per-tipo-di-carattere\\\/#faq-question-1687191760588\",\"name\":\"Jak\u00e1 \u00faprava vlas\u016f se pou\u017e\u00edv\u00e1 pro baculat\u011bj\u0161\u00ed \u017eeny?\",\"answerCount\":1,\"acceptedAnswer\":{\"@type\":\"Answer\",\"text\":\"Zde rozhodn\u011b zapome\u0148te na kr\u00e1tk\u00e9 sest\u0159ihy. Mnohem lep\u0161\u00ed se zdaj\u00ed st\u0159edn\u011b dlouh\u00e9 \u00fa\u010desy na ramena. Jemn\u00e9 lokny podpo\u0159te vhodn\u011b zvolenou barvou.\",\"inLanguage\":\"it-IT\"},\"inLanguage\":\"it-IT\"},{\"@type\":\"Question\",\"@id\":\"https:\\\/\\\/regbu.com\\\/it\\\/umenti-a-scelta-per-tipo-di-carattere\\\/#faq-question-1687191768392\",\"position\":3,\"url\":\"https:\\\/\\\/regbu.com\\\/it\\\/umenti-a-scelta-per-tipo-di-carattere\\\/#faq-question-1687191768392\",\"name\":\"Jak se maj\u00ed \u010desat \u017eeny s vysokou postavou?\",\"answerCount\":1,\"acceptedAnswer\":{\"@type\":\"Answer\",\"text\":\"V tomto p\u0159\u00edpad\u011b je dobr\u00e9 vyp\u00edchnout onu \u017eenskost, co\u017e provedete jak jinak ne\u017e dlouh\u00fdmi vlasy. Uva\u017eovat byste m\u011bli tak\u00e9 o tup\u00edrovan\u00e9m \u00fa\u010desu.\",\"inLanguage\":\"it-IT\"},\"inLanguage\":\"it-IT\"},{\"@type\":\"Question\",\"@id\":\"https:\\\/\\\/regbu.com\\\/it\\\/umenti-a-scelta-per-tipo-di-carattere\\\/#faq-question-1687191776217\",\"position\":4,\"url\":\"https:\\\/\\\/regbu.com\\\/it\\\/umenti-a-scelta-per-tipo-di-carattere\\\/#faq-question-1687191776217\",\"name\":\"Jak\u00e9 vlasy nejsou ide\u00e1ln\u00ed pro dlouhonoh\u00e9 a \u0161t\u00edhl\u00e9 \u017eeny?\",\"answerCount\":1,\"acceptedAnswer\":{\"@type\":\"Answer\",\"text\":\"Vyvarujte se kr\u00e1tk\u00fdm sest\u0159ih\u016fm, kter\u00e9 obvykle nejsou tou spr\u00e1vnou volbou. Nav\u00edc podporuj\u00ed sp\u00ed\u0161e mu\u017enost ne\u017e \u017eenskost.\",\"inLanguage\":\"it-IT\"},\"inLanguage\":\"it-IT\"},{\"@type\":\"Question\",\"@id\":\"https:\\\/\\\/regbu.com\\\/it\\\/umenti-a-scelta-per-tipo-di-carattere\\\/#faq-question-1687191783717\",\"position\":5,\"url\":\"https:\\\/\\\/regbu.com\\\/it\\\/umenti-a-scelta-per-tipo-di-carattere\\\/#faq-question-1687191783717\",\"name\":\"Jak\u00e9 barvy vlas\u016f ze\u0161t\u00edhluj\u00ed?\",\"answerCount\":1,\"acceptedAnswer\":{\"@type\":\"Answer\",\"text\":\"Tady plat\u00ed to sam\u00e9, jako u oble\u010den\u00ed. Tmav\u0161\u00ed barva ze\u0161t\u00edhluje, naopak sv\u011btl\u00e1 blond p\u0159id\u00e1v\u00e1.\",\"inLanguage\":\"it-IT\"},\"inLanguage\":\"it-IT\"}]}<\/script>\n<!-- \/ Yoast SEO plugin. -->","yoast_head_json":{"title":"Scegliete l'acconciatura in base alla vostra corporatura - REGBU.COM","description":"Non sapete che tipo di taglio di capelli prendere? Allora la vostra figura diventer\u00e0 molto probabilmente la vostra guida.","robots":{"index":"index","follow":"follow","max-snippet":"max-snippet:-1","max-image-preview":"max-image-preview:large","max-video-preview":"max-video-preview:-1"},"canonical":"https:\/\/regbu.com\/it\/umenti-a-scelta-per-tipo-di-carattere\/","og_locale":"it_IT","og_type":"article","og_title":"\u00da\u010des si zvolte podle typu postavy - REGBU.COM","og_description":"Nev\u00edte, jak\u00fd si nechat ud\u011blat \u00fa\u010des? Pak se V\u00e1m s nejv\u011bt\u0161\u0161\u00ed pravd\u011bpodobnost\u00ed stane vod\u00edtkem Va\u0161e vlastn\u00ed postava.","og_url":"https:\/\/regbu.com\/it\/umenti-a-scelta-per-tipo-di-carattere\/","og_site_name":"REGBU.COM","article_published_time":"2023-06-19T16:28:21+00:00","article_modified_time":"2025-09-05T05:42:17+00:00","og_image":[{"width":1200,"height":680,"url":"https:\/\/regbu.com\/wp-content\/uploads\/2023\/06\/uves-si-zvolte-podle-typu-postavy.jpg","type":"image\/jpeg"}],"author":"George Martin","twitter_card":"summary_large_image","twitter_misc":{"Scritto da":"George Martin","Tempo di lettura stimato":"2 minuti"},"schema":{"@context":"https:\/\/schema.org","@graph":[{"@type":"Article","@id":"https:\/\/regbu.com\/it\/umenti-a-scelta-per-tipo-di-carattere\/#article","isPartOf":{"@id":"https:\/\/regbu.com\/it\/umenti-a-scelta-per-tipo-di-carattere\/"},"author":{"name":"George Martin","@id":"https:\/\/regbu.com\/en\/#\/schema\/person\/94ea9deda2629771b8a9ced002f6784e"},"headline":"\u00da\u010des si zvolte podle typu postavy","datePublished":"2023-06-19T16:28:21+00:00","dateModified":"2025-09-05T05:42:17+00:00","mainEntityOfPage":{"@id":"https:\/\/regbu.com\/it\/umenti-a-scelta-per-tipo-di-carattere\/"},"wordCount":427,"image":{"@id":"https:\/\/regbu.com\/it\/umenti-a-scelta-per-tipo-di-carattere\/#primaryimage"},"thumbnailUrl":"https:\/\/regbu.com\/wp-content\/uploads\/2023\/06\/uves-si-zvolte-podle-typu-postavy.jpg","keywords":["blond","\u010dern\u00e9 vlasy","dlouh\u00e9 vlasy","kr\u00e1tk\u00fd \u00fa\u010des","postava","\u0161\u00edthl\u00e9 \u017eeny","typ postavy","\u00fa\u010des","\u00fa\u010desy","vlasy"],"articleSection":["M\u00f3da"],"inLanguage":"it-IT"},{"@type":["WebPage","FAQPage"],"@id":"https:\/\/regbu.com\/it\/umenti-a-scelta-per-tipo-di-carattere\/","url":"https:\/\/regbu.com\/it\/umenti-a-scelta-per-tipo-di-carattere\/","name":"Scegliete l'acconciatura in base alla vostra corporatura - REGBU.COM","isPartOf":{"@id":"https:\/\/regbu.com\/en\/#website"},"primaryImageOfPage":{"@id":"https:\/\/regbu.com\/it\/umenti-a-scelta-per-tipo-di-carattere\/#primaryimage"},"image":{"@id":"https:\/\/regbu.com\/it\/umenti-a-scelta-per-tipo-di-carattere\/#primaryimage"},"thumbnailUrl":"https:\/\/regbu.com\/wp-content\/uploads\/2023\/06\/uves-si-zvolte-podle-typu-postavy.jpg","datePublished":"2023-06-19T16:28:21+00:00","dateModified":"2025-09-05T05:42:17+00:00","author":{"@id":"https:\/\/regbu.com\/en\/#\/schema\/person\/94ea9deda2629771b8a9ced002f6784e"},"description":"Non sapete che tipo di taglio di capelli prendere? Allora la vostra figura diventer\u00e0 molto probabilmente la vostra guida.","breadcrumb":{"@id":"https:\/\/regbu.com\/it\/umenti-a-scelta-per-tipo-di-carattere\/#breadcrumb"},"mainEntity":[{"@id":"https:\/\/regbu.com\/it\/umenti-a-scelta-per-tipo-di-carattere\/#faq-question-1687191753296"},{"@id":"https:\/\/regbu.com\/it\/umenti-a-scelta-per-tipo-di-carattere\/#faq-question-1687191760588"},{"@id":"https:\/\/regbu.com\/it\/umenti-a-scelta-per-tipo-di-carattere\/#faq-question-1687191768392"},{"@id":"https:\/\/regbu.com\/it\/umenti-a-scelta-per-tipo-di-carattere\/#faq-question-1687191776217"},{"@id":"https:\/\/regbu.com\/it\/umenti-a-scelta-per-tipo-di-carattere\/#faq-question-1687191783717"}],"inLanguage":"it-IT","potentialAction":[{"@type":"ReadAction","target":["https:\/\/regbu.com\/it\/umenti-a-scelta-per-tipo-di-carattere\/"]}]},{"@type":"ImageObject","inLanguage":"it-IT","@id":"https:\/\/regbu.com\/it\/umenti-a-scelta-per-tipo-di-carattere\/#primaryimage","url":"https:\/\/regbu.com\/wp-content\/uploads\/2023\/06\/uves-si-zvolte-podle-typu-postavy.jpg","contentUrl":"https:\/\/regbu.com\/wp-content\/uploads\/2023\/06\/uves-si-zvolte-podle-typu-postavy.jpg","width":1200,"height":680,"caption":"\u00da\u010des si zvolte podle typu postavy"},{"@type":"BreadcrumbList","@id":"https:\/\/regbu.com\/it\/umenti-a-scelta-per-tipo-di-carattere\/#breadcrumb","itemListElement":[{"@type":"ListItem","position":1,"name":"Home","item":"https:\/\/regbu.com\/en\/"},{"@type":"ListItem","position":2,"name":"\u00da\u010des si zvolte podle typu postavy"}]},{"@type":"WebSite","@id":"https:\/\/regbu.com\/en\/#website","url":"https:\/\/regbu.com\/en\/","name":"REGBU.COM","description":"","potentialAction":[{"@type":"SearchAction","target":{"@type":"EntryPoint","urlTemplate":"https:\/\/regbu.com\/en\/?s={search_term_string}"},"query-input":{"@type":"PropertyValueSpecification","valueRequired":true,"valueName":"search_term_string"}}],"inLanguage":"it-IT"},{"@type":"Person","@id":"https:\/\/regbu.com\/en\/#\/schema\/person\/94ea9deda2629771b8a9ced002f6784e","name":"George Martin","url":"https:\/\/regbu.com\/it\/author\/george-martin\/"},{"@type":"Question","@id":"https:\/\/regbu.com\/it\/umenti-a-scelta-per-tipo-di-carattere\/#faq-question-1687191753296","position":1,"url":"https:\/\/regbu.com\/it\/umenti-a-scelta-per-tipo-di-carattere\/#faq-question-1687191753296","name":"Quale acconciatura per un fisico atletico?","answerCount":1,"acceptedAnswer":{"@type":"Answer","text":"S touto postavou si asi nemus\u00edte d\u011blat vr\u00e1sky na \u010dele. Slu\u0161et V\u00e1m bude jak\u00e1koliv \u00faprava vlas\u016f. A\u0165 u\u017e budou rovn\u00e9, vlnit\u00e9, kr\u00e1tk\u00e9 \u010di dlouh\u00e9.","inLanguage":"it-IT"},"inLanguage":"it-IT"},{"@type":"Question","@id":"https:\/\/regbu.com\/it\/umenti-a-scelta-per-tipo-di-carattere\/#faq-question-1687191760588","position":2,"url":"https:\/\/regbu.com\/it\/umenti-a-scelta-per-tipo-di-carattere\/#faq-question-1687191760588","name":"Quali acconciature si usano per le donne pi\u00f9 grassottelle?","answerCount":1,"acceptedAnswer":{"@type":"Answer","text":"Zde rozhodn\u011b zapome\u0148te na kr\u00e1tk\u00e9 sest\u0159ihy. Mnohem lep\u0161\u00ed se zdaj\u00ed st\u0159edn\u011b dlouh\u00e9 \u00fa\u010desy na ramena. Jemn\u00e9 lokny podpo\u0159te vhodn\u011b zvolenou barvou.","inLanguage":"it-IT"},"inLanguage":"it-IT"},{"@type":"Question","@id":"https:\/\/regbu.com\/it\/umenti-a-scelta-per-tipo-di-carattere\/#faq-question-1687191768392","position":3,"url":"https:\/\/regbu.com\/it\/umenti-a-scelta-per-tipo-di-carattere\/#faq-question-1687191768392","name":"Come devono pettinarsi le donne alte?","answerCount":1,"acceptedAnswer":{"@type":"Answer","text":"V tomto p\u0159\u00edpad\u011b je dobr\u00e9 vyp\u00edchnout onu \u017eenskost, co\u017e provedete jak jinak ne\u017e dlouh\u00fdmi vlasy. Uva\u017eovat byste m\u011bli tak\u00e9 o tup\u00edrovan\u00e9m \u00fa\u010desu.","inLanguage":"it-IT"},"inLanguage":"it-IT"},{"@type":"Question","@id":"https:\/\/regbu.com\/it\/umenti-a-scelta-per-tipo-di-carattere\/#faq-question-1687191776217","position":4,"url":"https:\/\/regbu.com\/it\/umenti-a-scelta-per-tipo-di-carattere\/#faq-question-1687191776217","name":"Quali capelli non sono ideali per le donne con gambe lunghe e snelle?","answerCount":1,"acceptedAnswer":{"@type":"Answer","text":"Vyvarujte se kr\u00e1tk\u00fdm sest\u0159ih\u016fm, kter\u00e9 obvykle nejsou tou spr\u00e1vnou volbou. Nav\u00edc podporuj\u00ed sp\u00ed\u0161e mu\u017enost ne\u017e \u017eenskost.","inLanguage":"it-IT"},"inLanguage":"it-IT"},{"@type":"Question","@id":"https:\/\/regbu.com\/it\/umenti-a-scelta-per-tipo-di-carattere\/#faq-question-1687191783717","position":5,"url":"https:\/\/regbu.com\/it\/umenti-a-scelta-per-tipo-di-carattere\/#faq-question-1687191783717","name":"Quali sono i colori di capelli che snelliscono?","answerCount":1,"acceptedAnswer":{"@type":"Answer","text":"Tady plat\u00ed to sam\u00e9, jako u oble\u010den\u00ed. Tmav\u0161\u00ed barva ze\u0161t\u00edhluje, naopak sv\u011btl\u00e1 blond p\u0159id\u00e1v\u00e1.","inLanguage":"it-IT"},"inLanguage":"it-IT"}]}},"_links":{"self":[{"href":"https:\/\/regbu.com\/it\/wp-json\/wp\/v2\/posts\/861","targetHints":{"allow":["GET"]}}],"collection":[{"href":"https:\/\/regbu.com\/it\/wp-json\/wp\/v2\/posts"}],"about":[{"href":"https:\/\/regbu.com\/it\/wp-json\/wp\/v2\/types\/post"}],"author":[{"embeddable":true,"href":"https:\/\/regbu.com\/it\/wp-json\/wp\/v2\/users\/2"}],"replies":[{"embeddable":true,"href":"https:\/\/regbu.com\/it\/wp-json\/wp\/v2\/comments?post=861"}],"version-history":[{"count":2,"href":"https:\/\/regbu.com\/it\/wp-json\/wp\/v2\/posts\/861\/revisions"}],"predecessor-version":[{"id":878,"href":"https:\/\/regbu.com\/it\/wp-json\/wp\/v2\/posts\/861\/revisions\/878"}],"wp:featuredmedia":[{"embeddable":true,"href":"https:\/\/regbu.com\/it\/wp-json\/wp\/v2\/media\/862"}],"wp:attachment":[{"href":"https:\/\/regbu.com\/it\/wp-json\/wp\/v2\/media?parent=861"}],"wp:term":[{"taxonomy":"category","embeddable":true,"href":"https:\/\/regbu.com\/it\/wp-json\/wp\/v2\/categories?post=861"},{"taxonomy":"post_tag","embeddable":true,"href":"https:\/\/regbu.com\/it\/wp-json\/wp\/v2\/tags?post=861"}],"curies":[{"name":"wp","href":"https:\/\/api.w.org\/{rel}","templated":true}]}}