{"id":355,"date":"2022-01-21T15:49:00","date_gmt":"2022-01-21T14:49:00","guid":{"rendered":"https:\/\/regbu.com\/?p=355"},"modified":"2025-09-05T07:42:52","modified_gmt":"2025-09-05T05:42:52","slug":"instagram-socialni-sit-zalozena-na-fotografiich","status":"publish","type":"post","link":"https:\/\/regbu.com\/it\/instagram-social-sit-per-le-foto\/","title":{"rendered":"Instagram - Rete sociale basata sulle foto"},"content":{"rendered":"<p>Nel mondo virtuale e su Internet esistono diverse reti sociali. Uno dei pi\u00f9 grandi \u00e8 senza dubbio <strong><a href=\"https:\/\/regbu.com\/it\/facebook-utilizza-algoritmi-ponderati-e-ponderati\/\">Facebook<\/a><\/strong>. Tuttavia, quando si parla di social network incentrati sulla condivisione di foto e video, anche Instagram occupa un posto di rilievo. Pensato principalmente per i telefoni cellulari iPhone, il network si \u00e8 gradualmente diffuso tra gli utenti Android.<\/p>\n\n\n\n<h2 class=\"wp-block-heading\">Statistiche importanti per iniziare<\/h2>\n\n\n\n<p>Va detto subito che il social network Instagram riunisce <strong>circa un miliardo di utenti<\/strong>. Circa la met\u00e0 delle persone si concentra sull'utilizzo quotidiano di questa rete. Potreste essere interessati alle statistiche relative all'et\u00e0 degli utenti, che vi presentiamo nella tabella seguente.<\/p>\n\n\n\n<figure class=\"wp-block-table\"><table><tbody><tr><td><strong>Oggetto<\/strong><\/td><td><strong>Valore<\/strong><\/td><\/tr><tr><td>Uso degli adolescenti nella Repubblica Ceca<\/td><td>72 %<\/td><\/tr><tr><td>Meno di 30 anni<\/td><td>59 %<\/td><\/tr><tr><td>Pi\u00f9 di 16 anni<\/td><td>44 %<\/td><\/tr><tr><td>Account senza contenuto<\/td><td>29 %<\/td><\/tr><\/tbody><\/table><figcaption>L'uso di Instagram tra gli utenti pi\u00f9 giovani.<\/figcaption><\/figure>\n\n\n\n<p>L'aspetto interessante di Instagram \u00e8 che spende 23 % in pi\u00f9 in pubblicit\u00e0 rispetto a Facebook. Le statistiche a lungo termine mostrano una cosa. I post vengono pubblicati pi\u00f9 spesso il mercoled\u00ec e il venerd\u00ec mattina.<\/p>\n\n\n\n<h2 class=\"wp-block-heading\">Instagram non solo per divertimento<\/h2>\n\n\n\n<p>Sebbene possa sembrare che un social network di questo tipo abbia come scopo principale l'intrattenimento, non \u00e8 sempre cos\u00ec. La rete pu\u00f2 essere <strong>da utilizzare nelle attivit\u00e0 commerciali<\/strong>per i quali vengono presentati vari strumenti tecnologici. Con un numero sufficiente di follower, gli utenti possono essere contattati per la presentazione e la pubblicit\u00e0 di prodotti selezionati. Si tratta, ovviamente, di un servizio a pagamento, che diventa quindi un profitto. Instagram pu\u00f2 quindi essere utilizzato come fonte di reddito.<\/p>\n\n\n\n<h3 class=\"wp-block-heading\">Instagram per le aziende<\/h3>\n\n\n\n<p>Naturalmente, il social network dispone di progressi e strumenti tecnologici, tra cui sofisticati algoritmi. Molti di questi si applicano anche all'ambiente aziendale, all'interno del quale, ad esempio, \u00e8 possibile monitorare la crescita di un'azienda. \u00c8 possibile vietare i contenuti in base all'et\u00e0, visualizzare le storie per 24 ore o garantire la massima flessibilit\u00e0 nella gestione dei profili degli utenti.<\/p>\n\n\n\n<p><strong>Instagram \u00e8 semplicemente per tutti<\/strong>che vogliono presentarsi in qualche modo su Internet, attraverso contenuti multimediali. Viene utilizzato per l'intrattenimento, ma anche per il lavoro, come dimostrano i numerosi strumenti utili e ricchi.<\/p>","protected":false},"excerpt":{"rendered":"<p>Ci sono varie reti sociali nel mondo virtuale e su Internet. Uno dei pi\u00f9 grandi \u00e8 senza dubbio Facebook. Tuttavia, quando si tratta di social network incentrati sulla condivisione di foto e video, anche Instagram occupa un posto di rilievo. Pensata principalmente per i telefoni cellulari iPhone, la rete si \u00e8 gradualmente diffusa tra gli utenti di cellulari Android. Statistiche importanti ... <\/p>","protected":false},"author":2,"featured_media":356,"comment_status":"closed","ping_status":"closed","sticky":false,"template":"","format":"standard","meta":{"footnotes":""},"categories":[6],"tags":[371,364,372,373,366,374,367,375,370,376],"class_list":["post-355","post","type-post","status-publish","format-standard","has-post-thumbnail","hentry","category-technologie","tag-fotka","tag-fotky","tag-fotografie","tag-instagram","tag-multimedialni-obsah","tag-sdileni","tag-socialni-sit","tag-socialni-site","tag-videa","tag-video"],"yoast_head":"<!-- This site is optimized with the Yoast SEO plugin v27.5 - https:\/\/yoast.com\/product\/yoast-seo-wordpress\/ -->\n<title>Instagram \u2013 Soci\u00e1ln\u00ed s\u00ed\u0165 zalo\u017een\u00e1 na fotografi\u00edch - REGBU.COM<\/title>\n<meta name=\"description\" content=\"Chcete-li sd\u00edlet multimedi\u00e1ln\u00ed obsah na internetu, ide\u00e1ln\u00ed volbou bude Instagram. Soci\u00e1ln\u00ed s\u00ed\u0165, kter\u00e1 toho nab\u00edz\u00ed v\u00edce\" \/>\n<meta name=\"robots\" content=\"index, follow, max-snippet:-1, max-image-preview:large, max-video-preview:-1\" \/>\n<link rel=\"canonical\" href=\"https:\/\/regbu.com\/it\/instagram-social-sit-per-le-foto\/\" \/>\n<meta property=\"og:locale\" content=\"it_IT\" \/>\n<meta property=\"og:type\" content=\"article\" \/>\n<meta property=\"og:title\" content=\"Instagram \u2013 Soci\u00e1ln\u00ed s\u00ed\u0165 zalo\u017een\u00e1 na fotografi\u00edch - REGBU.COM\" \/>\n<meta property=\"og:description\" content=\"Chcete-li sd\u00edlet multimedi\u00e1ln\u00ed obsah na internetu, ide\u00e1ln\u00ed volbou bude Instagram. Soci\u00e1ln\u00ed s\u00ed\u0165, kter\u00e1 toho nab\u00edz\u00ed v\u00edce\" \/>\n<meta property=\"og:url\" content=\"https:\/\/regbu.com\/it\/instagram-social-sit-per-le-foto\/\" \/>\n<meta property=\"og:site_name\" content=\"REGBU.COM\" \/>\n<meta property=\"article:published_time\" content=\"2022-01-21T14:49:00+00:00\" \/>\n<meta property=\"article:modified_time\" content=\"2025-09-05T05:42:52+00:00\" \/>\n<meta property=\"og:image\" content=\"https:\/\/regbu.com\/wp-content\/uploads\/2022\/01\/instagram-socilani-sit-zalozena-na-fotografiich.jpg\" \/>\n\t<meta property=\"og:image:width\" content=\"1200\" \/>\n\t<meta property=\"og:image:height\" content=\"677\" \/>\n\t<meta property=\"og:image:type\" content=\"image\/jpeg\" \/>\n<meta name=\"author\" content=\"George Martin\" \/>\n<meta name=\"twitter:card\" content=\"summary_large_image\" \/>\n<meta name=\"twitter:label1\" content=\"Scritto da\" \/>\n\t<meta name=\"twitter:data1\" content=\"George Martin\" \/>\n\t<meta name=\"twitter:label2\" content=\"Tempo di lettura stimato\" \/>\n\t<meta name=\"twitter:data2\" content=\"2 minuti\" \/>\n<script type=\"application\/ld+json\" class=\"yoast-schema-graph\">{\"@context\":\"https:\\\/\\\/schema.org\",\"@graph\":[{\"@type\":\"Article\",\"@id\":\"https:\\\/\\\/regbu.com\\\/instagram-socialni-sit-zalozena-na-fotografiich\\\/#article\",\"isPartOf\":{\"@id\":\"https:\\\/\\\/regbu.com\\\/instagram-socialni-sit-zalozena-na-fotografiich\\\/\"},\"author\":{\"name\":\"George Martin\",\"@id\":\"https:\\\/\\\/regbu.com\\\/en\\\/#\\\/schema\\\/person\\\/94ea9deda2629771b8a9ced002f6784e\"},\"headline\":\"Instagram \u2013 Soci\u00e1ln\u00ed s\u00ed\u0165 zalo\u017een\u00e1 na fotografi\u00edch\",\"datePublished\":\"2022-01-21T14:49:00+00:00\",\"dateModified\":\"2025-09-05T05:42:52+00:00\",\"mainEntityOfPage\":{\"@id\":\"https:\\\/\\\/regbu.com\\\/instagram-socialni-sit-zalozena-na-fotografiich\\\/\"},\"wordCount\":444,\"image\":{\"@id\":\"https:\\\/\\\/regbu.com\\\/instagram-socialni-sit-zalozena-na-fotografiich\\\/#primaryimage\"},\"thumbnailUrl\":\"https:\\\/\\\/regbu.com\\\/wp-content\\\/uploads\\\/2022\\\/01\\\/instagram-socilani-sit-zalozena-na-fotografiich.jpg\",\"keywords\":[\"fotka\",\"fotky\",\"fotografie\",\"instagram\",\"multimedi\u00e1ln\u00ed obsah\",\"sd\u00edlen\u00ed\",\"soci\u00e1ln\u00ed s\u00ed\u0165\",\"soci\u00e1ln\u00ed s\u00edt\u011b\",\"videa\",\"video\"],\"articleSection\":[\"Technologie\"],\"inLanguage\":\"it-IT\"},{\"@type\":\"WebPage\",\"@id\":\"https:\\\/\\\/regbu.com\\\/instagram-socialni-sit-zalozena-na-fotografiich\\\/\",\"url\":\"https:\\\/\\\/regbu.com\\\/instagram-socialni-sit-zalozena-na-fotografiich\\\/\",\"name\":\"Instagram \u2013 Soci\u00e1ln\u00ed s\u00ed\u0165 zalo\u017een\u00e1 na fotografi\u00edch - REGBU.COM\",\"isPartOf\":{\"@id\":\"https:\\\/\\\/regbu.com\\\/en\\\/#website\"},\"primaryImageOfPage\":{\"@id\":\"https:\\\/\\\/regbu.com\\\/instagram-socialni-sit-zalozena-na-fotografiich\\\/#primaryimage\"},\"image\":{\"@id\":\"https:\\\/\\\/regbu.com\\\/instagram-socialni-sit-zalozena-na-fotografiich\\\/#primaryimage\"},\"thumbnailUrl\":\"https:\\\/\\\/regbu.com\\\/wp-content\\\/uploads\\\/2022\\\/01\\\/instagram-socilani-sit-zalozena-na-fotografiich.jpg\",\"datePublished\":\"2022-01-21T14:49:00+00:00\",\"dateModified\":\"2025-09-05T05:42:52+00:00\",\"author\":{\"@id\":\"https:\\\/\\\/regbu.com\\\/en\\\/#\\\/schema\\\/person\\\/94ea9deda2629771b8a9ced002f6784e\"},\"description\":\"Chcete-li sd\u00edlet multimedi\u00e1ln\u00ed obsah na internetu, ide\u00e1ln\u00ed volbou bude Instagram. Soci\u00e1ln\u00ed s\u00ed\u0165, kter\u00e1 toho nab\u00edz\u00ed v\u00edce\",\"breadcrumb\":{\"@id\":\"https:\\\/\\\/regbu.com\\\/instagram-socialni-sit-zalozena-na-fotografiich\\\/#breadcrumb\"},\"inLanguage\":\"it-IT\",\"potentialAction\":[{\"@type\":\"ReadAction\",\"target\":[\"https:\\\/\\\/regbu.com\\\/instagram-socialni-sit-zalozena-na-fotografiich\\\/\"]}]},{\"@type\":\"ImageObject\",\"inLanguage\":\"it-IT\",\"@id\":\"https:\\\/\\\/regbu.com\\\/instagram-socialni-sit-zalozena-na-fotografiich\\\/#primaryimage\",\"url\":\"https:\\\/\\\/regbu.com\\\/wp-content\\\/uploads\\\/2022\\\/01\\\/instagram-socilani-sit-zalozena-na-fotografiich.jpg\",\"contentUrl\":\"https:\\\/\\\/regbu.com\\\/wp-content\\\/uploads\\\/2022\\\/01\\\/instagram-socilani-sit-zalozena-na-fotografiich.jpg\",\"width\":1200,\"height\":677,\"caption\":\"Instagram \u2013 Soci\u00e1ln\u00ed s\u00ed\u0165 zalo\u017een\u00e1 na fotografi\u00edch\"},{\"@type\":\"BreadcrumbList\",\"@id\":\"https:\\\/\\\/regbu.com\\\/instagram-socialni-sit-zalozena-na-fotografiich\\\/#breadcrumb\",\"itemListElement\":[{\"@type\":\"ListItem\",\"position\":1,\"name\":\"Home\",\"item\":\"https:\\\/\\\/regbu.com\\\/en\\\/\"},{\"@type\":\"ListItem\",\"position\":2,\"name\":\"Instagram \u2013 Soci\u00e1ln\u00ed s\u00ed\u0165 zalo\u017een\u00e1 na fotografi\u00edch\"}]},{\"@type\":\"WebSite\",\"@id\":\"https:\\\/\\\/regbu.com\\\/en\\\/#website\",\"url\":\"https:\\\/\\\/regbu.com\\\/en\\\/\",\"name\":\"REGBU.COM\",\"description\":\"\",\"potentialAction\":[{\"@type\":\"SearchAction\",\"target\":{\"@type\":\"EntryPoint\",\"urlTemplate\":\"https:\\\/\\\/regbu.com\\\/en\\\/?s={search_term_string}\"},\"query-input\":{\"@type\":\"PropertyValueSpecification\",\"valueRequired\":true,\"valueName\":\"search_term_string\"}}],\"inLanguage\":\"it-IT\"},{\"@type\":\"Person\",\"@id\":\"https:\\\/\\\/regbu.com\\\/en\\\/#\\\/schema\\\/person\\\/94ea9deda2629771b8a9ced002f6784e\",\"name\":\"George Martin\",\"url\":\"https:\\\/\\\/regbu.com\\\/it\\\/author\\\/george-martin\\\/\"}]}<\/script>\n<!-- \/ Yoast SEO plugin. -->","yoast_head_json":{"title":"Instagram - Il social network basato sulle foto - REGBU.COM","description":"Se volete condividere contenuti multimediali online, Instagram \u00e8 la scelta ideale. Un social network che offre pi\u00f9","robots":{"index":"index","follow":"follow","max-snippet":"max-snippet:-1","max-image-preview":"max-image-preview:large","max-video-preview":"max-video-preview:-1"},"canonical":"https:\/\/regbu.com\/it\/instagram-social-sit-per-le-foto\/","og_locale":"it_IT","og_type":"article","og_title":"Instagram \u2013 Soci\u00e1ln\u00ed s\u00ed\u0165 zalo\u017een\u00e1 na fotografi\u00edch - REGBU.COM","og_description":"Chcete-li sd\u00edlet multimedi\u00e1ln\u00ed obsah na internetu, ide\u00e1ln\u00ed volbou bude Instagram. Soci\u00e1ln\u00ed s\u00ed\u0165, kter\u00e1 toho nab\u00edz\u00ed v\u00edce","og_url":"https:\/\/regbu.com\/it\/instagram-social-sit-per-le-foto\/","og_site_name":"REGBU.COM","article_published_time":"2022-01-21T14:49:00+00:00","article_modified_time":"2025-09-05T05:42:52+00:00","og_image":[{"width":1200,"height":677,"url":"https:\/\/regbu.com\/wp-content\/uploads\/2022\/01\/instagram-socilani-sit-zalozena-na-fotografiich.jpg","type":"image\/jpeg"}],"author":"George Martin","twitter_card":"summary_large_image","twitter_misc":{"Scritto da":"George Martin","Tempo di lettura stimato":"2 minuti"},"schema":{"@context":"https:\/\/schema.org","@graph":[{"@type":"Article","@id":"https:\/\/regbu.com\/instagram-socialni-sit-zalozena-na-fotografiich\/#article","isPartOf":{"@id":"https:\/\/regbu.com\/instagram-socialni-sit-zalozena-na-fotografiich\/"},"author":{"name":"George Martin","@id":"https:\/\/regbu.com\/en\/#\/schema\/person\/94ea9deda2629771b8a9ced002f6784e"},"headline":"Instagram \u2013 Soci\u00e1ln\u00ed s\u00ed\u0165 zalo\u017een\u00e1 na fotografi\u00edch","datePublished":"2022-01-21T14:49:00+00:00","dateModified":"2025-09-05T05:42:52+00:00","mainEntityOfPage":{"@id":"https:\/\/regbu.com\/instagram-socialni-sit-zalozena-na-fotografiich\/"},"wordCount":444,"image":{"@id":"https:\/\/regbu.com\/instagram-socialni-sit-zalozena-na-fotografiich\/#primaryimage"},"thumbnailUrl":"https:\/\/regbu.com\/wp-content\/uploads\/2022\/01\/instagram-socilani-sit-zalozena-na-fotografiich.jpg","keywords":["fotka","fotky","fotografie","instagram","multimedi\u00e1ln\u00ed obsah","sd\u00edlen\u00ed","soci\u00e1ln\u00ed s\u00ed\u0165","soci\u00e1ln\u00ed s\u00edt\u011b","videa","video"],"articleSection":["Technologie"],"inLanguage":"it-IT"},{"@type":"WebPage","@id":"https:\/\/regbu.com\/instagram-socialni-sit-zalozena-na-fotografiich\/","url":"https:\/\/regbu.com\/instagram-socialni-sit-zalozena-na-fotografiich\/","name":"Instagram - Il social network basato sulle foto - REGBU.COM","isPartOf":{"@id":"https:\/\/regbu.com\/en\/#website"},"primaryImageOfPage":{"@id":"https:\/\/regbu.com\/instagram-socialni-sit-zalozena-na-fotografiich\/#primaryimage"},"image":{"@id":"https:\/\/regbu.com\/instagram-socialni-sit-zalozena-na-fotografiich\/#primaryimage"},"thumbnailUrl":"https:\/\/regbu.com\/wp-content\/uploads\/2022\/01\/instagram-socilani-sit-zalozena-na-fotografiich.jpg","datePublished":"2022-01-21T14:49:00+00:00","dateModified":"2025-09-05T05:42:52+00:00","author":{"@id":"https:\/\/regbu.com\/en\/#\/schema\/person\/94ea9deda2629771b8a9ced002f6784e"},"description":"Se volete condividere contenuti multimediali online, Instagram \u00e8 la scelta ideale. Un social network che offre pi\u00f9","breadcrumb":{"@id":"https:\/\/regbu.com\/instagram-socialni-sit-zalozena-na-fotografiich\/#breadcrumb"},"inLanguage":"it-IT","potentialAction":[{"@type":"ReadAction","target":["https:\/\/regbu.com\/instagram-socialni-sit-zalozena-na-fotografiich\/"]}]},{"@type":"ImageObject","inLanguage":"it-IT","@id":"https:\/\/regbu.com\/instagram-socialni-sit-zalozena-na-fotografiich\/#primaryimage","url":"https:\/\/regbu.com\/wp-content\/uploads\/2022\/01\/instagram-socilani-sit-zalozena-na-fotografiich.jpg","contentUrl":"https:\/\/regbu.com\/wp-content\/uploads\/2022\/01\/instagram-socilani-sit-zalozena-na-fotografiich.jpg","width":1200,"height":677,"caption":"Instagram \u2013 Soci\u00e1ln\u00ed s\u00ed\u0165 zalo\u017een\u00e1 na fotografi\u00edch"},{"@type":"BreadcrumbList","@id":"https:\/\/regbu.com\/instagram-socialni-sit-zalozena-na-fotografiich\/#breadcrumb","itemListElement":[{"@type":"ListItem","position":1,"name":"Home","item":"https:\/\/regbu.com\/en\/"},{"@type":"ListItem","position":2,"name":"Instagram \u2013 Soci\u00e1ln\u00ed s\u00ed\u0165 zalo\u017een\u00e1 na fotografi\u00edch"}]},{"@type":"WebSite","@id":"https:\/\/regbu.com\/en\/#website","url":"https:\/\/regbu.com\/en\/","name":"REGBU.COM","description":"","potentialAction":[{"@type":"SearchAction","target":{"@type":"EntryPoint","urlTemplate":"https:\/\/regbu.com\/en\/?s={search_term_string}"},"query-input":{"@type":"PropertyValueSpecification","valueRequired":true,"valueName":"search_term_string"}}],"inLanguage":"it-IT"},{"@type":"Person","@id":"https:\/\/regbu.com\/en\/#\/schema\/person\/94ea9deda2629771b8a9ced002f6784e","name":"George Martin","url":"https:\/\/regbu.com\/it\/author\/george-martin\/"}]}},"_links":{"self":[{"href":"https:\/\/regbu.com\/it\/wp-json\/wp\/v2\/posts\/355","targetHints":{"allow":["GET"]}}],"collection":[{"href":"https:\/\/regbu.com\/it\/wp-json\/wp\/v2\/posts"}],"about":[{"href":"https:\/\/regbu.com\/it\/wp-json\/wp\/v2\/types\/post"}],"author":[{"embeddable":true,"href":"https:\/\/regbu.com\/it\/wp-json\/wp\/v2\/users\/2"}],"replies":[{"embeddable":true,"href":"https:\/\/regbu.com\/it\/wp-json\/wp\/v2\/comments?post=355"}],"version-history":[{"count":4,"href":"https:\/\/regbu.com\/it\/wp-json\/wp\/v2\/posts\/355\/revisions"}],"predecessor-version":[{"id":384,"href":"https:\/\/regbu.com\/it\/wp-json\/wp\/v2\/posts\/355\/revisions\/384"}],"wp:featuredmedia":[{"embeddable":true,"href":"https:\/\/regbu.com\/it\/wp-json\/wp\/v2\/media\/356"}],"wp:attachment":[{"href":"https:\/\/regbu.com\/it\/wp-json\/wp\/v2\/media?parent=355"}],"wp:term":[{"taxonomy":"category","embeddable":true,"href":"https:\/\/regbu.com\/it\/wp-json\/wp\/v2\/categories?post=355"},{"taxonomy":"post_tag","embeddable":true,"href":"https:\/\/regbu.com\/it\/wp-json\/wp\/v2\/tags?post=355"}],"curies":[{"name":"wp","href":"https:\/\/api.w.org\/{rel}","templated":true}]}}