{"id":1453,"date":"2023-08-08T13:22:52","date_gmt":"2023-08-08T11:22:52","guid":{"rendered":"https:\/\/regbu.com\/?p=1453"},"modified":"2025-09-05T07:40:04","modified_gmt":"2025-09-05T05:40:04","slug":"messenger-je-prakticka-odnoz-facebooku","status":"publish","type":"post","link":"https:\/\/regbu.com\/it\/messenger-e-pratico-da-facebook\/","title":{"rendered":"Messenger \u00e8 un'emanazione pratica di Facebook"},"content":{"rendered":"<p>Messenger \u00e8 il nome della piattaforma di comunicazione. Non ha nulla a che fare con un comunicatore <strong><a href=\"https:\/\/regbu.com\/it\/snapchat-so-little-jina-social-sit\/\">Snapchat<\/a><\/strong>ma con Facebook. Si tratta di un'applicazione associata a questo social network, utilizzata principalmente per inviare e ricevere messaggi. Questi possono naturalmente assumere forme diverse.<\/p>\n\n\n\n<ul class=\"wp-block-list\">\n<li>Messaggi di testo<\/li>\n\n\n\n<li>Foto<\/li>\n\n\n\n<li>Video<\/li>\n<\/ul>\n\n\n\n<p>Il nome completo Facebook Messenger \u00e8 una delle applicazioni pi\u00f9 utilizzate per la comunicazione tra utenti. \u00c8 utilizzata da milioni di persone in tutto il mondo.<\/p>\n\n\n\n<h2 class=\"wp-block-heading\">Il messaggero in dettaglio<\/h2>\n\n\n\n<p>Come suggerisce il nome, dietro lo sviluppo dell'applicazione c'\u00e8 l'azienda americana Facebook. Il suo nome attuale \u00e8 <strong>Piattaforme Meta<\/strong>. Originariamente un'applicazione mobile progettata per Android e iOS, l'app \u00e8 ora utilizzabile anche su computer. \u00c8 possibile trovarla nell'Apple Store e nel Windows Store.<\/p>\n\n\n\n<figure class=\"wp-block-table\"><table><tbody><tr><td><strong>Oggetto<\/strong><\/td><td><strong>Informazioni<\/strong><\/td><\/tr><tr><td>Prima edizione<\/td><td>9 aprile 2011<\/td><\/tr><tr><td>Per i computer desktop<\/td><td>Dal 2020<\/td><\/tr><tr><td>Utenti nel 2015<\/td><td>600 milioni di euro<\/td><\/tr><tr><td>Utenti nel 2017<\/td><td>1,2 miliardi di euro<\/td><\/tr><\/tbody><\/table><figcaption class=\"wp-element-caption\">Leggete le informazioni di base su questa applicazione mobile.<\/figcaption><\/figure>\n\n\n\n<p>Dalle statistiche sopra riportate, \u00e8 possibile farsi un'idea abbastanza chiara di quante persone utilizzino <em>App di comunicazione Messenger<\/em>. Lo dimostra anche il numero di download da Google Play. Questo numero supera i cinque miliardi.<\/p>\n\n\n\n<h3 class=\"wp-block-heading\">Cosa offre l'app?<\/h3>\n\n\n\n<p>Il cuore dell'app \u00e8 un ambiente chiaro e graficamente semplice in cui \u00e8 possibile visualizzare le comunicazioni con tutti i propri amici e familiari. Oltre alla messaggistica illimitata, \u00e8 possibile creare contenuti multimediali. Grazie alle numerose emoticon potrete aggiungere seriet\u00e0 ai vostri messaggi e ai vostri sentimenti. Oltre ai classici messaggi di testo, \u00e8 possibile effettuare videochiamate. <strong>Chat di gruppo e chiamate vocali<\/strong> non fanno eccezione. E anche in pi\u00f9 persone.<\/p>\n\n\n\n<p>L'accento \u00e8 posto sulla sincronizzazione completa tra i dispositivi e le piattaforme in cui si \u00e8 registrati con lo stesso account. \u00c8 possibile connettersi con gli amici tramite Messenger in base al loro nome o nickname. La sicurezza delle comunicazioni \u00e8 un dato di fatto. Viene utilizzata la crittografia end-to-end. Il gioco non fa eccezione. In breve, uno strumento per il divertimento e il lavoro.<\/p>","protected":false},"excerpt":{"rendered":"<p>Messenger \u00e8 il nome della piattaforma di comunicazione. Non ha nulla a che fare con Snapchat, ma con Facebook. \u00c8 un'applicazione associata a questo social network, utilizzata principalmente per inviare e ricevere messaggi. Questi possono, ovviamente, assumere forme diverse. Con il suo nome completo, Facebook Messenger \u00e8 una delle applicazioni pi\u00f9 utilizzate per la comunicazione tra utenti al giorno d'oggi. Vengono utilizzati ... <\/p>","protected":false},"author":2,"featured_media":1467,"comment_status":"closed","ping_status":"closed","sticky":false,"template":"","format":"standard","meta":{"footnotes":""},"categories":[199],"tags":[287,363,1770,364,365,1769,1768,1771,288,1772],"class_list":["post-1453","post","type-post","status-publish","format-standard","has-post-thumbnail","hentry","category-aplikace","tag-aplikace","tag-facebook","tag-facebook-messenger","tag-fotky","tag-komunikace","tag-messenger","tag-meta","tag-meta-platforms","tag-mobilni-aplikace","tag-zpravy"],"yoast_head":"<!-- This site is optimized with the Yoast SEO plugin v27.4 - https:\/\/yoast.com\/product\/yoast-seo-wordpress\/ -->\n<title>Messenger je praktick\u00e1 odno\u017e Facebooku - REGBU.COM<\/title>\n<meta name=\"description\" content=\"Mobiln\u00ed aplikace Messenger poch\u00e1z\u00ed z rodiny Meta Platforms. Zjist\u011bte, k \u010demu ji vyu\u017e\u00edt a co v\u0161echno V\u00e1m vlastn\u011b nab\u00edz\u00ed.\" \/>\n<meta name=\"robots\" content=\"index, follow, max-snippet:-1, max-image-preview:large, max-video-preview:-1\" \/>\n<link rel=\"canonical\" href=\"https:\/\/regbu.com\/it\/messenger-e-pratico-da-facebook\/\" \/>\n<meta property=\"og:locale\" content=\"it_IT\" \/>\n<meta property=\"og:type\" content=\"article\" \/>\n<meta property=\"og:title\" content=\"Messenger je praktick\u00e1 odno\u017e Facebooku - REGBU.COM\" \/>\n<meta property=\"og:description\" content=\"Mobiln\u00ed aplikace Messenger poch\u00e1z\u00ed z rodiny Meta Platforms. Zjist\u011bte, k \u010demu ji vyu\u017e\u00edt a co v\u0161echno V\u00e1m vlastn\u011b nab\u00edz\u00ed.\" \/>\n<meta property=\"og:url\" content=\"https:\/\/regbu.com\/it\/messenger-e-pratico-da-facebook\/\" \/>\n<meta property=\"og:site_name\" content=\"REGBU.COM\" \/>\n<meta property=\"article:published_time\" content=\"2023-08-08T11:22:52+00:00\" \/>\n<meta property=\"article:modified_time\" content=\"2025-09-05T05:40:04+00:00\" \/>\n<meta property=\"og:image\" content=\"https:\/\/regbu.com\/wp-content\/uploads\/2023\/08\/messenger-je-prakticka-odnoz-facebooku.jpg\" \/>\n\t<meta property=\"og:image:width\" content=\"1200\" \/>\n\t<meta property=\"og:image:height\" content=\"679\" \/>\n\t<meta property=\"og:image:type\" content=\"image\/jpeg\" \/>\n<meta name=\"author\" content=\"George Martin\" \/>\n<meta name=\"twitter:card\" content=\"summary_large_image\" \/>\n<meta name=\"twitter:label1\" content=\"Scritto da\" \/>\n\t<meta name=\"twitter:data1\" content=\"George Martin\" \/>\n\t<meta name=\"twitter:label2\" content=\"Tempo di lettura stimato\" \/>\n\t<meta name=\"twitter:data2\" content=\"2 minuti\" \/>\n<script type=\"application\/ld+json\" class=\"yoast-schema-graph\">{\"@context\":\"https:\\\/\\\/schema.org\",\"@graph\":[{\"@type\":\"Article\",\"@id\":\"https:\\\/\\\/regbu.com\\\/it\\\/messenger-e-pratico-da-facebook\\\/#article\",\"isPartOf\":{\"@id\":\"https:\\\/\\\/regbu.com\\\/it\\\/messenger-e-pratico-da-facebook\\\/\"},\"author\":{\"name\":\"George Martin\",\"@id\":\"https:\\\/\\\/regbu.com\\\/en\\\/#\\\/schema\\\/person\\\/94ea9deda2629771b8a9ced002f6784e\"},\"headline\":\"Messenger je praktick\u00e1 odno\u017e Facebooku\",\"datePublished\":\"2023-08-08T11:22:52+00:00\",\"dateModified\":\"2025-09-05T05:40:04+00:00\",\"mainEntityOfPage\":{\"@id\":\"https:\\\/\\\/regbu.com\\\/it\\\/messenger-e-pratico-da-facebook\\\/\"},\"wordCount\":439,\"image\":{\"@id\":\"https:\\\/\\\/regbu.com\\\/it\\\/messenger-e-pratico-da-facebook\\\/#primaryimage\"},\"thumbnailUrl\":\"https:\\\/\\\/regbu.com\\\/wp-content\\\/uploads\\\/2023\\\/08\\\/messenger-je-prakticka-odnoz-facebooku.jpg\",\"keywords\":[\"aplikace\",\"facebook\",\"facebook messenger\",\"fotky\",\"komunikace\",\"messenger\",\"meta\",\"meta platforms\",\"mobiln\u00ed aplikace\",\"zpr\u00e1vy\"],\"articleSection\":[\"Aplikace\"],\"inLanguage\":\"it-IT\"},{\"@type\":\"WebPage\",\"@id\":\"https:\\\/\\\/regbu.com\\\/it\\\/messenger-e-pratico-da-facebook\\\/\",\"url\":\"https:\\\/\\\/regbu.com\\\/it\\\/messenger-e-pratico-da-facebook\\\/\",\"name\":\"Messenger je praktick\u00e1 odno\u017e Facebooku - REGBU.COM\",\"isPartOf\":{\"@id\":\"https:\\\/\\\/regbu.com\\\/en\\\/#website\"},\"primaryImageOfPage\":{\"@id\":\"https:\\\/\\\/regbu.com\\\/it\\\/messenger-e-pratico-da-facebook\\\/#primaryimage\"},\"image\":{\"@id\":\"https:\\\/\\\/regbu.com\\\/it\\\/messenger-e-pratico-da-facebook\\\/#primaryimage\"},\"thumbnailUrl\":\"https:\\\/\\\/regbu.com\\\/wp-content\\\/uploads\\\/2023\\\/08\\\/messenger-je-prakticka-odnoz-facebooku.jpg\",\"datePublished\":\"2023-08-08T11:22:52+00:00\",\"dateModified\":\"2025-09-05T05:40:04+00:00\",\"author\":{\"@id\":\"https:\\\/\\\/regbu.com\\\/en\\\/#\\\/schema\\\/person\\\/94ea9deda2629771b8a9ced002f6784e\"},\"description\":\"Mobiln\u00ed aplikace Messenger poch\u00e1z\u00ed z rodiny Meta Platforms. Zjist\u011bte, k \u010demu ji vyu\u017e\u00edt a co v\u0161echno V\u00e1m vlastn\u011b nab\u00edz\u00ed.\",\"breadcrumb\":{\"@id\":\"https:\\\/\\\/regbu.com\\\/it\\\/messenger-e-pratico-da-facebook\\\/#breadcrumb\"},\"inLanguage\":\"it-IT\",\"potentialAction\":[{\"@type\":\"ReadAction\",\"target\":[\"https:\\\/\\\/regbu.com\\\/it\\\/messenger-e-pratico-da-facebook\\\/\"]}]},{\"@type\":\"ImageObject\",\"inLanguage\":\"it-IT\",\"@id\":\"https:\\\/\\\/regbu.com\\\/it\\\/messenger-e-pratico-da-facebook\\\/#primaryimage\",\"url\":\"https:\\\/\\\/regbu.com\\\/wp-content\\\/uploads\\\/2023\\\/08\\\/messenger-je-prakticka-odnoz-facebooku.jpg\",\"contentUrl\":\"https:\\\/\\\/regbu.com\\\/wp-content\\\/uploads\\\/2023\\\/08\\\/messenger-je-prakticka-odnoz-facebooku.jpg\",\"width\":1200,\"height\":679,\"caption\":\"Messenger je praktick\u00e1 odno\u017e Facebooku\"},{\"@type\":\"BreadcrumbList\",\"@id\":\"https:\\\/\\\/regbu.com\\\/it\\\/messenger-e-pratico-da-facebook\\\/#breadcrumb\",\"itemListElement\":[{\"@type\":\"ListItem\",\"position\":1,\"name\":\"Home\",\"item\":\"https:\\\/\\\/regbu.com\\\/en\\\/\"},{\"@type\":\"ListItem\",\"position\":2,\"name\":\"Messenger je praktick\u00e1 odno\u017e Facebooku\"}]},{\"@type\":\"WebSite\",\"@id\":\"https:\\\/\\\/regbu.com\\\/en\\\/#website\",\"url\":\"https:\\\/\\\/regbu.com\\\/en\\\/\",\"name\":\"REGBU.COM\",\"description\":\"\",\"potentialAction\":[{\"@type\":\"SearchAction\",\"target\":{\"@type\":\"EntryPoint\",\"urlTemplate\":\"https:\\\/\\\/regbu.com\\\/en\\\/?s={search_term_string}\"},\"query-input\":{\"@type\":\"PropertyValueSpecification\",\"valueRequired\":true,\"valueName\":\"search_term_string\"}}],\"inLanguage\":\"it-IT\"},{\"@type\":\"Person\",\"@id\":\"https:\\\/\\\/regbu.com\\\/en\\\/#\\\/schema\\\/person\\\/94ea9deda2629771b8a9ced002f6784e\",\"name\":\"George Martin\",\"url\":\"https:\\\/\\\/regbu.com\\\/it\\\/author\\\/george-martin\\\/\"}]}<\/script>\n<!-- \/ Yoast SEO plugin. -->","yoast_head_json":{"title":"Messenger \u00e8 una propaggine pratica di Facebook - REGBU.COM","description":"L'applicazione mobile Messenger fa parte della famiglia Meta Platforms. Scoprite per cosa potete usarla e cosa vi offre.","robots":{"index":"index","follow":"follow","max-snippet":"max-snippet:-1","max-image-preview":"max-image-preview:large","max-video-preview":"max-video-preview:-1"},"canonical":"https:\/\/regbu.com\/it\/messenger-e-pratico-da-facebook\/","og_locale":"it_IT","og_type":"article","og_title":"Messenger je praktick\u00e1 odno\u017e Facebooku - REGBU.COM","og_description":"Mobiln\u00ed aplikace Messenger poch\u00e1z\u00ed z rodiny Meta Platforms. Zjist\u011bte, k \u010demu ji vyu\u017e\u00edt a co v\u0161echno V\u00e1m vlastn\u011b nab\u00edz\u00ed.","og_url":"https:\/\/regbu.com\/it\/messenger-e-pratico-da-facebook\/","og_site_name":"REGBU.COM","article_published_time":"2023-08-08T11:22:52+00:00","article_modified_time":"2025-09-05T05:40:04+00:00","og_image":[{"width":1200,"height":679,"url":"https:\/\/regbu.com\/wp-content\/uploads\/2023\/08\/messenger-je-prakticka-odnoz-facebooku.jpg","type":"image\/jpeg"}],"author":"George Martin","twitter_card":"summary_large_image","twitter_misc":{"Scritto da":"George Martin","Tempo di lettura stimato":"2 minuti"},"schema":{"@context":"https:\/\/schema.org","@graph":[{"@type":"Article","@id":"https:\/\/regbu.com\/it\/messenger-e-pratico-da-facebook\/#article","isPartOf":{"@id":"https:\/\/regbu.com\/it\/messenger-e-pratico-da-facebook\/"},"author":{"name":"George Martin","@id":"https:\/\/regbu.com\/en\/#\/schema\/person\/94ea9deda2629771b8a9ced002f6784e"},"headline":"Messenger je praktick\u00e1 odno\u017e Facebooku","datePublished":"2023-08-08T11:22:52+00:00","dateModified":"2025-09-05T05:40:04+00:00","mainEntityOfPage":{"@id":"https:\/\/regbu.com\/it\/messenger-e-pratico-da-facebook\/"},"wordCount":439,"image":{"@id":"https:\/\/regbu.com\/it\/messenger-e-pratico-da-facebook\/#primaryimage"},"thumbnailUrl":"https:\/\/regbu.com\/wp-content\/uploads\/2023\/08\/messenger-je-prakticka-odnoz-facebooku.jpg","keywords":["aplikace","facebook","facebook messenger","fotky","komunikace","messenger","meta","meta platforms","mobiln\u00ed aplikace","zpr\u00e1vy"],"articleSection":["Aplikace"],"inLanguage":"it-IT"},{"@type":"WebPage","@id":"https:\/\/regbu.com\/it\/messenger-e-pratico-da-facebook\/","url":"https:\/\/regbu.com\/it\/messenger-e-pratico-da-facebook\/","name":"Messenger \u00e8 una propaggine pratica di Facebook - REGBU.COM","isPartOf":{"@id":"https:\/\/regbu.com\/en\/#website"},"primaryImageOfPage":{"@id":"https:\/\/regbu.com\/it\/messenger-e-pratico-da-facebook\/#primaryimage"},"image":{"@id":"https:\/\/regbu.com\/it\/messenger-e-pratico-da-facebook\/#primaryimage"},"thumbnailUrl":"https:\/\/regbu.com\/wp-content\/uploads\/2023\/08\/messenger-je-prakticka-odnoz-facebooku.jpg","datePublished":"2023-08-08T11:22:52+00:00","dateModified":"2025-09-05T05:40:04+00:00","author":{"@id":"https:\/\/regbu.com\/en\/#\/schema\/person\/94ea9deda2629771b8a9ced002f6784e"},"description":"L'applicazione mobile Messenger fa parte della famiglia Meta Platforms. Scoprite per cosa potete usarla e cosa vi offre.","breadcrumb":{"@id":"https:\/\/regbu.com\/it\/messenger-e-pratico-da-facebook\/#breadcrumb"},"inLanguage":"it-IT","potentialAction":[{"@type":"ReadAction","target":["https:\/\/regbu.com\/it\/messenger-e-pratico-da-facebook\/"]}]},{"@type":"ImageObject","inLanguage":"it-IT","@id":"https:\/\/regbu.com\/it\/messenger-e-pratico-da-facebook\/#primaryimage","url":"https:\/\/regbu.com\/wp-content\/uploads\/2023\/08\/messenger-je-prakticka-odnoz-facebooku.jpg","contentUrl":"https:\/\/regbu.com\/wp-content\/uploads\/2023\/08\/messenger-je-prakticka-odnoz-facebooku.jpg","width":1200,"height":679,"caption":"Messenger je praktick\u00e1 odno\u017e Facebooku"},{"@type":"BreadcrumbList","@id":"https:\/\/regbu.com\/it\/messenger-e-pratico-da-facebook\/#breadcrumb","itemListElement":[{"@type":"ListItem","position":1,"name":"Home","item":"https:\/\/regbu.com\/en\/"},{"@type":"ListItem","position":2,"name":"Messenger je praktick\u00e1 odno\u017e Facebooku"}]},{"@type":"WebSite","@id":"https:\/\/regbu.com\/en\/#website","url":"https:\/\/regbu.com\/en\/","name":"REGBU.COM","description":"","potentialAction":[{"@type":"SearchAction","target":{"@type":"EntryPoint","urlTemplate":"https:\/\/regbu.com\/en\/?s={search_term_string}"},"query-input":{"@type":"PropertyValueSpecification","valueRequired":true,"valueName":"search_term_string"}}],"inLanguage":"it-IT"},{"@type":"Person","@id":"https:\/\/regbu.com\/en\/#\/schema\/person\/94ea9deda2629771b8a9ced002f6784e","name":"George Martin","url":"https:\/\/regbu.com\/it\/author\/george-martin\/"}]}},"_links":{"self":[{"href":"https:\/\/regbu.com\/it\/wp-json\/wp\/v2\/posts\/1453","targetHints":{"allow":["GET"]}}],"collection":[{"href":"https:\/\/regbu.com\/it\/wp-json\/wp\/v2\/posts"}],"about":[{"href":"https:\/\/regbu.com\/it\/wp-json\/wp\/v2\/types\/post"}],"author":[{"embeddable":true,"href":"https:\/\/regbu.com\/it\/wp-json\/wp\/v2\/users\/2"}],"replies":[{"embeddable":true,"href":"https:\/\/regbu.com\/it\/wp-json\/wp\/v2\/comments?post=1453"}],"version-history":[{"count":3,"href":"https:\/\/regbu.com\/it\/wp-json\/wp\/v2\/posts\/1453\/revisions"}],"predecessor-version":[{"id":1469,"href":"https:\/\/regbu.com\/it\/wp-json\/wp\/v2\/posts\/1453\/revisions\/1469"}],"wp:featuredmedia":[{"embeddable":true,"href":"https:\/\/regbu.com\/it\/wp-json\/wp\/v2\/media\/1467"}],"wp:attachment":[{"href":"https:\/\/regbu.com\/it\/wp-json\/wp\/v2\/media?parent=1453"}],"wp:term":[{"taxonomy":"category","embeddable":true,"href":"https:\/\/regbu.com\/it\/wp-json\/wp\/v2\/categories?post=1453"},{"taxonomy":"post_tag","embeddable":true,"href":"https:\/\/regbu.com\/it\/wp-json\/wp\/v2\/tags?post=1453"}],"curies":[{"name":"wp","href":"https:\/\/api.w.org\/{rel}","templated":true}]}}