{"id":1330,"date":"2023-07-31T14:29:04","date_gmt":"2023-07-31T12:29:04","guid":{"rendered":"https:\/\/regbu.com\/?p=1330"},"modified":"2025-09-05T07:40:38","modified_gmt":"2025-09-05T05:40:38","slug":"bezecka-vesta-musi-odpovidat-vasim-potrebam","status":"publish","type":"post","link":"https:\/\/regbu.com\/it\/la-catena-cosa-dovra-rispondere-alle-nostre-esigenze\/","title":{"rendered":"Il gilet da corsa deve essere adatto alle vostre esigenze"},"content":{"rendered":"<p>Negli ultimi anni la canottiera da corsa \u00e8 diventata parte integrante di molti atleti. \u00c8 un pezzo importante dell'equipaggiamento di un corridore, proprio come, per esempio <strong><a href=\"https:\/\/regbu.com\/it\/scarponi-da-corsa-adatti-a-stili-di-corsa-con-le-mani\/\">scarpe da corsa<\/a><\/strong>. Questo accessorio non \u00e8 un accessorio di moda o di calore. Non ne ha bisogno quando si corre. Il gilet ha un ruolo completamente diverso.<\/p>\n\n\n\n<ul class=\"wp-block-list\">\n<li>Diventa una riserva d'acqua<\/li>\n\n\n\n<li>Offre spazio di archiviazione<\/li>\n\n\n\n<li>Svolge un ruolo pratico<\/li>\n<\/ul>\n\n\n\n<p>Grazie al gilet da corsa, non \u00e8 necessario tenere in mano nulla durante la corsa. Anche se non avete bisogno di molto durante la corsa, potete riporre al suo interno tutto l'essenziale, soprattutto per quanto riguarda un sufficiente apporto di liquidi.<\/p>\n\n\n\n<h2 class=\"wp-block-heading\">Gilet da corsa e capacit\u00e0<\/h2>\n\n\n\n<p>S\u00ec, quando si sceglie un qualsiasi capo di abbigliamento sportivo, bisogna assicurarsi di scegliere la taglia giusta. Tuttavia, un gilet da corsa richiede un approccio leggermente diverso. Concentratevi su quanto sar\u00e0 grande <strong>capacit\u00e0 idrica<\/strong>. Questo parametro dipende dalla lunghezza della corsa regolare.<\/p>\n\n\n\n<figure class=\"wp-block-table\"><table><tbody><tr><td><strong>Capacit\u00e0 del giubbotto<\/strong><\/td><td><strong>Lunghezza della corsa<\/strong><\/td><\/tr><tr><td>2 l<\/td><td>Da 1 a 2 ore<\/td><\/tr><tr><td>Da 2 a 5 l<\/td><td>da 3 a 4 ore<\/td><\/tr><tr><td>Da 4 a 11 l<\/td><td>Da 4 a 6 ore<\/td><\/tr><tr><td>Da 6 a 15 l<\/td><td>Pi\u00f9 di 6 ore<\/td><\/tr><\/tbody><\/table><figcaption class=\"wp-element-caption\">Di quale giubbotto di capacit\u00e0 avete bisogno in base alla lunghezza del percorso?<\/figcaption><\/figure>\n\n\n\n<p>Il gilet da corsa per l'idratazione contiene una speciale sacca situata sulla schiena. Da essa parte un tubo flessibile con un boccaglio che arriva fino alla parte anteriore. Durante la corsa, \u00e8 possibile bere rapidamente e facilmente senza fermarsi.<\/p>\n\n\n\n<h3 class=\"wp-block-heading\">Altri parametri del giubbotto da corsa<\/h3>\n\n\n\n<p>L'idrovora non \u00e8 l'unico modo per trasportare l'acqua attraverso il giubbotto. Esistono modelli di gilet progettati per le borracce situate nella parte anteriore. La scelta specifica spetta quindi a voi, tenendo conto anche del tipo di corsa. Resta comunque il fatto che il <strong>idrovore speciali sul retro<\/strong> pu\u00f2 contenere pi\u00f9 acqua.<\/p>\n\n\n\n<p>Ogni corridore esige il massimo comfort durante la corsa, e questo vale anche nel caso di un gilet da corsa. Scegliete una vestibilit\u00e0 che non vi appesantisca, che si tratti delle dimensioni del gilet, della larghezza delle cinghie, dei bottoni di plastica, ecc. La canottiera deve essere della misura giusta, in modo che non vi limiti in alcun modo e si adatti perfettamente alla vostra corsa. Qualsiasi fluttuazione o rimbalzo \u00e8 indesiderabile. <em>Ideale \u00e8 un taglio direttamente sul corpo<\/em>.<\/p>","protected":false},"excerpt":{"rendered":"<p>Negli ultimi anni la canottiera da corsa \u00e8 diventata parte integrante di molti atleti. \u00c8 un pezzo importante dell'equipaggiamento di un corridore, proprio come le scarpe da corsa. Questo accessorio non \u00e8 un elemento di moda o di calore. Non ne abbiamo bisogno quando corriamo. Il gilet svolge un ruolo completamente diverso. Con un gilet da corsa, non \u00e8 necessario portare nulla in mano durante la corsa. I ... <\/p>","protected":false},"author":2,"featured_media":1331,"comment_status":"closed","ping_status":"closed","sticky":false,"template":"","format":"standard","meta":{"footnotes":""},"categories":[9],"tags":[847,846,1580,1583,1581,1582,911,1584,1018,812],"class_list":["post-1330","post","type-post","status-publish","format-standard","has-post-thumbnail","hentry","category-sport","tag-beh","tag-behani","tag-bezecka-vesta","tag-hydrovak","tag-kapacita","tag-kapacita-vesty","tag-lahev","tag-tekutina","tag-vesta","tag-voda"],"yoast_head":"<!-- This site is optimized with the Yoast SEO plugin v27.4 - https:\/\/yoast.com\/product\/yoast-seo-wordpress\/ -->\n<title>B\u011b\u017eeck\u00e1 vesta mus\u00ed odpov\u00eddat Va\u0161im pot\u0159eb\u00e1m - REGBU.COM<\/title>\n<meta name=\"description\" content=\"B\u011b\u017eeck\u00e1 vesta se stane praktick\u00fdm dopl\u0148kem pro V\u00e1\u0161 ka\u017edodenn\u00ed b\u011bh. Zjist\u011bte, jak\u00e9 m\u00e1te mo\u017enosti p\u0159i jej\u00edm v\u00fdb\u011bru.\" \/>\n<meta name=\"robots\" content=\"index, follow, max-snippet:-1, max-image-preview:large, max-video-preview:-1\" \/>\n<link rel=\"canonical\" href=\"https:\/\/regbu.com\/it\/la-catena-cosa-dovra-rispondere-alle-nostre-esigenze\/\" \/>\n<meta property=\"og:locale\" content=\"it_IT\" \/>\n<meta property=\"og:type\" content=\"article\" \/>\n<meta property=\"og:title\" content=\"B\u011b\u017eeck\u00e1 vesta mus\u00ed odpov\u00eddat Va\u0161im pot\u0159eb\u00e1m - REGBU.COM\" \/>\n<meta property=\"og:description\" content=\"B\u011b\u017eeck\u00e1 vesta se stane praktick\u00fdm dopl\u0148kem pro V\u00e1\u0161 ka\u017edodenn\u00ed b\u011bh. Zjist\u011bte, jak\u00e9 m\u00e1te mo\u017enosti p\u0159i jej\u00edm v\u00fdb\u011bru.\" \/>\n<meta property=\"og:url\" content=\"https:\/\/regbu.com\/it\/la-catena-cosa-dovra-rispondere-alle-nostre-esigenze\/\" \/>\n<meta property=\"og:site_name\" content=\"REGBU.COM\" \/>\n<meta property=\"article:published_time\" content=\"2023-07-31T12:29:04+00:00\" \/>\n<meta property=\"article:modified_time\" content=\"2025-09-05T05:40:38+00:00\" \/>\n<meta property=\"og:image\" content=\"https:\/\/regbu.com\/wp-content\/uploads\/2023\/07\/bezecka-vesta-musi-odpovidat-vasim-potrebam.jpg\" \/>\n\t<meta property=\"og:image:width\" content=\"1200\" \/>\n\t<meta property=\"og:image:height\" content=\"675\" \/>\n\t<meta property=\"og:image:type\" content=\"image\/jpeg\" \/>\n<meta name=\"author\" content=\"George Martin\" \/>\n<meta name=\"twitter:card\" content=\"summary_large_image\" \/>\n<meta name=\"twitter:label1\" content=\"Scritto da\" \/>\n\t<meta name=\"twitter:data1\" content=\"George Martin\" \/>\n\t<meta name=\"twitter:label2\" content=\"Tempo di lettura stimato\" \/>\n\t<meta name=\"twitter:data2\" content=\"2 minuti\" \/>\n<script type=\"application\/ld+json\" class=\"yoast-schema-graph\">{\"@context\":\"https:\\\/\\\/schema.org\",\"@graph\":[{\"@type\":\"Article\",\"@id\":\"https:\\\/\\\/regbu.com\\\/it\\\/la-catena-cosa-dovra-rispondere-alle-nostre-esigenze\\\/#article\",\"isPartOf\":{\"@id\":\"https:\\\/\\\/regbu.com\\\/it\\\/la-catena-cosa-dovra-rispondere-alle-nostre-esigenze\\\/\"},\"author\":{\"name\":\"George Martin\",\"@id\":\"https:\\\/\\\/regbu.com\\\/en\\\/#\\\/schema\\\/person\\\/94ea9deda2629771b8a9ced002f6784e\"},\"headline\":\"B\u011b\u017eeck\u00e1 vesta mus\u00ed odpov\u00eddat Va\u0161im pot\u0159eb\u00e1m\",\"datePublished\":\"2023-07-31T12:29:04+00:00\",\"dateModified\":\"2025-09-05T05:40:38+00:00\",\"mainEntityOfPage\":{\"@id\":\"https:\\\/\\\/regbu.com\\\/it\\\/la-catena-cosa-dovra-rispondere-alle-nostre-esigenze\\\/\"},\"wordCount\":461,\"image\":{\"@id\":\"https:\\\/\\\/regbu.com\\\/it\\\/la-catena-cosa-dovra-rispondere-alle-nostre-esigenze\\\/#primaryimage\"},\"thumbnailUrl\":\"https:\\\/\\\/regbu.com\\\/wp-content\\\/uploads\\\/2023\\\/07\\\/bezecka-vesta-musi-odpovidat-vasim-potrebam.jpg\",\"keywords\":[\"b\u011bh\",\"b\u011bh\u00e1n\u00ed\",\"b\u011b\u017eeck\u00e1 vesta\",\"hydrovak\",\"kapacita\",\"kapacita vesty\",\"l\u00e1hev\",\"tekutina\",\"vesta\",\"voda\"],\"articleSection\":[\"Sport\"],\"inLanguage\":\"it-IT\"},{\"@type\":\"WebPage\",\"@id\":\"https:\\\/\\\/regbu.com\\\/it\\\/la-catena-cosa-dovra-rispondere-alle-nostre-esigenze\\\/\",\"url\":\"https:\\\/\\\/regbu.com\\\/it\\\/la-catena-cosa-dovra-rispondere-alle-nostre-esigenze\\\/\",\"name\":\"B\u011b\u017eeck\u00e1 vesta mus\u00ed odpov\u00eddat Va\u0161im pot\u0159eb\u00e1m - REGBU.COM\",\"isPartOf\":{\"@id\":\"https:\\\/\\\/regbu.com\\\/en\\\/#website\"},\"primaryImageOfPage\":{\"@id\":\"https:\\\/\\\/regbu.com\\\/it\\\/la-catena-cosa-dovra-rispondere-alle-nostre-esigenze\\\/#primaryimage\"},\"image\":{\"@id\":\"https:\\\/\\\/regbu.com\\\/it\\\/la-catena-cosa-dovra-rispondere-alle-nostre-esigenze\\\/#primaryimage\"},\"thumbnailUrl\":\"https:\\\/\\\/regbu.com\\\/wp-content\\\/uploads\\\/2023\\\/07\\\/bezecka-vesta-musi-odpovidat-vasim-potrebam.jpg\",\"datePublished\":\"2023-07-31T12:29:04+00:00\",\"dateModified\":\"2025-09-05T05:40:38+00:00\",\"author\":{\"@id\":\"https:\\\/\\\/regbu.com\\\/en\\\/#\\\/schema\\\/person\\\/94ea9deda2629771b8a9ced002f6784e\"},\"description\":\"B\u011b\u017eeck\u00e1 vesta se stane praktick\u00fdm dopl\u0148kem pro V\u00e1\u0161 ka\u017edodenn\u00ed b\u011bh. Zjist\u011bte, jak\u00e9 m\u00e1te mo\u017enosti p\u0159i jej\u00edm v\u00fdb\u011bru.\",\"breadcrumb\":{\"@id\":\"https:\\\/\\\/regbu.com\\\/it\\\/la-catena-cosa-dovra-rispondere-alle-nostre-esigenze\\\/#breadcrumb\"},\"inLanguage\":\"it-IT\",\"potentialAction\":[{\"@type\":\"ReadAction\",\"target\":[\"https:\\\/\\\/regbu.com\\\/it\\\/la-catena-cosa-dovra-rispondere-alle-nostre-esigenze\\\/\"]}]},{\"@type\":\"ImageObject\",\"inLanguage\":\"it-IT\",\"@id\":\"https:\\\/\\\/regbu.com\\\/it\\\/la-catena-cosa-dovra-rispondere-alle-nostre-esigenze\\\/#primaryimage\",\"url\":\"https:\\\/\\\/regbu.com\\\/wp-content\\\/uploads\\\/2023\\\/07\\\/bezecka-vesta-musi-odpovidat-vasim-potrebam.jpg\",\"contentUrl\":\"https:\\\/\\\/regbu.com\\\/wp-content\\\/uploads\\\/2023\\\/07\\\/bezecka-vesta-musi-odpovidat-vasim-potrebam.jpg\",\"width\":1200,\"height\":675,\"caption\":\"B\u011b\u017eeck\u00e1 vesta mus\u00ed odpov\u00eddat Va\u0161im pot\u0159eb\u00e1m\"},{\"@type\":\"BreadcrumbList\",\"@id\":\"https:\\\/\\\/regbu.com\\\/it\\\/la-catena-cosa-dovra-rispondere-alle-nostre-esigenze\\\/#breadcrumb\",\"itemListElement\":[{\"@type\":\"ListItem\",\"position\":1,\"name\":\"Home\",\"item\":\"https:\\\/\\\/regbu.com\\\/en\\\/\"},{\"@type\":\"ListItem\",\"position\":2,\"name\":\"B\u011b\u017eeck\u00e1 vesta mus\u00ed odpov\u00eddat Va\u0161im pot\u0159eb\u00e1m\"}]},{\"@type\":\"WebSite\",\"@id\":\"https:\\\/\\\/regbu.com\\\/en\\\/#website\",\"url\":\"https:\\\/\\\/regbu.com\\\/en\\\/\",\"name\":\"REGBU.COM\",\"description\":\"\",\"potentialAction\":[{\"@type\":\"SearchAction\",\"target\":{\"@type\":\"EntryPoint\",\"urlTemplate\":\"https:\\\/\\\/regbu.com\\\/en\\\/?s={search_term_string}\"},\"query-input\":{\"@type\":\"PropertyValueSpecification\",\"valueRequired\":true,\"valueName\":\"search_term_string\"}}],\"inLanguage\":\"it-IT\"},{\"@type\":\"Person\",\"@id\":\"https:\\\/\\\/regbu.com\\\/en\\\/#\\\/schema\\\/person\\\/94ea9deda2629771b8a9ced002f6784e\",\"name\":\"George Martin\",\"url\":\"https:\\\/\\\/regbu.com\\\/it\\\/author\\\/george-martin\\\/\"}]}<\/script>\n<!-- \/ Yoast SEO plugin. -->","yoast_head_json":{"title":"Il gilet da corsa deve essere adatto alle vostre esigenze - REGBU.COM","description":"Il gilet da corsa diventer\u00e0 un pratico accessorio per la vostra corsa quotidiana. Scoprite quali opzioni avete a disposizione per sceglierne uno.","robots":{"index":"index","follow":"follow","max-snippet":"max-snippet:-1","max-image-preview":"max-image-preview:large","max-video-preview":"max-video-preview:-1"},"canonical":"https:\/\/regbu.com\/it\/la-catena-cosa-dovra-rispondere-alle-nostre-esigenze\/","og_locale":"it_IT","og_type":"article","og_title":"B\u011b\u017eeck\u00e1 vesta mus\u00ed odpov\u00eddat Va\u0161im pot\u0159eb\u00e1m - REGBU.COM","og_description":"B\u011b\u017eeck\u00e1 vesta se stane praktick\u00fdm dopl\u0148kem pro V\u00e1\u0161 ka\u017edodenn\u00ed b\u011bh. Zjist\u011bte, jak\u00e9 m\u00e1te mo\u017enosti p\u0159i jej\u00edm v\u00fdb\u011bru.","og_url":"https:\/\/regbu.com\/it\/la-catena-cosa-dovra-rispondere-alle-nostre-esigenze\/","og_site_name":"REGBU.COM","article_published_time":"2023-07-31T12:29:04+00:00","article_modified_time":"2025-09-05T05:40:38+00:00","og_image":[{"width":1200,"height":675,"url":"https:\/\/regbu.com\/wp-content\/uploads\/2023\/07\/bezecka-vesta-musi-odpovidat-vasim-potrebam.jpg","type":"image\/jpeg"}],"author":"George Martin","twitter_card":"summary_large_image","twitter_misc":{"Scritto da":"George Martin","Tempo di lettura stimato":"2 minuti"},"schema":{"@context":"https:\/\/schema.org","@graph":[{"@type":"Article","@id":"https:\/\/regbu.com\/it\/la-catena-cosa-dovra-rispondere-alle-nostre-esigenze\/#article","isPartOf":{"@id":"https:\/\/regbu.com\/it\/la-catena-cosa-dovra-rispondere-alle-nostre-esigenze\/"},"author":{"name":"George Martin","@id":"https:\/\/regbu.com\/en\/#\/schema\/person\/94ea9deda2629771b8a9ced002f6784e"},"headline":"B\u011b\u017eeck\u00e1 vesta mus\u00ed odpov\u00eddat Va\u0161im pot\u0159eb\u00e1m","datePublished":"2023-07-31T12:29:04+00:00","dateModified":"2025-09-05T05:40:38+00:00","mainEntityOfPage":{"@id":"https:\/\/regbu.com\/it\/la-catena-cosa-dovra-rispondere-alle-nostre-esigenze\/"},"wordCount":461,"image":{"@id":"https:\/\/regbu.com\/it\/la-catena-cosa-dovra-rispondere-alle-nostre-esigenze\/#primaryimage"},"thumbnailUrl":"https:\/\/regbu.com\/wp-content\/uploads\/2023\/07\/bezecka-vesta-musi-odpovidat-vasim-potrebam.jpg","keywords":["b\u011bh","b\u011bh\u00e1n\u00ed","b\u011b\u017eeck\u00e1 vesta","hydrovak","kapacita","kapacita vesty","l\u00e1hev","tekutina","vesta","voda"],"articleSection":["Sport"],"inLanguage":"it-IT"},{"@type":"WebPage","@id":"https:\/\/regbu.com\/it\/la-catena-cosa-dovra-rispondere-alle-nostre-esigenze\/","url":"https:\/\/regbu.com\/it\/la-catena-cosa-dovra-rispondere-alle-nostre-esigenze\/","name":"Il gilet da corsa deve essere adatto alle vostre esigenze - REGBU.COM","isPartOf":{"@id":"https:\/\/regbu.com\/en\/#website"},"primaryImageOfPage":{"@id":"https:\/\/regbu.com\/it\/la-catena-cosa-dovra-rispondere-alle-nostre-esigenze\/#primaryimage"},"image":{"@id":"https:\/\/regbu.com\/it\/la-catena-cosa-dovra-rispondere-alle-nostre-esigenze\/#primaryimage"},"thumbnailUrl":"https:\/\/regbu.com\/wp-content\/uploads\/2023\/07\/bezecka-vesta-musi-odpovidat-vasim-potrebam.jpg","datePublished":"2023-07-31T12:29:04+00:00","dateModified":"2025-09-05T05:40:38+00:00","author":{"@id":"https:\/\/regbu.com\/en\/#\/schema\/person\/94ea9deda2629771b8a9ced002f6784e"},"description":"Il gilet da corsa diventer\u00e0 un pratico accessorio per la vostra corsa quotidiana. Scoprite quali opzioni avete a disposizione per sceglierne uno.","breadcrumb":{"@id":"https:\/\/regbu.com\/it\/la-catena-cosa-dovra-rispondere-alle-nostre-esigenze\/#breadcrumb"},"inLanguage":"it-IT","potentialAction":[{"@type":"ReadAction","target":["https:\/\/regbu.com\/it\/la-catena-cosa-dovra-rispondere-alle-nostre-esigenze\/"]}]},{"@type":"ImageObject","inLanguage":"it-IT","@id":"https:\/\/regbu.com\/it\/la-catena-cosa-dovra-rispondere-alle-nostre-esigenze\/#primaryimage","url":"https:\/\/regbu.com\/wp-content\/uploads\/2023\/07\/bezecka-vesta-musi-odpovidat-vasim-potrebam.jpg","contentUrl":"https:\/\/regbu.com\/wp-content\/uploads\/2023\/07\/bezecka-vesta-musi-odpovidat-vasim-potrebam.jpg","width":1200,"height":675,"caption":"B\u011b\u017eeck\u00e1 vesta mus\u00ed odpov\u00eddat Va\u0161im pot\u0159eb\u00e1m"},{"@type":"BreadcrumbList","@id":"https:\/\/regbu.com\/it\/la-catena-cosa-dovra-rispondere-alle-nostre-esigenze\/#breadcrumb","itemListElement":[{"@type":"ListItem","position":1,"name":"Home","item":"https:\/\/regbu.com\/en\/"},{"@type":"ListItem","position":2,"name":"B\u011b\u017eeck\u00e1 vesta mus\u00ed odpov\u00eddat Va\u0161im pot\u0159eb\u00e1m"}]},{"@type":"WebSite","@id":"https:\/\/regbu.com\/en\/#website","url":"https:\/\/regbu.com\/en\/","name":"REGBU.COM","description":"","potentialAction":[{"@type":"SearchAction","target":{"@type":"EntryPoint","urlTemplate":"https:\/\/regbu.com\/en\/?s={search_term_string}"},"query-input":{"@type":"PropertyValueSpecification","valueRequired":true,"valueName":"search_term_string"}}],"inLanguage":"it-IT"},{"@type":"Person","@id":"https:\/\/regbu.com\/en\/#\/schema\/person\/94ea9deda2629771b8a9ced002f6784e","name":"George Martin","url":"https:\/\/regbu.com\/it\/author\/george-martin\/"}]}},"_links":{"self":[{"href":"https:\/\/regbu.com\/it\/wp-json\/wp\/v2\/posts\/1330","targetHints":{"allow":["GET"]}}],"collection":[{"href":"https:\/\/regbu.com\/it\/wp-json\/wp\/v2\/posts"}],"about":[{"href":"https:\/\/regbu.com\/it\/wp-json\/wp\/v2\/types\/post"}],"author":[{"embeddable":true,"href":"https:\/\/regbu.com\/it\/wp-json\/wp\/v2\/users\/2"}],"replies":[{"embeddable":true,"href":"https:\/\/regbu.com\/it\/wp-json\/wp\/v2\/comments?post=1330"}],"version-history":[{"count":3,"href":"https:\/\/regbu.com\/it\/wp-json\/wp\/v2\/posts\/1330\/revisions"}],"predecessor-version":[{"id":1355,"href":"https:\/\/regbu.com\/it\/wp-json\/wp\/v2\/posts\/1330\/revisions\/1355"}],"wp:featuredmedia":[{"embeddable":true,"href":"https:\/\/regbu.com\/it\/wp-json\/wp\/v2\/media\/1331"}],"wp:attachment":[{"href":"https:\/\/regbu.com\/it\/wp-json\/wp\/v2\/media?parent=1330"}],"wp:term":[{"taxonomy":"category","embeddable":true,"href":"https:\/\/regbu.com\/it\/wp-json\/wp\/v2\/categories?post=1330"},{"taxonomy":"post_tag","embeddable":true,"href":"https:\/\/regbu.com\/it\/wp-json\/wp\/v2\/tags?post=1330"}],"curies":[{"name":"wp","href":"https:\/\/api.w.org\/{rel}","templated":true}]}}