{"id":1277,"date":"2023-07-26T07:56:04","date_gmt":"2023-07-26T05:56:04","guid":{"rendered":"https:\/\/regbu.com\/?p=1277"},"modified":"2025-09-05T07:40:25","modified_gmt":"2025-09-05T05:40:25","slug":"povinne-ockovani-jemuz-se-deti-nevyhnou","status":"publish","type":"post","link":"https:\/\/regbu.com\/it\/obbligo-di-sbarcare-se-i-bambini-non-escono\/","title":{"rendered":"Vaccinazioni obbligatorie che i bambini non possono evitare"},"content":{"rendered":"<p>Le vaccinazioni obbligatorie attendono ciascuno di noi nel corso della propria vita. Pensiamo ora alle vaccinazioni nell'infanzia, che non siamo in grado di decidere. Questo atto \u00e8 regolato dal relativo decreto. \u00c8 vero che ogni Paese lo prevede in modo un po' diverso. Di conseguenza, ci sono molte somiglianze. La vaccinazione all'inizio di tutto \u00e8 in realt\u00e0 allo scopo di\u00a0<strong><a href=\"https:\/\/regbu.com\/it\/rafforzare-il-sistema-immunitario-nella-pratica\/\">rafforzare il sistema immunitario<\/a><\/strong>.<\/p>\n\n\n\n<ul class=\"wp-block-list\">\n<li>Vaccinarsi fin dalla pi\u00f9 tenera et\u00e0<\/li>\n\n\n\n<li>I bambini e gli adolescenti sono vaccinati<\/li>\n\n\n\n<li>Le vaccinazioni vengono effettuate da un medico di medicina generale<\/li>\n<\/ul>\n\n\n\n<p>Se ci si concentra sulle vaccinazioni obbligatorie in Repubblica Ceca, si incontrano in totale nove diversi tipi di vaccini. Alcuni sono obbligatori, altri sono facoltativi e volontari.<\/p>\n\n\n\n<h2 class=\"wp-block-heading\">Vaccinazioni facoltative - Vaccini<\/h2>\n\n\n\n<p>L'elenco delle vaccinazioni facoltative comprende sicuramente <strong>malattie da pneumococco<\/strong>. In questo caso, si utilizza un vaccino non vivente. Per i bambini pi\u00f9 grandi \u00e8 disponibile il vaccino HVP. Il pi\u00f9 delle volte viene somministrato intorno al tredicesimo compleanno del bambino. Questo gruppo di vaccini facoltativi comprende anche il meningococco. Anche in questo caso, sono i genitori del bambino a decidere la vaccinazione da fare.<\/p>\n\n\n\n<h3 class=\"wp-block-heading\">Vaccinazione obbligatoria - Domande e risposte<\/h3>\n\n\n\n<p>Ma ora concentriamoci sui vaccini obbligatori per i bambini piccoli. Questi sono richiesti dalla legge o dal decreto del Paese. Una di queste vaccinazioni \u00e8 <strong>esavaccino<\/strong>. Se non sapete cosa immaginare, leggete le righe seguenti.<\/p>\n\n\n\n<div class=\"schema-faq wp-block-yoast-faq-block\"><div class=\"schema-faq-section\" id=\"faq-question-1690437377500\"><strong class=\"schema-faq-question\">Che cos'\u00e8 l'esavaccino?<\/strong> <p class=\"schema-faq-answer\">Si tratta di un vaccino speciale contro il tetano, la pertosse, la difterite, la poliomielite e l'epatite virale B.<\/p> <\/div> <div class=\"schema-faq-section\" id=\"faq-question-1690437384207\"><strong class=\"schema-faq-question\">Quando viene somministrata l'esavaccina?<\/strong> <p class=\"schema-faq-answer\">Si applica intorno al terzo mese di et\u00e0 del bambino.<\/p> <\/div> <div class=\"schema-faq-section\" id=\"faq-question-1690437391824\"><strong class=\"schema-faq-question\">Quando viene somministrato il vaccino contro rosolia, parotite e morbillo?<\/strong> <p class=\"schema-faq-answer\">Questa vaccinazione obbligatoria viene somministrata tra il tredicesimo e il diciottesimo mese di et\u00e0 del bambino.<\/p> <\/div> <div class=\"schema-faq-section\" id=\"faq-question-1690437399852\"><strong class=\"schema-faq-question\">Quali altri vaccini combinati esistono?<\/strong> <p class=\"schema-faq-answer\">Ad esempio, la combinazione di difterite, pertosse e tetano nel quinto anno di et\u00e0 del bambino. La successiva rivaccinazione avviene nel decimo anno.<\/p> <\/div> <div class=\"schema-faq-section\" id=\"faq-question-1690437408632\"><strong class=\"schema-faq-question\">Quali sono le altre vaccinazioni rivolte a gruppi specifici di bambini?<\/strong> <p class=\"schema-faq-answer\">\u00c8 la vaccinazione contro l'HEP B. \u00c8 anche una vaccinazione contro la tubercolosi. Tuttavia, questi tipi di vaccinazioni vengono valutati dal medico individualmente.<\/p> <\/div> <\/div>","protected":false},"excerpt":{"rendered":"<p>Le vaccinazioni obbligatorie attendono ciascuno di noi nel corso della propria vita. Pensiamo ora alle vaccinazioni nell'infanzia, che non siamo in grado di decidere. Questo atto \u00e8 regolato dal relativo decreto. \u00c8 vero che ogni Paese lo prevede in modo un po' diverso. Di conseguenza, ci sono molte somiglianze. La vaccinazione, all'inizio di tutto, serve in realt\u00e0 a rafforzare ... <\/p>","protected":false},"author":2,"featured_media":1278,"comment_status":"closed","ping_status":"closed","sticky":false,"template":"","format":"standard","meta":{"footnotes":""},"categories":[197],"tags":[1538,1540,1537,1531,836,1536,901,1535,1541,1539],"class_list":["post-1277","post","type-post","status-publish","format-standard","has-post-thumbnail","hentry","category-lidske-zdravi","tag-cerny-kasel","tag-detska-obrna","tag-hexavakcina","tag-imunita","tag-imunitni-system","tag-nepovinne-ockovani","tag-ockovani","tag-povinne-ockovani","tag-vir","tag-zaskrt"],"yoast_head":"<!-- This site is optimized with the Yoast SEO plugin v27.4 - https:\/\/yoast.com\/product\/yoast-seo-wordpress\/ -->\n<title>Povinn\u00e9 o\u010dkov\u00e1n\u00ed, jemu\u017e se d\u011bti nevyhnou - REGBU.COM<\/title>\n<meta name=\"description\" content=\"V\u00edte, jak\u00e9 povinn\u00e9 o\u010dkov\u00e1n\u00ed je d\u016fle\u017eit\u00e9 pro Va\u0161e d\u00edt\u011b? Sezn\u00e1m\u00edme V\u00e1s s t\u011bmi nej\u010dast\u011bj\u0161\u00edmi i s t\u011bmi nepovinn\u00fdmi.\" \/>\n<meta name=\"robots\" content=\"index, follow, max-snippet:-1, max-image-preview:large, max-video-preview:-1\" \/>\n<link rel=\"canonical\" href=\"https:\/\/regbu.com\/it\/obbligo-di-sbarcare-se-i-bambini-non-escono\/\" \/>\n<meta property=\"og:locale\" content=\"it_IT\" \/>\n<meta property=\"og:type\" content=\"article\" \/>\n<meta property=\"og:title\" content=\"Povinn\u00e9 o\u010dkov\u00e1n\u00ed, jemu\u017e se d\u011bti nevyhnou - REGBU.COM\" \/>\n<meta property=\"og:description\" content=\"V\u00edte, jak\u00e9 povinn\u00e9 o\u010dkov\u00e1n\u00ed je d\u016fle\u017eit\u00e9 pro Va\u0161e d\u00edt\u011b? Sezn\u00e1m\u00edme V\u00e1s s t\u011bmi nej\u010dast\u011bj\u0161\u00edmi i s t\u011bmi nepovinn\u00fdmi.\" \/>\n<meta property=\"og:url\" content=\"https:\/\/regbu.com\/it\/obbligo-di-sbarcare-se-i-bambini-non-escono\/\" \/>\n<meta property=\"og:site_name\" content=\"REGBU.COM\" \/>\n<meta property=\"article:published_time\" content=\"2023-07-26T05:56:04+00:00\" \/>\n<meta property=\"article:modified_time\" content=\"2025-09-05T05:40:25+00:00\" \/>\n<meta property=\"og:image\" content=\"https:\/\/regbu.com\/wp-content\/uploads\/2023\/07\/povinne-ockovani-jemuz-se-deti-nevyhnou.jpg\" \/>\n\t<meta property=\"og:image:width\" content=\"1200\" \/>\n\t<meta property=\"og:image:height\" content=\"678\" \/>\n\t<meta property=\"og:image:type\" content=\"image\/jpeg\" \/>\n<meta name=\"author\" content=\"George Martin\" \/>\n<meta name=\"twitter:card\" content=\"summary_large_image\" \/>\n<meta name=\"twitter:label1\" content=\"Scritto da\" \/>\n\t<meta name=\"twitter:data1\" content=\"George Martin\" \/>\n\t<meta name=\"twitter:label2\" content=\"Tempo di lettura stimato\" \/>\n\t<meta name=\"twitter:data2\" content=\"2 minuti\" \/>\n<script type=\"application\/ld+json\" class=\"yoast-schema-graph\">{\"@context\":\"https:\\\/\\\/schema.org\",\"@graph\":[{\"@type\":\"Article\",\"@id\":\"https:\\\/\\\/regbu.com\\\/it\\\/obbligo-di-sbarcare-se-i-bambini-non-escono\\\/#article\",\"isPartOf\":{\"@id\":\"https:\\\/\\\/regbu.com\\\/it\\\/obbligo-di-sbarcare-se-i-bambini-non-escono\\\/\"},\"author\":{\"name\":\"George Martin\",\"@id\":\"https:\\\/\\\/regbu.com\\\/en\\\/#\\\/schema\\\/person\\\/94ea9deda2629771b8a9ced002f6784e\"},\"headline\":\"Povinn\u00e9 o\u010dkov\u00e1n\u00ed, jemu\u017e se d\u011bti nevyhnou\",\"datePublished\":\"2023-07-26T05:56:04+00:00\",\"dateModified\":\"2025-09-05T05:40:25+00:00\",\"mainEntityOfPage\":{\"@id\":\"https:\\\/\\\/regbu.com\\\/it\\\/obbligo-di-sbarcare-se-i-bambini-non-escono\\\/\"},\"wordCount\":492,\"image\":{\"@id\":\"https:\\\/\\\/regbu.com\\\/it\\\/obbligo-di-sbarcare-se-i-bambini-non-escono\\\/#primaryimage\"},\"thumbnailUrl\":\"https:\\\/\\\/regbu.com\\\/wp-content\\\/uploads\\\/2023\\\/07\\\/povinne-ockovani-jemuz-se-deti-nevyhnou.jpg\",\"keywords\":[\"\u010dern\u00fd ka\u0161el\",\"d\u011btsk\u00e1 obrna\",\"hexavakc\u00edna\",\"imunita\",\"imunitn\u00ed syst\u00e9m\",\"nepovinn\u00e9 o\u010dkov\u00e1n\u00ed\",\"o\u010dkov\u00e1n\u00ed\",\"povinn\u00e9 o\u010dkov\u00e1n\u00ed\",\"vir\",\"z\u00e1\u0161krt\"],\"articleSection\":[\"Lidsk\u00e9 Zdrav\u00ed\"],\"inLanguage\":\"it-IT\"},{\"@type\":[\"WebPage\",\"FAQPage\"],\"@id\":\"https:\\\/\\\/regbu.com\\\/it\\\/obbligo-di-sbarcare-se-i-bambini-non-escono\\\/\",\"url\":\"https:\\\/\\\/regbu.com\\\/it\\\/obbligo-di-sbarcare-se-i-bambini-non-escono\\\/\",\"name\":\"Povinn\u00e9 o\u010dkov\u00e1n\u00ed, jemu\u017e se d\u011bti nevyhnou - REGBU.COM\",\"isPartOf\":{\"@id\":\"https:\\\/\\\/regbu.com\\\/en\\\/#website\"},\"primaryImageOfPage\":{\"@id\":\"https:\\\/\\\/regbu.com\\\/it\\\/obbligo-di-sbarcare-se-i-bambini-non-escono\\\/#primaryimage\"},\"image\":{\"@id\":\"https:\\\/\\\/regbu.com\\\/it\\\/obbligo-di-sbarcare-se-i-bambini-non-escono\\\/#primaryimage\"},\"thumbnailUrl\":\"https:\\\/\\\/regbu.com\\\/wp-content\\\/uploads\\\/2023\\\/07\\\/povinne-ockovani-jemuz-se-deti-nevyhnou.jpg\",\"datePublished\":\"2023-07-26T05:56:04+00:00\",\"dateModified\":\"2025-09-05T05:40:25+00:00\",\"author\":{\"@id\":\"https:\\\/\\\/regbu.com\\\/en\\\/#\\\/schema\\\/person\\\/94ea9deda2629771b8a9ced002f6784e\"},\"description\":\"V\u00edte, jak\u00e9 povinn\u00e9 o\u010dkov\u00e1n\u00ed je d\u016fle\u017eit\u00e9 pro Va\u0161e d\u00edt\u011b? Sezn\u00e1m\u00edme V\u00e1s s t\u011bmi nej\u010dast\u011bj\u0161\u00edmi i s t\u011bmi nepovinn\u00fdmi.\",\"breadcrumb\":{\"@id\":\"https:\\\/\\\/regbu.com\\\/it\\\/obbligo-di-sbarcare-se-i-bambini-non-escono\\\/#breadcrumb\"},\"mainEntity\":[{\"@id\":\"https:\\\/\\\/regbu.com\\\/it\\\/obbligo-di-sbarcare-se-i-bambini-non-escono\\\/#faq-question-1690437377500\"},{\"@id\":\"https:\\\/\\\/regbu.com\\\/it\\\/obbligo-di-sbarcare-se-i-bambini-non-escono\\\/#faq-question-1690437384207\"},{\"@id\":\"https:\\\/\\\/regbu.com\\\/it\\\/obbligo-di-sbarcare-se-i-bambini-non-escono\\\/#faq-question-1690437391824\"},{\"@id\":\"https:\\\/\\\/regbu.com\\\/it\\\/obbligo-di-sbarcare-se-i-bambini-non-escono\\\/#faq-question-1690437399852\"},{\"@id\":\"https:\\\/\\\/regbu.com\\\/it\\\/obbligo-di-sbarcare-se-i-bambini-non-escono\\\/#faq-question-1690437408632\"}],\"inLanguage\":\"it-IT\",\"potentialAction\":[{\"@type\":\"ReadAction\",\"target\":[\"https:\\\/\\\/regbu.com\\\/it\\\/obbligo-di-sbarcare-se-i-bambini-non-escono\\\/\"]}]},{\"@type\":\"ImageObject\",\"inLanguage\":\"it-IT\",\"@id\":\"https:\\\/\\\/regbu.com\\\/it\\\/obbligo-di-sbarcare-se-i-bambini-non-escono\\\/#primaryimage\",\"url\":\"https:\\\/\\\/regbu.com\\\/wp-content\\\/uploads\\\/2023\\\/07\\\/povinne-ockovani-jemuz-se-deti-nevyhnou.jpg\",\"contentUrl\":\"https:\\\/\\\/regbu.com\\\/wp-content\\\/uploads\\\/2023\\\/07\\\/povinne-ockovani-jemuz-se-deti-nevyhnou.jpg\",\"width\":1200,\"height\":678,\"caption\":\"Povinn\u00e9 o\u010dkov\u00e1n\u00ed, jemu\u017e se d\u011bti nevyhnou\"},{\"@type\":\"BreadcrumbList\",\"@id\":\"https:\\\/\\\/regbu.com\\\/it\\\/obbligo-di-sbarcare-se-i-bambini-non-escono\\\/#breadcrumb\",\"itemListElement\":[{\"@type\":\"ListItem\",\"position\":1,\"name\":\"Home\",\"item\":\"https:\\\/\\\/regbu.com\\\/en\\\/\"},{\"@type\":\"ListItem\",\"position\":2,\"name\":\"Povinn\u00e9 o\u010dkov\u00e1n\u00ed, jemu\u017e se d\u011bti nevyhnou\"}]},{\"@type\":\"WebSite\",\"@id\":\"https:\\\/\\\/regbu.com\\\/en\\\/#website\",\"url\":\"https:\\\/\\\/regbu.com\\\/en\\\/\",\"name\":\"REGBU.COM\",\"description\":\"\",\"potentialAction\":[{\"@type\":\"SearchAction\",\"target\":{\"@type\":\"EntryPoint\",\"urlTemplate\":\"https:\\\/\\\/regbu.com\\\/en\\\/?s={search_term_string}\"},\"query-input\":{\"@type\":\"PropertyValueSpecification\",\"valueRequired\":true,\"valueName\":\"search_term_string\"}}],\"inLanguage\":\"it-IT\"},{\"@type\":\"Person\",\"@id\":\"https:\\\/\\\/regbu.com\\\/en\\\/#\\\/schema\\\/person\\\/94ea9deda2629771b8a9ced002f6784e\",\"name\":\"George Martin\",\"url\":\"https:\\\/\\\/regbu.com\\\/it\\\/author\\\/george-martin\\\/\"},{\"@type\":\"Question\",\"@id\":\"https:\\\/\\\/regbu.com\\\/it\\\/obbligo-di-sbarcare-se-i-bambini-non-escono\\\/#faq-question-1690437377500\",\"position\":1,\"url\":\"https:\\\/\\\/regbu.com\\\/it\\\/obbligo-di-sbarcare-se-i-bambini-non-escono\\\/#faq-question-1690437377500\",\"name\":\"Co je to hexavakc\u00edna?\",\"answerCount\":1,\"acceptedAnswer\":{\"@type\":\"Answer\",\"text\":\"Jde o speci\u00e1ln\u00ed vakc\u00ednu ur\u010denou proti tetanu, \u010dern\u00e9mu ka\u0161lu, z\u00e1\u0161krtu, d\u011btsk\u00e9 obrn\u011b a virov\u00e9 hepatitid\u011b skupiny B.\",\"inLanguage\":\"it-IT\"},\"inLanguage\":\"it-IT\"},{\"@type\":\"Question\",\"@id\":\"https:\\\/\\\/regbu.com\\\/it\\\/obbligo-di-sbarcare-se-i-bambini-non-escono\\\/#faq-question-1690437384207\",\"position\":2,\"url\":\"https:\\\/\\\/regbu.com\\\/it\\\/obbligo-di-sbarcare-se-i-bambini-non-escono\\\/#faq-question-1690437384207\",\"name\":\"Kdy se pod\u00e1v\u00e1 hexavakc\u00edna?\",\"answerCount\":1,\"acceptedAnswer\":{\"@type\":\"Answer\",\"text\":\"Aplikuje se zhruba ve t\u0159et\u00edm m\u011bs\u00edci v\u011bku d\u00edt\u011bte.\",\"inLanguage\":\"it-IT\"},\"inLanguage\":\"it-IT\"},{\"@type\":\"Question\",\"@id\":\"https:\\\/\\\/regbu.com\\\/it\\\/obbligo-di-sbarcare-se-i-bambini-non-escono\\\/#faq-question-1690437391824\",\"position\":3,\"url\":\"https:\\\/\\\/regbu.com\\\/it\\\/obbligo-di-sbarcare-se-i-bambini-non-escono\\\/#faq-question-1690437391824\",\"name\":\"Kdy se pod\u00e1v\u00e1 vakc\u00edna proti zard\u011bnk\u00e1m, p\u0159\u00edu\u0161nic\u00edm a spalni\u010dk\u00e1m?\",\"answerCount\":1,\"acceptedAnswer\":{\"@type\":\"Answer\",\"text\":\"Toto povinn\u00e9 o\u010dkov\u00e1n\u00ed je aplikov\u00e1no mezi t\u0159in\u00e1ct\u00fdm a osmn\u00e1ct\u00fdm m\u011bs\u00edcem v\u011bku d\u00edt\u011bte.\",\"inLanguage\":\"it-IT\"},\"inLanguage\":\"it-IT\"},{\"@type\":\"Question\",\"@id\":\"https:\\\/\\\/regbu.com\\\/it\\\/obbligo-di-sbarcare-se-i-bambini-non-escono\\\/#faq-question-1690437399852\",\"position\":4,\"url\":\"https:\\\/\\\/regbu.com\\\/it\\\/obbligo-di-sbarcare-se-i-bambini-non-escono\\\/#faq-question-1690437399852\",\"name\":\"Jak\u00e9 jin\u00e9 kombinovan\u00e9 vakc\u00edny je\u0161t\u011b existuj\u00ed?\",\"answerCount\":1,\"acceptedAnswer\":{\"@type\":\"Answer\",\"text\":\"Jmenovat lze nap\u0159\u00edklad kombinaci z\u00e1\u0161krtu, \u010dern\u00e9ho ka\u0161le a tetanu v p\u00e1t\u00e9m roce v\u011bku d\u00edt\u011bte. N\u00e1sledn\u00e9 p\u0159eo\u010dkov\u00e1n\u00ed prob\u00edh\u00e1 je\u0161t\u011b v des\u00e1t\u00e9m roce.\",\"inLanguage\":\"it-IT\"},\"inLanguage\":\"it-IT\"},{\"@type\":\"Question\",\"@id\":\"https:\\\/\\\/regbu.com\\\/it\\\/obbligo-di-sbarcare-se-i-bambini-non-escono\\\/#faq-question-1690437408632\",\"position\":5,\"url\":\"https:\\\/\\\/regbu.com\\\/it\\\/obbligo-di-sbarcare-se-i-bambini-non-escono\\\/#faq-question-1690437408632\",\"name\":\"Jak\u00e1 jsou dal\u0161\u00ed o\u010dkov\u00e1n\u00ed zam\u011b\u0159en\u00e1 na ur\u010dit\u00e9 skupiny d\u011bt\u00ed?\",\"answerCount\":1,\"acceptedAnswer\":{\"@type\":\"Answer\",\"text\":\"Je to o\u010dkov\u00e1n\u00ed proti HEP B. D\u00e1le tak\u00e9 o\u010dkov\u00e1n\u00ed proti tuberkul\u00f3ze. Tyto typy o\u010dkov\u00e1n\u00ed v\u0161ak posuzuje l\u00e9ka\u0159 individu\u00e1ln\u011b.\",\"inLanguage\":\"it-IT\"},\"inLanguage\":\"it-IT\"}]}<\/script>\n<!-- \/ Yoast SEO plugin. -->","yoast_head_json":{"title":"Vaccinazioni obbligatorie che i bambini non possono evitare - REGBU.COM","description":"Sapete quali vaccinazioni obbligatorie sono importanti per il vostro bambino? Vi presentiamo quelle pi\u00f9 comuni e quelle facoltative.","robots":{"index":"index","follow":"follow","max-snippet":"max-snippet:-1","max-image-preview":"max-image-preview:large","max-video-preview":"max-video-preview:-1"},"canonical":"https:\/\/regbu.com\/it\/obbligo-di-sbarcare-se-i-bambini-non-escono\/","og_locale":"it_IT","og_type":"article","og_title":"Povinn\u00e9 o\u010dkov\u00e1n\u00ed, jemu\u017e se d\u011bti nevyhnou - REGBU.COM","og_description":"V\u00edte, jak\u00e9 povinn\u00e9 o\u010dkov\u00e1n\u00ed je d\u016fle\u017eit\u00e9 pro Va\u0161e d\u00edt\u011b? Sezn\u00e1m\u00edme V\u00e1s s t\u011bmi nej\u010dast\u011bj\u0161\u00edmi i s t\u011bmi nepovinn\u00fdmi.","og_url":"https:\/\/regbu.com\/it\/obbligo-di-sbarcare-se-i-bambini-non-escono\/","og_site_name":"REGBU.COM","article_published_time":"2023-07-26T05:56:04+00:00","article_modified_time":"2025-09-05T05:40:25+00:00","og_image":[{"width":1200,"height":678,"url":"https:\/\/regbu.com\/wp-content\/uploads\/2023\/07\/povinne-ockovani-jemuz-se-deti-nevyhnou.jpg","type":"image\/jpeg"}],"author":"George Martin","twitter_card":"summary_large_image","twitter_misc":{"Scritto da":"George Martin","Tempo di lettura stimato":"2 minuti"},"schema":{"@context":"https:\/\/schema.org","@graph":[{"@type":"Article","@id":"https:\/\/regbu.com\/it\/obbligo-di-sbarcare-se-i-bambini-non-escono\/#article","isPartOf":{"@id":"https:\/\/regbu.com\/it\/obbligo-di-sbarcare-se-i-bambini-non-escono\/"},"author":{"name":"George Martin","@id":"https:\/\/regbu.com\/en\/#\/schema\/person\/94ea9deda2629771b8a9ced002f6784e"},"headline":"Povinn\u00e9 o\u010dkov\u00e1n\u00ed, jemu\u017e se d\u011bti nevyhnou","datePublished":"2023-07-26T05:56:04+00:00","dateModified":"2025-09-05T05:40:25+00:00","mainEntityOfPage":{"@id":"https:\/\/regbu.com\/it\/obbligo-di-sbarcare-se-i-bambini-non-escono\/"},"wordCount":492,"image":{"@id":"https:\/\/regbu.com\/it\/obbligo-di-sbarcare-se-i-bambini-non-escono\/#primaryimage"},"thumbnailUrl":"https:\/\/regbu.com\/wp-content\/uploads\/2023\/07\/povinne-ockovani-jemuz-se-deti-nevyhnou.jpg","keywords":["\u010dern\u00fd ka\u0161el","d\u011btsk\u00e1 obrna","hexavakc\u00edna","imunita","imunitn\u00ed syst\u00e9m","nepovinn\u00e9 o\u010dkov\u00e1n\u00ed","o\u010dkov\u00e1n\u00ed","povinn\u00e9 o\u010dkov\u00e1n\u00ed","vir","z\u00e1\u0161krt"],"articleSection":["Lidsk\u00e9 Zdrav\u00ed"],"inLanguage":"it-IT"},{"@type":["WebPage","FAQPage"],"@id":"https:\/\/regbu.com\/it\/obbligo-di-sbarcare-se-i-bambini-non-escono\/","url":"https:\/\/regbu.com\/it\/obbligo-di-sbarcare-se-i-bambini-non-escono\/","name":"Vaccinazioni obbligatorie che i bambini non possono evitare - REGBU.COM","isPartOf":{"@id":"https:\/\/regbu.com\/en\/#website"},"primaryImageOfPage":{"@id":"https:\/\/regbu.com\/it\/obbligo-di-sbarcare-se-i-bambini-non-escono\/#primaryimage"},"image":{"@id":"https:\/\/regbu.com\/it\/obbligo-di-sbarcare-se-i-bambini-non-escono\/#primaryimage"},"thumbnailUrl":"https:\/\/regbu.com\/wp-content\/uploads\/2023\/07\/povinne-ockovani-jemuz-se-deti-nevyhnou.jpg","datePublished":"2023-07-26T05:56:04+00:00","dateModified":"2025-09-05T05:40:25+00:00","author":{"@id":"https:\/\/regbu.com\/en\/#\/schema\/person\/94ea9deda2629771b8a9ced002f6784e"},"description":"Sapete quali vaccinazioni obbligatorie sono importanti per il vostro bambino? Vi presentiamo quelle pi\u00f9 comuni e quelle facoltative.","breadcrumb":{"@id":"https:\/\/regbu.com\/it\/obbligo-di-sbarcare-se-i-bambini-non-escono\/#breadcrumb"},"mainEntity":[{"@id":"https:\/\/regbu.com\/it\/obbligo-di-sbarcare-se-i-bambini-non-escono\/#faq-question-1690437377500"},{"@id":"https:\/\/regbu.com\/it\/obbligo-di-sbarcare-se-i-bambini-non-escono\/#faq-question-1690437384207"},{"@id":"https:\/\/regbu.com\/it\/obbligo-di-sbarcare-se-i-bambini-non-escono\/#faq-question-1690437391824"},{"@id":"https:\/\/regbu.com\/it\/obbligo-di-sbarcare-se-i-bambini-non-escono\/#faq-question-1690437399852"},{"@id":"https:\/\/regbu.com\/it\/obbligo-di-sbarcare-se-i-bambini-non-escono\/#faq-question-1690437408632"}],"inLanguage":"it-IT","potentialAction":[{"@type":"ReadAction","target":["https:\/\/regbu.com\/it\/obbligo-di-sbarcare-se-i-bambini-non-escono\/"]}]},{"@type":"ImageObject","inLanguage":"it-IT","@id":"https:\/\/regbu.com\/it\/obbligo-di-sbarcare-se-i-bambini-non-escono\/#primaryimage","url":"https:\/\/regbu.com\/wp-content\/uploads\/2023\/07\/povinne-ockovani-jemuz-se-deti-nevyhnou.jpg","contentUrl":"https:\/\/regbu.com\/wp-content\/uploads\/2023\/07\/povinne-ockovani-jemuz-se-deti-nevyhnou.jpg","width":1200,"height":678,"caption":"Povinn\u00e9 o\u010dkov\u00e1n\u00ed, jemu\u017e se d\u011bti nevyhnou"},{"@type":"BreadcrumbList","@id":"https:\/\/regbu.com\/it\/obbligo-di-sbarcare-se-i-bambini-non-escono\/#breadcrumb","itemListElement":[{"@type":"ListItem","position":1,"name":"Home","item":"https:\/\/regbu.com\/en\/"},{"@type":"ListItem","position":2,"name":"Povinn\u00e9 o\u010dkov\u00e1n\u00ed, jemu\u017e se d\u011bti nevyhnou"}]},{"@type":"WebSite","@id":"https:\/\/regbu.com\/en\/#website","url":"https:\/\/regbu.com\/en\/","name":"REGBU.COM","description":"","potentialAction":[{"@type":"SearchAction","target":{"@type":"EntryPoint","urlTemplate":"https:\/\/regbu.com\/en\/?s={search_term_string}"},"query-input":{"@type":"PropertyValueSpecification","valueRequired":true,"valueName":"search_term_string"}}],"inLanguage":"it-IT"},{"@type":"Person","@id":"https:\/\/regbu.com\/en\/#\/schema\/person\/94ea9deda2629771b8a9ced002f6784e","name":"George Martin","url":"https:\/\/regbu.com\/it\/author\/george-martin\/"},{"@type":"Question","@id":"https:\/\/regbu.com\/it\/obbligo-di-sbarcare-se-i-bambini-non-escono\/#faq-question-1690437377500","position":1,"url":"https:\/\/regbu.com\/it\/obbligo-di-sbarcare-se-i-bambini-non-escono\/#faq-question-1690437377500","name":"Che cos'\u00e8 l'esavaccino?","answerCount":1,"acceptedAnswer":{"@type":"Answer","text":"Jde o speci\u00e1ln\u00ed vakc\u00ednu ur\u010denou proti tetanu, \u010dern\u00e9mu ka\u0161lu, z\u00e1\u0161krtu, d\u011btsk\u00e9 obrn\u011b a virov\u00e9 hepatitid\u011b skupiny B.","inLanguage":"it-IT"},"inLanguage":"it-IT"},{"@type":"Question","@id":"https:\/\/regbu.com\/it\/obbligo-di-sbarcare-se-i-bambini-non-escono\/#faq-question-1690437384207","position":2,"url":"https:\/\/regbu.com\/it\/obbligo-di-sbarcare-se-i-bambini-non-escono\/#faq-question-1690437384207","name":"Quando viene somministrata l'esavaccina?","answerCount":1,"acceptedAnswer":{"@type":"Answer","text":"Aplikuje se zhruba ve t\u0159et\u00edm m\u011bs\u00edci v\u011bku d\u00edt\u011bte.","inLanguage":"it-IT"},"inLanguage":"it-IT"},{"@type":"Question","@id":"https:\/\/regbu.com\/it\/obbligo-di-sbarcare-se-i-bambini-non-escono\/#faq-question-1690437391824","position":3,"url":"https:\/\/regbu.com\/it\/obbligo-di-sbarcare-se-i-bambini-non-escono\/#faq-question-1690437391824","name":"Quando viene somministrato il vaccino contro rosolia, parotite e morbillo?","answerCount":1,"acceptedAnswer":{"@type":"Answer","text":"Toto povinn\u00e9 o\u010dkov\u00e1n\u00ed je aplikov\u00e1no mezi t\u0159in\u00e1ct\u00fdm a osmn\u00e1ct\u00fdm m\u011bs\u00edcem v\u011bku d\u00edt\u011bte.","inLanguage":"it-IT"},"inLanguage":"it-IT"},{"@type":"Question","@id":"https:\/\/regbu.com\/it\/obbligo-di-sbarcare-se-i-bambini-non-escono\/#faq-question-1690437399852","position":4,"url":"https:\/\/regbu.com\/it\/obbligo-di-sbarcare-se-i-bambini-non-escono\/#faq-question-1690437399852","name":"Quali altri vaccini combinati esistono?","answerCount":1,"acceptedAnswer":{"@type":"Answer","text":"Jmenovat lze nap\u0159\u00edklad kombinaci z\u00e1\u0161krtu, \u010dern\u00e9ho ka\u0161le a tetanu v p\u00e1t\u00e9m roce v\u011bku d\u00edt\u011bte. N\u00e1sledn\u00e9 p\u0159eo\u010dkov\u00e1n\u00ed prob\u00edh\u00e1 je\u0161t\u011b v des\u00e1t\u00e9m roce.","inLanguage":"it-IT"},"inLanguage":"it-IT"},{"@type":"Question","@id":"https:\/\/regbu.com\/it\/obbligo-di-sbarcare-se-i-bambini-non-escono\/#faq-question-1690437408632","position":5,"url":"https:\/\/regbu.com\/it\/obbligo-di-sbarcare-se-i-bambini-non-escono\/#faq-question-1690437408632","name":"Quali sono le altre vaccinazioni rivolte a gruppi specifici di bambini?","answerCount":1,"acceptedAnswer":{"@type":"Answer","text":"Je to o\u010dkov\u00e1n\u00ed proti HEP B. D\u00e1le tak\u00e9 o\u010dkov\u00e1n\u00ed proti tuberkul\u00f3ze. Tyto typy o\u010dkov\u00e1n\u00ed v\u0161ak posuzuje l\u00e9ka\u0159 individu\u00e1ln\u011b.","inLanguage":"it-IT"},"inLanguage":"it-IT"}]}},"_links":{"self":[{"href":"https:\/\/regbu.com\/it\/wp-json\/wp\/v2\/posts\/1277","targetHints":{"allow":["GET"]}}],"collection":[{"href":"https:\/\/regbu.com\/it\/wp-json\/wp\/v2\/posts"}],"about":[{"href":"https:\/\/regbu.com\/it\/wp-json\/wp\/v2\/types\/post"}],"author":[{"embeddable":true,"href":"https:\/\/regbu.com\/it\/wp-json\/wp\/v2\/users\/2"}],"replies":[{"embeddable":true,"href":"https:\/\/regbu.com\/it\/wp-json\/wp\/v2\/comments?post=1277"}],"version-history":[{"count":2,"href":"https:\/\/regbu.com\/it\/wp-json\/wp\/v2\/posts\/1277\/revisions"}],"predecessor-version":[{"id":1295,"href":"https:\/\/regbu.com\/it\/wp-json\/wp\/v2\/posts\/1277\/revisions\/1295"}],"wp:featuredmedia":[{"embeddable":true,"href":"https:\/\/regbu.com\/it\/wp-json\/wp\/v2\/media\/1278"}],"wp:attachment":[{"href":"https:\/\/regbu.com\/it\/wp-json\/wp\/v2\/media?parent=1277"}],"wp:term":[{"taxonomy":"category","embeddable":true,"href":"https:\/\/regbu.com\/it\/wp-json\/wp\/v2\/categories?post=1277"},{"taxonomy":"post_tag","embeddable":true,"href":"https:\/\/regbu.com\/it\/wp-json\/wp\/v2\/tags?post=1277"}],"curies":[{"name":"wp","href":"https:\/\/api.w.org\/{rel}","templated":true}]}}