{"id":1246,"date":"2023-07-24T07:14:50","date_gmt":"2023-07-24T05:14:50","guid":{"rendered":"https:\/\/regbu.com\/?p=1246"},"modified":"2025-09-05T07:40:39","modified_gmt":"2025-09-05T05:40:39","slug":"jeansy-a-jejich-designove-rozdeleni","status":"publish","type":"post","link":"https:\/\/regbu.com\/it\/jeans-e-le-sue-divisioni-design\/","title":{"rendered":"Jeans e la loro divisione design"},"content":{"rendered":"<p>I jeans sono oggi un accessorio assolutamente comune nel nostro guardaroba, proprio come <strong><a href=\"https:\/\/regbu.com\/it\/i-trucchi-per-labbigliamento-maschile-sono-molto-apprezzati\/\">camicie da uomo<\/a><\/strong>. Servono per essere indossati tutti i giorni e possono diventare parte integrante anche degli eventi pi\u00f9 glamour. L'importante \u00e8 scegliere il taglio giusto che si adatti alla propria figura e che sia semplicemente adatto. E che dire della storia di questi abiti?<\/p>\n\n\n\n<ul class=\"wp-block-list\">\n<li>Prima menzione nel 1853<\/li>\n\n\n\n<li>Originariamente pantaloni da lavoro<\/li>\n\n\n\n<li>Sviluppo negli anni '50<\/li>\n<\/ul>\n\n\n\n<p>Nel corso del tempo, l'abbigliamento da lavoro \u00e8 diventato letteralmente un'icona della moda. Questo immaginario trampolino di lancio \u00e8 stato <strong>Modello di pantaloni Levi's 501<\/strong>. I pantaloni sono diventati in qualche modo un simbolo di ribellione e sono stati preferiti da molte star del cinema.<\/p>\n\n\n\n<h2 class=\"wp-block-heading\">Jeans - Distribuzione per taglio<\/h2>\n\n\n\n<p>Un semplice modello si \u00e8 poi trasformato in diversi stili, tra i quali \u00e8 possibile scegliere oggi. L'etichetta stessa indica il taglio da aspettarsi. E va notato che qualcosa di diverso sta bene a tutti. Quindi, cosa caratterizza ogni modello?<\/p>\n\n\n\n<figure class=\"wp-block-table\"><table><tbody><tr><td><strong>Modello<\/strong><\/td><td><strong>Caratteristiche<\/strong><\/td><\/tr><tr><td>Jeans Skins<\/td><td>Avvolgono l'intera gamba<\/td><\/tr><tr><td>Jeans slim<\/td><td>Pelli con sette inferiori<\/td><\/tr><tr><td>Jeans svasati<\/td><td>Fattorini classici<\/td><\/tr><tr><td>Jeans larghi<\/td><td>Pantaloni hip hop<\/td><\/tr><\/tbody><\/table><figcaption class=\"wp-element-caption\">Elenco dei pantaloni in denim pi\u00f9 popolari.<\/figcaption><\/figure>\n\n\n\n<p>Lo stile dei jeans larghi ha conosciuto il suo massimo splendore negli anni '90. Tuttavia, ancora oggi, molti ritornano a questo stile perch\u00e9 ha un aspetto elegante e stravagante. Tuttavia, ancora oggi molte persone vi ritornano perch\u00e9 ha un aspetto elegante e stravagante. Ma questo \u00e8 solo un piccolo assaggio di ci\u00f2 che i jeans contemporanei hanno da offrire.<\/p>\n\n\n\n<h3 class=\"wp-block-heading\">Provate altri stili di pantaloni<\/h3>\n\n\n\n<p>Se non vi piacciono i jeans di cui sopra, abbiamo altri suggerimenti per voi. Un esempio tipico sono i mom jeans, che hanno una vestibilit\u00e0 pi\u00f9 ampia e gambe pi\u00f9 alte. I jeans dritti sono un classico assoluto. Sono caratterizzati da gambe dritte e si abbinano praticamente a tutto. Sono pi\u00f9 o meno la base di uno stile leggermente affusolato chiamato <em>jeans normali o affusolati<\/em>. I leggendari jeans Levi's 502 sono stati creati con questo spirito.<\/p>\n\n\n\n<p>Potete anche inserire i jeans alla moda nel vostro guardaroba. Se siete interessati a questo stile, puntate sull'etichetta <strong>Jeans bootcut<\/strong>. Se preferite uno stile pi\u00f9 sciolto, gambe curve e vita bassa, regalatevi i jeans Boyfriend.<\/p>","protected":false},"excerpt":{"rendered":"<p>I jeans sono oggi un accessorio assolutamente comune nel nostro guardaroba, proprio come le T-shirt da uomo. Servono per l'abbigliamento di tutti i giorni e possono anche diventare parte integrante di eventi pi\u00f9 glamour. L'importante \u00e8 scegliere il taglio giusto che si adatti alla propria figura e che sia semplicemente aderente. E che dire della storia di questi capi? Dall'abbigliamento da lavoro a ... <\/p>","protected":false},"author":2,"featured_media":1247,"comment_status":"closed","ping_status":"closed","sticky":false,"template":"","format":"standard","meta":{"footnotes":""},"categories":[671],"tags":[1479,1473,1478,1474,1472,1016,716,824,1476,1477,1475],"class_list":["post-1246","post","type-post","status-publish","format-standard","has-post-thumbnail","hentry","category-moda","tag-baggy-jeans","tag-dziny","tag-flared-jeans","tag-jeans","tag-jeansy","tag-kalhoty","tag-moda","tag-obleceni","tag-skiny-jeans","tag-slim-jeans","tag-strih"],"yoast_head":"<!-- This site is optimized with the Yoast SEO plugin v27.5 - https:\/\/yoast.com\/product\/yoast-seo-wordpress\/ -->\n<title>Jeansy a jejich designov\u00e9 rozd\u011blen\u00ed - REGBU.COM<\/title>\n<meta name=\"description\" content=\"Vyberte si jeansy, kter\u00e9 V\u00e1m sednou nejl\u00e9pe. Mo\u017enost\u00ed je z hlediska volby v\u00edce ne\u017e dost. Prozrad\u00edme V\u00e1m, co je trendy.\" \/>\n<meta name=\"robots\" content=\"index, follow, max-snippet:-1, max-image-preview:large, max-video-preview:-1\" \/>\n<link rel=\"canonical\" href=\"https:\/\/regbu.com\/it\/jeans-e-le-sue-divisioni-design\/\" \/>\n<meta property=\"og:locale\" content=\"it_IT\" \/>\n<meta property=\"og:type\" content=\"article\" \/>\n<meta property=\"og:title\" content=\"Jeansy a jejich designov\u00e9 rozd\u011blen\u00ed - REGBU.COM\" \/>\n<meta property=\"og:description\" content=\"Vyberte si jeansy, kter\u00e9 V\u00e1m sednou nejl\u00e9pe. Mo\u017enost\u00ed je z hlediska volby v\u00edce ne\u017e dost. Prozrad\u00edme V\u00e1m, co je trendy.\" \/>\n<meta property=\"og:url\" content=\"https:\/\/regbu.com\/it\/jeans-e-le-sue-divisioni-design\/\" \/>\n<meta property=\"og:site_name\" content=\"REGBU.COM\" \/>\n<meta property=\"article:published_time\" content=\"2023-07-24T05:14:50+00:00\" \/>\n<meta property=\"article:modified_time\" content=\"2025-09-05T05:40:39+00:00\" \/>\n<meta property=\"og:image\" content=\"https:\/\/regbu.com\/wp-content\/uploads\/2023\/07\/jeansy-a-jejich-designove-rozdeleni.jpg\" \/>\n\t<meta property=\"og:image:width\" content=\"1200\" \/>\n\t<meta property=\"og:image:height\" content=\"677\" \/>\n\t<meta property=\"og:image:type\" content=\"image\/jpeg\" \/>\n<meta name=\"author\" content=\"George Martin\" \/>\n<meta name=\"twitter:card\" content=\"summary_large_image\" \/>\n<meta name=\"twitter:label1\" content=\"Scritto da\" \/>\n\t<meta name=\"twitter:data1\" content=\"George Martin\" \/>\n\t<meta name=\"twitter:label2\" content=\"Tempo di lettura stimato\" \/>\n\t<meta name=\"twitter:data2\" content=\"2 minuti\" \/>\n<script type=\"application\/ld+json\" class=\"yoast-schema-graph\">{\"@context\":\"https:\\\/\\\/schema.org\",\"@graph\":[{\"@type\":\"Article\",\"@id\":\"https:\\\/\\\/regbu.com\\\/it\\\/jeans-e-le-sue-divisioni-design\\\/#article\",\"isPartOf\":{\"@id\":\"https:\\\/\\\/regbu.com\\\/it\\\/jeans-e-le-sue-divisioni-design\\\/\"},\"author\":{\"name\":\"George Martin\",\"@id\":\"https:\\\/\\\/regbu.com\\\/en\\\/#\\\/schema\\\/person\\\/94ea9deda2629771b8a9ced002f6784e\"},\"headline\":\"Jeansy a jejich designov\u00e9 rozd\u011blen\u00ed\",\"datePublished\":\"2023-07-24T05:14:50+00:00\",\"dateModified\":\"2025-09-05T05:40:39+00:00\",\"mainEntityOfPage\":{\"@id\":\"https:\\\/\\\/regbu.com\\\/it\\\/jeans-e-le-sue-divisioni-design\\\/\"},\"wordCount\":437,\"image\":{\"@id\":\"https:\\\/\\\/regbu.com\\\/it\\\/jeans-e-le-sue-divisioni-design\\\/#primaryimage\"},\"thumbnailUrl\":\"https:\\\/\\\/regbu.com\\\/wp-content\\\/uploads\\\/2023\\\/07\\\/jeansy-a-jejich-designove-rozdeleni.jpg\",\"keywords\":[\"baggy jeans\",\"d\u017e\u00edny\",\"flared jeans\",\"jeans\",\"jeansy\",\"kalhoty\",\"m\u00f3da\",\"oble\u010den\u00ed\",\"skiny jeans\",\"slim jeans\",\"st\u0159ih\"],\"articleSection\":[\"M\u00f3da\"],\"inLanguage\":\"it-IT\"},{\"@type\":\"WebPage\",\"@id\":\"https:\\\/\\\/regbu.com\\\/it\\\/jeans-e-le-sue-divisioni-design\\\/\",\"url\":\"https:\\\/\\\/regbu.com\\\/it\\\/jeans-e-le-sue-divisioni-design\\\/\",\"name\":\"Jeansy a jejich designov\u00e9 rozd\u011blen\u00ed - REGBU.COM\",\"isPartOf\":{\"@id\":\"https:\\\/\\\/regbu.com\\\/en\\\/#website\"},\"primaryImageOfPage\":{\"@id\":\"https:\\\/\\\/regbu.com\\\/it\\\/jeans-e-le-sue-divisioni-design\\\/#primaryimage\"},\"image\":{\"@id\":\"https:\\\/\\\/regbu.com\\\/it\\\/jeans-e-le-sue-divisioni-design\\\/#primaryimage\"},\"thumbnailUrl\":\"https:\\\/\\\/regbu.com\\\/wp-content\\\/uploads\\\/2023\\\/07\\\/jeansy-a-jejich-designove-rozdeleni.jpg\",\"datePublished\":\"2023-07-24T05:14:50+00:00\",\"dateModified\":\"2025-09-05T05:40:39+00:00\",\"author\":{\"@id\":\"https:\\\/\\\/regbu.com\\\/en\\\/#\\\/schema\\\/person\\\/94ea9deda2629771b8a9ced002f6784e\"},\"description\":\"Vyberte si jeansy, kter\u00e9 V\u00e1m sednou nejl\u00e9pe. Mo\u017enost\u00ed je z hlediska volby v\u00edce ne\u017e dost. Prozrad\u00edme V\u00e1m, co je trendy.\",\"breadcrumb\":{\"@id\":\"https:\\\/\\\/regbu.com\\\/it\\\/jeans-e-le-sue-divisioni-design\\\/#breadcrumb\"},\"inLanguage\":\"it-IT\",\"potentialAction\":[{\"@type\":\"ReadAction\",\"target\":[\"https:\\\/\\\/regbu.com\\\/it\\\/jeans-e-le-sue-divisioni-design\\\/\"]}]},{\"@type\":\"ImageObject\",\"inLanguage\":\"it-IT\",\"@id\":\"https:\\\/\\\/regbu.com\\\/it\\\/jeans-e-le-sue-divisioni-design\\\/#primaryimage\",\"url\":\"https:\\\/\\\/regbu.com\\\/wp-content\\\/uploads\\\/2023\\\/07\\\/jeansy-a-jejich-designove-rozdeleni.jpg\",\"contentUrl\":\"https:\\\/\\\/regbu.com\\\/wp-content\\\/uploads\\\/2023\\\/07\\\/jeansy-a-jejich-designove-rozdeleni.jpg\",\"width\":1200,\"height\":677,\"caption\":\"Jeansy a jejich designov\u00e9 rozd\u011blen\u00ed\"},{\"@type\":\"BreadcrumbList\",\"@id\":\"https:\\\/\\\/regbu.com\\\/it\\\/jeans-e-le-sue-divisioni-design\\\/#breadcrumb\",\"itemListElement\":[{\"@type\":\"ListItem\",\"position\":1,\"name\":\"Home\",\"item\":\"https:\\\/\\\/regbu.com\\\/en\\\/\"},{\"@type\":\"ListItem\",\"position\":2,\"name\":\"Jeansy a jejich designov\u00e9 rozd\u011blen\u00ed\"}]},{\"@type\":\"WebSite\",\"@id\":\"https:\\\/\\\/regbu.com\\\/en\\\/#website\",\"url\":\"https:\\\/\\\/regbu.com\\\/en\\\/\",\"name\":\"REGBU.COM\",\"description\":\"\",\"potentialAction\":[{\"@type\":\"SearchAction\",\"target\":{\"@type\":\"EntryPoint\",\"urlTemplate\":\"https:\\\/\\\/regbu.com\\\/en\\\/?s={search_term_string}\"},\"query-input\":{\"@type\":\"PropertyValueSpecification\",\"valueRequired\":true,\"valueName\":\"search_term_string\"}}],\"inLanguage\":\"it-IT\"},{\"@type\":\"Person\",\"@id\":\"https:\\\/\\\/regbu.com\\\/en\\\/#\\\/schema\\\/person\\\/94ea9deda2629771b8a9ced002f6784e\",\"name\":\"George Martin\",\"url\":\"https:\\\/\\\/regbu.com\\\/it\\\/author\\\/george-martin\\\/\"}]}<\/script>\n<!-- \/ Yoast SEO plugin. -->","yoast_head_json":{"title":"I jeans e la loro divisione design - REGBU.COM","description":"Scegliete i jeans che vi stanno meglio. Le opzioni sono pi\u00f9 che sufficienti in termini di scelta. Vi diciamo noi cosa fa tendenza.","robots":{"index":"index","follow":"follow","max-snippet":"max-snippet:-1","max-image-preview":"max-image-preview:large","max-video-preview":"max-video-preview:-1"},"canonical":"https:\/\/regbu.com\/it\/jeans-e-le-sue-divisioni-design\/","og_locale":"it_IT","og_type":"article","og_title":"Jeansy a jejich designov\u00e9 rozd\u011blen\u00ed - REGBU.COM","og_description":"Vyberte si jeansy, kter\u00e9 V\u00e1m sednou nejl\u00e9pe. Mo\u017enost\u00ed je z hlediska volby v\u00edce ne\u017e dost. Prozrad\u00edme V\u00e1m, co je trendy.","og_url":"https:\/\/regbu.com\/it\/jeans-e-le-sue-divisioni-design\/","og_site_name":"REGBU.COM","article_published_time":"2023-07-24T05:14:50+00:00","article_modified_time":"2025-09-05T05:40:39+00:00","og_image":[{"width":1200,"height":677,"url":"https:\/\/regbu.com\/wp-content\/uploads\/2023\/07\/jeansy-a-jejich-designove-rozdeleni.jpg","type":"image\/jpeg"}],"author":"George Martin","twitter_card":"summary_large_image","twitter_misc":{"Scritto da":"George Martin","Tempo di lettura stimato":"2 minuti"},"schema":{"@context":"https:\/\/schema.org","@graph":[{"@type":"Article","@id":"https:\/\/regbu.com\/it\/jeans-e-le-sue-divisioni-design\/#article","isPartOf":{"@id":"https:\/\/regbu.com\/it\/jeans-e-le-sue-divisioni-design\/"},"author":{"name":"George Martin","@id":"https:\/\/regbu.com\/en\/#\/schema\/person\/94ea9deda2629771b8a9ced002f6784e"},"headline":"Jeansy a jejich designov\u00e9 rozd\u011blen\u00ed","datePublished":"2023-07-24T05:14:50+00:00","dateModified":"2025-09-05T05:40:39+00:00","mainEntityOfPage":{"@id":"https:\/\/regbu.com\/it\/jeans-e-le-sue-divisioni-design\/"},"wordCount":437,"image":{"@id":"https:\/\/regbu.com\/it\/jeans-e-le-sue-divisioni-design\/#primaryimage"},"thumbnailUrl":"https:\/\/regbu.com\/wp-content\/uploads\/2023\/07\/jeansy-a-jejich-designove-rozdeleni.jpg","keywords":["baggy jeans","d\u017e\u00edny","flared jeans","jeans","jeansy","kalhoty","m\u00f3da","oble\u010den\u00ed","skiny jeans","slim jeans","st\u0159ih"],"articleSection":["M\u00f3da"],"inLanguage":"it-IT"},{"@type":"WebPage","@id":"https:\/\/regbu.com\/it\/jeans-e-le-sue-divisioni-design\/","url":"https:\/\/regbu.com\/it\/jeans-e-le-sue-divisioni-design\/","name":"I jeans e la loro divisione design - REGBU.COM","isPartOf":{"@id":"https:\/\/regbu.com\/en\/#website"},"primaryImageOfPage":{"@id":"https:\/\/regbu.com\/it\/jeans-e-le-sue-divisioni-design\/#primaryimage"},"image":{"@id":"https:\/\/regbu.com\/it\/jeans-e-le-sue-divisioni-design\/#primaryimage"},"thumbnailUrl":"https:\/\/regbu.com\/wp-content\/uploads\/2023\/07\/jeansy-a-jejich-designove-rozdeleni.jpg","datePublished":"2023-07-24T05:14:50+00:00","dateModified":"2025-09-05T05:40:39+00:00","author":{"@id":"https:\/\/regbu.com\/en\/#\/schema\/person\/94ea9deda2629771b8a9ced002f6784e"},"description":"Scegliete i jeans che vi stanno meglio. Le opzioni sono pi\u00f9 che sufficienti in termini di scelta. Vi diciamo noi cosa fa tendenza.","breadcrumb":{"@id":"https:\/\/regbu.com\/it\/jeans-e-le-sue-divisioni-design\/#breadcrumb"},"inLanguage":"it-IT","potentialAction":[{"@type":"ReadAction","target":["https:\/\/regbu.com\/it\/jeans-e-le-sue-divisioni-design\/"]}]},{"@type":"ImageObject","inLanguage":"it-IT","@id":"https:\/\/regbu.com\/it\/jeans-e-le-sue-divisioni-design\/#primaryimage","url":"https:\/\/regbu.com\/wp-content\/uploads\/2023\/07\/jeansy-a-jejich-designove-rozdeleni.jpg","contentUrl":"https:\/\/regbu.com\/wp-content\/uploads\/2023\/07\/jeansy-a-jejich-designove-rozdeleni.jpg","width":1200,"height":677,"caption":"Jeansy a jejich designov\u00e9 rozd\u011blen\u00ed"},{"@type":"BreadcrumbList","@id":"https:\/\/regbu.com\/it\/jeans-e-le-sue-divisioni-design\/#breadcrumb","itemListElement":[{"@type":"ListItem","position":1,"name":"Home","item":"https:\/\/regbu.com\/en\/"},{"@type":"ListItem","position":2,"name":"Jeansy a jejich designov\u00e9 rozd\u011blen\u00ed"}]},{"@type":"WebSite","@id":"https:\/\/regbu.com\/en\/#website","url":"https:\/\/regbu.com\/en\/","name":"REGBU.COM","description":"","potentialAction":[{"@type":"SearchAction","target":{"@type":"EntryPoint","urlTemplate":"https:\/\/regbu.com\/en\/?s={search_term_string}"},"query-input":{"@type":"PropertyValueSpecification","valueRequired":true,"valueName":"search_term_string"}}],"inLanguage":"it-IT"},{"@type":"Person","@id":"https:\/\/regbu.com\/en\/#\/schema\/person\/94ea9deda2629771b8a9ced002f6784e","name":"George Martin","url":"https:\/\/regbu.com\/it\/author\/george-martin\/"}]}},"_links":{"self":[{"href":"https:\/\/regbu.com\/it\/wp-json\/wp\/v2\/posts\/1246","targetHints":{"allow":["GET"]}}],"collection":[{"href":"https:\/\/regbu.com\/it\/wp-json\/wp\/v2\/posts"}],"about":[{"href":"https:\/\/regbu.com\/it\/wp-json\/wp\/v2\/types\/post"}],"author":[{"embeddable":true,"href":"https:\/\/regbu.com\/it\/wp-json\/wp\/v2\/users\/2"}],"replies":[{"embeddable":true,"href":"https:\/\/regbu.com\/it\/wp-json\/wp\/v2\/comments?post=1246"}],"version-history":[{"count":2,"href":"https:\/\/regbu.com\/it\/wp-json\/wp\/v2\/posts\/1246\/revisions"}],"predecessor-version":[{"id":1257,"href":"https:\/\/regbu.com\/it\/wp-json\/wp\/v2\/posts\/1246\/revisions\/1257"}],"wp:featuredmedia":[{"embeddable":true,"href":"https:\/\/regbu.com\/it\/wp-json\/wp\/v2\/media\/1247"}],"wp:attachment":[{"href":"https:\/\/regbu.com\/it\/wp-json\/wp\/v2\/media?parent=1246"}],"wp:term":[{"taxonomy":"category","embeddable":true,"href":"https:\/\/regbu.com\/it\/wp-json\/wp\/v2\/categories?post=1246"},{"taxonomy":"post_tag","embeddable":true,"href":"https:\/\/regbu.com\/it\/wp-json\/wp\/v2\/tags?post=1246"}],"curies":[{"name":"wp","href":"https:\/\/api.w.org\/{rel}","templated":true}]}}