{"id":1224,"date":"2023-07-23T16:02:57","date_gmt":"2023-07-23T14:02:57","guid":{"rendered":"https:\/\/regbu.com\/?p=1224"},"modified":"2025-09-05T07:40:47","modified_gmt":"2025-09-05T05:40:47","slug":"styl-bryli-musi-ladit-s-vasim-oblicejem","status":"publish","type":"post","link":"https:\/\/regbu.com\/it\/stile-bryli-dovra-essere-abbinato-alla-tua-faccia\/","title":{"rendered":"Lo stile degli occhiali deve essere adatto al vostro viso"},"content":{"rendered":"<p>\u00c8 possibile scegliere lo stile degli occhiali in base a una serie di fattori. \u00c8 un po' come <strong><a href=\"https:\/\/regbu.com\/it\/tipi-di-orologi-per-stile-di-abbigliamento\/\">tipi di orologi<\/a><\/strong>che si possono scegliere, ad esempio, in base all'evento sociale. Con gli occhiali \u00e8 un po' diverso, in quanto devono essere adatti al vostro viso. Ognuno di noi ha una forma leggermente diversa e gli occhiali sono diversi. Solo allora ci si concentra sugli altri aspetti.<\/p>\n\n\n\n<ul class=\"wp-block-list\">\n<li>Lavorazione materiale dei telai<\/li>\n\n\n\n<li>Colorazione degli occhiali<\/li>\n\n\n\n<li>Scelta degli occhiali adatti<\/li>\n<\/ul>\n\n\n\n<h2 class=\"wp-block-heading\">Che tipo di viso ha?<\/h2>\n\n\n\n<p>Se volete scoprire lo stile di occhiali ideale per voi, prima informatevi, <strong>che tipo di viso avete<\/strong>. A questo scopo \u00e8 sufficiente un semplice strumento. Guardatevi allo specchio o scattatevi una foto e confrontate il vostro viso con quello degli altri secondo uno dei must presenti su Internet. Poi potrete scegliere i vostri occhiali.<\/p>\n\n\n\n<figure class=\"wp-block-table\"><table><tbody><tr><td><strong>Forma del viso<\/strong><\/td><td><strong>Stile degli occhiali<\/strong><\/td><\/tr><tr><td>L'Ovale<\/td><td>Quasi tutte le forme<\/td><\/tr><tr><td>Cuore<\/td><td>Gatto e cerchi pieni<\/td><\/tr><tr><td>Rotondo<\/td><td>Cerchi quadrati<\/td><\/tr><tr><td>Oblungo<\/td><td>Bicchieri ovali e rotondi<\/td><\/tr><\/tbody><\/table><figcaption class=\"wp-element-caption\">Scegliete gli occhiali giusti per la forma del viso.<\/figcaption><\/figure>\n\n\n\n<p>Se avete un viso a forma di triangolo, dovreste usare gli occhiali per mettere in risalto la parte superiore del viso. Provate montature pi\u00f9 larghe. In alternativa, \u00e8 possibile scegliere sfumature di colore tra la parte superiore e quella inferiore della montatura.<\/p>\n\n\n\n<h3 class=\"wp-block-heading\">Stile degli occhiali in base al colore della pelle<\/h3>\n\n\n\n<p>Naturalmente, il colore della pelle non vi dice nulla sulla forma della montatura che dovreste scegliere. La forma del viso di cui sopra vi sar\u00e0 utile per questo. <strong>Colore della pelle<\/strong> \u00e8 comunque una guida utile per scegliere il colore ideale della montatura. Se siete tipi invernali, scegliete il nero, il grigio, il blu o il bianco. Se invece appartenete al gruppo dei tipi primaverili, le montature pi\u00f9 chiare avranno sicuramente la meglio. Il bronzo, il marrone e l'oro ne sono la prova evidente.<\/p>\n\n\n\n<p>Non dobbiamo dimenticare i tipi di estate, dove vincono i colori audaci. Che ne direste del viola, del rosso, del grigio argento o di una combinazione di blu e grigio? E quale stile di occhiali dovrebbero scegliere le donne che hanno una carnagione pi\u00f9 autunnale? Non c'\u00e8 nulla di cui discutere a lungo. Prendiamo la strada dei colori della terra. Questi includono <em>scuro<\/em> <em>verde, arancione, marrone, ma anche vaniglia profonda<\/em>. Se seguite i consigli di cui sopra, potete influenzare notevolmente il vostro abbigliamento con gli occhiali.<\/p>","protected":false},"excerpt":{"rendered":"<p>\u00c8 possibile scegliere lo stile degli occhiali in base a una serie di fattori. \u00c8 un po' come i tipi di orologi che si scelgono in base, ad esempio, a un evento sociale. Con gli occhiali \u00e8 un po' diverso, in quanto dovrebbero anche adattarsi al viso. Ognuno ha una forma leggermente diversa e gli occhiali si abbinano in modo diverso. Solo allora... <\/p>","protected":false},"author":2,"featured_media":1225,"comment_status":"closed","ping_status":"closed","sticky":false,"template":"","format":"standard","meta":{"footnotes":""},"categories":[671],"tags":[740,1068,1437,979,1436,1433,981,1438,1431,1434,993,1435],"class_list":["post-1224","post","type-post","status-publish","format-standard","has-post-thumbnail","hentry","category-moda","tag-barva","tag-bryle","tag-kulaty","tag-oblicej","tag-obroucek","tag-obroucky","tag-ovalny","tag-srdce","tag-styl-bryli","tag-tvar","tag-tvar-obliceje","tag-zabarveni"],"yoast_head":"<!-- This site is optimized with the Yoast SEO plugin v27.4 - https:\/\/yoast.com\/product\/yoast-seo-wordpress\/ -->\n<title>Styl br\u00fdl\u00ed mus\u00ed ladit s Va\u0161\u00edm obli\u010dejem - REGBU.COM<\/title>\n<meta name=\"description\" content=\"Styl br\u00fdl\u00ed je nekone\u010dnou z\u00e1le\u017eitost\u00ed. Zjist\u011bte, jak\u00e9 obrou\u010dky V\u00e1m padnou jako ulit\u00e9 pr\u00e1v\u011b na z\u00e1klad\u011b tvaru obli\u010deje.\" \/>\n<meta name=\"robots\" content=\"index, follow, max-snippet:-1, max-image-preview:large, max-video-preview:-1\" \/>\n<link rel=\"canonical\" href=\"https:\/\/regbu.com\/it\/stile-bryli-dovra-essere-abbinato-alla-tua-faccia\/\" \/>\n<meta property=\"og:locale\" content=\"it_IT\" \/>\n<meta property=\"og:type\" content=\"article\" \/>\n<meta property=\"og:title\" content=\"Styl br\u00fdl\u00ed mus\u00ed ladit s Va\u0161\u00edm obli\u010dejem - REGBU.COM\" \/>\n<meta property=\"og:description\" content=\"Styl br\u00fdl\u00ed je nekone\u010dnou z\u00e1le\u017eitost\u00ed. Zjist\u011bte, jak\u00e9 obrou\u010dky V\u00e1m padnou jako ulit\u00e9 pr\u00e1v\u011b na z\u00e1klad\u011b tvaru obli\u010deje.\" \/>\n<meta property=\"og:url\" content=\"https:\/\/regbu.com\/it\/stile-bryli-dovra-essere-abbinato-alla-tua-faccia\/\" \/>\n<meta property=\"og:site_name\" content=\"REGBU.COM\" \/>\n<meta property=\"article:published_time\" content=\"2023-07-23T14:02:57+00:00\" \/>\n<meta property=\"article:modified_time\" content=\"2025-09-05T05:40:47+00:00\" \/>\n<meta property=\"og:image\" content=\"https:\/\/regbu.com\/wp-content\/uploads\/2023\/07\/styl-bryly-musi-ladit-s-vasim-oblicejem.jpg\" \/>\n\t<meta property=\"og:image:width\" content=\"1200\" \/>\n\t<meta property=\"og:image:height\" content=\"679\" \/>\n\t<meta property=\"og:image:type\" content=\"image\/jpeg\" \/>\n<meta name=\"author\" content=\"George Martin\" \/>\n<meta name=\"twitter:card\" content=\"summary_large_image\" \/>\n<meta name=\"twitter:label1\" content=\"Scritto da\" \/>\n\t<meta name=\"twitter:data1\" content=\"George Martin\" \/>\n\t<meta name=\"twitter:label2\" content=\"Tempo di lettura stimato\" \/>\n\t<meta name=\"twitter:data2\" content=\"2 minuti\" \/>\n<script type=\"application\/ld+json\" class=\"yoast-schema-graph\">{\"@context\":\"https:\\\/\\\/schema.org\",\"@graph\":[{\"@type\":\"Article\",\"@id\":\"https:\\\/\\\/regbu.com\\\/it\\\/stile-bryli-dovra-essere-abbinato-alla-tua-faccia\\\/#article\",\"isPartOf\":{\"@id\":\"https:\\\/\\\/regbu.com\\\/it\\\/stile-bryli-dovra-essere-abbinato-alla-tua-faccia\\\/\"},\"author\":{\"name\":\"George Martin\",\"@id\":\"https:\\\/\\\/regbu.com\\\/en\\\/#\\\/schema\\\/person\\\/94ea9deda2629771b8a9ced002f6784e\"},\"headline\":\"Styl br\u00fdl\u00ed mus\u00ed ladit s Va\u0161\u00edm obli\u010dejem\",\"datePublished\":\"2023-07-23T14:02:57+00:00\",\"dateModified\":\"2025-09-05T05:40:47+00:00\",\"mainEntityOfPage\":{\"@id\":\"https:\\\/\\\/regbu.com\\\/it\\\/stile-bryli-dovra-essere-abbinato-alla-tua-faccia\\\/\"},\"wordCount\":455,\"image\":{\"@id\":\"https:\\\/\\\/regbu.com\\\/it\\\/stile-bryli-dovra-essere-abbinato-alla-tua-faccia\\\/#primaryimage\"},\"thumbnailUrl\":\"https:\\\/\\\/regbu.com\\\/wp-content\\\/uploads\\\/2023\\\/07\\\/styl-bryly-musi-ladit-s-vasim-oblicejem.jpg\",\"keywords\":[\"barva\",\"br\u00fdle\",\"kulat\u00fd\",\"obli\u010dej\",\"obrou\u010dek\",\"obrou\u010dky\",\"ov\u00e1ln\u00fd\",\"srdce\",\"styl br\u00fdl\u00ed\",\"tvar\",\"tvar obli\u010deje\",\"zabarven\u00ed\"],\"articleSection\":[\"M\u00f3da\"],\"inLanguage\":\"it-IT\"},{\"@type\":\"WebPage\",\"@id\":\"https:\\\/\\\/regbu.com\\\/it\\\/stile-bryli-dovra-essere-abbinato-alla-tua-faccia\\\/\",\"url\":\"https:\\\/\\\/regbu.com\\\/it\\\/stile-bryli-dovra-essere-abbinato-alla-tua-faccia\\\/\",\"name\":\"Styl br\u00fdl\u00ed mus\u00ed ladit s Va\u0161\u00edm obli\u010dejem - REGBU.COM\",\"isPartOf\":{\"@id\":\"https:\\\/\\\/regbu.com\\\/en\\\/#website\"},\"primaryImageOfPage\":{\"@id\":\"https:\\\/\\\/regbu.com\\\/it\\\/stile-bryli-dovra-essere-abbinato-alla-tua-faccia\\\/#primaryimage\"},\"image\":{\"@id\":\"https:\\\/\\\/regbu.com\\\/it\\\/stile-bryli-dovra-essere-abbinato-alla-tua-faccia\\\/#primaryimage\"},\"thumbnailUrl\":\"https:\\\/\\\/regbu.com\\\/wp-content\\\/uploads\\\/2023\\\/07\\\/styl-bryly-musi-ladit-s-vasim-oblicejem.jpg\",\"datePublished\":\"2023-07-23T14:02:57+00:00\",\"dateModified\":\"2025-09-05T05:40:47+00:00\",\"author\":{\"@id\":\"https:\\\/\\\/regbu.com\\\/en\\\/#\\\/schema\\\/person\\\/94ea9deda2629771b8a9ced002f6784e\"},\"description\":\"Styl br\u00fdl\u00ed je nekone\u010dnou z\u00e1le\u017eitost\u00ed. Zjist\u011bte, jak\u00e9 obrou\u010dky V\u00e1m padnou jako ulit\u00e9 pr\u00e1v\u011b na z\u00e1klad\u011b tvaru obli\u010deje.\",\"breadcrumb\":{\"@id\":\"https:\\\/\\\/regbu.com\\\/it\\\/stile-bryli-dovra-essere-abbinato-alla-tua-faccia\\\/#breadcrumb\"},\"inLanguage\":\"it-IT\",\"potentialAction\":[{\"@type\":\"ReadAction\",\"target\":[\"https:\\\/\\\/regbu.com\\\/it\\\/stile-bryli-dovra-essere-abbinato-alla-tua-faccia\\\/\"]}]},{\"@type\":\"ImageObject\",\"inLanguage\":\"it-IT\",\"@id\":\"https:\\\/\\\/regbu.com\\\/it\\\/stile-bryli-dovra-essere-abbinato-alla-tua-faccia\\\/#primaryimage\",\"url\":\"https:\\\/\\\/regbu.com\\\/wp-content\\\/uploads\\\/2023\\\/07\\\/styl-bryly-musi-ladit-s-vasim-oblicejem.jpg\",\"contentUrl\":\"https:\\\/\\\/regbu.com\\\/wp-content\\\/uploads\\\/2023\\\/07\\\/styl-bryly-musi-ladit-s-vasim-oblicejem.jpg\",\"width\":1200,\"height\":679,\"caption\":\"Styl br\u00fdl\u00ed mus\u00ed ladit s Va\u0161\u00edm obli\u010dejem\"},{\"@type\":\"BreadcrumbList\",\"@id\":\"https:\\\/\\\/regbu.com\\\/it\\\/stile-bryli-dovra-essere-abbinato-alla-tua-faccia\\\/#breadcrumb\",\"itemListElement\":[{\"@type\":\"ListItem\",\"position\":1,\"name\":\"Home\",\"item\":\"https:\\\/\\\/regbu.com\\\/en\\\/\"},{\"@type\":\"ListItem\",\"position\":2,\"name\":\"Styl br\u00fdl\u00ed mus\u00ed ladit s Va\u0161\u00edm obli\u010dejem\"}]},{\"@type\":\"WebSite\",\"@id\":\"https:\\\/\\\/regbu.com\\\/en\\\/#website\",\"url\":\"https:\\\/\\\/regbu.com\\\/en\\\/\",\"name\":\"REGBU.COM\",\"description\":\"\",\"potentialAction\":[{\"@type\":\"SearchAction\",\"target\":{\"@type\":\"EntryPoint\",\"urlTemplate\":\"https:\\\/\\\/regbu.com\\\/en\\\/?s={search_term_string}\"},\"query-input\":{\"@type\":\"PropertyValueSpecification\",\"valueRequired\":true,\"valueName\":\"search_term_string\"}}],\"inLanguage\":\"it-IT\"},{\"@type\":\"Person\",\"@id\":\"https:\\\/\\\/regbu.com\\\/en\\\/#\\\/schema\\\/person\\\/94ea9deda2629771b8a9ced002f6784e\",\"name\":\"George Martin\",\"url\":\"https:\\\/\\\/regbu.com\\\/it\\\/author\\\/george-martin\\\/\"}]}<\/script>\n<!-- \/ Yoast SEO plugin. -->","yoast_head_json":{"title":"Lo stile degli occhiali deve essere adatto al vostro viso - REGBU.COM","description":"Lo stile degli occhiali \u00e8 una questione infinita. Scoprite quali montature vi calzano a pennello in base alla forma del vostro viso.","robots":{"index":"index","follow":"follow","max-snippet":"max-snippet:-1","max-image-preview":"max-image-preview:large","max-video-preview":"max-video-preview:-1"},"canonical":"https:\/\/regbu.com\/it\/stile-bryli-dovra-essere-abbinato-alla-tua-faccia\/","og_locale":"it_IT","og_type":"article","og_title":"Styl br\u00fdl\u00ed mus\u00ed ladit s Va\u0161\u00edm obli\u010dejem - REGBU.COM","og_description":"Styl br\u00fdl\u00ed je nekone\u010dnou z\u00e1le\u017eitost\u00ed. Zjist\u011bte, jak\u00e9 obrou\u010dky V\u00e1m padnou jako ulit\u00e9 pr\u00e1v\u011b na z\u00e1klad\u011b tvaru obli\u010deje.","og_url":"https:\/\/regbu.com\/it\/stile-bryli-dovra-essere-abbinato-alla-tua-faccia\/","og_site_name":"REGBU.COM","article_published_time":"2023-07-23T14:02:57+00:00","article_modified_time":"2025-09-05T05:40:47+00:00","og_image":[{"width":1200,"height":679,"url":"https:\/\/regbu.com\/wp-content\/uploads\/2023\/07\/styl-bryly-musi-ladit-s-vasim-oblicejem.jpg","type":"image\/jpeg"}],"author":"George Martin","twitter_card":"summary_large_image","twitter_misc":{"Scritto da":"George Martin","Tempo di lettura stimato":"2 minuti"},"schema":{"@context":"https:\/\/schema.org","@graph":[{"@type":"Article","@id":"https:\/\/regbu.com\/it\/stile-bryli-dovra-essere-abbinato-alla-tua-faccia\/#article","isPartOf":{"@id":"https:\/\/regbu.com\/it\/stile-bryli-dovra-essere-abbinato-alla-tua-faccia\/"},"author":{"name":"George Martin","@id":"https:\/\/regbu.com\/en\/#\/schema\/person\/94ea9deda2629771b8a9ced002f6784e"},"headline":"Styl br\u00fdl\u00ed mus\u00ed ladit s Va\u0161\u00edm obli\u010dejem","datePublished":"2023-07-23T14:02:57+00:00","dateModified":"2025-09-05T05:40:47+00:00","mainEntityOfPage":{"@id":"https:\/\/regbu.com\/it\/stile-bryli-dovra-essere-abbinato-alla-tua-faccia\/"},"wordCount":455,"image":{"@id":"https:\/\/regbu.com\/it\/stile-bryli-dovra-essere-abbinato-alla-tua-faccia\/#primaryimage"},"thumbnailUrl":"https:\/\/regbu.com\/wp-content\/uploads\/2023\/07\/styl-bryly-musi-ladit-s-vasim-oblicejem.jpg","keywords":["barva","br\u00fdle","kulat\u00fd","obli\u010dej","obrou\u010dek","obrou\u010dky","ov\u00e1ln\u00fd","srdce","styl br\u00fdl\u00ed","tvar","tvar obli\u010deje","zabarven\u00ed"],"articleSection":["M\u00f3da"],"inLanguage":"it-IT"},{"@type":"WebPage","@id":"https:\/\/regbu.com\/it\/stile-bryli-dovra-essere-abbinato-alla-tua-faccia\/","url":"https:\/\/regbu.com\/it\/stile-bryli-dovra-essere-abbinato-alla-tua-faccia\/","name":"Lo stile degli occhiali deve essere adatto al vostro viso - REGBU.COM","isPartOf":{"@id":"https:\/\/regbu.com\/en\/#website"},"primaryImageOfPage":{"@id":"https:\/\/regbu.com\/it\/stile-bryli-dovra-essere-abbinato-alla-tua-faccia\/#primaryimage"},"image":{"@id":"https:\/\/regbu.com\/it\/stile-bryli-dovra-essere-abbinato-alla-tua-faccia\/#primaryimage"},"thumbnailUrl":"https:\/\/regbu.com\/wp-content\/uploads\/2023\/07\/styl-bryly-musi-ladit-s-vasim-oblicejem.jpg","datePublished":"2023-07-23T14:02:57+00:00","dateModified":"2025-09-05T05:40:47+00:00","author":{"@id":"https:\/\/regbu.com\/en\/#\/schema\/person\/94ea9deda2629771b8a9ced002f6784e"},"description":"Lo stile degli occhiali \u00e8 una questione infinita. Scoprite quali montature vi calzano a pennello in base alla forma del vostro viso.","breadcrumb":{"@id":"https:\/\/regbu.com\/it\/stile-bryli-dovra-essere-abbinato-alla-tua-faccia\/#breadcrumb"},"inLanguage":"it-IT","potentialAction":[{"@type":"ReadAction","target":["https:\/\/regbu.com\/it\/stile-bryli-dovra-essere-abbinato-alla-tua-faccia\/"]}]},{"@type":"ImageObject","inLanguage":"it-IT","@id":"https:\/\/regbu.com\/it\/stile-bryli-dovra-essere-abbinato-alla-tua-faccia\/#primaryimage","url":"https:\/\/regbu.com\/wp-content\/uploads\/2023\/07\/styl-bryly-musi-ladit-s-vasim-oblicejem.jpg","contentUrl":"https:\/\/regbu.com\/wp-content\/uploads\/2023\/07\/styl-bryly-musi-ladit-s-vasim-oblicejem.jpg","width":1200,"height":679,"caption":"Styl br\u00fdl\u00ed mus\u00ed ladit s Va\u0161\u00edm obli\u010dejem"},{"@type":"BreadcrumbList","@id":"https:\/\/regbu.com\/it\/stile-bryli-dovra-essere-abbinato-alla-tua-faccia\/#breadcrumb","itemListElement":[{"@type":"ListItem","position":1,"name":"Home","item":"https:\/\/regbu.com\/en\/"},{"@type":"ListItem","position":2,"name":"Styl br\u00fdl\u00ed mus\u00ed ladit s Va\u0161\u00edm obli\u010dejem"}]},{"@type":"WebSite","@id":"https:\/\/regbu.com\/en\/#website","url":"https:\/\/regbu.com\/en\/","name":"REGBU.COM","description":"","potentialAction":[{"@type":"SearchAction","target":{"@type":"EntryPoint","urlTemplate":"https:\/\/regbu.com\/en\/?s={search_term_string}"},"query-input":{"@type":"PropertyValueSpecification","valueRequired":true,"valueName":"search_term_string"}}],"inLanguage":"it-IT"},{"@type":"Person","@id":"https:\/\/regbu.com\/en\/#\/schema\/person\/94ea9deda2629771b8a9ced002f6784e","name":"George Martin","url":"https:\/\/regbu.com\/it\/author\/george-martin\/"}]}},"_links":{"self":[{"href":"https:\/\/regbu.com\/it\/wp-json\/wp\/v2\/posts\/1224","targetHints":{"allow":["GET"]}}],"collection":[{"href":"https:\/\/regbu.com\/it\/wp-json\/wp\/v2\/posts"}],"about":[{"href":"https:\/\/regbu.com\/it\/wp-json\/wp\/v2\/types\/post"}],"author":[{"embeddable":true,"href":"https:\/\/regbu.com\/it\/wp-json\/wp\/v2\/users\/2"}],"replies":[{"embeddable":true,"href":"https:\/\/regbu.com\/it\/wp-json\/wp\/v2\/comments?post=1224"}],"version-history":[{"count":2,"href":"https:\/\/regbu.com\/it\/wp-json\/wp\/v2\/posts\/1224\/revisions"}],"predecessor-version":[{"id":1233,"href":"https:\/\/regbu.com\/it\/wp-json\/wp\/v2\/posts\/1224\/revisions\/1233"}],"wp:featuredmedia":[{"embeddable":true,"href":"https:\/\/regbu.com\/it\/wp-json\/wp\/v2\/media\/1225"}],"wp:attachment":[{"href":"https:\/\/regbu.com\/it\/wp-json\/wp\/v2\/media?parent=1224"}],"wp:term":[{"taxonomy":"category","embeddable":true,"href":"https:\/\/regbu.com\/it\/wp-json\/wp\/v2\/categories?post=1224"},{"taxonomy":"post_tag","embeddable":true,"href":"https:\/\/regbu.com\/it\/wp-json\/wp\/v2\/tags?post=1224"}],"curies":[{"name":"wp","href":"https:\/\/api.w.org\/{rel}","templated":true}]}}